{"id":2881,"date":"2011-02-17T08:38:12","date_gmt":"2011-02-17T12:38:12","guid":{"rendered":"http:\/\/www.deputadovander.com.br\/website\/?p=2881"},"modified":"2011-02-17T08:38:12","modified_gmt":"2011-02-17T12:38:12","slug":"salario-trabalhador-conquista-valorizacao-real-e-definitiva-diz-vander","status":"publish","type":"post","link":"https:\/\/vanderloubet.com.br\/deputado\/salario-trabalhador-conquista-valorizacao-real-e-definitiva-diz-vander\/","title":{"rendered":"Sal\u00e1rio: trabalhador conquista valoriza\u00e7\u00e3o real e definitiva, diz Vander"},"content":{"rendered":"<p style=\"text-align: center;\">\n<figure id=\"attachment_2882\" aria-describedby=\"caption-attachment-2882\" style=\"width: 320px\" class=\"wp-caption aligncenter\"><a href=\"http:\/\/www.deputadovander.com.br\/website\/wp-content\/uploads\/2011\/02\/foto-2011-02-17-vander-plenario.jpg\" target=\"_blank\"><img decoding=\"async\" class=\"size-medium wp-image-2882 \" title=\"foto-2011-02-17-vander-plenario\" src=\"http:\/\/www.deputadovander.com.br\/website\/wp-content\/uploads\/2011\/02\/foto-2011-02-17-vander-plenario-320x400.jpg\" alt=\"Deputado Federal Vander Loubet\" width=\"320\" height=\"400\" \/><\/a><figcaption id=\"caption-attachment-2882\" class=\"wp-caption-text\">Deputado Federal Vander Loubet (clique p\/ ampliar)<\/figcaption><\/figure>\n<\/p>\n<p>Aprovada pela C\u00e2mara dos Deputados e dependendo ainda da aprova\u00e7\u00e3o do Senado, a Medida Provis\u00f3ria que fixa o sal\u00e1rio m\u00ednimo em R$ 545,00 \u00e9 o primeiro passo de um processo que regula e consolida a valoriza\u00e7\u00e3o real da remunera\u00e7\u00e3o dos trabalhadores. A opini\u00e3o \u00e9 do deputado federal Vander Loubet (PT-MS), ao comentar o resultado da vota\u00e7\u00e3o simb\u00f3lica na noite de quarta-feira (16).<\/p>\n<p>&#8220;A aprova\u00e7\u00e3o da MP n\u00e3o significa apenas um reajuste do m\u00ednimo para R$ 545,00 a partir de mar\u00e7o deste ano. A conquista do trabalhador brasileiro \u00e9 muito mais ampla e duradoura, porque a partir de agora e at\u00e9  2015 o Pais ter\u00e1 uma pol\u00edtica salarial definida, dentro de par\u00e2metros pr\u00e9-estabelecidos e de valoriza\u00e7\u00e3o inquestion\u00e1vel dos ganhos e da capacidade do poder aquisitivo da massa assalariada&#8221;, enfatizou Vander.<\/p>\n<p>O parlamentar petista refere-se aos crit\u00e9rios que, a partir da aprova\u00e7\u00e3o do Congresso, definem a escalada de valoriza\u00e7\u00e3o do sal\u00e1rio m\u00ednimo at\u00e9 2015, j\u00e1 com a previs\u00e3o de aumento do sal\u00e1rio para R$ 616,00 em janeiro de 2012. Da\u00ed em diante, de acordo com a proposta do Governo, os aumentos ser\u00e3o baseados na reposi\u00e7\u00e3o inflacion\u00e1ria pelo \u00cdndice Nacional de Pre\u00e7os ao Consumidor (INPC) e no aumento real pela taxa do Produto Interno Bruto (PIB) dos dois anos anteriores. &#8220;O v\u00ednculo do reajuste ao PIB vai trazer um aumento real na esteira da estabilidade econ\u00f4mica do Brasil&#8221;, afirmou o deputado.<\/p>\n<p><strong>No palanque<\/strong><\/p>\n<p>Sobre as propostas do PSDB (que defendia um m\u00ednimo de R$ 600,00) e do DEM (que advogava R$ 560,00), ambas rejeitadas pela maioria governista, Vander disse estranhar a sistem\u00e1tica insist\u00eancia oposicionista em ignorar a realidade e demorar a descer do palanque. &#8220;Jogar para a plat\u00e9ia \u00e9 f\u00e1cil. Mas esses partidos governaram o Pa\u00eds antes do Lula, tiveram nas m\u00e3os todos os instrumentos para dar aos trabalhadores uma pol\u00edtica definitiva e s\u00f3lida de valoriza\u00e7\u00e3o do m\u00ednimo. N\u00e3o o fizeram, n\u00e3o tiveram esse compromisso. E agora insistem em permanecer no palanque. Muito triste&#8221;, lamentou.<\/p>\n<p>Vander real\u00e7a a diferen\u00e7a de postura entre os governos, citando a necessidade de ter coragem para enfrentar e assumir grandes desafios, como fez o presidente Lula e est\u00e1 fazendo a presidenta Dilma Rousseff. &#8220;A busca de valoriza\u00e7\u00e3o real e definitiva do sal\u00e1rio m\u00ednimo j\u00e1 vinha acontecendo desde o governo Lula, inclusive dentro de um acordo com as centrais sindicais&#8221;, lembrou. &#8220;E agora, al\u00e9m da conquista do ganho salarial progressivo, temos um cen\u00e1rio mais favor\u00e1vel para lutar por outras demandas trabalhistas, como o ajuste da tabela do Imposto de Renda (IR), a carga de trabalho de 40 horas semanais e o fim do fator previdenci\u00e1rio&#8221;.<\/p>\n<p>Ao concluir, o deputado sul-mato-grossense destacou a for\u00e7a do bloco governista, que garantiu a aprova\u00e7\u00e3o da MP. &#8220;Foi um grande teste no in\u00edcio de governo e serviu para indicar a solidez da nossa base de apoio na C\u00e2mara. Queremos que essa sustenta\u00e7\u00e3o signifique novas vit\u00f3rias para o conjunto da sociedade brasileira, avan\u00e7ando e ampliando as conquistas que foram implementadas no governo Lula&#8221;, considerou. Dos oito deputados federais de Mato Grosso do Sul, apenas dois votaram contra a MP: Luiz Henrique Mandetta (DEM) e Reinaldo Azambuja (PSDB).<\/p>\n<p><small>(Edson Moraes &#8211; Assessoria de Comunica\u00e7\u00e3o)<\/small><\/p>\n","protected":false},"excerpt":{"rendered":"<p>Segundo deputado, MP que fixa m\u00ednimo em R$ 545 \u00e9 primeiro passo para regular e consolidar valoriza\u00e7\u00e3o da remunera\u00e7\u00e3o.<\/p>\n","protected":false},"author":2,"featured_media":0,"comment_status":"open","ping_status":"open","sticky":false,"template":"","format":"standard","meta":{"jetpack_post_was_ever_published":false,"_jetpack_newsletter_access":"","_jetpack_dont_email_post_to_subs":false,"_jetpack_newsletter_tier_id":0,"_jetpack_memberships_contains_paywalled_content":false,"_jetpack_memberships_contains_paid_content":false,"footnotes":""},"categories":[10],"tags":[332,502,608,631,807,1178,1189,1301,1757,1774,1822,2033],"class_list":{"0":"post-2881","1":"post","2":"type-post","3":"status-publish","4":"format-standard","6":"category-noticias","7":"tag-camara","8":"tag-congresso","9":"tag-deputado","10":"tag-dilma","11":"tag-federal","12":"tag-loubet","13":"tag-lula","14":"tag-minimo","15":"tag-rousseff","16":"tag-salario","17":"tag-senado","18":"tag-vander"},"yoast_head":"<!-- This site is optimized with the Yoast SEO plugin v27.4 - https:\/\/yoast.com\/product\/yoast-seo-wordpress\/ -->\n<title>Sal\u00e1rio: trabalhador conquista valoriza\u00e7\u00e3o real e definitiva, diz Vander<\/title>\n<meta name=\"robots\" content=\"index, follow, max-snippet:-1, max-image-preview:large, max-video-preview:-1\" \/>\n<link rel=\"canonical\" href=\"https:\/\/vanderloubet.com.br\/deputado\/salario-trabalhador-conquista-valorizacao-real-e-definitiva-diz-vander\/\" \/>\n<meta property=\"og:locale\" content=\"pt_BR\" \/>\n<meta property=\"og:type\" content=\"article\" \/>\n<meta property=\"og:title\" content=\"Sal\u00e1rio: trabalhador conquista valoriza\u00e7\u00e3o real e definitiva, diz Vander\" \/>\n<meta property=\"og:description\" content=\"Segundo deputado, MP que fixa m\u00ednimo em R$ 545 \u00e9 primeiro passo para regular e consolidar valoriza\u00e7\u00e3o da remunera\u00e7\u00e3o.\" \/>\n<meta property=\"og:url\" content=\"https:\/\/vanderloubet.com.br\/deputado\/salario-trabalhador-conquista-valorizacao-real-e-definitiva-diz-vander\/\" \/>\n<meta property=\"og:site_name\" content=\"Deputado Federal Vander Loubet\" \/>\n<meta property=\"article:publisher\" content=\"https:\/\/facebook.com\/deputadovander\" \/>\n<meta property=\"article:published_time\" content=\"2011-02-17T12:38:12+00:00\" \/>\n<meta property=\"og:image\" content=\"http:\/\/www.deputadovander.com.br\/website\/wp-content\/uploads\/2011\/02\/foto-2011-02-17-vander-plenario-320x400.jpg\" \/>\n<meta name=\"author\" content=\"\u00c9der\" \/>\n<meta name=\"twitter:card\" content=\"summary_large_image\" \/>\n<meta name=\"twitter:creator\" content=\"@vanderloubet\" \/>\n<meta name=\"twitter:site\" content=\"@vanderloubet\" \/>\n<script type=\"application\/ld+json\" class=\"yoast-schema-graph\">{\"@context\":\"https:\\\/\\\/schema.org\",\"@graph\":[{\"@type\":\"Article\",\"@id\":\"https:\\\/\\\/vanderloubet.com.br\\\/deputado\\\/salario-trabalhador-conquista-valorizacao-real-e-definitiva-diz-vander\\\/#article\",\"isPartOf\":{\"@id\":\"https:\\\/\\\/vanderloubet.com.br\\\/deputado\\\/salario-trabalhador-conquista-valorizacao-real-e-definitiva-diz-vander\\\/\"},\"author\":{\"name\":\"\u00c9der\",\"@id\":\"https:\\\/\\\/vanderloubet.com.br\\\/deputado\\\/#\\\/schema\\\/person\\\/15b51bd564532a8a68d9dec1b8eb890e\"},\"headline\":\"Sal\u00e1rio: trabalhador conquista valoriza\u00e7\u00e3o real e definitiva, diz Vander\",\"datePublished\":\"2011-02-17T12:38:12+00:00\",\"mainEntityOfPage\":{\"@id\":\"https:\\\/\\\/vanderloubet.com.br\\\/deputado\\\/salario-trabalhador-conquista-valorizacao-real-e-definitiva-diz-vander\\\/\"},\"wordCount\":592,\"commentCount\":0,\"publisher\":{\"@id\":\"https:\\\/\\\/vanderloubet.com.br\\\/deputado\\\/#organization\"},\"image\":{\"@id\":\"https:\\\/\\\/vanderloubet.com.br\\\/deputado\\\/salario-trabalhador-conquista-valorizacao-real-e-definitiva-diz-vander\\\/#primaryimage\"},\"thumbnailUrl\":\"http:\\\/\\\/www.deputadovander.com.br\\\/website\\\/wp-content\\\/uploads\\\/2011\\\/02\\\/foto-2011-02-17-vander-plenario-320x400.jpg\",\"keywords\":[\"c\u00e2mara\",\"congresso\",\"deputado\",\"dilma\",\"federal\",\"loubet\",\"lula\",\"m\u00ednimo\",\"rousseff\",\"sal\u00e1rio\",\"senado\",\"vander\"],\"articleSection\":[\"Not\u00edcias\"],\"inLanguage\":\"pt-BR\",\"potentialAction\":[{\"@type\":\"CommentAction\",\"name\":\"Comment\",\"target\":[\"https:\\\/\\\/vanderloubet.com.br\\\/deputado\\\/salario-trabalhador-conquista-valorizacao-real-e-definitiva-diz-vander\\\/#respond\"]}]},{\"@type\":\"WebPage\",\"@id\":\"https:\\\/\\\/vanderloubet.com.br\\\/deputado\\\/salario-trabalhador-conquista-valorizacao-real-e-definitiva-diz-vander\\\/\",\"url\":\"https:\\\/\\\/vanderloubet.com.br\\\/deputado\\\/salario-trabalhador-conquista-valorizacao-real-e-definitiva-diz-vander\\\/\",\"name\":\"Sal\u00e1rio: trabalhador conquista valoriza\u00e7\u00e3o real e definitiva, diz Vander\",\"isPartOf\":{\"@id\":\"https:\\\/\\\/vanderloubet.com.br\\\/deputado\\\/#website\"},\"primaryImageOfPage\":{\"@id\":\"https:\\\/\\\/vanderloubet.com.br\\\/deputado\\\/salario-trabalhador-conquista-valorizacao-real-e-definitiva-diz-vander\\\/#primaryimage\"},\"image\":{\"@id\":\"https:\\\/\\\/vanderloubet.com.br\\\/deputado\\\/salario-trabalhador-conquista-valorizacao-real-e-definitiva-diz-vander\\\/#primaryimage\"},\"thumbnailUrl\":\"http:\\\/\\\/www.deputadovander.com.br\\\/website\\\/wp-content\\\/uploads\\\/2011\\\/02\\\/foto-2011-02-17-vander-plenario-320x400.jpg\",\"datePublished\":\"2011-02-17T12:38:12+00:00\",\"breadcrumb\":{\"@id\":\"https:\\\/\\\/vanderloubet.com.br\\\/deputado\\\/salario-trabalhador-conquista-valorizacao-real-e-definitiva-diz-vander\\\/#breadcrumb\"},\"inLanguage\":\"pt-BR\",\"potentialAction\":[{\"@type\":\"ReadAction\",\"target\":[\"https:\\\/\\\/vanderloubet.com.br\\\/deputado\\\/salario-trabalhador-conquista-valorizacao-real-e-definitiva-diz-vander\\\/\"]}]},{\"@type\":\"ImageObject\",\"inLanguage\":\"pt-BR\",\"@id\":\"https:\\\/\\\/vanderloubet.com.br\\\/deputado\\\/salario-trabalhador-conquista-valorizacao-real-e-definitiva-diz-vander\\\/#primaryimage\",\"url\":\"http:\\\/\\\/www.deputadovander.com.br\\\/website\\\/wp-content\\\/uploads\\\/2011\\\/02\\\/foto-2011-02-17-vander-plenario-320x400.jpg\",\"contentUrl\":\"http:\\\/\\\/www.deputadovander.com.br\\\/website\\\/wp-content\\\/uploads\\\/2011\\\/02\\\/foto-2011-02-17-vander-plenario-320x400.jpg\"},{\"@type\":\"BreadcrumbList\",\"@id\":\"https:\\\/\\\/vanderloubet.com.br\\\/deputado\\\/salario-trabalhador-conquista-valorizacao-real-e-definitiva-diz-vander\\\/#breadcrumb\",\"itemListElement\":[{\"@type\":\"ListItem\",\"position\":1,\"name\":\"In\u00edcio\",\"item\":\"https:\\\/\\\/vanderloubet.com.br\\\/deputado\\\/\"},{\"@type\":\"ListItem\",\"position\":2,\"name\":\"Sal\u00e1rio: trabalhador conquista valoriza\u00e7\u00e3o real e definitiva, diz Vander\"}]},{\"@type\":\"WebSite\",\"@id\":\"https:\\\/\\\/vanderloubet.com.br\\\/deputado\\\/#website\",\"url\":\"https:\\\/\\\/vanderloubet.com.br\\\/deputado\\\/\",\"name\":\"Deputado Federal Vander Loubet\",\"description\":\"O Federal de MS\",\"publisher\":{\"@id\":\"https:\\\/\\\/vanderloubet.com.br\\\/deputado\\\/#organization\"},\"alternateName\":\"Deputado Vander\",\"potentialAction\":[{\"@type\":\"SearchAction\",\"target\":{\"@type\":\"EntryPoint\",\"urlTemplate\":\"https:\\\/\\\/vanderloubet.com.br\\\/deputado\\\/?s={search_term_string}\"},\"query-input\":{\"@type\":\"PropertyValueSpecification\",\"valueRequired\":true,\"valueName\":\"search_term_string\"}}],\"inLanguage\":\"pt-BR\"},{\"@type\":\"Organization\",\"@id\":\"https:\\\/\\\/vanderloubet.com.br\\\/deputado\\\/#organization\",\"name\":\"Deputado Federal Vander Loubet\",\"alternateName\":\"Deputado Vander\",\"url\":\"https:\\\/\\\/vanderloubet.com.br\\\/deputado\\\/\",\"logo\":{\"@type\":\"ImageObject\",\"inLanguage\":\"pt-BR\",\"@id\":\"https:\\\/\\\/vanderloubet.com.br\\\/deputado\\\/#\\\/schema\\\/logo\\\/image\\\/\",\"url\":\"https:\\\/\\\/vanderloubet.com.br\\\/deputado\\\/wp-content\\\/uploads\\\/2023\\\/06\\\/foto-2023-06-19-mandato-deputado-vander.jpg\",\"contentUrl\":\"https:\\\/\\\/vanderloubet.com.br\\\/deputado\\\/wp-content\\\/uploads\\\/2023\\\/06\\\/foto-2023-06-19-mandato-deputado-vander.jpg\",\"width\":1080,\"height\":1080,\"caption\":\"Deputado Federal Vander Loubet\"},\"image\":{\"@id\":\"https:\\\/\\\/vanderloubet.com.br\\\/deputado\\\/#\\\/schema\\\/logo\\\/image\\\/\"},\"sameAs\":[\"https:\\\/\\\/facebook.com\\\/deputadovander\",\"https:\\\/\\\/x.com\\\/vanderloubet\",\"https:\\\/\\\/instagram.com\\\/vanderloubet\",\"https:\\\/\\\/youtube.com\\\/vanderloubet\",\"https:\\\/\\\/tiktok.com\\\/@vanderloubetms\"]},{\"@type\":\"Person\",\"@id\":\"https:\\\/\\\/vanderloubet.com.br\\\/deputado\\\/#\\\/schema\\\/person\\\/15b51bd564532a8a68d9dec1b8eb890e\",\"name\":\"\u00c9der\",\"image\":{\"@type\":\"ImageObject\",\"inLanguage\":\"pt-BR\",\"@id\":\"https:\\\/\\\/vanderloubet.com.br\\\/deputado\\\/wp-content\\\/litespeed\\\/avatar\\\/88ca4090d9d5ab1c9495f6ca03b68efa.jpg?ver=1777058957\",\"url\":\"https:\\\/\\\/vanderloubet.com.br\\\/deputado\\\/wp-content\\\/litespeed\\\/avatar\\\/88ca4090d9d5ab1c9495f6ca03b68efa.jpg?ver=1777058957\",\"contentUrl\":\"https:\\\/\\\/vanderloubet.com.br\\\/deputado\\\/wp-content\\\/litespeed\\\/avatar\\\/88ca4090d9d5ab1c9495f6ca03b68efa.jpg?ver=1777058957\",\"caption\":\"\u00c9der\"}}]}<\/script>\n<!-- \/ Yoast SEO plugin. -->","yoast_head_json":{"title":"Sal\u00e1rio: trabalhador conquista valoriza\u00e7\u00e3o real e definitiva, diz Vander","robots":{"index":"index","follow":"follow","max-snippet":"max-snippet:-1","max-image-preview":"max-image-preview:large","max-video-preview":"max-video-preview:-1"},"canonical":"https:\/\/vanderloubet.com.br\/deputado\/salario-trabalhador-conquista-valorizacao-real-e-definitiva-diz-vander\/","og_locale":"pt_BR","og_type":"article","og_title":"Sal\u00e1rio: trabalhador conquista valoriza\u00e7\u00e3o real e definitiva, diz Vander","og_description":"Segundo deputado, MP que fixa m\u00ednimo em R$ 545 \u00e9 primeiro passo para regular e consolidar valoriza\u00e7\u00e3o da remunera\u00e7\u00e3o.","og_url":"https:\/\/vanderloubet.com.br\/deputado\/salario-trabalhador-conquista-valorizacao-real-e-definitiva-diz-vander\/","og_site_name":"Deputado Federal Vander Loubet","article_publisher":"https:\/\/facebook.com\/deputadovander","article_published_time":"2011-02-17T12:38:12+00:00","og_image":[{"url":"http:\/\/www.deputadovander.com.br\/website\/wp-content\/uploads\/2011\/02\/foto-2011-02-17-vander-plenario-320x400.jpg","type":"","width":"","height":""}],"author":"\u00c9der","twitter_card":"summary_large_image","twitter_creator":"@vanderloubet","twitter_site":"@vanderloubet","schema":{"@context":"https:\/\/schema.org","@graph":[{"@type":"Article","@id":"https:\/\/vanderloubet.com.br\/deputado\/salario-trabalhador-conquista-valorizacao-real-e-definitiva-diz-vander\/#article","isPartOf":{"@id":"https:\/\/vanderloubet.com.br\/deputado\/salario-trabalhador-conquista-valorizacao-real-e-definitiva-diz-vander\/"},"author":{"name":"\u00c9der","@id":"https:\/\/vanderloubet.com.br\/deputado\/#\/schema\/person\/15b51bd564532a8a68d9dec1b8eb890e"},"headline":"Sal\u00e1rio: trabalhador conquista valoriza\u00e7\u00e3o real e definitiva, diz Vander","datePublished":"2011-02-17T12:38:12+00:00","mainEntityOfPage":{"@id":"https:\/\/vanderloubet.com.br\/deputado\/salario-trabalhador-conquista-valorizacao-real-e-definitiva-diz-vander\/"},"wordCount":592,"commentCount":0,"publisher":{"@id":"https:\/\/vanderloubet.com.br\/deputado\/#organization"},"image":{"@id":"https:\/\/vanderloubet.com.br\/deputado\/salario-trabalhador-conquista-valorizacao-real-e-definitiva-diz-vander\/#primaryimage"},"thumbnailUrl":"http:\/\/www.deputadovander.com.br\/website\/wp-content\/uploads\/2011\/02\/foto-2011-02-17-vander-plenario-320x400.jpg","keywords":["c\u00e2mara","congresso","deputado","dilma","federal","loubet","lula","m\u00ednimo","rousseff","sal\u00e1rio","senado","vander"],"articleSection":["Not\u00edcias"],"inLanguage":"pt-BR","potentialAction":[{"@type":"CommentAction","name":"Comment","target":["https:\/\/vanderloubet.com.br\/deputado\/salario-trabalhador-conquista-valorizacao-real-e-definitiva-diz-vander\/#respond"]}]},{"@type":"WebPage","@id":"https:\/\/vanderloubet.com.br\/deputado\/salario-trabalhador-conquista-valorizacao-real-e-definitiva-diz-vander\/","url":"https:\/\/vanderloubet.com.br\/deputado\/salario-trabalhador-conquista-valorizacao-real-e-definitiva-diz-vander\/","name":"Sal\u00e1rio: trabalhador conquista valoriza\u00e7\u00e3o real e definitiva, diz Vander","isPartOf":{"@id":"https:\/\/vanderloubet.com.br\/deputado\/#website"},"primaryImageOfPage":{"@id":"https:\/\/vanderloubet.com.br\/deputado\/salario-trabalhador-conquista-valorizacao-real-e-definitiva-diz-vander\/#primaryimage"},"image":{"@id":"https:\/\/vanderloubet.com.br\/deputado\/salario-trabalhador-conquista-valorizacao-real-e-definitiva-diz-vander\/#primaryimage"},"thumbnailUrl":"http:\/\/www.deputadovander.com.br\/website\/wp-content\/uploads\/2011\/02\/foto-2011-02-17-vander-plenario-320x400.jpg","datePublished":"2011-02-17T12:38:12+00:00","breadcrumb":{"@id":"https:\/\/vanderloubet.com.br\/deputado\/salario-trabalhador-conquista-valorizacao-real-e-definitiva-diz-vander\/#breadcrumb"},"inLanguage":"pt-BR","potentialAction":[{"@type":"ReadAction","target":["https:\/\/vanderloubet.com.br\/deputado\/salario-trabalhador-conquista-valorizacao-real-e-definitiva-diz-vander\/"]}]},{"@type":"ImageObject","inLanguage":"pt-BR","@id":"https:\/\/vanderloubet.com.br\/deputado\/salario-trabalhador-conquista-valorizacao-real-e-definitiva-diz-vander\/#primaryimage","url":"http:\/\/www.deputadovander.com.br\/website\/wp-content\/uploads\/2011\/02\/foto-2011-02-17-vander-plenario-320x400.jpg","contentUrl":"http:\/\/www.deputadovander.com.br\/website\/wp-content\/uploads\/2011\/02\/foto-2011-02-17-vander-plenario-320x400.jpg"},{"@type":"BreadcrumbList","@id":"https:\/\/vanderloubet.com.br\/deputado\/salario-trabalhador-conquista-valorizacao-real-e-definitiva-diz-vander\/#breadcrumb","itemListElement":[{"@type":"ListItem","position":1,"name":"In\u00edcio","item":"https:\/\/vanderloubet.com.br\/deputado\/"},{"@type":"ListItem","position":2,"name":"Sal\u00e1rio: trabalhador conquista valoriza\u00e7\u00e3o real e definitiva, diz Vander"}]},{"@type":"WebSite","@id":"https:\/\/vanderloubet.com.br\/deputado\/#website","url":"https:\/\/vanderloubet.com.br\/deputado\/","name":"Deputado Federal Vander Loubet","description":"O Federal de MS","publisher":{"@id":"https:\/\/vanderloubet.com.br\/deputado\/#organization"},"alternateName":"Deputado Vander","potentialAction":[{"@type":"SearchAction","target":{"@type":"EntryPoint","urlTemplate":"https:\/\/vanderloubet.com.br\/deputado\/?s={search_term_string}"},"query-input":{"@type":"PropertyValueSpecification","valueRequired":true,"valueName":"search_term_string"}}],"inLanguage":"pt-BR"},{"@type":"Organization","@id":"https:\/\/vanderloubet.com.br\/deputado\/#organization","name":"Deputado Federal Vander Loubet","alternateName":"Deputado Vander","url":"https:\/\/vanderloubet.com.br\/deputado\/","logo":{"@type":"ImageObject","inLanguage":"pt-BR","@id":"https:\/\/vanderloubet.com.br\/deputado\/#\/schema\/logo\/image\/","url":"https:\/\/vanderloubet.com.br\/deputado\/wp-content\/uploads\/2023\/06\/foto-2023-06-19-mandato-deputado-vander.jpg","contentUrl":"https:\/\/vanderloubet.com.br\/deputado\/wp-content\/uploads\/2023\/06\/foto-2023-06-19-mandato-deputado-vander.jpg","width":1080,"height":1080,"caption":"Deputado Federal Vander Loubet"},"image":{"@id":"https:\/\/vanderloubet.com.br\/deputado\/#\/schema\/logo\/image\/"},"sameAs":["https:\/\/facebook.com\/deputadovander","https:\/\/x.com\/vanderloubet","https:\/\/instagram.com\/vanderloubet","https:\/\/youtube.com\/vanderloubet","https:\/\/tiktok.com\/@vanderloubetms"]},{"@type":"Person","@id":"https:\/\/vanderloubet.com.br\/deputado\/#\/schema\/person\/15b51bd564532a8a68d9dec1b8eb890e","name":"\u00c9der","image":{"@type":"ImageObject","inLanguage":"pt-BR","@id":"https:\/\/vanderloubet.com.br\/deputado\/wp-content\/litespeed\/avatar\/88ca4090d9d5ab1c9495f6ca03b68efa.jpg?ver=1777058957","url":"https:\/\/vanderloubet.com.br\/deputado\/wp-content\/litespeed\/avatar\/88ca4090d9d5ab1c9495f6ca03b68efa.jpg?ver=1777058957","contentUrl":"https:\/\/vanderloubet.com.br\/deputado\/wp-content\/litespeed\/avatar\/88ca4090d9d5ab1c9495f6ca03b68efa.jpg?ver=1777058957","caption":"\u00c9der"}}]}},"jetpack_featured_media_url":"","jetpack_sharing_enabled":true,"_links":{"self":[{"href":"https:\/\/vanderloubet.com.br\/deputado\/wp-json\/wp\/v2\/posts\/2881","targetHints":{"allow":["GET"]}}],"collection":[{"href":"https:\/\/vanderloubet.com.br\/deputado\/wp-json\/wp\/v2\/posts"}],"about":[{"href":"https:\/\/vanderloubet.com.br\/deputado\/wp-json\/wp\/v2\/types\/post"}],"author":[{"embeddable":true,"href":"https:\/\/vanderloubet.com.br\/deputado\/wp-json\/wp\/v2\/users\/2"}],"replies":[{"embeddable":true,"href":"https:\/\/vanderloubet.com.br\/deputado\/wp-json\/wp\/v2\/comments?post=2881"}],"version-history":[{"count":0,"href":"https:\/\/vanderloubet.com.br\/deputado\/wp-json\/wp\/v2\/posts\/2881\/revisions"}],"wp:attachment":[{"href":"https:\/\/vanderloubet.com.br\/deputado\/wp-json\/wp\/v2\/media?parent=2881"}],"wp:term":[{"taxonomy":"category","embeddable":true,"href":"https:\/\/vanderloubet.com.br\/deputado\/wp-json\/wp\/v2\/categories?post=2881"},{"taxonomy":"post_tag","embeddable":true,"href":"https:\/\/vanderloubet.com.br\/deputado\/wp-json\/wp\/v2\/tags?post=2881"}],"curies":[{"name":"wp","href":"https:\/\/api.w.org\/{rel}","templated":true}]}}