{"id":2862,"date":"2011-02-11T15:11:57","date_gmt":"2011-02-11T19:11:57","guid":{"rendered":"http:\/\/www.deputadovander.com.br\/website\/?p=2862"},"modified":"2011-02-11T15:11:57","modified_gmt":"2011-02-11T19:11:57","slug":"cortes-no-orcamento-visam-estabilidade-afirma-vander","status":"publish","type":"post","link":"https:\/\/vanderloubet.com.br\/deputado\/cortes-no-orcamento-visam-estabilidade-afirma-vander\/","title":{"rendered":"Cortes no Or\u00e7amento visam estabilidade, afirma Vander"},"content":{"rendered":"<p style=\"text-align: center;\">\n<figure id=\"attachment_2863\" aria-describedby=\"caption-attachment-2863\" style=\"width: 400px\" class=\"wp-caption aligncenter\"><a href=\"http:\/\/www.deputadovander.com.br\/website\/wp-content\/uploads\/2011\/02\/foto-2011-02-11-vander-padilha.jpg\" target=\"_blank\"><img decoding=\"async\" class=\"size-medium wp-image-2863 \" title=\"foto-2011-02-11-vander-padilha\" src=\"http:\/\/www.deputadovander.com.br\/website\/wp-content\/uploads\/2011\/02\/foto-2011-02-11-vander-padilha-400x266.jpg\" alt=\"Deputado Vander Loubet e ministro Padilha\" width=\"400\" height=\"266\" \/><\/a><figcaption id=\"caption-attachment-2863\" class=\"wp-caption-text\">Deputado Vander Loubet e ministro Padilha (clique p\/ ampliar)<\/figcaption><\/figure>\n<\/p>\n<p>Ao comentar o an\u00fancio do Governo Federal de cortar R$ 50 bilh\u00f5es do Or\u00e7amento da Uni\u00e3o para 2011, o deputado federal Vander Loubet (PT-MS) afirmou que a medida \u00e9 necess\u00e1ria nesse momento, mas acredita que no segundo semestre, com a volta do equil\u00edbrio das contas p\u00fablicas, os investimentos governamentais voltar\u00e3o aos n\u00edveis dos anos anteriores.<\/p>\n<p>&#8220;A presidenta Dilma segue o caminho correto, com serenidade. N\u00e3o age de forma demag\u00f3gica. Ela quer solidez na pol\u00edtica monet\u00e1ria com o equil\u00edbrio das contas p\u00fablicas. Com isso, haver\u00e1 mais f\u00f4lego para consolidar a pol\u00edtica de juros e aperfei\u00e7oar o crescimento econ\u00f4mico, al\u00e9m de assegurar os investimentos&#8221;, frisou o parlamentar.<\/p>\n<p>Vander tamb\u00e9m procurou tranquilizar as pessoas que est\u00e3o aguardando convoca\u00e7\u00e3o em concursos p\u00fablicos na expectativa de obter o retorno do tempo e recursos investidos nos estudos. &#8220;Acredito que os concursos p\u00fablicos com editais abertos ou em andamento devem ser conclu\u00eddos at\u00e9 as contrata\u00e7\u00f5es&#8221;, declarou.<\/p>\n<p><strong>Ministro em Campo Grande<\/strong><\/p>\n<p>Ainda sobre os temores em torno do corte no Or\u00e7amento da Uni\u00e3o, o deputado Vander Loubet esteve ontem (10) em audi\u00eancia com o ministro da Sa\u00fade, Alexandre Padilha, em Bras\u00edlia (DF). O parlamentar tratou de quest\u00f5es de interesse do Estado, especialmente a continuidade das a\u00e7\u00f5es do Governo Federal no combate \u00e0 dengue em Campo Grande.<\/p>\n<p>&#8220;\u00c9 importante que a popula\u00e7\u00e3o entenda que os ajustes no Or\u00e7amento n\u00e3o v\u00e3o comprometer as \u00e1reas priorit\u00e1rias como a sa\u00fade&#8221;, disse Vander. Por isso, na audi\u00eancia, ficou acertada, entre outras quest\u00f5es, a vinda de Padilha ao Mato Grosso do Sul, depois do carnaval, onde deve anunciar medidas de apoio no combate ao mosquito da dengue. Em 2010, o Minist\u00e9rio da Sa\u00fade liberou para a Capital cerca de R$ 17 milh\u00f5es para essa a\u00e7\u00e3o. Estima-se que, esse ano, o mesmo valor possa ser repassado ao Munic\u00edpio.<\/p>\n<p>Na ocasi\u00e3o, o deputado Vander manisfestou ainda estar preocupado com a greve dos agentes de sa\u00fade de Campo Grande, atores fundamentais no controle da dengue e outras doen\u00e7as na cidade. &#8220;Vou me empenhar para ajudar no caso. Vamos procurar as partes envolvidas e trabalhar para que se encontre um entendimento&#8221;, finalizou.<\/p>\n<p><small>(\u00c9der Yanaguita &#8211; Assessoria de Comunica\u00e7\u00e3o)<\/small><\/p>\n","protected":false},"excerpt":{"rendered":"<p>Deputado entende que as \u00e1reas priorit\u00e1rias n\u00e3o ser\u00e3o prejudicadas e anunciou visita do ministro da Sa\u00fade ao MS.<\/p>\n","protected":false},"author":2,"featured_media":0,"comment_status":"open","ping_status":"open","sticky":false,"template":"","format":"standard","meta":{"jetpack_post_was_ever_published":false,"_jetpack_newsletter_access":"","_jetpack_dont_email_post_to_subs":false,"_jetpack_newsletter_tier_id":0,"_jetpack_memberships_contains_paywalled_content":false,"_jetpack_memberships_contains_paid_content":false,"footnotes":""},"categories":[10],"tags":[95,601,608,807,1178,1305,1433,1448,1803,2033],"class_list":{"0":"post-2862","1":"post","2":"type-post","3":"status-publish","4":"format-standard","6":"category-noticias","7":"tag-alexandre","8":"tag-dengue","9":"tag-deputado","10":"tag-federal","11":"tag-loubet","12":"tag-ministro","13":"tag-orcamento","14":"tag-padilha","15":"tag-saude","16":"tag-vander"},"yoast_head":"<!-- This site is optimized with the Yoast SEO plugin v27.4 - https:\/\/yoast.com\/product\/yoast-seo-wordpress\/ -->\n<title>Cortes no Or\u00e7amento visam estabilidade, afirma Vander<\/title>\n<meta name=\"robots\" content=\"index, follow, max-snippet:-1, max-image-preview:large, max-video-preview:-1\" \/>\n<link rel=\"canonical\" href=\"https:\/\/vanderloubet.com.br\/deputado\/cortes-no-orcamento-visam-estabilidade-afirma-vander\/\" \/>\n<meta property=\"og:locale\" content=\"pt_BR\" \/>\n<meta property=\"og:type\" content=\"article\" \/>\n<meta property=\"og:title\" content=\"Cortes no Or\u00e7amento visam estabilidade, afirma Vander\" \/>\n<meta property=\"og:description\" content=\"Deputado entende que as \u00e1reas priorit\u00e1rias n\u00e3o ser\u00e3o prejudicadas e anunciou visita do ministro da Sa\u00fade ao MS.\" \/>\n<meta property=\"og:url\" content=\"https:\/\/vanderloubet.com.br\/deputado\/cortes-no-orcamento-visam-estabilidade-afirma-vander\/\" \/>\n<meta property=\"og:site_name\" content=\"Deputado Federal Vander Loubet\" \/>\n<meta property=\"article:publisher\" content=\"https:\/\/facebook.com\/deputadovander\" \/>\n<meta property=\"article:published_time\" content=\"2011-02-11T19:11:57+00:00\" \/>\n<meta property=\"og:image\" content=\"http:\/\/www.deputadovander.com.br\/website\/wp-content\/uploads\/2011\/02\/foto-2011-02-11-vander-padilha-400x266.jpg\" \/>\n<meta name=\"author\" content=\"\u00c9der\" \/>\n<meta name=\"twitter:card\" content=\"summary_large_image\" \/>\n<meta name=\"twitter:creator\" content=\"@vanderloubet\" \/>\n<meta name=\"twitter:site\" content=\"@vanderloubet\" \/>\n<script type=\"application\/ld+json\" class=\"yoast-schema-graph\">{\"@context\":\"https:\\\/\\\/schema.org\",\"@graph\":[{\"@type\":\"Article\",\"@id\":\"https:\\\/\\\/vanderloubet.com.br\\\/deputado\\\/cortes-no-orcamento-visam-estabilidade-afirma-vander\\\/#article\",\"isPartOf\":{\"@id\":\"https:\\\/\\\/vanderloubet.com.br\\\/deputado\\\/cortes-no-orcamento-visam-estabilidade-afirma-vander\\\/\"},\"author\":{\"name\":\"\u00c9der\",\"@id\":\"https:\\\/\\\/vanderloubet.com.br\\\/deputado\\\/#\\\/schema\\\/person\\\/15b51bd564532a8a68d9dec1b8eb890e\"},\"headline\":\"Cortes no Or\u00e7amento visam estabilidade, afirma Vander\",\"datePublished\":\"2011-02-11T19:11:57+00:00\",\"mainEntityOfPage\":{\"@id\":\"https:\\\/\\\/vanderloubet.com.br\\\/deputado\\\/cortes-no-orcamento-visam-estabilidade-afirma-vander\\\/\"},\"wordCount\":418,\"commentCount\":0,\"publisher\":{\"@id\":\"https:\\\/\\\/vanderloubet.com.br\\\/deputado\\\/#organization\"},\"image\":{\"@id\":\"https:\\\/\\\/vanderloubet.com.br\\\/deputado\\\/cortes-no-orcamento-visam-estabilidade-afirma-vander\\\/#primaryimage\"},\"thumbnailUrl\":\"http:\\\/\\\/www.deputadovander.com.br\\\/website\\\/wp-content\\\/uploads\\\/2011\\\/02\\\/foto-2011-02-11-vander-padilha-400x266.jpg\",\"keywords\":[\"alexandre\",\"dengue\",\"deputado\",\"federal\",\"loubet\",\"ministro\",\"or\u00e7amento\",\"padilha\",\"sa\u00fade\",\"vander\"],\"articleSection\":[\"Not\u00edcias\"],\"inLanguage\":\"pt-BR\",\"potentialAction\":[{\"@type\":\"CommentAction\",\"name\":\"Comment\",\"target\":[\"https:\\\/\\\/vanderloubet.com.br\\\/deputado\\\/cortes-no-orcamento-visam-estabilidade-afirma-vander\\\/#respond\"]}]},{\"@type\":\"WebPage\",\"@id\":\"https:\\\/\\\/vanderloubet.com.br\\\/deputado\\\/cortes-no-orcamento-visam-estabilidade-afirma-vander\\\/\",\"url\":\"https:\\\/\\\/vanderloubet.com.br\\\/deputado\\\/cortes-no-orcamento-visam-estabilidade-afirma-vander\\\/\",\"name\":\"Cortes no Or\u00e7amento visam estabilidade, afirma Vander\",\"isPartOf\":{\"@id\":\"https:\\\/\\\/vanderloubet.com.br\\\/deputado\\\/#website\"},\"primaryImageOfPage\":{\"@id\":\"https:\\\/\\\/vanderloubet.com.br\\\/deputado\\\/cortes-no-orcamento-visam-estabilidade-afirma-vander\\\/#primaryimage\"},\"image\":{\"@id\":\"https:\\\/\\\/vanderloubet.com.br\\\/deputado\\\/cortes-no-orcamento-visam-estabilidade-afirma-vander\\\/#primaryimage\"},\"thumbnailUrl\":\"http:\\\/\\\/www.deputadovander.com.br\\\/website\\\/wp-content\\\/uploads\\\/2011\\\/02\\\/foto-2011-02-11-vander-padilha-400x266.jpg\",\"datePublished\":\"2011-02-11T19:11:57+00:00\",\"breadcrumb\":{\"@id\":\"https:\\\/\\\/vanderloubet.com.br\\\/deputado\\\/cortes-no-orcamento-visam-estabilidade-afirma-vander\\\/#breadcrumb\"},\"inLanguage\":\"pt-BR\",\"potentialAction\":[{\"@type\":\"ReadAction\",\"target\":[\"https:\\\/\\\/vanderloubet.com.br\\\/deputado\\\/cortes-no-orcamento-visam-estabilidade-afirma-vander\\\/\"]}]},{\"@type\":\"ImageObject\",\"inLanguage\":\"pt-BR\",\"@id\":\"https:\\\/\\\/vanderloubet.com.br\\\/deputado\\\/cortes-no-orcamento-visam-estabilidade-afirma-vander\\\/#primaryimage\",\"url\":\"http:\\\/\\\/www.deputadovander.com.br\\\/website\\\/wp-content\\\/uploads\\\/2011\\\/02\\\/foto-2011-02-11-vander-padilha-400x266.jpg\",\"contentUrl\":\"http:\\\/\\\/www.deputadovander.com.br\\\/website\\\/wp-content\\\/uploads\\\/2011\\\/02\\\/foto-2011-02-11-vander-padilha-400x266.jpg\"},{\"@type\":\"BreadcrumbList\",\"@id\":\"https:\\\/\\\/vanderloubet.com.br\\\/deputado\\\/cortes-no-orcamento-visam-estabilidade-afirma-vander\\\/#breadcrumb\",\"itemListElement\":[{\"@type\":\"ListItem\",\"position\":1,\"name\":\"In\u00edcio\",\"item\":\"https:\\\/\\\/vanderloubet.com.br\\\/deputado\\\/\"},{\"@type\":\"ListItem\",\"position\":2,\"name\":\"Cortes no Or\u00e7amento visam estabilidade, afirma Vander\"}]},{\"@type\":\"WebSite\",\"@id\":\"https:\\\/\\\/vanderloubet.com.br\\\/deputado\\\/#website\",\"url\":\"https:\\\/\\\/vanderloubet.com.br\\\/deputado\\\/\",\"name\":\"Deputado Federal Vander Loubet\",\"description\":\"O Federal de MS\",\"publisher\":{\"@id\":\"https:\\\/\\\/vanderloubet.com.br\\\/deputado\\\/#organization\"},\"alternateName\":\"Deputado Vander\",\"potentialAction\":[{\"@type\":\"SearchAction\",\"target\":{\"@type\":\"EntryPoint\",\"urlTemplate\":\"https:\\\/\\\/vanderloubet.com.br\\\/deputado\\\/?s={search_term_string}\"},\"query-input\":{\"@type\":\"PropertyValueSpecification\",\"valueRequired\":true,\"valueName\":\"search_term_string\"}}],\"inLanguage\":\"pt-BR\"},{\"@type\":\"Organization\",\"@id\":\"https:\\\/\\\/vanderloubet.com.br\\\/deputado\\\/#organization\",\"name\":\"Deputado Federal Vander Loubet\",\"alternateName\":\"Deputado Vander\",\"url\":\"https:\\\/\\\/vanderloubet.com.br\\\/deputado\\\/\",\"logo\":{\"@type\":\"ImageObject\",\"inLanguage\":\"pt-BR\",\"@id\":\"https:\\\/\\\/vanderloubet.com.br\\\/deputado\\\/#\\\/schema\\\/logo\\\/image\\\/\",\"url\":\"https:\\\/\\\/vanderloubet.com.br\\\/deputado\\\/wp-content\\\/uploads\\\/2023\\\/06\\\/foto-2023-06-19-mandato-deputado-vander.jpg\",\"contentUrl\":\"https:\\\/\\\/vanderloubet.com.br\\\/deputado\\\/wp-content\\\/uploads\\\/2023\\\/06\\\/foto-2023-06-19-mandato-deputado-vander.jpg\",\"width\":1080,\"height\":1080,\"caption\":\"Deputado Federal Vander Loubet\"},\"image\":{\"@id\":\"https:\\\/\\\/vanderloubet.com.br\\\/deputado\\\/#\\\/schema\\\/logo\\\/image\\\/\"},\"sameAs\":[\"https:\\\/\\\/facebook.com\\\/deputadovander\",\"https:\\\/\\\/x.com\\\/vanderloubet\",\"https:\\\/\\\/instagram.com\\\/vanderloubet\",\"https:\\\/\\\/youtube.com\\\/vanderloubet\",\"https:\\\/\\\/tiktok.com\\\/@vanderloubetms\"]},{\"@type\":\"Person\",\"@id\":\"https:\\\/\\\/vanderloubet.com.br\\\/deputado\\\/#\\\/schema\\\/person\\\/15b51bd564532a8a68d9dec1b8eb890e\",\"name\":\"\u00c9der\",\"image\":{\"@type\":\"ImageObject\",\"inLanguage\":\"pt-BR\",\"@id\":\"https:\\\/\\\/vanderloubet.com.br\\\/deputado\\\/wp-content\\\/litespeed\\\/avatar\\\/88ca4090d9d5ab1c9495f6ca03b68efa.jpg?ver=1777058957\",\"url\":\"https:\\\/\\\/vanderloubet.com.br\\\/deputado\\\/wp-content\\\/litespeed\\\/avatar\\\/88ca4090d9d5ab1c9495f6ca03b68efa.jpg?ver=1777058957\",\"contentUrl\":\"https:\\\/\\\/vanderloubet.com.br\\\/deputado\\\/wp-content\\\/litespeed\\\/avatar\\\/88ca4090d9d5ab1c9495f6ca03b68efa.jpg?ver=1777058957\",\"caption\":\"\u00c9der\"}}]}<\/script>\n<!-- \/ Yoast SEO plugin. -->","yoast_head_json":{"title":"Cortes no Or\u00e7amento visam estabilidade, afirma Vander","robots":{"index":"index","follow":"follow","max-snippet":"max-snippet:-1","max-image-preview":"max-image-preview:large","max-video-preview":"max-video-preview:-1"},"canonical":"https:\/\/vanderloubet.com.br\/deputado\/cortes-no-orcamento-visam-estabilidade-afirma-vander\/","og_locale":"pt_BR","og_type":"article","og_title":"Cortes no Or\u00e7amento visam estabilidade, afirma Vander","og_description":"Deputado entende que as \u00e1reas priorit\u00e1rias n\u00e3o ser\u00e3o prejudicadas e anunciou visita do ministro da Sa\u00fade ao MS.","og_url":"https:\/\/vanderloubet.com.br\/deputado\/cortes-no-orcamento-visam-estabilidade-afirma-vander\/","og_site_name":"Deputado Federal Vander Loubet","article_publisher":"https:\/\/facebook.com\/deputadovander","article_published_time":"2011-02-11T19:11:57+00:00","og_image":[{"url":"http:\/\/www.deputadovander.com.br\/website\/wp-content\/uploads\/2011\/02\/foto-2011-02-11-vander-padilha-400x266.jpg","type":"","width":"","height":""}],"author":"\u00c9der","twitter_card":"summary_large_image","twitter_creator":"@vanderloubet","twitter_site":"@vanderloubet","schema":{"@context":"https:\/\/schema.org","@graph":[{"@type":"Article","@id":"https:\/\/vanderloubet.com.br\/deputado\/cortes-no-orcamento-visam-estabilidade-afirma-vander\/#article","isPartOf":{"@id":"https:\/\/vanderloubet.com.br\/deputado\/cortes-no-orcamento-visam-estabilidade-afirma-vander\/"},"author":{"name":"\u00c9der","@id":"https:\/\/vanderloubet.com.br\/deputado\/#\/schema\/person\/15b51bd564532a8a68d9dec1b8eb890e"},"headline":"Cortes no Or\u00e7amento visam estabilidade, afirma Vander","datePublished":"2011-02-11T19:11:57+00:00","mainEntityOfPage":{"@id":"https:\/\/vanderloubet.com.br\/deputado\/cortes-no-orcamento-visam-estabilidade-afirma-vander\/"},"wordCount":418,"commentCount":0,"publisher":{"@id":"https:\/\/vanderloubet.com.br\/deputado\/#organization"},"image":{"@id":"https:\/\/vanderloubet.com.br\/deputado\/cortes-no-orcamento-visam-estabilidade-afirma-vander\/#primaryimage"},"thumbnailUrl":"http:\/\/www.deputadovander.com.br\/website\/wp-content\/uploads\/2011\/02\/foto-2011-02-11-vander-padilha-400x266.jpg","keywords":["alexandre","dengue","deputado","federal","loubet","ministro","or\u00e7amento","padilha","sa\u00fade","vander"],"articleSection":["Not\u00edcias"],"inLanguage":"pt-BR","potentialAction":[{"@type":"CommentAction","name":"Comment","target":["https:\/\/vanderloubet.com.br\/deputado\/cortes-no-orcamento-visam-estabilidade-afirma-vander\/#respond"]}]},{"@type":"WebPage","@id":"https:\/\/vanderloubet.com.br\/deputado\/cortes-no-orcamento-visam-estabilidade-afirma-vander\/","url":"https:\/\/vanderloubet.com.br\/deputado\/cortes-no-orcamento-visam-estabilidade-afirma-vander\/","name":"Cortes no Or\u00e7amento visam estabilidade, afirma Vander","isPartOf":{"@id":"https:\/\/vanderloubet.com.br\/deputado\/#website"},"primaryImageOfPage":{"@id":"https:\/\/vanderloubet.com.br\/deputado\/cortes-no-orcamento-visam-estabilidade-afirma-vander\/#primaryimage"},"image":{"@id":"https:\/\/vanderloubet.com.br\/deputado\/cortes-no-orcamento-visam-estabilidade-afirma-vander\/#primaryimage"},"thumbnailUrl":"http:\/\/www.deputadovander.com.br\/website\/wp-content\/uploads\/2011\/02\/foto-2011-02-11-vander-padilha-400x266.jpg","datePublished":"2011-02-11T19:11:57+00:00","breadcrumb":{"@id":"https:\/\/vanderloubet.com.br\/deputado\/cortes-no-orcamento-visam-estabilidade-afirma-vander\/#breadcrumb"},"inLanguage":"pt-BR","potentialAction":[{"@type":"ReadAction","target":["https:\/\/vanderloubet.com.br\/deputado\/cortes-no-orcamento-visam-estabilidade-afirma-vander\/"]}]},{"@type":"ImageObject","inLanguage":"pt-BR","@id":"https:\/\/vanderloubet.com.br\/deputado\/cortes-no-orcamento-visam-estabilidade-afirma-vander\/#primaryimage","url":"http:\/\/www.deputadovander.com.br\/website\/wp-content\/uploads\/2011\/02\/foto-2011-02-11-vander-padilha-400x266.jpg","contentUrl":"http:\/\/www.deputadovander.com.br\/website\/wp-content\/uploads\/2011\/02\/foto-2011-02-11-vander-padilha-400x266.jpg"},{"@type":"BreadcrumbList","@id":"https:\/\/vanderloubet.com.br\/deputado\/cortes-no-orcamento-visam-estabilidade-afirma-vander\/#breadcrumb","itemListElement":[{"@type":"ListItem","position":1,"name":"In\u00edcio","item":"https:\/\/vanderloubet.com.br\/deputado\/"},{"@type":"ListItem","position":2,"name":"Cortes no Or\u00e7amento visam estabilidade, afirma Vander"}]},{"@type":"WebSite","@id":"https:\/\/vanderloubet.com.br\/deputado\/#website","url":"https:\/\/vanderloubet.com.br\/deputado\/","name":"Deputado Federal Vander Loubet","description":"O Federal de MS","publisher":{"@id":"https:\/\/vanderloubet.com.br\/deputado\/#organization"},"alternateName":"Deputado Vander","potentialAction":[{"@type":"SearchAction","target":{"@type":"EntryPoint","urlTemplate":"https:\/\/vanderloubet.com.br\/deputado\/?s={search_term_string}"},"query-input":{"@type":"PropertyValueSpecification","valueRequired":true,"valueName":"search_term_string"}}],"inLanguage":"pt-BR"},{"@type":"Organization","@id":"https:\/\/vanderloubet.com.br\/deputado\/#organization","name":"Deputado Federal Vander Loubet","alternateName":"Deputado Vander","url":"https:\/\/vanderloubet.com.br\/deputado\/","logo":{"@type":"ImageObject","inLanguage":"pt-BR","@id":"https:\/\/vanderloubet.com.br\/deputado\/#\/schema\/logo\/image\/","url":"https:\/\/vanderloubet.com.br\/deputado\/wp-content\/uploads\/2023\/06\/foto-2023-06-19-mandato-deputado-vander.jpg","contentUrl":"https:\/\/vanderloubet.com.br\/deputado\/wp-content\/uploads\/2023\/06\/foto-2023-06-19-mandato-deputado-vander.jpg","width":1080,"height":1080,"caption":"Deputado Federal Vander Loubet"},"image":{"@id":"https:\/\/vanderloubet.com.br\/deputado\/#\/schema\/logo\/image\/"},"sameAs":["https:\/\/facebook.com\/deputadovander","https:\/\/x.com\/vanderloubet","https:\/\/instagram.com\/vanderloubet","https:\/\/youtube.com\/vanderloubet","https:\/\/tiktok.com\/@vanderloubetms"]},{"@type":"Person","@id":"https:\/\/vanderloubet.com.br\/deputado\/#\/schema\/person\/15b51bd564532a8a68d9dec1b8eb890e","name":"\u00c9der","image":{"@type":"ImageObject","inLanguage":"pt-BR","@id":"https:\/\/vanderloubet.com.br\/deputado\/wp-content\/litespeed\/avatar\/88ca4090d9d5ab1c9495f6ca03b68efa.jpg?ver=1777058957","url":"https:\/\/vanderloubet.com.br\/deputado\/wp-content\/litespeed\/avatar\/88ca4090d9d5ab1c9495f6ca03b68efa.jpg?ver=1777058957","contentUrl":"https:\/\/vanderloubet.com.br\/deputado\/wp-content\/litespeed\/avatar\/88ca4090d9d5ab1c9495f6ca03b68efa.jpg?ver=1777058957","caption":"\u00c9der"}}]}},"jetpack_featured_media_url":"","jetpack_sharing_enabled":true,"_links":{"self":[{"href":"https:\/\/vanderloubet.com.br\/deputado\/wp-json\/wp\/v2\/posts\/2862","targetHints":{"allow":["GET"]}}],"collection":[{"href":"https:\/\/vanderloubet.com.br\/deputado\/wp-json\/wp\/v2\/posts"}],"about":[{"href":"https:\/\/vanderloubet.com.br\/deputado\/wp-json\/wp\/v2\/types\/post"}],"author":[{"embeddable":true,"href":"https:\/\/vanderloubet.com.br\/deputado\/wp-json\/wp\/v2\/users\/2"}],"replies":[{"embeddable":true,"href":"https:\/\/vanderloubet.com.br\/deputado\/wp-json\/wp\/v2\/comments?post=2862"}],"version-history":[{"count":0,"href":"https:\/\/vanderloubet.com.br\/deputado\/wp-json\/wp\/v2\/posts\/2862\/revisions"}],"wp:attachment":[{"href":"https:\/\/vanderloubet.com.br\/deputado\/wp-json\/wp\/v2\/media?parent=2862"}],"wp:term":[{"taxonomy":"category","embeddable":true,"href":"https:\/\/vanderloubet.com.br\/deputado\/wp-json\/wp\/v2\/categories?post=2862"},{"taxonomy":"post_tag","embeddable":true,"href":"https:\/\/vanderloubet.com.br\/deputado\/wp-json\/wp\/v2\/tags?post=2862"}],"curies":[{"name":"wp","href":"https:\/\/api.w.org\/{rel}","templated":true}]}}