{"id":2852,"date":"2011-02-10T14:07:55","date_gmt":"2011-02-10T18:07:55","guid":{"rendered":"http:\/\/www.deputadovander.com.br\/website\/?p=2852"},"modified":"2011-02-10T14:07:55","modified_gmt":"2011-02-10T18:07:55","slug":"para-vander-foi-andre-quem-traiu-lula-e-dilma","status":"publish","type":"post","link":"https:\/\/vanderloubet.com.br\/deputado\/para-vander-foi-andre-quem-traiu-lula-e-dilma\/","title":{"rendered":"Para Vander, foi Andr\u00e9 quem traiu Lula e Dilma"},"content":{"rendered":"<p style=\"text-align: center;\">\n<figure id=\"attachment_2293\" aria-describedby=\"caption-attachment-2293\" style=\"width: 300px\" class=\"wp-caption aligncenter\"><a href=\"http:\/\/www.deputadovander.com.br\/website\/wp-content\/uploads\/2010\/09\/foto-2010-09-13-vander-loubet.jpg\" target=\"_blank\"><img decoding=\"async\" class=\"size-medium wp-image-2293  \" title=\"foto-2010-09-13-vander-loubet\" src=\"http:\/\/www.deputadovander.com.br\/website\/wp-content\/uploads\/2010\/09\/foto-2010-09-13-vander-loubet-300x200.jpg\" alt=\"Deputado Federal Vander Loubet\" width=\"300\" height=\"200\" \/><\/a><figcaption id=\"caption-attachment-2293\" class=\"wp-caption-text\">Deputado Federal Vander Loubet<\/figcaption><\/figure>\n<\/p>\n<p>A respeito da declara\u00e7\u00e3o do governador Andr\u00e9 Puccinelli de que &#8220;petistas de Mato Grosso do Sul envenenaram Lula e Dilma&#8221;, publicada hoje (10) no jornal Correio do Estado, o deputado federal Vander Loubet (PT-MS) ironizou o peemedebista. &#8220;N\u00e3o \u00e9 nada disso. O governador Andr\u00e9 fez uma escolha pol\u00edtica nas elei\u00e7\u00f5es passadas: a de apoiar a oposi\u00e7\u00e3o ao presidente Lula, representada pelo Jos\u00e9 Serra. Logo, se algu\u00e9m abandonou ou traiu algu\u00e9m nessa hist\u00f3ria, foi o Andr\u00e9. Quando buscava recursos federais, sempre recebeu \u00f3timo tratamento do Governo Federal. Os tra\u00eddos e abandonados nessa hist\u00f3ria foram o ex-presidente Lula e a presidenta Dilma&#8221;, afirma Vander.<\/p>\n<p>&#8220;N\u00e3o adianta agora o governador querer posar de v\u00edtima, querer dizer que a Dilma foi a noiva que o abandonou. Ele apoiou politicamente o candidato derrotado nas elei\u00e7\u00f5es. Sendo assim, vai receber o tratamento de um governador que n\u00e3o v\u00ea nossa presidenta como a melhor pessoa para ocupar o Pal\u00e1cio do Planalto&#8221;, completa o parlamentar.<\/p>\n<p>O deputado Vander ainda enfatizou que a popula\u00e7\u00e3o sul-mato-grossense n\u00e3o precisa se preocupar com as poss\u00edveis diverg\u00eancias pol\u00edticas entre Andr\u00e9 e o Governo Dilma. &#8220;Felizmente, a presidenta Dilma n\u00e3o faz discrimina\u00e7\u00e3o pol\u00edtico-partid\u00e1ria em sua forma de governar. Al\u00e9m disso, temos uma bancada federal muito atuante na defesa dos interesses de Mato Grosso do Sul em Bras\u00edlia&#8221;, finaliza.<\/p>\n<p><small>(\u00c9der Yanaguita &#8211; Assessoria de Comunica\u00e7\u00e3o)<\/small><\/p>\n","protected":false},"excerpt":{"rendered":"<p>Respondendo declara\u00e7\u00e3o do governador, deputado afirma que cen\u00e1rio atual \u00e9 resultado das escolhas de Andr\u00e9 nas elei\u00e7\u00f5es.<\/p>\n","protected":false},"author":2,"featured_media":0,"comment_status":"open","ping_status":"open","sticky":false,"template":"","format":"standard","meta":{"jetpack_post_was_ever_published":false,"_jetpack_newsletter_access":"","_jetpack_dont_email_post_to_subs":false,"_jetpack_newsletter_tier_id":0,"_jetpack_memberships_contains_paywalled_content":false,"_jetpack_memberships_contains_paid_content":false,"footnotes":""},"categories":[10],"tags":[131,531,608,631,745,807,1178,1189,1655,1662,1757,2033],"class_list":{"0":"post-2852","1":"post","2":"type-post","3":"status-publish","4":"format-standard","6":"category-noticias","7":"tag-andre","8":"tag-correio","9":"tag-deputado","10":"tag-dilma","11":"tag-estado","12":"tag-federal","13":"tag-loubet","14":"tag-lula","15":"tag-pt","16":"tag-puccinelli","17":"tag-rousseff","18":"tag-vander"},"yoast_head":"<!-- This site is optimized with the Yoast SEO plugin v27.4 - https:\/\/yoast.com\/product\/yoast-seo-wordpress\/ -->\n<title>Para Vander, foi Andr\u00e9 quem traiu Lula e Dilma<\/title>\n<meta name=\"robots\" content=\"index, follow, max-snippet:-1, max-image-preview:large, max-video-preview:-1\" \/>\n<link rel=\"canonical\" href=\"https:\/\/vanderloubet.com.br\/deputado\/para-vander-foi-andre-quem-traiu-lula-e-dilma\/\" \/>\n<meta property=\"og:locale\" content=\"pt_BR\" \/>\n<meta property=\"og:type\" content=\"article\" \/>\n<meta property=\"og:title\" content=\"Para Vander, foi Andr\u00e9 quem traiu Lula e Dilma\" \/>\n<meta property=\"og:description\" content=\"Respondendo declara\u00e7\u00e3o do governador, deputado afirma que cen\u00e1rio atual \u00e9 resultado das escolhas de Andr\u00e9 nas elei\u00e7\u00f5es.\" \/>\n<meta property=\"og:url\" content=\"https:\/\/vanderloubet.com.br\/deputado\/para-vander-foi-andre-quem-traiu-lula-e-dilma\/\" \/>\n<meta property=\"og:site_name\" content=\"Deputado Federal Vander Loubet\" \/>\n<meta property=\"article:publisher\" content=\"https:\/\/facebook.com\/deputadovander\" \/>\n<meta property=\"article:published_time\" content=\"2011-02-10T18:07:55+00:00\" \/>\n<meta property=\"og:image\" content=\"http:\/\/www.deputadovander.com.br\/website\/wp-content\/uploads\/2010\/09\/foto-2010-09-13-vander-loubet-300x200.jpg\" \/>\n<meta name=\"author\" content=\"\u00c9der\" \/>\n<meta name=\"twitter:card\" content=\"summary_large_image\" \/>\n<meta name=\"twitter:creator\" content=\"@vanderloubet\" \/>\n<meta name=\"twitter:site\" content=\"@vanderloubet\" \/>\n<script type=\"application\/ld+json\" class=\"yoast-schema-graph\">{\"@context\":\"https:\\\/\\\/schema.org\",\"@graph\":[{\"@type\":\"Article\",\"@id\":\"https:\\\/\\\/vanderloubet.com.br\\\/deputado\\\/para-vander-foi-andre-quem-traiu-lula-e-dilma\\\/#article\",\"isPartOf\":{\"@id\":\"https:\\\/\\\/vanderloubet.com.br\\\/deputado\\\/para-vander-foi-andre-quem-traiu-lula-e-dilma\\\/\"},\"author\":{\"name\":\"\u00c9der\",\"@id\":\"https:\\\/\\\/vanderloubet.com.br\\\/deputado\\\/#\\\/schema\\\/person\\\/15b51bd564532a8a68d9dec1b8eb890e\"},\"headline\":\"Para Vander, foi Andr\u00e9 quem traiu Lula e Dilma\",\"datePublished\":\"2011-02-10T18:07:55+00:00\",\"mainEntityOfPage\":{\"@id\":\"https:\\\/\\\/vanderloubet.com.br\\\/deputado\\\/para-vander-foi-andre-quem-traiu-lula-e-dilma\\\/\"},\"wordCount\":266,\"commentCount\":0,\"publisher\":{\"@id\":\"https:\\\/\\\/vanderloubet.com.br\\\/deputado\\\/#organization\"},\"image\":{\"@id\":\"https:\\\/\\\/vanderloubet.com.br\\\/deputado\\\/para-vander-foi-andre-quem-traiu-lula-e-dilma\\\/#primaryimage\"},\"thumbnailUrl\":\"http:\\\/\\\/www.deputadovander.com.br\\\/website\\\/wp-content\\\/uploads\\\/2010\\\/09\\\/foto-2010-09-13-vander-loubet-300x200.jpg\",\"keywords\":[\"andr\u00e9\",\"correio\",\"deputado\",\"dilma\",\"estado\",\"federal\",\"loubet\",\"lula\",\"PT\",\"puccinelli\",\"rousseff\",\"vander\"],\"articleSection\":[\"Not\u00edcias\"],\"inLanguage\":\"pt-BR\",\"potentialAction\":[{\"@type\":\"CommentAction\",\"name\":\"Comment\",\"target\":[\"https:\\\/\\\/vanderloubet.com.br\\\/deputado\\\/para-vander-foi-andre-quem-traiu-lula-e-dilma\\\/#respond\"]}]},{\"@type\":\"WebPage\",\"@id\":\"https:\\\/\\\/vanderloubet.com.br\\\/deputado\\\/para-vander-foi-andre-quem-traiu-lula-e-dilma\\\/\",\"url\":\"https:\\\/\\\/vanderloubet.com.br\\\/deputado\\\/para-vander-foi-andre-quem-traiu-lula-e-dilma\\\/\",\"name\":\"Para Vander, foi Andr\u00e9 quem traiu Lula e Dilma\",\"isPartOf\":{\"@id\":\"https:\\\/\\\/vanderloubet.com.br\\\/deputado\\\/#website\"},\"primaryImageOfPage\":{\"@id\":\"https:\\\/\\\/vanderloubet.com.br\\\/deputado\\\/para-vander-foi-andre-quem-traiu-lula-e-dilma\\\/#primaryimage\"},\"image\":{\"@id\":\"https:\\\/\\\/vanderloubet.com.br\\\/deputado\\\/para-vander-foi-andre-quem-traiu-lula-e-dilma\\\/#primaryimage\"},\"thumbnailUrl\":\"http:\\\/\\\/www.deputadovander.com.br\\\/website\\\/wp-content\\\/uploads\\\/2010\\\/09\\\/foto-2010-09-13-vander-loubet-300x200.jpg\",\"datePublished\":\"2011-02-10T18:07:55+00:00\",\"breadcrumb\":{\"@id\":\"https:\\\/\\\/vanderloubet.com.br\\\/deputado\\\/para-vander-foi-andre-quem-traiu-lula-e-dilma\\\/#breadcrumb\"},\"inLanguage\":\"pt-BR\",\"potentialAction\":[{\"@type\":\"ReadAction\",\"target\":[\"https:\\\/\\\/vanderloubet.com.br\\\/deputado\\\/para-vander-foi-andre-quem-traiu-lula-e-dilma\\\/\"]}]},{\"@type\":\"ImageObject\",\"inLanguage\":\"pt-BR\",\"@id\":\"https:\\\/\\\/vanderloubet.com.br\\\/deputado\\\/para-vander-foi-andre-quem-traiu-lula-e-dilma\\\/#primaryimage\",\"url\":\"http:\\\/\\\/www.deputadovander.com.br\\\/website\\\/wp-content\\\/uploads\\\/2010\\\/09\\\/foto-2010-09-13-vander-loubet-300x200.jpg\",\"contentUrl\":\"http:\\\/\\\/www.deputadovander.com.br\\\/website\\\/wp-content\\\/uploads\\\/2010\\\/09\\\/foto-2010-09-13-vander-loubet-300x200.jpg\"},{\"@type\":\"BreadcrumbList\",\"@id\":\"https:\\\/\\\/vanderloubet.com.br\\\/deputado\\\/para-vander-foi-andre-quem-traiu-lula-e-dilma\\\/#breadcrumb\",\"itemListElement\":[{\"@type\":\"ListItem\",\"position\":1,\"name\":\"In\u00edcio\",\"item\":\"https:\\\/\\\/vanderloubet.com.br\\\/deputado\\\/\"},{\"@type\":\"ListItem\",\"position\":2,\"name\":\"Para Vander, foi Andr\u00e9 quem traiu Lula e Dilma\"}]},{\"@type\":\"WebSite\",\"@id\":\"https:\\\/\\\/vanderloubet.com.br\\\/deputado\\\/#website\",\"url\":\"https:\\\/\\\/vanderloubet.com.br\\\/deputado\\\/\",\"name\":\"Deputado Federal Vander Loubet\",\"description\":\"O Federal de MS\",\"publisher\":{\"@id\":\"https:\\\/\\\/vanderloubet.com.br\\\/deputado\\\/#organization\"},\"alternateName\":\"Deputado Vander\",\"potentialAction\":[{\"@type\":\"SearchAction\",\"target\":{\"@type\":\"EntryPoint\",\"urlTemplate\":\"https:\\\/\\\/vanderloubet.com.br\\\/deputado\\\/?s={search_term_string}\"},\"query-input\":{\"@type\":\"PropertyValueSpecification\",\"valueRequired\":true,\"valueName\":\"search_term_string\"}}],\"inLanguage\":\"pt-BR\"},{\"@type\":\"Organization\",\"@id\":\"https:\\\/\\\/vanderloubet.com.br\\\/deputado\\\/#organization\",\"name\":\"Deputado Federal Vander Loubet\",\"alternateName\":\"Deputado Vander\",\"url\":\"https:\\\/\\\/vanderloubet.com.br\\\/deputado\\\/\",\"logo\":{\"@type\":\"ImageObject\",\"inLanguage\":\"pt-BR\",\"@id\":\"https:\\\/\\\/vanderloubet.com.br\\\/deputado\\\/#\\\/schema\\\/logo\\\/image\\\/\",\"url\":\"https:\\\/\\\/vanderloubet.com.br\\\/deputado\\\/wp-content\\\/uploads\\\/2023\\\/06\\\/foto-2023-06-19-mandato-deputado-vander.jpg\",\"contentUrl\":\"https:\\\/\\\/vanderloubet.com.br\\\/deputado\\\/wp-content\\\/uploads\\\/2023\\\/06\\\/foto-2023-06-19-mandato-deputado-vander.jpg\",\"width\":1080,\"height\":1080,\"caption\":\"Deputado Federal Vander Loubet\"},\"image\":{\"@id\":\"https:\\\/\\\/vanderloubet.com.br\\\/deputado\\\/#\\\/schema\\\/logo\\\/image\\\/\"},\"sameAs\":[\"https:\\\/\\\/facebook.com\\\/deputadovander\",\"https:\\\/\\\/x.com\\\/vanderloubet\",\"https:\\\/\\\/instagram.com\\\/vanderloubet\",\"https:\\\/\\\/youtube.com\\\/vanderloubet\",\"https:\\\/\\\/tiktok.com\\\/@vanderloubetms\"]},{\"@type\":\"Person\",\"@id\":\"https:\\\/\\\/vanderloubet.com.br\\\/deputado\\\/#\\\/schema\\\/person\\\/15b51bd564532a8a68d9dec1b8eb890e\",\"name\":\"\u00c9der\",\"image\":{\"@type\":\"ImageObject\",\"inLanguage\":\"pt-BR\",\"@id\":\"https:\\\/\\\/vanderloubet.com.br\\\/deputado\\\/wp-content\\\/litespeed\\\/avatar\\\/88ca4090d9d5ab1c9495f6ca03b68efa.jpg?ver=1777058957\",\"url\":\"https:\\\/\\\/vanderloubet.com.br\\\/deputado\\\/wp-content\\\/litespeed\\\/avatar\\\/88ca4090d9d5ab1c9495f6ca03b68efa.jpg?ver=1777058957\",\"contentUrl\":\"https:\\\/\\\/vanderloubet.com.br\\\/deputado\\\/wp-content\\\/litespeed\\\/avatar\\\/88ca4090d9d5ab1c9495f6ca03b68efa.jpg?ver=1777058957\",\"caption\":\"\u00c9der\"}}]}<\/script>\n<!-- \/ Yoast SEO plugin. -->","yoast_head_json":{"title":"Para Vander, foi Andr\u00e9 quem traiu Lula e Dilma","robots":{"index":"index","follow":"follow","max-snippet":"max-snippet:-1","max-image-preview":"max-image-preview:large","max-video-preview":"max-video-preview:-1"},"canonical":"https:\/\/vanderloubet.com.br\/deputado\/para-vander-foi-andre-quem-traiu-lula-e-dilma\/","og_locale":"pt_BR","og_type":"article","og_title":"Para Vander, foi Andr\u00e9 quem traiu Lula e Dilma","og_description":"Respondendo declara\u00e7\u00e3o do governador, deputado afirma que cen\u00e1rio atual \u00e9 resultado das escolhas de Andr\u00e9 nas elei\u00e7\u00f5es.","og_url":"https:\/\/vanderloubet.com.br\/deputado\/para-vander-foi-andre-quem-traiu-lula-e-dilma\/","og_site_name":"Deputado Federal Vander Loubet","article_publisher":"https:\/\/facebook.com\/deputadovander","article_published_time":"2011-02-10T18:07:55+00:00","og_image":[{"url":"http:\/\/www.deputadovander.com.br\/website\/wp-content\/uploads\/2010\/09\/foto-2010-09-13-vander-loubet-300x200.jpg","type":"","width":"","height":""}],"author":"\u00c9der","twitter_card":"summary_large_image","twitter_creator":"@vanderloubet","twitter_site":"@vanderloubet","schema":{"@context":"https:\/\/schema.org","@graph":[{"@type":"Article","@id":"https:\/\/vanderloubet.com.br\/deputado\/para-vander-foi-andre-quem-traiu-lula-e-dilma\/#article","isPartOf":{"@id":"https:\/\/vanderloubet.com.br\/deputado\/para-vander-foi-andre-quem-traiu-lula-e-dilma\/"},"author":{"name":"\u00c9der","@id":"https:\/\/vanderloubet.com.br\/deputado\/#\/schema\/person\/15b51bd564532a8a68d9dec1b8eb890e"},"headline":"Para Vander, foi Andr\u00e9 quem traiu Lula e Dilma","datePublished":"2011-02-10T18:07:55+00:00","mainEntityOfPage":{"@id":"https:\/\/vanderloubet.com.br\/deputado\/para-vander-foi-andre-quem-traiu-lula-e-dilma\/"},"wordCount":266,"commentCount":0,"publisher":{"@id":"https:\/\/vanderloubet.com.br\/deputado\/#organization"},"image":{"@id":"https:\/\/vanderloubet.com.br\/deputado\/para-vander-foi-andre-quem-traiu-lula-e-dilma\/#primaryimage"},"thumbnailUrl":"http:\/\/www.deputadovander.com.br\/website\/wp-content\/uploads\/2010\/09\/foto-2010-09-13-vander-loubet-300x200.jpg","keywords":["andr\u00e9","correio","deputado","dilma","estado","federal","loubet","lula","PT","puccinelli","rousseff","vander"],"articleSection":["Not\u00edcias"],"inLanguage":"pt-BR","potentialAction":[{"@type":"CommentAction","name":"Comment","target":["https:\/\/vanderloubet.com.br\/deputado\/para-vander-foi-andre-quem-traiu-lula-e-dilma\/#respond"]}]},{"@type":"WebPage","@id":"https:\/\/vanderloubet.com.br\/deputado\/para-vander-foi-andre-quem-traiu-lula-e-dilma\/","url":"https:\/\/vanderloubet.com.br\/deputado\/para-vander-foi-andre-quem-traiu-lula-e-dilma\/","name":"Para Vander, foi Andr\u00e9 quem traiu Lula e Dilma","isPartOf":{"@id":"https:\/\/vanderloubet.com.br\/deputado\/#website"},"primaryImageOfPage":{"@id":"https:\/\/vanderloubet.com.br\/deputado\/para-vander-foi-andre-quem-traiu-lula-e-dilma\/#primaryimage"},"image":{"@id":"https:\/\/vanderloubet.com.br\/deputado\/para-vander-foi-andre-quem-traiu-lula-e-dilma\/#primaryimage"},"thumbnailUrl":"http:\/\/www.deputadovander.com.br\/website\/wp-content\/uploads\/2010\/09\/foto-2010-09-13-vander-loubet-300x200.jpg","datePublished":"2011-02-10T18:07:55+00:00","breadcrumb":{"@id":"https:\/\/vanderloubet.com.br\/deputado\/para-vander-foi-andre-quem-traiu-lula-e-dilma\/#breadcrumb"},"inLanguage":"pt-BR","potentialAction":[{"@type":"ReadAction","target":["https:\/\/vanderloubet.com.br\/deputado\/para-vander-foi-andre-quem-traiu-lula-e-dilma\/"]}]},{"@type":"ImageObject","inLanguage":"pt-BR","@id":"https:\/\/vanderloubet.com.br\/deputado\/para-vander-foi-andre-quem-traiu-lula-e-dilma\/#primaryimage","url":"http:\/\/www.deputadovander.com.br\/website\/wp-content\/uploads\/2010\/09\/foto-2010-09-13-vander-loubet-300x200.jpg","contentUrl":"http:\/\/www.deputadovander.com.br\/website\/wp-content\/uploads\/2010\/09\/foto-2010-09-13-vander-loubet-300x200.jpg"},{"@type":"BreadcrumbList","@id":"https:\/\/vanderloubet.com.br\/deputado\/para-vander-foi-andre-quem-traiu-lula-e-dilma\/#breadcrumb","itemListElement":[{"@type":"ListItem","position":1,"name":"In\u00edcio","item":"https:\/\/vanderloubet.com.br\/deputado\/"},{"@type":"ListItem","position":2,"name":"Para Vander, foi Andr\u00e9 quem traiu Lula e Dilma"}]},{"@type":"WebSite","@id":"https:\/\/vanderloubet.com.br\/deputado\/#website","url":"https:\/\/vanderloubet.com.br\/deputado\/","name":"Deputado Federal Vander Loubet","description":"O Federal de MS","publisher":{"@id":"https:\/\/vanderloubet.com.br\/deputado\/#organization"},"alternateName":"Deputado Vander","potentialAction":[{"@type":"SearchAction","target":{"@type":"EntryPoint","urlTemplate":"https:\/\/vanderloubet.com.br\/deputado\/?s={search_term_string}"},"query-input":{"@type":"PropertyValueSpecification","valueRequired":true,"valueName":"search_term_string"}}],"inLanguage":"pt-BR"},{"@type":"Organization","@id":"https:\/\/vanderloubet.com.br\/deputado\/#organization","name":"Deputado Federal Vander Loubet","alternateName":"Deputado Vander","url":"https:\/\/vanderloubet.com.br\/deputado\/","logo":{"@type":"ImageObject","inLanguage":"pt-BR","@id":"https:\/\/vanderloubet.com.br\/deputado\/#\/schema\/logo\/image\/","url":"https:\/\/vanderloubet.com.br\/deputado\/wp-content\/uploads\/2023\/06\/foto-2023-06-19-mandato-deputado-vander.jpg","contentUrl":"https:\/\/vanderloubet.com.br\/deputado\/wp-content\/uploads\/2023\/06\/foto-2023-06-19-mandato-deputado-vander.jpg","width":1080,"height":1080,"caption":"Deputado Federal Vander Loubet"},"image":{"@id":"https:\/\/vanderloubet.com.br\/deputado\/#\/schema\/logo\/image\/"},"sameAs":["https:\/\/facebook.com\/deputadovander","https:\/\/x.com\/vanderloubet","https:\/\/instagram.com\/vanderloubet","https:\/\/youtube.com\/vanderloubet","https:\/\/tiktok.com\/@vanderloubetms"]},{"@type":"Person","@id":"https:\/\/vanderloubet.com.br\/deputado\/#\/schema\/person\/15b51bd564532a8a68d9dec1b8eb890e","name":"\u00c9der","image":{"@type":"ImageObject","inLanguage":"pt-BR","@id":"https:\/\/vanderloubet.com.br\/deputado\/wp-content\/litespeed\/avatar\/88ca4090d9d5ab1c9495f6ca03b68efa.jpg?ver=1777058957","url":"https:\/\/vanderloubet.com.br\/deputado\/wp-content\/litespeed\/avatar\/88ca4090d9d5ab1c9495f6ca03b68efa.jpg?ver=1777058957","contentUrl":"https:\/\/vanderloubet.com.br\/deputado\/wp-content\/litespeed\/avatar\/88ca4090d9d5ab1c9495f6ca03b68efa.jpg?ver=1777058957","caption":"\u00c9der"}}]}},"jetpack_featured_media_url":"","jetpack_sharing_enabled":true,"_links":{"self":[{"href":"https:\/\/vanderloubet.com.br\/deputado\/wp-json\/wp\/v2\/posts\/2852","targetHints":{"allow":["GET"]}}],"collection":[{"href":"https:\/\/vanderloubet.com.br\/deputado\/wp-json\/wp\/v2\/posts"}],"about":[{"href":"https:\/\/vanderloubet.com.br\/deputado\/wp-json\/wp\/v2\/types\/post"}],"author":[{"embeddable":true,"href":"https:\/\/vanderloubet.com.br\/deputado\/wp-json\/wp\/v2\/users\/2"}],"replies":[{"embeddable":true,"href":"https:\/\/vanderloubet.com.br\/deputado\/wp-json\/wp\/v2\/comments?post=2852"}],"version-history":[{"count":0,"href":"https:\/\/vanderloubet.com.br\/deputado\/wp-json\/wp\/v2\/posts\/2852\/revisions"}],"wp:attachment":[{"href":"https:\/\/vanderloubet.com.br\/deputado\/wp-json\/wp\/v2\/media?parent=2852"}],"wp:term":[{"taxonomy":"category","embeddable":true,"href":"https:\/\/vanderloubet.com.br\/deputado\/wp-json\/wp\/v2\/categories?post=2852"},{"taxonomy":"post_tag","embeddable":true,"href":"https:\/\/vanderloubet.com.br\/deputado\/wp-json\/wp\/v2\/tags?post=2852"}],"curies":[{"name":"wp","href":"https:\/\/api.w.org\/{rel}","templated":true}]}}