{"id":284,"date":"2010-03-08T10:02:17","date_gmt":"2010-03-08T14:02:17","guid":{"rendered":"http:\/\/www.deputadovander.com.br\/website\/?p=284"},"modified":"2010-03-08T10:02:17","modified_gmt":"2010-03-08T14:02:17","slug":"dona-lindu-a-mae-do-brasil","status":"publish","type":"post","link":"https:\/\/vanderloubet.com.br\/deputado\/dona-lindu-a-mae-do-brasil\/","title":{"rendered":"Dona Lindu, a M\u00e3e do Brasil"},"content":{"rendered":"<p><em>Vander Loubet &#8211; Deputado Federal (PT\/MS)<\/em><\/p>\n<p>Ao comemorarmos 100 anos do Dia Internacional da Mulher, gostaria de partilhar com as companheiras e companheiros uma sensa\u00e7\u00e3o que senti recentemente ao sair do cinema, depois de ver o filme &#8220;Lula, o Filho do Brasil&#8221;, no come\u00e7o deste ano. O filme poderia se chamar, tranquilamente, &#8220;Dona Lindu, a M\u00e3e do Brasil&#8221;.<\/p>\n<p>Parte da cr\u00edtica cinematogr\u00e1fica brasileira afirma que o filme \u00e9 demag\u00f3gico, politiqueiro ou que busca criar e desenvolver uma esp\u00e9cie de mito em torno de nosso presidente. Ressalto que, para mim, o filme ficou na medida apropriada, contando a hist\u00f3ria de um nordestino  retirante (representado por milh\u00f5es deles) que vai em busca de oportunidades em S\u00e3o Paulo. Passa por diversas dificuldades, superando algumas, em outras tendo que suportar as dores das perdas, mas  consegue ir adiante com pequenas conquistas, de um curso no Senai a l\u00edder sindical e, posteriormente, a presidente da Rep\u00fablica, quando o filme termina.<\/p>\n<p>O filme, portanto, retrata naquele que hoje \u00e9 presidente do Pa\u00eds, os obst\u00e1culos e supera\u00e7\u00f5es por quais passam milh\u00f5es de brasileiros diariamente. Como afirma a atriz Gl\u00f3ria Pires, que interpreta com brilhantismo a Dona Lindu: &#8220;Por acaso, essa hist\u00f3ria, que \u00e9 como a de milhares de brasileiros, se passou com um homem que \u00e9 nosso presidente. \u00c9 muito impressionante&#8221;.<\/p>\n<p>Dito isso, gostaria de voltar \u00e0 Dona Lindu (Eur\u00eddece Ferreira de Mello) e por ela homenagear a todas as mulheres do nosso estado e do Pa\u00eds, pois trata-se da hist\u00f3ria de uma mulher que vai criar oito filhos, passando por  humilha\u00e7\u00f5es e preconceitos dos quais bilh\u00f5es de mulheres s\u00e3o v\u00edtimas em todo o planeta. Ela sai do sert\u00e3o nordestino e vai para S\u00e3o Paulo lutar pela sobreviv\u00eancia e buscar melhores dias para os seus, tendo com lema: &#8220;Nesta fam\u00edlia ningu\u00e9m vai ser ladr\u00e3o ou prostituta&#8221;.<\/p>\n<p style=\"text-align: center;\">\n<figure id=\"attachment_288\" aria-describedby=\"caption-attachment-288\" style=\"width: 300px\" class=\"wp-caption aligncenter\"><img decoding=\"async\" class=\"size-medium wp-image-288 \" title=\"2010-03-08-dona-lindu\" src=\"http:\/\/www.deputadovander.com.br\/website\/wp-content\/uploads\/2010\/03\/2010-03-08-dona-lindu-300x225.jpg\" alt=\"Gl\u00f3ria Pires, como Dona Lindu\" width=\"300\" height=\"225\" \/><figcaption id=\"caption-attachment-288\" class=\"wp-caption-text\">Gl\u00f3ria Pires, como Dona Lindu<\/figcaption><\/figure>\n<p>O filme \u00e9 rico em passagens que mostram o papel decisivo e a determina\u00e7\u00e3o de uma  mulher para manter a sobreviv\u00eancia de seus filhos, objetivando dar-lhes dignidade e uma perspectiva de vida,  numa hist\u00f3ria real que simboliza as lutas das mulheres de todo mundo e do Brasil contra o preconceito e as desigualdades que  tanto permeiam a nossa sociedade.<\/p>\n<p>Eis algumas ilustra\u00e7\u00f5es de passagens do filme que mostram a for\u00e7a de Dona Lindu, que retratam a fibra, a for\u00e7a, o vigor e a capacidade de luta de todas as nossas mulheres:<\/p>\n<ul>\n<li>Abandono pelo marido em pleno sert\u00e3o nordestino (1952).<\/li>\n<li>Viagem num caminh\u00e3o de Pernambuco para Santos (retirantes).<\/li>\n<li>Viol\u00eancia do marido contra os filhos e a ardorosa coragem da m\u00e3e para defend\u00ea-los.<\/li>\n<li>Atitude de Lula de defender a m\u00e3e quando da tentativa do pai em agredi-la.<\/li>\n<li>Tentativa de ado\u00e7\u00e3o de Lula por parte da professora, que diz: &#8220;Eu s\u00f3 quero fazer dele algu\u00e9m na vida&#8221;. E a resposta de Dona Lindu: &#8220;\u00d4cha, mas ele j\u00e1 n\u00e3o \u00e9 algu\u00e9m, Luiz meu filho?&#8221;<\/li>\n<li>O pai de Lula, Aristides, diz: &#8220;Filho meu n\u00e3o tem que estudar, tem que trabalhar&#8221;.<\/li>\n<li>Por excesso de viol\u00eancia contra a fam\u00edlia e alcoolismo, Dona Lindu abandona o marido, dizendo ao filho Lula: &#8220;Vai  estudar, vai ter uma profiss\u00e3o&#8221;.<\/li>\n<li>Dona Lindu, dirigindo-se ao Senai: &#8220;A prova de torneiro mec\u00e2nico \u00e9 quando?&#8221;<\/li>\n<li>Formatura de Lula no Senai &#8211; l\u00e1 estava a m\u00e3e, emocionada, pois o filho tinha um diploma, uma profiss\u00e3o.<\/li>\n<li>Acidente com torno mec\u00e2nico e perda do dedo de Lula, que vai em busca do amparo da m\u00e3e.<\/li>\n<li>Perda do filho e da primeira mulher Lourdes, na gravidez. E, mais uma vez, a m\u00e3e est\u00e1 ali para ampar\u00e1-lo e fortalec\u00ea-lo.<\/li>\n<li>Entrada no sindicato dos metal\u00fargicos, com apoio da m\u00e3e.<\/li>\n<li>A m\u00e3e, no leito de morte: &#8220;Eu tenho tanto orgulho de tu, meu filho&#8221;.<\/li>\n<\/ul>\n<p>Todas essas passagens est\u00e3o no filme &#8220;Lula o filho do Brasil&#8221;, mas, sem d\u00favida, s\u00e3o enredos da vida de milh\u00f5es de brasileiros e brasileiras e mostram a coragem, a for\u00e7a e a obstina\u00e7\u00e3o intuitiva das mulheres. Gl\u00f3ria Pires, ao referir-se \u00e0 personagem que interpretava, contou: &#8220;O que me tocou foi o estado de emo\u00e7\u00e3o das pessoas quando come\u00e7avam a falar dela. Um primo dela falou: &#8216;Lindu era uma coisa linda. Era uma alegria&#8217;. Embora fosse extremamente sofrida, tivesse perdido tr\u00eas filhos e tr\u00eas irm\u00e3os, apesar das dificuldades, ela gostava de contar piada, cantava. Era positiva, uma mulher muito viva&#8221;.<\/p>\n<p>Talvez, n\u00e3o por outra raz\u00e3o, o presidente Lula, ao escolher a sua sucessora, tenha escolhido Dilma Roussef, mulher que representa a hist\u00f3ria de luta de milh\u00f5es de mulheres desse pa\u00eds e que pode vir a ser a primeira presidenta desta Na\u00e7\u00e3o.<br \/>\nEm Mato Grosso do Sul, essas mulheres &#8211; Dona Assun\u00e7\u00e3o, Marta Guarani, Oliva Enciso, Dona Aparecida Loubet, Dorcelina Folador e Dona Gilda, entre tantas &#8211; simbolizam para mim as lutas  e a beleza de todas as mulheres na busca da supera\u00e7\u00e3o das desigualdades e dos preconceitos que ainda permeiam as nossas sociedades. E elas, essas mulheres doces e guerreiras, com seus exemplos, nos d\u00e3o a certeza de que com a uni\u00e3o de todas as for\u00e7as da sociedade ser\u00e1 poss\u00edvel superar os preconceitos e fazer um mundo mais humano, justo e em paz.<\/p>\n","protected":false},"excerpt":{"rendered":"<p>Artigo do deputado federal Vander Loubet sobre os 100 anos do Dia Internacional da Mulher (comemorado em 8 de mar\u00e7o), baseado no filme &#8220;Lula, o Filho do Brasil&#8221;.<\/p>\n","protected":false},"author":2,"featured_media":0,"comment_status":"closed","ping_status":"open","sticky":false,"template":"","format":"standard","meta":{"jetpack_post_was_ever_published":false,"_jetpack_newsletter_access":"","_jetpack_dont_email_post_to_subs":false,"_jetpack_newsletter_tier_id":0,"_jetpack_memberships_contains_paywalled_content":false,"_jetpack_memberships_contains_paid_content":false,"footnotes":""},"categories":[11],"tags":[186,1159,1189,1340,2035],"class_list":{"0":"post-284","1":"post","2":"type-post","3":"status-publish","4":"format-standard","6":"category-opinioes","7":"tag-artigo","8":"tag-lindu","9":"tag-lula","10":"tag-mulher","11":"tag-vander-loubet"},"yoast_head":"<!-- This site is optimized with the Yoast SEO plugin v27.4 - https:\/\/yoast.com\/product\/yoast-seo-wordpress\/ -->\n<title>Dona Lindu, a M\u00e3e do Brasil<\/title>\n<meta name=\"robots\" content=\"index, follow, max-snippet:-1, max-image-preview:large, max-video-preview:-1\" \/>\n<link rel=\"canonical\" href=\"https:\/\/vanderloubet.com.br\/deputado\/dona-lindu-a-mae-do-brasil\/\" \/>\n<meta property=\"og:locale\" content=\"pt_BR\" \/>\n<meta property=\"og:type\" content=\"article\" \/>\n<meta property=\"og:title\" content=\"Dona Lindu, a M\u00e3e do Brasil\" \/>\n<meta property=\"og:description\" content=\"Artigo do deputado federal Vander Loubet sobre os 100 anos do Dia Internacional da Mulher (comemorado em 8 de mar\u00e7o), baseado no filme &quot;Lula, o Filho do Brasil&quot;.\" \/>\n<meta property=\"og:url\" content=\"https:\/\/vanderloubet.com.br\/deputado\/dona-lindu-a-mae-do-brasil\/\" \/>\n<meta property=\"og:site_name\" content=\"Deputado Federal Vander Loubet\" \/>\n<meta property=\"article:publisher\" content=\"https:\/\/facebook.com\/deputadovander\" \/>\n<meta property=\"article:published_time\" content=\"2010-03-08T14:02:17+00:00\" \/>\n<meta property=\"og:image\" content=\"http:\/\/www.deputadovander.com.br\/website\/wp-content\/uploads\/2010\/03\/2010-03-08-dona-lindu-300x225.jpg\" \/>\n<meta name=\"author\" content=\"\u00c9der\" \/>\n<meta name=\"twitter:card\" content=\"summary_large_image\" \/>\n<meta name=\"twitter:creator\" content=\"@vanderloubet\" \/>\n<meta name=\"twitter:site\" content=\"@vanderloubet\" \/>\n<script type=\"application\/ld+json\" class=\"yoast-schema-graph\">{\"@context\":\"https:\\\/\\\/schema.org\",\"@graph\":[{\"@type\":\"Article\",\"@id\":\"https:\\\/\\\/vanderloubet.com.br\\\/deputado\\\/dona-lindu-a-mae-do-brasil\\\/#article\",\"isPartOf\":{\"@id\":\"https:\\\/\\\/vanderloubet.com.br\\\/deputado\\\/dona-lindu-a-mae-do-brasil\\\/\"},\"author\":{\"name\":\"\u00c9der\",\"@id\":\"https:\\\/\\\/vanderloubet.com.br\\\/deputado\\\/#\\\/schema\\\/person\\\/15b51bd564532a8a68d9dec1b8eb890e\"},\"headline\":\"Dona Lindu, a M\u00e3e do Brasil\",\"datePublished\":\"2010-03-08T14:02:17+00:00\",\"mainEntityOfPage\":{\"@id\":\"https:\\\/\\\/vanderloubet.com.br\\\/deputado\\\/dona-lindu-a-mae-do-brasil\\\/\"},\"wordCount\":930,\"publisher\":{\"@id\":\"https:\\\/\\\/vanderloubet.com.br\\\/deputado\\\/#organization\"},\"image\":{\"@id\":\"https:\\\/\\\/vanderloubet.com.br\\\/deputado\\\/dona-lindu-a-mae-do-brasil\\\/#primaryimage\"},\"thumbnailUrl\":\"http:\\\/\\\/www.deputadovander.com.br\\\/website\\\/wp-content\\\/uploads\\\/2010\\\/03\\\/2010-03-08-dona-lindu-300x225.jpg\",\"keywords\":[\"artigo\",\"lindu\",\"lula\",\"mulher\",\"vander loubet\"],\"articleSection\":[\"Opini\u00e3o\"],\"inLanguage\":\"pt-BR\"},{\"@type\":\"WebPage\",\"@id\":\"https:\\\/\\\/vanderloubet.com.br\\\/deputado\\\/dona-lindu-a-mae-do-brasil\\\/\",\"url\":\"https:\\\/\\\/vanderloubet.com.br\\\/deputado\\\/dona-lindu-a-mae-do-brasil\\\/\",\"name\":\"Dona Lindu, a M\u00e3e do Brasil\",\"isPartOf\":{\"@id\":\"https:\\\/\\\/vanderloubet.com.br\\\/deputado\\\/#website\"},\"primaryImageOfPage\":{\"@id\":\"https:\\\/\\\/vanderloubet.com.br\\\/deputado\\\/dona-lindu-a-mae-do-brasil\\\/#primaryimage\"},\"image\":{\"@id\":\"https:\\\/\\\/vanderloubet.com.br\\\/deputado\\\/dona-lindu-a-mae-do-brasil\\\/#primaryimage\"},\"thumbnailUrl\":\"http:\\\/\\\/www.deputadovander.com.br\\\/website\\\/wp-content\\\/uploads\\\/2010\\\/03\\\/2010-03-08-dona-lindu-300x225.jpg\",\"datePublished\":\"2010-03-08T14:02:17+00:00\",\"breadcrumb\":{\"@id\":\"https:\\\/\\\/vanderloubet.com.br\\\/deputado\\\/dona-lindu-a-mae-do-brasil\\\/#breadcrumb\"},\"inLanguage\":\"pt-BR\",\"potentialAction\":[{\"@type\":\"ReadAction\",\"target\":[\"https:\\\/\\\/vanderloubet.com.br\\\/deputado\\\/dona-lindu-a-mae-do-brasil\\\/\"]}]},{\"@type\":\"ImageObject\",\"inLanguage\":\"pt-BR\",\"@id\":\"https:\\\/\\\/vanderloubet.com.br\\\/deputado\\\/dona-lindu-a-mae-do-brasil\\\/#primaryimage\",\"url\":\"http:\\\/\\\/www.deputadovander.com.br\\\/website\\\/wp-content\\\/uploads\\\/2010\\\/03\\\/2010-03-08-dona-lindu-300x225.jpg\",\"contentUrl\":\"http:\\\/\\\/www.deputadovander.com.br\\\/website\\\/wp-content\\\/uploads\\\/2010\\\/03\\\/2010-03-08-dona-lindu-300x225.jpg\"},{\"@type\":\"BreadcrumbList\",\"@id\":\"https:\\\/\\\/vanderloubet.com.br\\\/deputado\\\/dona-lindu-a-mae-do-brasil\\\/#breadcrumb\",\"itemListElement\":[{\"@type\":\"ListItem\",\"position\":1,\"name\":\"In\u00edcio\",\"item\":\"https:\\\/\\\/vanderloubet.com.br\\\/deputado\\\/\"},{\"@type\":\"ListItem\",\"position\":2,\"name\":\"Dona Lindu, a M\u00e3e do Brasil\"}]},{\"@type\":\"WebSite\",\"@id\":\"https:\\\/\\\/vanderloubet.com.br\\\/deputado\\\/#website\",\"url\":\"https:\\\/\\\/vanderloubet.com.br\\\/deputado\\\/\",\"name\":\"Deputado Federal Vander Loubet\",\"description\":\"O Federal de MS\",\"publisher\":{\"@id\":\"https:\\\/\\\/vanderloubet.com.br\\\/deputado\\\/#organization\"},\"alternateName\":\"Deputado Vander\",\"potentialAction\":[{\"@type\":\"SearchAction\",\"target\":{\"@type\":\"EntryPoint\",\"urlTemplate\":\"https:\\\/\\\/vanderloubet.com.br\\\/deputado\\\/?s={search_term_string}\"},\"query-input\":{\"@type\":\"PropertyValueSpecification\",\"valueRequired\":true,\"valueName\":\"search_term_string\"}}],\"inLanguage\":\"pt-BR\"},{\"@type\":\"Organization\",\"@id\":\"https:\\\/\\\/vanderloubet.com.br\\\/deputado\\\/#organization\",\"name\":\"Deputado Federal Vander Loubet\",\"alternateName\":\"Deputado Vander\",\"url\":\"https:\\\/\\\/vanderloubet.com.br\\\/deputado\\\/\",\"logo\":{\"@type\":\"ImageObject\",\"inLanguage\":\"pt-BR\",\"@id\":\"https:\\\/\\\/vanderloubet.com.br\\\/deputado\\\/#\\\/schema\\\/logo\\\/image\\\/\",\"url\":\"https:\\\/\\\/vanderloubet.com.br\\\/deputado\\\/wp-content\\\/uploads\\\/2023\\\/06\\\/foto-2023-06-19-mandato-deputado-vander.jpg\",\"contentUrl\":\"https:\\\/\\\/vanderloubet.com.br\\\/deputado\\\/wp-content\\\/uploads\\\/2023\\\/06\\\/foto-2023-06-19-mandato-deputado-vander.jpg\",\"width\":1080,\"height\":1080,\"caption\":\"Deputado Federal Vander Loubet\"},\"image\":{\"@id\":\"https:\\\/\\\/vanderloubet.com.br\\\/deputado\\\/#\\\/schema\\\/logo\\\/image\\\/\"},\"sameAs\":[\"https:\\\/\\\/facebook.com\\\/deputadovander\",\"https:\\\/\\\/x.com\\\/vanderloubet\",\"https:\\\/\\\/instagram.com\\\/vanderloubet\",\"https:\\\/\\\/youtube.com\\\/vanderloubet\",\"https:\\\/\\\/tiktok.com\\\/@vanderloubetms\"]},{\"@type\":\"Person\",\"@id\":\"https:\\\/\\\/vanderloubet.com.br\\\/deputado\\\/#\\\/schema\\\/person\\\/15b51bd564532a8a68d9dec1b8eb890e\",\"name\":\"\u00c9der\",\"image\":{\"@type\":\"ImageObject\",\"inLanguage\":\"pt-BR\",\"@id\":\"https:\\\/\\\/vanderloubet.com.br\\\/deputado\\\/wp-content\\\/litespeed\\\/avatar\\\/88ca4090d9d5ab1c9495f6ca03b68efa.jpg?ver=1777058957\",\"url\":\"https:\\\/\\\/vanderloubet.com.br\\\/deputado\\\/wp-content\\\/litespeed\\\/avatar\\\/88ca4090d9d5ab1c9495f6ca03b68efa.jpg?ver=1777058957\",\"contentUrl\":\"https:\\\/\\\/vanderloubet.com.br\\\/deputado\\\/wp-content\\\/litespeed\\\/avatar\\\/88ca4090d9d5ab1c9495f6ca03b68efa.jpg?ver=1777058957\",\"caption\":\"\u00c9der\"}}]}<\/script>\n<!-- \/ Yoast SEO plugin. -->","yoast_head_json":{"title":"Dona Lindu, a M\u00e3e do Brasil","robots":{"index":"index","follow":"follow","max-snippet":"max-snippet:-1","max-image-preview":"max-image-preview:large","max-video-preview":"max-video-preview:-1"},"canonical":"https:\/\/vanderloubet.com.br\/deputado\/dona-lindu-a-mae-do-brasil\/","og_locale":"pt_BR","og_type":"article","og_title":"Dona Lindu, a M\u00e3e do Brasil","og_description":"Artigo do deputado federal Vander Loubet sobre os 100 anos do Dia Internacional da Mulher (comemorado em 8 de mar\u00e7o), baseado no filme \"Lula, o Filho do Brasil\".","og_url":"https:\/\/vanderloubet.com.br\/deputado\/dona-lindu-a-mae-do-brasil\/","og_site_name":"Deputado Federal Vander Loubet","article_publisher":"https:\/\/facebook.com\/deputadovander","article_published_time":"2010-03-08T14:02:17+00:00","og_image":[{"url":"http:\/\/www.deputadovander.com.br\/website\/wp-content\/uploads\/2010\/03\/2010-03-08-dona-lindu-300x225.jpg","type":"","width":"","height":""}],"author":"\u00c9der","twitter_card":"summary_large_image","twitter_creator":"@vanderloubet","twitter_site":"@vanderloubet","schema":{"@context":"https:\/\/schema.org","@graph":[{"@type":"Article","@id":"https:\/\/vanderloubet.com.br\/deputado\/dona-lindu-a-mae-do-brasil\/#article","isPartOf":{"@id":"https:\/\/vanderloubet.com.br\/deputado\/dona-lindu-a-mae-do-brasil\/"},"author":{"name":"\u00c9der","@id":"https:\/\/vanderloubet.com.br\/deputado\/#\/schema\/person\/15b51bd564532a8a68d9dec1b8eb890e"},"headline":"Dona Lindu, a M\u00e3e do Brasil","datePublished":"2010-03-08T14:02:17+00:00","mainEntityOfPage":{"@id":"https:\/\/vanderloubet.com.br\/deputado\/dona-lindu-a-mae-do-brasil\/"},"wordCount":930,"publisher":{"@id":"https:\/\/vanderloubet.com.br\/deputado\/#organization"},"image":{"@id":"https:\/\/vanderloubet.com.br\/deputado\/dona-lindu-a-mae-do-brasil\/#primaryimage"},"thumbnailUrl":"http:\/\/www.deputadovander.com.br\/website\/wp-content\/uploads\/2010\/03\/2010-03-08-dona-lindu-300x225.jpg","keywords":["artigo","lindu","lula","mulher","vander loubet"],"articleSection":["Opini\u00e3o"],"inLanguage":"pt-BR"},{"@type":"WebPage","@id":"https:\/\/vanderloubet.com.br\/deputado\/dona-lindu-a-mae-do-brasil\/","url":"https:\/\/vanderloubet.com.br\/deputado\/dona-lindu-a-mae-do-brasil\/","name":"Dona Lindu, a M\u00e3e do Brasil","isPartOf":{"@id":"https:\/\/vanderloubet.com.br\/deputado\/#website"},"primaryImageOfPage":{"@id":"https:\/\/vanderloubet.com.br\/deputado\/dona-lindu-a-mae-do-brasil\/#primaryimage"},"image":{"@id":"https:\/\/vanderloubet.com.br\/deputado\/dona-lindu-a-mae-do-brasil\/#primaryimage"},"thumbnailUrl":"http:\/\/www.deputadovander.com.br\/website\/wp-content\/uploads\/2010\/03\/2010-03-08-dona-lindu-300x225.jpg","datePublished":"2010-03-08T14:02:17+00:00","breadcrumb":{"@id":"https:\/\/vanderloubet.com.br\/deputado\/dona-lindu-a-mae-do-brasil\/#breadcrumb"},"inLanguage":"pt-BR","potentialAction":[{"@type":"ReadAction","target":["https:\/\/vanderloubet.com.br\/deputado\/dona-lindu-a-mae-do-brasil\/"]}]},{"@type":"ImageObject","inLanguage":"pt-BR","@id":"https:\/\/vanderloubet.com.br\/deputado\/dona-lindu-a-mae-do-brasil\/#primaryimage","url":"http:\/\/www.deputadovander.com.br\/website\/wp-content\/uploads\/2010\/03\/2010-03-08-dona-lindu-300x225.jpg","contentUrl":"http:\/\/www.deputadovander.com.br\/website\/wp-content\/uploads\/2010\/03\/2010-03-08-dona-lindu-300x225.jpg"},{"@type":"BreadcrumbList","@id":"https:\/\/vanderloubet.com.br\/deputado\/dona-lindu-a-mae-do-brasil\/#breadcrumb","itemListElement":[{"@type":"ListItem","position":1,"name":"In\u00edcio","item":"https:\/\/vanderloubet.com.br\/deputado\/"},{"@type":"ListItem","position":2,"name":"Dona Lindu, a M\u00e3e do Brasil"}]},{"@type":"WebSite","@id":"https:\/\/vanderloubet.com.br\/deputado\/#website","url":"https:\/\/vanderloubet.com.br\/deputado\/","name":"Deputado Federal Vander Loubet","description":"O Federal de MS","publisher":{"@id":"https:\/\/vanderloubet.com.br\/deputado\/#organization"},"alternateName":"Deputado Vander","potentialAction":[{"@type":"SearchAction","target":{"@type":"EntryPoint","urlTemplate":"https:\/\/vanderloubet.com.br\/deputado\/?s={search_term_string}"},"query-input":{"@type":"PropertyValueSpecification","valueRequired":true,"valueName":"search_term_string"}}],"inLanguage":"pt-BR"},{"@type":"Organization","@id":"https:\/\/vanderloubet.com.br\/deputado\/#organization","name":"Deputado Federal Vander Loubet","alternateName":"Deputado Vander","url":"https:\/\/vanderloubet.com.br\/deputado\/","logo":{"@type":"ImageObject","inLanguage":"pt-BR","@id":"https:\/\/vanderloubet.com.br\/deputado\/#\/schema\/logo\/image\/","url":"https:\/\/vanderloubet.com.br\/deputado\/wp-content\/uploads\/2023\/06\/foto-2023-06-19-mandato-deputado-vander.jpg","contentUrl":"https:\/\/vanderloubet.com.br\/deputado\/wp-content\/uploads\/2023\/06\/foto-2023-06-19-mandato-deputado-vander.jpg","width":1080,"height":1080,"caption":"Deputado Federal Vander Loubet"},"image":{"@id":"https:\/\/vanderloubet.com.br\/deputado\/#\/schema\/logo\/image\/"},"sameAs":["https:\/\/facebook.com\/deputadovander","https:\/\/x.com\/vanderloubet","https:\/\/instagram.com\/vanderloubet","https:\/\/youtube.com\/vanderloubet","https:\/\/tiktok.com\/@vanderloubetms"]},{"@type":"Person","@id":"https:\/\/vanderloubet.com.br\/deputado\/#\/schema\/person\/15b51bd564532a8a68d9dec1b8eb890e","name":"\u00c9der","image":{"@type":"ImageObject","inLanguage":"pt-BR","@id":"https:\/\/vanderloubet.com.br\/deputado\/wp-content\/litespeed\/avatar\/88ca4090d9d5ab1c9495f6ca03b68efa.jpg?ver=1777058957","url":"https:\/\/vanderloubet.com.br\/deputado\/wp-content\/litespeed\/avatar\/88ca4090d9d5ab1c9495f6ca03b68efa.jpg?ver=1777058957","contentUrl":"https:\/\/vanderloubet.com.br\/deputado\/wp-content\/litespeed\/avatar\/88ca4090d9d5ab1c9495f6ca03b68efa.jpg?ver=1777058957","caption":"\u00c9der"}}]}},"jetpack_featured_media_url":"","jetpack_sharing_enabled":true,"_links":{"self":[{"href":"https:\/\/vanderloubet.com.br\/deputado\/wp-json\/wp\/v2\/posts\/284","targetHints":{"allow":["GET"]}}],"collection":[{"href":"https:\/\/vanderloubet.com.br\/deputado\/wp-json\/wp\/v2\/posts"}],"about":[{"href":"https:\/\/vanderloubet.com.br\/deputado\/wp-json\/wp\/v2\/types\/post"}],"author":[{"embeddable":true,"href":"https:\/\/vanderloubet.com.br\/deputado\/wp-json\/wp\/v2\/users\/2"}],"replies":[{"embeddable":true,"href":"https:\/\/vanderloubet.com.br\/deputado\/wp-json\/wp\/v2\/comments?post=284"}],"version-history":[{"count":0,"href":"https:\/\/vanderloubet.com.br\/deputado\/wp-json\/wp\/v2\/posts\/284\/revisions"}],"wp:attachment":[{"href":"https:\/\/vanderloubet.com.br\/deputado\/wp-json\/wp\/v2\/media?parent=284"}],"wp:term":[{"taxonomy":"category","embeddable":true,"href":"https:\/\/vanderloubet.com.br\/deputado\/wp-json\/wp\/v2\/categories?post=284"},{"taxonomy":"post_tag","embeddable":true,"href":"https:\/\/vanderloubet.com.br\/deputado\/wp-json\/wp\/v2\/tags?post=284"}],"curies":[{"name":"wp","href":"https:\/\/api.w.org\/{rel}","templated":true}]}}