{"id":2817,"date":"2011-01-30T13:33:28","date_gmt":"2011-01-30T17:33:28","guid":{"rendered":"http:\/\/www.deputadovander.com.br\/website\/?p=2817"},"modified":"2011-01-30T13:33:28","modified_gmt":"2011-01-30T17:33:28","slug":"dourados-sera-capital-brasileira-do-beisebol-com-apoio-de-vander","status":"publish","type":"post","link":"https:\/\/vanderloubet.com.br\/deputado\/dourados-sera-capital-brasileira-do-beisebol-com-apoio-de-vander\/","title":{"rendered":"Dourados ser\u00e1 capital brasileira do Beisebol com apoio de Vander"},"content":{"rendered":"<p style=\"text-align: center;\">\n<figure id=\"attachment_2818\" aria-describedby=\"caption-attachment-2818\" style=\"width: 400px\" class=\"wp-caption aligncenter\"><a href=\"http:\/\/www.deputadovander.com.br\/website\/wp-content\/uploads\/2011\/01\/foto-2011-01-30-clube-niponico.jpg\" target=\"_blank\"><img decoding=\"async\" class=\"size-medium wp-image-2818 \" title=\"foto-2011-01-30-clube-niponico\" src=\"http:\/\/www.deputadovander.com.br\/website\/wp-content\/uploads\/2011\/01\/foto-2011-01-30-clube-niponico-400x300.jpg\" alt=\"Vander visita Clube Nip\u00f4nico de Dourados\" width=\"400\" height=\"300\" \/><\/a><figcaption id=\"caption-attachment-2818\" class=\"wp-caption-text\">Vander visita Clube Nip\u00f4nico de Dourados (clique p\/ ampliar)<\/figcaption><\/figure>\n<\/p>\n<p>A cidade de Dourados est\u00e1 se preparando para se transformar, no m\u00eas de julho, na capital brasileira do Beisebol, quando ser\u00e1 disputado o Campeonato Brasileiro Interclubes Adulto, reunindo as principais equipes da regi\u00e3o Centro-Oeste.<\/p>\n<p>Os preparativos est\u00e3o sendo feitos pela Federa\u00e7\u00e3o de Beisebol e Softbol de Mato Grosso do Sul e pelo departamento de esportes da Associa\u00e7\u00e3o Cultural e Esportiva Nipo-Brasileira de Dourados, conhecida como Clube Nip\u00f4nico.<\/p>\n<p>Silvio Nasu, vice-presidente da Federa\u00e7\u00e3o, afirmou que o Campeonato Brasileiro \u00e9 disputado de forma regionalizada e esta etapa de Dourados \u00e9 classificat\u00f3ria para a final e reunir\u00e1 cinco times dos estados de Mato Grosso do Sul, Mato Grosso, Goi\u00e1s e do Distrito Federal.<\/p>\n<p>A primeira a\u00e7\u00e3o para preparar o est\u00e1dio de beisebol do Clube Nip\u00f4nico para a etapa do Brasileiro foi a cria\u00e7\u00e3o de uma escolinha para formar novos atletas. &#8220;H\u00e1 outras a\u00e7\u00f5es, como a obra de cobertura de uma \u00e1rea onde os alunos e os atletas poder\u00e3o treinar. Durante o dia se protegendo do sol e de noite com seguran\u00e7a, ilumina\u00e7\u00e3o e longe da chuva e do sereno&#8221;, destaca Nasu.<\/p>\n<p>Silvio Nasu e o coordenador de beisebol do Clube Nip\u00f4nico, Takeshi Arai, receberam na manh\u00e3 do \u00faltimo s\u00e1bado (29) a visita do deputado federal Vander Loubet (PT-MS), que foi conhecer pessoalmente as a\u00e7\u00f5es da Associa\u00e7\u00e3o e comunicar oficialmente que uma verba de R$ 400 mil, resultado de emenda parlamentar, est\u00e1 dispon\u00edvel na Caixa Econ\u00f4mica Federal (CEF).<\/p>\n<p>&#8220;Junto com a contrapartida da Prefeitura de Dourados, esse recurso ser\u00e1 destinado para a constru\u00e7\u00e3o de uma cobertura com cerca de tr\u00eas mil metros quadrados na \u00e1rea de treinamento do campo de beisebol do Clube&#8221;, afirmou Vander.<\/p>\n<p><strong>Uni\u00e3o da comunidade nip\u00f4nica<\/strong><\/p>\n<p>Segundo o cirurgi\u00e3o-dentista Nobuo Yamashita, presidente da Associa\u00e7\u00e3o Nipo-Brasileira de Dourados, os recursos j\u00e1 est\u00e3o empenhados na CEF e dentro de pouco tempo ser\u00e3o liberados para a realiza\u00e7\u00e3o da obra, que \u00e9 um antigo sonho da comunidade japonesa local.<\/p>\n<p>Yamashita disse que a obra vai beneficiar os quase dez mil nipo-brasileiros que vivem em Dourados e que participam das atividades do Clube Nip\u00f4nico, no Jardim Fl\u00f3rida, fundado em 1954. O presidente do Clube afirmou ainda que o beisebol foi a base da uni\u00e3o da comunidade nip\u00f4nica no munic\u00edpio.<\/p>\n<p>&#8220;Com a cobertura da \u00e1rea de treinamento vamos continuar com nosso trabalho de base na forma\u00e7\u00e3o de novos atletas, j\u00e1 que tr\u00eas jogadores formados em Dourados participam da Sele\u00e7\u00e3o Brasileira. Isso faz do beisebol da nossa associa\u00e7\u00e3o uma refer\u00eancia nacional&#8221;, diz o presidente.<\/p>\n<p>Durante a visita que fez ao est\u00e1dio de beisebol da Associa\u00e7\u00e3o, o deputado Vander foi presenteado pelo vice-presidente da Federa\u00e7\u00e3o de Beisebol de MS com uma bola como forma de reconhecimento a aten\u00e7\u00e3o dada pelo parlamentar ao desenvolvimento deste esporte n\u00e3o s\u00f3 em Dourados como em todo o Mato Grosso do Sul.<\/p>\n<p><small>(\u00c9der Yanaguita &#8211; Assessoria, com informa\u00e7\u00f5es e foto de Nicanor Coelho\/Midiamax News)<\/small><\/p>\n","protected":false},"excerpt":{"rendered":"<p>Deputado esteve em Dourados anunciou verba de R$ 400 mil dispon\u00edvel na CEF, resultado de emenda parlamentar.<\/p>\n","protected":false},"author":2,"featured_media":0,"comment_status":"open","ping_status":"open","sticky":false,"template":"","format":"standard","meta":{"jetpack_post_was_ever_published":false,"_jetpack_newsletter_access":"","_jetpack_dont_email_post_to_subs":false,"_jetpack_newsletter_tier_id":0,"_jetpack_memberships_contains_paywalled_content":false,"_jetpack_memberships_contains_paid_content":false,"footnotes":""},"categories":[10],"tags":[200,251,324,398,458,608,672,739,807,1060,1178,1388,2033],"class_list":{"0":"post-2817","1":"post","2":"type-post","3":"status-publish","4":"format-standard","6":"category-noticias","7":"tag-associacao","8":"tag-beisebol","9":"tag-caixa","10":"tag-cef","11":"tag-clube","12":"tag-deputado","13":"tag-dourados","14":"tag-esporte","15":"tag-federal","16":"tag-japao","17":"tag-loubet","18":"tag-nipo","19":"tag-vander"},"yoast_head":"<!-- This site is optimized with the Yoast SEO plugin v27.4 - https:\/\/yoast.com\/product\/yoast-seo-wordpress\/ -->\n<title>Dourados ser\u00e1 capital brasileira do Beisebol com apoio de Vander<\/title>\n<meta name=\"robots\" content=\"index, follow, max-snippet:-1, max-image-preview:large, max-video-preview:-1\" \/>\n<link rel=\"canonical\" href=\"https:\/\/vanderloubet.com.br\/deputado\/dourados-sera-capital-brasileira-do-beisebol-com-apoio-de-vander\/\" \/>\n<meta property=\"og:locale\" content=\"pt_BR\" \/>\n<meta property=\"og:type\" content=\"article\" \/>\n<meta property=\"og:title\" content=\"Dourados ser\u00e1 capital brasileira do Beisebol com apoio de Vander\" \/>\n<meta property=\"og:description\" content=\"Deputado esteve em Dourados anunciou verba de R$ 400 mil dispon\u00edvel na CEF, resultado de emenda parlamentar.\" \/>\n<meta property=\"og:url\" content=\"https:\/\/vanderloubet.com.br\/deputado\/dourados-sera-capital-brasileira-do-beisebol-com-apoio-de-vander\/\" \/>\n<meta property=\"og:site_name\" content=\"Deputado Federal Vander Loubet\" \/>\n<meta property=\"article:publisher\" content=\"https:\/\/facebook.com\/deputadovander\" \/>\n<meta property=\"article:published_time\" content=\"2011-01-30T17:33:28+00:00\" \/>\n<meta property=\"og:image\" content=\"http:\/\/www.deputadovander.com.br\/website\/wp-content\/uploads\/2011\/01\/foto-2011-01-30-clube-niponico-400x300.jpg\" \/>\n<meta name=\"author\" content=\"\u00c9der\" \/>\n<meta name=\"twitter:card\" content=\"summary_large_image\" \/>\n<meta name=\"twitter:creator\" content=\"@vanderloubet\" \/>\n<meta name=\"twitter:site\" content=\"@vanderloubet\" \/>\n<script type=\"application\/ld+json\" class=\"yoast-schema-graph\">{\"@context\":\"https:\\\/\\\/schema.org\",\"@graph\":[{\"@type\":\"Article\",\"@id\":\"https:\\\/\\\/vanderloubet.com.br\\\/deputado\\\/dourados-sera-capital-brasileira-do-beisebol-com-apoio-de-vander\\\/#article\",\"isPartOf\":{\"@id\":\"https:\\\/\\\/vanderloubet.com.br\\\/deputado\\\/dourados-sera-capital-brasileira-do-beisebol-com-apoio-de-vander\\\/\"},\"author\":{\"name\":\"\u00c9der\",\"@id\":\"https:\\\/\\\/vanderloubet.com.br\\\/deputado\\\/#\\\/schema\\\/person\\\/15b51bd564532a8a68d9dec1b8eb890e\"},\"headline\":\"Dourados ser\u00e1 capital brasileira do Beisebol com apoio de Vander\",\"datePublished\":\"2011-01-30T17:33:28+00:00\",\"mainEntityOfPage\":{\"@id\":\"https:\\\/\\\/vanderloubet.com.br\\\/deputado\\\/dourados-sera-capital-brasileira-do-beisebol-com-apoio-de-vander\\\/\"},\"wordCount\":541,\"commentCount\":0,\"publisher\":{\"@id\":\"https:\\\/\\\/vanderloubet.com.br\\\/deputado\\\/#organization\"},\"image\":{\"@id\":\"https:\\\/\\\/vanderloubet.com.br\\\/deputado\\\/dourados-sera-capital-brasileira-do-beisebol-com-apoio-de-vander\\\/#primaryimage\"},\"thumbnailUrl\":\"http:\\\/\\\/www.deputadovander.com.br\\\/website\\\/wp-content\\\/uploads\\\/2011\\\/01\\\/foto-2011-01-30-clube-niponico-400x300.jpg\",\"keywords\":[\"associa\u00e7\u00e3o\",\"beisebol\",\"caixa\",\"cef\",\"clube\",\"deputado\",\"dourados\",\"esporte\",\"federal\",\"jap\u00e3o\",\"loubet\",\"nipo\",\"vander\"],\"articleSection\":[\"Not\u00edcias\"],\"inLanguage\":\"pt-BR\",\"potentialAction\":[{\"@type\":\"CommentAction\",\"name\":\"Comment\",\"target\":[\"https:\\\/\\\/vanderloubet.com.br\\\/deputado\\\/dourados-sera-capital-brasileira-do-beisebol-com-apoio-de-vander\\\/#respond\"]}]},{\"@type\":\"WebPage\",\"@id\":\"https:\\\/\\\/vanderloubet.com.br\\\/deputado\\\/dourados-sera-capital-brasileira-do-beisebol-com-apoio-de-vander\\\/\",\"url\":\"https:\\\/\\\/vanderloubet.com.br\\\/deputado\\\/dourados-sera-capital-brasileira-do-beisebol-com-apoio-de-vander\\\/\",\"name\":\"Dourados ser\u00e1 capital brasileira do Beisebol com apoio de Vander\",\"isPartOf\":{\"@id\":\"https:\\\/\\\/vanderloubet.com.br\\\/deputado\\\/#website\"},\"primaryImageOfPage\":{\"@id\":\"https:\\\/\\\/vanderloubet.com.br\\\/deputado\\\/dourados-sera-capital-brasileira-do-beisebol-com-apoio-de-vander\\\/#primaryimage\"},\"image\":{\"@id\":\"https:\\\/\\\/vanderloubet.com.br\\\/deputado\\\/dourados-sera-capital-brasileira-do-beisebol-com-apoio-de-vander\\\/#primaryimage\"},\"thumbnailUrl\":\"http:\\\/\\\/www.deputadovander.com.br\\\/website\\\/wp-content\\\/uploads\\\/2011\\\/01\\\/foto-2011-01-30-clube-niponico-400x300.jpg\",\"datePublished\":\"2011-01-30T17:33:28+00:00\",\"breadcrumb\":{\"@id\":\"https:\\\/\\\/vanderloubet.com.br\\\/deputado\\\/dourados-sera-capital-brasileira-do-beisebol-com-apoio-de-vander\\\/#breadcrumb\"},\"inLanguage\":\"pt-BR\",\"potentialAction\":[{\"@type\":\"ReadAction\",\"target\":[\"https:\\\/\\\/vanderloubet.com.br\\\/deputado\\\/dourados-sera-capital-brasileira-do-beisebol-com-apoio-de-vander\\\/\"]}]},{\"@type\":\"ImageObject\",\"inLanguage\":\"pt-BR\",\"@id\":\"https:\\\/\\\/vanderloubet.com.br\\\/deputado\\\/dourados-sera-capital-brasileira-do-beisebol-com-apoio-de-vander\\\/#primaryimage\",\"url\":\"http:\\\/\\\/www.deputadovander.com.br\\\/website\\\/wp-content\\\/uploads\\\/2011\\\/01\\\/foto-2011-01-30-clube-niponico-400x300.jpg\",\"contentUrl\":\"http:\\\/\\\/www.deputadovander.com.br\\\/website\\\/wp-content\\\/uploads\\\/2011\\\/01\\\/foto-2011-01-30-clube-niponico-400x300.jpg\"},{\"@type\":\"BreadcrumbList\",\"@id\":\"https:\\\/\\\/vanderloubet.com.br\\\/deputado\\\/dourados-sera-capital-brasileira-do-beisebol-com-apoio-de-vander\\\/#breadcrumb\",\"itemListElement\":[{\"@type\":\"ListItem\",\"position\":1,\"name\":\"In\u00edcio\",\"item\":\"https:\\\/\\\/vanderloubet.com.br\\\/deputado\\\/\"},{\"@type\":\"ListItem\",\"position\":2,\"name\":\"Dourados ser\u00e1 capital brasileira do Beisebol com apoio de Vander\"}]},{\"@type\":\"WebSite\",\"@id\":\"https:\\\/\\\/vanderloubet.com.br\\\/deputado\\\/#website\",\"url\":\"https:\\\/\\\/vanderloubet.com.br\\\/deputado\\\/\",\"name\":\"Deputado Federal Vander Loubet\",\"description\":\"O Federal de MS\",\"publisher\":{\"@id\":\"https:\\\/\\\/vanderloubet.com.br\\\/deputado\\\/#organization\"},\"alternateName\":\"Deputado Vander\",\"potentialAction\":[{\"@type\":\"SearchAction\",\"target\":{\"@type\":\"EntryPoint\",\"urlTemplate\":\"https:\\\/\\\/vanderloubet.com.br\\\/deputado\\\/?s={search_term_string}\"},\"query-input\":{\"@type\":\"PropertyValueSpecification\",\"valueRequired\":true,\"valueName\":\"search_term_string\"}}],\"inLanguage\":\"pt-BR\"},{\"@type\":\"Organization\",\"@id\":\"https:\\\/\\\/vanderloubet.com.br\\\/deputado\\\/#organization\",\"name\":\"Deputado Federal Vander Loubet\",\"alternateName\":\"Deputado Vander\",\"url\":\"https:\\\/\\\/vanderloubet.com.br\\\/deputado\\\/\",\"logo\":{\"@type\":\"ImageObject\",\"inLanguage\":\"pt-BR\",\"@id\":\"https:\\\/\\\/vanderloubet.com.br\\\/deputado\\\/#\\\/schema\\\/logo\\\/image\\\/\",\"url\":\"https:\\\/\\\/vanderloubet.com.br\\\/deputado\\\/wp-content\\\/uploads\\\/2023\\\/06\\\/foto-2023-06-19-mandato-deputado-vander.jpg\",\"contentUrl\":\"https:\\\/\\\/vanderloubet.com.br\\\/deputado\\\/wp-content\\\/uploads\\\/2023\\\/06\\\/foto-2023-06-19-mandato-deputado-vander.jpg\",\"width\":1080,\"height\":1080,\"caption\":\"Deputado Federal Vander Loubet\"},\"image\":{\"@id\":\"https:\\\/\\\/vanderloubet.com.br\\\/deputado\\\/#\\\/schema\\\/logo\\\/image\\\/\"},\"sameAs\":[\"https:\\\/\\\/facebook.com\\\/deputadovander\",\"https:\\\/\\\/x.com\\\/vanderloubet\",\"https:\\\/\\\/instagram.com\\\/vanderloubet\",\"https:\\\/\\\/youtube.com\\\/vanderloubet\",\"https:\\\/\\\/tiktok.com\\\/@vanderloubetms\"]},{\"@type\":\"Person\",\"@id\":\"https:\\\/\\\/vanderloubet.com.br\\\/deputado\\\/#\\\/schema\\\/person\\\/15b51bd564532a8a68d9dec1b8eb890e\",\"name\":\"\u00c9der\",\"image\":{\"@type\":\"ImageObject\",\"inLanguage\":\"pt-BR\",\"@id\":\"https:\\\/\\\/vanderloubet.com.br\\\/deputado\\\/wp-content\\\/litespeed\\\/avatar\\\/88ca4090d9d5ab1c9495f6ca03b68efa.jpg?ver=1777058957\",\"url\":\"https:\\\/\\\/vanderloubet.com.br\\\/deputado\\\/wp-content\\\/litespeed\\\/avatar\\\/88ca4090d9d5ab1c9495f6ca03b68efa.jpg?ver=1777058957\",\"contentUrl\":\"https:\\\/\\\/vanderloubet.com.br\\\/deputado\\\/wp-content\\\/litespeed\\\/avatar\\\/88ca4090d9d5ab1c9495f6ca03b68efa.jpg?ver=1777058957\",\"caption\":\"\u00c9der\"}}]}<\/script>\n<!-- \/ Yoast SEO plugin. -->","yoast_head_json":{"title":"Dourados ser\u00e1 capital brasileira do Beisebol com apoio de Vander","robots":{"index":"index","follow":"follow","max-snippet":"max-snippet:-1","max-image-preview":"max-image-preview:large","max-video-preview":"max-video-preview:-1"},"canonical":"https:\/\/vanderloubet.com.br\/deputado\/dourados-sera-capital-brasileira-do-beisebol-com-apoio-de-vander\/","og_locale":"pt_BR","og_type":"article","og_title":"Dourados ser\u00e1 capital brasileira do Beisebol com apoio de Vander","og_description":"Deputado esteve em Dourados anunciou verba de R$ 400 mil dispon\u00edvel na CEF, resultado de emenda parlamentar.","og_url":"https:\/\/vanderloubet.com.br\/deputado\/dourados-sera-capital-brasileira-do-beisebol-com-apoio-de-vander\/","og_site_name":"Deputado Federal Vander Loubet","article_publisher":"https:\/\/facebook.com\/deputadovander","article_published_time":"2011-01-30T17:33:28+00:00","og_image":[{"url":"http:\/\/www.deputadovander.com.br\/website\/wp-content\/uploads\/2011\/01\/foto-2011-01-30-clube-niponico-400x300.jpg","type":"","width":"","height":""}],"author":"\u00c9der","twitter_card":"summary_large_image","twitter_creator":"@vanderloubet","twitter_site":"@vanderloubet","schema":{"@context":"https:\/\/schema.org","@graph":[{"@type":"Article","@id":"https:\/\/vanderloubet.com.br\/deputado\/dourados-sera-capital-brasileira-do-beisebol-com-apoio-de-vander\/#article","isPartOf":{"@id":"https:\/\/vanderloubet.com.br\/deputado\/dourados-sera-capital-brasileira-do-beisebol-com-apoio-de-vander\/"},"author":{"name":"\u00c9der","@id":"https:\/\/vanderloubet.com.br\/deputado\/#\/schema\/person\/15b51bd564532a8a68d9dec1b8eb890e"},"headline":"Dourados ser\u00e1 capital brasileira do Beisebol com apoio de Vander","datePublished":"2011-01-30T17:33:28+00:00","mainEntityOfPage":{"@id":"https:\/\/vanderloubet.com.br\/deputado\/dourados-sera-capital-brasileira-do-beisebol-com-apoio-de-vander\/"},"wordCount":541,"commentCount":0,"publisher":{"@id":"https:\/\/vanderloubet.com.br\/deputado\/#organization"},"image":{"@id":"https:\/\/vanderloubet.com.br\/deputado\/dourados-sera-capital-brasileira-do-beisebol-com-apoio-de-vander\/#primaryimage"},"thumbnailUrl":"http:\/\/www.deputadovander.com.br\/website\/wp-content\/uploads\/2011\/01\/foto-2011-01-30-clube-niponico-400x300.jpg","keywords":["associa\u00e7\u00e3o","beisebol","caixa","cef","clube","deputado","dourados","esporte","federal","jap\u00e3o","loubet","nipo","vander"],"articleSection":["Not\u00edcias"],"inLanguage":"pt-BR","potentialAction":[{"@type":"CommentAction","name":"Comment","target":["https:\/\/vanderloubet.com.br\/deputado\/dourados-sera-capital-brasileira-do-beisebol-com-apoio-de-vander\/#respond"]}]},{"@type":"WebPage","@id":"https:\/\/vanderloubet.com.br\/deputado\/dourados-sera-capital-brasileira-do-beisebol-com-apoio-de-vander\/","url":"https:\/\/vanderloubet.com.br\/deputado\/dourados-sera-capital-brasileira-do-beisebol-com-apoio-de-vander\/","name":"Dourados ser\u00e1 capital brasileira do Beisebol com apoio de Vander","isPartOf":{"@id":"https:\/\/vanderloubet.com.br\/deputado\/#website"},"primaryImageOfPage":{"@id":"https:\/\/vanderloubet.com.br\/deputado\/dourados-sera-capital-brasileira-do-beisebol-com-apoio-de-vander\/#primaryimage"},"image":{"@id":"https:\/\/vanderloubet.com.br\/deputado\/dourados-sera-capital-brasileira-do-beisebol-com-apoio-de-vander\/#primaryimage"},"thumbnailUrl":"http:\/\/www.deputadovander.com.br\/website\/wp-content\/uploads\/2011\/01\/foto-2011-01-30-clube-niponico-400x300.jpg","datePublished":"2011-01-30T17:33:28+00:00","breadcrumb":{"@id":"https:\/\/vanderloubet.com.br\/deputado\/dourados-sera-capital-brasileira-do-beisebol-com-apoio-de-vander\/#breadcrumb"},"inLanguage":"pt-BR","potentialAction":[{"@type":"ReadAction","target":["https:\/\/vanderloubet.com.br\/deputado\/dourados-sera-capital-brasileira-do-beisebol-com-apoio-de-vander\/"]}]},{"@type":"ImageObject","inLanguage":"pt-BR","@id":"https:\/\/vanderloubet.com.br\/deputado\/dourados-sera-capital-brasileira-do-beisebol-com-apoio-de-vander\/#primaryimage","url":"http:\/\/www.deputadovander.com.br\/website\/wp-content\/uploads\/2011\/01\/foto-2011-01-30-clube-niponico-400x300.jpg","contentUrl":"http:\/\/www.deputadovander.com.br\/website\/wp-content\/uploads\/2011\/01\/foto-2011-01-30-clube-niponico-400x300.jpg"},{"@type":"BreadcrumbList","@id":"https:\/\/vanderloubet.com.br\/deputado\/dourados-sera-capital-brasileira-do-beisebol-com-apoio-de-vander\/#breadcrumb","itemListElement":[{"@type":"ListItem","position":1,"name":"In\u00edcio","item":"https:\/\/vanderloubet.com.br\/deputado\/"},{"@type":"ListItem","position":2,"name":"Dourados ser\u00e1 capital brasileira do Beisebol com apoio de Vander"}]},{"@type":"WebSite","@id":"https:\/\/vanderloubet.com.br\/deputado\/#website","url":"https:\/\/vanderloubet.com.br\/deputado\/","name":"Deputado Federal Vander Loubet","description":"O Federal de MS","publisher":{"@id":"https:\/\/vanderloubet.com.br\/deputado\/#organization"},"alternateName":"Deputado Vander","potentialAction":[{"@type":"SearchAction","target":{"@type":"EntryPoint","urlTemplate":"https:\/\/vanderloubet.com.br\/deputado\/?s={search_term_string}"},"query-input":{"@type":"PropertyValueSpecification","valueRequired":true,"valueName":"search_term_string"}}],"inLanguage":"pt-BR"},{"@type":"Organization","@id":"https:\/\/vanderloubet.com.br\/deputado\/#organization","name":"Deputado Federal Vander Loubet","alternateName":"Deputado Vander","url":"https:\/\/vanderloubet.com.br\/deputado\/","logo":{"@type":"ImageObject","inLanguage":"pt-BR","@id":"https:\/\/vanderloubet.com.br\/deputado\/#\/schema\/logo\/image\/","url":"https:\/\/vanderloubet.com.br\/deputado\/wp-content\/uploads\/2023\/06\/foto-2023-06-19-mandato-deputado-vander.jpg","contentUrl":"https:\/\/vanderloubet.com.br\/deputado\/wp-content\/uploads\/2023\/06\/foto-2023-06-19-mandato-deputado-vander.jpg","width":1080,"height":1080,"caption":"Deputado Federal Vander Loubet"},"image":{"@id":"https:\/\/vanderloubet.com.br\/deputado\/#\/schema\/logo\/image\/"},"sameAs":["https:\/\/facebook.com\/deputadovander","https:\/\/x.com\/vanderloubet","https:\/\/instagram.com\/vanderloubet","https:\/\/youtube.com\/vanderloubet","https:\/\/tiktok.com\/@vanderloubetms"]},{"@type":"Person","@id":"https:\/\/vanderloubet.com.br\/deputado\/#\/schema\/person\/15b51bd564532a8a68d9dec1b8eb890e","name":"\u00c9der","image":{"@type":"ImageObject","inLanguage":"pt-BR","@id":"https:\/\/vanderloubet.com.br\/deputado\/wp-content\/litespeed\/avatar\/88ca4090d9d5ab1c9495f6ca03b68efa.jpg?ver=1777058957","url":"https:\/\/vanderloubet.com.br\/deputado\/wp-content\/litespeed\/avatar\/88ca4090d9d5ab1c9495f6ca03b68efa.jpg?ver=1777058957","contentUrl":"https:\/\/vanderloubet.com.br\/deputado\/wp-content\/litespeed\/avatar\/88ca4090d9d5ab1c9495f6ca03b68efa.jpg?ver=1777058957","caption":"\u00c9der"}}]}},"jetpack_featured_media_url":"","jetpack_sharing_enabled":true,"_links":{"self":[{"href":"https:\/\/vanderloubet.com.br\/deputado\/wp-json\/wp\/v2\/posts\/2817","targetHints":{"allow":["GET"]}}],"collection":[{"href":"https:\/\/vanderloubet.com.br\/deputado\/wp-json\/wp\/v2\/posts"}],"about":[{"href":"https:\/\/vanderloubet.com.br\/deputado\/wp-json\/wp\/v2\/types\/post"}],"author":[{"embeddable":true,"href":"https:\/\/vanderloubet.com.br\/deputado\/wp-json\/wp\/v2\/users\/2"}],"replies":[{"embeddable":true,"href":"https:\/\/vanderloubet.com.br\/deputado\/wp-json\/wp\/v2\/comments?post=2817"}],"version-history":[{"count":0,"href":"https:\/\/vanderloubet.com.br\/deputado\/wp-json\/wp\/v2\/posts\/2817\/revisions"}],"wp:attachment":[{"href":"https:\/\/vanderloubet.com.br\/deputado\/wp-json\/wp\/v2\/media?parent=2817"}],"wp:term":[{"taxonomy":"category","embeddable":true,"href":"https:\/\/vanderloubet.com.br\/deputado\/wp-json\/wp\/v2\/categories?post=2817"},{"taxonomy":"post_tag","embeddable":true,"href":"https:\/\/vanderloubet.com.br\/deputado\/wp-json\/wp\/v2\/tags?post=2817"}],"curies":[{"name":"wp","href":"https:\/\/api.w.org\/{rel}","templated":true}]}}