{"id":2779,"date":"2011-01-02T19:08:19","date_gmt":"2011-01-02T23:08:19","guid":{"rendered":"http:\/\/www.deputadovander.com.br\/website\/?p=2779"},"modified":"2011-01-02T19:08:19","modified_gmt":"2011-01-02T23:08:19","slug":"dilma-compromisso-e-trabalhar-para-tornar-o-pais-do-tamanho-de-nossos-sonhos","status":"publish","type":"post","link":"https:\/\/vanderloubet.com.br\/deputado\/dilma-compromisso-e-trabalhar-para-tornar-o-pais-do-tamanho-de-nossos-sonhos\/","title":{"rendered":"Dilma: compromisso \u00e9 consolidar os avan\u00e7os"},"content":{"rendered":"<p style=\"text-align: center;\">\n<figure id=\"attachment_2780\" aria-describedby=\"caption-attachment-2780\" style=\"width: 300px\" class=\"wp-caption aligncenter\"><a href=\"http:\/\/www.deputadovander.com.br\/website\/wp-content\/uploads\/2011\/01\/foto-2011-01-02-posse-dilma.jpg\" target=\"_blank\"><img decoding=\"async\" class=\"size-medium wp-image-2780 \" title=\"foto-2011-01-02-posse-dilma\" src=\"http:\/\/www.deputadovander.com.br\/website\/wp-content\/uploads\/2011\/01\/foto-2011-01-02-posse-dilma-300x185.jpg\" alt=\"Dilma recebe faixa presidencial de Lula\" width=\"300\" height=\"185\" \/><\/a><figcaption id=\"caption-attachment-2780\" class=\"wp-caption-text\">Dilma recebe faixa presidencial de Lula<\/figcaption><\/figure>\n<\/p>\n<p>Ap\u00f3s receber a faixa presidencial do presidente Lula na rampa do Pal\u00e1cio do Planalto, em Bras\u00edlia (DF), no s\u00e1bado (1), a presidenta Dilma Rousseff discursou no Parlat\u00f3rio ao lado do seu vice, Michel Temer, enfatizando o seu compromisso em consolidar os avan\u00e7os conquistados nos \u00faltimos oito anos.<\/p>\n<p>&#8220;Eu estou feliz como raras vezes estive na minha vida&#8221;, disse ela, admitindo estar emocionada tamb\u00e9m pelo encerramento do mandato &#8220;do maior l\u00edder popular que este Pa\u00eds j\u00e1 teve&#8221;. Dilma reconheceu que foram as importantes transforma\u00e7\u00f5es que o Pa\u00eds passou nos \u00faltimos oito anos que permitiu que a popula\u00e7\u00e3o ousasse em colocar, pela primeira vez na hist\u00f3ria do Brasil, uma mulher na Presid\u00eancia da Rep\u00fablica.<\/p>\n<p>Dilma aproveitou o seu discurso para homenagear tamb\u00e9m o vice-presidente Jos\u00e9 Alencar, que n\u00e3o pode comparecer \u00e0 posse em Bras\u00edlia por ainda estar se recuperando de problemas de sa\u00fade que enfrentou nos \u00faltimos dias. &#8220;Que exemplo de coragem e amor \u00e0 vida nos d\u00e1 esse homem. E que parceria Lula e Jos\u00e9 Alencar fizeram pelo Brasil e pelo nosso povo&#8221;, afirmou.<\/p>\n<p>Sabendo que substituir um l\u00edder como Lula \u00e9 um grande desafio, Dilma disse \u00e0 multid\u00e3o que lotava a Pra\u00e7a dos Tr\u00eas Poderes que honrar\u00e1 esse legado e que vai avan\u00e7ar nas reformas e conquistas necess\u00e1rias para garantir aos brasileiros melhor educa\u00e7\u00e3o, sa\u00fade e seguran\u00e7a.<\/p>\n<p>A presidente disse que n\u00e3o pedir\u00e1 a ningu\u00e9m que abdique de suas convic\u00e7\u00f5es, destacando que pretende buscar apoio e respeitar as cr\u00edticas. Disse ainda que o momento agora \u00e9 de trabalho e uni\u00e3o para dar melhor educa\u00e7\u00e3o \u00e0s crian\u00e7as, sa\u00fade de qualidade ao povo, seguran\u00e7as \u00e0s comunidades e continuar crescendo e gerando emprego para as atuais e futuras gera\u00e7\u00f5es.<\/p>\n<p>&#8220;O meu sonho \u00e9 o mesmo de qualquer cidad\u00e3o e cidad\u00e3o. O sonho de que uma m\u00e3e e um pai possam oferecer aos seus filhos oportunidades melhores do que a que eles tiveram em suas vidas. \u00c9 isso que constr\u00f3i um Pa\u00eds, uma fam\u00edlia, uma Na\u00e7\u00e3o&#8221;, afirmou a presidenta.<\/p>\n<p><small>(\u00c9der Yanaguita &#8211; Assessoria de Comunica\u00e7\u00e3o, com informa\u00e7\u00f5es do Blog do Planalto)<\/small><\/p>\n","protected":false},"excerpt":{"rendered":"<p>Em discurso, a presidenta disse que honrar\u00e1 legado de Lula e que vai avan\u00e7ar nas reformas e conquistas do Brasil.<\/p>\n","protected":false},"author":2,"featured_media":0,"comment_status":"open","ping_status":"open","sticky":false,"template":"","format":"standard","meta":{"jetpack_post_was_ever_published":false,"_jetpack_newsletter_access":"","_jetpack_dont_email_post_to_subs":false,"_jetpack_newsletter_tier_id":0,"_jetpack_memberships_contains_paywalled_content":false,"_jetpack_memberships_contains_paid_content":false,"footnotes":""},"categories":[10],"tags":[91,299,631,648,1089,1189,1282,1454,1553,1612,1613,1757,1933],"class_list":{"0":"post-2779","1":"post","2":"type-post","3":"status-publish","4":"format-standard","6":"category-noticias","7":"tag-alencar","8":"tag-brasil","9":"tag-dilma","10":"tag-discurso","11":"tag-jose","12":"tag-lula","13":"tag-michel","14":"tag-palacio","15":"tag-planalto","16":"tag-presidencia","17":"tag-presidenta","18":"tag-rousseff","19":"tag-temer"},"yoast_head":"<!-- This site is optimized with the Yoast SEO plugin v27.4 - https:\/\/yoast.com\/product\/yoast-seo-wordpress\/ -->\n<title>Dilma: compromisso \u00e9 consolidar os avan\u00e7os<\/title>\n<meta name=\"robots\" content=\"index, follow, max-snippet:-1, max-image-preview:large, max-video-preview:-1\" \/>\n<link rel=\"canonical\" href=\"https:\/\/vanderloubet.com.br\/deputado\/dilma-compromisso-e-trabalhar-para-tornar-o-pais-do-tamanho-de-nossos-sonhos\/\" \/>\n<meta property=\"og:locale\" content=\"pt_BR\" \/>\n<meta property=\"og:type\" content=\"article\" \/>\n<meta property=\"og:title\" content=\"Dilma: compromisso \u00e9 consolidar os avan\u00e7os\" \/>\n<meta property=\"og:description\" content=\"Em discurso, a presidenta disse que honrar\u00e1 legado de Lula e que vai avan\u00e7ar nas reformas e conquistas do Brasil.\" \/>\n<meta property=\"og:url\" content=\"https:\/\/vanderloubet.com.br\/deputado\/dilma-compromisso-e-trabalhar-para-tornar-o-pais-do-tamanho-de-nossos-sonhos\/\" \/>\n<meta property=\"og:site_name\" content=\"Deputado Federal Vander Loubet\" \/>\n<meta property=\"article:publisher\" content=\"https:\/\/facebook.com\/deputadovander\" \/>\n<meta property=\"article:published_time\" content=\"2011-01-02T23:08:19+00:00\" \/>\n<meta property=\"og:image\" content=\"http:\/\/www.deputadovander.com.br\/website\/wp-content\/uploads\/2011\/01\/foto-2011-01-02-posse-dilma-300x185.jpg\" \/>\n<meta name=\"author\" content=\"\u00c9der\" \/>\n<meta name=\"twitter:card\" content=\"summary_large_image\" \/>\n<meta name=\"twitter:creator\" content=\"@vanderloubet\" \/>\n<meta name=\"twitter:site\" content=\"@vanderloubet\" \/>\n<script type=\"application\/ld+json\" class=\"yoast-schema-graph\">{\"@context\":\"https:\\\/\\\/schema.org\",\"@graph\":[{\"@type\":\"Article\",\"@id\":\"https:\\\/\\\/vanderloubet.com.br\\\/deputado\\\/dilma-compromisso-e-trabalhar-para-tornar-o-pais-do-tamanho-de-nossos-sonhos\\\/#article\",\"isPartOf\":{\"@id\":\"https:\\\/\\\/vanderloubet.com.br\\\/deputado\\\/dilma-compromisso-e-trabalhar-para-tornar-o-pais-do-tamanho-de-nossos-sonhos\\\/\"},\"author\":{\"name\":\"\u00c9der\",\"@id\":\"https:\\\/\\\/vanderloubet.com.br\\\/deputado\\\/#\\\/schema\\\/person\\\/15b51bd564532a8a68d9dec1b8eb890e\"},\"headline\":\"Dilma: compromisso \u00e9 consolidar os avan\u00e7os\",\"datePublished\":\"2011-01-02T23:08:19+00:00\",\"mainEntityOfPage\":{\"@id\":\"https:\\\/\\\/vanderloubet.com.br\\\/deputado\\\/dilma-compromisso-e-trabalhar-para-tornar-o-pais-do-tamanho-de-nossos-sonhos\\\/\"},\"wordCount\":396,\"commentCount\":0,\"publisher\":{\"@id\":\"https:\\\/\\\/vanderloubet.com.br\\\/deputado\\\/#organization\"},\"image\":{\"@id\":\"https:\\\/\\\/vanderloubet.com.br\\\/deputado\\\/dilma-compromisso-e-trabalhar-para-tornar-o-pais-do-tamanho-de-nossos-sonhos\\\/#primaryimage\"},\"thumbnailUrl\":\"http:\\\/\\\/www.deputadovander.com.br\\\/website\\\/wp-content\\\/uploads\\\/2011\\\/01\\\/foto-2011-01-02-posse-dilma-300x185.jpg\",\"keywords\":[\"alencar\",\"brasil\",\"dilma\",\"discurso\",\"jos\u00e9\",\"lula\",\"michel\",\"pal\u00e1cio\",\"planalto\",\"presid\u00eancia\",\"presidenta\",\"rousseff\",\"temer\"],\"articleSection\":[\"Not\u00edcias\"],\"inLanguage\":\"pt-BR\",\"potentialAction\":[{\"@type\":\"CommentAction\",\"name\":\"Comment\",\"target\":[\"https:\\\/\\\/vanderloubet.com.br\\\/deputado\\\/dilma-compromisso-e-trabalhar-para-tornar-o-pais-do-tamanho-de-nossos-sonhos\\\/#respond\"]}]},{\"@type\":\"WebPage\",\"@id\":\"https:\\\/\\\/vanderloubet.com.br\\\/deputado\\\/dilma-compromisso-e-trabalhar-para-tornar-o-pais-do-tamanho-de-nossos-sonhos\\\/\",\"url\":\"https:\\\/\\\/vanderloubet.com.br\\\/deputado\\\/dilma-compromisso-e-trabalhar-para-tornar-o-pais-do-tamanho-de-nossos-sonhos\\\/\",\"name\":\"Dilma: compromisso \u00e9 consolidar os avan\u00e7os\",\"isPartOf\":{\"@id\":\"https:\\\/\\\/vanderloubet.com.br\\\/deputado\\\/#website\"},\"primaryImageOfPage\":{\"@id\":\"https:\\\/\\\/vanderloubet.com.br\\\/deputado\\\/dilma-compromisso-e-trabalhar-para-tornar-o-pais-do-tamanho-de-nossos-sonhos\\\/#primaryimage\"},\"image\":{\"@id\":\"https:\\\/\\\/vanderloubet.com.br\\\/deputado\\\/dilma-compromisso-e-trabalhar-para-tornar-o-pais-do-tamanho-de-nossos-sonhos\\\/#primaryimage\"},\"thumbnailUrl\":\"http:\\\/\\\/www.deputadovander.com.br\\\/website\\\/wp-content\\\/uploads\\\/2011\\\/01\\\/foto-2011-01-02-posse-dilma-300x185.jpg\",\"datePublished\":\"2011-01-02T23:08:19+00:00\",\"breadcrumb\":{\"@id\":\"https:\\\/\\\/vanderloubet.com.br\\\/deputado\\\/dilma-compromisso-e-trabalhar-para-tornar-o-pais-do-tamanho-de-nossos-sonhos\\\/#breadcrumb\"},\"inLanguage\":\"pt-BR\",\"potentialAction\":[{\"@type\":\"ReadAction\",\"target\":[\"https:\\\/\\\/vanderloubet.com.br\\\/deputado\\\/dilma-compromisso-e-trabalhar-para-tornar-o-pais-do-tamanho-de-nossos-sonhos\\\/\"]}]},{\"@type\":\"ImageObject\",\"inLanguage\":\"pt-BR\",\"@id\":\"https:\\\/\\\/vanderloubet.com.br\\\/deputado\\\/dilma-compromisso-e-trabalhar-para-tornar-o-pais-do-tamanho-de-nossos-sonhos\\\/#primaryimage\",\"url\":\"http:\\\/\\\/www.deputadovander.com.br\\\/website\\\/wp-content\\\/uploads\\\/2011\\\/01\\\/foto-2011-01-02-posse-dilma-300x185.jpg\",\"contentUrl\":\"http:\\\/\\\/www.deputadovander.com.br\\\/website\\\/wp-content\\\/uploads\\\/2011\\\/01\\\/foto-2011-01-02-posse-dilma-300x185.jpg\"},{\"@type\":\"BreadcrumbList\",\"@id\":\"https:\\\/\\\/vanderloubet.com.br\\\/deputado\\\/dilma-compromisso-e-trabalhar-para-tornar-o-pais-do-tamanho-de-nossos-sonhos\\\/#breadcrumb\",\"itemListElement\":[{\"@type\":\"ListItem\",\"position\":1,\"name\":\"In\u00edcio\",\"item\":\"https:\\\/\\\/vanderloubet.com.br\\\/deputado\\\/\"},{\"@type\":\"ListItem\",\"position\":2,\"name\":\"Dilma: compromisso \u00e9 consolidar os avan\u00e7os\"}]},{\"@type\":\"WebSite\",\"@id\":\"https:\\\/\\\/vanderloubet.com.br\\\/deputado\\\/#website\",\"url\":\"https:\\\/\\\/vanderloubet.com.br\\\/deputado\\\/\",\"name\":\"Deputado Federal Vander Loubet\",\"description\":\"O Federal de MS\",\"publisher\":{\"@id\":\"https:\\\/\\\/vanderloubet.com.br\\\/deputado\\\/#organization\"},\"alternateName\":\"Deputado Vander\",\"potentialAction\":[{\"@type\":\"SearchAction\",\"target\":{\"@type\":\"EntryPoint\",\"urlTemplate\":\"https:\\\/\\\/vanderloubet.com.br\\\/deputado\\\/?s={search_term_string}\"},\"query-input\":{\"@type\":\"PropertyValueSpecification\",\"valueRequired\":true,\"valueName\":\"search_term_string\"}}],\"inLanguage\":\"pt-BR\"},{\"@type\":\"Organization\",\"@id\":\"https:\\\/\\\/vanderloubet.com.br\\\/deputado\\\/#organization\",\"name\":\"Deputado Federal Vander Loubet\",\"alternateName\":\"Deputado Vander\",\"url\":\"https:\\\/\\\/vanderloubet.com.br\\\/deputado\\\/\",\"logo\":{\"@type\":\"ImageObject\",\"inLanguage\":\"pt-BR\",\"@id\":\"https:\\\/\\\/vanderloubet.com.br\\\/deputado\\\/#\\\/schema\\\/logo\\\/image\\\/\",\"url\":\"https:\\\/\\\/vanderloubet.com.br\\\/deputado\\\/wp-content\\\/uploads\\\/2023\\\/06\\\/foto-2023-06-19-mandato-deputado-vander.jpg\",\"contentUrl\":\"https:\\\/\\\/vanderloubet.com.br\\\/deputado\\\/wp-content\\\/uploads\\\/2023\\\/06\\\/foto-2023-06-19-mandato-deputado-vander.jpg\",\"width\":1080,\"height\":1080,\"caption\":\"Deputado Federal Vander Loubet\"},\"image\":{\"@id\":\"https:\\\/\\\/vanderloubet.com.br\\\/deputado\\\/#\\\/schema\\\/logo\\\/image\\\/\"},\"sameAs\":[\"https:\\\/\\\/facebook.com\\\/deputadovander\",\"https:\\\/\\\/x.com\\\/vanderloubet\",\"https:\\\/\\\/instagram.com\\\/vanderloubet\",\"https:\\\/\\\/youtube.com\\\/vanderloubet\",\"https:\\\/\\\/tiktok.com\\\/@vanderloubetms\"]},{\"@type\":\"Person\",\"@id\":\"https:\\\/\\\/vanderloubet.com.br\\\/deputado\\\/#\\\/schema\\\/person\\\/15b51bd564532a8a68d9dec1b8eb890e\",\"name\":\"\u00c9der\",\"image\":{\"@type\":\"ImageObject\",\"inLanguage\":\"pt-BR\",\"@id\":\"https:\\\/\\\/vanderloubet.com.br\\\/deputado\\\/wp-content\\\/litespeed\\\/avatar\\\/88ca4090d9d5ab1c9495f6ca03b68efa.jpg?ver=1777058957\",\"url\":\"https:\\\/\\\/vanderloubet.com.br\\\/deputado\\\/wp-content\\\/litespeed\\\/avatar\\\/88ca4090d9d5ab1c9495f6ca03b68efa.jpg?ver=1777058957\",\"contentUrl\":\"https:\\\/\\\/vanderloubet.com.br\\\/deputado\\\/wp-content\\\/litespeed\\\/avatar\\\/88ca4090d9d5ab1c9495f6ca03b68efa.jpg?ver=1777058957\",\"caption\":\"\u00c9der\"}}]}<\/script>\n<!-- \/ Yoast SEO plugin. -->","yoast_head_json":{"title":"Dilma: compromisso \u00e9 consolidar os avan\u00e7os","robots":{"index":"index","follow":"follow","max-snippet":"max-snippet:-1","max-image-preview":"max-image-preview:large","max-video-preview":"max-video-preview:-1"},"canonical":"https:\/\/vanderloubet.com.br\/deputado\/dilma-compromisso-e-trabalhar-para-tornar-o-pais-do-tamanho-de-nossos-sonhos\/","og_locale":"pt_BR","og_type":"article","og_title":"Dilma: compromisso \u00e9 consolidar os avan\u00e7os","og_description":"Em discurso, a presidenta disse que honrar\u00e1 legado de Lula e que vai avan\u00e7ar nas reformas e conquistas do Brasil.","og_url":"https:\/\/vanderloubet.com.br\/deputado\/dilma-compromisso-e-trabalhar-para-tornar-o-pais-do-tamanho-de-nossos-sonhos\/","og_site_name":"Deputado Federal Vander Loubet","article_publisher":"https:\/\/facebook.com\/deputadovander","article_published_time":"2011-01-02T23:08:19+00:00","og_image":[{"url":"http:\/\/www.deputadovander.com.br\/website\/wp-content\/uploads\/2011\/01\/foto-2011-01-02-posse-dilma-300x185.jpg","type":"","width":"","height":""}],"author":"\u00c9der","twitter_card":"summary_large_image","twitter_creator":"@vanderloubet","twitter_site":"@vanderloubet","schema":{"@context":"https:\/\/schema.org","@graph":[{"@type":"Article","@id":"https:\/\/vanderloubet.com.br\/deputado\/dilma-compromisso-e-trabalhar-para-tornar-o-pais-do-tamanho-de-nossos-sonhos\/#article","isPartOf":{"@id":"https:\/\/vanderloubet.com.br\/deputado\/dilma-compromisso-e-trabalhar-para-tornar-o-pais-do-tamanho-de-nossos-sonhos\/"},"author":{"name":"\u00c9der","@id":"https:\/\/vanderloubet.com.br\/deputado\/#\/schema\/person\/15b51bd564532a8a68d9dec1b8eb890e"},"headline":"Dilma: compromisso \u00e9 consolidar os avan\u00e7os","datePublished":"2011-01-02T23:08:19+00:00","mainEntityOfPage":{"@id":"https:\/\/vanderloubet.com.br\/deputado\/dilma-compromisso-e-trabalhar-para-tornar-o-pais-do-tamanho-de-nossos-sonhos\/"},"wordCount":396,"commentCount":0,"publisher":{"@id":"https:\/\/vanderloubet.com.br\/deputado\/#organization"},"image":{"@id":"https:\/\/vanderloubet.com.br\/deputado\/dilma-compromisso-e-trabalhar-para-tornar-o-pais-do-tamanho-de-nossos-sonhos\/#primaryimage"},"thumbnailUrl":"http:\/\/www.deputadovander.com.br\/website\/wp-content\/uploads\/2011\/01\/foto-2011-01-02-posse-dilma-300x185.jpg","keywords":["alencar","brasil","dilma","discurso","jos\u00e9","lula","michel","pal\u00e1cio","planalto","presid\u00eancia","presidenta","rousseff","temer"],"articleSection":["Not\u00edcias"],"inLanguage":"pt-BR","potentialAction":[{"@type":"CommentAction","name":"Comment","target":["https:\/\/vanderloubet.com.br\/deputado\/dilma-compromisso-e-trabalhar-para-tornar-o-pais-do-tamanho-de-nossos-sonhos\/#respond"]}]},{"@type":"WebPage","@id":"https:\/\/vanderloubet.com.br\/deputado\/dilma-compromisso-e-trabalhar-para-tornar-o-pais-do-tamanho-de-nossos-sonhos\/","url":"https:\/\/vanderloubet.com.br\/deputado\/dilma-compromisso-e-trabalhar-para-tornar-o-pais-do-tamanho-de-nossos-sonhos\/","name":"Dilma: compromisso \u00e9 consolidar os avan\u00e7os","isPartOf":{"@id":"https:\/\/vanderloubet.com.br\/deputado\/#website"},"primaryImageOfPage":{"@id":"https:\/\/vanderloubet.com.br\/deputado\/dilma-compromisso-e-trabalhar-para-tornar-o-pais-do-tamanho-de-nossos-sonhos\/#primaryimage"},"image":{"@id":"https:\/\/vanderloubet.com.br\/deputado\/dilma-compromisso-e-trabalhar-para-tornar-o-pais-do-tamanho-de-nossos-sonhos\/#primaryimage"},"thumbnailUrl":"http:\/\/www.deputadovander.com.br\/website\/wp-content\/uploads\/2011\/01\/foto-2011-01-02-posse-dilma-300x185.jpg","datePublished":"2011-01-02T23:08:19+00:00","breadcrumb":{"@id":"https:\/\/vanderloubet.com.br\/deputado\/dilma-compromisso-e-trabalhar-para-tornar-o-pais-do-tamanho-de-nossos-sonhos\/#breadcrumb"},"inLanguage":"pt-BR","potentialAction":[{"@type":"ReadAction","target":["https:\/\/vanderloubet.com.br\/deputado\/dilma-compromisso-e-trabalhar-para-tornar-o-pais-do-tamanho-de-nossos-sonhos\/"]}]},{"@type":"ImageObject","inLanguage":"pt-BR","@id":"https:\/\/vanderloubet.com.br\/deputado\/dilma-compromisso-e-trabalhar-para-tornar-o-pais-do-tamanho-de-nossos-sonhos\/#primaryimage","url":"http:\/\/www.deputadovander.com.br\/website\/wp-content\/uploads\/2011\/01\/foto-2011-01-02-posse-dilma-300x185.jpg","contentUrl":"http:\/\/www.deputadovander.com.br\/website\/wp-content\/uploads\/2011\/01\/foto-2011-01-02-posse-dilma-300x185.jpg"},{"@type":"BreadcrumbList","@id":"https:\/\/vanderloubet.com.br\/deputado\/dilma-compromisso-e-trabalhar-para-tornar-o-pais-do-tamanho-de-nossos-sonhos\/#breadcrumb","itemListElement":[{"@type":"ListItem","position":1,"name":"In\u00edcio","item":"https:\/\/vanderloubet.com.br\/deputado\/"},{"@type":"ListItem","position":2,"name":"Dilma: compromisso \u00e9 consolidar os avan\u00e7os"}]},{"@type":"WebSite","@id":"https:\/\/vanderloubet.com.br\/deputado\/#website","url":"https:\/\/vanderloubet.com.br\/deputado\/","name":"Deputado Federal Vander Loubet","description":"O Federal de MS","publisher":{"@id":"https:\/\/vanderloubet.com.br\/deputado\/#organization"},"alternateName":"Deputado Vander","potentialAction":[{"@type":"SearchAction","target":{"@type":"EntryPoint","urlTemplate":"https:\/\/vanderloubet.com.br\/deputado\/?s={search_term_string}"},"query-input":{"@type":"PropertyValueSpecification","valueRequired":true,"valueName":"search_term_string"}}],"inLanguage":"pt-BR"},{"@type":"Organization","@id":"https:\/\/vanderloubet.com.br\/deputado\/#organization","name":"Deputado Federal Vander Loubet","alternateName":"Deputado Vander","url":"https:\/\/vanderloubet.com.br\/deputado\/","logo":{"@type":"ImageObject","inLanguage":"pt-BR","@id":"https:\/\/vanderloubet.com.br\/deputado\/#\/schema\/logo\/image\/","url":"https:\/\/vanderloubet.com.br\/deputado\/wp-content\/uploads\/2023\/06\/foto-2023-06-19-mandato-deputado-vander.jpg","contentUrl":"https:\/\/vanderloubet.com.br\/deputado\/wp-content\/uploads\/2023\/06\/foto-2023-06-19-mandato-deputado-vander.jpg","width":1080,"height":1080,"caption":"Deputado Federal Vander Loubet"},"image":{"@id":"https:\/\/vanderloubet.com.br\/deputado\/#\/schema\/logo\/image\/"},"sameAs":["https:\/\/facebook.com\/deputadovander","https:\/\/x.com\/vanderloubet","https:\/\/instagram.com\/vanderloubet","https:\/\/youtube.com\/vanderloubet","https:\/\/tiktok.com\/@vanderloubetms"]},{"@type":"Person","@id":"https:\/\/vanderloubet.com.br\/deputado\/#\/schema\/person\/15b51bd564532a8a68d9dec1b8eb890e","name":"\u00c9der","image":{"@type":"ImageObject","inLanguage":"pt-BR","@id":"https:\/\/vanderloubet.com.br\/deputado\/wp-content\/litespeed\/avatar\/88ca4090d9d5ab1c9495f6ca03b68efa.jpg?ver=1777058957","url":"https:\/\/vanderloubet.com.br\/deputado\/wp-content\/litespeed\/avatar\/88ca4090d9d5ab1c9495f6ca03b68efa.jpg?ver=1777058957","contentUrl":"https:\/\/vanderloubet.com.br\/deputado\/wp-content\/litespeed\/avatar\/88ca4090d9d5ab1c9495f6ca03b68efa.jpg?ver=1777058957","caption":"\u00c9der"}}]}},"jetpack_featured_media_url":"","jetpack_sharing_enabled":true,"_links":{"self":[{"href":"https:\/\/vanderloubet.com.br\/deputado\/wp-json\/wp\/v2\/posts\/2779","targetHints":{"allow":["GET"]}}],"collection":[{"href":"https:\/\/vanderloubet.com.br\/deputado\/wp-json\/wp\/v2\/posts"}],"about":[{"href":"https:\/\/vanderloubet.com.br\/deputado\/wp-json\/wp\/v2\/types\/post"}],"author":[{"embeddable":true,"href":"https:\/\/vanderloubet.com.br\/deputado\/wp-json\/wp\/v2\/users\/2"}],"replies":[{"embeddable":true,"href":"https:\/\/vanderloubet.com.br\/deputado\/wp-json\/wp\/v2\/comments?post=2779"}],"version-history":[{"count":0,"href":"https:\/\/vanderloubet.com.br\/deputado\/wp-json\/wp\/v2\/posts\/2779\/revisions"}],"wp:attachment":[{"href":"https:\/\/vanderloubet.com.br\/deputado\/wp-json\/wp\/v2\/media?parent=2779"}],"wp:term":[{"taxonomy":"category","embeddable":true,"href":"https:\/\/vanderloubet.com.br\/deputado\/wp-json\/wp\/v2\/categories?post=2779"},{"taxonomy":"post_tag","embeddable":true,"href":"https:\/\/vanderloubet.com.br\/deputado\/wp-json\/wp\/v2\/tags?post=2779"}],"curies":[{"name":"wp","href":"https:\/\/api.w.org\/{rel}","templated":true}]}}