{"id":2766,"date":"2010-12-22T14:14:47","date_gmt":"2010-12-22T18:14:47","guid":{"rendered":"http:\/\/www.deputadovander.com.br\/website\/?p=2766"},"modified":"2010-12-22T14:14:47","modified_gmt":"2010-12-22T18:14:47","slug":"pendencias-em-ms-ameacam-repasses-a-20-prefeituras","status":"publish","type":"post","link":"https:\/\/vanderloubet.com.br\/deputado\/pendencias-em-ms-ameacam-repasses-a-20-prefeituras\/","title":{"rendered":"Pend\u00eancias em MS amea\u00e7am repasses a 20 prefeituras"},"content":{"rendered":"<p style=\"text-align: center;\">\n<figure id=\"attachment_2767\" aria-describedby=\"caption-attachment-2767\" style=\"width: 300px\" class=\"wp-caption aligncenter\"><a href=\"http:\/\/www.deputadovander.com.br\/website\/wp-content\/uploads\/2010\/12\/foto-2010-12-22-municipios-pendencias.jpg\" target=\"_blank\"><img decoding=\"async\" class=\"size-medium wp-image-2767 \" title=\"foto-2010-12-22-municipios-pendencias\" src=\"http:\/\/www.deputadovander.com.br\/website\/wp-content\/uploads\/2010\/12\/foto-2010-12-22-municipios-pendencias-300x225.jpg\" alt=\"Munic\u00edpios com pend\u00eancias em MS\" width=\"300\" height=\"225\" \/><\/a><figcaption id=\"caption-attachment-2767\" class=\"wp-caption-text\">Munic\u00edpios com pend\u00eancias em MS<\/figcaption><\/figure>\n<\/p>\n<p>De acordo com levantamento da Caixa Econ\u00f4mica Federal, 20 munic\u00edpios de Mato Grosso do Sul apresentam irregularidades no Cadastro \u00danico de Conv\u00eanios (Cauc) e correm o risco de perder repasses financeiros programados ou empenhados para investir em 2011. O prazo para que as prefeituras regularizem sua situa\u00e7\u00e3o vai at\u00e9 \u00e0 pr\u00f3xima sexta-feira (24). A maior parte das pend\u00eancias refere-se \u00e0 falta de presta\u00e7\u00e3o de contas de conv\u00eanios, inscri\u00e7\u00e3o em d\u00edvida ativa da Uni\u00e3o e restri\u00e7\u00f5es junto ao Cadin (Cadastro Informativo dos Cr\u00e9ditos N\u00e3o-Quitados do Setor P\u00fablico Federal).<\/p>\n<p>Os munic\u00edpios com irregularidades s\u00e3o Alcin\u00f3polis, Amambai, Ang\u00e9lica, Aparecida do Taboado, Aquidauana, Bataguassu, Bela Vista, Corguinho, Deod\u00e1polis, Douradina, F\u00e1tima do Sul, Jaraguari, Jardim, Parana\u00edba, Ribas do Rio Pardo, Rio Brilhante, Rio Negro, Rio Verde, Santa Rita do Pardo e Sidrol\u00e2ndia. O prefeito de Ang\u00e9lica, Jo\u00e3o Cassuci (PDT), informou estar de posse de uma liminar que garante a habilita\u00e7\u00e3o do Munic\u00edpio aos contratos. Entre as prefeituras que regularizaram seu Cauc recentemente est\u00e3o Guia Lopes da Laguna, Iguatemi, Lad\u00e1rio e Novo Horizonte do Sul.<\/p>\n<p>Para o deputado federal Vander Loubet (PT-MS) \u00e9 importante que sejam sanadas as pend\u00eancias para que os munic\u00edpios possam usufruir de todos os recursos a que t\u00eam direito na grade de conv\u00eanios para investimentos federais. &#8220;H\u00e1 um esfor\u00e7o elogi\u00e1vel da Assomasul, dos prefeitos e da pr\u00f3pria Caixa Econ\u00f4mica para que sejam potencializadas ao m\u00e1ximo as possibilidades de cada prefeitura na busca de recursos em prol de suas leg\u00edtimas necessidades&#8221;, frisou o parlamentar.<\/p>\n<p><strong>Treze itens obrigat\u00f3rios<\/strong><\/p>\n<p>O Cauc possui 13 itens obrigat\u00f3rios para serem observados na formaliza\u00e7\u00e3o e execu\u00e7\u00e3o dos conv\u00eanios, todos previstos nas exig\u00eancias b\u00e1sicas fixadas pela Lei de Responsabilidade Fiscal (LRF). Esses itens englobam a regularidade das prefeituras na presta\u00e7\u00e3o de contas de conv\u00eanios, o cumprimento de encargos e acordos com o INSS, a situa\u00e7\u00e3o em dia junto ao Cadin e o CRP (Certificado de Regularidade Previdenci\u00e1ria), entre outras condi\u00e7\u00f5es.<\/p>\n<p><strong>Royalties do pr\u00e9-sal<\/strong><\/p>\n<p>O deputado Vander destacou ainda a for\u00e7a e a legitimidade pol\u00edtica da mobiliza\u00e7\u00e3o nacional desencadeada pelo movimento municipalista brasileiro em favor da san\u00e7\u00e3o presidencial do projeto que define a nova sistem\u00e1tica de distribui\u00e7\u00e3o dos royalties pela explora\u00e7\u00e3o das reservas de petr\u00f3leo do pr\u00e9-sal. Segundo Vander &#8211; autor de emenda que institui o repasse dos roylaties a todas as unidades federativas do Pa\u00eds e n\u00e3o apenas aos estados e munic\u00edpios produtores &#8211; a Associa\u00e7\u00e3o dos Munic\u00edpios de Mato Grosso do Sul (Assomasul) atuou de forma vigorosa e respondeu ao apelo da Confedera\u00e7\u00e3o Nacional dos Munic\u00edpios (CNM) para fazer a necess\u00e1ria press\u00e3o em busca de uma conquista justa.<\/p>\n<p>Mais de 60 dos 78 munic\u00edpios sul-mato-grossenses engajaram-se na mobiliza\u00e7\u00e3o, que busca ser coroada com a san\u00e7\u00e3o presidencial para as novas regras de distribui\u00e7\u00e3o das riquezas geradas do pr\u00e9-sal. O projeto, aprovado pelo Congresso Nacional e submetido ao aval do presidente da Rep\u00fablica, prev\u00ea para Mato Grosso do Sul um salto espetacular no volume de repasses, que sair\u00e1 de pouco mais de R$ 10 milh\u00f5es\/ano para R$ 94 milh\u00f5es\/ano.<\/p>\n<p>Hoje, Campo Grande recebe R$ 1,2 milh\u00e3o de royalties de petr\u00f3leo. Se o novo projeto for sancionado, esse valor subir\u00e1 para R$ 13,2 milh\u00f5es no pr\u00f3ximo ano. Dourados tamb\u00e9m torce por isso, pois sua receita em roylaties ascenderia de R$ 559 mil\/ano para R$ 6 milh\u00f5es\/ano. E Corumb\u00e1 espera sair de R$ 296 mil para R$ 3,2 milh\u00f5es.<\/p>\n<p><small>(Edson Moraes &#8211; Assessoria de Comunica\u00e7\u00e3o)<\/small><\/p>\n","protected":false},"excerpt":{"rendered":"<p>Para Vander problema deve ser sanado para usufruto de recursos. Deputado tamb\u00e9m destaca quest\u00e3o dos royalties do pr\u00e9-sal.<\/p>\n","protected":false},"author":2,"featured_media":0,"comment_status":"open","ping_status":"open","sticky":false,"template":"","format":"standard","meta":{"jetpack_post_was_ever_published":false,"_jetpack_newsletter_access":"","_jetpack_dont_email_post_to_subs":false,"_jetpack_newsletter_tier_id":0,"_jetpack_memberships_contains_paywalled_content":false,"_jetpack_memberships_contains_paid_content":false,"footnotes":""},"categories":[10],"tags":[320,385,608,807,1029,1178,1346,1541,1602,1609,1758,1771,2006,2033],"class_list":{"0":"post-2766","1":"post","2":"type-post","3":"status-publish","4":"format-standard","6":"category-noticias","7":"tag-cadin","8":"tag-cauc","9":"tag-deputado","10":"tag-federal","11":"tag-inss","12":"tag-loubet","13":"tag-municipio","14":"tag-petroleo","15":"tag-pre","16":"tag-prefeitura","17":"tag-royalties","18":"tag-sal","19":"tag-uniao","20":"tag-vander"},"yoast_head":"<!-- This site is optimized with the Yoast SEO plugin v27.4 - https:\/\/yoast.com\/product\/yoast-seo-wordpress\/ -->\n<title>Pend\u00eancias em MS amea\u00e7am repasses a 20 prefeituras<\/title>\n<meta name=\"robots\" content=\"index, follow, max-snippet:-1, max-image-preview:large, max-video-preview:-1\" \/>\n<link rel=\"canonical\" href=\"https:\/\/vanderloubet.com.br\/deputado\/pendencias-em-ms-ameacam-repasses-a-20-prefeituras\/\" \/>\n<meta property=\"og:locale\" content=\"pt_BR\" \/>\n<meta property=\"og:type\" content=\"article\" \/>\n<meta property=\"og:title\" content=\"Pend\u00eancias em MS amea\u00e7am repasses a 20 prefeituras\" \/>\n<meta property=\"og:description\" content=\"Para Vander problema deve ser sanado para usufruto de recursos. Deputado tamb\u00e9m destaca quest\u00e3o dos royalties do pr\u00e9-sal.\" \/>\n<meta property=\"og:url\" content=\"https:\/\/vanderloubet.com.br\/deputado\/pendencias-em-ms-ameacam-repasses-a-20-prefeituras\/\" \/>\n<meta property=\"og:site_name\" content=\"Deputado Federal Vander Loubet\" \/>\n<meta property=\"article:publisher\" content=\"https:\/\/facebook.com\/deputadovander\" \/>\n<meta property=\"article:published_time\" content=\"2010-12-22T18:14:47+00:00\" \/>\n<meta property=\"og:image\" content=\"http:\/\/www.deputadovander.com.br\/website\/wp-content\/uploads\/2010\/12\/foto-2010-12-22-municipios-pendencias-300x225.jpg\" \/>\n<meta name=\"author\" content=\"\u00c9der\" \/>\n<meta name=\"twitter:card\" content=\"summary_large_image\" \/>\n<meta name=\"twitter:creator\" content=\"@vanderloubet\" \/>\n<meta name=\"twitter:site\" content=\"@vanderloubet\" \/>\n<script type=\"application\/ld+json\" class=\"yoast-schema-graph\">{\"@context\":\"https:\\\/\\\/schema.org\",\"@graph\":[{\"@type\":\"Article\",\"@id\":\"https:\\\/\\\/vanderloubet.com.br\\\/deputado\\\/pendencias-em-ms-ameacam-repasses-a-20-prefeituras\\\/#article\",\"isPartOf\":{\"@id\":\"https:\\\/\\\/vanderloubet.com.br\\\/deputado\\\/pendencias-em-ms-ameacam-repasses-a-20-prefeituras\\\/\"},\"author\":{\"name\":\"\u00c9der\",\"@id\":\"https:\\\/\\\/vanderloubet.com.br\\\/deputado\\\/#\\\/schema\\\/person\\\/15b51bd564532a8a68d9dec1b8eb890e\"},\"headline\":\"Pend\u00eancias em MS amea\u00e7am repasses a 20 prefeituras\",\"datePublished\":\"2010-12-22T18:14:47+00:00\",\"mainEntityOfPage\":{\"@id\":\"https:\\\/\\\/vanderloubet.com.br\\\/deputado\\\/pendencias-em-ms-ameacam-repasses-a-20-prefeituras\\\/\"},\"wordCount\":649,\"commentCount\":0,\"publisher\":{\"@id\":\"https:\\\/\\\/vanderloubet.com.br\\\/deputado\\\/#organization\"},\"image\":{\"@id\":\"https:\\\/\\\/vanderloubet.com.br\\\/deputado\\\/pendencias-em-ms-ameacam-repasses-a-20-prefeituras\\\/#primaryimage\"},\"thumbnailUrl\":\"http:\\\/\\\/www.deputadovander.com.br\\\/website\\\/wp-content\\\/uploads\\\/2010\\\/12\\\/foto-2010-12-22-municipios-pendencias-300x225.jpg\",\"keywords\":[\"cadin\",\"cauc\",\"deputado\",\"federal\",\"inss\",\"loubet\",\"munic\u00edpio\",\"petr\u00f3leo\",\"pr\u00e9\",\"prefeitura\",\"royalties\",\"sal\",\"uni\u00e3o\",\"vander\"],\"articleSection\":[\"Not\u00edcias\"],\"inLanguage\":\"pt-BR\",\"potentialAction\":[{\"@type\":\"CommentAction\",\"name\":\"Comment\",\"target\":[\"https:\\\/\\\/vanderloubet.com.br\\\/deputado\\\/pendencias-em-ms-ameacam-repasses-a-20-prefeituras\\\/#respond\"]}]},{\"@type\":\"WebPage\",\"@id\":\"https:\\\/\\\/vanderloubet.com.br\\\/deputado\\\/pendencias-em-ms-ameacam-repasses-a-20-prefeituras\\\/\",\"url\":\"https:\\\/\\\/vanderloubet.com.br\\\/deputado\\\/pendencias-em-ms-ameacam-repasses-a-20-prefeituras\\\/\",\"name\":\"Pend\u00eancias em MS amea\u00e7am repasses a 20 prefeituras\",\"isPartOf\":{\"@id\":\"https:\\\/\\\/vanderloubet.com.br\\\/deputado\\\/#website\"},\"primaryImageOfPage\":{\"@id\":\"https:\\\/\\\/vanderloubet.com.br\\\/deputado\\\/pendencias-em-ms-ameacam-repasses-a-20-prefeituras\\\/#primaryimage\"},\"image\":{\"@id\":\"https:\\\/\\\/vanderloubet.com.br\\\/deputado\\\/pendencias-em-ms-ameacam-repasses-a-20-prefeituras\\\/#primaryimage\"},\"thumbnailUrl\":\"http:\\\/\\\/www.deputadovander.com.br\\\/website\\\/wp-content\\\/uploads\\\/2010\\\/12\\\/foto-2010-12-22-municipios-pendencias-300x225.jpg\",\"datePublished\":\"2010-12-22T18:14:47+00:00\",\"breadcrumb\":{\"@id\":\"https:\\\/\\\/vanderloubet.com.br\\\/deputado\\\/pendencias-em-ms-ameacam-repasses-a-20-prefeituras\\\/#breadcrumb\"},\"inLanguage\":\"pt-BR\",\"potentialAction\":[{\"@type\":\"ReadAction\",\"target\":[\"https:\\\/\\\/vanderloubet.com.br\\\/deputado\\\/pendencias-em-ms-ameacam-repasses-a-20-prefeituras\\\/\"]}]},{\"@type\":\"ImageObject\",\"inLanguage\":\"pt-BR\",\"@id\":\"https:\\\/\\\/vanderloubet.com.br\\\/deputado\\\/pendencias-em-ms-ameacam-repasses-a-20-prefeituras\\\/#primaryimage\",\"url\":\"http:\\\/\\\/www.deputadovander.com.br\\\/website\\\/wp-content\\\/uploads\\\/2010\\\/12\\\/foto-2010-12-22-municipios-pendencias-300x225.jpg\",\"contentUrl\":\"http:\\\/\\\/www.deputadovander.com.br\\\/website\\\/wp-content\\\/uploads\\\/2010\\\/12\\\/foto-2010-12-22-municipios-pendencias-300x225.jpg\"},{\"@type\":\"BreadcrumbList\",\"@id\":\"https:\\\/\\\/vanderloubet.com.br\\\/deputado\\\/pendencias-em-ms-ameacam-repasses-a-20-prefeituras\\\/#breadcrumb\",\"itemListElement\":[{\"@type\":\"ListItem\",\"position\":1,\"name\":\"In\u00edcio\",\"item\":\"https:\\\/\\\/vanderloubet.com.br\\\/deputado\\\/\"},{\"@type\":\"ListItem\",\"position\":2,\"name\":\"Pend\u00eancias em MS amea\u00e7am repasses a 20 prefeituras\"}]},{\"@type\":\"WebSite\",\"@id\":\"https:\\\/\\\/vanderloubet.com.br\\\/deputado\\\/#website\",\"url\":\"https:\\\/\\\/vanderloubet.com.br\\\/deputado\\\/\",\"name\":\"Deputado Federal Vander Loubet\",\"description\":\"O Federal de MS\",\"publisher\":{\"@id\":\"https:\\\/\\\/vanderloubet.com.br\\\/deputado\\\/#organization\"},\"alternateName\":\"Deputado Vander\",\"potentialAction\":[{\"@type\":\"SearchAction\",\"target\":{\"@type\":\"EntryPoint\",\"urlTemplate\":\"https:\\\/\\\/vanderloubet.com.br\\\/deputado\\\/?s={search_term_string}\"},\"query-input\":{\"@type\":\"PropertyValueSpecification\",\"valueRequired\":true,\"valueName\":\"search_term_string\"}}],\"inLanguage\":\"pt-BR\"},{\"@type\":\"Organization\",\"@id\":\"https:\\\/\\\/vanderloubet.com.br\\\/deputado\\\/#organization\",\"name\":\"Deputado Federal Vander Loubet\",\"alternateName\":\"Deputado Vander\",\"url\":\"https:\\\/\\\/vanderloubet.com.br\\\/deputado\\\/\",\"logo\":{\"@type\":\"ImageObject\",\"inLanguage\":\"pt-BR\",\"@id\":\"https:\\\/\\\/vanderloubet.com.br\\\/deputado\\\/#\\\/schema\\\/logo\\\/image\\\/\",\"url\":\"https:\\\/\\\/vanderloubet.com.br\\\/deputado\\\/wp-content\\\/uploads\\\/2023\\\/06\\\/foto-2023-06-19-mandato-deputado-vander.jpg\",\"contentUrl\":\"https:\\\/\\\/vanderloubet.com.br\\\/deputado\\\/wp-content\\\/uploads\\\/2023\\\/06\\\/foto-2023-06-19-mandato-deputado-vander.jpg\",\"width\":1080,\"height\":1080,\"caption\":\"Deputado Federal Vander Loubet\"},\"image\":{\"@id\":\"https:\\\/\\\/vanderloubet.com.br\\\/deputado\\\/#\\\/schema\\\/logo\\\/image\\\/\"},\"sameAs\":[\"https:\\\/\\\/facebook.com\\\/deputadovander\",\"https:\\\/\\\/x.com\\\/vanderloubet\",\"https:\\\/\\\/instagram.com\\\/vanderloubet\",\"https:\\\/\\\/youtube.com\\\/vanderloubet\",\"https:\\\/\\\/tiktok.com\\\/@vanderloubetms\"]},{\"@type\":\"Person\",\"@id\":\"https:\\\/\\\/vanderloubet.com.br\\\/deputado\\\/#\\\/schema\\\/person\\\/15b51bd564532a8a68d9dec1b8eb890e\",\"name\":\"\u00c9der\",\"image\":{\"@type\":\"ImageObject\",\"inLanguage\":\"pt-BR\",\"@id\":\"https:\\\/\\\/vanderloubet.com.br\\\/deputado\\\/wp-content\\\/litespeed\\\/avatar\\\/88ca4090d9d5ab1c9495f6ca03b68efa.jpg?ver=1777058957\",\"url\":\"https:\\\/\\\/vanderloubet.com.br\\\/deputado\\\/wp-content\\\/litespeed\\\/avatar\\\/88ca4090d9d5ab1c9495f6ca03b68efa.jpg?ver=1777058957\",\"contentUrl\":\"https:\\\/\\\/vanderloubet.com.br\\\/deputado\\\/wp-content\\\/litespeed\\\/avatar\\\/88ca4090d9d5ab1c9495f6ca03b68efa.jpg?ver=1777058957\",\"caption\":\"\u00c9der\"}}]}<\/script>\n<!-- \/ Yoast SEO plugin. -->","yoast_head_json":{"title":"Pend\u00eancias em MS amea\u00e7am repasses a 20 prefeituras","robots":{"index":"index","follow":"follow","max-snippet":"max-snippet:-1","max-image-preview":"max-image-preview:large","max-video-preview":"max-video-preview:-1"},"canonical":"https:\/\/vanderloubet.com.br\/deputado\/pendencias-em-ms-ameacam-repasses-a-20-prefeituras\/","og_locale":"pt_BR","og_type":"article","og_title":"Pend\u00eancias em MS amea\u00e7am repasses a 20 prefeituras","og_description":"Para Vander problema deve ser sanado para usufruto de recursos. Deputado tamb\u00e9m destaca quest\u00e3o dos royalties do pr\u00e9-sal.","og_url":"https:\/\/vanderloubet.com.br\/deputado\/pendencias-em-ms-ameacam-repasses-a-20-prefeituras\/","og_site_name":"Deputado Federal Vander Loubet","article_publisher":"https:\/\/facebook.com\/deputadovander","article_published_time":"2010-12-22T18:14:47+00:00","og_image":[{"url":"http:\/\/www.deputadovander.com.br\/website\/wp-content\/uploads\/2010\/12\/foto-2010-12-22-municipios-pendencias-300x225.jpg","type":"","width":"","height":""}],"author":"\u00c9der","twitter_card":"summary_large_image","twitter_creator":"@vanderloubet","twitter_site":"@vanderloubet","schema":{"@context":"https:\/\/schema.org","@graph":[{"@type":"Article","@id":"https:\/\/vanderloubet.com.br\/deputado\/pendencias-em-ms-ameacam-repasses-a-20-prefeituras\/#article","isPartOf":{"@id":"https:\/\/vanderloubet.com.br\/deputado\/pendencias-em-ms-ameacam-repasses-a-20-prefeituras\/"},"author":{"name":"\u00c9der","@id":"https:\/\/vanderloubet.com.br\/deputado\/#\/schema\/person\/15b51bd564532a8a68d9dec1b8eb890e"},"headline":"Pend\u00eancias em MS amea\u00e7am repasses a 20 prefeituras","datePublished":"2010-12-22T18:14:47+00:00","mainEntityOfPage":{"@id":"https:\/\/vanderloubet.com.br\/deputado\/pendencias-em-ms-ameacam-repasses-a-20-prefeituras\/"},"wordCount":649,"commentCount":0,"publisher":{"@id":"https:\/\/vanderloubet.com.br\/deputado\/#organization"},"image":{"@id":"https:\/\/vanderloubet.com.br\/deputado\/pendencias-em-ms-ameacam-repasses-a-20-prefeituras\/#primaryimage"},"thumbnailUrl":"http:\/\/www.deputadovander.com.br\/website\/wp-content\/uploads\/2010\/12\/foto-2010-12-22-municipios-pendencias-300x225.jpg","keywords":["cadin","cauc","deputado","federal","inss","loubet","munic\u00edpio","petr\u00f3leo","pr\u00e9","prefeitura","royalties","sal","uni\u00e3o","vander"],"articleSection":["Not\u00edcias"],"inLanguage":"pt-BR","potentialAction":[{"@type":"CommentAction","name":"Comment","target":["https:\/\/vanderloubet.com.br\/deputado\/pendencias-em-ms-ameacam-repasses-a-20-prefeituras\/#respond"]}]},{"@type":"WebPage","@id":"https:\/\/vanderloubet.com.br\/deputado\/pendencias-em-ms-ameacam-repasses-a-20-prefeituras\/","url":"https:\/\/vanderloubet.com.br\/deputado\/pendencias-em-ms-ameacam-repasses-a-20-prefeituras\/","name":"Pend\u00eancias em MS amea\u00e7am repasses a 20 prefeituras","isPartOf":{"@id":"https:\/\/vanderloubet.com.br\/deputado\/#website"},"primaryImageOfPage":{"@id":"https:\/\/vanderloubet.com.br\/deputado\/pendencias-em-ms-ameacam-repasses-a-20-prefeituras\/#primaryimage"},"image":{"@id":"https:\/\/vanderloubet.com.br\/deputado\/pendencias-em-ms-ameacam-repasses-a-20-prefeituras\/#primaryimage"},"thumbnailUrl":"http:\/\/www.deputadovander.com.br\/website\/wp-content\/uploads\/2010\/12\/foto-2010-12-22-municipios-pendencias-300x225.jpg","datePublished":"2010-12-22T18:14:47+00:00","breadcrumb":{"@id":"https:\/\/vanderloubet.com.br\/deputado\/pendencias-em-ms-ameacam-repasses-a-20-prefeituras\/#breadcrumb"},"inLanguage":"pt-BR","potentialAction":[{"@type":"ReadAction","target":["https:\/\/vanderloubet.com.br\/deputado\/pendencias-em-ms-ameacam-repasses-a-20-prefeituras\/"]}]},{"@type":"ImageObject","inLanguage":"pt-BR","@id":"https:\/\/vanderloubet.com.br\/deputado\/pendencias-em-ms-ameacam-repasses-a-20-prefeituras\/#primaryimage","url":"http:\/\/www.deputadovander.com.br\/website\/wp-content\/uploads\/2010\/12\/foto-2010-12-22-municipios-pendencias-300x225.jpg","contentUrl":"http:\/\/www.deputadovander.com.br\/website\/wp-content\/uploads\/2010\/12\/foto-2010-12-22-municipios-pendencias-300x225.jpg"},{"@type":"BreadcrumbList","@id":"https:\/\/vanderloubet.com.br\/deputado\/pendencias-em-ms-ameacam-repasses-a-20-prefeituras\/#breadcrumb","itemListElement":[{"@type":"ListItem","position":1,"name":"In\u00edcio","item":"https:\/\/vanderloubet.com.br\/deputado\/"},{"@type":"ListItem","position":2,"name":"Pend\u00eancias em MS amea\u00e7am repasses a 20 prefeituras"}]},{"@type":"WebSite","@id":"https:\/\/vanderloubet.com.br\/deputado\/#website","url":"https:\/\/vanderloubet.com.br\/deputado\/","name":"Deputado Federal Vander Loubet","description":"O Federal de MS","publisher":{"@id":"https:\/\/vanderloubet.com.br\/deputado\/#organization"},"alternateName":"Deputado Vander","potentialAction":[{"@type":"SearchAction","target":{"@type":"EntryPoint","urlTemplate":"https:\/\/vanderloubet.com.br\/deputado\/?s={search_term_string}"},"query-input":{"@type":"PropertyValueSpecification","valueRequired":true,"valueName":"search_term_string"}}],"inLanguage":"pt-BR"},{"@type":"Organization","@id":"https:\/\/vanderloubet.com.br\/deputado\/#organization","name":"Deputado Federal Vander Loubet","alternateName":"Deputado Vander","url":"https:\/\/vanderloubet.com.br\/deputado\/","logo":{"@type":"ImageObject","inLanguage":"pt-BR","@id":"https:\/\/vanderloubet.com.br\/deputado\/#\/schema\/logo\/image\/","url":"https:\/\/vanderloubet.com.br\/deputado\/wp-content\/uploads\/2023\/06\/foto-2023-06-19-mandato-deputado-vander.jpg","contentUrl":"https:\/\/vanderloubet.com.br\/deputado\/wp-content\/uploads\/2023\/06\/foto-2023-06-19-mandato-deputado-vander.jpg","width":1080,"height":1080,"caption":"Deputado Federal Vander Loubet"},"image":{"@id":"https:\/\/vanderloubet.com.br\/deputado\/#\/schema\/logo\/image\/"},"sameAs":["https:\/\/facebook.com\/deputadovander","https:\/\/x.com\/vanderloubet","https:\/\/instagram.com\/vanderloubet","https:\/\/youtube.com\/vanderloubet","https:\/\/tiktok.com\/@vanderloubetms"]},{"@type":"Person","@id":"https:\/\/vanderloubet.com.br\/deputado\/#\/schema\/person\/15b51bd564532a8a68d9dec1b8eb890e","name":"\u00c9der","image":{"@type":"ImageObject","inLanguage":"pt-BR","@id":"https:\/\/vanderloubet.com.br\/deputado\/wp-content\/litespeed\/avatar\/88ca4090d9d5ab1c9495f6ca03b68efa.jpg?ver=1777058957","url":"https:\/\/vanderloubet.com.br\/deputado\/wp-content\/litespeed\/avatar\/88ca4090d9d5ab1c9495f6ca03b68efa.jpg?ver=1777058957","contentUrl":"https:\/\/vanderloubet.com.br\/deputado\/wp-content\/litespeed\/avatar\/88ca4090d9d5ab1c9495f6ca03b68efa.jpg?ver=1777058957","caption":"\u00c9der"}}]}},"jetpack_featured_media_url":"","jetpack_sharing_enabled":true,"_links":{"self":[{"href":"https:\/\/vanderloubet.com.br\/deputado\/wp-json\/wp\/v2\/posts\/2766","targetHints":{"allow":["GET"]}}],"collection":[{"href":"https:\/\/vanderloubet.com.br\/deputado\/wp-json\/wp\/v2\/posts"}],"about":[{"href":"https:\/\/vanderloubet.com.br\/deputado\/wp-json\/wp\/v2\/types\/post"}],"author":[{"embeddable":true,"href":"https:\/\/vanderloubet.com.br\/deputado\/wp-json\/wp\/v2\/users\/2"}],"replies":[{"embeddable":true,"href":"https:\/\/vanderloubet.com.br\/deputado\/wp-json\/wp\/v2\/comments?post=2766"}],"version-history":[{"count":0,"href":"https:\/\/vanderloubet.com.br\/deputado\/wp-json\/wp\/v2\/posts\/2766\/revisions"}],"wp:attachment":[{"href":"https:\/\/vanderloubet.com.br\/deputado\/wp-json\/wp\/v2\/media?parent=2766"}],"wp:term":[{"taxonomy":"category","embeddable":true,"href":"https:\/\/vanderloubet.com.br\/deputado\/wp-json\/wp\/v2\/categories?post=2766"},{"taxonomy":"post_tag","embeddable":true,"href":"https:\/\/vanderloubet.com.br\/deputado\/wp-json\/wp\/v2\/tags?post=2766"}],"curies":[{"name":"wp","href":"https:\/\/api.w.org\/{rel}","templated":true}]}}