{"id":2734,"date":"2010-12-08T10:04:55","date_gmt":"2010-12-08T14:04:55","guid":{"rendered":"http:\/\/www.deputadovander.com.br\/website\/?p=2734"},"modified":"2010-12-08T10:04:55","modified_gmt":"2010-12-08T14:04:55","slug":"iluminacao-do-virotao-ficara-pronta-em-janeiro","status":"publish","type":"post","link":"https:\/\/vanderloubet.com.br\/deputado\/iluminacao-do-virotao-ficara-pronta-em-janeiro\/","title":{"rendered":"Ilumina\u00e7\u00e3o do Virot\u00e3o ficar\u00e1 pronta em janeiro"},"content":{"rendered":"<p style=\"text-align: center;\">\n<figure id=\"attachment_2735\" aria-describedby=\"caption-attachment-2735\" style=\"width: 300px\" class=\"wp-caption aligncenter\"><a href=\"http:\/\/www.deputadovander.com.br\/website\/wp-content\/uploads\/2010\/12\/foto-2010-12-08-navirai-virotao-torcida.jpg\" target=\"_blank\"><img decoding=\"async\" class=\"size-medium wp-image-2735 \" title=\"foto-2010-12-08-navirai-virotao-torcida\" src=\"http:\/\/www.deputadovander.com.br\/website\/wp-content\/uploads\/2010\/12\/foto-2010-12-08-navirai-virotao-torcida-300x200.jpg\" alt=\"Torcida do Naviraiense no Virot\u00e3o\" width=\"300\" height=\"200\" \/><\/a><figcaption id=\"caption-attachment-2735\" class=\"wp-caption-text\">Torcida do Naviraiense no Virot\u00e3o<\/figcaption><\/figure>\n<\/p>\n<p>Ser\u00e3o iniciadas ainda neste m\u00eas de dezembro as obras de ilumina\u00e7\u00e3o do Est\u00e1dio Municipal Jos\u00e9 Augusto dos Santos, o Virot\u00e3o, em Navira\u00ed. O projeto conta com R$ 300 mil de emenda parlamentar do deputado federal Vander Loubet (PT) e contrapartida da Prefeitura. A agilidade no processo deve garantir o jogo do Naviraiense na Copa do Brasil de 2011 em casa.<\/p>\n<p>Segundo o gerente de n\u00facleo de obras, Paulo Aquino, o in\u00edcio da implanta\u00e7\u00e3o depende apenas de um \u00fanico documento da Caixa Econ\u00f4mica Federal. &#8220;Assim que liberarem a ordem de servi\u00e7o, daremos o in\u00edcio as obras, que devem ficar prontas no m\u00e1ximo em 40 dias&#8221;, garante Aquino.<\/p>\n<p>Na \u00faltima quinta-feira (2), o vice-prefeito e presidente do Naviraiense, Ronaldo Botelho, e o presidente da Federa\u00e7\u00e3o de Futebol de Mato Grosso do Sul, Francisco Ces\u00e1rio, garantiram que ir\u00e3o trabalhar para que a cidade receba uma partida da Copa do Brasil. &#8220;\u00c9 um momento de conquista para n\u00f3s. Termos uma partida da Copa do Brasil em nossa cidade deve valorizar e colocar Navira\u00ed mais uma vez no cen\u00e1rio nacional&#8221;, destaca Ronaldo.<\/p>\n<p>Para o deputado Vander, as obras de ilumina\u00e7\u00e3o v\u00e3o ajudar a fortalecer as competi\u00e7\u00f5es esportivas no Virot\u00e3o. &#8220;Com essa ilumina\u00e7\u00e3o, Navira\u00ed poder\u00e1 receber jogos \u00e0 noite. Isso \u00e9 bom para o torcedor e deve possibilitar um p\u00fablico maior no est\u00e1dio&#8221;, destaca o parlamentar.<\/p>\n<p>O Naviraiense, vice-campe\u00e3o estadual, jogar\u00e1 na Copa do Brasil em 17 de fevereiro de 2011. Caso conquiste a partida de volta, far\u00e1 o segundo jogo em 24 do mesmo m\u00eas. A Confedera\u00e7\u00e3o Brasileira de Futebol (CBF) deve divulgar o advers\u00e1rio do &#8220;Jacar\u00e9 do Cone Sul&#8221; no final do dezembro ou no in\u00edcio de janeiro de 2011.<\/p>\n<p><small>(\u00c9der Yanaguita &#8211; Assessoria, com informa\u00e7\u00f5es da Prefeitura de Navira\u00ed)<\/small><\/p>\n","protected":false},"excerpt":{"rendered":"<p>Obra conta com emenda de R$ 300 mil de Vander e deve beneficiar esporte local e Naviraiense na Copa do Brasil.<\/p>\n","protected":false},"author":2,"featured_media":0,"comment_status":"open","ping_status":"open","sticky":false,"template":"","format":"standard","meta":{"jetpack_post_was_ever_published":false,"_jetpack_newsletter_access":"","_jetpack_dont_email_post_to_subs":false,"_jetpack_newsletter_tier_id":0,"_jetpack_memberships_contains_paywalled_content":false,"_jetpack_memberships_contains_paid_content":false,"footnotes":""},"categories":[10],"tags":[299,525,608,709,807,995,1178,1366,1367,2033,2066],"class_list":{"0":"post-2734","1":"post","2":"type-post","3":"status-publish","4":"format-standard","6":"category-noticias","7":"tag-brasil","8":"tag-copa","9":"tag-deputado","10":"tag-emenda","11":"tag-federal","12":"tag-iluminacao","13":"tag-loubet","14":"tag-navirai","15":"tag-naviraiense","16":"tag-vander","17":"tag-virotao"},"yoast_head":"<!-- This site is optimized with the Yoast SEO plugin v27.4 - https:\/\/yoast.com\/product\/yoast-seo-wordpress\/ -->\n<title>Ilumina\u00e7\u00e3o do Virot\u00e3o ficar\u00e1 pronta em janeiro<\/title>\n<meta name=\"robots\" content=\"index, follow, max-snippet:-1, max-image-preview:large, max-video-preview:-1\" \/>\n<link rel=\"canonical\" href=\"https:\/\/vanderloubet.com.br\/deputado\/iluminacao-do-virotao-ficara-pronta-em-janeiro\/\" \/>\n<meta property=\"og:locale\" content=\"pt_BR\" \/>\n<meta property=\"og:type\" content=\"article\" \/>\n<meta property=\"og:title\" content=\"Ilumina\u00e7\u00e3o do Virot\u00e3o ficar\u00e1 pronta em janeiro\" \/>\n<meta property=\"og:description\" content=\"Obra conta com emenda de R$ 300 mil de Vander e deve beneficiar esporte local e Naviraiense na Copa do Brasil.\" \/>\n<meta property=\"og:url\" content=\"https:\/\/vanderloubet.com.br\/deputado\/iluminacao-do-virotao-ficara-pronta-em-janeiro\/\" \/>\n<meta property=\"og:site_name\" content=\"Deputado Federal Vander Loubet\" \/>\n<meta property=\"article:publisher\" content=\"https:\/\/facebook.com\/deputadovander\" \/>\n<meta property=\"article:published_time\" content=\"2010-12-08T14:04:55+00:00\" \/>\n<meta property=\"og:image\" content=\"http:\/\/www.deputadovander.com.br\/website\/wp-content\/uploads\/2010\/12\/foto-2010-12-08-navirai-virotao-torcida-300x200.jpg\" \/>\n<meta name=\"author\" content=\"\u00c9der\" \/>\n<meta name=\"twitter:card\" content=\"summary_large_image\" \/>\n<meta name=\"twitter:creator\" content=\"@vanderloubet\" \/>\n<meta name=\"twitter:site\" content=\"@vanderloubet\" \/>\n<script type=\"application\/ld+json\" class=\"yoast-schema-graph\">{\"@context\":\"https:\\\/\\\/schema.org\",\"@graph\":[{\"@type\":\"Article\",\"@id\":\"https:\\\/\\\/vanderloubet.com.br\\\/deputado\\\/iluminacao-do-virotao-ficara-pronta-em-janeiro\\\/#article\",\"isPartOf\":{\"@id\":\"https:\\\/\\\/vanderloubet.com.br\\\/deputado\\\/iluminacao-do-virotao-ficara-pronta-em-janeiro\\\/\"},\"author\":{\"name\":\"\u00c9der\",\"@id\":\"https:\\\/\\\/vanderloubet.com.br\\\/deputado\\\/#\\\/schema\\\/person\\\/15b51bd564532a8a68d9dec1b8eb890e\"},\"headline\":\"Ilumina\u00e7\u00e3o do Virot\u00e3o ficar\u00e1 pronta em janeiro\",\"datePublished\":\"2010-12-08T14:04:55+00:00\",\"mainEntityOfPage\":{\"@id\":\"https:\\\/\\\/vanderloubet.com.br\\\/deputado\\\/iluminacao-do-virotao-ficara-pronta-em-janeiro\\\/\"},\"wordCount\":328,\"commentCount\":0,\"publisher\":{\"@id\":\"https:\\\/\\\/vanderloubet.com.br\\\/deputado\\\/#organization\"},\"image\":{\"@id\":\"https:\\\/\\\/vanderloubet.com.br\\\/deputado\\\/iluminacao-do-virotao-ficara-pronta-em-janeiro\\\/#primaryimage\"},\"thumbnailUrl\":\"http:\\\/\\\/www.deputadovander.com.br\\\/website\\\/wp-content\\\/uploads\\\/2010\\\/12\\\/foto-2010-12-08-navirai-virotao-torcida-300x200.jpg\",\"keywords\":[\"brasil\",\"copa\",\"deputado\",\"emenda\",\"federal\",\"ilumina\u00e7\u00e3o\",\"loubet\",\"navira\u00ed\",\"naviraiense\",\"vander\",\"virot\u00e3o\"],\"articleSection\":[\"Not\u00edcias\"],\"inLanguage\":\"pt-BR\",\"potentialAction\":[{\"@type\":\"CommentAction\",\"name\":\"Comment\",\"target\":[\"https:\\\/\\\/vanderloubet.com.br\\\/deputado\\\/iluminacao-do-virotao-ficara-pronta-em-janeiro\\\/#respond\"]}]},{\"@type\":\"WebPage\",\"@id\":\"https:\\\/\\\/vanderloubet.com.br\\\/deputado\\\/iluminacao-do-virotao-ficara-pronta-em-janeiro\\\/\",\"url\":\"https:\\\/\\\/vanderloubet.com.br\\\/deputado\\\/iluminacao-do-virotao-ficara-pronta-em-janeiro\\\/\",\"name\":\"Ilumina\u00e7\u00e3o do Virot\u00e3o ficar\u00e1 pronta em janeiro\",\"isPartOf\":{\"@id\":\"https:\\\/\\\/vanderloubet.com.br\\\/deputado\\\/#website\"},\"primaryImageOfPage\":{\"@id\":\"https:\\\/\\\/vanderloubet.com.br\\\/deputado\\\/iluminacao-do-virotao-ficara-pronta-em-janeiro\\\/#primaryimage\"},\"image\":{\"@id\":\"https:\\\/\\\/vanderloubet.com.br\\\/deputado\\\/iluminacao-do-virotao-ficara-pronta-em-janeiro\\\/#primaryimage\"},\"thumbnailUrl\":\"http:\\\/\\\/www.deputadovander.com.br\\\/website\\\/wp-content\\\/uploads\\\/2010\\\/12\\\/foto-2010-12-08-navirai-virotao-torcida-300x200.jpg\",\"datePublished\":\"2010-12-08T14:04:55+00:00\",\"breadcrumb\":{\"@id\":\"https:\\\/\\\/vanderloubet.com.br\\\/deputado\\\/iluminacao-do-virotao-ficara-pronta-em-janeiro\\\/#breadcrumb\"},\"inLanguage\":\"pt-BR\",\"potentialAction\":[{\"@type\":\"ReadAction\",\"target\":[\"https:\\\/\\\/vanderloubet.com.br\\\/deputado\\\/iluminacao-do-virotao-ficara-pronta-em-janeiro\\\/\"]}]},{\"@type\":\"ImageObject\",\"inLanguage\":\"pt-BR\",\"@id\":\"https:\\\/\\\/vanderloubet.com.br\\\/deputado\\\/iluminacao-do-virotao-ficara-pronta-em-janeiro\\\/#primaryimage\",\"url\":\"http:\\\/\\\/www.deputadovander.com.br\\\/website\\\/wp-content\\\/uploads\\\/2010\\\/12\\\/foto-2010-12-08-navirai-virotao-torcida-300x200.jpg\",\"contentUrl\":\"http:\\\/\\\/www.deputadovander.com.br\\\/website\\\/wp-content\\\/uploads\\\/2010\\\/12\\\/foto-2010-12-08-navirai-virotao-torcida-300x200.jpg\"},{\"@type\":\"BreadcrumbList\",\"@id\":\"https:\\\/\\\/vanderloubet.com.br\\\/deputado\\\/iluminacao-do-virotao-ficara-pronta-em-janeiro\\\/#breadcrumb\",\"itemListElement\":[{\"@type\":\"ListItem\",\"position\":1,\"name\":\"In\u00edcio\",\"item\":\"https:\\\/\\\/vanderloubet.com.br\\\/deputado\\\/\"},{\"@type\":\"ListItem\",\"position\":2,\"name\":\"Ilumina\u00e7\u00e3o do Virot\u00e3o ficar\u00e1 pronta em janeiro\"}]},{\"@type\":\"WebSite\",\"@id\":\"https:\\\/\\\/vanderloubet.com.br\\\/deputado\\\/#website\",\"url\":\"https:\\\/\\\/vanderloubet.com.br\\\/deputado\\\/\",\"name\":\"Deputado Federal Vander Loubet\",\"description\":\"O Federal de MS\",\"publisher\":{\"@id\":\"https:\\\/\\\/vanderloubet.com.br\\\/deputado\\\/#organization\"},\"alternateName\":\"Deputado Vander\",\"potentialAction\":[{\"@type\":\"SearchAction\",\"target\":{\"@type\":\"EntryPoint\",\"urlTemplate\":\"https:\\\/\\\/vanderloubet.com.br\\\/deputado\\\/?s={search_term_string}\"},\"query-input\":{\"@type\":\"PropertyValueSpecification\",\"valueRequired\":true,\"valueName\":\"search_term_string\"}}],\"inLanguage\":\"pt-BR\"},{\"@type\":\"Organization\",\"@id\":\"https:\\\/\\\/vanderloubet.com.br\\\/deputado\\\/#organization\",\"name\":\"Deputado Federal Vander Loubet\",\"alternateName\":\"Deputado Vander\",\"url\":\"https:\\\/\\\/vanderloubet.com.br\\\/deputado\\\/\",\"logo\":{\"@type\":\"ImageObject\",\"inLanguage\":\"pt-BR\",\"@id\":\"https:\\\/\\\/vanderloubet.com.br\\\/deputado\\\/#\\\/schema\\\/logo\\\/image\\\/\",\"url\":\"https:\\\/\\\/vanderloubet.com.br\\\/deputado\\\/wp-content\\\/uploads\\\/2023\\\/06\\\/foto-2023-06-19-mandato-deputado-vander.jpg\",\"contentUrl\":\"https:\\\/\\\/vanderloubet.com.br\\\/deputado\\\/wp-content\\\/uploads\\\/2023\\\/06\\\/foto-2023-06-19-mandato-deputado-vander.jpg\",\"width\":1080,\"height\":1080,\"caption\":\"Deputado Federal Vander Loubet\"},\"image\":{\"@id\":\"https:\\\/\\\/vanderloubet.com.br\\\/deputado\\\/#\\\/schema\\\/logo\\\/image\\\/\"},\"sameAs\":[\"https:\\\/\\\/facebook.com\\\/deputadovander\",\"https:\\\/\\\/x.com\\\/vanderloubet\",\"https:\\\/\\\/instagram.com\\\/vanderloubet\",\"https:\\\/\\\/youtube.com\\\/vanderloubet\",\"https:\\\/\\\/tiktok.com\\\/@vanderloubetms\"]},{\"@type\":\"Person\",\"@id\":\"https:\\\/\\\/vanderloubet.com.br\\\/deputado\\\/#\\\/schema\\\/person\\\/15b51bd564532a8a68d9dec1b8eb890e\",\"name\":\"\u00c9der\",\"image\":{\"@type\":\"ImageObject\",\"inLanguage\":\"pt-BR\",\"@id\":\"https:\\\/\\\/vanderloubet.com.br\\\/deputado\\\/wp-content\\\/litespeed\\\/avatar\\\/88ca4090d9d5ab1c9495f6ca03b68efa.jpg?ver=1777058957\",\"url\":\"https:\\\/\\\/vanderloubet.com.br\\\/deputado\\\/wp-content\\\/litespeed\\\/avatar\\\/88ca4090d9d5ab1c9495f6ca03b68efa.jpg?ver=1777058957\",\"contentUrl\":\"https:\\\/\\\/vanderloubet.com.br\\\/deputado\\\/wp-content\\\/litespeed\\\/avatar\\\/88ca4090d9d5ab1c9495f6ca03b68efa.jpg?ver=1777058957\",\"caption\":\"\u00c9der\"}}]}<\/script>\n<!-- \/ Yoast SEO plugin. -->","yoast_head_json":{"title":"Ilumina\u00e7\u00e3o do Virot\u00e3o ficar\u00e1 pronta em janeiro","robots":{"index":"index","follow":"follow","max-snippet":"max-snippet:-1","max-image-preview":"max-image-preview:large","max-video-preview":"max-video-preview:-1"},"canonical":"https:\/\/vanderloubet.com.br\/deputado\/iluminacao-do-virotao-ficara-pronta-em-janeiro\/","og_locale":"pt_BR","og_type":"article","og_title":"Ilumina\u00e7\u00e3o do Virot\u00e3o ficar\u00e1 pronta em janeiro","og_description":"Obra conta com emenda de R$ 300 mil de Vander e deve beneficiar esporte local e Naviraiense na Copa do Brasil.","og_url":"https:\/\/vanderloubet.com.br\/deputado\/iluminacao-do-virotao-ficara-pronta-em-janeiro\/","og_site_name":"Deputado Federal Vander Loubet","article_publisher":"https:\/\/facebook.com\/deputadovander","article_published_time":"2010-12-08T14:04:55+00:00","og_image":[{"url":"http:\/\/www.deputadovander.com.br\/website\/wp-content\/uploads\/2010\/12\/foto-2010-12-08-navirai-virotao-torcida-300x200.jpg","type":"","width":"","height":""}],"author":"\u00c9der","twitter_card":"summary_large_image","twitter_creator":"@vanderloubet","twitter_site":"@vanderloubet","schema":{"@context":"https:\/\/schema.org","@graph":[{"@type":"Article","@id":"https:\/\/vanderloubet.com.br\/deputado\/iluminacao-do-virotao-ficara-pronta-em-janeiro\/#article","isPartOf":{"@id":"https:\/\/vanderloubet.com.br\/deputado\/iluminacao-do-virotao-ficara-pronta-em-janeiro\/"},"author":{"name":"\u00c9der","@id":"https:\/\/vanderloubet.com.br\/deputado\/#\/schema\/person\/15b51bd564532a8a68d9dec1b8eb890e"},"headline":"Ilumina\u00e7\u00e3o do Virot\u00e3o ficar\u00e1 pronta em janeiro","datePublished":"2010-12-08T14:04:55+00:00","mainEntityOfPage":{"@id":"https:\/\/vanderloubet.com.br\/deputado\/iluminacao-do-virotao-ficara-pronta-em-janeiro\/"},"wordCount":328,"commentCount":0,"publisher":{"@id":"https:\/\/vanderloubet.com.br\/deputado\/#organization"},"image":{"@id":"https:\/\/vanderloubet.com.br\/deputado\/iluminacao-do-virotao-ficara-pronta-em-janeiro\/#primaryimage"},"thumbnailUrl":"http:\/\/www.deputadovander.com.br\/website\/wp-content\/uploads\/2010\/12\/foto-2010-12-08-navirai-virotao-torcida-300x200.jpg","keywords":["brasil","copa","deputado","emenda","federal","ilumina\u00e7\u00e3o","loubet","navira\u00ed","naviraiense","vander","virot\u00e3o"],"articleSection":["Not\u00edcias"],"inLanguage":"pt-BR","potentialAction":[{"@type":"CommentAction","name":"Comment","target":["https:\/\/vanderloubet.com.br\/deputado\/iluminacao-do-virotao-ficara-pronta-em-janeiro\/#respond"]}]},{"@type":"WebPage","@id":"https:\/\/vanderloubet.com.br\/deputado\/iluminacao-do-virotao-ficara-pronta-em-janeiro\/","url":"https:\/\/vanderloubet.com.br\/deputado\/iluminacao-do-virotao-ficara-pronta-em-janeiro\/","name":"Ilumina\u00e7\u00e3o do Virot\u00e3o ficar\u00e1 pronta em janeiro","isPartOf":{"@id":"https:\/\/vanderloubet.com.br\/deputado\/#website"},"primaryImageOfPage":{"@id":"https:\/\/vanderloubet.com.br\/deputado\/iluminacao-do-virotao-ficara-pronta-em-janeiro\/#primaryimage"},"image":{"@id":"https:\/\/vanderloubet.com.br\/deputado\/iluminacao-do-virotao-ficara-pronta-em-janeiro\/#primaryimage"},"thumbnailUrl":"http:\/\/www.deputadovander.com.br\/website\/wp-content\/uploads\/2010\/12\/foto-2010-12-08-navirai-virotao-torcida-300x200.jpg","datePublished":"2010-12-08T14:04:55+00:00","breadcrumb":{"@id":"https:\/\/vanderloubet.com.br\/deputado\/iluminacao-do-virotao-ficara-pronta-em-janeiro\/#breadcrumb"},"inLanguage":"pt-BR","potentialAction":[{"@type":"ReadAction","target":["https:\/\/vanderloubet.com.br\/deputado\/iluminacao-do-virotao-ficara-pronta-em-janeiro\/"]}]},{"@type":"ImageObject","inLanguage":"pt-BR","@id":"https:\/\/vanderloubet.com.br\/deputado\/iluminacao-do-virotao-ficara-pronta-em-janeiro\/#primaryimage","url":"http:\/\/www.deputadovander.com.br\/website\/wp-content\/uploads\/2010\/12\/foto-2010-12-08-navirai-virotao-torcida-300x200.jpg","contentUrl":"http:\/\/www.deputadovander.com.br\/website\/wp-content\/uploads\/2010\/12\/foto-2010-12-08-navirai-virotao-torcida-300x200.jpg"},{"@type":"BreadcrumbList","@id":"https:\/\/vanderloubet.com.br\/deputado\/iluminacao-do-virotao-ficara-pronta-em-janeiro\/#breadcrumb","itemListElement":[{"@type":"ListItem","position":1,"name":"In\u00edcio","item":"https:\/\/vanderloubet.com.br\/deputado\/"},{"@type":"ListItem","position":2,"name":"Ilumina\u00e7\u00e3o do Virot\u00e3o ficar\u00e1 pronta em janeiro"}]},{"@type":"WebSite","@id":"https:\/\/vanderloubet.com.br\/deputado\/#website","url":"https:\/\/vanderloubet.com.br\/deputado\/","name":"Deputado Federal Vander Loubet","description":"O Federal de MS","publisher":{"@id":"https:\/\/vanderloubet.com.br\/deputado\/#organization"},"alternateName":"Deputado Vander","potentialAction":[{"@type":"SearchAction","target":{"@type":"EntryPoint","urlTemplate":"https:\/\/vanderloubet.com.br\/deputado\/?s={search_term_string}"},"query-input":{"@type":"PropertyValueSpecification","valueRequired":true,"valueName":"search_term_string"}}],"inLanguage":"pt-BR"},{"@type":"Organization","@id":"https:\/\/vanderloubet.com.br\/deputado\/#organization","name":"Deputado Federal Vander Loubet","alternateName":"Deputado Vander","url":"https:\/\/vanderloubet.com.br\/deputado\/","logo":{"@type":"ImageObject","inLanguage":"pt-BR","@id":"https:\/\/vanderloubet.com.br\/deputado\/#\/schema\/logo\/image\/","url":"https:\/\/vanderloubet.com.br\/deputado\/wp-content\/uploads\/2023\/06\/foto-2023-06-19-mandato-deputado-vander.jpg","contentUrl":"https:\/\/vanderloubet.com.br\/deputado\/wp-content\/uploads\/2023\/06\/foto-2023-06-19-mandato-deputado-vander.jpg","width":1080,"height":1080,"caption":"Deputado Federal Vander Loubet"},"image":{"@id":"https:\/\/vanderloubet.com.br\/deputado\/#\/schema\/logo\/image\/"},"sameAs":["https:\/\/facebook.com\/deputadovander","https:\/\/x.com\/vanderloubet","https:\/\/instagram.com\/vanderloubet","https:\/\/youtube.com\/vanderloubet","https:\/\/tiktok.com\/@vanderloubetms"]},{"@type":"Person","@id":"https:\/\/vanderloubet.com.br\/deputado\/#\/schema\/person\/15b51bd564532a8a68d9dec1b8eb890e","name":"\u00c9der","image":{"@type":"ImageObject","inLanguage":"pt-BR","@id":"https:\/\/vanderloubet.com.br\/deputado\/wp-content\/litespeed\/avatar\/88ca4090d9d5ab1c9495f6ca03b68efa.jpg?ver=1777058957","url":"https:\/\/vanderloubet.com.br\/deputado\/wp-content\/litespeed\/avatar\/88ca4090d9d5ab1c9495f6ca03b68efa.jpg?ver=1777058957","contentUrl":"https:\/\/vanderloubet.com.br\/deputado\/wp-content\/litespeed\/avatar\/88ca4090d9d5ab1c9495f6ca03b68efa.jpg?ver=1777058957","caption":"\u00c9der"}}]}},"jetpack_featured_media_url":"","jetpack_sharing_enabled":true,"_links":{"self":[{"href":"https:\/\/vanderloubet.com.br\/deputado\/wp-json\/wp\/v2\/posts\/2734","targetHints":{"allow":["GET"]}}],"collection":[{"href":"https:\/\/vanderloubet.com.br\/deputado\/wp-json\/wp\/v2\/posts"}],"about":[{"href":"https:\/\/vanderloubet.com.br\/deputado\/wp-json\/wp\/v2\/types\/post"}],"author":[{"embeddable":true,"href":"https:\/\/vanderloubet.com.br\/deputado\/wp-json\/wp\/v2\/users\/2"}],"replies":[{"embeddable":true,"href":"https:\/\/vanderloubet.com.br\/deputado\/wp-json\/wp\/v2\/comments?post=2734"}],"version-history":[{"count":0,"href":"https:\/\/vanderloubet.com.br\/deputado\/wp-json\/wp\/v2\/posts\/2734\/revisions"}],"wp:attachment":[{"href":"https:\/\/vanderloubet.com.br\/deputado\/wp-json\/wp\/v2\/media?parent=2734"}],"wp:term":[{"taxonomy":"category","embeddable":true,"href":"https:\/\/vanderloubet.com.br\/deputado\/wp-json\/wp\/v2\/categories?post=2734"},{"taxonomy":"post_tag","embeddable":true,"href":"https:\/\/vanderloubet.com.br\/deputado\/wp-json\/wp\/v2\/tags?post=2734"}],"curies":[{"name":"wp","href":"https:\/\/api.w.org\/{rel}","templated":true}]}}