{"id":2719,"date":"2010-12-03T21:25:08","date_gmt":"2010-12-04T01:25:08","guid":{"rendered":"http:\/\/www.deputadovander.com.br\/website\/?p=2719"},"modified":"2010-12-03T21:25:08","modified_gmt":"2010-12-04T01:25:08","slug":"anastacio-inaugura-agencia-do-inss-com-apoio-de-vander","status":"publish","type":"post","link":"https:\/\/vanderloubet.com.br\/deputado\/anastacio-inaugura-agencia-do-inss-com-apoio-de-vander\/","title":{"rendered":"Anast\u00e1cio inaugura ag\u00eancia do INSS com apoio de Vander"},"content":{"rendered":"<p style=\"text-align: center;\">\n<figure id=\"attachment_2720\" aria-describedby=\"caption-attachment-2720\" style=\"width: 300px\" class=\"wp-caption aligncenter\"><a href=\"http:\/\/www.deputadovander.com.br\/website\/wp-content\/uploads\/2010\/12\/foto-2010-12-03-inss-anastacio.jpg\" target=\"_blank\"><img decoding=\"async\" class=\"size-medium wp-image-2720 \" title=\"foto-2010-12-03-inss-anastacio\" src=\"http:\/\/www.deputadovander.com.br\/website\/wp-content\/uploads\/2010\/12\/foto-2010-12-03-inss-anastacio-300x198.jpg\" alt=\"Inaugura\u00e7\u00e3o do INSS em Anast\u00e1cio\" width=\"300\" height=\"198\" \/><\/a><figcaption id=\"caption-attachment-2720\" class=\"wp-caption-text\">Inaugura\u00e7\u00e3o do INSS em Anast\u00e1cio<\/figcaption><\/figure>\n<\/p>\n<p>O munic\u00edpio de Anast\u00e1cio conquistou na \u00faltima quarta-feira, (1) a sua independ\u00eancia no atendimento previdenci\u00e1rio, com a inaugura\u00e7\u00e3o de uma unidade da Previd\u00eancia Social. O prefeito Douglas Figueiredo, acompanhado do superintende Regional do INSS Norte\/Centro Oeste, Francisco Assis Mano Barreto, e do presidente da C\u00e2mara Municipal, Manoel Luiz da Silva, descerraram a faixa inaugurando a ag\u00eancia local do INSS.<\/p>\n<p>Em seu discurso, Figueiredo pontuou que a Previd\u00eancia Social exerce uma das pol\u00edticas p\u00fablicas mais importantes no pa\u00eds, \u00e9 a m\u00e3o amiga do cidad\u00e3o nos momentos mais dif\u00edceis de suas vidas, na velhice ou quando passam por uma dificuldade f\u00edsica. O prefeito anastaciano tamb\u00e9m agradeceu e lembrou-se do apoio do deputado federal Vander Loubet (PT), do Senador Delc\u00eddio do Amaral (PT) e da C\u00e2mara Municipal nessa importante conquista para a cidade.<\/p>\n<p>O fato de Anast\u00e1cio ter sido escolhido um dos 720 munic\u00edpios para integrarem o plano de expans\u00e3o da rede de atendimento do Minist\u00e9rio da Previd\u00eancia Social, segundo o prefeito Douglas Figueiredo \u00e9 um motivo de orgulho para toda a popula\u00e7\u00e3o e principalmente para a Administra\u00e7\u00e3o Municipal.<\/p>\n<p>A ag\u00eancia da Previd\u00eancia Social em Anast\u00e1cio \u00e9 fruto de uma parceria. A Prefeitura Municipal doou o terreno com aprova\u00e7\u00e3o un\u00e2nime da C\u00e2mara de Vereadores. J\u00e1 a constru\u00e7\u00e3o do pr\u00e9dio foi viabilizada gra\u00e7as ao deputado Vander, que trabalhou com afinco na articula\u00e7\u00e3o junto ao Governo Federal.<\/p>\n<p>O superintendente Francisco Mano Barreto assegurou que a previd\u00eancia social \u00e9 patrim\u00f4nio do trabalhador e de sua fam\u00edlia. Por isso, o Governo Federal estabeleceu a meta de fortalecer a prote\u00e7\u00e3o social, direcionando o foco na excel\u00eancia do atendimento, com uma ag\u00eancia climatizada, ampla e moderna para os anastacianos.<\/p>\n<p><small>(Assessoria de Comunica\u00e7\u00e3o, com informa\u00e7\u00f5es do Not\u00edcias do Estado)<\/small><\/p>\n","protected":false},"excerpt":{"rendered":"<p>Em discurso, prefeito Douglas Figueiredo agradeceu o apoio do deputado Vander nessa importante conquista para a cidade.<\/p>\n","protected":false},"author":2,"featured_media":0,"comment_status":"open","ping_status":"open","sticky":false,"template":"","format":"standard","meta":{"jetpack_post_was_ever_published":false,"_jetpack_newsletter_access":"","_jetpack_dont_email_post_to_subs":false,"_jetpack_newsletter_tier_id":0,"_jetpack_memberships_contains_paywalled_content":false,"_jetpack_memberships_contains_paid_content":false,"footnotes":""},"categories":[10],"tags":[126,590,608,671,807,841,1178,1615,2033],"class_list":{"0":"post-2719","1":"post","2":"type-post","3":"status-publish","4":"format-standard","6":"category-noticias","7":"tag-anastacio","8":"tag-delcidio","9":"tag-deputado","10":"tag-douglas","11":"tag-federal","12":"tag-figueiredo","13":"tag-loubet","14":"tag-previdencia","15":"tag-vander"},"yoast_head":"<!-- This site is optimized with the Yoast SEO plugin v27.4 - https:\/\/yoast.com\/product\/yoast-seo-wordpress\/ -->\n<title>Anast\u00e1cio inaugura ag\u00eancia do INSS com apoio de Vander<\/title>\n<meta name=\"robots\" content=\"index, follow, max-snippet:-1, max-image-preview:large, max-video-preview:-1\" \/>\n<link rel=\"canonical\" href=\"https:\/\/vanderloubet.com.br\/deputado\/anastacio-inaugura-agencia-do-inss-com-apoio-de-vander\/\" \/>\n<meta property=\"og:locale\" content=\"pt_BR\" \/>\n<meta property=\"og:type\" content=\"article\" \/>\n<meta property=\"og:title\" content=\"Anast\u00e1cio inaugura ag\u00eancia do INSS com apoio de Vander\" \/>\n<meta property=\"og:description\" content=\"Em discurso, prefeito Douglas Figueiredo agradeceu o apoio do deputado Vander nessa importante conquista para a cidade.\" \/>\n<meta property=\"og:url\" content=\"https:\/\/vanderloubet.com.br\/deputado\/anastacio-inaugura-agencia-do-inss-com-apoio-de-vander\/\" \/>\n<meta property=\"og:site_name\" content=\"Deputado Federal Vander Loubet\" \/>\n<meta property=\"article:publisher\" content=\"https:\/\/facebook.com\/deputadovander\" \/>\n<meta property=\"article:published_time\" content=\"2010-12-04T01:25:08+00:00\" \/>\n<meta property=\"og:image\" content=\"http:\/\/www.deputadovander.com.br\/website\/wp-content\/uploads\/2010\/12\/foto-2010-12-03-inss-anastacio-300x198.jpg\" \/>\n<meta name=\"author\" content=\"\u00c9der\" \/>\n<meta name=\"twitter:card\" content=\"summary_large_image\" \/>\n<meta name=\"twitter:creator\" content=\"@vanderloubet\" \/>\n<meta name=\"twitter:site\" content=\"@vanderloubet\" \/>\n<script type=\"application\/ld+json\" class=\"yoast-schema-graph\">{\"@context\":\"https:\\\/\\\/schema.org\",\"@graph\":[{\"@type\":\"Article\",\"@id\":\"https:\\\/\\\/vanderloubet.com.br\\\/deputado\\\/anastacio-inaugura-agencia-do-inss-com-apoio-de-vander\\\/#article\",\"isPartOf\":{\"@id\":\"https:\\\/\\\/vanderloubet.com.br\\\/deputado\\\/anastacio-inaugura-agencia-do-inss-com-apoio-de-vander\\\/\"},\"author\":{\"name\":\"\u00c9der\",\"@id\":\"https:\\\/\\\/vanderloubet.com.br\\\/deputado\\\/#\\\/schema\\\/person\\\/15b51bd564532a8a68d9dec1b8eb890e\"},\"headline\":\"Anast\u00e1cio inaugura ag\u00eancia do INSS com apoio de Vander\",\"datePublished\":\"2010-12-04T01:25:08+00:00\",\"mainEntityOfPage\":{\"@id\":\"https:\\\/\\\/vanderloubet.com.br\\\/deputado\\\/anastacio-inaugura-agencia-do-inss-com-apoio-de-vander\\\/\"},\"wordCount\":345,\"commentCount\":0,\"publisher\":{\"@id\":\"https:\\\/\\\/vanderloubet.com.br\\\/deputado\\\/#organization\"},\"image\":{\"@id\":\"https:\\\/\\\/vanderloubet.com.br\\\/deputado\\\/anastacio-inaugura-agencia-do-inss-com-apoio-de-vander\\\/#primaryimage\"},\"thumbnailUrl\":\"http:\\\/\\\/www.deputadovander.com.br\\\/website\\\/wp-content\\\/uploads\\\/2010\\\/12\\\/foto-2010-12-03-inss-anastacio-300x198.jpg\",\"keywords\":[\"anast\u00e1cio\",\"delc\u00eddio\",\"deputado\",\"douglas\",\"federal\",\"figueiredo\",\"loubet\",\"previd\u00eancia\",\"vander\"],\"articleSection\":[\"Not\u00edcias\"],\"inLanguage\":\"pt-BR\",\"potentialAction\":[{\"@type\":\"CommentAction\",\"name\":\"Comment\",\"target\":[\"https:\\\/\\\/vanderloubet.com.br\\\/deputado\\\/anastacio-inaugura-agencia-do-inss-com-apoio-de-vander\\\/#respond\"]}]},{\"@type\":\"WebPage\",\"@id\":\"https:\\\/\\\/vanderloubet.com.br\\\/deputado\\\/anastacio-inaugura-agencia-do-inss-com-apoio-de-vander\\\/\",\"url\":\"https:\\\/\\\/vanderloubet.com.br\\\/deputado\\\/anastacio-inaugura-agencia-do-inss-com-apoio-de-vander\\\/\",\"name\":\"Anast\u00e1cio inaugura ag\u00eancia do INSS com apoio de Vander\",\"isPartOf\":{\"@id\":\"https:\\\/\\\/vanderloubet.com.br\\\/deputado\\\/#website\"},\"primaryImageOfPage\":{\"@id\":\"https:\\\/\\\/vanderloubet.com.br\\\/deputado\\\/anastacio-inaugura-agencia-do-inss-com-apoio-de-vander\\\/#primaryimage\"},\"image\":{\"@id\":\"https:\\\/\\\/vanderloubet.com.br\\\/deputado\\\/anastacio-inaugura-agencia-do-inss-com-apoio-de-vander\\\/#primaryimage\"},\"thumbnailUrl\":\"http:\\\/\\\/www.deputadovander.com.br\\\/website\\\/wp-content\\\/uploads\\\/2010\\\/12\\\/foto-2010-12-03-inss-anastacio-300x198.jpg\",\"datePublished\":\"2010-12-04T01:25:08+00:00\",\"breadcrumb\":{\"@id\":\"https:\\\/\\\/vanderloubet.com.br\\\/deputado\\\/anastacio-inaugura-agencia-do-inss-com-apoio-de-vander\\\/#breadcrumb\"},\"inLanguage\":\"pt-BR\",\"potentialAction\":[{\"@type\":\"ReadAction\",\"target\":[\"https:\\\/\\\/vanderloubet.com.br\\\/deputado\\\/anastacio-inaugura-agencia-do-inss-com-apoio-de-vander\\\/\"]}]},{\"@type\":\"ImageObject\",\"inLanguage\":\"pt-BR\",\"@id\":\"https:\\\/\\\/vanderloubet.com.br\\\/deputado\\\/anastacio-inaugura-agencia-do-inss-com-apoio-de-vander\\\/#primaryimage\",\"url\":\"http:\\\/\\\/www.deputadovander.com.br\\\/website\\\/wp-content\\\/uploads\\\/2010\\\/12\\\/foto-2010-12-03-inss-anastacio-300x198.jpg\",\"contentUrl\":\"http:\\\/\\\/www.deputadovander.com.br\\\/website\\\/wp-content\\\/uploads\\\/2010\\\/12\\\/foto-2010-12-03-inss-anastacio-300x198.jpg\"},{\"@type\":\"BreadcrumbList\",\"@id\":\"https:\\\/\\\/vanderloubet.com.br\\\/deputado\\\/anastacio-inaugura-agencia-do-inss-com-apoio-de-vander\\\/#breadcrumb\",\"itemListElement\":[{\"@type\":\"ListItem\",\"position\":1,\"name\":\"In\u00edcio\",\"item\":\"https:\\\/\\\/vanderloubet.com.br\\\/deputado\\\/\"},{\"@type\":\"ListItem\",\"position\":2,\"name\":\"Anast\u00e1cio inaugura ag\u00eancia do INSS com apoio de Vander\"}]},{\"@type\":\"WebSite\",\"@id\":\"https:\\\/\\\/vanderloubet.com.br\\\/deputado\\\/#website\",\"url\":\"https:\\\/\\\/vanderloubet.com.br\\\/deputado\\\/\",\"name\":\"Deputado Federal Vander Loubet\",\"description\":\"O Federal de MS\",\"publisher\":{\"@id\":\"https:\\\/\\\/vanderloubet.com.br\\\/deputado\\\/#organization\"},\"alternateName\":\"Deputado Vander\",\"potentialAction\":[{\"@type\":\"SearchAction\",\"target\":{\"@type\":\"EntryPoint\",\"urlTemplate\":\"https:\\\/\\\/vanderloubet.com.br\\\/deputado\\\/?s={search_term_string}\"},\"query-input\":{\"@type\":\"PropertyValueSpecification\",\"valueRequired\":true,\"valueName\":\"search_term_string\"}}],\"inLanguage\":\"pt-BR\"},{\"@type\":\"Organization\",\"@id\":\"https:\\\/\\\/vanderloubet.com.br\\\/deputado\\\/#organization\",\"name\":\"Deputado Federal Vander Loubet\",\"alternateName\":\"Deputado Vander\",\"url\":\"https:\\\/\\\/vanderloubet.com.br\\\/deputado\\\/\",\"logo\":{\"@type\":\"ImageObject\",\"inLanguage\":\"pt-BR\",\"@id\":\"https:\\\/\\\/vanderloubet.com.br\\\/deputado\\\/#\\\/schema\\\/logo\\\/image\\\/\",\"url\":\"https:\\\/\\\/vanderloubet.com.br\\\/deputado\\\/wp-content\\\/uploads\\\/2023\\\/06\\\/foto-2023-06-19-mandato-deputado-vander.jpg\",\"contentUrl\":\"https:\\\/\\\/vanderloubet.com.br\\\/deputado\\\/wp-content\\\/uploads\\\/2023\\\/06\\\/foto-2023-06-19-mandato-deputado-vander.jpg\",\"width\":1080,\"height\":1080,\"caption\":\"Deputado Federal Vander Loubet\"},\"image\":{\"@id\":\"https:\\\/\\\/vanderloubet.com.br\\\/deputado\\\/#\\\/schema\\\/logo\\\/image\\\/\"},\"sameAs\":[\"https:\\\/\\\/facebook.com\\\/deputadovander\",\"https:\\\/\\\/x.com\\\/vanderloubet\",\"https:\\\/\\\/instagram.com\\\/vanderloubet\",\"https:\\\/\\\/youtube.com\\\/vanderloubet\",\"https:\\\/\\\/tiktok.com\\\/@vanderloubetms\"]},{\"@type\":\"Person\",\"@id\":\"https:\\\/\\\/vanderloubet.com.br\\\/deputado\\\/#\\\/schema\\\/person\\\/15b51bd564532a8a68d9dec1b8eb890e\",\"name\":\"\u00c9der\",\"image\":{\"@type\":\"ImageObject\",\"inLanguage\":\"pt-BR\",\"@id\":\"https:\\\/\\\/vanderloubet.com.br\\\/deputado\\\/wp-content\\\/litespeed\\\/avatar\\\/88ca4090d9d5ab1c9495f6ca03b68efa.jpg?ver=1777058957\",\"url\":\"https:\\\/\\\/vanderloubet.com.br\\\/deputado\\\/wp-content\\\/litespeed\\\/avatar\\\/88ca4090d9d5ab1c9495f6ca03b68efa.jpg?ver=1777058957\",\"contentUrl\":\"https:\\\/\\\/vanderloubet.com.br\\\/deputado\\\/wp-content\\\/litespeed\\\/avatar\\\/88ca4090d9d5ab1c9495f6ca03b68efa.jpg?ver=1777058957\",\"caption\":\"\u00c9der\"}}]}<\/script>\n<!-- \/ Yoast SEO plugin. -->","yoast_head_json":{"title":"Anast\u00e1cio inaugura ag\u00eancia do INSS com apoio de Vander","robots":{"index":"index","follow":"follow","max-snippet":"max-snippet:-1","max-image-preview":"max-image-preview:large","max-video-preview":"max-video-preview:-1"},"canonical":"https:\/\/vanderloubet.com.br\/deputado\/anastacio-inaugura-agencia-do-inss-com-apoio-de-vander\/","og_locale":"pt_BR","og_type":"article","og_title":"Anast\u00e1cio inaugura ag\u00eancia do INSS com apoio de Vander","og_description":"Em discurso, prefeito Douglas Figueiredo agradeceu o apoio do deputado Vander nessa importante conquista para a cidade.","og_url":"https:\/\/vanderloubet.com.br\/deputado\/anastacio-inaugura-agencia-do-inss-com-apoio-de-vander\/","og_site_name":"Deputado Federal Vander Loubet","article_publisher":"https:\/\/facebook.com\/deputadovander","article_published_time":"2010-12-04T01:25:08+00:00","og_image":[{"url":"http:\/\/www.deputadovander.com.br\/website\/wp-content\/uploads\/2010\/12\/foto-2010-12-03-inss-anastacio-300x198.jpg","type":"","width":"","height":""}],"author":"\u00c9der","twitter_card":"summary_large_image","twitter_creator":"@vanderloubet","twitter_site":"@vanderloubet","schema":{"@context":"https:\/\/schema.org","@graph":[{"@type":"Article","@id":"https:\/\/vanderloubet.com.br\/deputado\/anastacio-inaugura-agencia-do-inss-com-apoio-de-vander\/#article","isPartOf":{"@id":"https:\/\/vanderloubet.com.br\/deputado\/anastacio-inaugura-agencia-do-inss-com-apoio-de-vander\/"},"author":{"name":"\u00c9der","@id":"https:\/\/vanderloubet.com.br\/deputado\/#\/schema\/person\/15b51bd564532a8a68d9dec1b8eb890e"},"headline":"Anast\u00e1cio inaugura ag\u00eancia do INSS com apoio de Vander","datePublished":"2010-12-04T01:25:08+00:00","mainEntityOfPage":{"@id":"https:\/\/vanderloubet.com.br\/deputado\/anastacio-inaugura-agencia-do-inss-com-apoio-de-vander\/"},"wordCount":345,"commentCount":0,"publisher":{"@id":"https:\/\/vanderloubet.com.br\/deputado\/#organization"},"image":{"@id":"https:\/\/vanderloubet.com.br\/deputado\/anastacio-inaugura-agencia-do-inss-com-apoio-de-vander\/#primaryimage"},"thumbnailUrl":"http:\/\/www.deputadovander.com.br\/website\/wp-content\/uploads\/2010\/12\/foto-2010-12-03-inss-anastacio-300x198.jpg","keywords":["anast\u00e1cio","delc\u00eddio","deputado","douglas","federal","figueiredo","loubet","previd\u00eancia","vander"],"articleSection":["Not\u00edcias"],"inLanguage":"pt-BR","potentialAction":[{"@type":"CommentAction","name":"Comment","target":["https:\/\/vanderloubet.com.br\/deputado\/anastacio-inaugura-agencia-do-inss-com-apoio-de-vander\/#respond"]}]},{"@type":"WebPage","@id":"https:\/\/vanderloubet.com.br\/deputado\/anastacio-inaugura-agencia-do-inss-com-apoio-de-vander\/","url":"https:\/\/vanderloubet.com.br\/deputado\/anastacio-inaugura-agencia-do-inss-com-apoio-de-vander\/","name":"Anast\u00e1cio inaugura ag\u00eancia do INSS com apoio de Vander","isPartOf":{"@id":"https:\/\/vanderloubet.com.br\/deputado\/#website"},"primaryImageOfPage":{"@id":"https:\/\/vanderloubet.com.br\/deputado\/anastacio-inaugura-agencia-do-inss-com-apoio-de-vander\/#primaryimage"},"image":{"@id":"https:\/\/vanderloubet.com.br\/deputado\/anastacio-inaugura-agencia-do-inss-com-apoio-de-vander\/#primaryimage"},"thumbnailUrl":"http:\/\/www.deputadovander.com.br\/website\/wp-content\/uploads\/2010\/12\/foto-2010-12-03-inss-anastacio-300x198.jpg","datePublished":"2010-12-04T01:25:08+00:00","breadcrumb":{"@id":"https:\/\/vanderloubet.com.br\/deputado\/anastacio-inaugura-agencia-do-inss-com-apoio-de-vander\/#breadcrumb"},"inLanguage":"pt-BR","potentialAction":[{"@type":"ReadAction","target":["https:\/\/vanderloubet.com.br\/deputado\/anastacio-inaugura-agencia-do-inss-com-apoio-de-vander\/"]}]},{"@type":"ImageObject","inLanguage":"pt-BR","@id":"https:\/\/vanderloubet.com.br\/deputado\/anastacio-inaugura-agencia-do-inss-com-apoio-de-vander\/#primaryimage","url":"http:\/\/www.deputadovander.com.br\/website\/wp-content\/uploads\/2010\/12\/foto-2010-12-03-inss-anastacio-300x198.jpg","contentUrl":"http:\/\/www.deputadovander.com.br\/website\/wp-content\/uploads\/2010\/12\/foto-2010-12-03-inss-anastacio-300x198.jpg"},{"@type":"BreadcrumbList","@id":"https:\/\/vanderloubet.com.br\/deputado\/anastacio-inaugura-agencia-do-inss-com-apoio-de-vander\/#breadcrumb","itemListElement":[{"@type":"ListItem","position":1,"name":"In\u00edcio","item":"https:\/\/vanderloubet.com.br\/deputado\/"},{"@type":"ListItem","position":2,"name":"Anast\u00e1cio inaugura ag\u00eancia do INSS com apoio de Vander"}]},{"@type":"WebSite","@id":"https:\/\/vanderloubet.com.br\/deputado\/#website","url":"https:\/\/vanderloubet.com.br\/deputado\/","name":"Deputado Federal Vander Loubet","description":"O Federal de MS","publisher":{"@id":"https:\/\/vanderloubet.com.br\/deputado\/#organization"},"alternateName":"Deputado Vander","potentialAction":[{"@type":"SearchAction","target":{"@type":"EntryPoint","urlTemplate":"https:\/\/vanderloubet.com.br\/deputado\/?s={search_term_string}"},"query-input":{"@type":"PropertyValueSpecification","valueRequired":true,"valueName":"search_term_string"}}],"inLanguage":"pt-BR"},{"@type":"Organization","@id":"https:\/\/vanderloubet.com.br\/deputado\/#organization","name":"Deputado Federal Vander Loubet","alternateName":"Deputado Vander","url":"https:\/\/vanderloubet.com.br\/deputado\/","logo":{"@type":"ImageObject","inLanguage":"pt-BR","@id":"https:\/\/vanderloubet.com.br\/deputado\/#\/schema\/logo\/image\/","url":"https:\/\/vanderloubet.com.br\/deputado\/wp-content\/uploads\/2023\/06\/foto-2023-06-19-mandato-deputado-vander.jpg","contentUrl":"https:\/\/vanderloubet.com.br\/deputado\/wp-content\/uploads\/2023\/06\/foto-2023-06-19-mandato-deputado-vander.jpg","width":1080,"height":1080,"caption":"Deputado Federal Vander Loubet"},"image":{"@id":"https:\/\/vanderloubet.com.br\/deputado\/#\/schema\/logo\/image\/"},"sameAs":["https:\/\/facebook.com\/deputadovander","https:\/\/x.com\/vanderloubet","https:\/\/instagram.com\/vanderloubet","https:\/\/youtube.com\/vanderloubet","https:\/\/tiktok.com\/@vanderloubetms"]},{"@type":"Person","@id":"https:\/\/vanderloubet.com.br\/deputado\/#\/schema\/person\/15b51bd564532a8a68d9dec1b8eb890e","name":"\u00c9der","image":{"@type":"ImageObject","inLanguage":"pt-BR","@id":"https:\/\/vanderloubet.com.br\/deputado\/wp-content\/litespeed\/avatar\/88ca4090d9d5ab1c9495f6ca03b68efa.jpg?ver=1777058957","url":"https:\/\/vanderloubet.com.br\/deputado\/wp-content\/litespeed\/avatar\/88ca4090d9d5ab1c9495f6ca03b68efa.jpg?ver=1777058957","contentUrl":"https:\/\/vanderloubet.com.br\/deputado\/wp-content\/litespeed\/avatar\/88ca4090d9d5ab1c9495f6ca03b68efa.jpg?ver=1777058957","caption":"\u00c9der"}}]}},"jetpack_featured_media_url":"","jetpack_sharing_enabled":true,"_links":{"self":[{"href":"https:\/\/vanderloubet.com.br\/deputado\/wp-json\/wp\/v2\/posts\/2719","targetHints":{"allow":["GET"]}}],"collection":[{"href":"https:\/\/vanderloubet.com.br\/deputado\/wp-json\/wp\/v2\/posts"}],"about":[{"href":"https:\/\/vanderloubet.com.br\/deputado\/wp-json\/wp\/v2\/types\/post"}],"author":[{"embeddable":true,"href":"https:\/\/vanderloubet.com.br\/deputado\/wp-json\/wp\/v2\/users\/2"}],"replies":[{"embeddable":true,"href":"https:\/\/vanderloubet.com.br\/deputado\/wp-json\/wp\/v2\/comments?post=2719"}],"version-history":[{"count":0,"href":"https:\/\/vanderloubet.com.br\/deputado\/wp-json\/wp\/v2\/posts\/2719\/revisions"}],"wp:attachment":[{"href":"https:\/\/vanderloubet.com.br\/deputado\/wp-json\/wp\/v2\/media?parent=2719"}],"wp:term":[{"taxonomy":"category","embeddable":true,"href":"https:\/\/vanderloubet.com.br\/deputado\/wp-json\/wp\/v2\/categories?post=2719"},{"taxonomy":"post_tag","embeddable":true,"href":"https:\/\/vanderloubet.com.br\/deputado\/wp-json\/wp\/v2\/tags?post=2719"}],"curies":[{"name":"wp","href":"https:\/\/api.w.org\/{rel}","templated":true}]}}