{"id":2716,"date":"2010-12-03T10:36:37","date_gmt":"2010-12-03T14:36:37","guid":{"rendered":"http:\/\/www.deputadovander.com.br\/website\/?p=2716"},"modified":"2010-12-03T10:36:37","modified_gmt":"2010-12-03T14:36:37","slug":"pre-sal-criterio-que-garante-r-95-milhoes-para-ms-teve-emenda-de-vander","status":"publish","type":"post","link":"https:\/\/vanderloubet.com.br\/deputado\/pre-sal-criterio-que-garante-r-95-milhoes-para-ms-teve-emenda-de-vander\/","title":{"rendered":"Pr\u00e9-sal: crit\u00e9rio de Vander garante R$ 95 milh\u00f5es para MS"},"content":{"rendered":"<p style=\"text-align: center;\">\n<figure id=\"attachment_240\" aria-describedby=\"caption-attachment-240\" style=\"width: 300px\" class=\"wp-caption aligncenter\"><a href=\"http:\/\/www.deputadovander.com.br\/website\/wp-content\/uploads\/2010\/03\/foto-2010-03-02-discurso-brasilia1.jpg\" target=\"_blank\"><img decoding=\"async\" class=\"size-medium wp-image-240 \" title=\"foto-2010-03-02-discurso-brasilia\" src=\"http:\/\/www.deputadovander.com.br\/website\/wp-content\/uploads\/2010\/03\/foto-2010-03-02-discurso-brasilia1-300x225.jpg\" alt=\"Deputado federal Vander Loubet em Bras\u00edlia\" width=\"300\" height=\"225\" \/><\/a><figcaption id=\"caption-attachment-240\" class=\"wp-caption-text\">Deputado Federal Vander Loubet (clique p\/ ampliar)<\/figcaption><\/figure>\n<\/p>\n<p>O repasse dos royalties do pr\u00e9-sal a todos os estados e munic\u00edpios brasileiros, e n\u00e3o-apenas \u00e0s chamadas &#8220;unidades produtoras&#8221;, \u00e9 um crit\u00e9rio que deve ser adotado a partir de 2011. E esse crit\u00e9rio teve entre seus propositores o deputado federal Vander Loubet (PT-MS), com uma emenda de plen\u00e1rio apresentada logo no in\u00edcio da tramita\u00e7\u00e3o da proposta de partilha dos lucros pela explora\u00e7\u00e3o das reservas de petr\u00f3leo do pr\u00e9-sal em mar aberto. A sugest\u00e3o de Vander era que o repasse dos royalties se baseasse nos crit\u00e9rios de proporcionalidade utilizados pelos fundos de participa\u00e7\u00e3o dos estados (FPE) e munic\u00edpios (FPM).<\/p>\n<p>Royaltie \u00e9 o valor pago ao detentor de marca, patente, processo de produ\u00e7\u00e3o, produto ou obra original pelos direitos de explora\u00e7\u00e3o comercial.<\/p>\n<p>Para o deputado, as riquezas naturais que Deus concedeu ao Brasil pertencem a todos os brasileiros e brasileiras. Foi com esse conceito que a C\u00e2mara aprovou no final de 2009 o projeto 5.938\/09, instituindo o regime de partilha. Na madrugada da quinta-feira passada os deputados federais aprovaram o crit\u00e9rio estabelecendo que, reservada a parcela destinada \u00e0 Uni\u00e3o e aos munic\u00edpios afetados pela explora\u00e7\u00e3o do petr\u00f3leo, o restante ser\u00e1 dividido assim: 50% pelos crit\u00e9rios do FPM e 50% pelas regras do FPE.<\/p>\n<p>Dentro dessas regras o Estado ter\u00e1 um benef\u00edcio consider\u00e1vel, pois o texto aprovado aumenta a cota anual de royalties dos munic\u00edpios sulmatogrossenses de R$ 10,3 milh\u00f5es para R$ 95,3 milh\u00f5es, um salto de 825,3%. Segundo Vander Loubet, o empenho de todos os deputados federais de Mato Grosso do Sul ajudou a garantir a aprova\u00e7\u00e3o da proposta, duramente combatida por parlamentares dos &#8220;estados produtores de petr\u00f3leo&#8221;, principalmente Rio de Janeiro, S\u00e3o Paulo e Esp\u00edrito Santo, que antes do novo regime de partilha abocanhavam mais de 80% dos recursos.<\/p>\n<p>&#8220;Agora, com uma distribui\u00e7\u00e3o mais justa, democratizada, assentada no conceito federativo, todos os munic\u00edpios brasileiros ter\u00e3o acesso a novas condi\u00e7\u00f5es para melhorar de vida, j\u00e1 que os investimentos com dinheiro do pr\u00e9-sal est\u00e3o reservados \u00e0 educa\u00e7\u00e3o, tecnologia, sa\u00fade e sustentabilidade&#8221;, comentou Vander.<\/p>\n<p>AUDI\u00caNCIA &#8211; A nova regra de distribui\u00e7\u00e3o dos royalties ser\u00e1 debatida em audi\u00eancia p\u00fablica convocada pela Comiss\u00e3o de Minas e Energia para o pr\u00f3ximo dia 15, a partir das 14h. O autor do requerimento, deputado M\u00e1rio Negromonte (PP-BA), diz que o debate \u00e9 uma reivindica\u00e7\u00e3o das associa\u00e7\u00f5es de munic\u00edpios.<\/p>\n<p><small>(Edson Moraes &#8211; Assessoria de Imprensa)<\/small><\/p>\n","protected":false},"excerpt":{"rendered":"<p>Emenda de Vander foi para que repasse se baseasse nos crit\u00e9rios dos fundos de participa\u00e7\u00e3o dos estados e munic\u00edpios.<\/p>\n","protected":false},"author":2,"featured_media":0,"comment_status":"open","ping_status":"open","sticky":false,"template":"","format":"standard","meta":{"jetpack_post_was_ever_published":false,"_jetpack_newsletter_access":"","_jetpack_dont_email_post_to_subs":false,"_jetpack_newsletter_tier_id":0,"_jetpack_memberships_contains_paywalled_content":false,"_jetpack_memberships_contains_paid_content":false,"footnotes":""},"categories":[10],"tags":[332,608,807,1139,1178,1541,1603,1634,1758,2033],"class_list":{"0":"post-2716","1":"post","2":"type-post","3":"status-publish","4":"format-standard","6":"category-noticias","7":"tag-camara","8":"tag-deputado","9":"tag-federal","10":"tag-lei","11":"tag-loubet","12":"tag-petroleo","13":"tag-pre-sal","14":"tag-projeto","15":"tag-royalties","16":"tag-vander"},"yoast_head":"<!-- This site is optimized with the Yoast SEO plugin v27.4 - https:\/\/yoast.com\/product\/yoast-seo-wordpress\/ -->\n<title>Pr\u00e9-sal: crit\u00e9rio de Vander garante R$ 95 milh\u00f5es para MS<\/title>\n<meta name=\"robots\" content=\"index, follow, max-snippet:-1, max-image-preview:large, max-video-preview:-1\" \/>\n<link rel=\"canonical\" href=\"https:\/\/vanderloubet.com.br\/deputado\/pre-sal-criterio-que-garante-r-95-milhoes-para-ms-teve-emenda-de-vander\/\" \/>\n<meta property=\"og:locale\" content=\"pt_BR\" \/>\n<meta property=\"og:type\" content=\"article\" \/>\n<meta property=\"og:title\" content=\"Pr\u00e9-sal: crit\u00e9rio de Vander garante R$ 95 milh\u00f5es para MS\" \/>\n<meta property=\"og:description\" content=\"Emenda de Vander foi para que repasse se baseasse nos crit\u00e9rios dos fundos de participa\u00e7\u00e3o dos estados e munic\u00edpios.\" \/>\n<meta property=\"og:url\" content=\"https:\/\/vanderloubet.com.br\/deputado\/pre-sal-criterio-que-garante-r-95-milhoes-para-ms-teve-emenda-de-vander\/\" \/>\n<meta property=\"og:site_name\" content=\"Deputado Federal Vander Loubet\" \/>\n<meta property=\"article:publisher\" content=\"https:\/\/facebook.com\/deputadovander\" \/>\n<meta property=\"article:published_time\" content=\"2010-12-03T14:36:37+00:00\" \/>\n<meta property=\"og:image\" content=\"http:\/\/www.deputadovander.com.br\/website\/wp-content\/uploads\/2010\/03\/foto-2010-03-02-discurso-brasilia1-300x225.jpg\" \/>\n<meta name=\"author\" content=\"\u00c9der\" \/>\n<meta name=\"twitter:card\" content=\"summary_large_image\" \/>\n<meta name=\"twitter:creator\" content=\"@vanderloubet\" \/>\n<meta name=\"twitter:site\" content=\"@vanderloubet\" \/>\n<script type=\"application\/ld+json\" class=\"yoast-schema-graph\">{\"@context\":\"https:\\\/\\\/schema.org\",\"@graph\":[{\"@type\":\"Article\",\"@id\":\"https:\\\/\\\/vanderloubet.com.br\\\/deputado\\\/pre-sal-criterio-que-garante-r-95-milhoes-para-ms-teve-emenda-de-vander\\\/#article\",\"isPartOf\":{\"@id\":\"https:\\\/\\\/vanderloubet.com.br\\\/deputado\\\/pre-sal-criterio-que-garante-r-95-milhoes-para-ms-teve-emenda-de-vander\\\/\"},\"author\":{\"name\":\"\u00c9der\",\"@id\":\"https:\\\/\\\/vanderloubet.com.br\\\/deputado\\\/#\\\/schema\\\/person\\\/15b51bd564532a8a68d9dec1b8eb890e\"},\"headline\":\"Pr\u00e9-sal: crit\u00e9rio de Vander garante R$ 95 milh\u00f5es para MS\",\"datePublished\":\"2010-12-03T14:36:37+00:00\",\"mainEntityOfPage\":{\"@id\":\"https:\\\/\\\/vanderloubet.com.br\\\/deputado\\\/pre-sal-criterio-que-garante-r-95-milhoes-para-ms-teve-emenda-de-vander\\\/\"},\"wordCount\":448,\"commentCount\":0,\"publisher\":{\"@id\":\"https:\\\/\\\/vanderloubet.com.br\\\/deputado\\\/#organization\"},\"image\":{\"@id\":\"https:\\\/\\\/vanderloubet.com.br\\\/deputado\\\/pre-sal-criterio-que-garante-r-95-milhoes-para-ms-teve-emenda-de-vander\\\/#primaryimage\"},\"thumbnailUrl\":\"http:\\\/\\\/www.deputadovander.com.br\\\/website\\\/wp-content\\\/uploads\\\/2010\\\/03\\\/foto-2010-03-02-discurso-brasilia1-300x225.jpg\",\"keywords\":[\"c\u00e2mara\",\"deputado\",\"federal\",\"lei\",\"loubet\",\"petr\u00f3leo\",\"pr\u00e9-sal\",\"projeto\",\"royalties\",\"vander\"],\"articleSection\":[\"Not\u00edcias\"],\"inLanguage\":\"pt-BR\",\"potentialAction\":[{\"@type\":\"CommentAction\",\"name\":\"Comment\",\"target\":[\"https:\\\/\\\/vanderloubet.com.br\\\/deputado\\\/pre-sal-criterio-que-garante-r-95-milhoes-para-ms-teve-emenda-de-vander\\\/#respond\"]}]},{\"@type\":\"WebPage\",\"@id\":\"https:\\\/\\\/vanderloubet.com.br\\\/deputado\\\/pre-sal-criterio-que-garante-r-95-milhoes-para-ms-teve-emenda-de-vander\\\/\",\"url\":\"https:\\\/\\\/vanderloubet.com.br\\\/deputado\\\/pre-sal-criterio-que-garante-r-95-milhoes-para-ms-teve-emenda-de-vander\\\/\",\"name\":\"Pr\u00e9-sal: crit\u00e9rio de Vander garante R$ 95 milh\u00f5es para MS\",\"isPartOf\":{\"@id\":\"https:\\\/\\\/vanderloubet.com.br\\\/deputado\\\/#website\"},\"primaryImageOfPage\":{\"@id\":\"https:\\\/\\\/vanderloubet.com.br\\\/deputado\\\/pre-sal-criterio-que-garante-r-95-milhoes-para-ms-teve-emenda-de-vander\\\/#primaryimage\"},\"image\":{\"@id\":\"https:\\\/\\\/vanderloubet.com.br\\\/deputado\\\/pre-sal-criterio-que-garante-r-95-milhoes-para-ms-teve-emenda-de-vander\\\/#primaryimage\"},\"thumbnailUrl\":\"http:\\\/\\\/www.deputadovander.com.br\\\/website\\\/wp-content\\\/uploads\\\/2010\\\/03\\\/foto-2010-03-02-discurso-brasilia1-300x225.jpg\",\"datePublished\":\"2010-12-03T14:36:37+00:00\",\"breadcrumb\":{\"@id\":\"https:\\\/\\\/vanderloubet.com.br\\\/deputado\\\/pre-sal-criterio-que-garante-r-95-milhoes-para-ms-teve-emenda-de-vander\\\/#breadcrumb\"},\"inLanguage\":\"pt-BR\",\"potentialAction\":[{\"@type\":\"ReadAction\",\"target\":[\"https:\\\/\\\/vanderloubet.com.br\\\/deputado\\\/pre-sal-criterio-que-garante-r-95-milhoes-para-ms-teve-emenda-de-vander\\\/\"]}]},{\"@type\":\"ImageObject\",\"inLanguage\":\"pt-BR\",\"@id\":\"https:\\\/\\\/vanderloubet.com.br\\\/deputado\\\/pre-sal-criterio-que-garante-r-95-milhoes-para-ms-teve-emenda-de-vander\\\/#primaryimage\",\"url\":\"http:\\\/\\\/www.deputadovander.com.br\\\/website\\\/wp-content\\\/uploads\\\/2010\\\/03\\\/foto-2010-03-02-discurso-brasilia1-300x225.jpg\",\"contentUrl\":\"http:\\\/\\\/www.deputadovander.com.br\\\/website\\\/wp-content\\\/uploads\\\/2010\\\/03\\\/foto-2010-03-02-discurso-brasilia1-300x225.jpg\"},{\"@type\":\"BreadcrumbList\",\"@id\":\"https:\\\/\\\/vanderloubet.com.br\\\/deputado\\\/pre-sal-criterio-que-garante-r-95-milhoes-para-ms-teve-emenda-de-vander\\\/#breadcrumb\",\"itemListElement\":[{\"@type\":\"ListItem\",\"position\":1,\"name\":\"In\u00edcio\",\"item\":\"https:\\\/\\\/vanderloubet.com.br\\\/deputado\\\/\"},{\"@type\":\"ListItem\",\"position\":2,\"name\":\"Pr\u00e9-sal: crit\u00e9rio de Vander garante R$ 95 milh\u00f5es para MS\"}]},{\"@type\":\"WebSite\",\"@id\":\"https:\\\/\\\/vanderloubet.com.br\\\/deputado\\\/#website\",\"url\":\"https:\\\/\\\/vanderloubet.com.br\\\/deputado\\\/\",\"name\":\"Deputado Federal Vander Loubet\",\"description\":\"O Federal de MS\",\"publisher\":{\"@id\":\"https:\\\/\\\/vanderloubet.com.br\\\/deputado\\\/#organization\"},\"alternateName\":\"Deputado Vander\",\"potentialAction\":[{\"@type\":\"SearchAction\",\"target\":{\"@type\":\"EntryPoint\",\"urlTemplate\":\"https:\\\/\\\/vanderloubet.com.br\\\/deputado\\\/?s={search_term_string}\"},\"query-input\":{\"@type\":\"PropertyValueSpecification\",\"valueRequired\":true,\"valueName\":\"search_term_string\"}}],\"inLanguage\":\"pt-BR\"},{\"@type\":\"Organization\",\"@id\":\"https:\\\/\\\/vanderloubet.com.br\\\/deputado\\\/#organization\",\"name\":\"Deputado Federal Vander Loubet\",\"alternateName\":\"Deputado Vander\",\"url\":\"https:\\\/\\\/vanderloubet.com.br\\\/deputado\\\/\",\"logo\":{\"@type\":\"ImageObject\",\"inLanguage\":\"pt-BR\",\"@id\":\"https:\\\/\\\/vanderloubet.com.br\\\/deputado\\\/#\\\/schema\\\/logo\\\/image\\\/\",\"url\":\"https:\\\/\\\/vanderloubet.com.br\\\/deputado\\\/wp-content\\\/uploads\\\/2023\\\/06\\\/foto-2023-06-19-mandato-deputado-vander.jpg\",\"contentUrl\":\"https:\\\/\\\/vanderloubet.com.br\\\/deputado\\\/wp-content\\\/uploads\\\/2023\\\/06\\\/foto-2023-06-19-mandato-deputado-vander.jpg\",\"width\":1080,\"height\":1080,\"caption\":\"Deputado Federal Vander Loubet\"},\"image\":{\"@id\":\"https:\\\/\\\/vanderloubet.com.br\\\/deputado\\\/#\\\/schema\\\/logo\\\/image\\\/\"},\"sameAs\":[\"https:\\\/\\\/facebook.com\\\/deputadovander\",\"https:\\\/\\\/x.com\\\/vanderloubet\",\"https:\\\/\\\/instagram.com\\\/vanderloubet\",\"https:\\\/\\\/youtube.com\\\/vanderloubet\",\"https:\\\/\\\/tiktok.com\\\/@vanderloubetms\"]},{\"@type\":\"Person\",\"@id\":\"https:\\\/\\\/vanderloubet.com.br\\\/deputado\\\/#\\\/schema\\\/person\\\/15b51bd564532a8a68d9dec1b8eb890e\",\"name\":\"\u00c9der\",\"image\":{\"@type\":\"ImageObject\",\"inLanguage\":\"pt-BR\",\"@id\":\"https:\\\/\\\/vanderloubet.com.br\\\/deputado\\\/wp-content\\\/litespeed\\\/avatar\\\/88ca4090d9d5ab1c9495f6ca03b68efa.jpg?ver=1777058957\",\"url\":\"https:\\\/\\\/vanderloubet.com.br\\\/deputado\\\/wp-content\\\/litespeed\\\/avatar\\\/88ca4090d9d5ab1c9495f6ca03b68efa.jpg?ver=1777058957\",\"contentUrl\":\"https:\\\/\\\/vanderloubet.com.br\\\/deputado\\\/wp-content\\\/litespeed\\\/avatar\\\/88ca4090d9d5ab1c9495f6ca03b68efa.jpg?ver=1777058957\",\"caption\":\"\u00c9der\"}}]}<\/script>\n<!-- \/ Yoast SEO plugin. -->","yoast_head_json":{"title":"Pr\u00e9-sal: crit\u00e9rio de Vander garante R$ 95 milh\u00f5es para MS","robots":{"index":"index","follow":"follow","max-snippet":"max-snippet:-1","max-image-preview":"max-image-preview:large","max-video-preview":"max-video-preview:-1"},"canonical":"https:\/\/vanderloubet.com.br\/deputado\/pre-sal-criterio-que-garante-r-95-milhoes-para-ms-teve-emenda-de-vander\/","og_locale":"pt_BR","og_type":"article","og_title":"Pr\u00e9-sal: crit\u00e9rio de Vander garante R$ 95 milh\u00f5es para MS","og_description":"Emenda de Vander foi para que repasse se baseasse nos crit\u00e9rios dos fundos de participa\u00e7\u00e3o dos estados e munic\u00edpios.","og_url":"https:\/\/vanderloubet.com.br\/deputado\/pre-sal-criterio-que-garante-r-95-milhoes-para-ms-teve-emenda-de-vander\/","og_site_name":"Deputado Federal Vander Loubet","article_publisher":"https:\/\/facebook.com\/deputadovander","article_published_time":"2010-12-03T14:36:37+00:00","og_image":[{"url":"http:\/\/www.deputadovander.com.br\/website\/wp-content\/uploads\/2010\/03\/foto-2010-03-02-discurso-brasilia1-300x225.jpg","type":"","width":"","height":""}],"author":"\u00c9der","twitter_card":"summary_large_image","twitter_creator":"@vanderloubet","twitter_site":"@vanderloubet","schema":{"@context":"https:\/\/schema.org","@graph":[{"@type":"Article","@id":"https:\/\/vanderloubet.com.br\/deputado\/pre-sal-criterio-que-garante-r-95-milhoes-para-ms-teve-emenda-de-vander\/#article","isPartOf":{"@id":"https:\/\/vanderloubet.com.br\/deputado\/pre-sal-criterio-que-garante-r-95-milhoes-para-ms-teve-emenda-de-vander\/"},"author":{"name":"\u00c9der","@id":"https:\/\/vanderloubet.com.br\/deputado\/#\/schema\/person\/15b51bd564532a8a68d9dec1b8eb890e"},"headline":"Pr\u00e9-sal: crit\u00e9rio de Vander garante R$ 95 milh\u00f5es para MS","datePublished":"2010-12-03T14:36:37+00:00","mainEntityOfPage":{"@id":"https:\/\/vanderloubet.com.br\/deputado\/pre-sal-criterio-que-garante-r-95-milhoes-para-ms-teve-emenda-de-vander\/"},"wordCount":448,"commentCount":0,"publisher":{"@id":"https:\/\/vanderloubet.com.br\/deputado\/#organization"},"image":{"@id":"https:\/\/vanderloubet.com.br\/deputado\/pre-sal-criterio-que-garante-r-95-milhoes-para-ms-teve-emenda-de-vander\/#primaryimage"},"thumbnailUrl":"http:\/\/www.deputadovander.com.br\/website\/wp-content\/uploads\/2010\/03\/foto-2010-03-02-discurso-brasilia1-300x225.jpg","keywords":["c\u00e2mara","deputado","federal","lei","loubet","petr\u00f3leo","pr\u00e9-sal","projeto","royalties","vander"],"articleSection":["Not\u00edcias"],"inLanguage":"pt-BR","potentialAction":[{"@type":"CommentAction","name":"Comment","target":["https:\/\/vanderloubet.com.br\/deputado\/pre-sal-criterio-que-garante-r-95-milhoes-para-ms-teve-emenda-de-vander\/#respond"]}]},{"@type":"WebPage","@id":"https:\/\/vanderloubet.com.br\/deputado\/pre-sal-criterio-que-garante-r-95-milhoes-para-ms-teve-emenda-de-vander\/","url":"https:\/\/vanderloubet.com.br\/deputado\/pre-sal-criterio-que-garante-r-95-milhoes-para-ms-teve-emenda-de-vander\/","name":"Pr\u00e9-sal: crit\u00e9rio de Vander garante R$ 95 milh\u00f5es para MS","isPartOf":{"@id":"https:\/\/vanderloubet.com.br\/deputado\/#website"},"primaryImageOfPage":{"@id":"https:\/\/vanderloubet.com.br\/deputado\/pre-sal-criterio-que-garante-r-95-milhoes-para-ms-teve-emenda-de-vander\/#primaryimage"},"image":{"@id":"https:\/\/vanderloubet.com.br\/deputado\/pre-sal-criterio-que-garante-r-95-milhoes-para-ms-teve-emenda-de-vander\/#primaryimage"},"thumbnailUrl":"http:\/\/www.deputadovander.com.br\/website\/wp-content\/uploads\/2010\/03\/foto-2010-03-02-discurso-brasilia1-300x225.jpg","datePublished":"2010-12-03T14:36:37+00:00","breadcrumb":{"@id":"https:\/\/vanderloubet.com.br\/deputado\/pre-sal-criterio-que-garante-r-95-milhoes-para-ms-teve-emenda-de-vander\/#breadcrumb"},"inLanguage":"pt-BR","potentialAction":[{"@type":"ReadAction","target":["https:\/\/vanderloubet.com.br\/deputado\/pre-sal-criterio-que-garante-r-95-milhoes-para-ms-teve-emenda-de-vander\/"]}]},{"@type":"ImageObject","inLanguage":"pt-BR","@id":"https:\/\/vanderloubet.com.br\/deputado\/pre-sal-criterio-que-garante-r-95-milhoes-para-ms-teve-emenda-de-vander\/#primaryimage","url":"http:\/\/www.deputadovander.com.br\/website\/wp-content\/uploads\/2010\/03\/foto-2010-03-02-discurso-brasilia1-300x225.jpg","contentUrl":"http:\/\/www.deputadovander.com.br\/website\/wp-content\/uploads\/2010\/03\/foto-2010-03-02-discurso-brasilia1-300x225.jpg"},{"@type":"BreadcrumbList","@id":"https:\/\/vanderloubet.com.br\/deputado\/pre-sal-criterio-que-garante-r-95-milhoes-para-ms-teve-emenda-de-vander\/#breadcrumb","itemListElement":[{"@type":"ListItem","position":1,"name":"In\u00edcio","item":"https:\/\/vanderloubet.com.br\/deputado\/"},{"@type":"ListItem","position":2,"name":"Pr\u00e9-sal: crit\u00e9rio de Vander garante R$ 95 milh\u00f5es para MS"}]},{"@type":"WebSite","@id":"https:\/\/vanderloubet.com.br\/deputado\/#website","url":"https:\/\/vanderloubet.com.br\/deputado\/","name":"Deputado Federal Vander Loubet","description":"O Federal de MS","publisher":{"@id":"https:\/\/vanderloubet.com.br\/deputado\/#organization"},"alternateName":"Deputado Vander","potentialAction":[{"@type":"SearchAction","target":{"@type":"EntryPoint","urlTemplate":"https:\/\/vanderloubet.com.br\/deputado\/?s={search_term_string}"},"query-input":{"@type":"PropertyValueSpecification","valueRequired":true,"valueName":"search_term_string"}}],"inLanguage":"pt-BR"},{"@type":"Organization","@id":"https:\/\/vanderloubet.com.br\/deputado\/#organization","name":"Deputado Federal Vander Loubet","alternateName":"Deputado Vander","url":"https:\/\/vanderloubet.com.br\/deputado\/","logo":{"@type":"ImageObject","inLanguage":"pt-BR","@id":"https:\/\/vanderloubet.com.br\/deputado\/#\/schema\/logo\/image\/","url":"https:\/\/vanderloubet.com.br\/deputado\/wp-content\/uploads\/2023\/06\/foto-2023-06-19-mandato-deputado-vander.jpg","contentUrl":"https:\/\/vanderloubet.com.br\/deputado\/wp-content\/uploads\/2023\/06\/foto-2023-06-19-mandato-deputado-vander.jpg","width":1080,"height":1080,"caption":"Deputado Federal Vander Loubet"},"image":{"@id":"https:\/\/vanderloubet.com.br\/deputado\/#\/schema\/logo\/image\/"},"sameAs":["https:\/\/facebook.com\/deputadovander","https:\/\/x.com\/vanderloubet","https:\/\/instagram.com\/vanderloubet","https:\/\/youtube.com\/vanderloubet","https:\/\/tiktok.com\/@vanderloubetms"]},{"@type":"Person","@id":"https:\/\/vanderloubet.com.br\/deputado\/#\/schema\/person\/15b51bd564532a8a68d9dec1b8eb890e","name":"\u00c9der","image":{"@type":"ImageObject","inLanguage":"pt-BR","@id":"https:\/\/vanderloubet.com.br\/deputado\/wp-content\/litespeed\/avatar\/88ca4090d9d5ab1c9495f6ca03b68efa.jpg?ver=1777058957","url":"https:\/\/vanderloubet.com.br\/deputado\/wp-content\/litespeed\/avatar\/88ca4090d9d5ab1c9495f6ca03b68efa.jpg?ver=1777058957","contentUrl":"https:\/\/vanderloubet.com.br\/deputado\/wp-content\/litespeed\/avatar\/88ca4090d9d5ab1c9495f6ca03b68efa.jpg?ver=1777058957","caption":"\u00c9der"}}]}},"jetpack_featured_media_url":"","jetpack_sharing_enabled":true,"_links":{"self":[{"href":"https:\/\/vanderloubet.com.br\/deputado\/wp-json\/wp\/v2\/posts\/2716","targetHints":{"allow":["GET"]}}],"collection":[{"href":"https:\/\/vanderloubet.com.br\/deputado\/wp-json\/wp\/v2\/posts"}],"about":[{"href":"https:\/\/vanderloubet.com.br\/deputado\/wp-json\/wp\/v2\/types\/post"}],"author":[{"embeddable":true,"href":"https:\/\/vanderloubet.com.br\/deputado\/wp-json\/wp\/v2\/users\/2"}],"replies":[{"embeddable":true,"href":"https:\/\/vanderloubet.com.br\/deputado\/wp-json\/wp\/v2\/comments?post=2716"}],"version-history":[{"count":0,"href":"https:\/\/vanderloubet.com.br\/deputado\/wp-json\/wp\/v2\/posts\/2716\/revisions"}],"wp:attachment":[{"href":"https:\/\/vanderloubet.com.br\/deputado\/wp-json\/wp\/v2\/media?parent=2716"}],"wp:term":[{"taxonomy":"category","embeddable":true,"href":"https:\/\/vanderloubet.com.br\/deputado\/wp-json\/wp\/v2\/categories?post=2716"},{"taxonomy":"post_tag","embeddable":true,"href":"https:\/\/vanderloubet.com.br\/deputado\/wp-json\/wp\/v2\/tags?post=2716"}],"curies":[{"name":"wp","href":"https:\/\/api.w.org\/{rel}","templated":true}]}}