{"id":271,"date":"2010-03-04T18:25:12","date_gmt":"2010-03-04T22:25:12","guid":{"rendered":"http:\/\/www.deputadovander.com.br\/website\/?p=271"},"modified":"2010-03-04T18:25:12","modified_gmt":"2010-03-04T22:25:12","slug":"vander-ajuda-a-viabilizar-aparelho-para-hospital-de-agua-clara","status":"publish","type":"post","link":"https:\/\/vanderloubet.com.br\/deputado\/vander-ajuda-a-viabilizar-aparelho-para-hospital-de-agua-clara\/","title":{"rendered":"Vander ajuda a viabilizar aparelho para hospital de \u00c1gua Clara"},"content":{"rendered":"<p style=\"text-align: center;\">\n<figure id=\"attachment_272\" aria-describedby=\"caption-attachment-272\" style=\"width: 300px\" class=\"wp-caption aligncenter\"><a href=\"http:\/\/deputadovander.com.br\/website\/wp-content\/uploads\/2010\/03\/foto-2010-03-04-aparelho-aguaclara1.jpg\" target=\"_blank\"><img decoding=\"async\" class=\"size-medium wp-image-272 \" title=\"foto-2010-03-04-aparelho-aguaclara\" src=\"http:\/\/www.deputadovander.com.br\/website\/wp-content\/uploads\/2010\/03\/foto-2010-03-04-aparelho-aguaclara-300x225.jpg\" alt=\"Tupete e Obe assinam contrato\" width=\"300\" height=\"225\" \/><\/a><figcaption id=\"caption-attachment-272\" class=\"wp-caption-text\">Tupete e Obe assinam contrato<\/figcaption><\/figure>\n<p>A popula\u00e7\u00e3o de \u00c1gua Clara acaba de ganhar um importante refor\u00e7o na estrutura da assist\u00eancia m\u00e9dico-hospitalar: a aquisi\u00e7\u00e3o de um aparelho de ultrassonografia para o Hospital Municipal Nossa Senhora Aparecida. O equipamento foi adquirido gra\u00e7as a uma doa\u00e7\u00e3o de recursos, viabilizada junto ao Consulado Geral do Jap\u00e3o de S\u00e3o Paulo pelo prefeito Edvaldo Alves Tupete Queiroz (PDT) e o deputado federal Vander Loubet (PT-MS). O escrit\u00f3rio diplom\u00e1tico japon\u00eas doou US$ 48 mil, cerca de R$ 90 mil e a Prefeitura entrou com sua contrapartida.<\/p>\n<p>O aparelho \u00e9 fundamental para a melhoria e a amplia\u00e7\u00e3o da capacidade de atendimento da rede p\u00fablica de sa\u00fade \u00e1gua-clarense. O Hospital Municipal Nossa Senhora Aparecida tem 13 leitos e com a aquisi\u00e7\u00e3o do ultrassom, por meio do Programa de Assist\u00eancia a Projetos Comunit\u00e1rios e de Seguran\u00e7a Humana, traz um enorme ganho em resolutividade e cobertura cl\u00ednico-hospitalar para a popula\u00e7\u00e3o.<\/p>\n<p>O contrato de doa\u00e7\u00e3o foi celebrado dia 2 deste m\u00eas, na sede do Consulado do Jap\u00e3o (que tem jurisdi\u00e7\u00e3o em S\u00e3o Paulo, Mato Grosso do Sul e Mato Grosso). O evento reuniu o prefeito Tupete, seu assessor Eulojari de Souza e o c\u00f4nsul-geral Kazuaki Obe, entre outras autoridades. Segundo Tupete, o equipamento a ser adquirido \u00e9 um Ultrassom Sonoace Pico colorido, totalmente digital, com todas as capacidades de imagem que se pode esperar de um equipamento port\u00e1til de m\u00e9dio e grande porte.<\/p>\n<p>Para Vander, \u00e9 tempo de agradecer \u00e0 aten\u00e7\u00e3o e \u00e0 sensibilidade das autoridades japonesas e destacar o empenho do prefeito Tupete na busca de solu\u00e7\u00f5es para os principais problemas de sua gente. &#8220;Todo munic\u00edpio possui in\u00fameros desafios. E o bom administrador \u00e9 aquele que sabe selecionar os desafios de maior prioridade. \u00c9 o que o Tupete est\u00e1 fazendo numa \u00e1rea t\u00e3o emblem\u00e1tica quanto a da sa\u00fade p\u00fablica&#8221;, frisou o deputado. &#8220;Por isso, estarei sempre a postos para lutar por benef\u00edcios para \u00c1gua Clara&#8221;.<\/p>\n<p>Eulojari explica que o aparelho ser\u00e1 empregado sobretudo no acompanhamento de partos e diagn\u00f3sticos de patologias, incluindo exames de ultrassom transvaginal, abdominal e de mam\u00e1ria, entre outros. Tupete e a secret\u00e1ria de Sa\u00fade, Luciane Bombonato, ressaltam outro benef\u00edcio: a popula\u00e7\u00e3o n\u00e3o precisar\u00e1 mais deslocar-se para outras localidades \u00e0 procura desses exames. &#8220;Temos equipe m\u00e9dica capacitada para o uso do aparelho. Estamos felizes por essa conquista e agradecemos ao Consulado do Jap\u00e3o e tamb\u00e9m ao deputado Vander pelo apoio&#8221;, concluiu Tupete.<\/p>\n<p>(com informa\u00e7\u00f5es de \u00c2ngela Gonzaga)<\/p>\n","protected":false},"excerpt":{"rendered":"<p>Ultrassom ser\u00e1 adquirido com recursos doados pelo Consulado Geral do Jap\u00e3o de SP e vai auxiliar partos e diagn\u00f3sticos de patologias.<\/p>\n","protected":false},"author":2,"featured_media":0,"comment_status":"closed","ping_status":"open","sticky":false,"template":"","format":"standard","meta":{"jetpack_post_was_ever_published":false,"_jetpack_newsletter_access":"","_jetpack_dont_email_post_to_subs":false,"_jetpack_newsletter_tier_id":0,"_jetpack_memberships_contains_paywalled_content":false,"_jetpack_memberships_contains_paid_content":false,"footnotes":""},"categories":[10],"tags":[78,658,972,1060,2035],"class_list":{"0":"post-271","1":"post","2":"type-post","3":"status-publish","4":"format-standard","6":"category-noticias","7":"tag-agua-clara","8":"tag-doacao","9":"tag-hospital","10":"tag-japao","11":"tag-vander-loubet"},"yoast_head":"<!-- This site is optimized with the Yoast SEO plugin v27.4 - https:\/\/yoast.com\/product\/yoast-seo-wordpress\/ -->\n<title>Vander ajuda a viabilizar aparelho para hospital de \u00c1gua Clara<\/title>\n<meta name=\"robots\" content=\"index, follow, max-snippet:-1, max-image-preview:large, max-video-preview:-1\" \/>\n<link rel=\"canonical\" href=\"https:\/\/vanderloubet.com.br\/deputado\/vander-ajuda-a-viabilizar-aparelho-para-hospital-de-agua-clara\/\" \/>\n<meta property=\"og:locale\" content=\"pt_BR\" \/>\n<meta property=\"og:type\" content=\"article\" \/>\n<meta property=\"og:title\" content=\"Vander ajuda a viabilizar aparelho para hospital de \u00c1gua Clara\" \/>\n<meta property=\"og:description\" content=\"Ultrassom ser\u00e1 adquirido com recursos doados pelo Consulado Geral do Jap\u00e3o de SP e vai auxiliar partos e diagn\u00f3sticos de patologias.\" \/>\n<meta property=\"og:url\" content=\"https:\/\/vanderloubet.com.br\/deputado\/vander-ajuda-a-viabilizar-aparelho-para-hospital-de-agua-clara\/\" \/>\n<meta property=\"og:site_name\" content=\"Deputado Federal Vander Loubet\" \/>\n<meta property=\"article:publisher\" content=\"https:\/\/facebook.com\/deputadovander\" \/>\n<meta property=\"article:published_time\" content=\"2010-03-04T22:25:12+00:00\" \/>\n<meta property=\"og:image\" content=\"http:\/\/www.deputadovander.com.br\/website\/wp-content\/uploads\/2010\/03\/foto-2010-03-04-aparelho-aguaclara-300x225.jpg\" \/>\n<meta name=\"author\" content=\"\u00c9der\" \/>\n<meta name=\"twitter:card\" content=\"summary_large_image\" \/>\n<meta name=\"twitter:creator\" content=\"@vanderloubet\" \/>\n<meta name=\"twitter:site\" content=\"@vanderloubet\" \/>\n<script type=\"application\/ld+json\" class=\"yoast-schema-graph\">{\"@context\":\"https:\\\/\\\/schema.org\",\"@graph\":[{\"@type\":\"Article\",\"@id\":\"https:\\\/\\\/vanderloubet.com.br\\\/deputado\\\/vander-ajuda-a-viabilizar-aparelho-para-hospital-de-agua-clara\\\/#article\",\"isPartOf\":{\"@id\":\"https:\\\/\\\/vanderloubet.com.br\\\/deputado\\\/vander-ajuda-a-viabilizar-aparelho-para-hospital-de-agua-clara\\\/\"},\"author\":{\"name\":\"\u00c9der\",\"@id\":\"https:\\\/\\\/vanderloubet.com.br\\\/deputado\\\/#\\\/schema\\\/person\\\/15b51bd564532a8a68d9dec1b8eb890e\"},\"headline\":\"Vander ajuda a viabilizar aparelho para hospital de \u00c1gua Clara\",\"datePublished\":\"2010-03-04T22:25:12+00:00\",\"mainEntityOfPage\":{\"@id\":\"https:\\\/\\\/vanderloubet.com.br\\\/deputado\\\/vander-ajuda-a-viabilizar-aparelho-para-hospital-de-agua-clara\\\/\"},\"wordCount\":454,\"publisher\":{\"@id\":\"https:\\\/\\\/vanderloubet.com.br\\\/deputado\\\/#organization\"},\"image\":{\"@id\":\"https:\\\/\\\/vanderloubet.com.br\\\/deputado\\\/vander-ajuda-a-viabilizar-aparelho-para-hospital-de-agua-clara\\\/#primaryimage\"},\"thumbnailUrl\":\"http:\\\/\\\/www.deputadovander.com.br\\\/website\\\/wp-content\\\/uploads\\\/2010\\\/03\\\/foto-2010-03-04-aparelho-aguaclara-300x225.jpg\",\"keywords\":[\"\u00e1gua clara\",\"doa\u00e7\u00e3o\",\"hospital\",\"jap\u00e3o\",\"vander loubet\"],\"articleSection\":[\"Not\u00edcias\"],\"inLanguage\":\"pt-BR\"},{\"@type\":\"WebPage\",\"@id\":\"https:\\\/\\\/vanderloubet.com.br\\\/deputado\\\/vander-ajuda-a-viabilizar-aparelho-para-hospital-de-agua-clara\\\/\",\"url\":\"https:\\\/\\\/vanderloubet.com.br\\\/deputado\\\/vander-ajuda-a-viabilizar-aparelho-para-hospital-de-agua-clara\\\/\",\"name\":\"Vander ajuda a viabilizar aparelho para hospital de \u00c1gua Clara\",\"isPartOf\":{\"@id\":\"https:\\\/\\\/vanderloubet.com.br\\\/deputado\\\/#website\"},\"primaryImageOfPage\":{\"@id\":\"https:\\\/\\\/vanderloubet.com.br\\\/deputado\\\/vander-ajuda-a-viabilizar-aparelho-para-hospital-de-agua-clara\\\/#primaryimage\"},\"image\":{\"@id\":\"https:\\\/\\\/vanderloubet.com.br\\\/deputado\\\/vander-ajuda-a-viabilizar-aparelho-para-hospital-de-agua-clara\\\/#primaryimage\"},\"thumbnailUrl\":\"http:\\\/\\\/www.deputadovander.com.br\\\/website\\\/wp-content\\\/uploads\\\/2010\\\/03\\\/foto-2010-03-04-aparelho-aguaclara-300x225.jpg\",\"datePublished\":\"2010-03-04T22:25:12+00:00\",\"breadcrumb\":{\"@id\":\"https:\\\/\\\/vanderloubet.com.br\\\/deputado\\\/vander-ajuda-a-viabilizar-aparelho-para-hospital-de-agua-clara\\\/#breadcrumb\"},\"inLanguage\":\"pt-BR\",\"potentialAction\":[{\"@type\":\"ReadAction\",\"target\":[\"https:\\\/\\\/vanderloubet.com.br\\\/deputado\\\/vander-ajuda-a-viabilizar-aparelho-para-hospital-de-agua-clara\\\/\"]}]},{\"@type\":\"ImageObject\",\"inLanguage\":\"pt-BR\",\"@id\":\"https:\\\/\\\/vanderloubet.com.br\\\/deputado\\\/vander-ajuda-a-viabilizar-aparelho-para-hospital-de-agua-clara\\\/#primaryimage\",\"url\":\"http:\\\/\\\/www.deputadovander.com.br\\\/website\\\/wp-content\\\/uploads\\\/2010\\\/03\\\/foto-2010-03-04-aparelho-aguaclara-300x225.jpg\",\"contentUrl\":\"http:\\\/\\\/www.deputadovander.com.br\\\/website\\\/wp-content\\\/uploads\\\/2010\\\/03\\\/foto-2010-03-04-aparelho-aguaclara-300x225.jpg\"},{\"@type\":\"BreadcrumbList\",\"@id\":\"https:\\\/\\\/vanderloubet.com.br\\\/deputado\\\/vander-ajuda-a-viabilizar-aparelho-para-hospital-de-agua-clara\\\/#breadcrumb\",\"itemListElement\":[{\"@type\":\"ListItem\",\"position\":1,\"name\":\"In\u00edcio\",\"item\":\"https:\\\/\\\/vanderloubet.com.br\\\/deputado\\\/\"},{\"@type\":\"ListItem\",\"position\":2,\"name\":\"Vander ajuda a viabilizar aparelho para hospital de \u00c1gua Clara\"}]},{\"@type\":\"WebSite\",\"@id\":\"https:\\\/\\\/vanderloubet.com.br\\\/deputado\\\/#website\",\"url\":\"https:\\\/\\\/vanderloubet.com.br\\\/deputado\\\/\",\"name\":\"Deputado Federal Vander Loubet\",\"description\":\"O Federal de MS\",\"publisher\":{\"@id\":\"https:\\\/\\\/vanderloubet.com.br\\\/deputado\\\/#organization\"},\"alternateName\":\"Deputado Vander\",\"potentialAction\":[{\"@type\":\"SearchAction\",\"target\":{\"@type\":\"EntryPoint\",\"urlTemplate\":\"https:\\\/\\\/vanderloubet.com.br\\\/deputado\\\/?s={search_term_string}\"},\"query-input\":{\"@type\":\"PropertyValueSpecification\",\"valueRequired\":true,\"valueName\":\"search_term_string\"}}],\"inLanguage\":\"pt-BR\"},{\"@type\":\"Organization\",\"@id\":\"https:\\\/\\\/vanderloubet.com.br\\\/deputado\\\/#organization\",\"name\":\"Deputado Federal Vander Loubet\",\"alternateName\":\"Deputado Vander\",\"url\":\"https:\\\/\\\/vanderloubet.com.br\\\/deputado\\\/\",\"logo\":{\"@type\":\"ImageObject\",\"inLanguage\":\"pt-BR\",\"@id\":\"https:\\\/\\\/vanderloubet.com.br\\\/deputado\\\/#\\\/schema\\\/logo\\\/image\\\/\",\"url\":\"https:\\\/\\\/vanderloubet.com.br\\\/deputado\\\/wp-content\\\/uploads\\\/2023\\\/06\\\/foto-2023-06-19-mandato-deputado-vander.jpg\",\"contentUrl\":\"https:\\\/\\\/vanderloubet.com.br\\\/deputado\\\/wp-content\\\/uploads\\\/2023\\\/06\\\/foto-2023-06-19-mandato-deputado-vander.jpg\",\"width\":1080,\"height\":1080,\"caption\":\"Deputado Federal Vander Loubet\"},\"image\":{\"@id\":\"https:\\\/\\\/vanderloubet.com.br\\\/deputado\\\/#\\\/schema\\\/logo\\\/image\\\/\"},\"sameAs\":[\"https:\\\/\\\/facebook.com\\\/deputadovander\",\"https:\\\/\\\/x.com\\\/vanderloubet\",\"https:\\\/\\\/instagram.com\\\/vanderloubet\",\"https:\\\/\\\/youtube.com\\\/vanderloubet\",\"https:\\\/\\\/tiktok.com\\\/@vanderloubetms\"]},{\"@type\":\"Person\",\"@id\":\"https:\\\/\\\/vanderloubet.com.br\\\/deputado\\\/#\\\/schema\\\/person\\\/15b51bd564532a8a68d9dec1b8eb890e\",\"name\":\"\u00c9der\",\"image\":{\"@type\":\"ImageObject\",\"inLanguage\":\"pt-BR\",\"@id\":\"https:\\\/\\\/vanderloubet.com.br\\\/deputado\\\/wp-content\\\/litespeed\\\/avatar\\\/88ca4090d9d5ab1c9495f6ca03b68efa.jpg?ver=1777058957\",\"url\":\"https:\\\/\\\/vanderloubet.com.br\\\/deputado\\\/wp-content\\\/litespeed\\\/avatar\\\/88ca4090d9d5ab1c9495f6ca03b68efa.jpg?ver=1777058957\",\"contentUrl\":\"https:\\\/\\\/vanderloubet.com.br\\\/deputado\\\/wp-content\\\/litespeed\\\/avatar\\\/88ca4090d9d5ab1c9495f6ca03b68efa.jpg?ver=1777058957\",\"caption\":\"\u00c9der\"}}]}<\/script>\n<!-- \/ Yoast SEO plugin. -->","yoast_head_json":{"title":"Vander ajuda a viabilizar aparelho para hospital de \u00c1gua Clara","robots":{"index":"index","follow":"follow","max-snippet":"max-snippet:-1","max-image-preview":"max-image-preview:large","max-video-preview":"max-video-preview:-1"},"canonical":"https:\/\/vanderloubet.com.br\/deputado\/vander-ajuda-a-viabilizar-aparelho-para-hospital-de-agua-clara\/","og_locale":"pt_BR","og_type":"article","og_title":"Vander ajuda a viabilizar aparelho para hospital de \u00c1gua Clara","og_description":"Ultrassom ser\u00e1 adquirido com recursos doados pelo Consulado Geral do Jap\u00e3o de SP e vai auxiliar partos e diagn\u00f3sticos de patologias.","og_url":"https:\/\/vanderloubet.com.br\/deputado\/vander-ajuda-a-viabilizar-aparelho-para-hospital-de-agua-clara\/","og_site_name":"Deputado Federal Vander Loubet","article_publisher":"https:\/\/facebook.com\/deputadovander","article_published_time":"2010-03-04T22:25:12+00:00","og_image":[{"url":"http:\/\/www.deputadovander.com.br\/website\/wp-content\/uploads\/2010\/03\/foto-2010-03-04-aparelho-aguaclara-300x225.jpg","type":"","width":"","height":""}],"author":"\u00c9der","twitter_card":"summary_large_image","twitter_creator":"@vanderloubet","twitter_site":"@vanderloubet","schema":{"@context":"https:\/\/schema.org","@graph":[{"@type":"Article","@id":"https:\/\/vanderloubet.com.br\/deputado\/vander-ajuda-a-viabilizar-aparelho-para-hospital-de-agua-clara\/#article","isPartOf":{"@id":"https:\/\/vanderloubet.com.br\/deputado\/vander-ajuda-a-viabilizar-aparelho-para-hospital-de-agua-clara\/"},"author":{"name":"\u00c9der","@id":"https:\/\/vanderloubet.com.br\/deputado\/#\/schema\/person\/15b51bd564532a8a68d9dec1b8eb890e"},"headline":"Vander ajuda a viabilizar aparelho para hospital de \u00c1gua Clara","datePublished":"2010-03-04T22:25:12+00:00","mainEntityOfPage":{"@id":"https:\/\/vanderloubet.com.br\/deputado\/vander-ajuda-a-viabilizar-aparelho-para-hospital-de-agua-clara\/"},"wordCount":454,"publisher":{"@id":"https:\/\/vanderloubet.com.br\/deputado\/#organization"},"image":{"@id":"https:\/\/vanderloubet.com.br\/deputado\/vander-ajuda-a-viabilizar-aparelho-para-hospital-de-agua-clara\/#primaryimage"},"thumbnailUrl":"http:\/\/www.deputadovander.com.br\/website\/wp-content\/uploads\/2010\/03\/foto-2010-03-04-aparelho-aguaclara-300x225.jpg","keywords":["\u00e1gua clara","doa\u00e7\u00e3o","hospital","jap\u00e3o","vander loubet"],"articleSection":["Not\u00edcias"],"inLanguage":"pt-BR"},{"@type":"WebPage","@id":"https:\/\/vanderloubet.com.br\/deputado\/vander-ajuda-a-viabilizar-aparelho-para-hospital-de-agua-clara\/","url":"https:\/\/vanderloubet.com.br\/deputado\/vander-ajuda-a-viabilizar-aparelho-para-hospital-de-agua-clara\/","name":"Vander ajuda a viabilizar aparelho para hospital de \u00c1gua Clara","isPartOf":{"@id":"https:\/\/vanderloubet.com.br\/deputado\/#website"},"primaryImageOfPage":{"@id":"https:\/\/vanderloubet.com.br\/deputado\/vander-ajuda-a-viabilizar-aparelho-para-hospital-de-agua-clara\/#primaryimage"},"image":{"@id":"https:\/\/vanderloubet.com.br\/deputado\/vander-ajuda-a-viabilizar-aparelho-para-hospital-de-agua-clara\/#primaryimage"},"thumbnailUrl":"http:\/\/www.deputadovander.com.br\/website\/wp-content\/uploads\/2010\/03\/foto-2010-03-04-aparelho-aguaclara-300x225.jpg","datePublished":"2010-03-04T22:25:12+00:00","breadcrumb":{"@id":"https:\/\/vanderloubet.com.br\/deputado\/vander-ajuda-a-viabilizar-aparelho-para-hospital-de-agua-clara\/#breadcrumb"},"inLanguage":"pt-BR","potentialAction":[{"@type":"ReadAction","target":["https:\/\/vanderloubet.com.br\/deputado\/vander-ajuda-a-viabilizar-aparelho-para-hospital-de-agua-clara\/"]}]},{"@type":"ImageObject","inLanguage":"pt-BR","@id":"https:\/\/vanderloubet.com.br\/deputado\/vander-ajuda-a-viabilizar-aparelho-para-hospital-de-agua-clara\/#primaryimage","url":"http:\/\/www.deputadovander.com.br\/website\/wp-content\/uploads\/2010\/03\/foto-2010-03-04-aparelho-aguaclara-300x225.jpg","contentUrl":"http:\/\/www.deputadovander.com.br\/website\/wp-content\/uploads\/2010\/03\/foto-2010-03-04-aparelho-aguaclara-300x225.jpg"},{"@type":"BreadcrumbList","@id":"https:\/\/vanderloubet.com.br\/deputado\/vander-ajuda-a-viabilizar-aparelho-para-hospital-de-agua-clara\/#breadcrumb","itemListElement":[{"@type":"ListItem","position":1,"name":"In\u00edcio","item":"https:\/\/vanderloubet.com.br\/deputado\/"},{"@type":"ListItem","position":2,"name":"Vander ajuda a viabilizar aparelho para hospital de \u00c1gua Clara"}]},{"@type":"WebSite","@id":"https:\/\/vanderloubet.com.br\/deputado\/#website","url":"https:\/\/vanderloubet.com.br\/deputado\/","name":"Deputado Federal Vander Loubet","description":"O Federal de MS","publisher":{"@id":"https:\/\/vanderloubet.com.br\/deputado\/#organization"},"alternateName":"Deputado Vander","potentialAction":[{"@type":"SearchAction","target":{"@type":"EntryPoint","urlTemplate":"https:\/\/vanderloubet.com.br\/deputado\/?s={search_term_string}"},"query-input":{"@type":"PropertyValueSpecification","valueRequired":true,"valueName":"search_term_string"}}],"inLanguage":"pt-BR"},{"@type":"Organization","@id":"https:\/\/vanderloubet.com.br\/deputado\/#organization","name":"Deputado Federal Vander Loubet","alternateName":"Deputado Vander","url":"https:\/\/vanderloubet.com.br\/deputado\/","logo":{"@type":"ImageObject","inLanguage":"pt-BR","@id":"https:\/\/vanderloubet.com.br\/deputado\/#\/schema\/logo\/image\/","url":"https:\/\/vanderloubet.com.br\/deputado\/wp-content\/uploads\/2023\/06\/foto-2023-06-19-mandato-deputado-vander.jpg","contentUrl":"https:\/\/vanderloubet.com.br\/deputado\/wp-content\/uploads\/2023\/06\/foto-2023-06-19-mandato-deputado-vander.jpg","width":1080,"height":1080,"caption":"Deputado Federal Vander Loubet"},"image":{"@id":"https:\/\/vanderloubet.com.br\/deputado\/#\/schema\/logo\/image\/"},"sameAs":["https:\/\/facebook.com\/deputadovander","https:\/\/x.com\/vanderloubet","https:\/\/instagram.com\/vanderloubet","https:\/\/youtube.com\/vanderloubet","https:\/\/tiktok.com\/@vanderloubetms"]},{"@type":"Person","@id":"https:\/\/vanderloubet.com.br\/deputado\/#\/schema\/person\/15b51bd564532a8a68d9dec1b8eb890e","name":"\u00c9der","image":{"@type":"ImageObject","inLanguage":"pt-BR","@id":"https:\/\/vanderloubet.com.br\/deputado\/wp-content\/litespeed\/avatar\/88ca4090d9d5ab1c9495f6ca03b68efa.jpg?ver=1777058957","url":"https:\/\/vanderloubet.com.br\/deputado\/wp-content\/litespeed\/avatar\/88ca4090d9d5ab1c9495f6ca03b68efa.jpg?ver=1777058957","contentUrl":"https:\/\/vanderloubet.com.br\/deputado\/wp-content\/litespeed\/avatar\/88ca4090d9d5ab1c9495f6ca03b68efa.jpg?ver=1777058957","caption":"\u00c9der"}}]}},"jetpack_featured_media_url":"","jetpack_sharing_enabled":true,"_links":{"self":[{"href":"https:\/\/vanderloubet.com.br\/deputado\/wp-json\/wp\/v2\/posts\/271","targetHints":{"allow":["GET"]}}],"collection":[{"href":"https:\/\/vanderloubet.com.br\/deputado\/wp-json\/wp\/v2\/posts"}],"about":[{"href":"https:\/\/vanderloubet.com.br\/deputado\/wp-json\/wp\/v2\/types\/post"}],"author":[{"embeddable":true,"href":"https:\/\/vanderloubet.com.br\/deputado\/wp-json\/wp\/v2\/users\/2"}],"replies":[{"embeddable":true,"href":"https:\/\/vanderloubet.com.br\/deputado\/wp-json\/wp\/v2\/comments?post=271"}],"version-history":[{"count":0,"href":"https:\/\/vanderloubet.com.br\/deputado\/wp-json\/wp\/v2\/posts\/271\/revisions"}],"wp:attachment":[{"href":"https:\/\/vanderloubet.com.br\/deputado\/wp-json\/wp\/v2\/media?parent=271"}],"wp:term":[{"taxonomy":"category","embeddable":true,"href":"https:\/\/vanderloubet.com.br\/deputado\/wp-json\/wp\/v2\/categories?post=271"},{"taxonomy":"post_tag","embeddable":true,"href":"https:\/\/vanderloubet.com.br\/deputado\/wp-json\/wp\/v2\/tags?post=271"}],"curies":[{"name":"wp","href":"https:\/\/api.w.org\/{rel}","templated":true}]}}