{"id":2681,"date":"2010-11-24T19:02:18","date_gmt":"2010-11-24T23:02:18","guid":{"rendered":"http:\/\/www.deputadovander.com.br\/website\/?p=2681"},"modified":"2010-11-24T19:02:18","modified_gmt":"2010-11-24T23:02:18","slug":"em-discurso-vander-destaca-vitoria-de-dilma-e-atuacao-da-militancia","status":"publish","type":"post","link":"https:\/\/vanderloubet.com.br\/deputado\/em-discurso-vander-destaca-vitoria-de-dilma-e-atuacao-da-militancia\/","title":{"rendered":"Em discurso, Vander destaca vit\u00f3ria de Dilma e atua\u00e7\u00e3o da milit\u00e2ncia"},"content":{"rendered":"<p style=\"text-align: center;\">\n<figure id=\"attachment_2683\" aria-describedby=\"caption-attachment-2683\" style=\"width: 300px\" class=\"wp-caption aligncenter\"><a href=\"http:\/\/www.deputadovander.com.br\/website\/wp-content\/uploads\/2010\/11\/foto-2010-11-24-dicurso-vander.jpg\" target=\"_blank\"><img decoding=\"async\" class=\"size-medium wp-image-2683 \" title=\"foto-2010-11-24-dicurso-vander\" src=\"http:\/\/www.deputadovander.com.br\/website\/wp-content\/uploads\/2010\/11\/foto-2010-11-24-dicurso-vander-300x196.jpg\" alt=\"Vander discursa na C\u00e2mara\" width=\"300\" height=\"196\" \/><\/a><figcaption id=\"caption-attachment-2683\" class=\"wp-caption-text\">Vander discursa na C\u00e2mara (clique p\/ ampliar)<\/figcaption><\/figure>\n<p>Discurso do deputado federal Vander Loubet durante o Grande Expediente da Sess\u00e3o Ordin\u00e1ria da C\u00e2mara dos Deputados de 24 de novembro de 2010:<\/p>\n<blockquote><p>Senhor presidente, senhoras e senhores parlamentares, o Brasil viveu este ano um dos processos eleitorais mais importantes da hist\u00f3ria republicana. Assim como ocorreu em 2002, ao eleger um oper\u00e1rio, os brasileiros e brasileiras desta vez quebraram outro tabu, escolhendo uma mulher para comandar os destinos da Na\u00e7\u00e3o.<\/p>\n<p>O acervo de nossas mais elevadas conquistas e de nossas lutas por justi\u00e7a, paz e democracia \u00e9 rico em protagonismos femininos. Ana Nery, Pagu, Olga Ben\u00e1rio, Bertha Lutz, Maria Quit\u00e9ria, Rachel de Queiroz, Ruth Cardoso, Irm\u00e3 Dulce, Marta Guarani  e Zilda Arns, entre tantas outras, em \u00e9pocas e situa\u00e7\u00f5es complexas, cada uma \u00e0 frente de seu tempo, constituem exemplos da grandeza humana, da coragem e da capacidade da mulher brasileira.<\/p>\n<p>No entanto, a elei\u00e7\u00e3o da primeira presidenta brasileira tem uma dimens\u00e3o muito maior e mais profunda que a quest\u00e3o de g\u00eanero. A vit\u00f3ria de Dilma Roussef implica vigorosa resposta da sociedade contra o preconceito, sim, mas ao mesmo tempo aponta o querer de um povo que escolheu um caminho e pretende preserv\u00e1-lo.<\/p>\n<p>N\u00e3o ser\u00e1 para Dilma Rousseff uma tarefa simples, assim como n\u00e3o tem sido para Lula, cujo governo, considerado o melhor que o Pa\u00eds j\u00e1 teve, vive h\u00e1 oito anos um cotidiano de diversos desafios.<\/p>\n<p>As dificuldades fazem parte da vida de Lula, da trajet\u00f3ria do PT e tamb\u00e9m da nossa presidenta eleita. Para super\u00e1-las, a futura mandat\u00e1ria da Na\u00e7\u00e3o est\u00e1 preparada pelas experi\u00eancias que acumulou lutando pela democracia e desempenhando miss\u00f5es complexas na vida p\u00fablica.<\/p>\n<p>Para dar continuidade ao processo de mudan\u00e7as que Lula vem liderando, a presidenta Dilma vai governar com o suporte da legitimidade obtida nas urnas. Ter\u00e1, al\u00e9m do amplo apoio nacional, a indispens\u00e1vel sustenta\u00e7\u00e3o das for\u00e7as aliadas que fazem parte do projeto maior, que n\u00e3o \u00e9 mais um projeto s\u00f3 do PT ou da esquerda, mas um projeto que sintetiza as vontades de toda a Na\u00e7\u00e3o.<\/p>\n<p>Senhor presidente, senhoras deputadas, senhores deputados, venho a esta tribuna para reiterar a minha confian\u00e7a absoluta nas possibilidades do novo Brasil, um Brasil agora testado e desafiado por todas as mais desfavor\u00e1veis conjunturas locais e externas.<\/p>\n<p>E o novo Brasil torna-se poss\u00edvel a cada avan\u00e7o que experimenta gra\u00e7as \u00e0 determina\u00e7\u00e3o de sua gente e aos compromissos de mudan\u00e7a de um governo que p\u00f5e sobre a sociedade o olhar da transforma\u00e7\u00e3o, da sensibilidade e da esperan\u00e7a, vencendo os medos e protegendo os sonhos.<\/p>\n<p>E neste caminhar para a frente, impulsionado pela for\u00e7a do povo, \u00e9 necess\u00e1rio registrar o papel do Partido dos Trabalhadores, que em suas tr\u00eas d\u00e9cadas de vida nunca deixou de acreditar no poder da liberdade e da democracia, nunca deixou de apostar na voca\u00e7\u00e3o transformadora dos brasileiros e das brasileiras.<\/p>\n<p>O PT n\u00e3o nasceu por acaso. Ele foi gerado no ventre do inconformismo saud\u00e1vel de uma gente que teve a aud\u00e1cia de propor o novo, de defender a mudan\u00e7a estrutural, de encarar os preconceitos e de apontar as causas e solu\u00e7\u00f5es para combater a mis\u00e9ria e a concentra\u00e7\u00e3o de renda.<\/p>\n<p>S\u00e3o 30 anos de identifica\u00e7\u00e3o com as leg\u00edtimas causas da sociedade, um ac\u00famulo que hoje explica o sucesso do governo Lula e nos renova a confian\u00e7a no governo Dilma. O PT n\u00e3o est\u00e1 s\u00f3 nesse processo. O partido n\u00e3o defende um projeto isolado e tem a consci\u00eancia do coletivo, da necessidade do di\u00e1logo e da mais ampla articula\u00e7\u00e3o com todas as for\u00e7as dispostas a seguir avan\u00e7ando.<\/p>\n<p>Com os acertos e os erros que cometeu, com as li\u00e7\u00f5es que aprendeu e continuar\u00e1 aprendendo, e com as reconhecidas vit\u00f3rias pol\u00edticas e eleitorais, o PT hoje, sem presun\u00e7\u00e3o, disp\u00f5e de autoridade para provar ser poss\u00edvel somar em diferentes os objetivos comuns, sem preju\u00edzo da identidade ideol\u00f3gica de cada for\u00e7a.<\/p>\n<p>Fa\u00e7o estas observa\u00e7\u00f5es para expressar meu apoio ao programa de governo defendido por todos os partidos e organiza\u00e7\u00f5es sociais que apoiaram a candidatura de Dilma Roussef. Os eleitores e eleitoras escolheram as melhores candidaturas, as melhores propostas, o que legitima, de antem\u00e3o, o governo que se iniciar\u00e1 em janeiro pr\u00f3ximo.<\/p>\n<p>Tal legitimidade est\u00e1 refletida nos resultados nacionais e regionais que atestam a op\u00e7\u00e3o popular pelas candidaturas petistas ou que fazem parte do seu arco de alian\u00e7as.<\/p>\n<p>Nas elei\u00e7\u00f5es deste ano, al\u00e9m da presidenta Dilma, que teve 60,8% dos votos v\u00e1lidos e 12 milh\u00f5es de votos a mais que o segundo colocado,  o PT elegeu cinco governadores, a segunda maior bancada do Senado, com 14 senadores. S\u00e3o do PT as maiores bancadas da C\u00e2mara, com 88 deputados federais, e das assembl\u00e9ias legislativas, com 149 deputados.<\/p>\n<p>At\u00e9 em estados onde os candidatos do PT n\u00e3o se elegeram, o desempenho eleitoral do partido foi dos mais expressivos. \u00c9 o caso de Mato Grosso do Sul, onde o ex-governador Zeca do PT, mesmo numa campanha extremamente desigual, em que enfrentou o atual governador e a m\u00e1quina de governo, obteve 42,5% dos votos, ou quase a metade da prefer\u00eancia do eleitorado que foi \u00e0s urnas.E o partido ainda elegeu um senador, dois deputados federais e quatro deputados estaduais.<\/p>\n<p>Vale ressaltar que agora, ap\u00f3s tr\u00eas elei\u00e7\u00f5es consecutivas, o PT continua com a maior bancada da C\u00e2mara e recupera igual posi\u00e7\u00e3o na composi\u00e7\u00e3o do Senado e das assembl\u00e9ias legislativas.<\/p>\n<p>\u00c9 preciso reconhecer a not\u00e1vel e decisiva contribui\u00e7\u00e3o dos partidos aliados para a vit\u00f3ria de Dilma e do nosso vice-presidente, Michel Temer, mas n\u00e3o se pode minimizar o tamanho e a qualidade da milit\u00e2ncia petista nesta hist\u00f3rica disputa. A for\u00e7a, o engajamento, a f\u00e9 e o poder de mobilidade de nossos mais de 1 milh\u00e3o 409 mil filiados foram, mais uma vez, admir\u00e1veis, fizeram a diferen\u00e7a. \u00c0 milit\u00e2ncia cabe todo m\u00e9rito da vit\u00f3ria, que, repito, n\u00e3o foi uma vit\u00f3ria do PT, mas de todo o povo brasileiro, um povo defendido radicalmente por nosso partido e nossos militantes.<\/p>\n<p>Senhor presidente, nobres deputadas e deputados, a simbologia transformadora do oper\u00e1rio pau-de-arara que virou presidente da Rep\u00fablica agora se transfere para quem vai substitu\u00ed-lo: uma mulher de lutas, que n\u00e3o se acovardou com a trucul\u00eancia da ditadura e nem recuou ante os tabus de g\u00eanero, optando por lutar pelos seus sonhos e ideais na cren\u00e7a de ver seu pa\u00eds um dia livre, soberano e justo.<\/p>\n<p>\u00c9 esta a mulher que ter\u00e1 a miss\u00e3o de dar continuidade ao que o oper\u00e1rio pau-de-arara iniciou.<\/p>\n<p>Todos os n\u00fameros e indicadores locais e mundiais p\u00f5em o Brasil de Lula como par\u00e2metro de governo s\u00e9rio, competente e respeitado, exemplo de mudan\u00e7as profundas em favor de uma nova ordem social e econ\u00f4mica. Mas ainda h\u00e1 muito por fazer. O atual presidente e sua sucessora sabem disso, sabem que os brasileiros e brasileiras, \u00e0 medida que o Pa\u00eds avan\u00e7a, tornam-se mais exigentes.<\/p>\n<p>Com a democracia e as liberdades consolidadas, o combate \u00e0 pobreza \u00e9 o objetivo maior, porque nele se assentam as demais diretrizes e prioridades do governo: educa\u00e7\u00e3o, sa\u00fade, emprego, moradia, seguran\u00e7a, infraestrutura, por exemplo.<\/p>\n<p>Quando Lula assumiu, em 2003, herdou um Risco Brasil em 2.436 pontos. Oito anos depois, a confian\u00e7a dos investidores na economia brasileira \u00e9 quase absoluta: o Risco Brasil caiu para cerca de 174 pontos. De janeiro a outubro deste ano, mais um recorde que vem sendo registrado desde 2003 na gera\u00e7\u00e3o de empregos: a abertura de vagas formais superou as demiss\u00f5es em 2,4 milh\u00f5es de carteiras assinadas.<\/p>\n<p>A Organiza\u00e7\u00e3o para a Coopera\u00e7\u00e3o e Desenvolvimento Econ\u00f4mico prev\u00ea que o Produto Interno Bruto Brasileiro fechar\u00e1 o ano com crescimento de 7,5%, embora a economia viva um momento de desacelera\u00e7\u00e3o.<\/p>\n<p>Ora, todos esses n\u00fameros espelham um Brasil que caminha para a frente e um governo bem sucedido, mas n\u00e3o sepultam a realidade reconhecida pelo pr\u00f3prio l\u00edder desses avan\u00e7os, o presidente Lula.<\/p>\n<p>Em seu programa de r\u00e1dio no dia 22 deste m\u00eas ele disse que o Brasil ainda est\u00e1 longe de acabar com as desigualdades, incluindo nestas as raciais. \u00c9 longe, mas estamos avan\u00e7ando, caminhamos para chegar l\u00e1 e um dia fazer dessa palavra, se Deus quiser, um lugar que n\u00e3o existe, como ensina o escritor Richard Bach. Muito obrigado!<\/p><\/blockquote>\n","protected":false},"excerpt":{"rendered":"<p>Veja a \u00edntegra do discurso do deputado Vander durante Grande Expediente da Sess\u00e3o Ordin\u00e1ria da C\u00e2mara.<\/p>\n","protected":false},"author":2,"featured_media":0,"comment_status":"open","ping_status":"open","sticky":false,"template":"","format":"standard","meta":{"jetpack_post_was_ever_published":false,"_jetpack_newsletter_access":"","_jetpack_dont_email_post_to_subs":false,"_jetpack_newsletter_tier_id":0,"_jetpack_memberships_contains_paywalled_content":false,"_jetpack_memberships_contains_paid_content":false,"footnotes":""},"categories":[10],"tags":[332,610,633,648,937,1336,1655,2035,2090],"class_list":{"0":"post-2681","1":"post","2":"type-post","3":"status-publish","4":"format-standard","6":"category-noticias","7":"tag-camara","8":"tag-deputado-federal","9":"tag-dilma-rousseff","10":"tag-discurso","11":"tag-grande-expediente","12":"tag-ms","13":"tag-pt","14":"tag-vander-loubet","15":"tag-zeca-do-pt"},"yoast_head":"<!-- This site is optimized with the Yoast SEO plugin v27.4 - https:\/\/yoast.com\/product\/yoast-seo-wordpress\/ -->\n<title>Em discurso, Vander destaca vit\u00f3ria de Dilma e atua\u00e7\u00e3o da milit\u00e2ncia<\/title>\n<meta name=\"robots\" content=\"index, follow, max-snippet:-1, max-image-preview:large, max-video-preview:-1\" \/>\n<link rel=\"canonical\" href=\"https:\/\/vanderloubet.com.br\/deputado\/em-discurso-vander-destaca-vitoria-de-dilma-e-atuacao-da-militancia\/\" \/>\n<meta property=\"og:locale\" content=\"pt_BR\" \/>\n<meta property=\"og:type\" content=\"article\" \/>\n<meta property=\"og:title\" content=\"Em discurso, Vander destaca vit\u00f3ria de Dilma e atua\u00e7\u00e3o da milit\u00e2ncia\" \/>\n<meta property=\"og:description\" content=\"Veja a \u00edntegra do discurso do deputado Vander durante Grande Expediente da Sess\u00e3o Ordin\u00e1ria da C\u00e2mara.\" \/>\n<meta property=\"og:url\" content=\"https:\/\/vanderloubet.com.br\/deputado\/em-discurso-vander-destaca-vitoria-de-dilma-e-atuacao-da-militancia\/\" \/>\n<meta property=\"og:site_name\" content=\"Deputado Federal Vander Loubet\" \/>\n<meta property=\"article:publisher\" content=\"https:\/\/facebook.com\/deputadovander\" \/>\n<meta property=\"article:published_time\" content=\"2010-11-24T23:02:18+00:00\" \/>\n<meta property=\"og:image\" content=\"http:\/\/www.deputadovander.com.br\/website\/wp-content\/uploads\/2010\/11\/foto-2010-11-24-dicurso-vander-300x196.jpg\" \/>\n<meta name=\"author\" content=\"\u00c9der\" \/>\n<meta name=\"twitter:card\" content=\"summary_large_image\" \/>\n<meta name=\"twitter:creator\" content=\"@vanderloubet\" \/>\n<meta name=\"twitter:site\" content=\"@vanderloubet\" \/>\n<script type=\"application\/ld+json\" class=\"yoast-schema-graph\">{\"@context\":\"https:\\\/\\\/schema.org\",\"@graph\":[{\"@type\":\"Article\",\"@id\":\"https:\\\/\\\/vanderloubet.com.br\\\/deputado\\\/em-discurso-vander-destaca-vitoria-de-dilma-e-atuacao-da-militancia\\\/#article\",\"isPartOf\":{\"@id\":\"https:\\\/\\\/vanderloubet.com.br\\\/deputado\\\/em-discurso-vander-destaca-vitoria-de-dilma-e-atuacao-da-militancia\\\/\"},\"author\":{\"name\":\"\u00c9der\",\"@id\":\"https:\\\/\\\/vanderloubet.com.br\\\/deputado\\\/#\\\/schema\\\/person\\\/15b51bd564532a8a68d9dec1b8eb890e\"},\"headline\":\"Em discurso, Vander destaca vit\u00f3ria de Dilma e atua\u00e7\u00e3o da milit\u00e2ncia\",\"datePublished\":\"2010-11-24T23:02:18+00:00\",\"mainEntityOfPage\":{\"@id\":\"https:\\\/\\\/vanderloubet.com.br\\\/deputado\\\/em-discurso-vander-destaca-vitoria-de-dilma-e-atuacao-da-militancia\\\/\"},\"wordCount\":1486,\"commentCount\":0,\"publisher\":{\"@id\":\"https:\\\/\\\/vanderloubet.com.br\\\/deputado\\\/#organization\"},\"image\":{\"@id\":\"https:\\\/\\\/vanderloubet.com.br\\\/deputado\\\/em-discurso-vander-destaca-vitoria-de-dilma-e-atuacao-da-militancia\\\/#primaryimage\"},\"thumbnailUrl\":\"http:\\\/\\\/www.deputadovander.com.br\\\/website\\\/wp-content\\\/uploads\\\/2010\\\/11\\\/foto-2010-11-24-dicurso-vander-300x196.jpg\",\"keywords\":[\"c\u00e2mara\",\"deputado federal\",\"dilma rousseff\",\"discurso\",\"grande expediente\",\"MS\",\"PT\",\"vander loubet\",\"zeca do pt\"],\"articleSection\":[\"Not\u00edcias\"],\"inLanguage\":\"pt-BR\",\"potentialAction\":[{\"@type\":\"CommentAction\",\"name\":\"Comment\",\"target\":[\"https:\\\/\\\/vanderloubet.com.br\\\/deputado\\\/em-discurso-vander-destaca-vitoria-de-dilma-e-atuacao-da-militancia\\\/#respond\"]}]},{\"@type\":\"WebPage\",\"@id\":\"https:\\\/\\\/vanderloubet.com.br\\\/deputado\\\/em-discurso-vander-destaca-vitoria-de-dilma-e-atuacao-da-militancia\\\/\",\"url\":\"https:\\\/\\\/vanderloubet.com.br\\\/deputado\\\/em-discurso-vander-destaca-vitoria-de-dilma-e-atuacao-da-militancia\\\/\",\"name\":\"Em discurso, Vander destaca vit\u00f3ria de Dilma e atua\u00e7\u00e3o da milit\u00e2ncia\",\"isPartOf\":{\"@id\":\"https:\\\/\\\/vanderloubet.com.br\\\/deputado\\\/#website\"},\"primaryImageOfPage\":{\"@id\":\"https:\\\/\\\/vanderloubet.com.br\\\/deputado\\\/em-discurso-vander-destaca-vitoria-de-dilma-e-atuacao-da-militancia\\\/#primaryimage\"},\"image\":{\"@id\":\"https:\\\/\\\/vanderloubet.com.br\\\/deputado\\\/em-discurso-vander-destaca-vitoria-de-dilma-e-atuacao-da-militancia\\\/#primaryimage\"},\"thumbnailUrl\":\"http:\\\/\\\/www.deputadovander.com.br\\\/website\\\/wp-content\\\/uploads\\\/2010\\\/11\\\/foto-2010-11-24-dicurso-vander-300x196.jpg\",\"datePublished\":\"2010-11-24T23:02:18+00:00\",\"breadcrumb\":{\"@id\":\"https:\\\/\\\/vanderloubet.com.br\\\/deputado\\\/em-discurso-vander-destaca-vitoria-de-dilma-e-atuacao-da-militancia\\\/#breadcrumb\"},\"inLanguage\":\"pt-BR\",\"potentialAction\":[{\"@type\":\"ReadAction\",\"target\":[\"https:\\\/\\\/vanderloubet.com.br\\\/deputado\\\/em-discurso-vander-destaca-vitoria-de-dilma-e-atuacao-da-militancia\\\/\"]}]},{\"@type\":\"ImageObject\",\"inLanguage\":\"pt-BR\",\"@id\":\"https:\\\/\\\/vanderloubet.com.br\\\/deputado\\\/em-discurso-vander-destaca-vitoria-de-dilma-e-atuacao-da-militancia\\\/#primaryimage\",\"url\":\"http:\\\/\\\/www.deputadovander.com.br\\\/website\\\/wp-content\\\/uploads\\\/2010\\\/11\\\/foto-2010-11-24-dicurso-vander-300x196.jpg\",\"contentUrl\":\"http:\\\/\\\/www.deputadovander.com.br\\\/website\\\/wp-content\\\/uploads\\\/2010\\\/11\\\/foto-2010-11-24-dicurso-vander-300x196.jpg\"},{\"@type\":\"BreadcrumbList\",\"@id\":\"https:\\\/\\\/vanderloubet.com.br\\\/deputado\\\/em-discurso-vander-destaca-vitoria-de-dilma-e-atuacao-da-militancia\\\/#breadcrumb\",\"itemListElement\":[{\"@type\":\"ListItem\",\"position\":1,\"name\":\"In\u00edcio\",\"item\":\"https:\\\/\\\/vanderloubet.com.br\\\/deputado\\\/\"},{\"@type\":\"ListItem\",\"position\":2,\"name\":\"Em discurso, Vander destaca vit\u00f3ria de Dilma e atua\u00e7\u00e3o da milit\u00e2ncia\"}]},{\"@type\":\"WebSite\",\"@id\":\"https:\\\/\\\/vanderloubet.com.br\\\/deputado\\\/#website\",\"url\":\"https:\\\/\\\/vanderloubet.com.br\\\/deputado\\\/\",\"name\":\"Deputado Federal Vander Loubet\",\"description\":\"O Federal de MS\",\"publisher\":{\"@id\":\"https:\\\/\\\/vanderloubet.com.br\\\/deputado\\\/#organization\"},\"alternateName\":\"Deputado Vander\",\"potentialAction\":[{\"@type\":\"SearchAction\",\"target\":{\"@type\":\"EntryPoint\",\"urlTemplate\":\"https:\\\/\\\/vanderloubet.com.br\\\/deputado\\\/?s={search_term_string}\"},\"query-input\":{\"@type\":\"PropertyValueSpecification\",\"valueRequired\":true,\"valueName\":\"search_term_string\"}}],\"inLanguage\":\"pt-BR\"},{\"@type\":\"Organization\",\"@id\":\"https:\\\/\\\/vanderloubet.com.br\\\/deputado\\\/#organization\",\"name\":\"Deputado Federal Vander Loubet\",\"alternateName\":\"Deputado Vander\",\"url\":\"https:\\\/\\\/vanderloubet.com.br\\\/deputado\\\/\",\"logo\":{\"@type\":\"ImageObject\",\"inLanguage\":\"pt-BR\",\"@id\":\"https:\\\/\\\/vanderloubet.com.br\\\/deputado\\\/#\\\/schema\\\/logo\\\/image\\\/\",\"url\":\"https:\\\/\\\/vanderloubet.com.br\\\/deputado\\\/wp-content\\\/uploads\\\/2023\\\/06\\\/foto-2023-06-19-mandato-deputado-vander.jpg\",\"contentUrl\":\"https:\\\/\\\/vanderloubet.com.br\\\/deputado\\\/wp-content\\\/uploads\\\/2023\\\/06\\\/foto-2023-06-19-mandato-deputado-vander.jpg\",\"width\":1080,\"height\":1080,\"caption\":\"Deputado Federal Vander Loubet\"},\"image\":{\"@id\":\"https:\\\/\\\/vanderloubet.com.br\\\/deputado\\\/#\\\/schema\\\/logo\\\/image\\\/\"},\"sameAs\":[\"https:\\\/\\\/facebook.com\\\/deputadovander\",\"https:\\\/\\\/x.com\\\/vanderloubet\",\"https:\\\/\\\/instagram.com\\\/vanderloubet\",\"https:\\\/\\\/youtube.com\\\/vanderloubet\",\"https:\\\/\\\/tiktok.com\\\/@vanderloubetms\"]},{\"@type\":\"Person\",\"@id\":\"https:\\\/\\\/vanderloubet.com.br\\\/deputado\\\/#\\\/schema\\\/person\\\/15b51bd564532a8a68d9dec1b8eb890e\",\"name\":\"\u00c9der\",\"image\":{\"@type\":\"ImageObject\",\"inLanguage\":\"pt-BR\",\"@id\":\"https:\\\/\\\/vanderloubet.com.br\\\/deputado\\\/wp-content\\\/litespeed\\\/avatar\\\/88ca4090d9d5ab1c9495f6ca03b68efa.jpg?ver=1777058957\",\"url\":\"https:\\\/\\\/vanderloubet.com.br\\\/deputado\\\/wp-content\\\/litespeed\\\/avatar\\\/88ca4090d9d5ab1c9495f6ca03b68efa.jpg?ver=1777058957\",\"contentUrl\":\"https:\\\/\\\/vanderloubet.com.br\\\/deputado\\\/wp-content\\\/litespeed\\\/avatar\\\/88ca4090d9d5ab1c9495f6ca03b68efa.jpg?ver=1777058957\",\"caption\":\"\u00c9der\"}}]}<\/script>\n<!-- \/ Yoast SEO plugin. -->","yoast_head_json":{"title":"Em discurso, Vander destaca vit\u00f3ria de Dilma e atua\u00e7\u00e3o da milit\u00e2ncia","robots":{"index":"index","follow":"follow","max-snippet":"max-snippet:-1","max-image-preview":"max-image-preview:large","max-video-preview":"max-video-preview:-1"},"canonical":"https:\/\/vanderloubet.com.br\/deputado\/em-discurso-vander-destaca-vitoria-de-dilma-e-atuacao-da-militancia\/","og_locale":"pt_BR","og_type":"article","og_title":"Em discurso, Vander destaca vit\u00f3ria de Dilma e atua\u00e7\u00e3o da milit\u00e2ncia","og_description":"Veja a \u00edntegra do discurso do deputado Vander durante Grande Expediente da Sess\u00e3o Ordin\u00e1ria da C\u00e2mara.","og_url":"https:\/\/vanderloubet.com.br\/deputado\/em-discurso-vander-destaca-vitoria-de-dilma-e-atuacao-da-militancia\/","og_site_name":"Deputado Federal Vander Loubet","article_publisher":"https:\/\/facebook.com\/deputadovander","article_published_time":"2010-11-24T23:02:18+00:00","og_image":[{"url":"http:\/\/www.deputadovander.com.br\/website\/wp-content\/uploads\/2010\/11\/foto-2010-11-24-dicurso-vander-300x196.jpg","type":"","width":"","height":""}],"author":"\u00c9der","twitter_card":"summary_large_image","twitter_creator":"@vanderloubet","twitter_site":"@vanderloubet","schema":{"@context":"https:\/\/schema.org","@graph":[{"@type":"Article","@id":"https:\/\/vanderloubet.com.br\/deputado\/em-discurso-vander-destaca-vitoria-de-dilma-e-atuacao-da-militancia\/#article","isPartOf":{"@id":"https:\/\/vanderloubet.com.br\/deputado\/em-discurso-vander-destaca-vitoria-de-dilma-e-atuacao-da-militancia\/"},"author":{"name":"\u00c9der","@id":"https:\/\/vanderloubet.com.br\/deputado\/#\/schema\/person\/15b51bd564532a8a68d9dec1b8eb890e"},"headline":"Em discurso, Vander destaca vit\u00f3ria de Dilma e atua\u00e7\u00e3o da milit\u00e2ncia","datePublished":"2010-11-24T23:02:18+00:00","mainEntityOfPage":{"@id":"https:\/\/vanderloubet.com.br\/deputado\/em-discurso-vander-destaca-vitoria-de-dilma-e-atuacao-da-militancia\/"},"wordCount":1486,"commentCount":0,"publisher":{"@id":"https:\/\/vanderloubet.com.br\/deputado\/#organization"},"image":{"@id":"https:\/\/vanderloubet.com.br\/deputado\/em-discurso-vander-destaca-vitoria-de-dilma-e-atuacao-da-militancia\/#primaryimage"},"thumbnailUrl":"http:\/\/www.deputadovander.com.br\/website\/wp-content\/uploads\/2010\/11\/foto-2010-11-24-dicurso-vander-300x196.jpg","keywords":["c\u00e2mara","deputado federal","dilma rousseff","discurso","grande expediente","MS","PT","vander loubet","zeca do pt"],"articleSection":["Not\u00edcias"],"inLanguage":"pt-BR","potentialAction":[{"@type":"CommentAction","name":"Comment","target":["https:\/\/vanderloubet.com.br\/deputado\/em-discurso-vander-destaca-vitoria-de-dilma-e-atuacao-da-militancia\/#respond"]}]},{"@type":"WebPage","@id":"https:\/\/vanderloubet.com.br\/deputado\/em-discurso-vander-destaca-vitoria-de-dilma-e-atuacao-da-militancia\/","url":"https:\/\/vanderloubet.com.br\/deputado\/em-discurso-vander-destaca-vitoria-de-dilma-e-atuacao-da-militancia\/","name":"Em discurso, Vander destaca vit\u00f3ria de Dilma e atua\u00e7\u00e3o da milit\u00e2ncia","isPartOf":{"@id":"https:\/\/vanderloubet.com.br\/deputado\/#website"},"primaryImageOfPage":{"@id":"https:\/\/vanderloubet.com.br\/deputado\/em-discurso-vander-destaca-vitoria-de-dilma-e-atuacao-da-militancia\/#primaryimage"},"image":{"@id":"https:\/\/vanderloubet.com.br\/deputado\/em-discurso-vander-destaca-vitoria-de-dilma-e-atuacao-da-militancia\/#primaryimage"},"thumbnailUrl":"http:\/\/www.deputadovander.com.br\/website\/wp-content\/uploads\/2010\/11\/foto-2010-11-24-dicurso-vander-300x196.jpg","datePublished":"2010-11-24T23:02:18+00:00","breadcrumb":{"@id":"https:\/\/vanderloubet.com.br\/deputado\/em-discurso-vander-destaca-vitoria-de-dilma-e-atuacao-da-militancia\/#breadcrumb"},"inLanguage":"pt-BR","potentialAction":[{"@type":"ReadAction","target":["https:\/\/vanderloubet.com.br\/deputado\/em-discurso-vander-destaca-vitoria-de-dilma-e-atuacao-da-militancia\/"]}]},{"@type":"ImageObject","inLanguage":"pt-BR","@id":"https:\/\/vanderloubet.com.br\/deputado\/em-discurso-vander-destaca-vitoria-de-dilma-e-atuacao-da-militancia\/#primaryimage","url":"http:\/\/www.deputadovander.com.br\/website\/wp-content\/uploads\/2010\/11\/foto-2010-11-24-dicurso-vander-300x196.jpg","contentUrl":"http:\/\/www.deputadovander.com.br\/website\/wp-content\/uploads\/2010\/11\/foto-2010-11-24-dicurso-vander-300x196.jpg"},{"@type":"BreadcrumbList","@id":"https:\/\/vanderloubet.com.br\/deputado\/em-discurso-vander-destaca-vitoria-de-dilma-e-atuacao-da-militancia\/#breadcrumb","itemListElement":[{"@type":"ListItem","position":1,"name":"In\u00edcio","item":"https:\/\/vanderloubet.com.br\/deputado\/"},{"@type":"ListItem","position":2,"name":"Em discurso, Vander destaca vit\u00f3ria de Dilma e atua\u00e7\u00e3o da milit\u00e2ncia"}]},{"@type":"WebSite","@id":"https:\/\/vanderloubet.com.br\/deputado\/#website","url":"https:\/\/vanderloubet.com.br\/deputado\/","name":"Deputado Federal Vander Loubet","description":"O Federal de MS","publisher":{"@id":"https:\/\/vanderloubet.com.br\/deputado\/#organization"},"alternateName":"Deputado Vander","potentialAction":[{"@type":"SearchAction","target":{"@type":"EntryPoint","urlTemplate":"https:\/\/vanderloubet.com.br\/deputado\/?s={search_term_string}"},"query-input":{"@type":"PropertyValueSpecification","valueRequired":true,"valueName":"search_term_string"}}],"inLanguage":"pt-BR"},{"@type":"Organization","@id":"https:\/\/vanderloubet.com.br\/deputado\/#organization","name":"Deputado Federal Vander Loubet","alternateName":"Deputado Vander","url":"https:\/\/vanderloubet.com.br\/deputado\/","logo":{"@type":"ImageObject","inLanguage":"pt-BR","@id":"https:\/\/vanderloubet.com.br\/deputado\/#\/schema\/logo\/image\/","url":"https:\/\/vanderloubet.com.br\/deputado\/wp-content\/uploads\/2023\/06\/foto-2023-06-19-mandato-deputado-vander.jpg","contentUrl":"https:\/\/vanderloubet.com.br\/deputado\/wp-content\/uploads\/2023\/06\/foto-2023-06-19-mandato-deputado-vander.jpg","width":1080,"height":1080,"caption":"Deputado Federal Vander Loubet"},"image":{"@id":"https:\/\/vanderloubet.com.br\/deputado\/#\/schema\/logo\/image\/"},"sameAs":["https:\/\/facebook.com\/deputadovander","https:\/\/x.com\/vanderloubet","https:\/\/instagram.com\/vanderloubet","https:\/\/youtube.com\/vanderloubet","https:\/\/tiktok.com\/@vanderloubetms"]},{"@type":"Person","@id":"https:\/\/vanderloubet.com.br\/deputado\/#\/schema\/person\/15b51bd564532a8a68d9dec1b8eb890e","name":"\u00c9der","image":{"@type":"ImageObject","inLanguage":"pt-BR","@id":"https:\/\/vanderloubet.com.br\/deputado\/wp-content\/litespeed\/avatar\/88ca4090d9d5ab1c9495f6ca03b68efa.jpg?ver=1777058957","url":"https:\/\/vanderloubet.com.br\/deputado\/wp-content\/litespeed\/avatar\/88ca4090d9d5ab1c9495f6ca03b68efa.jpg?ver=1777058957","contentUrl":"https:\/\/vanderloubet.com.br\/deputado\/wp-content\/litespeed\/avatar\/88ca4090d9d5ab1c9495f6ca03b68efa.jpg?ver=1777058957","caption":"\u00c9der"}}]}},"jetpack_featured_media_url":"","jetpack_sharing_enabled":true,"_links":{"self":[{"href":"https:\/\/vanderloubet.com.br\/deputado\/wp-json\/wp\/v2\/posts\/2681","targetHints":{"allow":["GET"]}}],"collection":[{"href":"https:\/\/vanderloubet.com.br\/deputado\/wp-json\/wp\/v2\/posts"}],"about":[{"href":"https:\/\/vanderloubet.com.br\/deputado\/wp-json\/wp\/v2\/types\/post"}],"author":[{"embeddable":true,"href":"https:\/\/vanderloubet.com.br\/deputado\/wp-json\/wp\/v2\/users\/2"}],"replies":[{"embeddable":true,"href":"https:\/\/vanderloubet.com.br\/deputado\/wp-json\/wp\/v2\/comments?post=2681"}],"version-history":[{"count":0,"href":"https:\/\/vanderloubet.com.br\/deputado\/wp-json\/wp\/v2\/posts\/2681\/revisions"}],"wp:attachment":[{"href":"https:\/\/vanderloubet.com.br\/deputado\/wp-json\/wp\/v2\/media?parent=2681"}],"wp:term":[{"taxonomy":"category","embeddable":true,"href":"https:\/\/vanderloubet.com.br\/deputado\/wp-json\/wp\/v2\/categories?post=2681"},{"taxonomy":"post_tag","embeddable":true,"href":"https:\/\/vanderloubet.com.br\/deputado\/wp-json\/wp\/v2\/tags?post=2681"}],"curies":[{"name":"wp","href":"https:\/\/api.w.org\/{rel}","templated":true}]}}