{"id":2652,"date":"2010-11-17T23:04:39","date_gmt":"2010-11-18T03:04:39","guid":{"rendered":"http:\/\/www.deputadovander.com.br\/website\/?p=2652"},"modified":"2010-11-17T23:04:39","modified_gmt":"2010-11-18T03:04:39","slug":"bancada-de-ms-discute-emendas-ao-orcamento-2011-da-uniao","status":"publish","type":"post","link":"https:\/\/vanderloubet.com.br\/deputado\/bancada-de-ms-discute-emendas-ao-orcamento-2011-da-uniao\/","title":{"rendered":"Bancada de MS discute emendas ao Or\u00e7amento 2011 da Uni\u00e3o"},"content":{"rendered":"<p style=\"text-align: center;\">\n<figure id=\"attachment_2653\" aria-describedby=\"caption-attachment-2653\" style=\"width: 300px\" class=\"wp-caption aligncenter\"><a href=\"http:\/\/www.deputadovander.com.br\/website\/wp-content\/uploads\/2010\/11\/foto-2010-11-17-congresso-nacional.jpg\" target=\"_blank\"><img decoding=\"async\" class=\"size-medium wp-image-2653 \" title=\"foto-2010-11-17-congresso-nacional\" src=\"http:\/\/www.deputadovander.com.br\/website\/wp-content\/uploads\/2010\/11\/foto-2010-11-17-congresso-nacional-300x200.jpg\" alt=\"Bancada de MS se reuniu no Senado\" width=\"300\" height=\"200\" \/><\/a><figcaption id=\"caption-attachment-2653\" class=\"wp-caption-text\">Bancada de MS se reuniu no Senado<\/figcaption><\/figure>\n<\/p>\n<p>Os membros da bancada de Mato Grosso do Sul no Congresso Nacional se reuniram nesta quarta-feira (17) para discutir a apresenta\u00e7\u00e3o de emendas ao projeto do Or\u00e7amento Geral da Uni\u00e3o para 2011. Cada parlamentar pode apresentar at\u00e9 25 emendas individuais com valor total de R$ 13 milh\u00f5es e o prazo \u00e9 a pr\u00f3xima quarta-feira (24).<\/p>\n<p>Estiveram na sala de reuni\u00f5es da biblioteca do Senado Federal os deputados federais Vander Loubet (PT), Ant\u00f4nio Carlos Biffi (PT), Dagoberto Nogueira (PDT), Ant\u00f4nio Cruz (PP), Waldemir Moka (PMDB), Geraldo Resende (PMDB) e Mar\u00e7al Filho (PMDB), al\u00e9m dos senadores Marisa Serrano (PSDB) e Delc\u00eddio do Amaral (PT).<\/p>\n<p>Os representantes de MS em Bras\u00edlia marcaram outra reuni\u00e3o para a ter\u00e7a-feira (23), quando pretendem definir quais emendas ser\u00e3o apresentadas pela bancada sul-mato-grossense.<\/p>\n<p>(fonte: \u00c9ser C\u00e1ceres\/Midiamax News)<\/p>\n","protected":false},"excerpt":{"rendered":"<p>Cada parlamentar pode apresentar at\u00e9 25 emendas individuais com valor total de R$ 13 milh\u00f5es. Vander marcou presen\u00e7a.<\/p>\n","protected":false},"author":2,"featured_media":0,"comment_status":"open","ping_status":"open","sticky":false,"template":"","format":"standard","meta":{"jetpack_post_was_ever_published":false,"_jetpack_newsletter_access":"","_jetpack_dont_email_post_to_subs":false,"_jetpack_newsletter_tier_id":0,"_jetpack_memberships_contains_paywalled_content":false,"_jetpack_memberships_contains_paid_content":false,"footnotes":""},"categories":[10],"tags":[502,592,610,1433,1513,1564,1594,1651,1655,1823,2035],"class_list":{"0":"post-2652","1":"post","2":"type-post","3":"status-publish","4":"format-standard","6":"category-noticias","7":"tag-congresso","8":"tag-delcidio-do-amaral","9":"tag-deputado-federal","10":"tag-orcamento","11":"tag-pdt","12":"tag-pmdb","13":"tag-pp","14":"tag-psdb","15":"tag-pt","16":"tag-senador","17":"tag-vander-loubet"},"yoast_head":"<!-- This site is optimized with the Yoast SEO plugin v27.4 - https:\/\/yoast.com\/product\/yoast-seo-wordpress\/ -->\n<title>Bancada de MS discute emendas ao Or\u00e7amento 2011 da Uni\u00e3o<\/title>\n<meta name=\"robots\" content=\"index, follow, max-snippet:-1, max-image-preview:large, max-video-preview:-1\" \/>\n<link rel=\"canonical\" href=\"https:\/\/vanderloubet.com.br\/deputado\/bancada-de-ms-discute-emendas-ao-orcamento-2011-da-uniao\/\" \/>\n<meta property=\"og:locale\" content=\"pt_BR\" \/>\n<meta property=\"og:type\" content=\"article\" \/>\n<meta property=\"og:title\" content=\"Bancada de MS discute emendas ao Or\u00e7amento 2011 da Uni\u00e3o\" \/>\n<meta property=\"og:description\" content=\"Cada parlamentar pode apresentar at\u00e9 25 emendas individuais com valor total de R$ 13 milh\u00f5es. Vander marcou presen\u00e7a.\" \/>\n<meta property=\"og:url\" content=\"https:\/\/vanderloubet.com.br\/deputado\/bancada-de-ms-discute-emendas-ao-orcamento-2011-da-uniao\/\" \/>\n<meta property=\"og:site_name\" content=\"Deputado Federal Vander Loubet\" \/>\n<meta property=\"article:publisher\" content=\"https:\/\/facebook.com\/deputadovander\" \/>\n<meta property=\"article:published_time\" content=\"2010-11-18T03:04:39+00:00\" \/>\n<meta property=\"og:image\" content=\"http:\/\/www.deputadovander.com.br\/website\/wp-content\/uploads\/2010\/11\/foto-2010-11-17-congresso-nacional-300x200.jpg\" \/>\n<meta name=\"author\" content=\"\u00c9der\" \/>\n<meta name=\"twitter:card\" content=\"summary_large_image\" \/>\n<meta name=\"twitter:creator\" content=\"@vanderloubet\" \/>\n<meta name=\"twitter:site\" content=\"@vanderloubet\" \/>\n<script type=\"application\/ld+json\" class=\"yoast-schema-graph\">{\"@context\":\"https:\\\/\\\/schema.org\",\"@graph\":[{\"@type\":\"Article\",\"@id\":\"https:\\\/\\\/vanderloubet.com.br\\\/deputado\\\/bancada-de-ms-discute-emendas-ao-orcamento-2011-da-uniao\\\/#article\",\"isPartOf\":{\"@id\":\"https:\\\/\\\/vanderloubet.com.br\\\/deputado\\\/bancada-de-ms-discute-emendas-ao-orcamento-2011-da-uniao\\\/\"},\"author\":{\"name\":\"\u00c9der\",\"@id\":\"https:\\\/\\\/vanderloubet.com.br\\\/deputado\\\/#\\\/schema\\\/person\\\/15b51bd564532a8a68d9dec1b8eb890e\"},\"headline\":\"Bancada de MS discute emendas ao Or\u00e7amento 2011 da Uni\u00e3o\",\"datePublished\":\"2010-11-18T03:04:39+00:00\",\"mainEntityOfPage\":{\"@id\":\"https:\\\/\\\/vanderloubet.com.br\\\/deputado\\\/bancada-de-ms-discute-emendas-ao-orcamento-2011-da-uniao\\\/\"},\"wordCount\":165,\"commentCount\":0,\"publisher\":{\"@id\":\"https:\\\/\\\/vanderloubet.com.br\\\/deputado\\\/#organization\"},\"image\":{\"@id\":\"https:\\\/\\\/vanderloubet.com.br\\\/deputado\\\/bancada-de-ms-discute-emendas-ao-orcamento-2011-da-uniao\\\/#primaryimage\"},\"thumbnailUrl\":\"http:\\\/\\\/www.deputadovander.com.br\\\/website\\\/wp-content\\\/uploads\\\/2010\\\/11\\\/foto-2010-11-17-congresso-nacional-300x200.jpg\",\"keywords\":[\"congresso\",\"delc\u00eddio do amaral\",\"deputado federal\",\"or\u00e7amento\",\"pdt\",\"pmdb\",\"pp\",\"psdb\",\"PT\",\"senador\",\"vander loubet\"],\"articleSection\":[\"Not\u00edcias\"],\"inLanguage\":\"pt-BR\",\"potentialAction\":[{\"@type\":\"CommentAction\",\"name\":\"Comment\",\"target\":[\"https:\\\/\\\/vanderloubet.com.br\\\/deputado\\\/bancada-de-ms-discute-emendas-ao-orcamento-2011-da-uniao\\\/#respond\"]}]},{\"@type\":\"WebPage\",\"@id\":\"https:\\\/\\\/vanderloubet.com.br\\\/deputado\\\/bancada-de-ms-discute-emendas-ao-orcamento-2011-da-uniao\\\/\",\"url\":\"https:\\\/\\\/vanderloubet.com.br\\\/deputado\\\/bancada-de-ms-discute-emendas-ao-orcamento-2011-da-uniao\\\/\",\"name\":\"Bancada de MS discute emendas ao Or\u00e7amento 2011 da Uni\u00e3o\",\"isPartOf\":{\"@id\":\"https:\\\/\\\/vanderloubet.com.br\\\/deputado\\\/#website\"},\"primaryImageOfPage\":{\"@id\":\"https:\\\/\\\/vanderloubet.com.br\\\/deputado\\\/bancada-de-ms-discute-emendas-ao-orcamento-2011-da-uniao\\\/#primaryimage\"},\"image\":{\"@id\":\"https:\\\/\\\/vanderloubet.com.br\\\/deputado\\\/bancada-de-ms-discute-emendas-ao-orcamento-2011-da-uniao\\\/#primaryimage\"},\"thumbnailUrl\":\"http:\\\/\\\/www.deputadovander.com.br\\\/website\\\/wp-content\\\/uploads\\\/2010\\\/11\\\/foto-2010-11-17-congresso-nacional-300x200.jpg\",\"datePublished\":\"2010-11-18T03:04:39+00:00\",\"breadcrumb\":{\"@id\":\"https:\\\/\\\/vanderloubet.com.br\\\/deputado\\\/bancada-de-ms-discute-emendas-ao-orcamento-2011-da-uniao\\\/#breadcrumb\"},\"inLanguage\":\"pt-BR\",\"potentialAction\":[{\"@type\":\"ReadAction\",\"target\":[\"https:\\\/\\\/vanderloubet.com.br\\\/deputado\\\/bancada-de-ms-discute-emendas-ao-orcamento-2011-da-uniao\\\/\"]}]},{\"@type\":\"ImageObject\",\"inLanguage\":\"pt-BR\",\"@id\":\"https:\\\/\\\/vanderloubet.com.br\\\/deputado\\\/bancada-de-ms-discute-emendas-ao-orcamento-2011-da-uniao\\\/#primaryimage\",\"url\":\"http:\\\/\\\/www.deputadovander.com.br\\\/website\\\/wp-content\\\/uploads\\\/2010\\\/11\\\/foto-2010-11-17-congresso-nacional-300x200.jpg\",\"contentUrl\":\"http:\\\/\\\/www.deputadovander.com.br\\\/website\\\/wp-content\\\/uploads\\\/2010\\\/11\\\/foto-2010-11-17-congresso-nacional-300x200.jpg\"},{\"@type\":\"BreadcrumbList\",\"@id\":\"https:\\\/\\\/vanderloubet.com.br\\\/deputado\\\/bancada-de-ms-discute-emendas-ao-orcamento-2011-da-uniao\\\/#breadcrumb\",\"itemListElement\":[{\"@type\":\"ListItem\",\"position\":1,\"name\":\"In\u00edcio\",\"item\":\"https:\\\/\\\/vanderloubet.com.br\\\/deputado\\\/\"},{\"@type\":\"ListItem\",\"position\":2,\"name\":\"Bancada de MS discute emendas ao Or\u00e7amento 2011 da Uni\u00e3o\"}]},{\"@type\":\"WebSite\",\"@id\":\"https:\\\/\\\/vanderloubet.com.br\\\/deputado\\\/#website\",\"url\":\"https:\\\/\\\/vanderloubet.com.br\\\/deputado\\\/\",\"name\":\"Deputado Federal Vander Loubet\",\"description\":\"O Federal de MS\",\"publisher\":{\"@id\":\"https:\\\/\\\/vanderloubet.com.br\\\/deputado\\\/#organization\"},\"alternateName\":\"Deputado Vander\",\"potentialAction\":[{\"@type\":\"SearchAction\",\"target\":{\"@type\":\"EntryPoint\",\"urlTemplate\":\"https:\\\/\\\/vanderloubet.com.br\\\/deputado\\\/?s={search_term_string}\"},\"query-input\":{\"@type\":\"PropertyValueSpecification\",\"valueRequired\":true,\"valueName\":\"search_term_string\"}}],\"inLanguage\":\"pt-BR\"},{\"@type\":\"Organization\",\"@id\":\"https:\\\/\\\/vanderloubet.com.br\\\/deputado\\\/#organization\",\"name\":\"Deputado Federal Vander Loubet\",\"alternateName\":\"Deputado Vander\",\"url\":\"https:\\\/\\\/vanderloubet.com.br\\\/deputado\\\/\",\"logo\":{\"@type\":\"ImageObject\",\"inLanguage\":\"pt-BR\",\"@id\":\"https:\\\/\\\/vanderloubet.com.br\\\/deputado\\\/#\\\/schema\\\/logo\\\/image\\\/\",\"url\":\"https:\\\/\\\/vanderloubet.com.br\\\/deputado\\\/wp-content\\\/uploads\\\/2023\\\/06\\\/foto-2023-06-19-mandato-deputado-vander.jpg\",\"contentUrl\":\"https:\\\/\\\/vanderloubet.com.br\\\/deputado\\\/wp-content\\\/uploads\\\/2023\\\/06\\\/foto-2023-06-19-mandato-deputado-vander.jpg\",\"width\":1080,\"height\":1080,\"caption\":\"Deputado Federal Vander Loubet\"},\"image\":{\"@id\":\"https:\\\/\\\/vanderloubet.com.br\\\/deputado\\\/#\\\/schema\\\/logo\\\/image\\\/\"},\"sameAs\":[\"https:\\\/\\\/facebook.com\\\/deputadovander\",\"https:\\\/\\\/x.com\\\/vanderloubet\",\"https:\\\/\\\/instagram.com\\\/vanderloubet\",\"https:\\\/\\\/youtube.com\\\/vanderloubet\",\"https:\\\/\\\/tiktok.com\\\/@vanderloubetms\"]},{\"@type\":\"Person\",\"@id\":\"https:\\\/\\\/vanderloubet.com.br\\\/deputado\\\/#\\\/schema\\\/person\\\/15b51bd564532a8a68d9dec1b8eb890e\",\"name\":\"\u00c9der\",\"image\":{\"@type\":\"ImageObject\",\"inLanguage\":\"pt-BR\",\"@id\":\"https:\\\/\\\/vanderloubet.com.br\\\/deputado\\\/wp-content\\\/litespeed\\\/avatar\\\/88ca4090d9d5ab1c9495f6ca03b68efa.jpg?ver=1777058957\",\"url\":\"https:\\\/\\\/vanderloubet.com.br\\\/deputado\\\/wp-content\\\/litespeed\\\/avatar\\\/88ca4090d9d5ab1c9495f6ca03b68efa.jpg?ver=1777058957\",\"contentUrl\":\"https:\\\/\\\/vanderloubet.com.br\\\/deputado\\\/wp-content\\\/litespeed\\\/avatar\\\/88ca4090d9d5ab1c9495f6ca03b68efa.jpg?ver=1777058957\",\"caption\":\"\u00c9der\"}}]}<\/script>\n<!-- \/ Yoast SEO plugin. -->","yoast_head_json":{"title":"Bancada de MS discute emendas ao Or\u00e7amento 2011 da Uni\u00e3o","robots":{"index":"index","follow":"follow","max-snippet":"max-snippet:-1","max-image-preview":"max-image-preview:large","max-video-preview":"max-video-preview:-1"},"canonical":"https:\/\/vanderloubet.com.br\/deputado\/bancada-de-ms-discute-emendas-ao-orcamento-2011-da-uniao\/","og_locale":"pt_BR","og_type":"article","og_title":"Bancada de MS discute emendas ao Or\u00e7amento 2011 da Uni\u00e3o","og_description":"Cada parlamentar pode apresentar at\u00e9 25 emendas individuais com valor total de R$ 13 milh\u00f5es. Vander marcou presen\u00e7a.","og_url":"https:\/\/vanderloubet.com.br\/deputado\/bancada-de-ms-discute-emendas-ao-orcamento-2011-da-uniao\/","og_site_name":"Deputado Federal Vander Loubet","article_publisher":"https:\/\/facebook.com\/deputadovander","article_published_time":"2010-11-18T03:04:39+00:00","og_image":[{"url":"http:\/\/www.deputadovander.com.br\/website\/wp-content\/uploads\/2010\/11\/foto-2010-11-17-congresso-nacional-300x200.jpg","type":"","width":"","height":""}],"author":"\u00c9der","twitter_card":"summary_large_image","twitter_creator":"@vanderloubet","twitter_site":"@vanderloubet","schema":{"@context":"https:\/\/schema.org","@graph":[{"@type":"Article","@id":"https:\/\/vanderloubet.com.br\/deputado\/bancada-de-ms-discute-emendas-ao-orcamento-2011-da-uniao\/#article","isPartOf":{"@id":"https:\/\/vanderloubet.com.br\/deputado\/bancada-de-ms-discute-emendas-ao-orcamento-2011-da-uniao\/"},"author":{"name":"\u00c9der","@id":"https:\/\/vanderloubet.com.br\/deputado\/#\/schema\/person\/15b51bd564532a8a68d9dec1b8eb890e"},"headline":"Bancada de MS discute emendas ao Or\u00e7amento 2011 da Uni\u00e3o","datePublished":"2010-11-18T03:04:39+00:00","mainEntityOfPage":{"@id":"https:\/\/vanderloubet.com.br\/deputado\/bancada-de-ms-discute-emendas-ao-orcamento-2011-da-uniao\/"},"wordCount":165,"commentCount":0,"publisher":{"@id":"https:\/\/vanderloubet.com.br\/deputado\/#organization"},"image":{"@id":"https:\/\/vanderloubet.com.br\/deputado\/bancada-de-ms-discute-emendas-ao-orcamento-2011-da-uniao\/#primaryimage"},"thumbnailUrl":"http:\/\/www.deputadovander.com.br\/website\/wp-content\/uploads\/2010\/11\/foto-2010-11-17-congresso-nacional-300x200.jpg","keywords":["congresso","delc\u00eddio do amaral","deputado federal","or\u00e7amento","pdt","pmdb","pp","psdb","PT","senador","vander loubet"],"articleSection":["Not\u00edcias"],"inLanguage":"pt-BR","potentialAction":[{"@type":"CommentAction","name":"Comment","target":["https:\/\/vanderloubet.com.br\/deputado\/bancada-de-ms-discute-emendas-ao-orcamento-2011-da-uniao\/#respond"]}]},{"@type":"WebPage","@id":"https:\/\/vanderloubet.com.br\/deputado\/bancada-de-ms-discute-emendas-ao-orcamento-2011-da-uniao\/","url":"https:\/\/vanderloubet.com.br\/deputado\/bancada-de-ms-discute-emendas-ao-orcamento-2011-da-uniao\/","name":"Bancada de MS discute emendas ao Or\u00e7amento 2011 da Uni\u00e3o","isPartOf":{"@id":"https:\/\/vanderloubet.com.br\/deputado\/#website"},"primaryImageOfPage":{"@id":"https:\/\/vanderloubet.com.br\/deputado\/bancada-de-ms-discute-emendas-ao-orcamento-2011-da-uniao\/#primaryimage"},"image":{"@id":"https:\/\/vanderloubet.com.br\/deputado\/bancada-de-ms-discute-emendas-ao-orcamento-2011-da-uniao\/#primaryimage"},"thumbnailUrl":"http:\/\/www.deputadovander.com.br\/website\/wp-content\/uploads\/2010\/11\/foto-2010-11-17-congresso-nacional-300x200.jpg","datePublished":"2010-11-18T03:04:39+00:00","breadcrumb":{"@id":"https:\/\/vanderloubet.com.br\/deputado\/bancada-de-ms-discute-emendas-ao-orcamento-2011-da-uniao\/#breadcrumb"},"inLanguage":"pt-BR","potentialAction":[{"@type":"ReadAction","target":["https:\/\/vanderloubet.com.br\/deputado\/bancada-de-ms-discute-emendas-ao-orcamento-2011-da-uniao\/"]}]},{"@type":"ImageObject","inLanguage":"pt-BR","@id":"https:\/\/vanderloubet.com.br\/deputado\/bancada-de-ms-discute-emendas-ao-orcamento-2011-da-uniao\/#primaryimage","url":"http:\/\/www.deputadovander.com.br\/website\/wp-content\/uploads\/2010\/11\/foto-2010-11-17-congresso-nacional-300x200.jpg","contentUrl":"http:\/\/www.deputadovander.com.br\/website\/wp-content\/uploads\/2010\/11\/foto-2010-11-17-congresso-nacional-300x200.jpg"},{"@type":"BreadcrumbList","@id":"https:\/\/vanderloubet.com.br\/deputado\/bancada-de-ms-discute-emendas-ao-orcamento-2011-da-uniao\/#breadcrumb","itemListElement":[{"@type":"ListItem","position":1,"name":"In\u00edcio","item":"https:\/\/vanderloubet.com.br\/deputado\/"},{"@type":"ListItem","position":2,"name":"Bancada de MS discute emendas ao Or\u00e7amento 2011 da Uni\u00e3o"}]},{"@type":"WebSite","@id":"https:\/\/vanderloubet.com.br\/deputado\/#website","url":"https:\/\/vanderloubet.com.br\/deputado\/","name":"Deputado Federal Vander Loubet","description":"O Federal de MS","publisher":{"@id":"https:\/\/vanderloubet.com.br\/deputado\/#organization"},"alternateName":"Deputado Vander","potentialAction":[{"@type":"SearchAction","target":{"@type":"EntryPoint","urlTemplate":"https:\/\/vanderloubet.com.br\/deputado\/?s={search_term_string}"},"query-input":{"@type":"PropertyValueSpecification","valueRequired":true,"valueName":"search_term_string"}}],"inLanguage":"pt-BR"},{"@type":"Organization","@id":"https:\/\/vanderloubet.com.br\/deputado\/#organization","name":"Deputado Federal Vander Loubet","alternateName":"Deputado Vander","url":"https:\/\/vanderloubet.com.br\/deputado\/","logo":{"@type":"ImageObject","inLanguage":"pt-BR","@id":"https:\/\/vanderloubet.com.br\/deputado\/#\/schema\/logo\/image\/","url":"https:\/\/vanderloubet.com.br\/deputado\/wp-content\/uploads\/2023\/06\/foto-2023-06-19-mandato-deputado-vander.jpg","contentUrl":"https:\/\/vanderloubet.com.br\/deputado\/wp-content\/uploads\/2023\/06\/foto-2023-06-19-mandato-deputado-vander.jpg","width":1080,"height":1080,"caption":"Deputado Federal Vander Loubet"},"image":{"@id":"https:\/\/vanderloubet.com.br\/deputado\/#\/schema\/logo\/image\/"},"sameAs":["https:\/\/facebook.com\/deputadovander","https:\/\/x.com\/vanderloubet","https:\/\/instagram.com\/vanderloubet","https:\/\/youtube.com\/vanderloubet","https:\/\/tiktok.com\/@vanderloubetms"]},{"@type":"Person","@id":"https:\/\/vanderloubet.com.br\/deputado\/#\/schema\/person\/15b51bd564532a8a68d9dec1b8eb890e","name":"\u00c9der","image":{"@type":"ImageObject","inLanguage":"pt-BR","@id":"https:\/\/vanderloubet.com.br\/deputado\/wp-content\/litespeed\/avatar\/88ca4090d9d5ab1c9495f6ca03b68efa.jpg?ver=1777058957","url":"https:\/\/vanderloubet.com.br\/deputado\/wp-content\/litespeed\/avatar\/88ca4090d9d5ab1c9495f6ca03b68efa.jpg?ver=1777058957","contentUrl":"https:\/\/vanderloubet.com.br\/deputado\/wp-content\/litespeed\/avatar\/88ca4090d9d5ab1c9495f6ca03b68efa.jpg?ver=1777058957","caption":"\u00c9der"}}]}},"jetpack_featured_media_url":"","jetpack_sharing_enabled":true,"_links":{"self":[{"href":"https:\/\/vanderloubet.com.br\/deputado\/wp-json\/wp\/v2\/posts\/2652","targetHints":{"allow":["GET"]}}],"collection":[{"href":"https:\/\/vanderloubet.com.br\/deputado\/wp-json\/wp\/v2\/posts"}],"about":[{"href":"https:\/\/vanderloubet.com.br\/deputado\/wp-json\/wp\/v2\/types\/post"}],"author":[{"embeddable":true,"href":"https:\/\/vanderloubet.com.br\/deputado\/wp-json\/wp\/v2\/users\/2"}],"replies":[{"embeddable":true,"href":"https:\/\/vanderloubet.com.br\/deputado\/wp-json\/wp\/v2\/comments?post=2652"}],"version-history":[{"count":0,"href":"https:\/\/vanderloubet.com.br\/deputado\/wp-json\/wp\/v2\/posts\/2652\/revisions"}],"wp:attachment":[{"href":"https:\/\/vanderloubet.com.br\/deputado\/wp-json\/wp\/v2\/media?parent=2652"}],"wp:term":[{"taxonomy":"category","embeddable":true,"href":"https:\/\/vanderloubet.com.br\/deputado\/wp-json\/wp\/v2\/categories?post=2652"},{"taxonomy":"post_tag","embeddable":true,"href":"https:\/\/vanderloubet.com.br\/deputado\/wp-json\/wp\/v2\/tags?post=2652"}],"curies":[{"name":"wp","href":"https:\/\/api.w.org\/{rel}","templated":true}]}}