{"id":2610,"date":"2010-11-03T20:51:41","date_gmt":"2010-11-04T00:51:41","guid":{"rendered":"http:\/\/www.deputadovander.com.br\/website\/?p=2610"},"modified":"2010-11-03T20:51:41","modified_gmt":"2010-11-04T00:51:41","slug":"vander-garante-r-97-milhoes-para-projetos-de-pescado-da-ufgd","status":"publish","type":"post","link":"https:\/\/vanderloubet.com.br\/deputado\/vander-garante-r-97-milhoes-para-projetos-de-pescado-da-ufgd\/","title":{"rendered":"Vander garante R$ 9,7 milh\u00f5es para projetos de pescado da UFGD"},"content":{"rendered":"<p style=\"text-align: center;\">\n<figure id=\"attachment_2611\" aria-describedby=\"caption-attachment-2611\" style=\"width: 300px\" class=\"wp-caption aligncenter\"><a href=\"http:\/\/www.deputadovander.com.br\/website\/wp-content\/uploads\/2010\/11\/foto-2010-11-03-vander-pesca.jpg\" target=\"_blank\"><img decoding=\"async\" class=\"size-medium wp-image-2611 \" title=\"foto-2010-11-03-vander-pesca\" src=\"http:\/\/www.deputadovander.com.br\/website\/wp-content\/uploads\/2010\/11\/foto-2010-11-03-vander-pesca-300x200.jpg\" alt=\"Vander, Gregolin e Dami\u00e3o em Dourados (junho)\" width=\"300\" height=\"200\" \/><\/a><figcaption id=\"caption-attachment-2611\" class=\"wp-caption-text\">Vander, Gregolin e Dami\u00e3o em Dourados (junho)<\/figcaption><\/figure>\n<p>No final de outubro, o deputado federal Vander Loubet (PT-MS) participou de uma reuni\u00e3o com o reitor da Universidade Federal da Grande Dourados (UFGD), professor Dami\u00e3o Duque de Farias, na qual garantiu, atrav\u00e9s de emenda parlamentar, R$ 9,7 milh\u00f5es para quatro projetos estruturantes da rede do pescado, elaborados por pesquisadores da UFGD, que v\u00e3o permitir que o peixe seja transformado em um bom neg\u00f3cio na regi\u00e3o da Grande Dourados. Os recursos que dever\u00e3o ser empenhados j\u00e1 no in\u00edcio de 2011.<\/p>\n<p>Na ocasi\u00e3o, participaram da reuni\u00e3o pesquisadores da universidade e representantes da Embrapa Agropecu\u00e1ria Oeste, do Minist\u00e9rio da Pesca e Aquicultura, do Minist\u00e9rio do Desenvolvimento Agr\u00e1rio, da Ag\u00eancia de Desenvolvimento Agr\u00e1rio e Extens\u00e3o Rural (Agraer), da Prefeitura de Dourados, da Cooperativa de Aquicultores (MS Peixe), al\u00e9m de organizadores da cadeia produtiva do pescado e articuladores do Territ\u00f3rio Cidadania.<\/p>\n<p>A verba ser\u00e1 usada na constru\u00e7\u00e3o de tr\u00eas importantes estruturas na UFGD &#8211; o Centro de Piscicultura Experimental e Difus\u00e3o de Tecnologia; o Centro de Tecnologia do Pescado e a Incubadora de Tecnologia de Cooperativas Populares &#8211; e uma na Embrapa, para o fortalecimento das atividades em piscicultura da institui\u00e7\u00e3o. O deputado Vander reafirmou o compromisso assumido pelo ministro da Pesca e Aquicultura, Altemir Gregolin, com a UFGD e a rede de pescado no in\u00edcio deste ano, de atender a cadeia produtiva do pescado pelo enorme potencial da regi\u00e3o e pelos avan\u00e7os com qualidade que se podem ter nos estudos e nas pesquisas desenvolvidas.<\/p>\n<p>&#8220;Esse projeto est\u00e1 estruturado e a nossa ideia \u00e9 investir em educa\u00e7\u00e3o, ci\u00eancia e tecnologia, principalmente no que diz respeito \u00e0 log\u00edstica de projetos. A regi\u00e3o tem potencial e o primeiro passo estamos dando, que o \u00e9 de garantir recursos para execu\u00e7\u00e3o do projeto. \u00c9 fundamental a sociedade perceber a contribui\u00e7\u00e3o da UFGD at\u00e9 na melhoria de renda dessa popula\u00e7\u00e3o&#8221;, destacou Vander.<\/p>\n<p>Durante a reuni\u00e3o, o reitor Dami\u00e3o destacou que a garantia dos recursos \u00e9 um passo importante na consolida\u00e7\u00e3o desse projeto. &#8220;De fato, essa ser\u00e1 uma d\u00e9cada importante para a educa\u00e7\u00e3o, a ci\u00eancia e a tecnologia. Estamos nos preparando para isso e trabalhando em projetos e na expans\u00e3o de cursos articulados com projetos. Essa estrutura estar\u00e1 \u00e0 disposi\u00e7\u00e3o j\u00e1 em 2012. E esperamos apresentar os resultados \u00e0 sociedade contribuindo com seu desenvolvimento&#8221;, afirmou o professor.<\/p>\n<p>PROJETO DA UFGD<\/p>\n<p>Com esses projetos, a UFGD pretende consolidar o desenvolvimento sustent\u00e1vel da pesca e da aquicultura no estado, integrar os pescadores de pequena escala \u00e0 cadeia produtiva do pescado, fortalecer a ind\u00fastria pesqueira e a agrega\u00e7\u00e3o de valor ao pescado de MS, promover a incuba\u00e7\u00e3o de empreendimentos de economia solid\u00e1ria do segmento da aquicultura familiar e da pesca profissional artesanal, desenvolver estudos socioecon\u00f4micos e ambientais para o desenvolvimento sustent\u00e1vel da pesca e aquicultura e apoiar processos de forma\u00e7\u00e3o profissional e capacita\u00e7\u00e3o.<\/p>\n<p>Diversos professores da universidade t\u00eam direcionando projetos de Ensino, Pesquisa e Extens\u00e3o \u00e0 piscicultura. Exemplo disso foi a aprova\u00e7\u00e3o pelo Minist\u00e9rio da Educa\u00e7\u00e3o (MEC), em junho de 2010, dos seguintes trabalhos de extens\u00e3o universit\u00e1ria com \u00eanfase na inclus\u00e3o social: a) Capacita\u00e7\u00e3o e introdu\u00e7\u00e3o tecnol\u00f3gica na cadeia da piscicultura na regi\u00e3o de Dourados e Mundo Novo e b) Processamento e boas pr\u00e1ticas de fabrica\u00e7\u00e3o de produtos aplicados ao desenvolvimento sustent\u00e1vel do setor aqu\u00edcola da Regi\u00e3o Sul do Mato Grosso do Sul.<\/p>\n<p><small>(Assessoria de Comunica\u00e7\u00e3o, com informa\u00e7\u00f5es do MidiaFlex)<\/small><\/p>\n","protected":false},"excerpt":{"rendered":"<p>Emendas do deputado ser\u00e3o usadas em estruturas para atender cadeia produtiva da pesca da Grande Dourados.<\/p>\n","protected":false},"author":2,"featured_media":0,"comment_status":"open","ping_status":"open","sticky":false,"template":"","format":"standard","meta":{"jetpack_post_was_ever_published":false,"_jetpack_newsletter_access":"","_jetpack_dont_email_post_to_subs":false,"_jetpack_newsletter_tier_id":0,"_jetpack_memberships_contains_paywalled_content":false,"_jetpack_memberships_contains_paid_content":false,"footnotes":""},"categories":[10],"tags":[67,165,439,708,709,1251,1536,2001,2035],"class_list":{"0":"post-2610","1":"post","2":"type-post","3":"status-publish","4":"format-standard","6":"category-noticias","7":"tag-agraer","8":"tag-aquicultura","9":"tag-cidadania","10":"tag-embrapa","11":"tag-emenda","12":"tag-mda","13":"tag-pesca","14":"tag-ufgd","15":"tag-vander-loubet"},"yoast_head":"<!-- This site is optimized with the Yoast SEO plugin v27.4 - https:\/\/yoast.com\/product\/yoast-seo-wordpress\/ -->\n<title>Vander garante R$ 9,7 milh\u00f5es para projetos de pescado da UFGD<\/title>\n<meta name=\"robots\" content=\"index, follow, max-snippet:-1, max-image-preview:large, max-video-preview:-1\" \/>\n<link rel=\"canonical\" href=\"http:\/\/vanderloubet.com.br\/deputado\/vander-garante-r-97-milhoes-para-projetos-de-pescado-da-ufgd\/\" \/>\n<meta property=\"og:locale\" content=\"pt_BR\" \/>\n<meta property=\"og:type\" content=\"article\" \/>\n<meta property=\"og:title\" content=\"Vander garante R$ 9,7 milh\u00f5es para projetos de pescado da UFGD\" \/>\n<meta property=\"og:description\" content=\"Emendas do deputado ser\u00e3o usadas em estruturas para atender cadeia produtiva da pesca da Grande Dourados.\" \/>\n<meta property=\"og:url\" content=\"http:\/\/vanderloubet.com.br\/deputado\/vander-garante-r-97-milhoes-para-projetos-de-pescado-da-ufgd\/\" \/>\n<meta property=\"og:site_name\" content=\"Deputado Federal Vander Loubet\" \/>\n<meta property=\"article:publisher\" content=\"https:\/\/facebook.com\/deputadovander\" \/>\n<meta property=\"article:published_time\" content=\"2010-11-04T00:51:41+00:00\" \/>\n<meta property=\"og:image\" content=\"http:\/\/www.deputadovander.com.br\/website\/wp-content\/uploads\/2010\/11\/foto-2010-11-03-vander-pesca-300x200.jpg\" \/>\n<meta name=\"author\" content=\"\u00c9der\" \/>\n<meta name=\"twitter:card\" content=\"summary_large_image\" \/>\n<meta name=\"twitter:creator\" content=\"@vanderloubet\" \/>\n<meta name=\"twitter:site\" content=\"@vanderloubet\" \/>\n<script type=\"application\/ld+json\" class=\"yoast-schema-graph\">{\"@context\":\"https:\\\/\\\/schema.org\",\"@graph\":[{\"@type\":\"Article\",\"@id\":\"http:\\\/\\\/vanderloubet.com.br\\\/deputado\\\/vander-garante-r-97-milhoes-para-projetos-de-pescado-da-ufgd\\\/#article\",\"isPartOf\":{\"@id\":\"http:\\\/\\\/vanderloubet.com.br\\\/deputado\\\/vander-garante-r-97-milhoes-para-projetos-de-pescado-da-ufgd\\\/\"},\"author\":{\"name\":\"\u00c9der\",\"@id\":\"https:\\\/\\\/vanderloubet.com.br\\\/deputado\\\/#\\\/schema\\\/person\\\/15b51bd564532a8a68d9dec1b8eb890e\"},\"headline\":\"Vander garante R$ 9,7 milh\u00f5es para projetos de pescado da UFGD\",\"datePublished\":\"2010-11-04T00:51:41+00:00\",\"mainEntityOfPage\":{\"@id\":\"http:\\\/\\\/vanderloubet.com.br\\\/deputado\\\/vander-garante-r-97-milhoes-para-projetos-de-pescado-da-ufgd\\\/\"},\"wordCount\":631,\"commentCount\":0,\"publisher\":{\"@id\":\"https:\\\/\\\/vanderloubet.com.br\\\/deputado\\\/#organization\"},\"image\":{\"@id\":\"http:\\\/\\\/vanderloubet.com.br\\\/deputado\\\/vander-garante-r-97-milhoes-para-projetos-de-pescado-da-ufgd\\\/#primaryimage\"},\"thumbnailUrl\":\"http:\\\/\\\/www.deputadovander.com.br\\\/website\\\/wp-content\\\/uploads\\\/2010\\\/11\\\/foto-2010-11-03-vander-pesca-300x200.jpg\",\"keywords\":[\"agraer\",\"aquicultura\",\"cidadania\",\"embrapa\",\"emenda\",\"mda\",\"pesca\",\"ufgd\",\"vander loubet\"],\"articleSection\":[\"Not\u00edcias\"],\"inLanguage\":\"pt-BR\",\"potentialAction\":[{\"@type\":\"CommentAction\",\"name\":\"Comment\",\"target\":[\"http:\\\/\\\/vanderloubet.com.br\\\/deputado\\\/vander-garante-r-97-milhoes-para-projetos-de-pescado-da-ufgd\\\/#respond\"]}]},{\"@type\":\"WebPage\",\"@id\":\"http:\\\/\\\/vanderloubet.com.br\\\/deputado\\\/vander-garante-r-97-milhoes-para-projetos-de-pescado-da-ufgd\\\/\",\"url\":\"http:\\\/\\\/vanderloubet.com.br\\\/deputado\\\/vander-garante-r-97-milhoes-para-projetos-de-pescado-da-ufgd\\\/\",\"name\":\"Vander garante R$ 9,7 milh\u00f5es para projetos de pescado da UFGD\",\"isPartOf\":{\"@id\":\"https:\\\/\\\/vanderloubet.com.br\\\/deputado\\\/#website\"},\"primaryImageOfPage\":{\"@id\":\"http:\\\/\\\/vanderloubet.com.br\\\/deputado\\\/vander-garante-r-97-milhoes-para-projetos-de-pescado-da-ufgd\\\/#primaryimage\"},\"image\":{\"@id\":\"http:\\\/\\\/vanderloubet.com.br\\\/deputado\\\/vander-garante-r-97-milhoes-para-projetos-de-pescado-da-ufgd\\\/#primaryimage\"},\"thumbnailUrl\":\"http:\\\/\\\/www.deputadovander.com.br\\\/website\\\/wp-content\\\/uploads\\\/2010\\\/11\\\/foto-2010-11-03-vander-pesca-300x200.jpg\",\"datePublished\":\"2010-11-04T00:51:41+00:00\",\"breadcrumb\":{\"@id\":\"http:\\\/\\\/vanderloubet.com.br\\\/deputado\\\/vander-garante-r-97-milhoes-para-projetos-de-pescado-da-ufgd\\\/#breadcrumb\"},\"inLanguage\":\"pt-BR\",\"potentialAction\":[{\"@type\":\"ReadAction\",\"target\":[\"http:\\\/\\\/vanderloubet.com.br\\\/deputado\\\/vander-garante-r-97-milhoes-para-projetos-de-pescado-da-ufgd\\\/\"]}]},{\"@type\":\"ImageObject\",\"inLanguage\":\"pt-BR\",\"@id\":\"http:\\\/\\\/vanderloubet.com.br\\\/deputado\\\/vander-garante-r-97-milhoes-para-projetos-de-pescado-da-ufgd\\\/#primaryimage\",\"url\":\"http:\\\/\\\/www.deputadovander.com.br\\\/website\\\/wp-content\\\/uploads\\\/2010\\\/11\\\/foto-2010-11-03-vander-pesca-300x200.jpg\",\"contentUrl\":\"http:\\\/\\\/www.deputadovander.com.br\\\/website\\\/wp-content\\\/uploads\\\/2010\\\/11\\\/foto-2010-11-03-vander-pesca-300x200.jpg\"},{\"@type\":\"BreadcrumbList\",\"@id\":\"http:\\\/\\\/vanderloubet.com.br\\\/deputado\\\/vander-garante-r-97-milhoes-para-projetos-de-pescado-da-ufgd\\\/#breadcrumb\",\"itemListElement\":[{\"@type\":\"ListItem\",\"position\":1,\"name\":\"In\u00edcio\",\"item\":\"https:\\\/\\\/vanderloubet.com.br\\\/deputado\\\/\"},{\"@type\":\"ListItem\",\"position\":2,\"name\":\"Vander garante R$ 9,7 milh\u00f5es para projetos de pescado da UFGD\"}]},{\"@type\":\"WebSite\",\"@id\":\"https:\\\/\\\/vanderloubet.com.br\\\/deputado\\\/#website\",\"url\":\"https:\\\/\\\/vanderloubet.com.br\\\/deputado\\\/\",\"name\":\"Deputado Federal Vander Loubet\",\"description\":\"O Federal de MS\",\"publisher\":{\"@id\":\"https:\\\/\\\/vanderloubet.com.br\\\/deputado\\\/#organization\"},\"alternateName\":\"Deputado Vander\",\"potentialAction\":[{\"@type\":\"SearchAction\",\"target\":{\"@type\":\"EntryPoint\",\"urlTemplate\":\"https:\\\/\\\/vanderloubet.com.br\\\/deputado\\\/?s={search_term_string}\"},\"query-input\":{\"@type\":\"PropertyValueSpecification\",\"valueRequired\":true,\"valueName\":\"search_term_string\"}}],\"inLanguage\":\"pt-BR\"},{\"@type\":\"Organization\",\"@id\":\"https:\\\/\\\/vanderloubet.com.br\\\/deputado\\\/#organization\",\"name\":\"Deputado Federal Vander Loubet\",\"alternateName\":\"Deputado Vander\",\"url\":\"https:\\\/\\\/vanderloubet.com.br\\\/deputado\\\/\",\"logo\":{\"@type\":\"ImageObject\",\"inLanguage\":\"pt-BR\",\"@id\":\"https:\\\/\\\/vanderloubet.com.br\\\/deputado\\\/#\\\/schema\\\/logo\\\/image\\\/\",\"url\":\"https:\\\/\\\/vanderloubet.com.br\\\/deputado\\\/wp-content\\\/uploads\\\/2023\\\/06\\\/foto-2023-06-19-mandato-deputado-vander.jpg\",\"contentUrl\":\"https:\\\/\\\/vanderloubet.com.br\\\/deputado\\\/wp-content\\\/uploads\\\/2023\\\/06\\\/foto-2023-06-19-mandato-deputado-vander.jpg\",\"width\":1080,\"height\":1080,\"caption\":\"Deputado Federal Vander Loubet\"},\"image\":{\"@id\":\"https:\\\/\\\/vanderloubet.com.br\\\/deputado\\\/#\\\/schema\\\/logo\\\/image\\\/\"},\"sameAs\":[\"https:\\\/\\\/facebook.com\\\/deputadovander\",\"https:\\\/\\\/x.com\\\/vanderloubet\",\"https:\\\/\\\/instagram.com\\\/vanderloubet\",\"https:\\\/\\\/youtube.com\\\/vanderloubet\",\"https:\\\/\\\/tiktok.com\\\/@vanderloubetms\"]},{\"@type\":\"Person\",\"@id\":\"https:\\\/\\\/vanderloubet.com.br\\\/deputado\\\/#\\\/schema\\\/person\\\/15b51bd564532a8a68d9dec1b8eb890e\",\"name\":\"\u00c9der\",\"image\":{\"@type\":\"ImageObject\",\"inLanguage\":\"pt-BR\",\"@id\":\"https:\\\/\\\/vanderloubet.com.br\\\/deputado\\\/wp-content\\\/litespeed\\\/avatar\\\/88ca4090d9d5ab1c9495f6ca03b68efa.jpg?ver=1777058957\",\"url\":\"https:\\\/\\\/vanderloubet.com.br\\\/deputado\\\/wp-content\\\/litespeed\\\/avatar\\\/88ca4090d9d5ab1c9495f6ca03b68efa.jpg?ver=1777058957\",\"contentUrl\":\"https:\\\/\\\/vanderloubet.com.br\\\/deputado\\\/wp-content\\\/litespeed\\\/avatar\\\/88ca4090d9d5ab1c9495f6ca03b68efa.jpg?ver=1777058957\",\"caption\":\"\u00c9der\"}}]}<\/script>\n<!-- \/ Yoast SEO plugin. -->","yoast_head_json":{"title":"Vander garante R$ 9,7 milh\u00f5es para projetos de pescado da UFGD","robots":{"index":"index","follow":"follow","max-snippet":"max-snippet:-1","max-image-preview":"max-image-preview:large","max-video-preview":"max-video-preview:-1"},"canonical":"http:\/\/vanderloubet.com.br\/deputado\/vander-garante-r-97-milhoes-para-projetos-de-pescado-da-ufgd\/","og_locale":"pt_BR","og_type":"article","og_title":"Vander garante R$ 9,7 milh\u00f5es para projetos de pescado da UFGD","og_description":"Emendas do deputado ser\u00e3o usadas em estruturas para atender cadeia produtiva da pesca da Grande Dourados.","og_url":"http:\/\/vanderloubet.com.br\/deputado\/vander-garante-r-97-milhoes-para-projetos-de-pescado-da-ufgd\/","og_site_name":"Deputado Federal Vander Loubet","article_publisher":"https:\/\/facebook.com\/deputadovander","article_published_time":"2010-11-04T00:51:41+00:00","og_image":[{"url":"http:\/\/www.deputadovander.com.br\/website\/wp-content\/uploads\/2010\/11\/foto-2010-11-03-vander-pesca-300x200.jpg","type":"","width":"","height":""}],"author":"\u00c9der","twitter_card":"summary_large_image","twitter_creator":"@vanderloubet","twitter_site":"@vanderloubet","schema":{"@context":"https:\/\/schema.org","@graph":[{"@type":"Article","@id":"http:\/\/vanderloubet.com.br\/deputado\/vander-garante-r-97-milhoes-para-projetos-de-pescado-da-ufgd\/#article","isPartOf":{"@id":"http:\/\/vanderloubet.com.br\/deputado\/vander-garante-r-97-milhoes-para-projetos-de-pescado-da-ufgd\/"},"author":{"name":"\u00c9der","@id":"https:\/\/vanderloubet.com.br\/deputado\/#\/schema\/person\/15b51bd564532a8a68d9dec1b8eb890e"},"headline":"Vander garante R$ 9,7 milh\u00f5es para projetos de pescado da UFGD","datePublished":"2010-11-04T00:51:41+00:00","mainEntityOfPage":{"@id":"http:\/\/vanderloubet.com.br\/deputado\/vander-garante-r-97-milhoes-para-projetos-de-pescado-da-ufgd\/"},"wordCount":631,"commentCount":0,"publisher":{"@id":"https:\/\/vanderloubet.com.br\/deputado\/#organization"},"image":{"@id":"http:\/\/vanderloubet.com.br\/deputado\/vander-garante-r-97-milhoes-para-projetos-de-pescado-da-ufgd\/#primaryimage"},"thumbnailUrl":"http:\/\/www.deputadovander.com.br\/website\/wp-content\/uploads\/2010\/11\/foto-2010-11-03-vander-pesca-300x200.jpg","keywords":["agraer","aquicultura","cidadania","embrapa","emenda","mda","pesca","ufgd","vander loubet"],"articleSection":["Not\u00edcias"],"inLanguage":"pt-BR","potentialAction":[{"@type":"CommentAction","name":"Comment","target":["http:\/\/vanderloubet.com.br\/deputado\/vander-garante-r-97-milhoes-para-projetos-de-pescado-da-ufgd\/#respond"]}]},{"@type":"WebPage","@id":"http:\/\/vanderloubet.com.br\/deputado\/vander-garante-r-97-milhoes-para-projetos-de-pescado-da-ufgd\/","url":"http:\/\/vanderloubet.com.br\/deputado\/vander-garante-r-97-milhoes-para-projetos-de-pescado-da-ufgd\/","name":"Vander garante R$ 9,7 milh\u00f5es para projetos de pescado da UFGD","isPartOf":{"@id":"https:\/\/vanderloubet.com.br\/deputado\/#website"},"primaryImageOfPage":{"@id":"http:\/\/vanderloubet.com.br\/deputado\/vander-garante-r-97-milhoes-para-projetos-de-pescado-da-ufgd\/#primaryimage"},"image":{"@id":"http:\/\/vanderloubet.com.br\/deputado\/vander-garante-r-97-milhoes-para-projetos-de-pescado-da-ufgd\/#primaryimage"},"thumbnailUrl":"http:\/\/www.deputadovander.com.br\/website\/wp-content\/uploads\/2010\/11\/foto-2010-11-03-vander-pesca-300x200.jpg","datePublished":"2010-11-04T00:51:41+00:00","breadcrumb":{"@id":"http:\/\/vanderloubet.com.br\/deputado\/vander-garante-r-97-milhoes-para-projetos-de-pescado-da-ufgd\/#breadcrumb"},"inLanguage":"pt-BR","potentialAction":[{"@type":"ReadAction","target":["http:\/\/vanderloubet.com.br\/deputado\/vander-garante-r-97-milhoes-para-projetos-de-pescado-da-ufgd\/"]}]},{"@type":"ImageObject","inLanguage":"pt-BR","@id":"http:\/\/vanderloubet.com.br\/deputado\/vander-garante-r-97-milhoes-para-projetos-de-pescado-da-ufgd\/#primaryimage","url":"http:\/\/www.deputadovander.com.br\/website\/wp-content\/uploads\/2010\/11\/foto-2010-11-03-vander-pesca-300x200.jpg","contentUrl":"http:\/\/www.deputadovander.com.br\/website\/wp-content\/uploads\/2010\/11\/foto-2010-11-03-vander-pesca-300x200.jpg"},{"@type":"BreadcrumbList","@id":"http:\/\/vanderloubet.com.br\/deputado\/vander-garante-r-97-milhoes-para-projetos-de-pescado-da-ufgd\/#breadcrumb","itemListElement":[{"@type":"ListItem","position":1,"name":"In\u00edcio","item":"https:\/\/vanderloubet.com.br\/deputado\/"},{"@type":"ListItem","position":2,"name":"Vander garante R$ 9,7 milh\u00f5es para projetos de pescado da UFGD"}]},{"@type":"WebSite","@id":"https:\/\/vanderloubet.com.br\/deputado\/#website","url":"https:\/\/vanderloubet.com.br\/deputado\/","name":"Deputado Federal Vander Loubet","description":"O Federal de MS","publisher":{"@id":"https:\/\/vanderloubet.com.br\/deputado\/#organization"},"alternateName":"Deputado Vander","potentialAction":[{"@type":"SearchAction","target":{"@type":"EntryPoint","urlTemplate":"https:\/\/vanderloubet.com.br\/deputado\/?s={search_term_string}"},"query-input":{"@type":"PropertyValueSpecification","valueRequired":true,"valueName":"search_term_string"}}],"inLanguage":"pt-BR"},{"@type":"Organization","@id":"https:\/\/vanderloubet.com.br\/deputado\/#organization","name":"Deputado Federal Vander Loubet","alternateName":"Deputado Vander","url":"https:\/\/vanderloubet.com.br\/deputado\/","logo":{"@type":"ImageObject","inLanguage":"pt-BR","@id":"https:\/\/vanderloubet.com.br\/deputado\/#\/schema\/logo\/image\/","url":"https:\/\/vanderloubet.com.br\/deputado\/wp-content\/uploads\/2023\/06\/foto-2023-06-19-mandato-deputado-vander.jpg","contentUrl":"https:\/\/vanderloubet.com.br\/deputado\/wp-content\/uploads\/2023\/06\/foto-2023-06-19-mandato-deputado-vander.jpg","width":1080,"height":1080,"caption":"Deputado Federal Vander Loubet"},"image":{"@id":"https:\/\/vanderloubet.com.br\/deputado\/#\/schema\/logo\/image\/"},"sameAs":["https:\/\/facebook.com\/deputadovander","https:\/\/x.com\/vanderloubet","https:\/\/instagram.com\/vanderloubet","https:\/\/youtube.com\/vanderloubet","https:\/\/tiktok.com\/@vanderloubetms"]},{"@type":"Person","@id":"https:\/\/vanderloubet.com.br\/deputado\/#\/schema\/person\/15b51bd564532a8a68d9dec1b8eb890e","name":"\u00c9der","image":{"@type":"ImageObject","inLanguage":"pt-BR","@id":"https:\/\/vanderloubet.com.br\/deputado\/wp-content\/litespeed\/avatar\/88ca4090d9d5ab1c9495f6ca03b68efa.jpg?ver=1777058957","url":"https:\/\/vanderloubet.com.br\/deputado\/wp-content\/litespeed\/avatar\/88ca4090d9d5ab1c9495f6ca03b68efa.jpg?ver=1777058957","contentUrl":"https:\/\/vanderloubet.com.br\/deputado\/wp-content\/litespeed\/avatar\/88ca4090d9d5ab1c9495f6ca03b68efa.jpg?ver=1777058957","caption":"\u00c9der"}}]}},"jetpack_featured_media_url":"","jetpack_sharing_enabled":true,"_links":{"self":[{"href":"https:\/\/vanderloubet.com.br\/deputado\/wp-json\/wp\/v2\/posts\/2610","targetHints":{"allow":["GET"]}}],"collection":[{"href":"https:\/\/vanderloubet.com.br\/deputado\/wp-json\/wp\/v2\/posts"}],"about":[{"href":"https:\/\/vanderloubet.com.br\/deputado\/wp-json\/wp\/v2\/types\/post"}],"author":[{"embeddable":true,"href":"https:\/\/vanderloubet.com.br\/deputado\/wp-json\/wp\/v2\/users\/2"}],"replies":[{"embeddable":true,"href":"https:\/\/vanderloubet.com.br\/deputado\/wp-json\/wp\/v2\/comments?post=2610"}],"version-history":[{"count":0,"href":"https:\/\/vanderloubet.com.br\/deputado\/wp-json\/wp\/v2\/posts\/2610\/revisions"}],"wp:attachment":[{"href":"https:\/\/vanderloubet.com.br\/deputado\/wp-json\/wp\/v2\/media?parent=2610"}],"wp:term":[{"taxonomy":"category","embeddable":true,"href":"https:\/\/vanderloubet.com.br\/deputado\/wp-json\/wp\/v2\/categories?post=2610"},{"taxonomy":"post_tag","embeddable":true,"href":"https:\/\/vanderloubet.com.br\/deputado\/wp-json\/wp\/v2\/tags?post=2610"}],"curies":[{"name":"wp","href":"https:\/\/api.w.org\/{rel}","templated":true}]}}