{"id":2603,"date":"2010-11-01T14:14:06","date_gmt":"2010-11-01T18:14:06","guid":{"rendered":"http:\/\/www.deputadovander.com.br\/website\/?p=2603"},"modified":"2010-11-01T14:14:06","modified_gmt":"2010-11-01T18:14:06","slug":"presidente-ou-presidenta","status":"publish","type":"post","link":"https:\/\/vanderloubet.com.br\/deputado\/presidente-ou-presidenta\/","title":{"rendered":"Presidente ou presidenta?"},"content":{"rendered":"<p><em>Edson Moraes*<\/em><\/p>\n<p>A escolha de uma mulher para comandar o Pa\u00eds \u00e9 de um ineditismo e de uma import\u00e2ncia t\u00e3o significativos que precisa ser bem dimensionada nas mais diversas formas e manifesta\u00e7\u00f5es. At\u00e9 (ali\u00e1s, principalmente) na nomenclatura de g\u00eanero. Dilma Roussef \u00e9 presidente ou presidenta? As duas formas s\u00e3o corretas. Mas, convenhamos, neste caso o artigo definido feminino \u201ca\u201d encarna com maior propriedade a refer\u00eancia de g\u00eanero. E o Dicion\u00e1rio Aur\u00e9lio \u2013 a fonte das fontes \u2013 ensina: o feminino de presidente \u00e9 presidenta.<\/p>\n<p>O renomado jornalista e professor de Ensino M\u00e9dio H\u00e9lio Consolaro afirma que a predomin\u00e2ncia do masculino na l\u00edngua reflete o machismo. \u00c9 o que explica, por exemplo, a r\u00edgida e herm\u00e9tica nomenclatura da hierarquia militar. As For\u00e7as Armadas e as pol\u00edcias admitiram o ingresso da mulher em seus quadros, mas n\u00e3o admitem o ajuste da refer\u00eancia de g\u00eanero. No quartel n\u00e3o existe &#8220;soldada&#8221; ou &#8220;sargenta&#8221;. \u00c9 soldado, sargento&#8230; E os dicion\u00e1rios, em geral, seguem na mesma viela machist\u00f3ide, assim como grande parte dos jornalistas e \u00f3rg\u00e3os de imprensa.<\/p>\n<p style=\"text-align: center;\">\n<figure id=\"attachment_2604\" aria-describedby=\"caption-attachment-2604\" style=\"width: 300px\" class=\"wp-caption aligncenter\"><a href=\"http:\/\/www.deputadovander.com.br\/website\/wp-content\/uploads\/2010\/11\/foto-2010-11-01-dilma-presidenta.jpg\" target=\"_blank\"><img decoding=\"async\" class=\"size-medium wp-image-2604 \" title=\"foto-2010-11-01-dilma-presidenta\" src=\"http:\/\/www.deputadovander.com.br\/website\/wp-content\/uploads\/2010\/11\/foto-2010-11-01-dilma-presidenta-300x200.jpg\" alt=\"Dilma: presidenta do Brasil\" width=\"300\" height=\"200\" \/><\/a><figcaption id=\"caption-attachment-2604\" class=\"wp-caption-text\">Dilma: presidenta do Brasil<\/figcaption><\/figure>\n<\/p>\n<p>Um exemplo atual do desprezo \u00e0 dimens\u00e3o do que representa a quebra de um tabu secular com a elei\u00e7\u00e3o de Dilma \u00e9 a justificativa da Folha de S. Paulo para continuar chamando de presidente a mulher que chega ao poder m\u00e1ximo de um pa\u00eds ou de qualquer corpora\u00e7\u00e3o. Veja o que a Folha empunha como argumento: &#8220;Em portugu\u00eas, as duas formas est\u00e3o corretas, mas a feminina \u00e9 pouco usada, diz Tha\u00eds Nicoleti, consultora de l\u00edngua portuguesa do Grupo Folha-UOL. Para Pasquale Cipro Neto, o uso da forma &#8216;presidenta&#8217; \u00e9 desnecess\u00e1rio e causa estranheza&#8221;.<\/p>\n<p>Que me desculpem a consultora Nicoleti, o carism\u00e1tico professor Cipro Neto e a vetusta empresa dos Frias de Oliveira, mas ambos escorregaram para a vala (ou cova) rasa do machismo empedernido. Presidenta \u00e9 um termo desnecess\u00e1rio? Causa estranheza? \u00c9 forma feminina pouco usada? O que dizer ent\u00e3o das trocentas express\u00f5es estrangeiras aportuguesadas e neologismos dos mais bizarros que invadem nossos canais de leitura e de cultura diariamente?<\/p>\n<p>Por acaso um cidad\u00e3o de poucas letras que n\u00e3o possua carro \u2013 algo cada vez mais raro no Brasil de hoje \u2013 sabe o que significa a palavra recall? Se este cidad\u00e3o se socorrer de um dicion\u00e1rio da l\u00edngua portuguesa n\u00e3o a encontrar\u00e1. Mas \u00e9 uma express\u00e3o utilizada normal e generosamente nos textos da Folha, sem grifo, sem aspas, sem ao menos uma tradu\u00e7\u00e3o. Ah, certo, a Folha, seus consultores e suas fontes esgrimir\u00e3o a desculpa: &#8220;Esta express\u00e3o \u00e9 bastante utilizada, caiu no dom\u00ednio p\u00fablico&#8221;.<\/p>\n<p>Por\u00e9m, para cair no dom\u00ednio p\u00fablico os voc\u00e1bulos estrangeiros mais usuais e n\u00e3o aportuguesados \u2013 como recall, site e twitter, entre tantos \u2013 foram adotados pelos meios de comunica\u00e7\u00e3o. Se a Folha &amp; companhia fizessem o mesmo com a flex\u00e3o presidenta certamente os meios de comunica\u00e7\u00e3o estariam reconhecendo a real dimens\u00e3o do que significa a elei\u00e7\u00e3o de uma mulher como chefe da Na\u00e7\u00e3o. E ainda ajudariam a fazer da l\u00edngua portuguesa, dos textos jornal\u00edsticos e da leitura mecanismos mais eficientes de informa\u00e7\u00e3o e de forma\u00e7\u00e3o da sociedade de um pa\u00eds moderno, transformador e capaz de enfrentar e derrubar os muros das desigualdades e dos preconceitos.<\/p>\n<p>Dilma \u00e9 a primeira presidenta do Pa\u00eds!<\/p>\n<p><em>*Jornalista<\/em><\/p>\n","protected":false},"excerpt":{"rendered":"<p>Neste artigo, o jornalista Edson Moraes analisa a nomenclatura de g\u00eanero em torno do cargo m\u00e1ximo da Rep\u00fablica, agora ocupado por uma mulher.<\/p>\n","protected":false},"author":2,"featured_media":0,"comment_status":"open","ping_status":"open","sticky":false,"template":"","format":"standard","meta":{"jetpack_post_was_ever_published":false,"_jetpack_newsletter_access":"","_jetpack_dont_email_post_to_subs":false,"_jetpack_newsletter_tier_id":0,"_jetpack_memberships_contains_paywalled_content":false,"_jetpack_memberships_contains_paid_content":false,"footnotes":""},"categories":[11],"tags":[186,633,694,858,1613],"class_list":{"0":"post-2603","1":"post","2":"type-post","3":"status-publish","4":"format-standard","6":"category-opinioes","7":"tag-artigo","8":"tag-dilma-rousseff","9":"tag-edson-moraes","10":"tag-folha-de-s-paulo","11":"tag-presidenta"},"yoast_head":"<!-- This site is optimized with the Yoast SEO plugin v27.4 - https:\/\/yoast.com\/product\/yoast-seo-wordpress\/ -->\n<title>Presidente ou presidenta?<\/title>\n<meta name=\"robots\" content=\"index, follow, max-snippet:-1, max-image-preview:large, max-video-preview:-1\" \/>\n<link rel=\"canonical\" href=\"https:\/\/vanderloubet.com.br\/deputado\/presidente-ou-presidenta\/\" \/>\n<meta property=\"og:locale\" content=\"pt_BR\" \/>\n<meta property=\"og:type\" content=\"article\" \/>\n<meta property=\"og:title\" content=\"Presidente ou presidenta?\" \/>\n<meta property=\"og:description\" content=\"Neste artigo, o jornalista Edson Moraes analisa a nomenclatura de g\u00eanero em torno do cargo m\u00e1ximo da Rep\u00fablica, agora ocupado por uma mulher.\" \/>\n<meta property=\"og:url\" content=\"https:\/\/vanderloubet.com.br\/deputado\/presidente-ou-presidenta\/\" \/>\n<meta property=\"og:site_name\" content=\"Deputado Federal Vander Loubet\" \/>\n<meta property=\"article:publisher\" content=\"https:\/\/facebook.com\/deputadovander\" \/>\n<meta property=\"article:published_time\" content=\"2010-11-01T18:14:06+00:00\" \/>\n<meta property=\"og:image\" content=\"http:\/\/www.deputadovander.com.br\/website\/wp-content\/uploads\/2010\/11\/foto-2010-11-01-dilma-presidenta-300x200.jpg\" \/>\n<meta name=\"author\" content=\"\u00c9der\" \/>\n<meta name=\"twitter:card\" content=\"summary_large_image\" \/>\n<meta name=\"twitter:creator\" content=\"@vanderloubet\" \/>\n<meta name=\"twitter:site\" content=\"@vanderloubet\" \/>\n<script type=\"application\/ld+json\" class=\"yoast-schema-graph\">{\"@context\":\"https:\\\/\\\/schema.org\",\"@graph\":[{\"@type\":\"Article\",\"@id\":\"https:\\\/\\\/vanderloubet.com.br\\\/deputado\\\/presidente-ou-presidenta\\\/#article\",\"isPartOf\":{\"@id\":\"https:\\\/\\\/vanderloubet.com.br\\\/deputado\\\/presidente-ou-presidenta\\\/\"},\"author\":{\"name\":\"\u00c9der\",\"@id\":\"https:\\\/\\\/vanderloubet.com.br\\\/deputado\\\/#\\\/schema\\\/person\\\/15b51bd564532a8a68d9dec1b8eb890e\"},\"headline\":\"Presidente ou presidenta?\",\"datePublished\":\"2010-11-01T18:14:06+00:00\",\"mainEntityOfPage\":{\"@id\":\"https:\\\/\\\/vanderloubet.com.br\\\/deputado\\\/presidente-ou-presidenta\\\/\"},\"wordCount\":594,\"commentCount\":0,\"publisher\":{\"@id\":\"https:\\\/\\\/vanderloubet.com.br\\\/deputado\\\/#organization\"},\"image\":{\"@id\":\"https:\\\/\\\/vanderloubet.com.br\\\/deputado\\\/presidente-ou-presidenta\\\/#primaryimage\"},\"thumbnailUrl\":\"http:\\\/\\\/www.deputadovander.com.br\\\/website\\\/wp-content\\\/uploads\\\/2010\\\/11\\\/foto-2010-11-01-dilma-presidenta-300x200.jpg\",\"keywords\":[\"artigo\",\"dilma rousseff\",\"edson moraes\",\"folha de s. paulo\",\"presidenta\"],\"articleSection\":[\"Opini\u00e3o\"],\"inLanguage\":\"pt-BR\",\"potentialAction\":[{\"@type\":\"CommentAction\",\"name\":\"Comment\",\"target\":[\"https:\\\/\\\/vanderloubet.com.br\\\/deputado\\\/presidente-ou-presidenta\\\/#respond\"]}]},{\"@type\":\"WebPage\",\"@id\":\"https:\\\/\\\/vanderloubet.com.br\\\/deputado\\\/presidente-ou-presidenta\\\/\",\"url\":\"https:\\\/\\\/vanderloubet.com.br\\\/deputado\\\/presidente-ou-presidenta\\\/\",\"name\":\"Presidente ou presidenta?\",\"isPartOf\":{\"@id\":\"https:\\\/\\\/vanderloubet.com.br\\\/deputado\\\/#website\"},\"primaryImageOfPage\":{\"@id\":\"https:\\\/\\\/vanderloubet.com.br\\\/deputado\\\/presidente-ou-presidenta\\\/#primaryimage\"},\"image\":{\"@id\":\"https:\\\/\\\/vanderloubet.com.br\\\/deputado\\\/presidente-ou-presidenta\\\/#primaryimage\"},\"thumbnailUrl\":\"http:\\\/\\\/www.deputadovander.com.br\\\/website\\\/wp-content\\\/uploads\\\/2010\\\/11\\\/foto-2010-11-01-dilma-presidenta-300x200.jpg\",\"datePublished\":\"2010-11-01T18:14:06+00:00\",\"breadcrumb\":{\"@id\":\"https:\\\/\\\/vanderloubet.com.br\\\/deputado\\\/presidente-ou-presidenta\\\/#breadcrumb\"},\"inLanguage\":\"pt-BR\",\"potentialAction\":[{\"@type\":\"ReadAction\",\"target\":[\"https:\\\/\\\/vanderloubet.com.br\\\/deputado\\\/presidente-ou-presidenta\\\/\"]}]},{\"@type\":\"ImageObject\",\"inLanguage\":\"pt-BR\",\"@id\":\"https:\\\/\\\/vanderloubet.com.br\\\/deputado\\\/presidente-ou-presidenta\\\/#primaryimage\",\"url\":\"http:\\\/\\\/www.deputadovander.com.br\\\/website\\\/wp-content\\\/uploads\\\/2010\\\/11\\\/foto-2010-11-01-dilma-presidenta-300x200.jpg\",\"contentUrl\":\"http:\\\/\\\/www.deputadovander.com.br\\\/website\\\/wp-content\\\/uploads\\\/2010\\\/11\\\/foto-2010-11-01-dilma-presidenta-300x200.jpg\"},{\"@type\":\"BreadcrumbList\",\"@id\":\"https:\\\/\\\/vanderloubet.com.br\\\/deputado\\\/presidente-ou-presidenta\\\/#breadcrumb\",\"itemListElement\":[{\"@type\":\"ListItem\",\"position\":1,\"name\":\"In\u00edcio\",\"item\":\"https:\\\/\\\/vanderloubet.com.br\\\/deputado\\\/\"},{\"@type\":\"ListItem\",\"position\":2,\"name\":\"Presidente ou presidenta?\"}]},{\"@type\":\"WebSite\",\"@id\":\"https:\\\/\\\/vanderloubet.com.br\\\/deputado\\\/#website\",\"url\":\"https:\\\/\\\/vanderloubet.com.br\\\/deputado\\\/\",\"name\":\"Deputado Federal Vander Loubet\",\"description\":\"O Federal de MS\",\"publisher\":{\"@id\":\"https:\\\/\\\/vanderloubet.com.br\\\/deputado\\\/#organization\"},\"alternateName\":\"Deputado Vander\",\"potentialAction\":[{\"@type\":\"SearchAction\",\"target\":{\"@type\":\"EntryPoint\",\"urlTemplate\":\"https:\\\/\\\/vanderloubet.com.br\\\/deputado\\\/?s={search_term_string}\"},\"query-input\":{\"@type\":\"PropertyValueSpecification\",\"valueRequired\":true,\"valueName\":\"search_term_string\"}}],\"inLanguage\":\"pt-BR\"},{\"@type\":\"Organization\",\"@id\":\"https:\\\/\\\/vanderloubet.com.br\\\/deputado\\\/#organization\",\"name\":\"Deputado Federal Vander Loubet\",\"alternateName\":\"Deputado Vander\",\"url\":\"https:\\\/\\\/vanderloubet.com.br\\\/deputado\\\/\",\"logo\":{\"@type\":\"ImageObject\",\"inLanguage\":\"pt-BR\",\"@id\":\"https:\\\/\\\/vanderloubet.com.br\\\/deputado\\\/#\\\/schema\\\/logo\\\/image\\\/\",\"url\":\"https:\\\/\\\/vanderloubet.com.br\\\/deputado\\\/wp-content\\\/uploads\\\/2023\\\/06\\\/foto-2023-06-19-mandato-deputado-vander.jpg\",\"contentUrl\":\"https:\\\/\\\/vanderloubet.com.br\\\/deputado\\\/wp-content\\\/uploads\\\/2023\\\/06\\\/foto-2023-06-19-mandato-deputado-vander.jpg\",\"width\":1080,\"height\":1080,\"caption\":\"Deputado Federal Vander Loubet\"},\"image\":{\"@id\":\"https:\\\/\\\/vanderloubet.com.br\\\/deputado\\\/#\\\/schema\\\/logo\\\/image\\\/\"},\"sameAs\":[\"https:\\\/\\\/facebook.com\\\/deputadovander\",\"https:\\\/\\\/x.com\\\/vanderloubet\",\"https:\\\/\\\/instagram.com\\\/vanderloubet\",\"https:\\\/\\\/youtube.com\\\/vanderloubet\",\"https:\\\/\\\/tiktok.com\\\/@vanderloubetms\"]},{\"@type\":\"Person\",\"@id\":\"https:\\\/\\\/vanderloubet.com.br\\\/deputado\\\/#\\\/schema\\\/person\\\/15b51bd564532a8a68d9dec1b8eb890e\",\"name\":\"\u00c9der\",\"image\":{\"@type\":\"ImageObject\",\"inLanguage\":\"pt-BR\",\"@id\":\"https:\\\/\\\/vanderloubet.com.br\\\/deputado\\\/wp-content\\\/litespeed\\\/avatar\\\/88ca4090d9d5ab1c9495f6ca03b68efa.jpg?ver=1777058957\",\"url\":\"https:\\\/\\\/vanderloubet.com.br\\\/deputado\\\/wp-content\\\/litespeed\\\/avatar\\\/88ca4090d9d5ab1c9495f6ca03b68efa.jpg?ver=1777058957\",\"contentUrl\":\"https:\\\/\\\/vanderloubet.com.br\\\/deputado\\\/wp-content\\\/litespeed\\\/avatar\\\/88ca4090d9d5ab1c9495f6ca03b68efa.jpg?ver=1777058957\",\"caption\":\"\u00c9der\"}}]}<\/script>\n<!-- \/ Yoast SEO plugin. -->","yoast_head_json":{"title":"Presidente ou presidenta?","robots":{"index":"index","follow":"follow","max-snippet":"max-snippet:-1","max-image-preview":"max-image-preview:large","max-video-preview":"max-video-preview:-1"},"canonical":"https:\/\/vanderloubet.com.br\/deputado\/presidente-ou-presidenta\/","og_locale":"pt_BR","og_type":"article","og_title":"Presidente ou presidenta?","og_description":"Neste artigo, o jornalista Edson Moraes analisa a nomenclatura de g\u00eanero em torno do cargo m\u00e1ximo da Rep\u00fablica, agora ocupado por uma mulher.","og_url":"https:\/\/vanderloubet.com.br\/deputado\/presidente-ou-presidenta\/","og_site_name":"Deputado Federal Vander Loubet","article_publisher":"https:\/\/facebook.com\/deputadovander","article_published_time":"2010-11-01T18:14:06+00:00","og_image":[{"url":"http:\/\/www.deputadovander.com.br\/website\/wp-content\/uploads\/2010\/11\/foto-2010-11-01-dilma-presidenta-300x200.jpg","type":"","width":"","height":""}],"author":"\u00c9der","twitter_card":"summary_large_image","twitter_creator":"@vanderloubet","twitter_site":"@vanderloubet","schema":{"@context":"https:\/\/schema.org","@graph":[{"@type":"Article","@id":"https:\/\/vanderloubet.com.br\/deputado\/presidente-ou-presidenta\/#article","isPartOf":{"@id":"https:\/\/vanderloubet.com.br\/deputado\/presidente-ou-presidenta\/"},"author":{"name":"\u00c9der","@id":"https:\/\/vanderloubet.com.br\/deputado\/#\/schema\/person\/15b51bd564532a8a68d9dec1b8eb890e"},"headline":"Presidente ou presidenta?","datePublished":"2010-11-01T18:14:06+00:00","mainEntityOfPage":{"@id":"https:\/\/vanderloubet.com.br\/deputado\/presidente-ou-presidenta\/"},"wordCount":594,"commentCount":0,"publisher":{"@id":"https:\/\/vanderloubet.com.br\/deputado\/#organization"},"image":{"@id":"https:\/\/vanderloubet.com.br\/deputado\/presidente-ou-presidenta\/#primaryimage"},"thumbnailUrl":"http:\/\/www.deputadovander.com.br\/website\/wp-content\/uploads\/2010\/11\/foto-2010-11-01-dilma-presidenta-300x200.jpg","keywords":["artigo","dilma rousseff","edson moraes","folha de s. paulo","presidenta"],"articleSection":["Opini\u00e3o"],"inLanguage":"pt-BR","potentialAction":[{"@type":"CommentAction","name":"Comment","target":["https:\/\/vanderloubet.com.br\/deputado\/presidente-ou-presidenta\/#respond"]}]},{"@type":"WebPage","@id":"https:\/\/vanderloubet.com.br\/deputado\/presidente-ou-presidenta\/","url":"https:\/\/vanderloubet.com.br\/deputado\/presidente-ou-presidenta\/","name":"Presidente ou presidenta?","isPartOf":{"@id":"https:\/\/vanderloubet.com.br\/deputado\/#website"},"primaryImageOfPage":{"@id":"https:\/\/vanderloubet.com.br\/deputado\/presidente-ou-presidenta\/#primaryimage"},"image":{"@id":"https:\/\/vanderloubet.com.br\/deputado\/presidente-ou-presidenta\/#primaryimage"},"thumbnailUrl":"http:\/\/www.deputadovander.com.br\/website\/wp-content\/uploads\/2010\/11\/foto-2010-11-01-dilma-presidenta-300x200.jpg","datePublished":"2010-11-01T18:14:06+00:00","breadcrumb":{"@id":"https:\/\/vanderloubet.com.br\/deputado\/presidente-ou-presidenta\/#breadcrumb"},"inLanguage":"pt-BR","potentialAction":[{"@type":"ReadAction","target":["https:\/\/vanderloubet.com.br\/deputado\/presidente-ou-presidenta\/"]}]},{"@type":"ImageObject","inLanguage":"pt-BR","@id":"https:\/\/vanderloubet.com.br\/deputado\/presidente-ou-presidenta\/#primaryimage","url":"http:\/\/www.deputadovander.com.br\/website\/wp-content\/uploads\/2010\/11\/foto-2010-11-01-dilma-presidenta-300x200.jpg","contentUrl":"http:\/\/www.deputadovander.com.br\/website\/wp-content\/uploads\/2010\/11\/foto-2010-11-01-dilma-presidenta-300x200.jpg"},{"@type":"BreadcrumbList","@id":"https:\/\/vanderloubet.com.br\/deputado\/presidente-ou-presidenta\/#breadcrumb","itemListElement":[{"@type":"ListItem","position":1,"name":"In\u00edcio","item":"https:\/\/vanderloubet.com.br\/deputado\/"},{"@type":"ListItem","position":2,"name":"Presidente ou presidenta?"}]},{"@type":"WebSite","@id":"https:\/\/vanderloubet.com.br\/deputado\/#website","url":"https:\/\/vanderloubet.com.br\/deputado\/","name":"Deputado Federal Vander Loubet","description":"O Federal de MS","publisher":{"@id":"https:\/\/vanderloubet.com.br\/deputado\/#organization"},"alternateName":"Deputado Vander","potentialAction":[{"@type":"SearchAction","target":{"@type":"EntryPoint","urlTemplate":"https:\/\/vanderloubet.com.br\/deputado\/?s={search_term_string}"},"query-input":{"@type":"PropertyValueSpecification","valueRequired":true,"valueName":"search_term_string"}}],"inLanguage":"pt-BR"},{"@type":"Organization","@id":"https:\/\/vanderloubet.com.br\/deputado\/#organization","name":"Deputado Federal Vander Loubet","alternateName":"Deputado Vander","url":"https:\/\/vanderloubet.com.br\/deputado\/","logo":{"@type":"ImageObject","inLanguage":"pt-BR","@id":"https:\/\/vanderloubet.com.br\/deputado\/#\/schema\/logo\/image\/","url":"https:\/\/vanderloubet.com.br\/deputado\/wp-content\/uploads\/2023\/06\/foto-2023-06-19-mandato-deputado-vander.jpg","contentUrl":"https:\/\/vanderloubet.com.br\/deputado\/wp-content\/uploads\/2023\/06\/foto-2023-06-19-mandato-deputado-vander.jpg","width":1080,"height":1080,"caption":"Deputado Federal Vander Loubet"},"image":{"@id":"https:\/\/vanderloubet.com.br\/deputado\/#\/schema\/logo\/image\/"},"sameAs":["https:\/\/facebook.com\/deputadovander","https:\/\/x.com\/vanderloubet","https:\/\/instagram.com\/vanderloubet","https:\/\/youtube.com\/vanderloubet","https:\/\/tiktok.com\/@vanderloubetms"]},{"@type":"Person","@id":"https:\/\/vanderloubet.com.br\/deputado\/#\/schema\/person\/15b51bd564532a8a68d9dec1b8eb890e","name":"\u00c9der","image":{"@type":"ImageObject","inLanguage":"pt-BR","@id":"https:\/\/vanderloubet.com.br\/deputado\/wp-content\/litespeed\/avatar\/88ca4090d9d5ab1c9495f6ca03b68efa.jpg?ver=1777058957","url":"https:\/\/vanderloubet.com.br\/deputado\/wp-content\/litespeed\/avatar\/88ca4090d9d5ab1c9495f6ca03b68efa.jpg?ver=1777058957","contentUrl":"https:\/\/vanderloubet.com.br\/deputado\/wp-content\/litespeed\/avatar\/88ca4090d9d5ab1c9495f6ca03b68efa.jpg?ver=1777058957","caption":"\u00c9der"}}]}},"jetpack_featured_media_url":"","jetpack_sharing_enabled":true,"_links":{"self":[{"href":"https:\/\/vanderloubet.com.br\/deputado\/wp-json\/wp\/v2\/posts\/2603","targetHints":{"allow":["GET"]}}],"collection":[{"href":"https:\/\/vanderloubet.com.br\/deputado\/wp-json\/wp\/v2\/posts"}],"about":[{"href":"https:\/\/vanderloubet.com.br\/deputado\/wp-json\/wp\/v2\/types\/post"}],"author":[{"embeddable":true,"href":"https:\/\/vanderloubet.com.br\/deputado\/wp-json\/wp\/v2\/users\/2"}],"replies":[{"embeddable":true,"href":"https:\/\/vanderloubet.com.br\/deputado\/wp-json\/wp\/v2\/comments?post=2603"}],"version-history":[{"count":0,"href":"https:\/\/vanderloubet.com.br\/deputado\/wp-json\/wp\/v2\/posts\/2603\/revisions"}],"wp:attachment":[{"href":"https:\/\/vanderloubet.com.br\/deputado\/wp-json\/wp\/v2\/media?parent=2603"}],"wp:term":[{"taxonomy":"category","embeddable":true,"href":"https:\/\/vanderloubet.com.br\/deputado\/wp-json\/wp\/v2\/categories?post=2603"},{"taxonomy":"post_tag","embeddable":true,"href":"https:\/\/vanderloubet.com.br\/deputado\/wp-json\/wp\/v2\/tags?post=2603"}],"curies":[{"name":"wp","href":"https:\/\/api.w.org\/{rel}","templated":true}]}}