{"id":2598,"date":"2010-11-01T07:00:07","date_gmt":"2010-11-01T11:00:07","guid":{"rendered":"http:\/\/www.deputadovander.com.br\/website\/?p=2598"},"modified":"2010-11-01T07:00:07","modified_gmt":"2010-11-01T11:00:07","slug":"vander-pais-optou-por-mais-e-novos-avancos","status":"publish","type":"post","link":"https:\/\/vanderloubet.com.br\/deputado\/vander-pais-optou-por-mais-e-novos-avancos\/","title":{"rendered":"Vander: Pa\u00eds optou por mais e novos avan\u00e7os"},"content":{"rendered":"<p style=\"text-align: center;\">\n<figure id=\"attachment_2549\" aria-describedby=\"caption-attachment-2549\" style=\"width: 300px\" class=\"wp-caption aligncenter\"><a href=\"http:\/\/www.deputadovander.com.br\/website\/wp-content\/uploads\/2010\/10\/foto-2010-10-21-dilma-vander.jpg\" target=\"_blank\"><img decoding=\"async\" class=\"size-medium wp-image-2549 \" title=\"foto-2010-10-21-dilma-vander\" src=\"http:\/\/www.deputadovander.com.br\/website\/wp-content\/uploads\/2010\/10\/foto-2010-10-21-dilma-vander-300x225.jpg\" alt=\"Dilma Rousseff e Vander Loubet\" width=\"300\" height=\"225\" \/><\/a><figcaption id=\"caption-attachment-2549\" class=\"wp-caption-text\">Dilma Rousseff e Vander Loubet<\/figcaption><\/figure>\n<\/p>\n<p>Para o deputado federal Vander Loubet (PT-MS), a vit\u00f3ria de Dilma Rousseff n\u00e3o foi o resultado simples de uma escolha plebiscit\u00e1ria da sociedade. A seu ver, os eleitores demonstraram que, al\u00e9m do desejo de consolidar as certezas constru\u00eddas no governo Lula, tamb\u00e9m querem, nesse mesmo caminho, buscar novas possibilidades que ainda faltam para o Pa\u00eds. &#8220;H\u00e1 necessidade de mais avan\u00e7os, tanto no cen\u00e1rio da inclus\u00e3o social quanto nos investimentos em infraestrutura. E a popula\u00e7\u00e3o optou por preservar o que est\u00e1 dando certo, mas sem perder seu n\u00edvel de exig\u00eancia&#8221;, avalia Vander.<\/p>\n<p>Segundo o parlamentar, as experi\u00eancias vitoriosas da gest\u00e3o de Lula precisam ser aperfei\u00e7oadas por Dilma. Ele tamb\u00e9m defende que o governo e o PT restabele\u00e7am, na plenitude, a aten\u00e7\u00e3o com quest\u00f5es cruciais e inegoci\u00e1veis, como a defesa dos postulados program\u00e1ticos, o cuidado na afirma\u00e7\u00e3o dos princ\u00edpios \u00e9ticos e mais envolvimento na busca de solu\u00e7\u00f5es para desafios de ponta como a seguran\u00e7a p\u00fablica, a educa\u00e7\u00e3o, a sa\u00fade e a sustentabilidade.<\/p>\n<p>&#8220;A alegria e a celebra\u00e7\u00e3o pela vit\u00f3ria n\u00e3o podem sufocar nossa capacidade de autocr\u00edtica. \u00c9 preciso que o partido se debruce na pr\u00f3pria hist\u00f3ria e avalie tudo que viveu como oposi\u00e7\u00e3o e como governo. \u00c9 fundamental fazer essa avalia\u00e7\u00e3o para que se aperfei\u00e7oem os acertos e n\u00e3o se repitam os erros&#8221;, defendeu Vander. O deputado destaca a import\u00e2ncia do amadurecimento da democracia no Brasil e v\u00ea o PT como grande fiador desse processo. &#8220;Se foi a sociedade que legitimou e avalizou o resgate democr\u00e1tico, o PT foi uma de suas principais ferramentas&#8221;.<\/p>\n<p>Vander entende que, ao quebrar dois antigos e hist\u00f3ricos tabus da democracia representativa do Pa\u00eds, elegendo primeiro um oper\u00e1rio e agora uma mulher para chefiar o governo, a popula\u00e7\u00e3o comprovou sua voca\u00e7\u00e3o libert\u00e1ria e a op\u00e7\u00e3o pelo combate \u00e0s desigualdades. &#8220;A vit\u00f3ria da Dilma \u00e9 como se fosse a renova\u00e7\u00e3o da vit\u00f3ria do Lula, ambas movidas pelo sentimento de justi\u00e7a social e de quebra de barreiras. Mas h\u00e1 em tudo isso diferen\u00e7as pontuais que valorizam as caracter\u00edsticas de Lula e de Dilma, tendo como suporte comum o compromisso com um Brasil renovado, soberano e capacitado para resolver todas as suas demandas&#8221;.<\/p>\n<p>PLANO REGIONAL<\/p>\n<p>Sobre os desdobramentos das elei\u00e7\u00f5es deste ano para o PT em Mato Grosso do Sul, o deputado Vander considera que o partido, por meio da sua dire\u00e7\u00e3o, ser\u00e1 chamado a um grande debate interno. &#8220;Temos muitas coisas para discutir, avaliar e decidir. Tivemos vit\u00f3rias pol\u00edticas excepcionais este ano. O desempenho do Zeca, numa campanha do tost\u00e3o contra o milh\u00e3o, num combate desigual, foi magn\u00edfico. Ele ficou com cerca de um ter\u00e7o dos votos v\u00e1lidos. A reelei\u00e7\u00e3o do Delc\u00eddio, mais votado que o governador reeleito, a elei\u00e7\u00e3o dos estaduais e de dois federais, juntando com a vit\u00f3ria da Dilma, v\u00eam somar como ac\u00famulo para as elei\u00e7\u00f5es municipais de 2012&#8221;, constata.<\/p>\n<p>Vander, por\u00e9m, salienta ser necess\u00e1rio que o PT cuide com prioridade absoluta do seu v\u00ed\u00e9s de partido program\u00e1tico. &#8220;Nossa ess\u00eancia \u00e9 o compromisso com a busca de solu\u00e7\u00f5es estruturais para os principais problemas da sociedade, sobretudo os que geram desigualdades e concentra\u00e7\u00e3o de renda. Por isso o PT \u00e9 o partido do debate e n\u00e3o pode perder essa ess\u00eancia. O PT precisa amplificar ainda mais sua voz e se fazer melhor ouvido pela popula\u00e7\u00e3o para dizer o que pensa, para mostrar que tem propostas e solu\u00e7\u00f5es para os problemas da seguran\u00e7a p\u00fablica, do caos na sa\u00fade, das defici\u00eancias na educa\u00e7\u00e3o e no transporte, da necessidade de um planejamento eficiente para conciliar o desenvolvimento econ\u00f4mico com a sustentabilidade&#8221;, assinala o deputado.<\/p>\n<p>Se no governo Lula o Estado foi contemplado com generosas fatias de recursos federais, sua sucessora vai trilhar o mesmo caminho, opina Vander. &#8220;Quando ainda era ministra, a Dilma j\u00e1 nos dava uma aten\u00e7\u00e3o especial. Essa aten\u00e7\u00e3o se transformava em acolhida \u00e0s nossas reivindica\u00e7\u00f5es e tornou-se ainda mais efetiva com o lan\u00e7amento do PAC [Plano de Acelera\u00e7\u00e3o do Crescimento]. N\u00e3o por acaso, com o volume de dinheiro que o PAC vem injetando em Mato Grosso do Sul, diz-se que o Lula \u00e9 o grande governador do Estado. E a Dilma sempre fortaleceu essa paternidade. Na Presid\u00eancia, n\u00e3o ser\u00e1 diferente. Ali\u00e1s, ser\u00e1 melhor, n\u00e3o tenho d\u00favida alguma&#8221;, conclui.<\/p>\n<p><small>(Edson Moraes &#8211; Assessoria de Comunica\u00e7\u00e3o)<\/small><\/p>\n","protected":false},"excerpt":{"rendered":"<p>Para o deputado, com Dilma, a popula\u00e7\u00e3o optou por preservar o que est\u00e1 dando certo, mas sem perder seu n\u00edvel de exig\u00eancia.<\/p>\n","protected":false},"author":2,"featured_media":0,"comment_status":"open","ping_status":"open","sticky":false,"template":"","format":"standard","meta":{"jetpack_post_was_ever_published":false,"_jetpack_newsletter_access":"","_jetpack_dont_email_post_to_subs":false,"_jetpack_newsletter_tier_id":0,"_jetpack_memberships_contains_paywalled_content":false,"_jetpack_memberships_contains_paid_content":false,"footnotes":""},"categories":[10],"tags":[610,633,1614,1655,2035],"class_list":{"0":"post-2598","1":"post","2":"type-post","3":"status-publish","4":"format-standard","6":"category-noticias","7":"tag-deputado-federal","8":"tag-dilma-rousseff","9":"tag-presidente","10":"tag-pt","11":"tag-vander-loubet"},"yoast_head":"<!-- This site is optimized with the Yoast SEO plugin v27.4 - https:\/\/yoast.com\/product\/yoast-seo-wordpress\/ -->\n<title>Vander: Pa\u00eds optou por mais e novos avan\u00e7os<\/title>\n<meta name=\"robots\" content=\"index, follow, max-snippet:-1, max-image-preview:large, max-video-preview:-1\" \/>\n<link rel=\"canonical\" href=\"https:\/\/vanderloubet.com.br\/deputado\/vander-pais-optou-por-mais-e-novos-avancos\/\" \/>\n<meta property=\"og:locale\" content=\"pt_BR\" \/>\n<meta property=\"og:type\" content=\"article\" \/>\n<meta property=\"og:title\" content=\"Vander: Pa\u00eds optou por mais e novos avan\u00e7os\" \/>\n<meta property=\"og:description\" content=\"Para o deputado, com Dilma, a popula\u00e7\u00e3o optou por preservar o que est\u00e1 dando certo, mas sem perder seu n\u00edvel de exig\u00eancia.\" \/>\n<meta property=\"og:url\" content=\"https:\/\/vanderloubet.com.br\/deputado\/vander-pais-optou-por-mais-e-novos-avancos\/\" \/>\n<meta property=\"og:site_name\" content=\"Deputado Federal Vander Loubet\" \/>\n<meta property=\"article:publisher\" content=\"https:\/\/facebook.com\/deputadovander\" \/>\n<meta property=\"article:published_time\" content=\"2010-11-01T11:00:07+00:00\" \/>\n<meta property=\"og:image\" content=\"http:\/\/www.deputadovander.com.br\/website\/wp-content\/uploads\/2010\/10\/foto-2010-10-21-dilma-vander-300x225.jpg\" \/>\n<meta name=\"author\" content=\"\u00c9der\" \/>\n<meta name=\"twitter:card\" content=\"summary_large_image\" \/>\n<meta name=\"twitter:creator\" content=\"@vanderloubet\" \/>\n<meta name=\"twitter:site\" content=\"@vanderloubet\" \/>\n<script type=\"application\/ld+json\" class=\"yoast-schema-graph\">{\"@context\":\"https:\\\/\\\/schema.org\",\"@graph\":[{\"@type\":\"Article\",\"@id\":\"https:\\\/\\\/vanderloubet.com.br\\\/deputado\\\/vander-pais-optou-por-mais-e-novos-avancos\\\/#article\",\"isPartOf\":{\"@id\":\"https:\\\/\\\/vanderloubet.com.br\\\/deputado\\\/vander-pais-optou-por-mais-e-novos-avancos\\\/\"},\"author\":{\"name\":\"\u00c9der\",\"@id\":\"https:\\\/\\\/vanderloubet.com.br\\\/deputado\\\/#\\\/schema\\\/person\\\/15b51bd564532a8a68d9dec1b8eb890e\"},\"headline\":\"Vander: Pa\u00eds optou por mais e novos avan\u00e7os\",\"datePublished\":\"2010-11-01T11:00:07+00:00\",\"mainEntityOfPage\":{\"@id\":\"https:\\\/\\\/vanderloubet.com.br\\\/deputado\\\/vander-pais-optou-por-mais-e-novos-avancos\\\/\"},\"wordCount\":812,\"commentCount\":0,\"publisher\":{\"@id\":\"https:\\\/\\\/vanderloubet.com.br\\\/deputado\\\/#organization\"},\"image\":{\"@id\":\"https:\\\/\\\/vanderloubet.com.br\\\/deputado\\\/vander-pais-optou-por-mais-e-novos-avancos\\\/#primaryimage\"},\"thumbnailUrl\":\"http:\\\/\\\/www.deputadovander.com.br\\\/website\\\/wp-content\\\/uploads\\\/2010\\\/10\\\/foto-2010-10-21-dilma-vander-300x225.jpg\",\"keywords\":[\"deputado federal\",\"dilma rousseff\",\"presidente\",\"PT\",\"vander loubet\"],\"articleSection\":[\"Not\u00edcias\"],\"inLanguage\":\"pt-BR\",\"potentialAction\":[{\"@type\":\"CommentAction\",\"name\":\"Comment\",\"target\":[\"https:\\\/\\\/vanderloubet.com.br\\\/deputado\\\/vander-pais-optou-por-mais-e-novos-avancos\\\/#respond\"]}]},{\"@type\":\"WebPage\",\"@id\":\"https:\\\/\\\/vanderloubet.com.br\\\/deputado\\\/vander-pais-optou-por-mais-e-novos-avancos\\\/\",\"url\":\"https:\\\/\\\/vanderloubet.com.br\\\/deputado\\\/vander-pais-optou-por-mais-e-novos-avancos\\\/\",\"name\":\"Vander: Pa\u00eds optou por mais e novos avan\u00e7os\",\"isPartOf\":{\"@id\":\"https:\\\/\\\/vanderloubet.com.br\\\/deputado\\\/#website\"},\"primaryImageOfPage\":{\"@id\":\"https:\\\/\\\/vanderloubet.com.br\\\/deputado\\\/vander-pais-optou-por-mais-e-novos-avancos\\\/#primaryimage\"},\"image\":{\"@id\":\"https:\\\/\\\/vanderloubet.com.br\\\/deputado\\\/vander-pais-optou-por-mais-e-novos-avancos\\\/#primaryimage\"},\"thumbnailUrl\":\"http:\\\/\\\/www.deputadovander.com.br\\\/website\\\/wp-content\\\/uploads\\\/2010\\\/10\\\/foto-2010-10-21-dilma-vander-300x225.jpg\",\"datePublished\":\"2010-11-01T11:00:07+00:00\",\"breadcrumb\":{\"@id\":\"https:\\\/\\\/vanderloubet.com.br\\\/deputado\\\/vander-pais-optou-por-mais-e-novos-avancos\\\/#breadcrumb\"},\"inLanguage\":\"pt-BR\",\"potentialAction\":[{\"@type\":\"ReadAction\",\"target\":[\"https:\\\/\\\/vanderloubet.com.br\\\/deputado\\\/vander-pais-optou-por-mais-e-novos-avancos\\\/\"]}]},{\"@type\":\"ImageObject\",\"inLanguage\":\"pt-BR\",\"@id\":\"https:\\\/\\\/vanderloubet.com.br\\\/deputado\\\/vander-pais-optou-por-mais-e-novos-avancos\\\/#primaryimage\",\"url\":\"http:\\\/\\\/www.deputadovander.com.br\\\/website\\\/wp-content\\\/uploads\\\/2010\\\/10\\\/foto-2010-10-21-dilma-vander-300x225.jpg\",\"contentUrl\":\"http:\\\/\\\/www.deputadovander.com.br\\\/website\\\/wp-content\\\/uploads\\\/2010\\\/10\\\/foto-2010-10-21-dilma-vander-300x225.jpg\"},{\"@type\":\"BreadcrumbList\",\"@id\":\"https:\\\/\\\/vanderloubet.com.br\\\/deputado\\\/vander-pais-optou-por-mais-e-novos-avancos\\\/#breadcrumb\",\"itemListElement\":[{\"@type\":\"ListItem\",\"position\":1,\"name\":\"In\u00edcio\",\"item\":\"https:\\\/\\\/vanderloubet.com.br\\\/deputado\\\/\"},{\"@type\":\"ListItem\",\"position\":2,\"name\":\"Vander: Pa\u00eds optou por mais e novos avan\u00e7os\"}]},{\"@type\":\"WebSite\",\"@id\":\"https:\\\/\\\/vanderloubet.com.br\\\/deputado\\\/#website\",\"url\":\"https:\\\/\\\/vanderloubet.com.br\\\/deputado\\\/\",\"name\":\"Deputado Federal Vander Loubet\",\"description\":\"O Federal de MS\",\"publisher\":{\"@id\":\"https:\\\/\\\/vanderloubet.com.br\\\/deputado\\\/#organization\"},\"alternateName\":\"Deputado Vander\",\"potentialAction\":[{\"@type\":\"SearchAction\",\"target\":{\"@type\":\"EntryPoint\",\"urlTemplate\":\"https:\\\/\\\/vanderloubet.com.br\\\/deputado\\\/?s={search_term_string}\"},\"query-input\":{\"@type\":\"PropertyValueSpecification\",\"valueRequired\":true,\"valueName\":\"search_term_string\"}}],\"inLanguage\":\"pt-BR\"},{\"@type\":\"Organization\",\"@id\":\"https:\\\/\\\/vanderloubet.com.br\\\/deputado\\\/#organization\",\"name\":\"Deputado Federal Vander Loubet\",\"alternateName\":\"Deputado Vander\",\"url\":\"https:\\\/\\\/vanderloubet.com.br\\\/deputado\\\/\",\"logo\":{\"@type\":\"ImageObject\",\"inLanguage\":\"pt-BR\",\"@id\":\"https:\\\/\\\/vanderloubet.com.br\\\/deputado\\\/#\\\/schema\\\/logo\\\/image\\\/\",\"url\":\"https:\\\/\\\/vanderloubet.com.br\\\/deputado\\\/wp-content\\\/uploads\\\/2023\\\/06\\\/foto-2023-06-19-mandato-deputado-vander.jpg\",\"contentUrl\":\"https:\\\/\\\/vanderloubet.com.br\\\/deputado\\\/wp-content\\\/uploads\\\/2023\\\/06\\\/foto-2023-06-19-mandato-deputado-vander.jpg\",\"width\":1080,\"height\":1080,\"caption\":\"Deputado Federal Vander Loubet\"},\"image\":{\"@id\":\"https:\\\/\\\/vanderloubet.com.br\\\/deputado\\\/#\\\/schema\\\/logo\\\/image\\\/\"},\"sameAs\":[\"https:\\\/\\\/facebook.com\\\/deputadovander\",\"https:\\\/\\\/x.com\\\/vanderloubet\",\"https:\\\/\\\/instagram.com\\\/vanderloubet\",\"https:\\\/\\\/youtube.com\\\/vanderloubet\",\"https:\\\/\\\/tiktok.com\\\/@vanderloubetms\"]},{\"@type\":\"Person\",\"@id\":\"https:\\\/\\\/vanderloubet.com.br\\\/deputado\\\/#\\\/schema\\\/person\\\/15b51bd564532a8a68d9dec1b8eb890e\",\"name\":\"\u00c9der\",\"image\":{\"@type\":\"ImageObject\",\"inLanguage\":\"pt-BR\",\"@id\":\"https:\\\/\\\/vanderloubet.com.br\\\/deputado\\\/wp-content\\\/litespeed\\\/avatar\\\/88ca4090d9d5ab1c9495f6ca03b68efa.jpg?ver=1777058957\",\"url\":\"https:\\\/\\\/vanderloubet.com.br\\\/deputado\\\/wp-content\\\/litespeed\\\/avatar\\\/88ca4090d9d5ab1c9495f6ca03b68efa.jpg?ver=1777058957\",\"contentUrl\":\"https:\\\/\\\/vanderloubet.com.br\\\/deputado\\\/wp-content\\\/litespeed\\\/avatar\\\/88ca4090d9d5ab1c9495f6ca03b68efa.jpg?ver=1777058957\",\"caption\":\"\u00c9der\"}}]}<\/script>\n<!-- \/ Yoast SEO plugin. -->","yoast_head_json":{"title":"Vander: Pa\u00eds optou por mais e novos avan\u00e7os","robots":{"index":"index","follow":"follow","max-snippet":"max-snippet:-1","max-image-preview":"max-image-preview:large","max-video-preview":"max-video-preview:-1"},"canonical":"https:\/\/vanderloubet.com.br\/deputado\/vander-pais-optou-por-mais-e-novos-avancos\/","og_locale":"pt_BR","og_type":"article","og_title":"Vander: Pa\u00eds optou por mais e novos avan\u00e7os","og_description":"Para o deputado, com Dilma, a popula\u00e7\u00e3o optou por preservar o que est\u00e1 dando certo, mas sem perder seu n\u00edvel de exig\u00eancia.","og_url":"https:\/\/vanderloubet.com.br\/deputado\/vander-pais-optou-por-mais-e-novos-avancos\/","og_site_name":"Deputado Federal Vander Loubet","article_publisher":"https:\/\/facebook.com\/deputadovander","article_published_time":"2010-11-01T11:00:07+00:00","og_image":[{"url":"http:\/\/www.deputadovander.com.br\/website\/wp-content\/uploads\/2010\/10\/foto-2010-10-21-dilma-vander-300x225.jpg","type":"","width":"","height":""}],"author":"\u00c9der","twitter_card":"summary_large_image","twitter_creator":"@vanderloubet","twitter_site":"@vanderloubet","schema":{"@context":"https:\/\/schema.org","@graph":[{"@type":"Article","@id":"https:\/\/vanderloubet.com.br\/deputado\/vander-pais-optou-por-mais-e-novos-avancos\/#article","isPartOf":{"@id":"https:\/\/vanderloubet.com.br\/deputado\/vander-pais-optou-por-mais-e-novos-avancos\/"},"author":{"name":"\u00c9der","@id":"https:\/\/vanderloubet.com.br\/deputado\/#\/schema\/person\/15b51bd564532a8a68d9dec1b8eb890e"},"headline":"Vander: Pa\u00eds optou por mais e novos avan\u00e7os","datePublished":"2010-11-01T11:00:07+00:00","mainEntityOfPage":{"@id":"https:\/\/vanderloubet.com.br\/deputado\/vander-pais-optou-por-mais-e-novos-avancos\/"},"wordCount":812,"commentCount":0,"publisher":{"@id":"https:\/\/vanderloubet.com.br\/deputado\/#organization"},"image":{"@id":"https:\/\/vanderloubet.com.br\/deputado\/vander-pais-optou-por-mais-e-novos-avancos\/#primaryimage"},"thumbnailUrl":"http:\/\/www.deputadovander.com.br\/website\/wp-content\/uploads\/2010\/10\/foto-2010-10-21-dilma-vander-300x225.jpg","keywords":["deputado federal","dilma rousseff","presidente","PT","vander loubet"],"articleSection":["Not\u00edcias"],"inLanguage":"pt-BR","potentialAction":[{"@type":"CommentAction","name":"Comment","target":["https:\/\/vanderloubet.com.br\/deputado\/vander-pais-optou-por-mais-e-novos-avancos\/#respond"]}]},{"@type":"WebPage","@id":"https:\/\/vanderloubet.com.br\/deputado\/vander-pais-optou-por-mais-e-novos-avancos\/","url":"https:\/\/vanderloubet.com.br\/deputado\/vander-pais-optou-por-mais-e-novos-avancos\/","name":"Vander: Pa\u00eds optou por mais e novos avan\u00e7os","isPartOf":{"@id":"https:\/\/vanderloubet.com.br\/deputado\/#website"},"primaryImageOfPage":{"@id":"https:\/\/vanderloubet.com.br\/deputado\/vander-pais-optou-por-mais-e-novos-avancos\/#primaryimage"},"image":{"@id":"https:\/\/vanderloubet.com.br\/deputado\/vander-pais-optou-por-mais-e-novos-avancos\/#primaryimage"},"thumbnailUrl":"http:\/\/www.deputadovander.com.br\/website\/wp-content\/uploads\/2010\/10\/foto-2010-10-21-dilma-vander-300x225.jpg","datePublished":"2010-11-01T11:00:07+00:00","breadcrumb":{"@id":"https:\/\/vanderloubet.com.br\/deputado\/vander-pais-optou-por-mais-e-novos-avancos\/#breadcrumb"},"inLanguage":"pt-BR","potentialAction":[{"@type":"ReadAction","target":["https:\/\/vanderloubet.com.br\/deputado\/vander-pais-optou-por-mais-e-novos-avancos\/"]}]},{"@type":"ImageObject","inLanguage":"pt-BR","@id":"https:\/\/vanderloubet.com.br\/deputado\/vander-pais-optou-por-mais-e-novos-avancos\/#primaryimage","url":"http:\/\/www.deputadovander.com.br\/website\/wp-content\/uploads\/2010\/10\/foto-2010-10-21-dilma-vander-300x225.jpg","contentUrl":"http:\/\/www.deputadovander.com.br\/website\/wp-content\/uploads\/2010\/10\/foto-2010-10-21-dilma-vander-300x225.jpg"},{"@type":"BreadcrumbList","@id":"https:\/\/vanderloubet.com.br\/deputado\/vander-pais-optou-por-mais-e-novos-avancos\/#breadcrumb","itemListElement":[{"@type":"ListItem","position":1,"name":"In\u00edcio","item":"https:\/\/vanderloubet.com.br\/deputado\/"},{"@type":"ListItem","position":2,"name":"Vander: Pa\u00eds optou por mais e novos avan\u00e7os"}]},{"@type":"WebSite","@id":"https:\/\/vanderloubet.com.br\/deputado\/#website","url":"https:\/\/vanderloubet.com.br\/deputado\/","name":"Deputado Federal Vander Loubet","description":"O Federal de MS","publisher":{"@id":"https:\/\/vanderloubet.com.br\/deputado\/#organization"},"alternateName":"Deputado Vander","potentialAction":[{"@type":"SearchAction","target":{"@type":"EntryPoint","urlTemplate":"https:\/\/vanderloubet.com.br\/deputado\/?s={search_term_string}"},"query-input":{"@type":"PropertyValueSpecification","valueRequired":true,"valueName":"search_term_string"}}],"inLanguage":"pt-BR"},{"@type":"Organization","@id":"https:\/\/vanderloubet.com.br\/deputado\/#organization","name":"Deputado Federal Vander Loubet","alternateName":"Deputado Vander","url":"https:\/\/vanderloubet.com.br\/deputado\/","logo":{"@type":"ImageObject","inLanguage":"pt-BR","@id":"https:\/\/vanderloubet.com.br\/deputado\/#\/schema\/logo\/image\/","url":"https:\/\/vanderloubet.com.br\/deputado\/wp-content\/uploads\/2023\/06\/foto-2023-06-19-mandato-deputado-vander.jpg","contentUrl":"https:\/\/vanderloubet.com.br\/deputado\/wp-content\/uploads\/2023\/06\/foto-2023-06-19-mandato-deputado-vander.jpg","width":1080,"height":1080,"caption":"Deputado Federal Vander Loubet"},"image":{"@id":"https:\/\/vanderloubet.com.br\/deputado\/#\/schema\/logo\/image\/"},"sameAs":["https:\/\/facebook.com\/deputadovander","https:\/\/x.com\/vanderloubet","https:\/\/instagram.com\/vanderloubet","https:\/\/youtube.com\/vanderloubet","https:\/\/tiktok.com\/@vanderloubetms"]},{"@type":"Person","@id":"https:\/\/vanderloubet.com.br\/deputado\/#\/schema\/person\/15b51bd564532a8a68d9dec1b8eb890e","name":"\u00c9der","image":{"@type":"ImageObject","inLanguage":"pt-BR","@id":"https:\/\/vanderloubet.com.br\/deputado\/wp-content\/litespeed\/avatar\/88ca4090d9d5ab1c9495f6ca03b68efa.jpg?ver=1777058957","url":"https:\/\/vanderloubet.com.br\/deputado\/wp-content\/litespeed\/avatar\/88ca4090d9d5ab1c9495f6ca03b68efa.jpg?ver=1777058957","contentUrl":"https:\/\/vanderloubet.com.br\/deputado\/wp-content\/litespeed\/avatar\/88ca4090d9d5ab1c9495f6ca03b68efa.jpg?ver=1777058957","caption":"\u00c9der"}}]}},"jetpack_featured_media_url":"","jetpack_sharing_enabled":true,"_links":{"self":[{"href":"https:\/\/vanderloubet.com.br\/deputado\/wp-json\/wp\/v2\/posts\/2598","targetHints":{"allow":["GET"]}}],"collection":[{"href":"https:\/\/vanderloubet.com.br\/deputado\/wp-json\/wp\/v2\/posts"}],"about":[{"href":"https:\/\/vanderloubet.com.br\/deputado\/wp-json\/wp\/v2\/types\/post"}],"author":[{"embeddable":true,"href":"https:\/\/vanderloubet.com.br\/deputado\/wp-json\/wp\/v2\/users\/2"}],"replies":[{"embeddable":true,"href":"https:\/\/vanderloubet.com.br\/deputado\/wp-json\/wp\/v2\/comments?post=2598"}],"version-history":[{"count":0,"href":"https:\/\/vanderloubet.com.br\/deputado\/wp-json\/wp\/v2\/posts\/2598\/revisions"}],"wp:attachment":[{"href":"https:\/\/vanderloubet.com.br\/deputado\/wp-json\/wp\/v2\/media?parent=2598"}],"wp:term":[{"taxonomy":"category","embeddable":true,"href":"https:\/\/vanderloubet.com.br\/deputado\/wp-json\/wp\/v2\/categories?post=2598"},{"taxonomy":"post_tag","embeddable":true,"href":"https:\/\/vanderloubet.com.br\/deputado\/wp-json\/wp\/v2\/tags?post=2598"}],"curies":[{"name":"wp","href":"https:\/\/api.w.org\/{rel}","templated":true}]}}