{"id":2538,"date":"2010-10-19T16:42:59","date_gmt":"2010-10-19T20:42:59","guid":{"rendered":"http:\/\/www.deputadovander.com.br\/website\/?p=2538"},"modified":"2010-10-19T16:42:59","modified_gmt":"2010-10-19T20:42:59","slug":"a-dimensao-do-agronegocio-nos-governos-de-fhc-e-lula","status":"publish","type":"post","link":"https:\/\/vanderloubet.com.br\/deputado\/a-dimensao-do-agronegocio-nos-governos-de-fhc-e-lula\/","title":{"rendered":"A dimens\u00e3o do agroneg\u00f3cio nos governos de FHC e Lula"},"content":{"rendered":"<p>Vander Loubet*<\/p>\n<p>O presidente Lula chega ao fim do seu governo com o maior \u00edndice de aprova\u00e7\u00e3o da hist\u00f3ria: mais de 80%. Tal n\u00famero comprova que, entre outros m\u00e9ritos, o governo do PT atendeu expectativas de todos os setores da sociedade, um deles de import\u00e2ncia fundamental para o bem-estar e o progresso de Mato Grosso do Sul: o agroneg\u00f3cio.<\/p>\n<p>A produ\u00e7\u00e3o rural \u00e9 a base do crescimento do Brasil. \u00c9 com essa dimens\u00e3o que os produtores s\u00e3o vistos pelo governo Lula e recebem dele o melhor tratamento j\u00e1 dedicado \u00e0 classe por um presidente da Rep\u00fablica.<\/p>\n<p>Em 2003, herdamos do governo do PSDB um pa\u00eds com produ\u00e7\u00e3o de 85 milh\u00f5es de toneladas de gr\u00e3os e agricultores sem cr\u00e9dito, sem recursos para plantar, pois n\u00e3o podiam renegociar suas d\u00edvidas. Na pecu\u00e1ria, a arroba do boi oscilava na casa dos 20 d\u00f3lares. Muitos diziam que um governo petista iria complicar mais as coisas.<\/p>\n<p>Ciente da import\u00e2ncia do agroneg\u00f3cio e respeitando o suor e o ideal de cada produtor, Lula p\u00f4s no comando do Minist\u00e9rio da Agricultura, Pecu\u00e1ria e Abastecimento dois homens comprometidos com as causas do setor produtivo: primeiro Roberto Rodrigues, sucedido por Reinhold Stephanes. Resultado: a produ\u00e7\u00e3o agr\u00edcola quase dobrou &#8211; saltou para 165 milh\u00f5es de toneladas &#8211; e a arroba passou dos 50 d\u00f3lares!<\/p>\n<figure id=\"attachment_2539\" aria-describedby=\"caption-attachment-2539\" style=\"width: 300px\" class=\"wp-caption aligncenter\"><a href=\"http:\/\/www.deputadovander.com.br\/website\/wp-content\/uploads\/2010\/10\/foto-2010-10-19-agronegocio-brasil.jpg\"><img decoding=\"async\" class=\"size-medium wp-image-2539\" title=\"foto-2010-10-19-agronegocio-brasil\" src=\"http:\/\/www.deputadovander.com.br\/website\/wp-content\/uploads\/2010\/10\/foto-2010-10-19-agronegocio-brasil-300x225.jpg\" alt=\"Governo Lula foi positivo para pequeno e grande produtor\" width=\"300\" height=\"225\" \/><\/a><figcaption id=\"caption-attachment-2539\" class=\"wp-caption-text\">Governo Lula foi positivo para pequeno e grande produtor<\/figcaption><\/figure>\n<p>Este salto extraordin\u00e1rio, que nos coloca como os maiores exportadores de prote\u00ednas do mundo, s\u00f3 foi poss\u00edvel porque houve uma jun\u00e7\u00e3o de compet\u00eancias nas a\u00e7\u00f5es e objetivos entre produtores, t\u00e9cnicos, pol\u00edticas corretas e um governo comprometido com as aspira\u00e7\u00f5es dos produtores e, por extens\u00e3o, de todo o povo brasileiro.<\/p>\n<p>\u00c9 necess\u00e1rio observar que o fortalecimento do mercado interno possibilitou o consumo de grande parte da nossa produ\u00e7\u00e3o. Enquanto o mundo debate-se em meio a graves crises, os trabalhadores brasileiros aumentam sua renda, t\u00eam emprego e consomem como nunca nossa produ\u00e7\u00e3o de carnes e gr\u00e3os.<\/p>\n<p>Que o agroneg\u00f3cio melhorou, os n\u00fameros comprovam. S\u00f3 n\u00e3o v\u00ea quem n\u00e3o quer. Sinto-me feliz por ter participado de forma intensa e decidida, como deputado federal, dessa revolu\u00e7\u00e3o rural para pequenos e grandes produtores. O Brasil avan\u00e7a gra\u00e7as \u00e0 for\u00e7a e ao ideal dos homens e mulheres do campo, que continuar\u00e3o tendo todo nosso apoio.<\/p>\n<p>Evidente: h\u00e1 desafios no campo que precisam ser solucionados, entre os quais as demarca\u00e7\u00f5es de terras ind\u00edgenas, a reforma agr\u00e1ria e o novo c\u00f3digo florestal. S\u00e3o desafios cujas respostas &#8211; baseadas nas normas constitucionais, no respeito \u00e0 propriedade produtiva e aos direitos consolidados &#8211; est\u00e3o sendo e ser\u00e3o dadas por um governo que governa para todos e age em busca do desenvolvimento sustent\u00e1vel e da paz no campo.<\/p>\n<p>Ao homem do campo n\u00e3o faltaram e n\u00e3o faltar\u00e3o o apoio e o reconhecimento do governo do PT. Prova disso \u00e9 que o setor rural recebeu mais de 150 bilh\u00f5es de reais para financiar a safra, cinco vezes mais que os 28 bilh\u00f5es de reais destinados pelo governo do PSDB.<\/p>\n<p>Por fim, ressalte-se que, ao contr\u00e1rio das previs\u00f5es de mau agouro feitas antes da posse de Lula, foi justamente no governo do PT que as entidades ruralistas mais se fortaleceram e tiveram do presidente o reconhecimento de sua import\u00e2ncia pol\u00edtica, institucional e social neste novo, moderno e democr\u00e1tico mosaico social que projeta o Brasil entre as maiores na\u00e7\u00f5es do planeta.<\/p>\n<p>*Deputado Federal (PT-MS)<\/p>\n","protected":false},"excerpt":{"rendered":"<p>Neste artigo, Vander destaca o quanto o agroneg\u00f3cio cresceu e recebeu aten\u00e7\u00e3o na gest\u00e3o do PT e do presidente Lula.<\/p>\n","protected":false},"author":2,"featured_media":0,"comment_status":"open","ping_status":"open","sticky":false,"template":"","format":"standard","meta":{"jetpack_post_was_ever_published":false,"_jetpack_newsletter_access":"","_jetpack_dont_email_post_to_subs":false,"_jetpack_newsletter_tier_id":0,"_jetpack_memberships_contains_paywalled_content":false,"_jetpack_memberships_contains_paid_content":false,"footnotes":""},"categories":[11],"tags":[70,73,186,834,1189,1516,1651,1655,2035],"class_list":{"0":"post-2538","1":"post","2":"type-post","3":"status-publish","4":"format-standard","6":"category-opinioes","7":"tag-agricultura","8":"tag-agronegocio","9":"tag-artigo","10":"tag-fhc","11":"tag-lula","12":"tag-pecuaria","13":"tag-psdb","14":"tag-pt","15":"tag-vander-loubet"},"yoast_head":"<!-- This site is optimized with the Yoast SEO plugin v27.4 - https:\/\/yoast.com\/product\/yoast-seo-wordpress\/ -->\n<title>A dimens\u00e3o do agroneg\u00f3cio nos governos de FHC e Lula<\/title>\n<meta name=\"robots\" content=\"index, follow, max-snippet:-1, max-image-preview:large, max-video-preview:-1\" \/>\n<link rel=\"canonical\" href=\"https:\/\/vanderloubet.com.br\/deputado\/a-dimensao-do-agronegocio-nos-governos-de-fhc-e-lula\/\" \/>\n<meta property=\"og:locale\" content=\"pt_BR\" \/>\n<meta property=\"og:type\" content=\"article\" \/>\n<meta property=\"og:title\" content=\"A dimens\u00e3o do agroneg\u00f3cio nos governos de FHC e Lula\" \/>\n<meta property=\"og:description\" content=\"Neste artigo, Vander destaca o quanto o agroneg\u00f3cio cresceu e recebeu aten\u00e7\u00e3o na gest\u00e3o do PT e do presidente Lula.\" \/>\n<meta property=\"og:url\" content=\"https:\/\/vanderloubet.com.br\/deputado\/a-dimensao-do-agronegocio-nos-governos-de-fhc-e-lula\/\" \/>\n<meta property=\"og:site_name\" content=\"Deputado Federal Vander Loubet\" \/>\n<meta property=\"article:publisher\" content=\"https:\/\/facebook.com\/deputadovander\" \/>\n<meta property=\"article:published_time\" content=\"2010-10-19T20:42:59+00:00\" \/>\n<meta property=\"og:image\" content=\"http:\/\/www.deputadovander.com.br\/website\/wp-content\/uploads\/2010\/10\/foto-2010-10-19-agronegocio-brasil-300x225.jpg\" \/>\n<meta name=\"author\" content=\"\u00c9der\" \/>\n<meta name=\"twitter:card\" content=\"summary_large_image\" \/>\n<meta name=\"twitter:creator\" content=\"@vanderloubet\" \/>\n<meta name=\"twitter:site\" content=\"@vanderloubet\" \/>\n<script type=\"application\/ld+json\" class=\"yoast-schema-graph\">{\"@context\":\"https:\\\/\\\/schema.org\",\"@graph\":[{\"@type\":\"Article\",\"@id\":\"https:\\\/\\\/vanderloubet.com.br\\\/deputado\\\/a-dimensao-do-agronegocio-nos-governos-de-fhc-e-lula\\\/#article\",\"isPartOf\":{\"@id\":\"https:\\\/\\\/vanderloubet.com.br\\\/deputado\\\/a-dimensao-do-agronegocio-nos-governos-de-fhc-e-lula\\\/\"},\"author\":{\"name\":\"\u00c9der\",\"@id\":\"https:\\\/\\\/vanderloubet.com.br\\\/deputado\\\/#\\\/schema\\\/person\\\/15b51bd564532a8a68d9dec1b8eb890e\"},\"headline\":\"A dimens\u00e3o do agroneg\u00f3cio nos governos de FHC e Lula\",\"datePublished\":\"2010-10-19T20:42:59+00:00\",\"mainEntityOfPage\":{\"@id\":\"https:\\\/\\\/vanderloubet.com.br\\\/deputado\\\/a-dimensao-do-agronegocio-nos-governos-de-fhc-e-lula\\\/\"},\"wordCount\":629,\"commentCount\":0,\"publisher\":{\"@id\":\"https:\\\/\\\/vanderloubet.com.br\\\/deputado\\\/#organization\"},\"image\":{\"@id\":\"https:\\\/\\\/vanderloubet.com.br\\\/deputado\\\/a-dimensao-do-agronegocio-nos-governos-de-fhc-e-lula\\\/#primaryimage\"},\"thumbnailUrl\":\"http:\\\/\\\/www.deputadovander.com.br\\\/website\\\/wp-content\\\/uploads\\\/2010\\\/10\\\/foto-2010-10-19-agronegocio-brasil-300x225.jpg\",\"keywords\":[\"agricultura\",\"agroneg\u00f3cio\",\"artigo\",\"fhc\",\"lula\",\"pecu\u00e1ria\",\"psdb\",\"PT\",\"vander loubet\"],\"articleSection\":[\"Opini\u00e3o\"],\"inLanguage\":\"pt-BR\",\"potentialAction\":[{\"@type\":\"CommentAction\",\"name\":\"Comment\",\"target\":[\"https:\\\/\\\/vanderloubet.com.br\\\/deputado\\\/a-dimensao-do-agronegocio-nos-governos-de-fhc-e-lula\\\/#respond\"]}]},{\"@type\":\"WebPage\",\"@id\":\"https:\\\/\\\/vanderloubet.com.br\\\/deputado\\\/a-dimensao-do-agronegocio-nos-governos-de-fhc-e-lula\\\/\",\"url\":\"https:\\\/\\\/vanderloubet.com.br\\\/deputado\\\/a-dimensao-do-agronegocio-nos-governos-de-fhc-e-lula\\\/\",\"name\":\"A dimens\u00e3o do agroneg\u00f3cio nos governos de FHC e Lula\",\"isPartOf\":{\"@id\":\"https:\\\/\\\/vanderloubet.com.br\\\/deputado\\\/#website\"},\"primaryImageOfPage\":{\"@id\":\"https:\\\/\\\/vanderloubet.com.br\\\/deputado\\\/a-dimensao-do-agronegocio-nos-governos-de-fhc-e-lula\\\/#primaryimage\"},\"image\":{\"@id\":\"https:\\\/\\\/vanderloubet.com.br\\\/deputado\\\/a-dimensao-do-agronegocio-nos-governos-de-fhc-e-lula\\\/#primaryimage\"},\"thumbnailUrl\":\"http:\\\/\\\/www.deputadovander.com.br\\\/website\\\/wp-content\\\/uploads\\\/2010\\\/10\\\/foto-2010-10-19-agronegocio-brasil-300x225.jpg\",\"datePublished\":\"2010-10-19T20:42:59+00:00\",\"breadcrumb\":{\"@id\":\"https:\\\/\\\/vanderloubet.com.br\\\/deputado\\\/a-dimensao-do-agronegocio-nos-governos-de-fhc-e-lula\\\/#breadcrumb\"},\"inLanguage\":\"pt-BR\",\"potentialAction\":[{\"@type\":\"ReadAction\",\"target\":[\"https:\\\/\\\/vanderloubet.com.br\\\/deputado\\\/a-dimensao-do-agronegocio-nos-governos-de-fhc-e-lula\\\/\"]}]},{\"@type\":\"ImageObject\",\"inLanguage\":\"pt-BR\",\"@id\":\"https:\\\/\\\/vanderloubet.com.br\\\/deputado\\\/a-dimensao-do-agronegocio-nos-governos-de-fhc-e-lula\\\/#primaryimage\",\"url\":\"http:\\\/\\\/www.deputadovander.com.br\\\/website\\\/wp-content\\\/uploads\\\/2010\\\/10\\\/foto-2010-10-19-agronegocio-brasil-300x225.jpg\",\"contentUrl\":\"http:\\\/\\\/www.deputadovander.com.br\\\/website\\\/wp-content\\\/uploads\\\/2010\\\/10\\\/foto-2010-10-19-agronegocio-brasil-300x225.jpg\"},{\"@type\":\"BreadcrumbList\",\"@id\":\"https:\\\/\\\/vanderloubet.com.br\\\/deputado\\\/a-dimensao-do-agronegocio-nos-governos-de-fhc-e-lula\\\/#breadcrumb\",\"itemListElement\":[{\"@type\":\"ListItem\",\"position\":1,\"name\":\"In\u00edcio\",\"item\":\"https:\\\/\\\/vanderloubet.com.br\\\/deputado\\\/\"},{\"@type\":\"ListItem\",\"position\":2,\"name\":\"A dimens\u00e3o do agroneg\u00f3cio nos governos de FHC e Lula\"}]},{\"@type\":\"WebSite\",\"@id\":\"https:\\\/\\\/vanderloubet.com.br\\\/deputado\\\/#website\",\"url\":\"https:\\\/\\\/vanderloubet.com.br\\\/deputado\\\/\",\"name\":\"Deputado Federal Vander Loubet\",\"description\":\"O Federal de MS\",\"publisher\":{\"@id\":\"https:\\\/\\\/vanderloubet.com.br\\\/deputado\\\/#organization\"},\"alternateName\":\"Deputado Vander\",\"potentialAction\":[{\"@type\":\"SearchAction\",\"target\":{\"@type\":\"EntryPoint\",\"urlTemplate\":\"https:\\\/\\\/vanderloubet.com.br\\\/deputado\\\/?s={search_term_string}\"},\"query-input\":{\"@type\":\"PropertyValueSpecification\",\"valueRequired\":true,\"valueName\":\"search_term_string\"}}],\"inLanguage\":\"pt-BR\"},{\"@type\":\"Organization\",\"@id\":\"https:\\\/\\\/vanderloubet.com.br\\\/deputado\\\/#organization\",\"name\":\"Deputado Federal Vander Loubet\",\"alternateName\":\"Deputado Vander\",\"url\":\"https:\\\/\\\/vanderloubet.com.br\\\/deputado\\\/\",\"logo\":{\"@type\":\"ImageObject\",\"inLanguage\":\"pt-BR\",\"@id\":\"https:\\\/\\\/vanderloubet.com.br\\\/deputado\\\/#\\\/schema\\\/logo\\\/image\\\/\",\"url\":\"https:\\\/\\\/vanderloubet.com.br\\\/deputado\\\/wp-content\\\/uploads\\\/2023\\\/06\\\/foto-2023-06-19-mandato-deputado-vander.jpg\",\"contentUrl\":\"https:\\\/\\\/vanderloubet.com.br\\\/deputado\\\/wp-content\\\/uploads\\\/2023\\\/06\\\/foto-2023-06-19-mandato-deputado-vander.jpg\",\"width\":1080,\"height\":1080,\"caption\":\"Deputado Federal Vander Loubet\"},\"image\":{\"@id\":\"https:\\\/\\\/vanderloubet.com.br\\\/deputado\\\/#\\\/schema\\\/logo\\\/image\\\/\"},\"sameAs\":[\"https:\\\/\\\/facebook.com\\\/deputadovander\",\"https:\\\/\\\/x.com\\\/vanderloubet\",\"https:\\\/\\\/instagram.com\\\/vanderloubet\",\"https:\\\/\\\/youtube.com\\\/vanderloubet\",\"https:\\\/\\\/tiktok.com\\\/@vanderloubetms\"]},{\"@type\":\"Person\",\"@id\":\"https:\\\/\\\/vanderloubet.com.br\\\/deputado\\\/#\\\/schema\\\/person\\\/15b51bd564532a8a68d9dec1b8eb890e\",\"name\":\"\u00c9der\",\"image\":{\"@type\":\"ImageObject\",\"inLanguage\":\"pt-BR\",\"@id\":\"https:\\\/\\\/vanderloubet.com.br\\\/deputado\\\/wp-content\\\/litespeed\\\/avatar\\\/88ca4090d9d5ab1c9495f6ca03b68efa.jpg?ver=1777058957\",\"url\":\"https:\\\/\\\/vanderloubet.com.br\\\/deputado\\\/wp-content\\\/litespeed\\\/avatar\\\/88ca4090d9d5ab1c9495f6ca03b68efa.jpg?ver=1777058957\",\"contentUrl\":\"https:\\\/\\\/vanderloubet.com.br\\\/deputado\\\/wp-content\\\/litespeed\\\/avatar\\\/88ca4090d9d5ab1c9495f6ca03b68efa.jpg?ver=1777058957\",\"caption\":\"\u00c9der\"}}]}<\/script>\n<!-- \/ Yoast SEO plugin. -->","yoast_head_json":{"title":"A dimens\u00e3o do agroneg\u00f3cio nos governos de FHC e Lula","robots":{"index":"index","follow":"follow","max-snippet":"max-snippet:-1","max-image-preview":"max-image-preview:large","max-video-preview":"max-video-preview:-1"},"canonical":"https:\/\/vanderloubet.com.br\/deputado\/a-dimensao-do-agronegocio-nos-governos-de-fhc-e-lula\/","og_locale":"pt_BR","og_type":"article","og_title":"A dimens\u00e3o do agroneg\u00f3cio nos governos de FHC e Lula","og_description":"Neste artigo, Vander destaca o quanto o agroneg\u00f3cio cresceu e recebeu aten\u00e7\u00e3o na gest\u00e3o do PT e do presidente Lula.","og_url":"https:\/\/vanderloubet.com.br\/deputado\/a-dimensao-do-agronegocio-nos-governos-de-fhc-e-lula\/","og_site_name":"Deputado Federal Vander Loubet","article_publisher":"https:\/\/facebook.com\/deputadovander","article_published_time":"2010-10-19T20:42:59+00:00","og_image":[{"url":"http:\/\/www.deputadovander.com.br\/website\/wp-content\/uploads\/2010\/10\/foto-2010-10-19-agronegocio-brasil-300x225.jpg","type":"","width":"","height":""}],"author":"\u00c9der","twitter_card":"summary_large_image","twitter_creator":"@vanderloubet","twitter_site":"@vanderloubet","schema":{"@context":"https:\/\/schema.org","@graph":[{"@type":"Article","@id":"https:\/\/vanderloubet.com.br\/deputado\/a-dimensao-do-agronegocio-nos-governos-de-fhc-e-lula\/#article","isPartOf":{"@id":"https:\/\/vanderloubet.com.br\/deputado\/a-dimensao-do-agronegocio-nos-governos-de-fhc-e-lula\/"},"author":{"name":"\u00c9der","@id":"https:\/\/vanderloubet.com.br\/deputado\/#\/schema\/person\/15b51bd564532a8a68d9dec1b8eb890e"},"headline":"A dimens\u00e3o do agroneg\u00f3cio nos governos de FHC e Lula","datePublished":"2010-10-19T20:42:59+00:00","mainEntityOfPage":{"@id":"https:\/\/vanderloubet.com.br\/deputado\/a-dimensao-do-agronegocio-nos-governos-de-fhc-e-lula\/"},"wordCount":629,"commentCount":0,"publisher":{"@id":"https:\/\/vanderloubet.com.br\/deputado\/#organization"},"image":{"@id":"https:\/\/vanderloubet.com.br\/deputado\/a-dimensao-do-agronegocio-nos-governos-de-fhc-e-lula\/#primaryimage"},"thumbnailUrl":"http:\/\/www.deputadovander.com.br\/website\/wp-content\/uploads\/2010\/10\/foto-2010-10-19-agronegocio-brasil-300x225.jpg","keywords":["agricultura","agroneg\u00f3cio","artigo","fhc","lula","pecu\u00e1ria","psdb","PT","vander loubet"],"articleSection":["Opini\u00e3o"],"inLanguage":"pt-BR","potentialAction":[{"@type":"CommentAction","name":"Comment","target":["https:\/\/vanderloubet.com.br\/deputado\/a-dimensao-do-agronegocio-nos-governos-de-fhc-e-lula\/#respond"]}]},{"@type":"WebPage","@id":"https:\/\/vanderloubet.com.br\/deputado\/a-dimensao-do-agronegocio-nos-governos-de-fhc-e-lula\/","url":"https:\/\/vanderloubet.com.br\/deputado\/a-dimensao-do-agronegocio-nos-governos-de-fhc-e-lula\/","name":"A dimens\u00e3o do agroneg\u00f3cio nos governos de FHC e Lula","isPartOf":{"@id":"https:\/\/vanderloubet.com.br\/deputado\/#website"},"primaryImageOfPage":{"@id":"https:\/\/vanderloubet.com.br\/deputado\/a-dimensao-do-agronegocio-nos-governos-de-fhc-e-lula\/#primaryimage"},"image":{"@id":"https:\/\/vanderloubet.com.br\/deputado\/a-dimensao-do-agronegocio-nos-governos-de-fhc-e-lula\/#primaryimage"},"thumbnailUrl":"http:\/\/www.deputadovander.com.br\/website\/wp-content\/uploads\/2010\/10\/foto-2010-10-19-agronegocio-brasil-300x225.jpg","datePublished":"2010-10-19T20:42:59+00:00","breadcrumb":{"@id":"https:\/\/vanderloubet.com.br\/deputado\/a-dimensao-do-agronegocio-nos-governos-de-fhc-e-lula\/#breadcrumb"},"inLanguage":"pt-BR","potentialAction":[{"@type":"ReadAction","target":["https:\/\/vanderloubet.com.br\/deputado\/a-dimensao-do-agronegocio-nos-governos-de-fhc-e-lula\/"]}]},{"@type":"ImageObject","inLanguage":"pt-BR","@id":"https:\/\/vanderloubet.com.br\/deputado\/a-dimensao-do-agronegocio-nos-governos-de-fhc-e-lula\/#primaryimage","url":"http:\/\/www.deputadovander.com.br\/website\/wp-content\/uploads\/2010\/10\/foto-2010-10-19-agronegocio-brasil-300x225.jpg","contentUrl":"http:\/\/www.deputadovander.com.br\/website\/wp-content\/uploads\/2010\/10\/foto-2010-10-19-agronegocio-brasil-300x225.jpg"},{"@type":"BreadcrumbList","@id":"https:\/\/vanderloubet.com.br\/deputado\/a-dimensao-do-agronegocio-nos-governos-de-fhc-e-lula\/#breadcrumb","itemListElement":[{"@type":"ListItem","position":1,"name":"In\u00edcio","item":"https:\/\/vanderloubet.com.br\/deputado\/"},{"@type":"ListItem","position":2,"name":"A dimens\u00e3o do agroneg\u00f3cio nos governos de FHC e Lula"}]},{"@type":"WebSite","@id":"https:\/\/vanderloubet.com.br\/deputado\/#website","url":"https:\/\/vanderloubet.com.br\/deputado\/","name":"Deputado Federal Vander Loubet","description":"O Federal de MS","publisher":{"@id":"https:\/\/vanderloubet.com.br\/deputado\/#organization"},"alternateName":"Deputado Vander","potentialAction":[{"@type":"SearchAction","target":{"@type":"EntryPoint","urlTemplate":"https:\/\/vanderloubet.com.br\/deputado\/?s={search_term_string}"},"query-input":{"@type":"PropertyValueSpecification","valueRequired":true,"valueName":"search_term_string"}}],"inLanguage":"pt-BR"},{"@type":"Organization","@id":"https:\/\/vanderloubet.com.br\/deputado\/#organization","name":"Deputado Federal Vander Loubet","alternateName":"Deputado Vander","url":"https:\/\/vanderloubet.com.br\/deputado\/","logo":{"@type":"ImageObject","inLanguage":"pt-BR","@id":"https:\/\/vanderloubet.com.br\/deputado\/#\/schema\/logo\/image\/","url":"https:\/\/vanderloubet.com.br\/deputado\/wp-content\/uploads\/2023\/06\/foto-2023-06-19-mandato-deputado-vander.jpg","contentUrl":"https:\/\/vanderloubet.com.br\/deputado\/wp-content\/uploads\/2023\/06\/foto-2023-06-19-mandato-deputado-vander.jpg","width":1080,"height":1080,"caption":"Deputado Federal Vander Loubet"},"image":{"@id":"https:\/\/vanderloubet.com.br\/deputado\/#\/schema\/logo\/image\/"},"sameAs":["https:\/\/facebook.com\/deputadovander","https:\/\/x.com\/vanderloubet","https:\/\/instagram.com\/vanderloubet","https:\/\/youtube.com\/vanderloubet","https:\/\/tiktok.com\/@vanderloubetms"]},{"@type":"Person","@id":"https:\/\/vanderloubet.com.br\/deputado\/#\/schema\/person\/15b51bd564532a8a68d9dec1b8eb890e","name":"\u00c9der","image":{"@type":"ImageObject","inLanguage":"pt-BR","@id":"https:\/\/vanderloubet.com.br\/deputado\/wp-content\/litespeed\/avatar\/88ca4090d9d5ab1c9495f6ca03b68efa.jpg?ver=1777058957","url":"https:\/\/vanderloubet.com.br\/deputado\/wp-content\/litespeed\/avatar\/88ca4090d9d5ab1c9495f6ca03b68efa.jpg?ver=1777058957","contentUrl":"https:\/\/vanderloubet.com.br\/deputado\/wp-content\/litespeed\/avatar\/88ca4090d9d5ab1c9495f6ca03b68efa.jpg?ver=1777058957","caption":"\u00c9der"}}]}},"jetpack_featured_media_url":"","jetpack_sharing_enabled":true,"_links":{"self":[{"href":"https:\/\/vanderloubet.com.br\/deputado\/wp-json\/wp\/v2\/posts\/2538","targetHints":{"allow":["GET"]}}],"collection":[{"href":"https:\/\/vanderloubet.com.br\/deputado\/wp-json\/wp\/v2\/posts"}],"about":[{"href":"https:\/\/vanderloubet.com.br\/deputado\/wp-json\/wp\/v2\/types\/post"}],"author":[{"embeddable":true,"href":"https:\/\/vanderloubet.com.br\/deputado\/wp-json\/wp\/v2\/users\/2"}],"replies":[{"embeddable":true,"href":"https:\/\/vanderloubet.com.br\/deputado\/wp-json\/wp\/v2\/comments?post=2538"}],"version-history":[{"count":0,"href":"https:\/\/vanderloubet.com.br\/deputado\/wp-json\/wp\/v2\/posts\/2538\/revisions"}],"wp:attachment":[{"href":"https:\/\/vanderloubet.com.br\/deputado\/wp-json\/wp\/v2\/media?parent=2538"}],"wp:term":[{"taxonomy":"category","embeddable":true,"href":"https:\/\/vanderloubet.com.br\/deputado\/wp-json\/wp\/v2\/categories?post=2538"},{"taxonomy":"post_tag","embeddable":true,"href":"https:\/\/vanderloubet.com.br\/deputado\/wp-json\/wp\/v2\/tags?post=2538"}],"curies":[{"name":"wp","href":"https:\/\/api.w.org\/{rel}","templated":true}]}}