{"id":239,"date":"2010-03-02T16:19:25","date_gmt":"2010-03-02T20:19:25","guid":{"rendered":"http:\/\/www.deputadovander.com.br\/website\/?p=239"},"modified":"2010-03-02T16:19:25","modified_gmt":"2010-03-02T20:19:25","slug":"vander-reforca-apelo-ao-planalto-por-ajuda-a-campo-grande","status":"publish","type":"post","link":"https:\/\/vanderloubet.com.br\/deputado\/vander-reforca-apelo-ao-planalto-por-ajuda-a-campo-grande\/","title":{"rendered":"Vander refor\u00e7a apelo ao Planalto por ajuda a Campo Grande"},"content":{"rendered":"<p style=\"text-align: center;\">\n<figure id=\"attachment_240\" aria-describedby=\"caption-attachment-240\" style=\"width: 300px\" class=\"wp-caption aligncenter\"><a href=\"http:\/\/deputadovander.com.br\/website\/wp-content\/uploads\/2010\/03\/foto-2010-03-02-discurso-brasilia1.jpg\" target=\"_blank\"><img decoding=\"async\" class=\"size-medium wp-image-240 \" title=\"foto-2010-03-02-discurso-brasilia\" src=\"http:\/\/www.deputadovander.com.br\/website\/wp-content\/uploads\/2010\/03\/foto-2010-03-02-discurso-brasilia-300x225.jpg\" alt=\"Deputado Vander em Bras\u00edlia\" width=\"300\" height=\"225\" \/><\/a><figcaption id=\"caption-attachment-240\" class=\"wp-caption-text\">Deputado Vander em Bras\u00edlia<\/figcaption><\/figure>\n<p>O deputado federal Vander Loubet considera imprescind\u00edvel o apoio do Governo Federal \u00e0s reivindica\u00e7\u00f5es do prefeito Nelson Trad Filho para recuperar as principais regi\u00f5es abaladas pelos temporais que v\u00eam castigando Campo Grande. Em pronunciamento na C\u00e2mara, o petista disse estar somando sua voz \u00e0 dos demais congressistas sulmatogrossenses que se mobilizam para reivindicar dos minist\u00e9rios o socorro reclamado pela cidade.<\/p>\n<p>Depois de lembrar que o prefeito decretou situa\u00e7\u00e3o de emerg\u00eancia e que os preju\u00edzos materiais est\u00e3o estimados, inicialmente, em mais de R$ 20 milh\u00f5es, Vander considerou que as necessidades da capital &#8220;s\u00e3o leg\u00edtimas, inadi\u00e1veis, e requerem a aten\u00e7\u00e3o urgente e priorit\u00e1ria dos poderes p\u00fablicos&#8221;.<\/p>\n<p>Ao observar que a Prefeitura e o Governo do Estado est\u00e3o fazendo sua parte nos trabalhos de recupera\u00e7\u00e3o e reconstru\u00e7\u00e3o, Vander chama a aten\u00e7\u00e3o para os estragos cuja magnitude torna inevit\u00e1vel recorrer ao apoio do Governo Federal, um governo que, ao seu ver, &#8220;tem se mostrado sens\u00edvel e solid\u00e1rio \u00e0s diferentes calamidades que castigaram e castigam estados brasileiros e at\u00e9 o exterior&#8221;.<\/p>\n<p>Por fim, Vander justifica sua confian\u00e7a nas respostas positivas ao apelo de Campo Grande por entender que o Brasil \u00e9 hoje uma Na\u00e7\u00e3o com estabilidade e f\u00f4lego para prestar esse tipo de aux\u00edlio emergencial. &#8220;Temos um governo que conseguiu reerguer a Na\u00e7\u00e3o, retomar o crescimento, consolidar a solidez econ\u00f4mica e fazer a inclus\u00e3o social. Estas conquistas, interligadas por um mesmo conceito de afirma\u00e7\u00e3o pol\u00edtica e de gest\u00e3o democr\u00e1tica e competente do poder, \u00e9 que t\u00eam permitido ao Brasil valer-se de um caixa de reserva solid\u00e1ria, com a qual socorre interna e externamente os povos atingidos por cat\u00e1strofes&#8221;, enfatizou.<\/p>\n<p>Confira o pronunciamento de Vander:<\/p>\n<blockquote><p>Senhor presidente, senhoras e senhores parlamentares, o prefeito de Campo Grande, Nelson Trad Filho, do PMDB, acaba de decretar situa\u00e7\u00e3o de emerg\u00eancia em virtude dos estragos causados pelos temporais que castigam toda a cidade, desabrigando e ferindo pessoas, provocando danos materiais que, em princ\u00edpio, est\u00e3o calculados em mais de 20 milh\u00f5es de reais.<\/p>\n<p>Quero juntar minha voz \u00e0s vozes dos demais colegas da bancada de Mato Grosso do Sul e refor\u00e7ar o apelo do prefeito e das demais autoridades campograndenses, no sentido de sensibilizar o governo federal para que socorra a nossa capital nas suas necessidades, que s\u00e3o leg\u00edtimas, inadi\u00e1veis, e requerem a aten\u00e7\u00e3o urgente e priorit\u00e1ria dos poderes p\u00fablicos.<\/p>\n<p>Todos os esfor\u00e7os est\u00e3o sendo mobilizados nos \u00e2mbitos municipal e estadual, por\u00e9m insuficientes, diante de magnitude dos estragos, o que torna inevit\u00e1vel recorrer ao apoio do governo federal, que se tem mostrado sens\u00edvel e solid\u00e1rio \u00e0s diferentes calamidades que castigaram e castigam estados brasileiros e at\u00e9 o exterior.<\/p>\n<p>Vale ressaltar que, felizmente, e gra\u00e7as a Deus e ao povo, temos um governo que conseguiu reerguer a Na\u00e7\u00e3o, retomar o crescimento, consolidar a solidez econ\u00f4mica e fazer a inclus\u00e3o social. Estas conquistas, interligadas por um mesmo conceito de afirma\u00e7\u00e3o pol\u00edtica e de gest\u00e3o democr\u00e1tica e competente do poder, \u00e9 que t\u00eam permitido ao Brasil valer-se de um caixa de reserva solid\u00e1ria, com a qual socorre interna e externamente os povos atingidos por cat\u00e1strofes.<\/p>\n<p>Este \u00e9 um Brasil que nos orgulha, um Brasil que nos renova a confian\u00e7a e a certeza de que a esperan\u00e7a venceu o medo e plantou ra\u00edzes de prosperidade e desenvolvimento sustent\u00e1vel em solo bom.<\/p>\n<p>Campo Grande precisa, neste momento, em especial, desse olhar espec\u00edfico para curar feridas e recuperar-se de preju\u00edzos ocasionados pelos temporais. E, como se sabe, depois da tempestade, h\u00e1 de vir a bonan\u00e7a, e com ela, o bem-estar e a felicidade de um povo que trabalha com afinco e dignidade na constru\u00e7\u00e3o de seu amanh\u00e3.<\/p>\n<p>Muito obrigado!<\/p><\/blockquote>\n","protected":false},"excerpt":{"rendered":"<p>O petista disse estar somando sua voz \u00e0 dos demais congressistas de MS que se mobilizam para reivindicar dos minist\u00e9rios socorro \u00e0 capital.<\/p>\n","protected":false},"author":2,"featured_media":0,"comment_status":"closed","ping_status":"open","sticky":false,"template":"","format":"standard","meta":{"jetpack_post_was_ever_published":false,"_jetpack_newsletter_access":"","_jetpack_dont_email_post_to_subs":false,"_jetpack_newsletter_tier_id":0,"_jetpack_memberships_contains_paywalled_content":false,"_jetpack_memberships_contains_paid_content":false,"footnotes":""},"categories":[10],"tags":[342,437,504,717,2035],"class_list":{"0":"post-239","1":"post","2":"type-post","3":"status-publish","4":"format-standard","6":"category-noticias","7":"tag-campo-grande","8":"tag-chuvas","9":"tag-congresso-nacional","10":"tag-enchentes","11":"tag-vander-loubet"},"yoast_head":"<!-- This site is optimized with the Yoast SEO plugin v27.4 - https:\/\/yoast.com\/product\/yoast-seo-wordpress\/ -->\n<title>Vander refor\u00e7a apelo ao Planalto por ajuda a Campo Grande<\/title>\n<meta name=\"robots\" content=\"index, follow, max-snippet:-1, max-image-preview:large, max-video-preview:-1\" \/>\n<link rel=\"canonical\" href=\"https:\/\/vanderloubet.com.br\/deputado\/vander-reforca-apelo-ao-planalto-por-ajuda-a-campo-grande\/\" \/>\n<meta property=\"og:locale\" content=\"pt_BR\" \/>\n<meta property=\"og:type\" content=\"article\" \/>\n<meta property=\"og:title\" content=\"Vander refor\u00e7a apelo ao Planalto por ajuda a Campo Grande\" \/>\n<meta property=\"og:description\" content=\"O petista disse estar somando sua voz \u00e0 dos demais congressistas de MS que se mobilizam para reivindicar dos minist\u00e9rios socorro \u00e0 capital.\" \/>\n<meta property=\"og:url\" content=\"https:\/\/vanderloubet.com.br\/deputado\/vander-reforca-apelo-ao-planalto-por-ajuda-a-campo-grande\/\" \/>\n<meta property=\"og:site_name\" content=\"Deputado Federal Vander Loubet\" \/>\n<meta property=\"article:publisher\" content=\"https:\/\/facebook.com\/deputadovander\" \/>\n<meta property=\"article:published_time\" content=\"2010-03-02T20:19:25+00:00\" \/>\n<meta property=\"og:image\" content=\"http:\/\/www.deputadovander.com.br\/website\/wp-content\/uploads\/2010\/03\/foto-2010-03-02-discurso-brasilia-300x225.jpg\" \/>\n<meta name=\"author\" content=\"\u00c9der\" \/>\n<meta name=\"twitter:card\" content=\"summary_large_image\" \/>\n<meta name=\"twitter:creator\" content=\"@vanderloubet\" \/>\n<meta name=\"twitter:site\" content=\"@vanderloubet\" \/>\n<script type=\"application\/ld+json\" class=\"yoast-schema-graph\">{\"@context\":\"https:\\\/\\\/schema.org\",\"@graph\":[{\"@type\":\"Article\",\"@id\":\"https:\\\/\\\/vanderloubet.com.br\\\/deputado\\\/vander-reforca-apelo-ao-planalto-por-ajuda-a-campo-grande\\\/#article\",\"isPartOf\":{\"@id\":\"https:\\\/\\\/vanderloubet.com.br\\\/deputado\\\/vander-reforca-apelo-ao-planalto-por-ajuda-a-campo-grande\\\/\"},\"author\":{\"name\":\"\u00c9der\",\"@id\":\"https:\\\/\\\/vanderloubet.com.br\\\/deputado\\\/#\\\/schema\\\/person\\\/15b51bd564532a8a68d9dec1b8eb890e\"},\"headline\":\"Vander refor\u00e7a apelo ao Planalto por ajuda a Campo Grande\",\"datePublished\":\"2010-03-02T20:19:25+00:00\",\"mainEntityOfPage\":{\"@id\":\"https:\\\/\\\/vanderloubet.com.br\\\/deputado\\\/vander-reforca-apelo-ao-planalto-por-ajuda-a-campo-grande\\\/\"},\"wordCount\":684,\"publisher\":{\"@id\":\"https:\\\/\\\/vanderloubet.com.br\\\/deputado\\\/#organization\"},\"image\":{\"@id\":\"https:\\\/\\\/vanderloubet.com.br\\\/deputado\\\/vander-reforca-apelo-ao-planalto-por-ajuda-a-campo-grande\\\/#primaryimage\"},\"thumbnailUrl\":\"http:\\\/\\\/www.deputadovander.com.br\\\/website\\\/wp-content\\\/uploads\\\/2010\\\/03\\\/foto-2010-03-02-discurso-brasilia-300x225.jpg\",\"keywords\":[\"campo grande\",\"chuvas\",\"congresso nacional\",\"enchentes\",\"vander loubet\"],\"articleSection\":[\"Not\u00edcias\"],\"inLanguage\":\"pt-BR\"},{\"@type\":\"WebPage\",\"@id\":\"https:\\\/\\\/vanderloubet.com.br\\\/deputado\\\/vander-reforca-apelo-ao-planalto-por-ajuda-a-campo-grande\\\/\",\"url\":\"https:\\\/\\\/vanderloubet.com.br\\\/deputado\\\/vander-reforca-apelo-ao-planalto-por-ajuda-a-campo-grande\\\/\",\"name\":\"Vander refor\u00e7a apelo ao Planalto por ajuda a Campo Grande\",\"isPartOf\":{\"@id\":\"https:\\\/\\\/vanderloubet.com.br\\\/deputado\\\/#website\"},\"primaryImageOfPage\":{\"@id\":\"https:\\\/\\\/vanderloubet.com.br\\\/deputado\\\/vander-reforca-apelo-ao-planalto-por-ajuda-a-campo-grande\\\/#primaryimage\"},\"image\":{\"@id\":\"https:\\\/\\\/vanderloubet.com.br\\\/deputado\\\/vander-reforca-apelo-ao-planalto-por-ajuda-a-campo-grande\\\/#primaryimage\"},\"thumbnailUrl\":\"http:\\\/\\\/www.deputadovander.com.br\\\/website\\\/wp-content\\\/uploads\\\/2010\\\/03\\\/foto-2010-03-02-discurso-brasilia-300x225.jpg\",\"datePublished\":\"2010-03-02T20:19:25+00:00\",\"breadcrumb\":{\"@id\":\"https:\\\/\\\/vanderloubet.com.br\\\/deputado\\\/vander-reforca-apelo-ao-planalto-por-ajuda-a-campo-grande\\\/#breadcrumb\"},\"inLanguage\":\"pt-BR\",\"potentialAction\":[{\"@type\":\"ReadAction\",\"target\":[\"https:\\\/\\\/vanderloubet.com.br\\\/deputado\\\/vander-reforca-apelo-ao-planalto-por-ajuda-a-campo-grande\\\/\"]}]},{\"@type\":\"ImageObject\",\"inLanguage\":\"pt-BR\",\"@id\":\"https:\\\/\\\/vanderloubet.com.br\\\/deputado\\\/vander-reforca-apelo-ao-planalto-por-ajuda-a-campo-grande\\\/#primaryimage\",\"url\":\"http:\\\/\\\/www.deputadovander.com.br\\\/website\\\/wp-content\\\/uploads\\\/2010\\\/03\\\/foto-2010-03-02-discurso-brasilia-300x225.jpg\",\"contentUrl\":\"http:\\\/\\\/www.deputadovander.com.br\\\/website\\\/wp-content\\\/uploads\\\/2010\\\/03\\\/foto-2010-03-02-discurso-brasilia-300x225.jpg\"},{\"@type\":\"BreadcrumbList\",\"@id\":\"https:\\\/\\\/vanderloubet.com.br\\\/deputado\\\/vander-reforca-apelo-ao-planalto-por-ajuda-a-campo-grande\\\/#breadcrumb\",\"itemListElement\":[{\"@type\":\"ListItem\",\"position\":1,\"name\":\"In\u00edcio\",\"item\":\"https:\\\/\\\/vanderloubet.com.br\\\/deputado\\\/\"},{\"@type\":\"ListItem\",\"position\":2,\"name\":\"Vander refor\u00e7a apelo ao Planalto por ajuda a Campo Grande\"}]},{\"@type\":\"WebSite\",\"@id\":\"https:\\\/\\\/vanderloubet.com.br\\\/deputado\\\/#website\",\"url\":\"https:\\\/\\\/vanderloubet.com.br\\\/deputado\\\/\",\"name\":\"Deputado Federal Vander Loubet\",\"description\":\"O Federal de MS\",\"publisher\":{\"@id\":\"https:\\\/\\\/vanderloubet.com.br\\\/deputado\\\/#organization\"},\"alternateName\":\"Deputado Vander\",\"potentialAction\":[{\"@type\":\"SearchAction\",\"target\":{\"@type\":\"EntryPoint\",\"urlTemplate\":\"https:\\\/\\\/vanderloubet.com.br\\\/deputado\\\/?s={search_term_string}\"},\"query-input\":{\"@type\":\"PropertyValueSpecification\",\"valueRequired\":true,\"valueName\":\"search_term_string\"}}],\"inLanguage\":\"pt-BR\"},{\"@type\":\"Organization\",\"@id\":\"https:\\\/\\\/vanderloubet.com.br\\\/deputado\\\/#organization\",\"name\":\"Deputado Federal Vander Loubet\",\"alternateName\":\"Deputado Vander\",\"url\":\"https:\\\/\\\/vanderloubet.com.br\\\/deputado\\\/\",\"logo\":{\"@type\":\"ImageObject\",\"inLanguage\":\"pt-BR\",\"@id\":\"https:\\\/\\\/vanderloubet.com.br\\\/deputado\\\/#\\\/schema\\\/logo\\\/image\\\/\",\"url\":\"https:\\\/\\\/vanderloubet.com.br\\\/deputado\\\/wp-content\\\/uploads\\\/2023\\\/06\\\/foto-2023-06-19-mandato-deputado-vander.jpg\",\"contentUrl\":\"https:\\\/\\\/vanderloubet.com.br\\\/deputado\\\/wp-content\\\/uploads\\\/2023\\\/06\\\/foto-2023-06-19-mandato-deputado-vander.jpg\",\"width\":1080,\"height\":1080,\"caption\":\"Deputado Federal Vander Loubet\"},\"image\":{\"@id\":\"https:\\\/\\\/vanderloubet.com.br\\\/deputado\\\/#\\\/schema\\\/logo\\\/image\\\/\"},\"sameAs\":[\"https:\\\/\\\/facebook.com\\\/deputadovander\",\"https:\\\/\\\/x.com\\\/vanderloubet\",\"https:\\\/\\\/instagram.com\\\/vanderloubet\",\"https:\\\/\\\/youtube.com\\\/vanderloubet\",\"https:\\\/\\\/tiktok.com\\\/@vanderloubetms\"]},{\"@type\":\"Person\",\"@id\":\"https:\\\/\\\/vanderloubet.com.br\\\/deputado\\\/#\\\/schema\\\/person\\\/15b51bd564532a8a68d9dec1b8eb890e\",\"name\":\"\u00c9der\",\"image\":{\"@type\":\"ImageObject\",\"inLanguage\":\"pt-BR\",\"@id\":\"https:\\\/\\\/vanderloubet.com.br\\\/deputado\\\/wp-content\\\/litespeed\\\/avatar\\\/88ca4090d9d5ab1c9495f6ca03b68efa.jpg?ver=1777058957\",\"url\":\"https:\\\/\\\/vanderloubet.com.br\\\/deputado\\\/wp-content\\\/litespeed\\\/avatar\\\/88ca4090d9d5ab1c9495f6ca03b68efa.jpg?ver=1777058957\",\"contentUrl\":\"https:\\\/\\\/vanderloubet.com.br\\\/deputado\\\/wp-content\\\/litespeed\\\/avatar\\\/88ca4090d9d5ab1c9495f6ca03b68efa.jpg?ver=1777058957\",\"caption\":\"\u00c9der\"}}]}<\/script>\n<!-- \/ Yoast SEO plugin. -->","yoast_head_json":{"title":"Vander refor\u00e7a apelo ao Planalto por ajuda a Campo Grande","robots":{"index":"index","follow":"follow","max-snippet":"max-snippet:-1","max-image-preview":"max-image-preview:large","max-video-preview":"max-video-preview:-1"},"canonical":"https:\/\/vanderloubet.com.br\/deputado\/vander-reforca-apelo-ao-planalto-por-ajuda-a-campo-grande\/","og_locale":"pt_BR","og_type":"article","og_title":"Vander refor\u00e7a apelo ao Planalto por ajuda a Campo Grande","og_description":"O petista disse estar somando sua voz \u00e0 dos demais congressistas de MS que se mobilizam para reivindicar dos minist\u00e9rios socorro \u00e0 capital.","og_url":"https:\/\/vanderloubet.com.br\/deputado\/vander-reforca-apelo-ao-planalto-por-ajuda-a-campo-grande\/","og_site_name":"Deputado Federal Vander Loubet","article_publisher":"https:\/\/facebook.com\/deputadovander","article_published_time":"2010-03-02T20:19:25+00:00","og_image":[{"url":"http:\/\/www.deputadovander.com.br\/website\/wp-content\/uploads\/2010\/03\/foto-2010-03-02-discurso-brasilia-300x225.jpg","type":"","width":"","height":""}],"author":"\u00c9der","twitter_card":"summary_large_image","twitter_creator":"@vanderloubet","twitter_site":"@vanderloubet","schema":{"@context":"https:\/\/schema.org","@graph":[{"@type":"Article","@id":"https:\/\/vanderloubet.com.br\/deputado\/vander-reforca-apelo-ao-planalto-por-ajuda-a-campo-grande\/#article","isPartOf":{"@id":"https:\/\/vanderloubet.com.br\/deputado\/vander-reforca-apelo-ao-planalto-por-ajuda-a-campo-grande\/"},"author":{"name":"\u00c9der","@id":"https:\/\/vanderloubet.com.br\/deputado\/#\/schema\/person\/15b51bd564532a8a68d9dec1b8eb890e"},"headline":"Vander refor\u00e7a apelo ao Planalto por ajuda a Campo Grande","datePublished":"2010-03-02T20:19:25+00:00","mainEntityOfPage":{"@id":"https:\/\/vanderloubet.com.br\/deputado\/vander-reforca-apelo-ao-planalto-por-ajuda-a-campo-grande\/"},"wordCount":684,"publisher":{"@id":"https:\/\/vanderloubet.com.br\/deputado\/#organization"},"image":{"@id":"https:\/\/vanderloubet.com.br\/deputado\/vander-reforca-apelo-ao-planalto-por-ajuda-a-campo-grande\/#primaryimage"},"thumbnailUrl":"http:\/\/www.deputadovander.com.br\/website\/wp-content\/uploads\/2010\/03\/foto-2010-03-02-discurso-brasilia-300x225.jpg","keywords":["campo grande","chuvas","congresso nacional","enchentes","vander loubet"],"articleSection":["Not\u00edcias"],"inLanguage":"pt-BR"},{"@type":"WebPage","@id":"https:\/\/vanderloubet.com.br\/deputado\/vander-reforca-apelo-ao-planalto-por-ajuda-a-campo-grande\/","url":"https:\/\/vanderloubet.com.br\/deputado\/vander-reforca-apelo-ao-planalto-por-ajuda-a-campo-grande\/","name":"Vander refor\u00e7a apelo ao Planalto por ajuda a Campo Grande","isPartOf":{"@id":"https:\/\/vanderloubet.com.br\/deputado\/#website"},"primaryImageOfPage":{"@id":"https:\/\/vanderloubet.com.br\/deputado\/vander-reforca-apelo-ao-planalto-por-ajuda-a-campo-grande\/#primaryimage"},"image":{"@id":"https:\/\/vanderloubet.com.br\/deputado\/vander-reforca-apelo-ao-planalto-por-ajuda-a-campo-grande\/#primaryimage"},"thumbnailUrl":"http:\/\/www.deputadovander.com.br\/website\/wp-content\/uploads\/2010\/03\/foto-2010-03-02-discurso-brasilia-300x225.jpg","datePublished":"2010-03-02T20:19:25+00:00","breadcrumb":{"@id":"https:\/\/vanderloubet.com.br\/deputado\/vander-reforca-apelo-ao-planalto-por-ajuda-a-campo-grande\/#breadcrumb"},"inLanguage":"pt-BR","potentialAction":[{"@type":"ReadAction","target":["https:\/\/vanderloubet.com.br\/deputado\/vander-reforca-apelo-ao-planalto-por-ajuda-a-campo-grande\/"]}]},{"@type":"ImageObject","inLanguage":"pt-BR","@id":"https:\/\/vanderloubet.com.br\/deputado\/vander-reforca-apelo-ao-planalto-por-ajuda-a-campo-grande\/#primaryimage","url":"http:\/\/www.deputadovander.com.br\/website\/wp-content\/uploads\/2010\/03\/foto-2010-03-02-discurso-brasilia-300x225.jpg","contentUrl":"http:\/\/www.deputadovander.com.br\/website\/wp-content\/uploads\/2010\/03\/foto-2010-03-02-discurso-brasilia-300x225.jpg"},{"@type":"BreadcrumbList","@id":"https:\/\/vanderloubet.com.br\/deputado\/vander-reforca-apelo-ao-planalto-por-ajuda-a-campo-grande\/#breadcrumb","itemListElement":[{"@type":"ListItem","position":1,"name":"In\u00edcio","item":"https:\/\/vanderloubet.com.br\/deputado\/"},{"@type":"ListItem","position":2,"name":"Vander refor\u00e7a apelo ao Planalto por ajuda a Campo Grande"}]},{"@type":"WebSite","@id":"https:\/\/vanderloubet.com.br\/deputado\/#website","url":"https:\/\/vanderloubet.com.br\/deputado\/","name":"Deputado Federal Vander Loubet","description":"O Federal de MS","publisher":{"@id":"https:\/\/vanderloubet.com.br\/deputado\/#organization"},"alternateName":"Deputado Vander","potentialAction":[{"@type":"SearchAction","target":{"@type":"EntryPoint","urlTemplate":"https:\/\/vanderloubet.com.br\/deputado\/?s={search_term_string}"},"query-input":{"@type":"PropertyValueSpecification","valueRequired":true,"valueName":"search_term_string"}}],"inLanguage":"pt-BR"},{"@type":"Organization","@id":"https:\/\/vanderloubet.com.br\/deputado\/#organization","name":"Deputado Federal Vander Loubet","alternateName":"Deputado Vander","url":"https:\/\/vanderloubet.com.br\/deputado\/","logo":{"@type":"ImageObject","inLanguage":"pt-BR","@id":"https:\/\/vanderloubet.com.br\/deputado\/#\/schema\/logo\/image\/","url":"https:\/\/vanderloubet.com.br\/deputado\/wp-content\/uploads\/2023\/06\/foto-2023-06-19-mandato-deputado-vander.jpg","contentUrl":"https:\/\/vanderloubet.com.br\/deputado\/wp-content\/uploads\/2023\/06\/foto-2023-06-19-mandato-deputado-vander.jpg","width":1080,"height":1080,"caption":"Deputado Federal Vander Loubet"},"image":{"@id":"https:\/\/vanderloubet.com.br\/deputado\/#\/schema\/logo\/image\/"},"sameAs":["https:\/\/facebook.com\/deputadovander","https:\/\/x.com\/vanderloubet","https:\/\/instagram.com\/vanderloubet","https:\/\/youtube.com\/vanderloubet","https:\/\/tiktok.com\/@vanderloubetms"]},{"@type":"Person","@id":"https:\/\/vanderloubet.com.br\/deputado\/#\/schema\/person\/15b51bd564532a8a68d9dec1b8eb890e","name":"\u00c9der","image":{"@type":"ImageObject","inLanguage":"pt-BR","@id":"https:\/\/vanderloubet.com.br\/deputado\/wp-content\/litespeed\/avatar\/88ca4090d9d5ab1c9495f6ca03b68efa.jpg?ver=1777058957","url":"https:\/\/vanderloubet.com.br\/deputado\/wp-content\/litespeed\/avatar\/88ca4090d9d5ab1c9495f6ca03b68efa.jpg?ver=1777058957","contentUrl":"https:\/\/vanderloubet.com.br\/deputado\/wp-content\/litespeed\/avatar\/88ca4090d9d5ab1c9495f6ca03b68efa.jpg?ver=1777058957","caption":"\u00c9der"}}]}},"jetpack_featured_media_url":"","jetpack_sharing_enabled":true,"_links":{"self":[{"href":"https:\/\/vanderloubet.com.br\/deputado\/wp-json\/wp\/v2\/posts\/239","targetHints":{"allow":["GET"]}}],"collection":[{"href":"https:\/\/vanderloubet.com.br\/deputado\/wp-json\/wp\/v2\/posts"}],"about":[{"href":"https:\/\/vanderloubet.com.br\/deputado\/wp-json\/wp\/v2\/types\/post"}],"author":[{"embeddable":true,"href":"https:\/\/vanderloubet.com.br\/deputado\/wp-json\/wp\/v2\/users\/2"}],"replies":[{"embeddable":true,"href":"https:\/\/vanderloubet.com.br\/deputado\/wp-json\/wp\/v2\/comments?post=239"}],"version-history":[{"count":0,"href":"https:\/\/vanderloubet.com.br\/deputado\/wp-json\/wp\/v2\/posts\/239\/revisions"}],"wp:attachment":[{"href":"https:\/\/vanderloubet.com.br\/deputado\/wp-json\/wp\/v2\/media?parent=239"}],"wp:term":[{"taxonomy":"category","embeddable":true,"href":"https:\/\/vanderloubet.com.br\/deputado\/wp-json\/wp\/v2\/categories?post=239"},{"taxonomy":"post_tag","embeddable":true,"href":"https:\/\/vanderloubet.com.br\/deputado\/wp-json\/wp\/v2\/tags?post=239"}],"curies":[{"name":"wp","href":"https:\/\/api.w.org\/{rel}","templated":true}]}}