{"id":2384,"date":"2010-09-18T12:44:51","date_gmt":"2010-09-18T16:44:51","guid":{"rendered":"http:\/\/www.deputadovander.com.br\/website\/?p=2384"},"modified":"2010-09-18T12:44:51","modified_gmt":"2010-09-18T16:44:51","slug":"imprensa-francesa-destaca-sucesso-do-presidente-lula","status":"publish","type":"post","link":"https:\/\/vanderloubet.com.br\/deputado\/imprensa-francesa-destaca-sucesso-do-presidente-lula\/","title":{"rendered":"Imprensa francesa destaca sucesso do presidente Lula"},"content":{"rendered":"<p style=\"text-align: center;\">\n<figure id=\"attachment_2385\" aria-describedby=\"caption-attachment-2385\" style=\"width: 222px\" class=\"wp-caption aligncenter\"><a href=\"http:\/\/www.deputadovander.com.br\/website\/wp-content\/uploads\/2010\/09\/foto-2010-09-19-lula-franca.jpg\" target=\"_blank\"><img decoding=\"async\" class=\"size-full wp-image-2385 \" title=\"foto-2010-09-19-lula-franca\" src=\"http:\/\/www.deputadovander.com.br\/website\/wp-content\/uploads\/2010\/09\/foto-2010-09-19-lula-franca.jpg\" alt=\"Imprensa francesa destaca Lula\" width=\"222\" height=\"413\" \/><\/a><figcaption id=\"caption-attachment-2385\" class=\"wp-caption-text\">Imprensa francesa destaca Lula<\/figcaption><\/figure>\n<\/p>\n<p>A imprensa da Fran\u00e7a deu grande destaque nesta semana ao presidente Luiz In\u00e1cio Lula da Silva e ao sucesso do seu governo. No intervalo de uma semana, tr\u00eas revistas francesas de tiragem expressiva foram publicadas tendo como reportagem de capa o metal\u00fargico e l\u00edder sindical que chegou \u00e0 Presid\u00eancia do Brasil.<\/p>\n<p>Com a manchete &#8220;Para onde vai o Brasil&#8230;&#8221;, a revista Mani\u00e8re de Voir do Le Monde Diplomatique dedicou mat\u00e9ria especial ao Brasil, abrindo com a previs\u00e3o de que, depois de d\u00e9cadas de inexpressividade, o Pa\u00eds ser\u00e1 quinta economia mundial em 2014. &#8220;A mudan\u00e7a corresponde \u00e0 chegada de Lula ao poder&#8221;, diz a publica\u00e7\u00e3o.<\/p>\n<p>Com Lula na capa e sob o t\u00edtulo &#8220;O pa\u00eds onde a esquerda deu certo&#8221;, a revista pop Les Inrocks sa\u00fada Lula, que sai do governo &#8220;em plena gl\u00f3ria&#8221;, &#8220;ergueu seu pa\u00eds ao n\u00edvel de grande pot\u00eancia internacional&#8221; e &#8220;\u00e9, junto com Mandela, o \u00fanico sucesso da esquerda nos \u00faltimos anos&#8221;.<\/p>\n<p>No editorial, o diretor de reda\u00e7\u00e3o, Bernard Zekri, destaca a atua\u00e7\u00e3o de Lula \u00e0 frente do governo. &#8220;Ele deixa a Presid\u00eancia do Brasil em plena gl\u00f3ria. Elevou seu pa\u00eds pela primeira vez ao n\u00edvel de grande pot\u00eancia internacional e soube, coisa rara, organizar sua sucess\u00e3o&#8221;, afirma.<\/p>\n","protected":false},"excerpt":{"rendered":"<p>Tr\u00eas revistas francesas de grande tiragem foram publicadas tendo como capa o metal\u00fargico que chegou \u00e0 Presid\u00eancia do Brasil.<\/p>\n","protected":false},"author":2,"featured_media":0,"comment_status":"open","ping_status":"open","sticky":false,"template":"","format":"standard","meta":{"jetpack_post_was_ever_published":false,"_jetpack_newsletter_access":"","_jetpack_dont_email_post_to_subs":false,"_jetpack_newsletter_tier_id":0,"_jetpack_memberships_contains_paywalled_content":false,"_jetpack_memberships_contains_paid_content":false,"footnotes":""},"categories":[10],"tags":[299,872,1001,1135,1149,1189,1208,1376,1614],"class_list":{"0":"post-2384","1":"post","2":"type-post","3":"status-publish","4":"format-standard","6":"category-noticias","7":"tag-brasil","8":"tag-franca","9":"tag-imprensa","10":"tag-le-monde","11":"tag-les-inrocks","12":"tag-lula","13":"tag-maniere-de-voir","14":"tag-nelson-mandela","15":"tag-presidente"},"yoast_head":"<!-- This site is optimized with the Yoast SEO plugin v27.4 - https:\/\/yoast.com\/product\/yoast-seo-wordpress\/ -->\n<title>Imprensa francesa destaca sucesso do presidente Lula<\/title>\n<meta name=\"robots\" content=\"index, follow, max-snippet:-1, max-image-preview:large, max-video-preview:-1\" \/>\n<link rel=\"canonical\" href=\"https:\/\/vanderloubet.com.br\/deputado\/imprensa-francesa-destaca-sucesso-do-presidente-lula\/\" \/>\n<meta property=\"og:locale\" content=\"pt_BR\" \/>\n<meta property=\"og:type\" content=\"article\" \/>\n<meta property=\"og:title\" content=\"Imprensa francesa destaca sucesso do presidente Lula\" \/>\n<meta property=\"og:description\" content=\"Tr\u00eas revistas francesas de grande tiragem foram publicadas tendo como capa o metal\u00fargico que chegou \u00e0 Presid\u00eancia do Brasil.\" \/>\n<meta property=\"og:url\" content=\"https:\/\/vanderloubet.com.br\/deputado\/imprensa-francesa-destaca-sucesso-do-presidente-lula\/\" \/>\n<meta property=\"og:site_name\" content=\"Deputado Federal Vander Loubet\" \/>\n<meta property=\"article:publisher\" content=\"https:\/\/facebook.com\/deputadovander\" \/>\n<meta property=\"article:published_time\" content=\"2010-09-18T16:44:51+00:00\" \/>\n<meta property=\"og:image\" content=\"http:\/\/www.deputadovander.com.br\/website\/wp-content\/uploads\/2010\/09\/foto-2010-09-19-lula-franca.jpg\" \/>\n<meta name=\"author\" content=\"\u00c9der\" \/>\n<meta name=\"twitter:card\" content=\"summary_large_image\" \/>\n<meta name=\"twitter:creator\" content=\"@vanderloubet\" \/>\n<meta name=\"twitter:site\" content=\"@vanderloubet\" \/>\n<script type=\"application\/ld+json\" class=\"yoast-schema-graph\">{\"@context\":\"https:\\\/\\\/schema.org\",\"@graph\":[{\"@type\":\"Article\",\"@id\":\"https:\\\/\\\/vanderloubet.com.br\\\/deputado\\\/imprensa-francesa-destaca-sucesso-do-presidente-lula\\\/#article\",\"isPartOf\":{\"@id\":\"https:\\\/\\\/vanderloubet.com.br\\\/deputado\\\/imprensa-francesa-destaca-sucesso-do-presidente-lula\\\/\"},\"author\":{\"name\":\"\u00c9der\",\"@id\":\"https:\\\/\\\/vanderloubet.com.br\\\/deputado\\\/#\\\/schema\\\/person\\\/15b51bd564532a8a68d9dec1b8eb890e\"},\"headline\":\"Imprensa francesa destaca sucesso do presidente Lula\",\"datePublished\":\"2010-09-18T16:44:51+00:00\",\"mainEntityOfPage\":{\"@id\":\"https:\\\/\\\/vanderloubet.com.br\\\/deputado\\\/imprensa-francesa-destaca-sucesso-do-presidente-lula\\\/\"},\"wordCount\":243,\"commentCount\":0,\"publisher\":{\"@id\":\"https:\\\/\\\/vanderloubet.com.br\\\/deputado\\\/#organization\"},\"image\":{\"@id\":\"https:\\\/\\\/vanderloubet.com.br\\\/deputado\\\/imprensa-francesa-destaca-sucesso-do-presidente-lula\\\/#primaryimage\"},\"thumbnailUrl\":\"http:\\\/\\\/www.deputadovander.com.br\\\/website\\\/wp-content\\\/uploads\\\/2010\\\/09\\\/foto-2010-09-19-lula-franca.jpg\",\"keywords\":[\"brasil\",\"fran\u00e7a\",\"imprensa\",\"le monde\",\"les inrocks\",\"lula\",\"mani\u00e8re de voir\",\"nelson mandela\",\"presidente\"],\"articleSection\":[\"Not\u00edcias\"],\"inLanguage\":\"pt-BR\",\"potentialAction\":[{\"@type\":\"CommentAction\",\"name\":\"Comment\",\"target\":[\"https:\\\/\\\/vanderloubet.com.br\\\/deputado\\\/imprensa-francesa-destaca-sucesso-do-presidente-lula\\\/#respond\"]}]},{\"@type\":\"WebPage\",\"@id\":\"https:\\\/\\\/vanderloubet.com.br\\\/deputado\\\/imprensa-francesa-destaca-sucesso-do-presidente-lula\\\/\",\"url\":\"https:\\\/\\\/vanderloubet.com.br\\\/deputado\\\/imprensa-francesa-destaca-sucesso-do-presidente-lula\\\/\",\"name\":\"Imprensa francesa destaca sucesso do presidente Lula\",\"isPartOf\":{\"@id\":\"https:\\\/\\\/vanderloubet.com.br\\\/deputado\\\/#website\"},\"primaryImageOfPage\":{\"@id\":\"https:\\\/\\\/vanderloubet.com.br\\\/deputado\\\/imprensa-francesa-destaca-sucesso-do-presidente-lula\\\/#primaryimage\"},\"image\":{\"@id\":\"https:\\\/\\\/vanderloubet.com.br\\\/deputado\\\/imprensa-francesa-destaca-sucesso-do-presidente-lula\\\/#primaryimage\"},\"thumbnailUrl\":\"http:\\\/\\\/www.deputadovander.com.br\\\/website\\\/wp-content\\\/uploads\\\/2010\\\/09\\\/foto-2010-09-19-lula-franca.jpg\",\"datePublished\":\"2010-09-18T16:44:51+00:00\",\"breadcrumb\":{\"@id\":\"https:\\\/\\\/vanderloubet.com.br\\\/deputado\\\/imprensa-francesa-destaca-sucesso-do-presidente-lula\\\/#breadcrumb\"},\"inLanguage\":\"pt-BR\",\"potentialAction\":[{\"@type\":\"ReadAction\",\"target\":[\"https:\\\/\\\/vanderloubet.com.br\\\/deputado\\\/imprensa-francesa-destaca-sucesso-do-presidente-lula\\\/\"]}]},{\"@type\":\"ImageObject\",\"inLanguage\":\"pt-BR\",\"@id\":\"https:\\\/\\\/vanderloubet.com.br\\\/deputado\\\/imprensa-francesa-destaca-sucesso-do-presidente-lula\\\/#primaryimage\",\"url\":\"http:\\\/\\\/www.deputadovander.com.br\\\/website\\\/wp-content\\\/uploads\\\/2010\\\/09\\\/foto-2010-09-19-lula-franca.jpg\",\"contentUrl\":\"http:\\\/\\\/www.deputadovander.com.br\\\/website\\\/wp-content\\\/uploads\\\/2010\\\/09\\\/foto-2010-09-19-lula-franca.jpg\"},{\"@type\":\"BreadcrumbList\",\"@id\":\"https:\\\/\\\/vanderloubet.com.br\\\/deputado\\\/imprensa-francesa-destaca-sucesso-do-presidente-lula\\\/#breadcrumb\",\"itemListElement\":[{\"@type\":\"ListItem\",\"position\":1,\"name\":\"In\u00edcio\",\"item\":\"https:\\\/\\\/vanderloubet.com.br\\\/deputado\\\/\"},{\"@type\":\"ListItem\",\"position\":2,\"name\":\"Imprensa francesa destaca sucesso do presidente Lula\"}]},{\"@type\":\"WebSite\",\"@id\":\"https:\\\/\\\/vanderloubet.com.br\\\/deputado\\\/#website\",\"url\":\"https:\\\/\\\/vanderloubet.com.br\\\/deputado\\\/\",\"name\":\"Deputado Federal Vander Loubet\",\"description\":\"O Federal de MS\",\"publisher\":{\"@id\":\"https:\\\/\\\/vanderloubet.com.br\\\/deputado\\\/#organization\"},\"alternateName\":\"Deputado Vander\",\"potentialAction\":[{\"@type\":\"SearchAction\",\"target\":{\"@type\":\"EntryPoint\",\"urlTemplate\":\"https:\\\/\\\/vanderloubet.com.br\\\/deputado\\\/?s={search_term_string}\"},\"query-input\":{\"@type\":\"PropertyValueSpecification\",\"valueRequired\":true,\"valueName\":\"search_term_string\"}}],\"inLanguage\":\"pt-BR\"},{\"@type\":\"Organization\",\"@id\":\"https:\\\/\\\/vanderloubet.com.br\\\/deputado\\\/#organization\",\"name\":\"Deputado Federal Vander Loubet\",\"alternateName\":\"Deputado Vander\",\"url\":\"https:\\\/\\\/vanderloubet.com.br\\\/deputado\\\/\",\"logo\":{\"@type\":\"ImageObject\",\"inLanguage\":\"pt-BR\",\"@id\":\"https:\\\/\\\/vanderloubet.com.br\\\/deputado\\\/#\\\/schema\\\/logo\\\/image\\\/\",\"url\":\"https:\\\/\\\/vanderloubet.com.br\\\/deputado\\\/wp-content\\\/uploads\\\/2023\\\/06\\\/foto-2023-06-19-mandato-deputado-vander.jpg\",\"contentUrl\":\"https:\\\/\\\/vanderloubet.com.br\\\/deputado\\\/wp-content\\\/uploads\\\/2023\\\/06\\\/foto-2023-06-19-mandato-deputado-vander.jpg\",\"width\":1080,\"height\":1080,\"caption\":\"Deputado Federal Vander Loubet\"},\"image\":{\"@id\":\"https:\\\/\\\/vanderloubet.com.br\\\/deputado\\\/#\\\/schema\\\/logo\\\/image\\\/\"},\"sameAs\":[\"https:\\\/\\\/facebook.com\\\/deputadovander\",\"https:\\\/\\\/x.com\\\/vanderloubet\",\"https:\\\/\\\/instagram.com\\\/vanderloubet\",\"https:\\\/\\\/youtube.com\\\/vanderloubet\",\"https:\\\/\\\/tiktok.com\\\/@vanderloubetms\"]},{\"@type\":\"Person\",\"@id\":\"https:\\\/\\\/vanderloubet.com.br\\\/deputado\\\/#\\\/schema\\\/person\\\/15b51bd564532a8a68d9dec1b8eb890e\",\"name\":\"\u00c9der\",\"image\":{\"@type\":\"ImageObject\",\"inLanguage\":\"pt-BR\",\"@id\":\"https:\\\/\\\/vanderloubet.com.br\\\/deputado\\\/wp-content\\\/litespeed\\\/avatar\\\/88ca4090d9d5ab1c9495f6ca03b68efa.jpg?ver=1777058957\",\"url\":\"https:\\\/\\\/vanderloubet.com.br\\\/deputado\\\/wp-content\\\/litespeed\\\/avatar\\\/88ca4090d9d5ab1c9495f6ca03b68efa.jpg?ver=1777058957\",\"contentUrl\":\"https:\\\/\\\/vanderloubet.com.br\\\/deputado\\\/wp-content\\\/litespeed\\\/avatar\\\/88ca4090d9d5ab1c9495f6ca03b68efa.jpg?ver=1777058957\",\"caption\":\"\u00c9der\"}}]}<\/script>\n<!-- \/ Yoast SEO plugin. -->","yoast_head_json":{"title":"Imprensa francesa destaca sucesso do presidente Lula","robots":{"index":"index","follow":"follow","max-snippet":"max-snippet:-1","max-image-preview":"max-image-preview:large","max-video-preview":"max-video-preview:-1"},"canonical":"https:\/\/vanderloubet.com.br\/deputado\/imprensa-francesa-destaca-sucesso-do-presidente-lula\/","og_locale":"pt_BR","og_type":"article","og_title":"Imprensa francesa destaca sucesso do presidente Lula","og_description":"Tr\u00eas revistas francesas de grande tiragem foram publicadas tendo como capa o metal\u00fargico que chegou \u00e0 Presid\u00eancia do Brasil.","og_url":"https:\/\/vanderloubet.com.br\/deputado\/imprensa-francesa-destaca-sucesso-do-presidente-lula\/","og_site_name":"Deputado Federal Vander Loubet","article_publisher":"https:\/\/facebook.com\/deputadovander","article_published_time":"2010-09-18T16:44:51+00:00","og_image":[{"url":"http:\/\/www.deputadovander.com.br\/website\/wp-content\/uploads\/2010\/09\/foto-2010-09-19-lula-franca.jpg","type":"","width":"","height":""}],"author":"\u00c9der","twitter_card":"summary_large_image","twitter_creator":"@vanderloubet","twitter_site":"@vanderloubet","schema":{"@context":"https:\/\/schema.org","@graph":[{"@type":"Article","@id":"https:\/\/vanderloubet.com.br\/deputado\/imprensa-francesa-destaca-sucesso-do-presidente-lula\/#article","isPartOf":{"@id":"https:\/\/vanderloubet.com.br\/deputado\/imprensa-francesa-destaca-sucesso-do-presidente-lula\/"},"author":{"name":"\u00c9der","@id":"https:\/\/vanderloubet.com.br\/deputado\/#\/schema\/person\/15b51bd564532a8a68d9dec1b8eb890e"},"headline":"Imprensa francesa destaca sucesso do presidente Lula","datePublished":"2010-09-18T16:44:51+00:00","mainEntityOfPage":{"@id":"https:\/\/vanderloubet.com.br\/deputado\/imprensa-francesa-destaca-sucesso-do-presidente-lula\/"},"wordCount":243,"commentCount":0,"publisher":{"@id":"https:\/\/vanderloubet.com.br\/deputado\/#organization"},"image":{"@id":"https:\/\/vanderloubet.com.br\/deputado\/imprensa-francesa-destaca-sucesso-do-presidente-lula\/#primaryimage"},"thumbnailUrl":"http:\/\/www.deputadovander.com.br\/website\/wp-content\/uploads\/2010\/09\/foto-2010-09-19-lula-franca.jpg","keywords":["brasil","fran\u00e7a","imprensa","le monde","les inrocks","lula","mani\u00e8re de voir","nelson mandela","presidente"],"articleSection":["Not\u00edcias"],"inLanguage":"pt-BR","potentialAction":[{"@type":"CommentAction","name":"Comment","target":["https:\/\/vanderloubet.com.br\/deputado\/imprensa-francesa-destaca-sucesso-do-presidente-lula\/#respond"]}]},{"@type":"WebPage","@id":"https:\/\/vanderloubet.com.br\/deputado\/imprensa-francesa-destaca-sucesso-do-presidente-lula\/","url":"https:\/\/vanderloubet.com.br\/deputado\/imprensa-francesa-destaca-sucesso-do-presidente-lula\/","name":"Imprensa francesa destaca sucesso do presidente Lula","isPartOf":{"@id":"https:\/\/vanderloubet.com.br\/deputado\/#website"},"primaryImageOfPage":{"@id":"https:\/\/vanderloubet.com.br\/deputado\/imprensa-francesa-destaca-sucesso-do-presidente-lula\/#primaryimage"},"image":{"@id":"https:\/\/vanderloubet.com.br\/deputado\/imprensa-francesa-destaca-sucesso-do-presidente-lula\/#primaryimage"},"thumbnailUrl":"http:\/\/www.deputadovander.com.br\/website\/wp-content\/uploads\/2010\/09\/foto-2010-09-19-lula-franca.jpg","datePublished":"2010-09-18T16:44:51+00:00","breadcrumb":{"@id":"https:\/\/vanderloubet.com.br\/deputado\/imprensa-francesa-destaca-sucesso-do-presidente-lula\/#breadcrumb"},"inLanguage":"pt-BR","potentialAction":[{"@type":"ReadAction","target":["https:\/\/vanderloubet.com.br\/deputado\/imprensa-francesa-destaca-sucesso-do-presidente-lula\/"]}]},{"@type":"ImageObject","inLanguage":"pt-BR","@id":"https:\/\/vanderloubet.com.br\/deputado\/imprensa-francesa-destaca-sucesso-do-presidente-lula\/#primaryimage","url":"http:\/\/www.deputadovander.com.br\/website\/wp-content\/uploads\/2010\/09\/foto-2010-09-19-lula-franca.jpg","contentUrl":"http:\/\/www.deputadovander.com.br\/website\/wp-content\/uploads\/2010\/09\/foto-2010-09-19-lula-franca.jpg"},{"@type":"BreadcrumbList","@id":"https:\/\/vanderloubet.com.br\/deputado\/imprensa-francesa-destaca-sucesso-do-presidente-lula\/#breadcrumb","itemListElement":[{"@type":"ListItem","position":1,"name":"In\u00edcio","item":"https:\/\/vanderloubet.com.br\/deputado\/"},{"@type":"ListItem","position":2,"name":"Imprensa francesa destaca sucesso do presidente Lula"}]},{"@type":"WebSite","@id":"https:\/\/vanderloubet.com.br\/deputado\/#website","url":"https:\/\/vanderloubet.com.br\/deputado\/","name":"Deputado Federal Vander Loubet","description":"O Federal de MS","publisher":{"@id":"https:\/\/vanderloubet.com.br\/deputado\/#organization"},"alternateName":"Deputado Vander","potentialAction":[{"@type":"SearchAction","target":{"@type":"EntryPoint","urlTemplate":"https:\/\/vanderloubet.com.br\/deputado\/?s={search_term_string}"},"query-input":{"@type":"PropertyValueSpecification","valueRequired":true,"valueName":"search_term_string"}}],"inLanguage":"pt-BR"},{"@type":"Organization","@id":"https:\/\/vanderloubet.com.br\/deputado\/#organization","name":"Deputado Federal Vander Loubet","alternateName":"Deputado Vander","url":"https:\/\/vanderloubet.com.br\/deputado\/","logo":{"@type":"ImageObject","inLanguage":"pt-BR","@id":"https:\/\/vanderloubet.com.br\/deputado\/#\/schema\/logo\/image\/","url":"https:\/\/vanderloubet.com.br\/deputado\/wp-content\/uploads\/2023\/06\/foto-2023-06-19-mandato-deputado-vander.jpg","contentUrl":"https:\/\/vanderloubet.com.br\/deputado\/wp-content\/uploads\/2023\/06\/foto-2023-06-19-mandato-deputado-vander.jpg","width":1080,"height":1080,"caption":"Deputado Federal Vander Loubet"},"image":{"@id":"https:\/\/vanderloubet.com.br\/deputado\/#\/schema\/logo\/image\/"},"sameAs":["https:\/\/facebook.com\/deputadovander","https:\/\/x.com\/vanderloubet","https:\/\/instagram.com\/vanderloubet","https:\/\/youtube.com\/vanderloubet","https:\/\/tiktok.com\/@vanderloubetms"]},{"@type":"Person","@id":"https:\/\/vanderloubet.com.br\/deputado\/#\/schema\/person\/15b51bd564532a8a68d9dec1b8eb890e","name":"\u00c9der","image":{"@type":"ImageObject","inLanguage":"pt-BR","@id":"https:\/\/vanderloubet.com.br\/deputado\/wp-content\/litespeed\/avatar\/88ca4090d9d5ab1c9495f6ca03b68efa.jpg?ver=1777058957","url":"https:\/\/vanderloubet.com.br\/deputado\/wp-content\/litespeed\/avatar\/88ca4090d9d5ab1c9495f6ca03b68efa.jpg?ver=1777058957","contentUrl":"https:\/\/vanderloubet.com.br\/deputado\/wp-content\/litespeed\/avatar\/88ca4090d9d5ab1c9495f6ca03b68efa.jpg?ver=1777058957","caption":"\u00c9der"}}]}},"jetpack_featured_media_url":"","jetpack_sharing_enabled":true,"_links":{"self":[{"href":"https:\/\/vanderloubet.com.br\/deputado\/wp-json\/wp\/v2\/posts\/2384","targetHints":{"allow":["GET"]}}],"collection":[{"href":"https:\/\/vanderloubet.com.br\/deputado\/wp-json\/wp\/v2\/posts"}],"about":[{"href":"https:\/\/vanderloubet.com.br\/deputado\/wp-json\/wp\/v2\/types\/post"}],"author":[{"embeddable":true,"href":"https:\/\/vanderloubet.com.br\/deputado\/wp-json\/wp\/v2\/users\/2"}],"replies":[{"embeddable":true,"href":"https:\/\/vanderloubet.com.br\/deputado\/wp-json\/wp\/v2\/comments?post=2384"}],"version-history":[{"count":0,"href":"https:\/\/vanderloubet.com.br\/deputado\/wp-json\/wp\/v2\/posts\/2384\/revisions"}],"wp:attachment":[{"href":"https:\/\/vanderloubet.com.br\/deputado\/wp-json\/wp\/v2\/media?parent=2384"}],"wp:term":[{"taxonomy":"category","embeddable":true,"href":"https:\/\/vanderloubet.com.br\/deputado\/wp-json\/wp\/v2\/categories?post=2384"},{"taxonomy":"post_tag","embeddable":true,"href":"https:\/\/vanderloubet.com.br\/deputado\/wp-json\/wp\/v2\/tags?post=2384"}],"curies":[{"name":"wp","href":"https:\/\/api.w.org\/{rel}","templated":true}]}}