{"id":2292,"date":"2010-09-13T18:45:22","date_gmt":"2010-09-13T22:45:22","guid":{"rendered":"http:\/\/www.deputadovander.com.br\/website\/?p=2292"},"modified":"2010-09-13T18:45:22","modified_gmt":"2010-09-13T22:45:22","slug":"vander-parque-de-exposicoes-e-sonho-legitimo-de-sao-gabriel","status":"publish","type":"post","link":"https:\/\/vanderloubet.com.br\/deputado\/vander-parque-de-exposicoes-e-sonho-legitimo-de-sao-gabriel\/","title":{"rendered":"Vander: Parque de Exposi\u00e7\u00f5es \u00e9 sonho leg\u00edtimo de S\u00e3o Gabriel"},"content":{"rendered":"<figure id=\"attachment_2293\" aria-describedby=\"caption-attachment-2293\" style=\"width: 300px\" class=\"wp-caption aligncenter\"><a href=\"http:\/\/www.deputadovander.com.br\/website\/wp-content\/uploads\/2010\/09\/foto-2010-09-13-vander-loubet.jpg\" target=\"_blank\"><img decoding=\"async\" class=\"size-medium wp-image-2293 \" title=\"foto-2010-09-13-vander-loubet\" src=\"http:\/\/www.deputadovander.com.br\/website\/wp-content\/uploads\/2010\/09\/foto-2010-09-13-vander-loubet-300x200.jpg\" alt=\"Deputado Federal Vander Loubet\" width=\"300\" height=\"200\" \/><\/a><figcaption id=\"caption-attachment-2293\" class=\"wp-caption-text\">Deputado Federal Vander Loubet<\/figcaption><\/figure>\n<p>O deputado federal Vander Loubet (PT-MS) disse que seu empenho para viabilizar o Parque de Exposi\u00e7\u00f5es de S\u00e3o Gabriel do Oeste busca atender a um dos sonhos leg\u00edtimos da popula\u00e7\u00e3o. &#8220;O munic\u00edpio \u00e9 um dos maiores s\u00edmbolos da pujan\u00e7a e do empreendedorismo de Mato Grosso do Sul. E o Parque vem a ser uma das condi\u00e7\u00f5es b\u00e1sicas de reconhecimento e de fortalecimento dessa capacidade que S\u00e3o Gabriel tem para crescer e fazer a diferen\u00e7a&#8221;, salientou.<\/p>\n<p>O Parque de Exposi\u00e7\u00f5es est\u00e1 entre as mais recentes prioridades confiadas a Vander pelas principais lideran\u00e7as gabrielenses, entre as quais o prefeito S\u00e9rgio Marcon (PSDB) e o presidente do Sindicato Rural, J\u00falio C\u00e9sar Bortolini. Segundo o prefeito, o Parque vai contemplar diversas atividades e demandas dos produtores e da comunidade, com a realiza\u00e7\u00e3o de feiras e eventos econ\u00f4micos, art\u00edstico-culturais e esportivos. A implanta\u00e7\u00e3o de pistas para competi\u00e7\u00f5es de MotoCross e arrancad\u00e3o, por exemplo, est\u00e1 entre as estruturas previstas para fazer do Parque um lugar de diversidade social e de incremento da atividade tur\u00edstica.<\/p>\n<p>Em recente visita ao munic\u00edpio, Vander ouviu essas lideran\u00e7as e renovou o compromisso com as prioridades locais. Al\u00e9m do Parque de Exposi\u00e7\u00f5es &#8211; para o qual Vander pediu ao prefeito um projeto e a disponibilidade do terreno -, o parlamentar petista est\u00e1 buscando recursos para a homologa\u00e7\u00e3o do Aeroporto Municipal e a pavimenta\u00e7\u00e3o dos acessos \u00e0 cidade, entre outros investimentos.<\/p>\n<p>BENEF\u00cdCIOS<\/p>\n<p>O mandato de Vander Loubet j\u00e1 assegurou a S\u00e3o Gabriel do Oeste diversas conquistas, que beneficiam todas as faixas da popula\u00e7\u00e3o. S\u00f3 com as a\u00e7\u00f5es do Programa Luz para Todos e emendas parlamentares para infraestrutura urbana e promo\u00e7\u00e3o social, os investimentos passam dos R$ 4,5 milh\u00f5es. Nesse total n\u00e3o est\u00e1 inclu\u00eddo o grande projeto de restaura\u00e7\u00e3o e moderniza\u00e7\u00e3o da BR-163, o grande corredor que tem S\u00e3o Gabriel do Oeste entre seus mais expressivos pontos de refer\u00eancia.<\/p>\n<p><em>Principais benef\u00edcios viabilizados por Vander para S\u00e3o Gabriel:<\/em><\/p>\n<ul>\n<li><em>Energia el\u00e9trica no campo (Programa Luz para Todos) &#8211; Valor: R$ 2,7 milh\u00f5es<\/em><\/li>\n<li><em>Aquisi\u00e7\u00e3o de patrulha mecanizada &#8211; Valor: R$ 390 mil<\/em><\/li>\n<li><em>Asfalto &#8211; Valor: R$ 750 mil<\/em><\/li>\n<li><em>Saneamento b\u00e1sico (rede de esgoto) &#8211; Valor: R$ 280 mil<\/em><\/li>\n<li><em>Constru\u00e7\u00e3o de casas populares &#8211; Valor: R$ 243 mil<\/em><\/li>\n<li><em>Constru\u00e7\u00e3o do Cras &#8211; Centro Refer\u00eancia Assist\u00eancia Social &#8211; Valor: R$ 175 mil<\/em><\/li>\n<\/ul>\n<p><small>(Edson Moraes &#8211; Assessoria de Comunica\u00e7\u00e3o)<\/small><\/p>\n","protected":false},"excerpt":{"rendered":"<p>Para o deputado federal, Parque seria reconhecimento da capacidade de empreendedorismo do munic\u00edpio.<\/p>\n","protected":false},"author":2,"featured_media":0,"comment_status":"open","ping_status":"open","sticky":false,"template":"","format":"standard","meta":{"jetpack_post_was_ever_published":false,"_jetpack_newsletter_access":"","_jetpack_dont_email_post_to_subs":false,"_jetpack_newsletter_tier_id":0,"_jetpack_memberships_contains_paywalled_content":false,"_jetpack_memberships_contains_paid_content":false,"footnotes":""},"categories":[10],"tags":[610,710,780,1484,1795,2035],"class_list":{"0":"post-2292","1":"post","2":"type-post","3":"status-publish","4":"format-standard","6":"category-noticias","7":"tag-deputado-federal","8":"tag-emendas","9":"tag-exposicoes","10":"tag-parque","11":"tag-sao-gabriel-do-oeste","12":"tag-vander-loubet"},"yoast_head":"<!-- This site is optimized with the Yoast SEO plugin v27.4 - https:\/\/yoast.com\/product\/yoast-seo-wordpress\/ -->\n<title>Vander: Parque de Exposi\u00e7\u00f5es \u00e9 sonho leg\u00edtimo de S\u00e3o Gabriel<\/title>\n<meta name=\"robots\" content=\"index, follow, max-snippet:-1, max-image-preview:large, max-video-preview:-1\" \/>\n<link rel=\"canonical\" href=\"https:\/\/vanderloubet.com.br\/deputado\/vander-parque-de-exposicoes-e-sonho-legitimo-de-sao-gabriel\/\" \/>\n<meta property=\"og:locale\" content=\"pt_BR\" \/>\n<meta property=\"og:type\" content=\"article\" \/>\n<meta property=\"og:title\" content=\"Vander: Parque de Exposi\u00e7\u00f5es \u00e9 sonho leg\u00edtimo de S\u00e3o Gabriel\" \/>\n<meta property=\"og:description\" content=\"Para o deputado federal, Parque seria reconhecimento da capacidade de empreendedorismo do munic\u00edpio.\" \/>\n<meta property=\"og:url\" content=\"https:\/\/vanderloubet.com.br\/deputado\/vander-parque-de-exposicoes-e-sonho-legitimo-de-sao-gabriel\/\" \/>\n<meta property=\"og:site_name\" content=\"Deputado Federal Vander Loubet\" \/>\n<meta property=\"article:publisher\" content=\"https:\/\/facebook.com\/deputadovander\" \/>\n<meta property=\"article:published_time\" content=\"2010-09-13T22:45:22+00:00\" \/>\n<meta property=\"og:image\" content=\"http:\/\/www.deputadovander.com.br\/website\/wp-content\/uploads\/2010\/09\/foto-2010-09-13-vander-loubet-300x200.jpg\" \/>\n<meta name=\"author\" content=\"\u00c9der\" \/>\n<meta name=\"twitter:card\" content=\"summary_large_image\" \/>\n<meta name=\"twitter:creator\" content=\"@vanderloubet\" \/>\n<meta name=\"twitter:site\" content=\"@vanderloubet\" \/>\n<script type=\"application\/ld+json\" class=\"yoast-schema-graph\">{\"@context\":\"https:\\\/\\\/schema.org\",\"@graph\":[{\"@type\":\"Article\",\"@id\":\"https:\\\/\\\/vanderloubet.com.br\\\/deputado\\\/vander-parque-de-exposicoes-e-sonho-legitimo-de-sao-gabriel\\\/#article\",\"isPartOf\":{\"@id\":\"https:\\\/\\\/vanderloubet.com.br\\\/deputado\\\/vander-parque-de-exposicoes-e-sonho-legitimo-de-sao-gabriel\\\/\"},\"author\":{\"name\":\"\u00c9der\",\"@id\":\"https:\\\/\\\/vanderloubet.com.br\\\/deputado\\\/#\\\/schema\\\/person\\\/15b51bd564532a8a68d9dec1b8eb890e\"},\"headline\":\"Vander: Parque de Exposi\u00e7\u00f5es \u00e9 sonho leg\u00edtimo de S\u00e3o Gabriel\",\"datePublished\":\"2010-09-13T22:45:22+00:00\",\"mainEntityOfPage\":{\"@id\":\"https:\\\/\\\/vanderloubet.com.br\\\/deputado\\\/vander-parque-de-exposicoes-e-sonho-legitimo-de-sao-gabriel\\\/\"},\"wordCount\":446,\"commentCount\":0,\"publisher\":{\"@id\":\"https:\\\/\\\/vanderloubet.com.br\\\/deputado\\\/#organization\"},\"image\":{\"@id\":\"https:\\\/\\\/vanderloubet.com.br\\\/deputado\\\/vander-parque-de-exposicoes-e-sonho-legitimo-de-sao-gabriel\\\/#primaryimage\"},\"thumbnailUrl\":\"http:\\\/\\\/www.deputadovander.com.br\\\/website\\\/wp-content\\\/uploads\\\/2010\\\/09\\\/foto-2010-09-13-vander-loubet-300x200.jpg\",\"keywords\":[\"deputado federal\",\"emendas\",\"exposi\u00e7\u00f5es\",\"parque\",\"s\u00e3o gabriel do oeste\",\"vander loubet\"],\"articleSection\":[\"Not\u00edcias\"],\"inLanguage\":\"pt-BR\",\"potentialAction\":[{\"@type\":\"CommentAction\",\"name\":\"Comment\",\"target\":[\"https:\\\/\\\/vanderloubet.com.br\\\/deputado\\\/vander-parque-de-exposicoes-e-sonho-legitimo-de-sao-gabriel\\\/#respond\"]}]},{\"@type\":\"WebPage\",\"@id\":\"https:\\\/\\\/vanderloubet.com.br\\\/deputado\\\/vander-parque-de-exposicoes-e-sonho-legitimo-de-sao-gabriel\\\/\",\"url\":\"https:\\\/\\\/vanderloubet.com.br\\\/deputado\\\/vander-parque-de-exposicoes-e-sonho-legitimo-de-sao-gabriel\\\/\",\"name\":\"Vander: Parque de Exposi\u00e7\u00f5es \u00e9 sonho leg\u00edtimo de S\u00e3o Gabriel\",\"isPartOf\":{\"@id\":\"https:\\\/\\\/vanderloubet.com.br\\\/deputado\\\/#website\"},\"primaryImageOfPage\":{\"@id\":\"https:\\\/\\\/vanderloubet.com.br\\\/deputado\\\/vander-parque-de-exposicoes-e-sonho-legitimo-de-sao-gabriel\\\/#primaryimage\"},\"image\":{\"@id\":\"https:\\\/\\\/vanderloubet.com.br\\\/deputado\\\/vander-parque-de-exposicoes-e-sonho-legitimo-de-sao-gabriel\\\/#primaryimage\"},\"thumbnailUrl\":\"http:\\\/\\\/www.deputadovander.com.br\\\/website\\\/wp-content\\\/uploads\\\/2010\\\/09\\\/foto-2010-09-13-vander-loubet-300x200.jpg\",\"datePublished\":\"2010-09-13T22:45:22+00:00\",\"breadcrumb\":{\"@id\":\"https:\\\/\\\/vanderloubet.com.br\\\/deputado\\\/vander-parque-de-exposicoes-e-sonho-legitimo-de-sao-gabriel\\\/#breadcrumb\"},\"inLanguage\":\"pt-BR\",\"potentialAction\":[{\"@type\":\"ReadAction\",\"target\":[\"https:\\\/\\\/vanderloubet.com.br\\\/deputado\\\/vander-parque-de-exposicoes-e-sonho-legitimo-de-sao-gabriel\\\/\"]}]},{\"@type\":\"ImageObject\",\"inLanguage\":\"pt-BR\",\"@id\":\"https:\\\/\\\/vanderloubet.com.br\\\/deputado\\\/vander-parque-de-exposicoes-e-sonho-legitimo-de-sao-gabriel\\\/#primaryimage\",\"url\":\"http:\\\/\\\/www.deputadovander.com.br\\\/website\\\/wp-content\\\/uploads\\\/2010\\\/09\\\/foto-2010-09-13-vander-loubet-300x200.jpg\",\"contentUrl\":\"http:\\\/\\\/www.deputadovander.com.br\\\/website\\\/wp-content\\\/uploads\\\/2010\\\/09\\\/foto-2010-09-13-vander-loubet-300x200.jpg\"},{\"@type\":\"BreadcrumbList\",\"@id\":\"https:\\\/\\\/vanderloubet.com.br\\\/deputado\\\/vander-parque-de-exposicoes-e-sonho-legitimo-de-sao-gabriel\\\/#breadcrumb\",\"itemListElement\":[{\"@type\":\"ListItem\",\"position\":1,\"name\":\"In\u00edcio\",\"item\":\"https:\\\/\\\/vanderloubet.com.br\\\/deputado\\\/\"},{\"@type\":\"ListItem\",\"position\":2,\"name\":\"Vander: Parque de Exposi\u00e7\u00f5es \u00e9 sonho leg\u00edtimo de S\u00e3o Gabriel\"}]},{\"@type\":\"WebSite\",\"@id\":\"https:\\\/\\\/vanderloubet.com.br\\\/deputado\\\/#website\",\"url\":\"https:\\\/\\\/vanderloubet.com.br\\\/deputado\\\/\",\"name\":\"Deputado Federal Vander Loubet\",\"description\":\"O Federal de MS\",\"publisher\":{\"@id\":\"https:\\\/\\\/vanderloubet.com.br\\\/deputado\\\/#organization\"},\"alternateName\":\"Deputado Vander\",\"potentialAction\":[{\"@type\":\"SearchAction\",\"target\":{\"@type\":\"EntryPoint\",\"urlTemplate\":\"https:\\\/\\\/vanderloubet.com.br\\\/deputado\\\/?s={search_term_string}\"},\"query-input\":{\"@type\":\"PropertyValueSpecification\",\"valueRequired\":true,\"valueName\":\"search_term_string\"}}],\"inLanguage\":\"pt-BR\"},{\"@type\":\"Organization\",\"@id\":\"https:\\\/\\\/vanderloubet.com.br\\\/deputado\\\/#organization\",\"name\":\"Deputado Federal Vander Loubet\",\"alternateName\":\"Deputado Vander\",\"url\":\"https:\\\/\\\/vanderloubet.com.br\\\/deputado\\\/\",\"logo\":{\"@type\":\"ImageObject\",\"inLanguage\":\"pt-BR\",\"@id\":\"https:\\\/\\\/vanderloubet.com.br\\\/deputado\\\/#\\\/schema\\\/logo\\\/image\\\/\",\"url\":\"https:\\\/\\\/vanderloubet.com.br\\\/deputado\\\/wp-content\\\/uploads\\\/2023\\\/06\\\/foto-2023-06-19-mandato-deputado-vander.jpg\",\"contentUrl\":\"https:\\\/\\\/vanderloubet.com.br\\\/deputado\\\/wp-content\\\/uploads\\\/2023\\\/06\\\/foto-2023-06-19-mandato-deputado-vander.jpg\",\"width\":1080,\"height\":1080,\"caption\":\"Deputado Federal Vander Loubet\"},\"image\":{\"@id\":\"https:\\\/\\\/vanderloubet.com.br\\\/deputado\\\/#\\\/schema\\\/logo\\\/image\\\/\"},\"sameAs\":[\"https:\\\/\\\/facebook.com\\\/deputadovander\",\"https:\\\/\\\/x.com\\\/vanderloubet\",\"https:\\\/\\\/instagram.com\\\/vanderloubet\",\"https:\\\/\\\/youtube.com\\\/vanderloubet\",\"https:\\\/\\\/tiktok.com\\\/@vanderloubetms\"]},{\"@type\":\"Person\",\"@id\":\"https:\\\/\\\/vanderloubet.com.br\\\/deputado\\\/#\\\/schema\\\/person\\\/15b51bd564532a8a68d9dec1b8eb890e\",\"name\":\"\u00c9der\",\"image\":{\"@type\":\"ImageObject\",\"inLanguage\":\"pt-BR\",\"@id\":\"https:\\\/\\\/vanderloubet.com.br\\\/deputado\\\/wp-content\\\/litespeed\\\/avatar\\\/88ca4090d9d5ab1c9495f6ca03b68efa.jpg?ver=1777058957\",\"url\":\"https:\\\/\\\/vanderloubet.com.br\\\/deputado\\\/wp-content\\\/litespeed\\\/avatar\\\/88ca4090d9d5ab1c9495f6ca03b68efa.jpg?ver=1777058957\",\"contentUrl\":\"https:\\\/\\\/vanderloubet.com.br\\\/deputado\\\/wp-content\\\/litespeed\\\/avatar\\\/88ca4090d9d5ab1c9495f6ca03b68efa.jpg?ver=1777058957\",\"caption\":\"\u00c9der\"}}]}<\/script>\n<!-- \/ Yoast SEO plugin. -->","yoast_head_json":{"title":"Vander: Parque de Exposi\u00e7\u00f5es \u00e9 sonho leg\u00edtimo de S\u00e3o Gabriel","robots":{"index":"index","follow":"follow","max-snippet":"max-snippet:-1","max-image-preview":"max-image-preview:large","max-video-preview":"max-video-preview:-1"},"canonical":"https:\/\/vanderloubet.com.br\/deputado\/vander-parque-de-exposicoes-e-sonho-legitimo-de-sao-gabriel\/","og_locale":"pt_BR","og_type":"article","og_title":"Vander: Parque de Exposi\u00e7\u00f5es \u00e9 sonho leg\u00edtimo de S\u00e3o Gabriel","og_description":"Para o deputado federal, Parque seria reconhecimento da capacidade de empreendedorismo do munic\u00edpio.","og_url":"https:\/\/vanderloubet.com.br\/deputado\/vander-parque-de-exposicoes-e-sonho-legitimo-de-sao-gabriel\/","og_site_name":"Deputado Federal Vander Loubet","article_publisher":"https:\/\/facebook.com\/deputadovander","article_published_time":"2010-09-13T22:45:22+00:00","og_image":[{"url":"http:\/\/www.deputadovander.com.br\/website\/wp-content\/uploads\/2010\/09\/foto-2010-09-13-vander-loubet-300x200.jpg","type":"","width":"","height":""}],"author":"\u00c9der","twitter_card":"summary_large_image","twitter_creator":"@vanderloubet","twitter_site":"@vanderloubet","schema":{"@context":"https:\/\/schema.org","@graph":[{"@type":"Article","@id":"https:\/\/vanderloubet.com.br\/deputado\/vander-parque-de-exposicoes-e-sonho-legitimo-de-sao-gabriel\/#article","isPartOf":{"@id":"https:\/\/vanderloubet.com.br\/deputado\/vander-parque-de-exposicoes-e-sonho-legitimo-de-sao-gabriel\/"},"author":{"name":"\u00c9der","@id":"https:\/\/vanderloubet.com.br\/deputado\/#\/schema\/person\/15b51bd564532a8a68d9dec1b8eb890e"},"headline":"Vander: Parque de Exposi\u00e7\u00f5es \u00e9 sonho leg\u00edtimo de S\u00e3o Gabriel","datePublished":"2010-09-13T22:45:22+00:00","mainEntityOfPage":{"@id":"https:\/\/vanderloubet.com.br\/deputado\/vander-parque-de-exposicoes-e-sonho-legitimo-de-sao-gabriel\/"},"wordCount":446,"commentCount":0,"publisher":{"@id":"https:\/\/vanderloubet.com.br\/deputado\/#organization"},"image":{"@id":"https:\/\/vanderloubet.com.br\/deputado\/vander-parque-de-exposicoes-e-sonho-legitimo-de-sao-gabriel\/#primaryimage"},"thumbnailUrl":"http:\/\/www.deputadovander.com.br\/website\/wp-content\/uploads\/2010\/09\/foto-2010-09-13-vander-loubet-300x200.jpg","keywords":["deputado federal","emendas","exposi\u00e7\u00f5es","parque","s\u00e3o gabriel do oeste","vander loubet"],"articleSection":["Not\u00edcias"],"inLanguage":"pt-BR","potentialAction":[{"@type":"CommentAction","name":"Comment","target":["https:\/\/vanderloubet.com.br\/deputado\/vander-parque-de-exposicoes-e-sonho-legitimo-de-sao-gabriel\/#respond"]}]},{"@type":"WebPage","@id":"https:\/\/vanderloubet.com.br\/deputado\/vander-parque-de-exposicoes-e-sonho-legitimo-de-sao-gabriel\/","url":"https:\/\/vanderloubet.com.br\/deputado\/vander-parque-de-exposicoes-e-sonho-legitimo-de-sao-gabriel\/","name":"Vander: Parque de Exposi\u00e7\u00f5es \u00e9 sonho leg\u00edtimo de S\u00e3o Gabriel","isPartOf":{"@id":"https:\/\/vanderloubet.com.br\/deputado\/#website"},"primaryImageOfPage":{"@id":"https:\/\/vanderloubet.com.br\/deputado\/vander-parque-de-exposicoes-e-sonho-legitimo-de-sao-gabriel\/#primaryimage"},"image":{"@id":"https:\/\/vanderloubet.com.br\/deputado\/vander-parque-de-exposicoes-e-sonho-legitimo-de-sao-gabriel\/#primaryimage"},"thumbnailUrl":"http:\/\/www.deputadovander.com.br\/website\/wp-content\/uploads\/2010\/09\/foto-2010-09-13-vander-loubet-300x200.jpg","datePublished":"2010-09-13T22:45:22+00:00","breadcrumb":{"@id":"https:\/\/vanderloubet.com.br\/deputado\/vander-parque-de-exposicoes-e-sonho-legitimo-de-sao-gabriel\/#breadcrumb"},"inLanguage":"pt-BR","potentialAction":[{"@type":"ReadAction","target":["https:\/\/vanderloubet.com.br\/deputado\/vander-parque-de-exposicoes-e-sonho-legitimo-de-sao-gabriel\/"]}]},{"@type":"ImageObject","inLanguage":"pt-BR","@id":"https:\/\/vanderloubet.com.br\/deputado\/vander-parque-de-exposicoes-e-sonho-legitimo-de-sao-gabriel\/#primaryimage","url":"http:\/\/www.deputadovander.com.br\/website\/wp-content\/uploads\/2010\/09\/foto-2010-09-13-vander-loubet-300x200.jpg","contentUrl":"http:\/\/www.deputadovander.com.br\/website\/wp-content\/uploads\/2010\/09\/foto-2010-09-13-vander-loubet-300x200.jpg"},{"@type":"BreadcrumbList","@id":"https:\/\/vanderloubet.com.br\/deputado\/vander-parque-de-exposicoes-e-sonho-legitimo-de-sao-gabriel\/#breadcrumb","itemListElement":[{"@type":"ListItem","position":1,"name":"In\u00edcio","item":"https:\/\/vanderloubet.com.br\/deputado\/"},{"@type":"ListItem","position":2,"name":"Vander: Parque de Exposi\u00e7\u00f5es \u00e9 sonho leg\u00edtimo de S\u00e3o Gabriel"}]},{"@type":"WebSite","@id":"https:\/\/vanderloubet.com.br\/deputado\/#website","url":"https:\/\/vanderloubet.com.br\/deputado\/","name":"Deputado Federal Vander Loubet","description":"O Federal de MS","publisher":{"@id":"https:\/\/vanderloubet.com.br\/deputado\/#organization"},"alternateName":"Deputado Vander","potentialAction":[{"@type":"SearchAction","target":{"@type":"EntryPoint","urlTemplate":"https:\/\/vanderloubet.com.br\/deputado\/?s={search_term_string}"},"query-input":{"@type":"PropertyValueSpecification","valueRequired":true,"valueName":"search_term_string"}}],"inLanguage":"pt-BR"},{"@type":"Organization","@id":"https:\/\/vanderloubet.com.br\/deputado\/#organization","name":"Deputado Federal Vander Loubet","alternateName":"Deputado Vander","url":"https:\/\/vanderloubet.com.br\/deputado\/","logo":{"@type":"ImageObject","inLanguage":"pt-BR","@id":"https:\/\/vanderloubet.com.br\/deputado\/#\/schema\/logo\/image\/","url":"https:\/\/vanderloubet.com.br\/deputado\/wp-content\/uploads\/2023\/06\/foto-2023-06-19-mandato-deputado-vander.jpg","contentUrl":"https:\/\/vanderloubet.com.br\/deputado\/wp-content\/uploads\/2023\/06\/foto-2023-06-19-mandato-deputado-vander.jpg","width":1080,"height":1080,"caption":"Deputado Federal Vander Loubet"},"image":{"@id":"https:\/\/vanderloubet.com.br\/deputado\/#\/schema\/logo\/image\/"},"sameAs":["https:\/\/facebook.com\/deputadovander","https:\/\/x.com\/vanderloubet","https:\/\/instagram.com\/vanderloubet","https:\/\/youtube.com\/vanderloubet","https:\/\/tiktok.com\/@vanderloubetms"]},{"@type":"Person","@id":"https:\/\/vanderloubet.com.br\/deputado\/#\/schema\/person\/15b51bd564532a8a68d9dec1b8eb890e","name":"\u00c9der","image":{"@type":"ImageObject","inLanguage":"pt-BR","@id":"https:\/\/vanderloubet.com.br\/deputado\/wp-content\/litespeed\/avatar\/88ca4090d9d5ab1c9495f6ca03b68efa.jpg?ver=1777058957","url":"https:\/\/vanderloubet.com.br\/deputado\/wp-content\/litespeed\/avatar\/88ca4090d9d5ab1c9495f6ca03b68efa.jpg?ver=1777058957","contentUrl":"https:\/\/vanderloubet.com.br\/deputado\/wp-content\/litespeed\/avatar\/88ca4090d9d5ab1c9495f6ca03b68efa.jpg?ver=1777058957","caption":"\u00c9der"}}]}},"jetpack_featured_media_url":"","jetpack_sharing_enabled":true,"_links":{"self":[{"href":"https:\/\/vanderloubet.com.br\/deputado\/wp-json\/wp\/v2\/posts\/2292","targetHints":{"allow":["GET"]}}],"collection":[{"href":"https:\/\/vanderloubet.com.br\/deputado\/wp-json\/wp\/v2\/posts"}],"about":[{"href":"https:\/\/vanderloubet.com.br\/deputado\/wp-json\/wp\/v2\/types\/post"}],"author":[{"embeddable":true,"href":"https:\/\/vanderloubet.com.br\/deputado\/wp-json\/wp\/v2\/users\/2"}],"replies":[{"embeddable":true,"href":"https:\/\/vanderloubet.com.br\/deputado\/wp-json\/wp\/v2\/comments?post=2292"}],"version-history":[{"count":0,"href":"https:\/\/vanderloubet.com.br\/deputado\/wp-json\/wp\/v2\/posts\/2292\/revisions"}],"wp:attachment":[{"href":"https:\/\/vanderloubet.com.br\/deputado\/wp-json\/wp\/v2\/media?parent=2292"}],"wp:term":[{"taxonomy":"category","embeddable":true,"href":"https:\/\/vanderloubet.com.br\/deputado\/wp-json\/wp\/v2\/categories?post=2292"},{"taxonomy":"post_tag","embeddable":true,"href":"https:\/\/vanderloubet.com.br\/deputado\/wp-json\/wp\/v2\/tags?post=2292"}],"curies":[{"name":"wp","href":"https:\/\/api.w.org\/{rel}","templated":true}]}}