{"id":2198,"date":"2010-09-03T09:34:28","date_gmt":"2010-09-03T13:34:28","guid":{"rendered":"http:\/\/www.deputadovander.com.br\/website\/?p=2198"},"modified":"2010-09-03T09:34:28","modified_gmt":"2010-09-03T13:34:28","slug":"santa-casa-precisa-de-amplo-e-revitalizado-mutirao-defende-vander","status":"publish","type":"post","link":"https:\/\/vanderloubet.com.br\/deputado\/santa-casa-precisa-de-amplo-e-revitalizado-mutirao-defende-vander\/","title":{"rendered":"Santa Casa precisa de amplo e revitalizado mutir\u00e3o, defende Vander"},"content":{"rendered":"<p style=\"text-align: center;\">\n<figure id=\"attachment_2200\" aria-describedby=\"caption-attachment-2200\" style=\"width: 300px\" class=\"wp-caption aligncenter\"><a href=\"http:\/\/www.deputadovander.com.br\/website\/wp-content\/uploads\/2010\/09\/foto-2010-09-03-santacasa-cg.jpg\" target=\"_blank\"><img fetchpriority=\"high\" decoding=\"async\" class=\"size-medium wp-image-2200 \" title=\"foto-2010-09-03-santacasa-cg\" src=\"http:\/\/www.deputadovander.com.br\/website\/wp-content\/uploads\/2010\/09\/foto-2010-09-03-santacasa-cg-300x224.jpg\" alt=\"Santa Casa de Campo Grande\" width=\"300\" height=\"224\" \/><\/a><figcaption id=\"caption-attachment-2200\" class=\"wp-caption-text\">Santa Casa de Campo Grande<\/figcaption><\/figure>\n<\/p>\n<p>Recompor os ganhos salariais dos trabalhadores \u00e9 uma das prioridades da Santa Casa de Campo Grande, afirma o deputado federal Vander Loubet (PT-MS), para quem a institui\u00e7\u00e3o precisa ser socorrida por um amplo e revitalizado mutir\u00e3o de apoio em todos os n\u00edveis pol\u00edticos, sociais e institucionais. O coment\u00e1rio de Vander reporta-se aos problemas que assolam o hospital, cujos enfermeiros entraram em greve no dia 23 de agosto e diversas estruturas de atendimento n\u00e3o est\u00e3o funcionando. O hospital hoje opera fora do limite t\u00e9cnico e operacional por causa dos problemas.<\/p>\n<p>&#8220;Trata-se, antes de tudo, de um dos maiores patrim\u00f4nios human\u00edsticos e sociais de Campo Grande, um dos principais estabelecimentos do g\u00eanero no Brasil, um centro de dedicada especializa\u00e7\u00e3o na obra de salvar e proteger vidas&#8221;, afirmou. Ele diz ser &#8220;absolutamente urgente e inadi\u00e1vel&#8221; que todos os detentores de mandatos legislativos e executivos, dirigentes dos poderes p\u00fablicos e da sociedade organizada se mobilizem para procurar as solu\u00e7\u00f5es.<\/p>\n<p>&#8220;N\u00e3o importa quem dirige a Santa Casa. A responsabilidade \u00e9 de todo mundo, mesmo sendo uma institui\u00e7\u00e3o de natureza privada. O hospital recebe recursos para fazer o atendimento pelo Sistema \u00danico de Sa\u00fade (SUS) e sem ele a popula\u00e7\u00e3o mais carente \u00e9 prejudicada, at\u00e9 porque toda a rede de atendimento p\u00fablico vive congestionada pelas demandas locais e de outros munic\u00edpios, estados e at\u00e9 pa\u00edses vizinhos&#8221;, analisou.<\/p>\n<p>Esfor\u00e7o<\/p>\n<p>Vander lembra que j\u00e1 aconteceram outras mobiliza\u00e7\u00f5es pol\u00edticas e sociais para impedir o fechamento do hospital, atualmente administrado por uma junta interventora. &#8220;Esse esfor\u00e7o deve acontecer tantas vezes quantas forem necess\u00e1rias&#8221;, insiste. O deputado salienta que cabe tamb\u00e9m aos governos estadual e municipais adotarem pol\u00edticas efetivas e eficientes de controle e racionaliza\u00e7\u00e3o dos atendimentos, j\u00e1 que grande parte da clientela da Santa Casa \u00e9 &#8220;exportada&#8221; por prefeituras, muitas vezes sem necessidade.<\/p>\n<p>&#8220;H\u00e1 muitos pacientes que podem ser atendidos em seu pr\u00f3prio munic\u00edpio. A quest\u00e3o \u00e9 que j\u00e1 existe uma cultura arraigada de enviar as pessoas para Campo Grande e a Santa Casa tem tradi\u00e7\u00e3o de atender. Um dia, excede o limite, o recurso se esvai e ocorre problemas como a queda de qualidade no atendimento e a impossibilidade de melhorar a remunera\u00e7\u00e3o dos trabalhadores&#8221;, assinalou.<\/p>\n<p>Para o deputado, o governo estadual ou quem tiver tal compet\u00eancia poderia orientar e conscientizar quem for preciso a fazer o poss\u00edvel para n\u00e3o congestionar a demanda. Vander ainda acredita que a reivindica\u00e7\u00e3o dos enfermeiros \u00e9 justa. &#8220;Reconhe\u00e7o que o hospital enfrenta dificuldades. Por\u00e9m, se n\u00e3o cuidar com prioridade de seus recursos humanos as dificuldades ser\u00e3o ainda maiores&#8221;, concluiu.<\/p>\n<p><small>(Edson Moraes &#8211; Assessoria de Comunica\u00e7\u00e3o)<\/small><\/p>\n","protected":false},"excerpt":{"rendered":"<p>Para deputado, n\u00e3o importa quem dirige a Santa Casa. Responsabilidade \u00e9 de todos. Sem o hospital, popula\u00e7\u00e3o \u00e9 prejudicada.<\/p>\n","protected":false},"author":2,"featured_media":0,"comment_status":"open","ping_status":"open","sticky":false,"template":"","format":"standard","meta":{"_jetpack_newsletter_access":"","_jetpack_dont_email_post_to_subs":false,"_jetpack_newsletter_tier_id":0,"_jetpack_memberships_contains_paywalled_content":false,"_jetpack_feature_clip_id":0,"_jetpack_memberships_contains_paid_content":false,"footnotes":"","jetpack_post_was_ever_published":false},"categories":[10],"tags":[342,972,1788,1803,2035],"class_list":["post-2198","post","type-post","status-publish","format-standard","hentry","category-noticias","tag-campo-grande","tag-hospital","tag-santa-casa","tag-saude","tag-vander-loubet"],"yoast_head":"<!-- This site is optimized with the Yoast SEO plugin v28.0 - https:\/\/yoast.com\/product\/yoast-seo-wordpress\/ -->\n<title>Santa Casa precisa de amplo e revitalizado mutir\u00e3o, defende Vander<\/title>\n<meta name=\"robots\" content=\"index, follow, max-snippet:-1, max-image-preview:large, max-video-preview:-1\" \/>\n<link rel=\"canonical\" href=\"https:\/\/vanderloubet.com.br\/deputado\/santa-casa-precisa-de-amplo-e-revitalizado-mutirao-defende-vander\/\" \/>\n<meta property=\"og:locale\" content=\"pt_BR\" \/>\n<meta property=\"og:type\" content=\"article\" \/>\n<meta property=\"og:title\" content=\"Santa Casa precisa de amplo e revitalizado mutir\u00e3o, defende Vander\" \/>\n<meta property=\"og:description\" content=\"Para deputado, n\u00e3o importa quem dirige a Santa Casa. Responsabilidade \u00e9 de todos. Sem o hospital, popula\u00e7\u00e3o \u00e9 prejudicada.\" \/>\n<meta property=\"og:url\" content=\"https:\/\/vanderloubet.com.br\/deputado\/santa-casa-precisa-de-amplo-e-revitalizado-mutirao-defende-vander\/\" \/>\n<meta property=\"og:site_name\" content=\"Vander 133\" \/>\n<meta property=\"article:publisher\" content=\"https:\/\/facebook.com\/deputadovander\" \/>\n<meta property=\"article:published_time\" content=\"2010-09-03T13:34:28+00:00\" \/>\n<meta property=\"og:image\" content=\"http:\/\/www.deputadovander.com.br\/website\/wp-content\/uploads\/2010\/09\/foto-2010-09-03-santacasa-cg-300x224.jpg\" \/>\n<meta name=\"author\" content=\"\u00c9der\" \/>\n<meta name=\"twitter:card\" content=\"summary_large_image\" \/>\n<meta name=\"twitter:creator\" content=\"@vanderloubet\" \/>\n<meta name=\"twitter:site\" content=\"@vanderloubet\" \/>\n<script type=\"application\/ld+json\" class=\"yoast-schema-graph\">{\"@context\":\"https:\\\/\\\/schema.org\",\"@graph\":[{\"@type\":\"Article\",\"@id\":\"https:\\\/\\\/vanderloubet.com.br\\\/deputado\\\/santa-casa-precisa-de-amplo-e-revitalizado-mutirao-defende-vander\\\/#article\",\"isPartOf\":{\"@id\":\"https:\\\/\\\/vanderloubet.com.br\\\/deputado\\\/santa-casa-precisa-de-amplo-e-revitalizado-mutirao-defende-vander\\\/\"},\"author\":{\"name\":\"\u00c9der\",\"@id\":\"https:\\\/\\\/vanderloubet.com.br\\\/deputado\\\/#\\\/schema\\\/person\\\/15b51bd564532a8a68d9dec1b8eb890e\"},\"headline\":\"Santa Casa precisa de amplo e revitalizado mutir\u00e3o, defende Vander\",\"datePublished\":\"2010-09-03T13:34:28+00:00\",\"mainEntityOfPage\":{\"@id\":\"https:\\\/\\\/vanderloubet.com.br\\\/deputado\\\/santa-casa-precisa-de-amplo-e-revitalizado-mutirao-defende-vander\\\/\"},\"wordCount\":483,\"commentCount\":0,\"publisher\":{\"@id\":\"https:\\\/\\\/vanderloubet.com.br\\\/deputado\\\/#organization\"},\"image\":{\"@id\":\"https:\\\/\\\/vanderloubet.com.br\\\/deputado\\\/santa-casa-precisa-de-amplo-e-revitalizado-mutirao-defende-vander\\\/#primaryimage\"},\"thumbnailUrl\":\"http:\\\/\\\/www.deputadovander.com.br\\\/website\\\/wp-content\\\/uploads\\\/2010\\\/09\\\/foto-2010-09-03-santacasa-cg-300x224.jpg\",\"keywords\":[\"campo grande\",\"hospital\",\"santa casa\",\"sa\u00fade\",\"vander loubet\"],\"articleSection\":[\"Not\u00edcias\"],\"inLanguage\":\"pt-BR\",\"potentialAction\":[{\"@type\":\"CommentAction\",\"name\":\"Comment\",\"target\":[\"https:\\\/\\\/vanderloubet.com.br\\\/deputado\\\/santa-casa-precisa-de-amplo-e-revitalizado-mutirao-defende-vander\\\/#respond\"]}]},{\"@type\":\"WebPage\",\"@id\":\"https:\\\/\\\/vanderloubet.com.br\\\/deputado\\\/santa-casa-precisa-de-amplo-e-revitalizado-mutirao-defende-vander\\\/\",\"url\":\"https:\\\/\\\/vanderloubet.com.br\\\/deputado\\\/santa-casa-precisa-de-amplo-e-revitalizado-mutirao-defende-vander\\\/\",\"name\":\"Santa Casa precisa de amplo e revitalizado mutir\u00e3o, defende Vander\",\"isPartOf\":{\"@id\":\"https:\\\/\\\/vanderloubet.com.br\\\/deputado\\\/#website\"},\"primaryImageOfPage\":{\"@id\":\"https:\\\/\\\/vanderloubet.com.br\\\/deputado\\\/santa-casa-precisa-de-amplo-e-revitalizado-mutirao-defende-vander\\\/#primaryimage\"},\"image\":{\"@id\":\"https:\\\/\\\/vanderloubet.com.br\\\/deputado\\\/santa-casa-precisa-de-amplo-e-revitalizado-mutirao-defende-vander\\\/#primaryimage\"},\"thumbnailUrl\":\"http:\\\/\\\/www.deputadovander.com.br\\\/website\\\/wp-content\\\/uploads\\\/2010\\\/09\\\/foto-2010-09-03-santacasa-cg-300x224.jpg\",\"datePublished\":\"2010-09-03T13:34:28+00:00\",\"breadcrumb\":{\"@id\":\"https:\\\/\\\/vanderloubet.com.br\\\/deputado\\\/santa-casa-precisa-de-amplo-e-revitalizado-mutirao-defende-vander\\\/#breadcrumb\"},\"inLanguage\":\"pt-BR\",\"potentialAction\":[{\"@type\":\"ReadAction\",\"target\":[\"https:\\\/\\\/vanderloubet.com.br\\\/deputado\\\/santa-casa-precisa-de-amplo-e-revitalizado-mutirao-defende-vander\\\/\"]}]},{\"@type\":\"ImageObject\",\"inLanguage\":\"pt-BR\",\"@id\":\"https:\\\/\\\/vanderloubet.com.br\\\/deputado\\\/santa-casa-precisa-de-amplo-e-revitalizado-mutirao-defende-vander\\\/#primaryimage\",\"url\":\"http:\\\/\\\/www.deputadovander.com.br\\\/website\\\/wp-content\\\/uploads\\\/2010\\\/09\\\/foto-2010-09-03-santacasa-cg-300x224.jpg\",\"contentUrl\":\"http:\\\/\\\/www.deputadovander.com.br\\\/website\\\/wp-content\\\/uploads\\\/2010\\\/09\\\/foto-2010-09-03-santacasa-cg-300x224.jpg\"},{\"@type\":\"BreadcrumbList\",\"@id\":\"https:\\\/\\\/vanderloubet.com.br\\\/deputado\\\/santa-casa-precisa-de-amplo-e-revitalizado-mutirao-defende-vander\\\/#breadcrumb\",\"itemListElement\":[{\"@type\":\"ListItem\",\"position\":1,\"name\":\"In\u00edcio\",\"item\":\"https:\\\/\\\/vanderloubet.com.br\\\/deputado\\\/\"},{\"@type\":\"ListItem\",\"position\":2,\"name\":\"Santa Casa precisa de amplo e revitalizado mutir\u00e3o, defende Vander\"}]},{\"@type\":\"WebSite\",\"@id\":\"https:\\\/\\\/vanderloubet.com.br\\\/deputado\\\/#website\",\"url\":\"https:\\\/\\\/vanderloubet.com.br\\\/deputado\\\/\",\"name\":\"Vander 133\",\"description\":\"O Senador da gente\",\"publisher\":{\"@id\":\"https:\\\/\\\/vanderloubet.com.br\\\/deputado\\\/#organization\"},\"alternateName\":\"Deputado Vander\",\"potentialAction\":[{\"@type\":\"SearchAction\",\"target\":{\"@type\":\"EntryPoint\",\"urlTemplate\":\"https:\\\/\\\/vanderloubet.com.br\\\/deputado\\\/?s={search_term_string}\"},\"query-input\":{\"@type\":\"PropertyValueSpecification\",\"valueRequired\":true,\"valueName\":\"search_term_string\"}}],\"inLanguage\":\"pt-BR\"},{\"@type\":\"Organization\",\"@id\":\"https:\\\/\\\/vanderloubet.com.br\\\/deputado\\\/#organization\",\"name\":\"Deputado Federal Vander Loubet\",\"alternateName\":\"Deputado Vander\",\"url\":\"https:\\\/\\\/vanderloubet.com.br\\\/deputado\\\/\",\"logo\":{\"@type\":\"ImageObject\",\"inLanguage\":\"pt-BR\",\"@id\":\"https:\\\/\\\/vanderloubet.com.br\\\/deputado\\\/#\\\/schema\\\/logo\\\/image\\\/\",\"url\":\"https:\\\/\\\/vanderloubet.com.br\\\/deputado\\\/wp-content\\\/uploads\\\/2023\\\/06\\\/foto-2023-06-19-mandato-deputado-vander.jpg\",\"contentUrl\":\"https:\\\/\\\/vanderloubet.com.br\\\/deputado\\\/wp-content\\\/uploads\\\/2023\\\/06\\\/foto-2023-06-19-mandato-deputado-vander.jpg\",\"width\":1080,\"height\":1080,\"caption\":\"Deputado Federal Vander Loubet\"},\"image\":{\"@id\":\"https:\\\/\\\/vanderloubet.com.br\\\/deputado\\\/#\\\/schema\\\/logo\\\/image\\\/\"},\"sameAs\":[\"https:\\\/\\\/facebook.com\\\/deputadovander\",\"https:\\\/\\\/x.com\\\/vanderloubet\",\"https:\\\/\\\/instagram.com\\\/vanderloubet\",\"https:\\\/\\\/youtube.com\\\/vanderloubet\",\"https:\\\/\\\/tiktok.com\\\/@vanderloubetms\"]},{\"@type\":\"Person\",\"@id\":\"https:\\\/\\\/vanderloubet.com.br\\\/deputado\\\/#\\\/schema\\\/person\\\/15b51bd564532a8a68d9dec1b8eb890e\",\"name\":\"\u00c9der\",\"image\":{\"@type\":\"ImageObject\",\"inLanguage\":\"pt-BR\",\"@id\":\"https:\\\/\\\/secure.gravatar.com\\\/avatar\\\/f87e644facd4d2ef1044b556ced7905f2bfec824839a005707719af7787fea61?s=96&d=mm&r=g\",\"url\":\"https:\\\/\\\/secure.gravatar.com\\\/avatar\\\/f87e644facd4d2ef1044b556ced7905f2bfec824839a005707719af7787fea61?s=96&d=mm&r=g\",\"contentUrl\":\"https:\\\/\\\/secure.gravatar.com\\\/avatar\\\/f87e644facd4d2ef1044b556ced7905f2bfec824839a005707719af7787fea61?s=96&d=mm&r=g\",\"caption\":\"\u00c9der\"}}]}<\/script>\n<!-- \/ Yoast SEO plugin. -->","yoast_head_json":{"title":"Santa Casa precisa de amplo e revitalizado mutir\u00e3o, defende Vander","robots":{"index":"index","follow":"follow","max-snippet":"max-snippet:-1","max-image-preview":"max-image-preview:large","max-video-preview":"max-video-preview:-1"},"canonical":"https:\/\/vanderloubet.com.br\/deputado\/santa-casa-precisa-de-amplo-e-revitalizado-mutirao-defende-vander\/","og_locale":"pt_BR","og_type":"article","og_title":"Santa Casa precisa de amplo e revitalizado mutir\u00e3o, defende Vander","og_description":"Para deputado, n\u00e3o importa quem dirige a Santa Casa. Responsabilidade \u00e9 de todos. Sem o hospital, popula\u00e7\u00e3o \u00e9 prejudicada.","og_url":"https:\/\/vanderloubet.com.br\/deputado\/santa-casa-precisa-de-amplo-e-revitalizado-mutirao-defende-vander\/","og_site_name":"Vander 133","article_publisher":"https:\/\/facebook.com\/deputadovander","article_published_time":"2010-09-03T13:34:28+00:00","og_image":[{"url":"http:\/\/www.deputadovander.com.br\/website\/wp-content\/uploads\/2010\/09\/foto-2010-09-03-santacasa-cg-300x224.jpg","type":"","width":"","height":""}],"author":"\u00c9der","twitter_card":"summary_large_image","twitter_creator":"@vanderloubet","twitter_site":"@vanderloubet","schema":{"@context":"https:\/\/schema.org","@graph":[{"@type":"Article","@id":"https:\/\/vanderloubet.com.br\/deputado\/santa-casa-precisa-de-amplo-e-revitalizado-mutirao-defende-vander\/#article","isPartOf":{"@id":"https:\/\/vanderloubet.com.br\/deputado\/santa-casa-precisa-de-amplo-e-revitalizado-mutirao-defende-vander\/"},"author":{"name":"\u00c9der","@id":"https:\/\/vanderloubet.com.br\/deputado\/#\/schema\/person\/15b51bd564532a8a68d9dec1b8eb890e"},"headline":"Santa Casa precisa de amplo e revitalizado mutir\u00e3o, defende Vander","datePublished":"2010-09-03T13:34:28+00:00","mainEntityOfPage":{"@id":"https:\/\/vanderloubet.com.br\/deputado\/santa-casa-precisa-de-amplo-e-revitalizado-mutirao-defende-vander\/"},"wordCount":483,"commentCount":0,"publisher":{"@id":"https:\/\/vanderloubet.com.br\/deputado\/#organization"},"image":{"@id":"https:\/\/vanderloubet.com.br\/deputado\/santa-casa-precisa-de-amplo-e-revitalizado-mutirao-defende-vander\/#primaryimage"},"thumbnailUrl":"http:\/\/www.deputadovander.com.br\/website\/wp-content\/uploads\/2010\/09\/foto-2010-09-03-santacasa-cg-300x224.jpg","keywords":["campo grande","hospital","santa casa","sa\u00fade","vander loubet"],"articleSection":["Not\u00edcias"],"inLanguage":"pt-BR","potentialAction":[{"@type":"CommentAction","name":"Comment","target":["https:\/\/vanderloubet.com.br\/deputado\/santa-casa-precisa-de-amplo-e-revitalizado-mutirao-defende-vander\/#respond"]}]},{"@type":"WebPage","@id":"https:\/\/vanderloubet.com.br\/deputado\/santa-casa-precisa-de-amplo-e-revitalizado-mutirao-defende-vander\/","url":"https:\/\/vanderloubet.com.br\/deputado\/santa-casa-precisa-de-amplo-e-revitalizado-mutirao-defende-vander\/","name":"Santa Casa precisa de amplo e revitalizado mutir\u00e3o, defende Vander","isPartOf":{"@id":"https:\/\/vanderloubet.com.br\/deputado\/#website"},"primaryImageOfPage":{"@id":"https:\/\/vanderloubet.com.br\/deputado\/santa-casa-precisa-de-amplo-e-revitalizado-mutirao-defende-vander\/#primaryimage"},"image":{"@id":"https:\/\/vanderloubet.com.br\/deputado\/santa-casa-precisa-de-amplo-e-revitalizado-mutirao-defende-vander\/#primaryimage"},"thumbnailUrl":"http:\/\/www.deputadovander.com.br\/website\/wp-content\/uploads\/2010\/09\/foto-2010-09-03-santacasa-cg-300x224.jpg","datePublished":"2010-09-03T13:34:28+00:00","breadcrumb":{"@id":"https:\/\/vanderloubet.com.br\/deputado\/santa-casa-precisa-de-amplo-e-revitalizado-mutirao-defende-vander\/#breadcrumb"},"inLanguage":"pt-BR","potentialAction":[{"@type":"ReadAction","target":["https:\/\/vanderloubet.com.br\/deputado\/santa-casa-precisa-de-amplo-e-revitalizado-mutirao-defende-vander\/"]}]},{"@type":"ImageObject","inLanguage":"pt-BR","@id":"https:\/\/vanderloubet.com.br\/deputado\/santa-casa-precisa-de-amplo-e-revitalizado-mutirao-defende-vander\/#primaryimage","url":"http:\/\/www.deputadovander.com.br\/website\/wp-content\/uploads\/2010\/09\/foto-2010-09-03-santacasa-cg-300x224.jpg","contentUrl":"http:\/\/www.deputadovander.com.br\/website\/wp-content\/uploads\/2010\/09\/foto-2010-09-03-santacasa-cg-300x224.jpg"},{"@type":"BreadcrumbList","@id":"https:\/\/vanderloubet.com.br\/deputado\/santa-casa-precisa-de-amplo-e-revitalizado-mutirao-defende-vander\/#breadcrumb","itemListElement":[{"@type":"ListItem","position":1,"name":"In\u00edcio","item":"https:\/\/vanderloubet.com.br\/deputado\/"},{"@type":"ListItem","position":2,"name":"Santa Casa precisa de amplo e revitalizado mutir\u00e3o, defende Vander"}]},{"@type":"WebSite","@id":"https:\/\/vanderloubet.com.br\/deputado\/#website","url":"https:\/\/vanderloubet.com.br\/deputado\/","name":"Vander 133","description":"O Senador da gente","publisher":{"@id":"https:\/\/vanderloubet.com.br\/deputado\/#organization"},"alternateName":"Deputado Vander","potentialAction":[{"@type":"SearchAction","target":{"@type":"EntryPoint","urlTemplate":"https:\/\/vanderloubet.com.br\/deputado\/?s={search_term_string}"},"query-input":{"@type":"PropertyValueSpecification","valueRequired":true,"valueName":"search_term_string"}}],"inLanguage":"pt-BR"},{"@type":"Organization","@id":"https:\/\/vanderloubet.com.br\/deputado\/#organization","name":"Deputado Federal Vander Loubet","alternateName":"Deputado Vander","url":"https:\/\/vanderloubet.com.br\/deputado\/","logo":{"@type":"ImageObject","inLanguage":"pt-BR","@id":"https:\/\/vanderloubet.com.br\/deputado\/#\/schema\/logo\/image\/","url":"https:\/\/vanderloubet.com.br\/deputado\/wp-content\/uploads\/2023\/06\/foto-2023-06-19-mandato-deputado-vander.jpg","contentUrl":"https:\/\/vanderloubet.com.br\/deputado\/wp-content\/uploads\/2023\/06\/foto-2023-06-19-mandato-deputado-vander.jpg","width":1080,"height":1080,"caption":"Deputado Federal Vander Loubet"},"image":{"@id":"https:\/\/vanderloubet.com.br\/deputado\/#\/schema\/logo\/image\/"},"sameAs":["https:\/\/facebook.com\/deputadovander","https:\/\/x.com\/vanderloubet","https:\/\/instagram.com\/vanderloubet","https:\/\/youtube.com\/vanderloubet","https:\/\/tiktok.com\/@vanderloubetms"]},{"@type":"Person","@id":"https:\/\/vanderloubet.com.br\/deputado\/#\/schema\/person\/15b51bd564532a8a68d9dec1b8eb890e","name":"\u00c9der","image":{"@type":"ImageObject","inLanguage":"pt-BR","@id":"https:\/\/secure.gravatar.com\/avatar\/f87e644facd4d2ef1044b556ced7905f2bfec824839a005707719af7787fea61?s=96&d=mm&r=g","url":"https:\/\/secure.gravatar.com\/avatar\/f87e644facd4d2ef1044b556ced7905f2bfec824839a005707719af7787fea61?s=96&d=mm&r=g","contentUrl":"https:\/\/secure.gravatar.com\/avatar\/f87e644facd4d2ef1044b556ced7905f2bfec824839a005707719af7787fea61?s=96&d=mm&r=g","caption":"\u00c9der"}}]}},"jetpack_featured_media_url":"","jetpack_sharing_enabled":true,"_links":{"self":[{"href":"https:\/\/vanderloubet.com.br\/deputado\/wp-json\/wp\/v2\/posts\/2198","targetHints":{"allow":["GET"]}}],"collection":[{"href":"https:\/\/vanderloubet.com.br\/deputado\/wp-json\/wp\/v2\/posts"}],"about":[{"href":"https:\/\/vanderloubet.com.br\/deputado\/wp-json\/wp\/v2\/types\/post"}],"author":[{"embeddable":true,"href":"https:\/\/vanderloubet.com.br\/deputado\/wp-json\/wp\/v2\/users\/2"}],"replies":[{"embeddable":true,"href":"https:\/\/vanderloubet.com.br\/deputado\/wp-json\/wp\/v2\/comments?post=2198"}],"version-history":[{"count":0,"href":"https:\/\/vanderloubet.com.br\/deputado\/wp-json\/wp\/v2\/posts\/2198\/revisions"}],"wp:attachment":[{"href":"https:\/\/vanderloubet.com.br\/deputado\/wp-json\/wp\/v2\/media?parent=2198"}],"wp:term":[{"taxonomy":"category","embeddable":true,"href":"https:\/\/vanderloubet.com.br\/deputado\/wp-json\/wp\/v2\/categories?post=2198"},{"taxonomy":"post_tag","embeddable":true,"href":"https:\/\/vanderloubet.com.br\/deputado\/wp-json\/wp\/v2\/tags?post=2198"}],"curies":[{"name":"wp","href":"https:\/\/api.w.org\/{rel}","templated":true}]}}