{"id":21535,"date":"2026-08-30T13:14:30","date_gmt":"2026-08-30T17:14:30","guid":{"rendered":"https:\/\/vanderloubet.com.br\/deputado\/?p=21535"},"modified":"2026-08-30T13:14:30","modified_gmt":"2026-08-30T17:14:30","slug":"deputado-que-mais-destinou-recursos-a-navirai-vander-recebe-apoio-de-11-vereadores-para-o-senado","status":"publish","type":"post","link":"https:\/\/vanderloubet.com.br\/deputado\/deputado-que-mais-destinou-recursos-a-navirai-vander-recebe-apoio-de-11-vereadores-para-o-senado\/","title":{"rendered":"Deputado que mais destinou recursos a Navira\u00ed, Vander recebe apoio de 11 vereadores para o Senado"},"content":{"rendered":"<p>Candidato ao Senado e deputado federal, Vander Loubet (PT-MS) se reuniu com 11 dos 15 vereadores de Navira\u00ed e reafirmou o compromisso de ampliar os investimentos destinados ao munic\u00edpio. Ao longo de sua atua\u00e7\u00e3o parlamentar, Vander j\u00e1 viabilizou mais de R$ 72 milh\u00f5es em recursos e investimentos para Navira\u00ed, consolidando-se como um dos principais parceiros da cidade em Bras\u00edlia.<\/p>\n<p>Entre as a\u00e7\u00f5es que tiveram participa\u00e7\u00e3o do parlamentar est\u00e3o a constru\u00e7\u00e3o de mais de 895 moradias pelo programa Minha Casa Minha Vida, a pavimenta\u00e7\u00e3o asf\u00e1ltica do Bairro Sol Nascente, a constru\u00e7\u00e3o da sede do Conselho Tutelar, al\u00e9m de investimentos e obras executadas por meio do Programa de Acelera\u00e7\u00e3o do Crescimento (PAC) e de recursos destinados a diferentes \u00e1reas do munic\u00edpio.<\/p>\n<p>Agora, na disputa por uma vaga no Senado, Vander afirmou aos vereadores que pretende ampliar ainda mais a capacidade de articula\u00e7\u00e3o pol\u00edtica de Navira\u00ed junto ao Governo Federal e trabalhar para aumentar o volume de investimentos destinados ao munic\u00edpio, especialmente pelo fato de Navira\u00ed ocupar uma posi\u00e7\u00e3o estrat\u00e9gica no desenvolvimento de Mato Grosso do Sul e exercer papel fundamental na regi\u00e3o do Cone Sul.<\/p>\n<p>&#8220;Assumi o compromisso de continuar trabalhando e lutando pelos recursos que Navira\u00ed precisa. Como senador, quero ampliar ainda mais essa parceria e dar aten\u00e7\u00e3o especial a \u00e1reas fundamentais para a popula\u00e7\u00e3o. Tudo o que constru\u00edmos at\u00e9 aqui mostra que sabemos como fazer os recursos chegarem ao munic\u00edpio&#8221;, afirmou Vander.<\/p>\n<p>O vereador Marcio Araguaia destacou que o apoio ao candidato tamb\u00e9m representa o reconhecimento ao trabalho realizado pelo parlamentar ao longo de seus 24 anos como deputado federal.<\/p>\n<p>&#8220;O Vander sempre foi um dos maiores parceiros de Navira\u00ed e nunca olhou para cor partid\u00e1ria na hora de ajudar o munic\u00edpio. \u00c9 algu\u00e9m que conhece nossas demandas e que sempre abriu as portas para a nossa cidade. Tenho certeza de que Navira\u00ed saber\u00e1 reconhecer todo o trabalho que ele j\u00e1 prestou e tudo o que ainda pode fazer por n\u00f3s no Senado&#8221;, pontuou o edil.<\/p>\n<p>Participaram do encontro os vereadores Marcio Araguaia, Andr\u00e9 Ricardo (Ricck Eventos), Brendo Barbosa, Ederson Dutra, Eli Jos\u00e9, Giovana Silv\u00e9rio, Liliane Patr\u00edcia, Murilo Peres, Regivan Moraes, Ros\u00e2ngela Sofa e Sara Castel\u00e3o, al\u00e9m do suplente de vereador Gordinho do T\u00e1xi.<\/p>\n","protected":false},"excerpt":{"rendered":"<p>Com mais de R$ 72 milh\u00f5es destinados, parlamentar refor\u00e7ou compromisso de ampliar investimentos para sa\u00fade, habita\u00e7\u00e3o e educa\u00e7\u00e3o<\/p>\n","protected":false},"author":2,"featured_media":21536,"comment_status":"closed","ping_status":"closed","sticky":false,"template":"","format":"standard","meta":{"_jetpack_newsletter_access":"","_jetpack_dont_email_post_to_subs":false,"_jetpack_newsletter_tier_id":0,"_jetpack_memberships_contains_paywalled_content":false,"_jetpack_feature_clip_id":0,"_jetpack_memberships_contains_paid_content":false,"footnotes":"","jetpack_post_was_ever_published":false},"categories":[2097,10],"tags":[700,1366],"class_list":["post-21535","post","type-post","status-publish","format-standard","has-post-thumbnail","hentry","category-municipios-noticias","category-noticias","tag-eleicao","tag-navirai"],"yoast_head":"<!-- This site is optimized with the Yoast SEO plugin v28.0 - https:\/\/yoast.com\/product\/yoast-seo-wordpress\/ -->\n<title>Deputado que mais destinou recursos a Navira\u00ed, Vander recebe apoio de 11 vereadores para o Senado<\/title>\n<meta name=\"description\" content=\"Com mais de R$ 72 milh\u00f5es destinados, parlamentar refor\u00e7ou compromisso de ampliar investimentos para sa\u00fade, habita\u00e7\u00e3o e educa\u00e7\u00e3o\" \/>\n<meta name=\"robots\" content=\"index, follow, max-snippet:-1, max-image-preview:large, max-video-preview:-1\" \/>\n<link rel=\"canonical\" href=\"https:\/\/vanderloubet.com.br\/deputado\/deputado-que-mais-destinou-recursos-a-navirai-vander-recebe-apoio-de-11-vereadores-para-o-senado\/\" \/>\n<meta property=\"og:locale\" content=\"pt_BR\" \/>\n<meta property=\"og:type\" content=\"article\" \/>\n<meta property=\"og:title\" content=\"Deputado que mais destinou recursos a Navira\u00ed, Vander recebe apoio de 11 vereadores para o Senado\" \/>\n<meta property=\"og:description\" content=\"Com mais de R$ 72 milh\u00f5es destinados, parlamentar refor\u00e7ou compromisso de ampliar investimentos para sa\u00fade, habita\u00e7\u00e3o e educa\u00e7\u00e3o\" \/>\n<meta property=\"og:url\" content=\"https:\/\/vanderloubet.com.br\/deputado\/deputado-que-mais-destinou-recursos-a-navirai-vander-recebe-apoio-de-11-vereadores-para-o-senado\/\" \/>\n<meta property=\"og:site_name\" content=\"Vander 133\" \/>\n<meta property=\"article:publisher\" content=\"https:\/\/facebook.com\/deputadovander\" \/>\n<meta property=\"article:published_time\" content=\"2026-08-30T17:14:30+00:00\" \/>\n<meta property=\"og:image\" content=\"https:\/\/vanderloubet.com.br\/deputado\/wp-content\/uploads\/2026\/08\/foto-2026-08-30-vander-vereadores-navirai.jpg\" \/>\n\t<meta property=\"og:image:width\" content=\"1280\" \/>\n\t<meta property=\"og:image:height\" content=\"960\" \/>\n\t<meta property=\"og:image:type\" content=\"image\/jpeg\" \/>\n<meta name=\"author\" content=\"\u00c9der\" \/>\n<meta name=\"twitter:card\" content=\"summary_large_image\" \/>\n<meta name=\"twitter:creator\" content=\"@vanderloubet\" \/>\n<meta name=\"twitter:site\" content=\"@vanderloubet\" \/>\n<script type=\"application\/ld+json\" class=\"yoast-schema-graph\">{\"@context\":\"https:\\\/\\\/schema.org\",\"@graph\":[{\"@type\":\"Article\",\"@id\":\"https:\\\/\\\/vanderloubet.com.br\\\/deputado\\\/deputado-que-mais-destinou-recursos-a-navirai-vander-recebe-apoio-de-11-vereadores-para-o-senado\\\/#article\",\"isPartOf\":{\"@id\":\"https:\\\/\\\/vanderloubet.com.br\\\/deputado\\\/deputado-que-mais-destinou-recursos-a-navirai-vander-recebe-apoio-de-11-vereadores-para-o-senado\\\/\"},\"author\":{\"name\":\"\u00c9der\",\"@id\":\"https:\\\/\\\/vanderloubet.com.br\\\/deputado\\\/#\\\/schema\\\/person\\\/15b51bd564532a8a68d9dec1b8eb890e\"},\"headline\":\"Deputado que mais destinou recursos a Navira\u00ed, Vander recebe apoio de 11 vereadores para o Senado\",\"datePublished\":\"2026-08-30T17:14:30+00:00\",\"mainEntityOfPage\":{\"@id\":\"https:\\\/\\\/vanderloubet.com.br\\\/deputado\\\/deputado-que-mais-destinou-recursos-a-navirai-vander-recebe-apoio-de-11-vereadores-para-o-senado\\\/\"},\"wordCount\":408,\"publisher\":{\"@id\":\"https:\\\/\\\/vanderloubet.com.br\\\/deputado\\\/#organization\"},\"image\":{\"@id\":\"https:\\\/\\\/vanderloubet.com.br\\\/deputado\\\/deputado-que-mais-destinou-recursos-a-navirai-vander-recebe-apoio-de-11-vereadores-para-o-senado\\\/#primaryimage\"},\"thumbnailUrl\":\"https:\\\/\\\/vanderloubet.com.br\\\/deputado\\\/wp-content\\\/uploads\\\/2026\\\/08\\\/foto-2026-08-30-vander-vereadores-navirai.jpg\",\"keywords\":[\"elei\u00e7\u00e3o\",\"navira\u00ed\"],\"articleSection\":[\"Munic\u00edpios\",\"Not\u00edcias\"],\"inLanguage\":\"pt-BR\"},{\"@type\":\"WebPage\",\"@id\":\"https:\\\/\\\/vanderloubet.com.br\\\/deputado\\\/deputado-que-mais-destinou-recursos-a-navirai-vander-recebe-apoio-de-11-vereadores-para-o-senado\\\/\",\"url\":\"https:\\\/\\\/vanderloubet.com.br\\\/deputado\\\/deputado-que-mais-destinou-recursos-a-navirai-vander-recebe-apoio-de-11-vereadores-para-o-senado\\\/\",\"name\":\"Deputado que mais destinou recursos a Navira\u00ed, Vander recebe apoio de 11 vereadores para o Senado\",\"isPartOf\":{\"@id\":\"https:\\\/\\\/vanderloubet.com.br\\\/deputado\\\/#website\"},\"primaryImageOfPage\":{\"@id\":\"https:\\\/\\\/vanderloubet.com.br\\\/deputado\\\/deputado-que-mais-destinou-recursos-a-navirai-vander-recebe-apoio-de-11-vereadores-para-o-senado\\\/#primaryimage\"},\"image\":{\"@id\":\"https:\\\/\\\/vanderloubet.com.br\\\/deputado\\\/deputado-que-mais-destinou-recursos-a-navirai-vander-recebe-apoio-de-11-vereadores-para-o-senado\\\/#primaryimage\"},\"thumbnailUrl\":\"https:\\\/\\\/vanderloubet.com.br\\\/deputado\\\/wp-content\\\/uploads\\\/2026\\\/08\\\/foto-2026-08-30-vander-vereadores-navirai.jpg\",\"datePublished\":\"2026-08-30T17:14:30+00:00\",\"description\":\"Com mais de R$ 72 milh\u00f5es destinados, parlamentar refor\u00e7ou compromisso de ampliar investimentos para sa\u00fade, habita\u00e7\u00e3o e educa\u00e7\u00e3o\",\"breadcrumb\":{\"@id\":\"https:\\\/\\\/vanderloubet.com.br\\\/deputado\\\/deputado-que-mais-destinou-recursos-a-navirai-vander-recebe-apoio-de-11-vereadores-para-o-senado\\\/#breadcrumb\"},\"inLanguage\":\"pt-BR\",\"potentialAction\":[{\"@type\":\"ReadAction\",\"target\":[\"https:\\\/\\\/vanderloubet.com.br\\\/deputado\\\/deputado-que-mais-destinou-recursos-a-navirai-vander-recebe-apoio-de-11-vereadores-para-o-senado\\\/\"]}]},{\"@type\":\"ImageObject\",\"inLanguage\":\"pt-BR\",\"@id\":\"https:\\\/\\\/vanderloubet.com.br\\\/deputado\\\/deputado-que-mais-destinou-recursos-a-navirai-vander-recebe-apoio-de-11-vereadores-para-o-senado\\\/#primaryimage\",\"url\":\"https:\\\/\\\/vanderloubet.com.br\\\/deputado\\\/wp-content\\\/uploads\\\/2026\\\/08\\\/foto-2026-08-30-vander-vereadores-navirai.jpg\",\"contentUrl\":\"https:\\\/\\\/vanderloubet.com.br\\\/deputado\\\/wp-content\\\/uploads\\\/2026\\\/08\\\/foto-2026-08-30-vander-vereadores-navirai.jpg\",\"width\":1280,\"height\":960,\"caption\":\"Deputado que mais destinou recursos a Navira\u00ed, Vander recebe apoio de 11 vereadores para o Senado\"},{\"@type\":\"BreadcrumbList\",\"@id\":\"https:\\\/\\\/vanderloubet.com.br\\\/deputado\\\/deputado-que-mais-destinou-recursos-a-navirai-vander-recebe-apoio-de-11-vereadores-para-o-senado\\\/#breadcrumb\",\"itemListElement\":[{\"@type\":\"ListItem\",\"position\":1,\"name\":\"In\u00edcio\",\"item\":\"https:\\\/\\\/vanderloubet.com.br\\\/deputado\\\/\"},{\"@type\":\"ListItem\",\"position\":2,\"name\":\"Deputado que mais destinou recursos a Navira\u00ed, Vander recebe apoio de 11 vereadores para o Senado\"}]},{\"@type\":\"WebSite\",\"@id\":\"https:\\\/\\\/vanderloubet.com.br\\\/deputado\\\/#website\",\"url\":\"https:\\\/\\\/vanderloubet.com.br\\\/deputado\\\/\",\"name\":\"Vander 133\",\"description\":\"O Senador da gente\",\"publisher\":{\"@id\":\"https:\\\/\\\/vanderloubet.com.br\\\/deputado\\\/#organization\"},\"alternateName\":\"Deputado Vander\",\"potentialAction\":[{\"@type\":\"SearchAction\",\"target\":{\"@type\":\"EntryPoint\",\"urlTemplate\":\"https:\\\/\\\/vanderloubet.com.br\\\/deputado\\\/?s={search_term_string}\"},\"query-input\":{\"@type\":\"PropertyValueSpecification\",\"valueRequired\":true,\"valueName\":\"search_term_string\"}}],\"inLanguage\":\"pt-BR\"},{\"@type\":\"Organization\",\"@id\":\"https:\\\/\\\/vanderloubet.com.br\\\/deputado\\\/#organization\",\"name\":\"Deputado Federal Vander Loubet\",\"alternateName\":\"Deputado Vander\",\"url\":\"https:\\\/\\\/vanderloubet.com.br\\\/deputado\\\/\",\"logo\":{\"@type\":\"ImageObject\",\"inLanguage\":\"pt-BR\",\"@id\":\"https:\\\/\\\/vanderloubet.com.br\\\/deputado\\\/#\\\/schema\\\/logo\\\/image\\\/\",\"url\":\"https:\\\/\\\/vanderloubet.com.br\\\/deputado\\\/wp-content\\\/uploads\\\/2023\\\/06\\\/foto-2023-06-19-mandato-deputado-vander.jpg\",\"contentUrl\":\"https:\\\/\\\/vanderloubet.com.br\\\/deputado\\\/wp-content\\\/uploads\\\/2023\\\/06\\\/foto-2023-06-19-mandato-deputado-vander.jpg\",\"width\":1080,\"height\":1080,\"caption\":\"Deputado Federal Vander Loubet\"},\"image\":{\"@id\":\"https:\\\/\\\/vanderloubet.com.br\\\/deputado\\\/#\\\/schema\\\/logo\\\/image\\\/\"},\"sameAs\":[\"https:\\\/\\\/facebook.com\\\/deputadovander\",\"https:\\\/\\\/x.com\\\/vanderloubet\",\"https:\\\/\\\/instagram.com\\\/vanderloubet\",\"https:\\\/\\\/youtube.com\\\/vanderloubet\",\"https:\\\/\\\/tiktok.com\\\/@vanderloubetms\"]},{\"@type\":\"Person\",\"@id\":\"https:\\\/\\\/vanderloubet.com.br\\\/deputado\\\/#\\\/schema\\\/person\\\/15b51bd564532a8a68d9dec1b8eb890e\",\"name\":\"\u00c9der\",\"image\":{\"@type\":\"ImageObject\",\"inLanguage\":\"pt-BR\",\"@id\":\"https:\\\/\\\/secure.gravatar.com\\\/avatar\\\/f87e644facd4d2ef1044b556ced7905f2bfec824839a005707719af7787fea61?s=96&d=mm&r=g\",\"url\":\"https:\\\/\\\/secure.gravatar.com\\\/avatar\\\/f87e644facd4d2ef1044b556ced7905f2bfec824839a005707719af7787fea61?s=96&d=mm&r=g\",\"contentUrl\":\"https:\\\/\\\/secure.gravatar.com\\\/avatar\\\/f87e644facd4d2ef1044b556ced7905f2bfec824839a005707719af7787fea61?s=96&d=mm&r=g\",\"caption\":\"\u00c9der\"}}]}<\/script>\n<!-- \/ Yoast SEO plugin. -->","yoast_head_json":{"title":"Deputado que mais destinou recursos a Navira\u00ed, Vander recebe apoio de 11 vereadores para o Senado","description":"Com mais de R$ 72 milh\u00f5es destinados, parlamentar refor\u00e7ou compromisso de ampliar investimentos para sa\u00fade, habita\u00e7\u00e3o e educa\u00e7\u00e3o","robots":{"index":"index","follow":"follow","max-snippet":"max-snippet:-1","max-image-preview":"max-image-preview:large","max-video-preview":"max-video-preview:-1"},"canonical":"https:\/\/vanderloubet.com.br\/deputado\/deputado-que-mais-destinou-recursos-a-navirai-vander-recebe-apoio-de-11-vereadores-para-o-senado\/","og_locale":"pt_BR","og_type":"article","og_title":"Deputado que mais destinou recursos a Navira\u00ed, Vander recebe apoio de 11 vereadores para o Senado","og_description":"Com mais de R$ 72 milh\u00f5es destinados, parlamentar refor\u00e7ou compromisso de ampliar investimentos para sa\u00fade, habita\u00e7\u00e3o e educa\u00e7\u00e3o","og_url":"https:\/\/vanderloubet.com.br\/deputado\/deputado-que-mais-destinou-recursos-a-navirai-vander-recebe-apoio-de-11-vereadores-para-o-senado\/","og_site_name":"Vander 133","article_publisher":"https:\/\/facebook.com\/deputadovander","article_published_time":"2026-08-30T17:14:30+00:00","og_image":[{"width":1280,"height":960,"url":"https:\/\/vanderloubet.com.br\/deputado\/wp-content\/uploads\/2026\/08\/foto-2026-08-30-vander-vereadores-navirai.jpg","type":"image\/jpeg"}],"author":"\u00c9der","twitter_card":"summary_large_image","twitter_creator":"@vanderloubet","twitter_site":"@vanderloubet","schema":{"@context":"https:\/\/schema.org","@graph":[{"@type":"Article","@id":"https:\/\/vanderloubet.com.br\/deputado\/deputado-que-mais-destinou-recursos-a-navirai-vander-recebe-apoio-de-11-vereadores-para-o-senado\/#article","isPartOf":{"@id":"https:\/\/vanderloubet.com.br\/deputado\/deputado-que-mais-destinou-recursos-a-navirai-vander-recebe-apoio-de-11-vereadores-para-o-senado\/"},"author":{"name":"\u00c9der","@id":"https:\/\/vanderloubet.com.br\/deputado\/#\/schema\/person\/15b51bd564532a8a68d9dec1b8eb890e"},"headline":"Deputado que mais destinou recursos a Navira\u00ed, Vander recebe apoio de 11 vereadores para o Senado","datePublished":"2026-08-30T17:14:30+00:00","mainEntityOfPage":{"@id":"https:\/\/vanderloubet.com.br\/deputado\/deputado-que-mais-destinou-recursos-a-navirai-vander-recebe-apoio-de-11-vereadores-para-o-senado\/"},"wordCount":408,"publisher":{"@id":"https:\/\/vanderloubet.com.br\/deputado\/#organization"},"image":{"@id":"https:\/\/vanderloubet.com.br\/deputado\/deputado-que-mais-destinou-recursos-a-navirai-vander-recebe-apoio-de-11-vereadores-para-o-senado\/#primaryimage"},"thumbnailUrl":"https:\/\/vanderloubet.com.br\/deputado\/wp-content\/uploads\/2026\/08\/foto-2026-08-30-vander-vereadores-navirai.jpg","keywords":["elei\u00e7\u00e3o","navira\u00ed"],"articleSection":["Munic\u00edpios","Not\u00edcias"],"inLanguage":"pt-BR"},{"@type":"WebPage","@id":"https:\/\/vanderloubet.com.br\/deputado\/deputado-que-mais-destinou-recursos-a-navirai-vander-recebe-apoio-de-11-vereadores-para-o-senado\/","url":"https:\/\/vanderloubet.com.br\/deputado\/deputado-que-mais-destinou-recursos-a-navirai-vander-recebe-apoio-de-11-vereadores-para-o-senado\/","name":"Deputado que mais destinou recursos a Navira\u00ed, Vander recebe apoio de 11 vereadores para o Senado","isPartOf":{"@id":"https:\/\/vanderloubet.com.br\/deputado\/#website"},"primaryImageOfPage":{"@id":"https:\/\/vanderloubet.com.br\/deputado\/deputado-que-mais-destinou-recursos-a-navirai-vander-recebe-apoio-de-11-vereadores-para-o-senado\/#primaryimage"},"image":{"@id":"https:\/\/vanderloubet.com.br\/deputado\/deputado-que-mais-destinou-recursos-a-navirai-vander-recebe-apoio-de-11-vereadores-para-o-senado\/#primaryimage"},"thumbnailUrl":"https:\/\/vanderloubet.com.br\/deputado\/wp-content\/uploads\/2026\/08\/foto-2026-08-30-vander-vereadores-navirai.jpg","datePublished":"2026-08-30T17:14:30+00:00","description":"Com mais de R$ 72 milh\u00f5es destinados, parlamentar refor\u00e7ou compromisso de ampliar investimentos para sa\u00fade, habita\u00e7\u00e3o e educa\u00e7\u00e3o","breadcrumb":{"@id":"https:\/\/vanderloubet.com.br\/deputado\/deputado-que-mais-destinou-recursos-a-navirai-vander-recebe-apoio-de-11-vereadores-para-o-senado\/#breadcrumb"},"inLanguage":"pt-BR","potentialAction":[{"@type":"ReadAction","target":["https:\/\/vanderloubet.com.br\/deputado\/deputado-que-mais-destinou-recursos-a-navirai-vander-recebe-apoio-de-11-vereadores-para-o-senado\/"]}]},{"@type":"ImageObject","inLanguage":"pt-BR","@id":"https:\/\/vanderloubet.com.br\/deputado\/deputado-que-mais-destinou-recursos-a-navirai-vander-recebe-apoio-de-11-vereadores-para-o-senado\/#primaryimage","url":"https:\/\/vanderloubet.com.br\/deputado\/wp-content\/uploads\/2026\/08\/foto-2026-08-30-vander-vereadores-navirai.jpg","contentUrl":"https:\/\/vanderloubet.com.br\/deputado\/wp-content\/uploads\/2026\/08\/foto-2026-08-30-vander-vereadores-navirai.jpg","width":1280,"height":960,"caption":"Deputado que mais destinou recursos a Navira\u00ed, Vander recebe apoio de 11 vereadores para o Senado"},{"@type":"BreadcrumbList","@id":"https:\/\/vanderloubet.com.br\/deputado\/deputado-que-mais-destinou-recursos-a-navirai-vander-recebe-apoio-de-11-vereadores-para-o-senado\/#breadcrumb","itemListElement":[{"@type":"ListItem","position":1,"name":"In\u00edcio","item":"https:\/\/vanderloubet.com.br\/deputado\/"},{"@type":"ListItem","position":2,"name":"Deputado que mais destinou recursos a Navira\u00ed, Vander recebe apoio de 11 vereadores para o Senado"}]},{"@type":"WebSite","@id":"https:\/\/vanderloubet.com.br\/deputado\/#website","url":"https:\/\/vanderloubet.com.br\/deputado\/","name":"Vander 133","description":"O Senador da gente","publisher":{"@id":"https:\/\/vanderloubet.com.br\/deputado\/#organization"},"alternateName":"Deputado Vander","potentialAction":[{"@type":"SearchAction","target":{"@type":"EntryPoint","urlTemplate":"https:\/\/vanderloubet.com.br\/deputado\/?s={search_term_string}"},"query-input":{"@type":"PropertyValueSpecification","valueRequired":true,"valueName":"search_term_string"}}],"inLanguage":"pt-BR"},{"@type":"Organization","@id":"https:\/\/vanderloubet.com.br\/deputado\/#organization","name":"Deputado Federal Vander Loubet","alternateName":"Deputado Vander","url":"https:\/\/vanderloubet.com.br\/deputado\/","logo":{"@type":"ImageObject","inLanguage":"pt-BR","@id":"https:\/\/vanderloubet.com.br\/deputado\/#\/schema\/logo\/image\/","url":"https:\/\/vanderloubet.com.br\/deputado\/wp-content\/uploads\/2023\/06\/foto-2023-06-19-mandato-deputado-vander.jpg","contentUrl":"https:\/\/vanderloubet.com.br\/deputado\/wp-content\/uploads\/2023\/06\/foto-2023-06-19-mandato-deputado-vander.jpg","width":1080,"height":1080,"caption":"Deputado Federal Vander Loubet"},"image":{"@id":"https:\/\/vanderloubet.com.br\/deputado\/#\/schema\/logo\/image\/"},"sameAs":["https:\/\/facebook.com\/deputadovander","https:\/\/x.com\/vanderloubet","https:\/\/instagram.com\/vanderloubet","https:\/\/youtube.com\/vanderloubet","https:\/\/tiktok.com\/@vanderloubetms"]},{"@type":"Person","@id":"https:\/\/vanderloubet.com.br\/deputado\/#\/schema\/person\/15b51bd564532a8a68d9dec1b8eb890e","name":"\u00c9der","image":{"@type":"ImageObject","inLanguage":"pt-BR","@id":"https:\/\/secure.gravatar.com\/avatar\/f87e644facd4d2ef1044b556ced7905f2bfec824839a005707719af7787fea61?s=96&d=mm&r=g","url":"https:\/\/secure.gravatar.com\/avatar\/f87e644facd4d2ef1044b556ced7905f2bfec824839a005707719af7787fea61?s=96&d=mm&r=g","contentUrl":"https:\/\/secure.gravatar.com\/avatar\/f87e644facd4d2ef1044b556ced7905f2bfec824839a005707719af7787fea61?s=96&d=mm&r=g","caption":"\u00c9der"}}]}},"jetpack_featured_media_url":"https:\/\/vanderloubet.com.br\/deputado\/wp-content\/uploads\/2026\/08\/foto-2026-08-30-vander-vereadores-navirai.jpg","jetpack_sharing_enabled":true,"_links":{"self":[{"href":"https:\/\/vanderloubet.com.br\/deputado\/wp-json\/wp\/v2\/posts\/21535","targetHints":{"allow":["GET"]}}],"collection":[{"href":"https:\/\/vanderloubet.com.br\/deputado\/wp-json\/wp\/v2\/posts"}],"about":[{"href":"https:\/\/vanderloubet.com.br\/deputado\/wp-json\/wp\/v2\/types\/post"}],"author":[{"embeddable":true,"href":"https:\/\/vanderloubet.com.br\/deputado\/wp-json\/wp\/v2\/users\/2"}],"replies":[{"embeddable":true,"href":"https:\/\/vanderloubet.com.br\/deputado\/wp-json\/wp\/v2\/comments?post=21535"}],"version-history":[{"count":1,"href":"https:\/\/vanderloubet.com.br\/deputado\/wp-json\/wp\/v2\/posts\/21535\/revisions"}],"predecessor-version":[{"id":21537,"href":"https:\/\/vanderloubet.com.br\/deputado\/wp-json\/wp\/v2\/posts\/21535\/revisions\/21537"}],"wp:featuredmedia":[{"embeddable":true,"href":"https:\/\/vanderloubet.com.br\/deputado\/wp-json\/wp\/v2\/media\/21536"}],"wp:attachment":[{"href":"https:\/\/vanderloubet.com.br\/deputado\/wp-json\/wp\/v2\/media?parent=21535"}],"wp:term":[{"taxonomy":"category","embeddable":true,"href":"https:\/\/vanderloubet.com.br\/deputado\/wp-json\/wp\/v2\/categories?post=21535"},{"taxonomy":"post_tag","embeddable":true,"href":"https:\/\/vanderloubet.com.br\/deputado\/wp-json\/wp\/v2\/tags?post=21535"}],"curies":[{"name":"wp","href":"https:\/\/api.w.org\/{rel}","templated":true}]}}