{"id":2125,"date":"2010-08-21T15:14:17","date_gmt":"2010-08-21T19:14:17","guid":{"rendered":"http:\/\/www.deputadovander.com.br\/website\/?p=2125"},"modified":"2010-08-21T15:14:17","modified_gmt":"2010-08-21T19:14:17","slug":"lula-visita-projetos-de-urbanizacao-e-autoriza-obras-do-contorno-rodoviario","status":"publish","type":"post","link":"https:\/\/vanderloubet.com.br\/deputado\/lula-visita-projetos-de-urbanizacao-e-autoriza-obras-do-contorno-rodoviario\/","title":{"rendered":"Lula visita projetos de urbaniza\u00e7\u00e3o e autoriza obras do contorno rodovi\u00e1rio"},"content":{"rendered":"<p style=\"text-align: center;\">\n<figure id=\"attachment_2126\" aria-describedby=\"caption-attachment-2126\" style=\"width: 300px\" class=\"wp-caption aligncenter\"><a href=\"http:\/\/www.deputadovander.com.br\/website\/wp-content\/uploads\/2010\/08\/foto-2010-08-21-revitalizacao-br163.jpg\" target=\"_blank\"><img decoding=\"async\" class=\"size-medium wp-image-2126 \" title=\"foto-2010-08-21-revitalizacao-br163\" src=\"http:\/\/www.deputadovander.com.br\/website\/wp-content\/uploads\/2010\/08\/foto-2010-08-21-revitalizacao-br163-300x200.jpg\" alt=\"Obras de revitaliza\u00e7\u00e3o da BR-163\" width=\"300\" height=\"200\" \/><\/a><figcaption id=\"caption-attachment-2126\" class=\"wp-caption-text\">Obras de revitaliza\u00e7\u00e3o da BR-163<\/figcaption><\/figure>\n<\/p>\n<p>Com atua\u00e7\u00e3o decisiva do deputado federal Vander Loubet (PT-MS), o governo do presidente Lula tem contemplado Campo Grande com o maior aporte de recursos que a cidade j\u00e1 recebeu do governo federal em toda a sua hist\u00f3ria. E n\u00e3o ser\u00e1 diferente na visita que o presidente agendou para o dia 24 deste m\u00eas, v\u00e9spera do 111\u00b0 anivers\u00e1rio de funda\u00e7\u00e3o da capital. Al\u00e9m de visitar os projetos de urbaniza\u00e7\u00e3o de favelas das bacias dos c\u00f3rregos Caba\u00e7a e Segredo, que incluem unidades habitacionais e parques lineares, Lula traz outro presente para a popula\u00e7\u00e3o: vai assinar a autoriza\u00e7\u00e3o para o in\u00edcio das obras de conclus\u00e3o do contorno rodovi\u00e1rio.<\/p>\n<p><strong>Complexo Segredo<\/strong><\/p>\n<p>Com recursos em torno dos R$ 33 milh\u00f5es, assegurados pelo Programa de Acelera\u00e7\u00e3o do Crescimento (PAC), do governo federal e contrapartida da Prefeitura, as obras de urbaniza\u00e7\u00e3o e moderniza\u00e7\u00e3o do Complexo Segredo beneficiar\u00e3o diretamente milhares de fam\u00edlias distribu\u00eddas por dezenas de bairros da regi\u00e3o Norte da Capital e tamb\u00e9m v\u00e3o agregar novas melhorias em outras regi\u00f5es da cidade.<\/p>\n<p>No n\u00facleo do projeto, as interven\u00e7\u00f5es compreendem a urbaniza\u00e7\u00e3o do c\u00f3rrego, 6,5 km de asfalto, drenagem de \u00e1guas pluviais e constru\u00e7\u00e3o de um parque linear. E ainda est\u00e3o sendo executadas obras de suporte ambiental, de lazer e de redistribui\u00e7\u00e3o das op\u00e7\u00f5es de fluxo vi\u00e1rio.<\/p>\n<p>O Complexo Segredo faz parte de um novo desenho urbano que est\u00e1 sendo criado para habilitar Campo Grande entre as cidades com melhores respostas em mobilidade urbana, tr\u00e1fego, equipamentos de lazer e condi\u00e7\u00f5es de sustentabilidade. Nesse mosaico, entra o prolongamento da Norte-Sul, a partir da avenida Mascarenhas de Moraes, com aproximadamente 4,5 km de extens\u00e3o, beneficiando 21 comunidades.<\/p>\n<p>Esse projeto diminui as dist\u00e2ncias entre os bairros e o Centro, com a liga\u00e7\u00e3o da avenida Mascarenhas de Moraes at\u00e9 o Residencial Estrela do Sul e a pavimenta\u00e7\u00e3o asf\u00e1ltica dos bairros pr\u00f3ximos ao c\u00f3rrego Segredo (Jardim Semin\u00e1rio, S\u00e3o Benedito, Ot\u00e1vio P\u00e9cora, Estrela do Sul e Coronel Antonino). Duas das quatro pontes previstas no projeto est\u00e3o prontas. E as melhorias n\u00e3o param por a\u00ed: tr\u00eas barragens para conten\u00e7\u00e3o de enchentes, parque linear de 35 hectares, viveiro de mudas, quadra esportiva e centro de reciclagem e educa\u00e7\u00e3o ambiental completam o conjunto de provid\u00eancias que asseguram bem-estar \u00e0s comunidades.<\/p>\n<p><strong>Contorno rodovi\u00e1rio<\/strong><\/p>\n<p>Com quase 22 km, a etapa complementar do Macroanel de Campo Grande, no Contorno Rodovi\u00e1rio das BRs 060 (sa\u00edda para Rochedo), 163 (sa\u00edda para Cuiab\u00e1) e 262 (sa\u00edda para Corumb\u00e1), representa investimentos de R$ 27 milh\u00f5es, feitos por meio de um conv\u00eanio entre o governo federal (via Minist\u00e9rio dos Transportes) e a Prefeitura.<\/p>\n<p>De acordo com o Departamento Nacional de Infraestrutura de Transportes (DNIT), a conclus\u00e3o do Macroanel proporcionar\u00e1 significativa melhora do tr\u00e1fego da cidade: os ve\u00edculos pesados deixar\u00e3o de circular no per\u00edmetro urbano, produzindo benef\u00edcios excepcionais, principalmente a redu\u00e7\u00e3o de acidentes e a maior durabilidade do pavimento.<\/p>\n<p>Os estudos t\u00e9cnicos do Minist\u00e9rio definem que o crescente aumento da frota de ve\u00edculos no Brasil provocou redu\u00e7\u00e3o na velocidade m\u00e9dia de deslocamento em Campo Grande. Em S\u00e3o Paulo, foram adotadas medidas para que o tr\u00e1fego de ve\u00edculos pesados nas ruas da cidade fosse limitado em diversos hor\u00e1rios para melhorar a fluidez do tr\u00e2nsito.<\/p>\n<p><strong>Revitaliza\u00e7\u00e3o da BR-163<\/strong><\/p>\n<p>Uma das interven\u00e7\u00f5es do deputado Vander para a melhoria da malha vi\u00e1ria de Mato Grosso do Sul e de Campo Grande \u00e9 a moderniza\u00e7\u00e3o da BR-163, com servi\u00e7os de sinaliza\u00e7\u00e3o, duplica\u00e7\u00e3o, travessias urbanas e restaura\u00e7\u00e3o do pavimento. Um desses trechos revitalizados com restaura\u00e7\u00e3o e manuten\u00e7\u00e3o \u00e9 o de 103 km entre Nova Alvorada do Sul (entroncamento com a BR-267) e o entroncamento com as BRs-060 e 262, pr\u00f3ximo a Campo Grande, na sa\u00edda para S\u00e3o Paulo. Os investimentos nessa etapa somam cerca de R$ 31 milh\u00f5es.<\/p>\n<p><small>(Edson Moraes &#8211; Assessoria de Comunica\u00e7\u00e3o; foto: DNIT)<\/small><\/p>\n","protected":false},"excerpt":{"rendered":"<p>Lula estar\u00e1 na Capital dia 24. Obras do Complexo Segredo e contorno rodovi\u00e1rio tem atua\u00e7\u00e3o decisiva de Vander.<\/p>\n","protected":false},"author":2,"featured_media":0,"comment_status":"open","ping_status":"open","sticky":false,"template":"","format":"standard","meta":{"jetpack_post_was_ever_published":false,"_jetpack_newsletter_access":"","_jetpack_dont_email_post_to_subs":false,"_jetpack_newsletter_tier_id":0,"_jetpack_memberships_contains_paywalled_content":false,"_jetpack_memberships_contains_paid_content":false,"footnotes":""},"categories":[10],"tags":[293,294,295,530,656,1189,1336,1614,1810,2035],"class_list":{"0":"post-2125","1":"post","2":"type-post","3":"status-publish","4":"format-standard","6":"category-noticias","7":"tag-br-060","8":"tag-br-163","9":"tag-br-262","10":"tag-corrego","11":"tag-dnit","12":"tag-lula","13":"tag-ms","14":"tag-presidente","15":"tag-segredo","16":"tag-vander-loubet"},"yoast_head":"<!-- This site is optimized with the Yoast SEO plugin v27.4 - https:\/\/yoast.com\/product\/yoast-seo-wordpress\/ -->\n<title>Lula visita projetos de urbaniza\u00e7\u00e3o e autoriza obras do contorno rodovi\u00e1rio<\/title>\n<meta name=\"robots\" content=\"index, follow, max-snippet:-1, max-image-preview:large, max-video-preview:-1\" \/>\n<link rel=\"canonical\" href=\"https:\/\/vanderloubet.com.br\/deputado\/lula-visita-projetos-de-urbanizacao-e-autoriza-obras-do-contorno-rodoviario\/\" \/>\n<meta property=\"og:locale\" content=\"pt_BR\" \/>\n<meta property=\"og:type\" content=\"article\" \/>\n<meta property=\"og:title\" content=\"Lula visita projetos de urbaniza\u00e7\u00e3o e autoriza obras do contorno rodovi\u00e1rio\" \/>\n<meta property=\"og:description\" content=\"Lula estar\u00e1 na Capital dia 24. Obras do Complexo Segredo e contorno rodovi\u00e1rio tem atua\u00e7\u00e3o decisiva de Vander.\" \/>\n<meta property=\"og:url\" content=\"https:\/\/vanderloubet.com.br\/deputado\/lula-visita-projetos-de-urbanizacao-e-autoriza-obras-do-contorno-rodoviario\/\" \/>\n<meta property=\"og:site_name\" content=\"Deputado Federal Vander Loubet\" \/>\n<meta property=\"article:publisher\" content=\"https:\/\/facebook.com\/deputadovander\" \/>\n<meta property=\"article:published_time\" content=\"2010-08-21T19:14:17+00:00\" \/>\n<meta property=\"og:image\" content=\"http:\/\/www.deputadovander.com.br\/website\/wp-content\/uploads\/2010\/08\/foto-2010-08-21-revitalizacao-br163-300x200.jpg\" \/>\n<meta name=\"author\" content=\"\u00c9der\" \/>\n<meta name=\"twitter:card\" content=\"summary_large_image\" \/>\n<meta name=\"twitter:creator\" content=\"@vanderloubet\" \/>\n<meta name=\"twitter:site\" content=\"@vanderloubet\" \/>\n<script type=\"application\/ld+json\" class=\"yoast-schema-graph\">{\"@context\":\"https:\\\/\\\/schema.org\",\"@graph\":[{\"@type\":\"Article\",\"@id\":\"https:\\\/\\\/vanderloubet.com.br\\\/deputado\\\/lula-visita-projetos-de-urbanizacao-e-autoriza-obras-do-contorno-rodoviario\\\/#article\",\"isPartOf\":{\"@id\":\"https:\\\/\\\/vanderloubet.com.br\\\/deputado\\\/lula-visita-projetos-de-urbanizacao-e-autoriza-obras-do-contorno-rodoviario\\\/\"},\"author\":{\"name\":\"\u00c9der\",\"@id\":\"https:\\\/\\\/vanderloubet.com.br\\\/deputado\\\/#\\\/schema\\\/person\\\/15b51bd564532a8a68d9dec1b8eb890e\"},\"headline\":\"Lula visita projetos de urbaniza\u00e7\u00e3o e autoriza obras do contorno rodovi\u00e1rio\",\"datePublished\":\"2010-08-21T19:14:17+00:00\",\"mainEntityOfPage\":{\"@id\":\"https:\\\/\\\/vanderloubet.com.br\\\/deputado\\\/lula-visita-projetos-de-urbanizacao-e-autoriza-obras-do-contorno-rodoviario\\\/\"},\"wordCount\":719,\"commentCount\":0,\"publisher\":{\"@id\":\"https:\\\/\\\/vanderloubet.com.br\\\/deputado\\\/#organization\"},\"image\":{\"@id\":\"https:\\\/\\\/vanderloubet.com.br\\\/deputado\\\/lula-visita-projetos-de-urbanizacao-e-autoriza-obras-do-contorno-rodoviario\\\/#primaryimage\"},\"thumbnailUrl\":\"http:\\\/\\\/www.deputadovander.com.br\\\/website\\\/wp-content\\\/uploads\\\/2010\\\/08\\\/foto-2010-08-21-revitalizacao-br163-300x200.jpg\",\"keywords\":[\"br-060\",\"br-163\",\"br-262\",\"c\u00f3rrego\",\"dnit\",\"lula\",\"MS\",\"presidente\",\"segredo\",\"vander loubet\"],\"articleSection\":[\"Not\u00edcias\"],\"inLanguage\":\"pt-BR\",\"potentialAction\":[{\"@type\":\"CommentAction\",\"name\":\"Comment\",\"target\":[\"https:\\\/\\\/vanderloubet.com.br\\\/deputado\\\/lula-visita-projetos-de-urbanizacao-e-autoriza-obras-do-contorno-rodoviario\\\/#respond\"]}]},{\"@type\":\"WebPage\",\"@id\":\"https:\\\/\\\/vanderloubet.com.br\\\/deputado\\\/lula-visita-projetos-de-urbanizacao-e-autoriza-obras-do-contorno-rodoviario\\\/\",\"url\":\"https:\\\/\\\/vanderloubet.com.br\\\/deputado\\\/lula-visita-projetos-de-urbanizacao-e-autoriza-obras-do-contorno-rodoviario\\\/\",\"name\":\"Lula visita projetos de urbaniza\u00e7\u00e3o e autoriza obras do contorno rodovi\u00e1rio\",\"isPartOf\":{\"@id\":\"https:\\\/\\\/vanderloubet.com.br\\\/deputado\\\/#website\"},\"primaryImageOfPage\":{\"@id\":\"https:\\\/\\\/vanderloubet.com.br\\\/deputado\\\/lula-visita-projetos-de-urbanizacao-e-autoriza-obras-do-contorno-rodoviario\\\/#primaryimage\"},\"image\":{\"@id\":\"https:\\\/\\\/vanderloubet.com.br\\\/deputado\\\/lula-visita-projetos-de-urbanizacao-e-autoriza-obras-do-contorno-rodoviario\\\/#primaryimage\"},\"thumbnailUrl\":\"http:\\\/\\\/www.deputadovander.com.br\\\/website\\\/wp-content\\\/uploads\\\/2010\\\/08\\\/foto-2010-08-21-revitalizacao-br163-300x200.jpg\",\"datePublished\":\"2010-08-21T19:14:17+00:00\",\"breadcrumb\":{\"@id\":\"https:\\\/\\\/vanderloubet.com.br\\\/deputado\\\/lula-visita-projetos-de-urbanizacao-e-autoriza-obras-do-contorno-rodoviario\\\/#breadcrumb\"},\"inLanguage\":\"pt-BR\",\"potentialAction\":[{\"@type\":\"ReadAction\",\"target\":[\"https:\\\/\\\/vanderloubet.com.br\\\/deputado\\\/lula-visita-projetos-de-urbanizacao-e-autoriza-obras-do-contorno-rodoviario\\\/\"]}]},{\"@type\":\"ImageObject\",\"inLanguage\":\"pt-BR\",\"@id\":\"https:\\\/\\\/vanderloubet.com.br\\\/deputado\\\/lula-visita-projetos-de-urbanizacao-e-autoriza-obras-do-contorno-rodoviario\\\/#primaryimage\",\"url\":\"http:\\\/\\\/www.deputadovander.com.br\\\/website\\\/wp-content\\\/uploads\\\/2010\\\/08\\\/foto-2010-08-21-revitalizacao-br163-300x200.jpg\",\"contentUrl\":\"http:\\\/\\\/www.deputadovander.com.br\\\/website\\\/wp-content\\\/uploads\\\/2010\\\/08\\\/foto-2010-08-21-revitalizacao-br163-300x200.jpg\"},{\"@type\":\"BreadcrumbList\",\"@id\":\"https:\\\/\\\/vanderloubet.com.br\\\/deputado\\\/lula-visita-projetos-de-urbanizacao-e-autoriza-obras-do-contorno-rodoviario\\\/#breadcrumb\",\"itemListElement\":[{\"@type\":\"ListItem\",\"position\":1,\"name\":\"In\u00edcio\",\"item\":\"https:\\\/\\\/vanderloubet.com.br\\\/deputado\\\/\"},{\"@type\":\"ListItem\",\"position\":2,\"name\":\"Lula visita projetos de urbaniza\u00e7\u00e3o e autoriza obras do contorno rodovi\u00e1rio\"}]},{\"@type\":\"WebSite\",\"@id\":\"https:\\\/\\\/vanderloubet.com.br\\\/deputado\\\/#website\",\"url\":\"https:\\\/\\\/vanderloubet.com.br\\\/deputado\\\/\",\"name\":\"Deputado Federal Vander Loubet\",\"description\":\"O Federal de MS\",\"publisher\":{\"@id\":\"https:\\\/\\\/vanderloubet.com.br\\\/deputado\\\/#organization\"},\"alternateName\":\"Deputado Vander\",\"potentialAction\":[{\"@type\":\"SearchAction\",\"target\":{\"@type\":\"EntryPoint\",\"urlTemplate\":\"https:\\\/\\\/vanderloubet.com.br\\\/deputado\\\/?s={search_term_string}\"},\"query-input\":{\"@type\":\"PropertyValueSpecification\",\"valueRequired\":true,\"valueName\":\"search_term_string\"}}],\"inLanguage\":\"pt-BR\"},{\"@type\":\"Organization\",\"@id\":\"https:\\\/\\\/vanderloubet.com.br\\\/deputado\\\/#organization\",\"name\":\"Deputado Federal Vander Loubet\",\"alternateName\":\"Deputado Vander\",\"url\":\"https:\\\/\\\/vanderloubet.com.br\\\/deputado\\\/\",\"logo\":{\"@type\":\"ImageObject\",\"inLanguage\":\"pt-BR\",\"@id\":\"https:\\\/\\\/vanderloubet.com.br\\\/deputado\\\/#\\\/schema\\\/logo\\\/image\\\/\",\"url\":\"https:\\\/\\\/vanderloubet.com.br\\\/deputado\\\/wp-content\\\/uploads\\\/2023\\\/06\\\/foto-2023-06-19-mandato-deputado-vander.jpg\",\"contentUrl\":\"https:\\\/\\\/vanderloubet.com.br\\\/deputado\\\/wp-content\\\/uploads\\\/2023\\\/06\\\/foto-2023-06-19-mandato-deputado-vander.jpg\",\"width\":1080,\"height\":1080,\"caption\":\"Deputado Federal Vander Loubet\"},\"image\":{\"@id\":\"https:\\\/\\\/vanderloubet.com.br\\\/deputado\\\/#\\\/schema\\\/logo\\\/image\\\/\"},\"sameAs\":[\"https:\\\/\\\/facebook.com\\\/deputadovander\",\"https:\\\/\\\/x.com\\\/vanderloubet\",\"https:\\\/\\\/instagram.com\\\/vanderloubet\",\"https:\\\/\\\/youtube.com\\\/vanderloubet\",\"https:\\\/\\\/tiktok.com\\\/@vanderloubetms\"]},{\"@type\":\"Person\",\"@id\":\"https:\\\/\\\/vanderloubet.com.br\\\/deputado\\\/#\\\/schema\\\/person\\\/15b51bd564532a8a68d9dec1b8eb890e\",\"name\":\"\u00c9der\",\"image\":{\"@type\":\"ImageObject\",\"inLanguage\":\"pt-BR\",\"@id\":\"https:\\\/\\\/vanderloubet.com.br\\\/deputado\\\/wp-content\\\/litespeed\\\/avatar\\\/88ca4090d9d5ab1c9495f6ca03b68efa.jpg?ver=1777058957\",\"url\":\"https:\\\/\\\/vanderloubet.com.br\\\/deputado\\\/wp-content\\\/litespeed\\\/avatar\\\/88ca4090d9d5ab1c9495f6ca03b68efa.jpg?ver=1777058957\",\"contentUrl\":\"https:\\\/\\\/vanderloubet.com.br\\\/deputado\\\/wp-content\\\/litespeed\\\/avatar\\\/88ca4090d9d5ab1c9495f6ca03b68efa.jpg?ver=1777058957\",\"caption\":\"\u00c9der\"}}]}<\/script>\n<!-- \/ Yoast SEO plugin. -->","yoast_head_json":{"title":"Lula visita projetos de urbaniza\u00e7\u00e3o e autoriza obras do contorno rodovi\u00e1rio","robots":{"index":"index","follow":"follow","max-snippet":"max-snippet:-1","max-image-preview":"max-image-preview:large","max-video-preview":"max-video-preview:-1"},"canonical":"https:\/\/vanderloubet.com.br\/deputado\/lula-visita-projetos-de-urbanizacao-e-autoriza-obras-do-contorno-rodoviario\/","og_locale":"pt_BR","og_type":"article","og_title":"Lula visita projetos de urbaniza\u00e7\u00e3o e autoriza obras do contorno rodovi\u00e1rio","og_description":"Lula estar\u00e1 na Capital dia 24. Obras do Complexo Segredo e contorno rodovi\u00e1rio tem atua\u00e7\u00e3o decisiva de Vander.","og_url":"https:\/\/vanderloubet.com.br\/deputado\/lula-visita-projetos-de-urbanizacao-e-autoriza-obras-do-contorno-rodoviario\/","og_site_name":"Deputado Federal Vander Loubet","article_publisher":"https:\/\/facebook.com\/deputadovander","article_published_time":"2010-08-21T19:14:17+00:00","og_image":[{"url":"http:\/\/www.deputadovander.com.br\/website\/wp-content\/uploads\/2010\/08\/foto-2010-08-21-revitalizacao-br163-300x200.jpg","type":"","width":"","height":""}],"author":"\u00c9der","twitter_card":"summary_large_image","twitter_creator":"@vanderloubet","twitter_site":"@vanderloubet","schema":{"@context":"https:\/\/schema.org","@graph":[{"@type":"Article","@id":"https:\/\/vanderloubet.com.br\/deputado\/lula-visita-projetos-de-urbanizacao-e-autoriza-obras-do-contorno-rodoviario\/#article","isPartOf":{"@id":"https:\/\/vanderloubet.com.br\/deputado\/lula-visita-projetos-de-urbanizacao-e-autoriza-obras-do-contorno-rodoviario\/"},"author":{"name":"\u00c9der","@id":"https:\/\/vanderloubet.com.br\/deputado\/#\/schema\/person\/15b51bd564532a8a68d9dec1b8eb890e"},"headline":"Lula visita projetos de urbaniza\u00e7\u00e3o e autoriza obras do contorno rodovi\u00e1rio","datePublished":"2010-08-21T19:14:17+00:00","mainEntityOfPage":{"@id":"https:\/\/vanderloubet.com.br\/deputado\/lula-visita-projetos-de-urbanizacao-e-autoriza-obras-do-contorno-rodoviario\/"},"wordCount":719,"commentCount":0,"publisher":{"@id":"https:\/\/vanderloubet.com.br\/deputado\/#organization"},"image":{"@id":"https:\/\/vanderloubet.com.br\/deputado\/lula-visita-projetos-de-urbanizacao-e-autoriza-obras-do-contorno-rodoviario\/#primaryimage"},"thumbnailUrl":"http:\/\/www.deputadovander.com.br\/website\/wp-content\/uploads\/2010\/08\/foto-2010-08-21-revitalizacao-br163-300x200.jpg","keywords":["br-060","br-163","br-262","c\u00f3rrego","dnit","lula","MS","presidente","segredo","vander loubet"],"articleSection":["Not\u00edcias"],"inLanguage":"pt-BR","potentialAction":[{"@type":"CommentAction","name":"Comment","target":["https:\/\/vanderloubet.com.br\/deputado\/lula-visita-projetos-de-urbanizacao-e-autoriza-obras-do-contorno-rodoviario\/#respond"]}]},{"@type":"WebPage","@id":"https:\/\/vanderloubet.com.br\/deputado\/lula-visita-projetos-de-urbanizacao-e-autoriza-obras-do-contorno-rodoviario\/","url":"https:\/\/vanderloubet.com.br\/deputado\/lula-visita-projetos-de-urbanizacao-e-autoriza-obras-do-contorno-rodoviario\/","name":"Lula visita projetos de urbaniza\u00e7\u00e3o e autoriza obras do contorno rodovi\u00e1rio","isPartOf":{"@id":"https:\/\/vanderloubet.com.br\/deputado\/#website"},"primaryImageOfPage":{"@id":"https:\/\/vanderloubet.com.br\/deputado\/lula-visita-projetos-de-urbanizacao-e-autoriza-obras-do-contorno-rodoviario\/#primaryimage"},"image":{"@id":"https:\/\/vanderloubet.com.br\/deputado\/lula-visita-projetos-de-urbanizacao-e-autoriza-obras-do-contorno-rodoviario\/#primaryimage"},"thumbnailUrl":"http:\/\/www.deputadovander.com.br\/website\/wp-content\/uploads\/2010\/08\/foto-2010-08-21-revitalizacao-br163-300x200.jpg","datePublished":"2010-08-21T19:14:17+00:00","breadcrumb":{"@id":"https:\/\/vanderloubet.com.br\/deputado\/lula-visita-projetos-de-urbanizacao-e-autoriza-obras-do-contorno-rodoviario\/#breadcrumb"},"inLanguage":"pt-BR","potentialAction":[{"@type":"ReadAction","target":["https:\/\/vanderloubet.com.br\/deputado\/lula-visita-projetos-de-urbanizacao-e-autoriza-obras-do-contorno-rodoviario\/"]}]},{"@type":"ImageObject","inLanguage":"pt-BR","@id":"https:\/\/vanderloubet.com.br\/deputado\/lula-visita-projetos-de-urbanizacao-e-autoriza-obras-do-contorno-rodoviario\/#primaryimage","url":"http:\/\/www.deputadovander.com.br\/website\/wp-content\/uploads\/2010\/08\/foto-2010-08-21-revitalizacao-br163-300x200.jpg","contentUrl":"http:\/\/www.deputadovander.com.br\/website\/wp-content\/uploads\/2010\/08\/foto-2010-08-21-revitalizacao-br163-300x200.jpg"},{"@type":"BreadcrumbList","@id":"https:\/\/vanderloubet.com.br\/deputado\/lula-visita-projetos-de-urbanizacao-e-autoriza-obras-do-contorno-rodoviario\/#breadcrumb","itemListElement":[{"@type":"ListItem","position":1,"name":"In\u00edcio","item":"https:\/\/vanderloubet.com.br\/deputado\/"},{"@type":"ListItem","position":2,"name":"Lula visita projetos de urbaniza\u00e7\u00e3o e autoriza obras do contorno rodovi\u00e1rio"}]},{"@type":"WebSite","@id":"https:\/\/vanderloubet.com.br\/deputado\/#website","url":"https:\/\/vanderloubet.com.br\/deputado\/","name":"Deputado Federal Vander Loubet","description":"O Federal de MS","publisher":{"@id":"https:\/\/vanderloubet.com.br\/deputado\/#organization"},"alternateName":"Deputado Vander","potentialAction":[{"@type":"SearchAction","target":{"@type":"EntryPoint","urlTemplate":"https:\/\/vanderloubet.com.br\/deputado\/?s={search_term_string}"},"query-input":{"@type":"PropertyValueSpecification","valueRequired":true,"valueName":"search_term_string"}}],"inLanguage":"pt-BR"},{"@type":"Organization","@id":"https:\/\/vanderloubet.com.br\/deputado\/#organization","name":"Deputado Federal Vander Loubet","alternateName":"Deputado Vander","url":"https:\/\/vanderloubet.com.br\/deputado\/","logo":{"@type":"ImageObject","inLanguage":"pt-BR","@id":"https:\/\/vanderloubet.com.br\/deputado\/#\/schema\/logo\/image\/","url":"https:\/\/vanderloubet.com.br\/deputado\/wp-content\/uploads\/2023\/06\/foto-2023-06-19-mandato-deputado-vander.jpg","contentUrl":"https:\/\/vanderloubet.com.br\/deputado\/wp-content\/uploads\/2023\/06\/foto-2023-06-19-mandato-deputado-vander.jpg","width":1080,"height":1080,"caption":"Deputado Federal Vander Loubet"},"image":{"@id":"https:\/\/vanderloubet.com.br\/deputado\/#\/schema\/logo\/image\/"},"sameAs":["https:\/\/facebook.com\/deputadovander","https:\/\/x.com\/vanderloubet","https:\/\/instagram.com\/vanderloubet","https:\/\/youtube.com\/vanderloubet","https:\/\/tiktok.com\/@vanderloubetms"]},{"@type":"Person","@id":"https:\/\/vanderloubet.com.br\/deputado\/#\/schema\/person\/15b51bd564532a8a68d9dec1b8eb890e","name":"\u00c9der","image":{"@type":"ImageObject","inLanguage":"pt-BR","@id":"https:\/\/vanderloubet.com.br\/deputado\/wp-content\/litespeed\/avatar\/88ca4090d9d5ab1c9495f6ca03b68efa.jpg?ver=1777058957","url":"https:\/\/vanderloubet.com.br\/deputado\/wp-content\/litespeed\/avatar\/88ca4090d9d5ab1c9495f6ca03b68efa.jpg?ver=1777058957","contentUrl":"https:\/\/vanderloubet.com.br\/deputado\/wp-content\/litespeed\/avatar\/88ca4090d9d5ab1c9495f6ca03b68efa.jpg?ver=1777058957","caption":"\u00c9der"}}]}},"jetpack_featured_media_url":"","jetpack_sharing_enabled":true,"_links":{"self":[{"href":"https:\/\/vanderloubet.com.br\/deputado\/wp-json\/wp\/v2\/posts\/2125","targetHints":{"allow":["GET"]}}],"collection":[{"href":"https:\/\/vanderloubet.com.br\/deputado\/wp-json\/wp\/v2\/posts"}],"about":[{"href":"https:\/\/vanderloubet.com.br\/deputado\/wp-json\/wp\/v2\/types\/post"}],"author":[{"embeddable":true,"href":"https:\/\/vanderloubet.com.br\/deputado\/wp-json\/wp\/v2\/users\/2"}],"replies":[{"embeddable":true,"href":"https:\/\/vanderloubet.com.br\/deputado\/wp-json\/wp\/v2\/comments?post=2125"}],"version-history":[{"count":0,"href":"https:\/\/vanderloubet.com.br\/deputado\/wp-json\/wp\/v2\/posts\/2125\/revisions"}],"wp:attachment":[{"href":"https:\/\/vanderloubet.com.br\/deputado\/wp-json\/wp\/v2\/media?parent=2125"}],"wp:term":[{"taxonomy":"category","embeddable":true,"href":"https:\/\/vanderloubet.com.br\/deputado\/wp-json\/wp\/v2\/categories?post=2125"},{"taxonomy":"post_tag","embeddable":true,"href":"https:\/\/vanderloubet.com.br\/deputado\/wp-json\/wp\/v2\/tags?post=2125"}],"curies":[{"name":"wp","href":"https:\/\/api.w.org\/{rel}","templated":true}]}}