{"id":20665,"date":"2026-03-12T16:18:45","date_gmt":"2026-03-12T20:18:45","guid":{"rendered":"https:\/\/vanderloubet.com.br\/deputado\/?p=20665"},"modified":"2026-03-12T16:25:51","modified_gmt":"2026-03-12T20:25:51","slug":"lula-zera-imposto-e-subsidia-diesel-para-conter-alta-do-petroleo","status":"publish","type":"post","link":"https:\/\/vanderloubet.com.br\/deputado\/lula-zera-imposto-e-subsidia-diesel-para-conter-alta-do-petroleo\/","title":{"rendered":"Lula zera imposto e subsidia diesel para conter alta do petr\u00f3leo"},"content":{"rendered":"<p>O presidente Luiz In\u00e1cio Lula da Silva assinou um decreto presidencial nesta quinta-feira (12) zerando as al\u00edquotas do PIS e do Cofins sobre a importa\u00e7\u00e3o e comercializa\u00e7\u00e3o do diesel. Al\u00e9m disso, assinou medida provis\u00f3ria (MP) com subven\u00e7\u00e3o ao diesel para produtores e importadores.<\/p>\n<p>&#8220;[As medidas s\u00e3o] para que a gente garanta que essa guerra n\u00e3o chegue ao bolso do motorista, ao bolso do caminhoneiro e, sobretudo, n\u00e3o chegando ao bolso do caminhoneiro n\u00e3o vai chegar ao prato de feij\u00e3o, \u00e0 salada do alface, da cebola e a comida que o povo mais come&#8221;, afirmou Lula em coletiva de imprensa no Pal\u00e1cio do Planalto, em Bras\u00edlia.<\/p>\n<p>As medidas foram anunciadas em car\u00e1ter tempor\u00e1rio \u2013 at\u00e9 dia 31 de dezembro deste ano \u2013 e justificadas por causa da alta do petr\u00f3leo causada pela guerra no Ir\u00e3, que vem obrigando pa\u00edses a liberarem estoques de emerg\u00eancia.<\/p>\n<p>O corte dos impostos deve reduzir o valor do litro em R$ 0,32 na refinaria. J\u00e1 a subven\u00e7\u00e3o aos produtores e importadores deve ter impacto de mais R$ 0,32 por litro. Ao todo, as duas medidas devem reduzir o pre\u00e7o em R$ 0,64 por litro do diesel, segundo c\u00e1lculos do Minist\u00e9rio da Fazenda.<\/p>\n<p>A subven\u00e7\u00e3o aos produtores e importadores ser\u00e1 condicionada a uma comprova\u00e7\u00e3o de que o valor foi transferido para os consumidores finais.<\/p>\n<p>Para compensar a perda na arrecada\u00e7\u00e3o e incentivar o refino de petr\u00f3leo no Brasil, o governo passar\u00e1 a cobrar uma al\u00edquota de 12% sobre a exporta\u00e7\u00e3o de petr\u00f3leo.<\/p>\n<p>Foi publicado ainda um segundo decreto, esse em car\u00e1ter permanente, com medidas de fiscaliza\u00e7\u00e3o e transpar\u00eancia para combater o aumento abusivo dos pre\u00e7os dos combust\u00edveis para fins de especula\u00e7\u00e3o.<\/p>\n<p>O ministro da Fazenda, Fernando Haddad, explicou que a abusividade deve ser definida por crit\u00e9rios objetivos a serem desenhados pela Ag\u00eancia Nacional de Petr\u00f3leo (ANP).<\/p>\n<p>&#8220;N\u00f3s criamos dois novos tipos para caracterizar a abusividade do distribuidor, tanto no caso de um armazenamento de combust\u00edvel injustificado, quanto do aumento abusivo do pre\u00e7o que passa a ser fiscalizado pela ANP a partir de crit\u00e9rios objetivos que ser\u00e3o produto de uma resolu\u00e7\u00e3o da ag\u00eancia.&#8221;<\/p>\n<p><strong>Estados devem fazer sua parte<\/strong><\/p>\n<p>O deputado federal Vander Loubet (PT-MS) elogiou a medida adotada pelo presidente Lula e ponderou que os governadores tamb\u00e9m deveriam aderir a esse esfor\u00e7o para reduzir o pre\u00e7o do \u00f3leo diesel.<\/p>\n<p>&#8220;O presidente Lula hoje fez a parte dele, zerou os impostos federais. Agora \u00e9 importante que os governos estaduais &#8211; inclusive o nosso, de Mato Grosso do Sul &#8211; possam seguir nessa mesma linha e fazer parte deles. Isso ajuda os caminhoneiros, ajuda os produtores e ajuda a diminuir o pre\u00e7o da comida no Brasil&#8221;, destacou o parlamentar pantaneiro.<\/p>\n<blockquote class=\"instagram-media\" data-instgrm-permalink=\"https:\/\/www.instagram.com\/reel\/DVy7rRYERKS\/?utm_source=ig_embed&amp;utm_campaign=loading\" data-instgrm-version=\"14\" style=\" background:#FFF; border:0; border-radius:3px; box-shadow:0 0 1px 0 rgba(0,0,0,0.5),0 1px 10px 0 rgba(0,0,0,0.15); margin: 1px; max-width:540px; min-width:326px; padding:0; width:99.375%; width:-webkit-calc(100% - 2px); width:calc(100% - 2px);\">\n<div style=\"padding:16px;\"> <a href=\"https:\/\/www.instagram.com\/reel\/DVy7rRYERKS\/?utm_source=ig_embed&amp;utm_campaign=loading\" style=\" background:#FFFFFF; line-height:0; padding:0 0; text-align:center; text-decoration:none; width:100%;\" target=\"_blank\"> <\/p>\n<div style=\" display: flex; flex-direction: row; align-items: center;\">\n<div style=\"background-color: #F4F4F4; border-radius: 50%; flex-grow: 0; height: 40px; margin-right: 14px; width: 40px;\"><\/div>\n<div style=\"display: flex; flex-direction: column; flex-grow: 1; justify-content: center;\">\n<div style=\" background-color: #F4F4F4; border-radius: 4px; flex-grow: 0; height: 14px; margin-bottom: 6px; width: 100px;\"><\/div>\n<div style=\" background-color: #F4F4F4; border-radius: 4px; flex-grow: 0; height: 14px; width: 60px;\"><\/div>\n<\/div>\n<\/div>\n<div style=\"padding: 19% 0;\"><\/div>\n<div style=\"display:block; height:50px; margin:0 auto 12px; width:50px;\"><svg width=\"50px\" height=\"50px\" viewBox=\"0 0 60 60\" version=\"1.1\" xmlns=\"https:\/\/www.w3.org\/2000\/svg\" xmlns:xlink=\"https:\/\/www.w3.org\/1999\/xlink\"><g stroke=\"none\" stroke-width=\"1\" fill=\"none\" fill-rule=\"evenodd\"><g transform=\"translate(-511.000000, -20.000000)\" fill=\"#000000\"><g><path d=\"M556.869,30.41 C554.814,30.41 553.148,32.076 553.148,34.131 C553.148,36.186 554.814,37.852 556.869,37.852 C558.924,37.852 560.59,36.186 560.59,34.131 C560.59,32.076 558.924,30.41 556.869,30.41 M541,60.657 C535.114,60.657 530.342,55.887 530.342,50 C530.342,44.114 535.114,39.342 541,39.342 C546.887,39.342 551.658,44.114 551.658,50 C551.658,55.887 546.887,60.657 541,60.657 M541,33.886 C532.1,33.886 524.886,41.1 524.886,50 C524.886,58.899 532.1,66.113 541,66.113 C549.9,66.113 557.115,58.899 557.115,50 C557.115,41.1 549.9,33.886 541,33.886 M565.378,62.101 C565.244,65.022 564.756,66.606 564.346,67.663 C563.803,69.06 563.154,70.057 562.106,71.106 C561.058,72.155 560.06,72.803 558.662,73.347 C557.607,73.757 556.021,74.244 553.102,74.378 C549.944,74.521 548.997,74.552 541,74.552 C533.003,74.552 532.056,74.521 528.898,74.378 C525.979,74.244 524.393,73.757 523.338,73.347 C521.94,72.803 520.942,72.155 519.894,71.106 C518.846,70.057 518.197,69.06 517.654,67.663 C517.244,66.606 516.755,65.022 516.623,62.101 C516.479,58.943 516.448,57.996 516.448,50 C516.448,42.003 516.479,41.056 516.623,37.899 C516.755,34.978 517.244,33.391 517.654,32.338 C518.197,30.938 518.846,29.942 519.894,28.894 C520.942,27.846 521.94,27.196 523.338,26.654 C524.393,26.244 525.979,25.756 528.898,25.623 C532.057,25.479 533.004,25.448 541,25.448 C548.997,25.448 549.943,25.479 553.102,25.623 C556.021,25.756 557.607,26.244 558.662,26.654 C560.06,27.196 561.058,27.846 562.106,28.894 C563.154,29.942 563.803,30.938 564.346,32.338 C564.756,33.391 565.244,34.978 565.378,37.899 C565.522,41.056 565.552,42.003 565.552,50 C565.552,57.996 565.522,58.943 565.378,62.101 M570.82,37.631 C570.674,34.438 570.167,32.258 569.425,30.349 C568.659,28.377 567.633,26.702 565.965,25.035 C564.297,23.368 562.623,22.342 560.652,21.575 C558.743,20.834 556.562,20.326 553.369,20.18 C550.169,20.033 549.148,20 541,20 C532.853,20 531.831,20.033 528.631,20.18 C525.438,20.326 523.257,20.834 521.349,21.575 C519.376,22.342 517.703,23.368 516.035,25.035 C514.368,26.702 513.342,28.377 512.574,30.349 C511.834,32.258 511.326,34.438 511.181,37.631 C511.035,40.831 511,41.851 511,50 C511,58.147 511.035,59.17 511.181,62.369 C511.326,65.562 511.834,67.743 512.574,69.651 C513.342,71.625 514.368,73.296 516.035,74.965 C517.703,76.634 519.376,77.658 521.349,78.425 C523.257,79.167 525.438,79.673 528.631,79.82 C531.831,79.965 532.853,80.001 541,80.001 C549.148,80.001 550.169,79.965 553.369,79.82 C556.562,79.673 558.743,79.167 560.652,78.425 C562.623,77.658 564.297,76.634 565.965,74.965 C567.633,73.296 568.659,71.625 569.425,69.651 C570.167,67.743 570.674,65.562 570.82,62.369 C570.966,59.17 571,58.147 571,50 C571,41.851 570.966,40.831 570.82,37.631\"><\/path><\/g><\/g><\/g><\/svg><\/div>\n<div style=\"padding-top: 8px;\">\n<div style=\" color:#3897f0; font-family:Arial,sans-serif; font-size:14px; font-style:normal; font-weight:550; line-height:18px;\">Ver essa foto no Instagram<\/div>\n<\/div>\n<div style=\"padding: 12.5% 0;\"><\/div>\n<div style=\"display: flex; flex-direction: row; margin-bottom: 14px; align-items: center;\">\n<div>\n<div style=\"background-color: #F4F4F4; border-radius: 50%; height: 12.5px; width: 12.5px; transform: translateX(0px) translateY(7px);\"><\/div>\n<div style=\"background-color: #F4F4F4; height: 12.5px; transform: rotate(-45deg) translateX(3px) translateY(1px); width: 12.5px; flex-grow: 0; margin-right: 14px; margin-left: 2px;\"><\/div>\n<div style=\"background-color: #F4F4F4; border-radius: 50%; height: 12.5px; width: 12.5px; transform: translateX(9px) translateY(-18px);\"><\/div>\n<\/div>\n<div style=\"margin-left: 8px;\">\n<div style=\" background-color: #F4F4F4; border-radius: 50%; flex-grow: 0; height: 20px; width: 20px;\"><\/div>\n<div style=\" width: 0; height: 0; border-top: 2px solid transparent; border-left: 6px solid #f4f4f4; border-bottom: 2px solid transparent; transform: translateX(16px) translateY(-4px) rotate(30deg)\"><\/div>\n<\/div>\n<div style=\"margin-left: auto;\">\n<div style=\" width: 0px; border-top: 8px solid #F4F4F4; border-right: 8px solid transparent; transform: translateY(16px);\"><\/div>\n<div style=\" background-color: #F4F4F4; flex-grow: 0; height: 12px; width: 16px; transform: translateY(-4px);\"><\/div>\n<div style=\" width: 0; height: 0; border-top: 8px solid #F4F4F4; border-left: 8px solid transparent; transform: translateY(-4px) translateX(8px);\"><\/div>\n<\/div>\n<\/div>\n<div style=\"display: flex; flex-direction: column; flex-grow: 1; justify-content: center; margin-bottom: 24px;\">\n<div style=\" background-color: #F4F4F4; border-radius: 4px; flex-grow: 0; height: 14px; margin-bottom: 6px; width: 224px;\"><\/div>\n<div style=\" background-color: #F4F4F4; border-radius: 4px; flex-grow: 0; height: 14px; width: 144px;\"><\/div>\n<\/div>\n<p><\/a><\/p>\n<p style=\" color:#c9c8cd; font-family:Arial,sans-serif; font-size:14px; line-height:17px; margin-bottom:0; margin-top:8px; overflow:hidden; padding:8px 0 7px; text-align:center; text-overflow:ellipsis; white-space:nowrap;\"><a href=\"https:\/\/www.instagram.com\/reel\/DVy7rRYERKS\/?utm_source=ig_embed&amp;utm_campaign=loading\" style=\" color:#c9c8cd; font-family:Arial,sans-serif; font-size:14px; font-style:normal; font-weight:normal; line-height:17px; text-decoration:none;\" target=\"_blank\">Um post compartilhado por Vander Loubet (@vanderloubet)<\/a><\/p>\n<\/div>\n<\/blockquote>\n<p><script async src=\"\/\/www.instagram.com\/embed.js\"><\/script><\/p>\n<p><strong>Impacto econ\u00f4mico<\/strong><\/p>\n<p>Com o imposto do PIS e Cofins zerado para o diesel, o governo espera perder R$ 20 bilh\u00f5es em arrecada\u00e7\u00e3o. J\u00e1 a subven\u00e7\u00e3o ao diesel deve ter um impacto de R$ 10 bilh\u00f5es no caixa da Uni\u00e3o.<\/p>\n<p>O governo espera que esse valor seja compensado pelo imposto de exporta\u00e7\u00e3o sob o petr\u00f3leo, com previs\u00e3o de arrecadar R$ 30 bilh\u00f5es at\u00e9 o final do ano.<\/p>\n<p>O ministro da Fazenda, Fernando Haddad, comentou na coletiva que as mudan\u00e7as n\u00e3o alteram a pol\u00edtica de pre\u00e7o da Petrobras, mantendo a previsibilidade e o retorno aos acionistas privados minorit\u00e1rios da estatal.<\/p>\n<p>&#8220;N\u00e3o estamos falando de nada que altera estruturalmente o pa\u00eds, nem do ponto de vista fiscal, nem do ponto de vista tarif\u00e1rio&#8221;, disse Haddad, acrescentando que a preocupa\u00e7\u00e3o do governo \u00e9 com o pre\u00e7o do diesel.<\/p>\n<p>&#8220;A maior press\u00e3o que o mercado de combust\u00edvel sofre hoje vem exatamente do diesel, n\u00e3o vem da gasolina. \u00c9 com o diesel que n\u00f3s estamos mais preocupados pelo fato do diesel afetar as cadeias produtivas de maneira muito enf\u00e1tica. Toda a colheita que est\u00e1 sendo feita agora da safra brasileira depende do diesel&#8221;, completou Haddad.<\/p>\n<p><strong>Fiscaliza\u00e7\u00e3o e Transpar\u00eancia<\/strong><\/p>\n<p>O governo ainda definiu refer\u00eancias objetivas para que a ANP e ag\u00eancias de defesa do consumidor possam atuar de forma mais eficiente no combate aos pre\u00e7os abusivos dos combust\u00edveis.<\/p>\n<p>O ministro da Casa Civil, Rui Costa, enfatizou que faltam hoje refer\u00eancias t\u00e9cnicas para impedir a manipula\u00e7\u00e3o dos pre\u00e7os para fins especulativos, &#8220;visto que esses abusos se tornaram recorrentes&#8221;.<\/p>\n<p>&#8220;Quando a Petrobras, que tem a produ\u00e7\u00e3o majorit\u00e1ria do Brasil \u2013 mais de 70% do mercado \u2013 reduz o pre\u00e7o, essa redu\u00e7\u00e3o demora muito para chegar na bomba. Quando chega, ou chega s\u00f3 parcialmente, ou mesmo quando chega integralmente, chega semanas ou meses depois&#8221;, explicou o ministro.<\/p>\n<p><strong>Al\u00edquota de exporta\u00e7\u00e3o<\/strong><\/p>\n<p>A al\u00edquota de exporta\u00e7\u00e3o de 12% sobre o barril de petr\u00f3leo, al\u00e9m de compensar a perda na arrecada\u00e7\u00e3o causada pelo subs\u00eddio ao Diesel, deve servir para incentivar os exportadores a deixarem parte da produ\u00e7\u00e3o no mercado interno, em vez de buscarem exportar mais motivados pelo aumento do pre\u00e7o no mercado mundial.<\/p>\n<p>&#8220;Como o pre\u00e7o do \u00f3leo bruto est\u00e1 disparando, se voc\u00ea n\u00e3o der uma medida compensat\u00f3ria que estimule quem produz \u00f3leo bruto a deixar nas refinarias brasileiras, ele vai colocar uma parcela ainda maior no mercado internacional, desabastecendo nossas refinarias&#8221;, comentou o ministro da Casa Civil, Rui Costa.<\/p>\n<p><strong>BR Distribuidora<\/strong><\/p>\n<p>Os ministros criticaram ainda a privatiza\u00e7\u00e3o da BR Distribuidora para a Vibra Energia, realizada pelo governo de Jair Bolsonaro. A empresa &#8211; que recebeu o direito de explorar a marca BR at\u00e9 2029 &#8211; controla milhares de postos de combust\u00edveis no pa\u00eds e poderia se somar aos esfor\u00e7os para reduzir os impactos da alta do petr\u00f3leo.<\/p>\n<p>&#8220;Infelizmente, o modelo criminoso de venda dos nossos ativos nacionais do governo anterior fez com que n\u00f3s diminu\u00edssemos a nossa produ\u00e7\u00e3o de produtos refinados no Brasil \u2013 gasolina, diesel e g\u00e1s natural. E, portanto, foi um crime de lesa p\u00e1tria ao Brasil, aos brasileiros, desfazer da nossa BR Distribuidora&#8221;, comentou o ministro de Minas e Energia, Alexandre Silveira.<\/p>\n<pre><em>Fonte: Ag\u00eancia Brasil<\/em>\r\n<em>Foto: Ricardo Stuckert<\/em><\/pre>\n","protected":false},"excerpt":{"rendered":"<p>Deputado Vander elogiou a medida e cobrou que governadores &#8211; como o de Mato Grosso do Sul &#8211; fa\u00e7am o mesmo com o ICMS.<\/p>\n","protected":false},"author":2,"featured_media":20666,"comment_status":"closed","ping_status":"closed","sticky":false,"template":"","format":"standard","meta":{"jetpack_post_was_ever_published":false,"_jetpack_newsletter_access":"","_jetpack_dont_email_post_to_subs":false,"_jetpack_newsletter_tier_id":0,"_jetpack_memberships_contains_paywalled_content":false,"_jetpack_memberships_contains_paid_content":false,"footnotes":""},"categories":[2098,10],"tags":[2467,2525,1189,2259],"class_list":{"0":"post-20665","1":"post","2":"type-post","3":"status-publish","4":"format-standard","5":"has-post-thumbnail","7":"category-brasil-noticias","8":"category-noticias","9":"tag-combustivel","10":"tag-governo-federal","11":"tag-lula","12":"tag-tributos-e-impostos"},"yoast_head":"<!-- This site is optimized with the Yoast SEO plugin v27.4 - https:\/\/yoast.com\/product\/yoast-seo-wordpress\/ -->\n<title>Lula zera imposto e subsidia diesel para conter alta do petr\u00f3leo<\/title>\n<meta name=\"description\" content=\"Deputado Vander elogiou a medida e cobrou que governadores - como o de Mato Grosso do Sul - fa\u00e7am o mesmo com o ICMS.\" \/>\n<meta name=\"robots\" content=\"index, follow, max-snippet:-1, max-image-preview:large, max-video-preview:-1\" \/>\n<link rel=\"canonical\" href=\"https:\/\/vanderloubet.com.br\/deputado\/lula-zera-imposto-e-subsidia-diesel-para-conter-alta-do-petroleo\/\" \/>\n<meta property=\"og:locale\" content=\"pt_BR\" \/>\n<meta property=\"og:type\" content=\"article\" \/>\n<meta property=\"og:title\" content=\"Lula zera imposto e subsidia diesel para conter alta do petr\u00f3leo\" \/>\n<meta property=\"og:description\" content=\"Deputado Vander elogiou a medida e cobrou que governadores - como o de Mato Grosso do Sul - fa\u00e7am o mesmo com o ICMS.\" \/>\n<meta property=\"og:url\" content=\"https:\/\/vanderloubet.com.br\/deputado\/lula-zera-imposto-e-subsidia-diesel-para-conter-alta-do-petroleo\/\" \/>\n<meta property=\"og:site_name\" content=\"Deputado Federal Vander Loubet\" \/>\n<meta property=\"article:publisher\" content=\"https:\/\/facebook.com\/deputadovander\" \/>\n<meta property=\"article:published_time\" content=\"2026-03-12T20:18:45+00:00\" \/>\n<meta property=\"article:modified_time\" content=\"2026-03-12T20:25:51+00:00\" \/>\n<meta property=\"og:image\" content=\"https:\/\/vanderloubet.com.br\/deputado\/wp-content\/uploads\/2026\/03\/foto-2026-03-12-presidente-lula.jpg\" \/>\n\t<meta property=\"og:image:width\" content=\"960\" \/>\n\t<meta property=\"og:image:height\" content=\"640\" \/>\n\t<meta property=\"og:image:type\" content=\"image\/jpeg\" \/>\n<meta name=\"author\" content=\"\u00c9der\" \/>\n<meta name=\"twitter:card\" content=\"summary_large_image\" \/>\n<meta name=\"twitter:creator\" content=\"@vanderloubet\" \/>\n<meta name=\"twitter:site\" content=\"@vanderloubet\" \/>\n<script type=\"application\/ld+json\" class=\"yoast-schema-graph\">{\"@context\":\"https:\\\/\\\/schema.org\",\"@graph\":[{\"@type\":\"Article\",\"@id\":\"https:\\\/\\\/vanderloubet.com.br\\\/deputado\\\/lula-zera-imposto-e-subsidia-diesel-para-conter-alta-do-petroleo\\\/#article\",\"isPartOf\":{\"@id\":\"https:\\\/\\\/vanderloubet.com.br\\\/deputado\\\/lula-zera-imposto-e-subsidia-diesel-para-conter-alta-do-petroleo\\\/\"},\"author\":{\"name\":\"\u00c9der\",\"@id\":\"https:\\\/\\\/vanderloubet.com.br\\\/deputado\\\/#\\\/schema\\\/person\\\/15b51bd564532a8a68d9dec1b8eb890e\"},\"headline\":\"Lula zera imposto e subsidia diesel para conter alta do petr\u00f3leo\",\"datePublished\":\"2026-03-12T20:18:45+00:00\",\"dateModified\":\"2026-03-12T20:25:51+00:00\",\"mainEntityOfPage\":{\"@id\":\"https:\\\/\\\/vanderloubet.com.br\\\/deputado\\\/lula-zera-imposto-e-subsidia-diesel-para-conter-alta-do-petroleo\\\/\"},\"wordCount\":1069,\"publisher\":{\"@id\":\"https:\\\/\\\/vanderloubet.com.br\\\/deputado\\\/#organization\"},\"image\":{\"@id\":\"https:\\\/\\\/vanderloubet.com.br\\\/deputado\\\/lula-zera-imposto-e-subsidia-diesel-para-conter-alta-do-petroleo\\\/#primaryimage\"},\"thumbnailUrl\":\"https:\\\/\\\/vanderloubet.com.br\\\/deputado\\\/wp-content\\\/uploads\\\/2026\\\/03\\\/foto-2026-03-12-presidente-lula.jpg\",\"keywords\":[\"combust\u00edvel\",\"governo federal\",\"lula\",\"tributos e impostos\"],\"articleSection\":[\"Brasil\",\"Not\u00edcias\"],\"inLanguage\":\"pt-BR\"},{\"@type\":\"WebPage\",\"@id\":\"https:\\\/\\\/vanderloubet.com.br\\\/deputado\\\/lula-zera-imposto-e-subsidia-diesel-para-conter-alta-do-petroleo\\\/\",\"url\":\"https:\\\/\\\/vanderloubet.com.br\\\/deputado\\\/lula-zera-imposto-e-subsidia-diesel-para-conter-alta-do-petroleo\\\/\",\"name\":\"Lula zera imposto e subsidia diesel para conter alta do petr\u00f3leo\",\"isPartOf\":{\"@id\":\"https:\\\/\\\/vanderloubet.com.br\\\/deputado\\\/#website\"},\"primaryImageOfPage\":{\"@id\":\"https:\\\/\\\/vanderloubet.com.br\\\/deputado\\\/lula-zera-imposto-e-subsidia-diesel-para-conter-alta-do-petroleo\\\/#primaryimage\"},\"image\":{\"@id\":\"https:\\\/\\\/vanderloubet.com.br\\\/deputado\\\/lula-zera-imposto-e-subsidia-diesel-para-conter-alta-do-petroleo\\\/#primaryimage\"},\"thumbnailUrl\":\"https:\\\/\\\/vanderloubet.com.br\\\/deputado\\\/wp-content\\\/uploads\\\/2026\\\/03\\\/foto-2026-03-12-presidente-lula.jpg\",\"datePublished\":\"2026-03-12T20:18:45+00:00\",\"dateModified\":\"2026-03-12T20:25:51+00:00\",\"description\":\"Deputado Vander elogiou a medida e cobrou que governadores - como o de Mato Grosso do Sul - fa\u00e7am o mesmo com o ICMS.\",\"breadcrumb\":{\"@id\":\"https:\\\/\\\/vanderloubet.com.br\\\/deputado\\\/lula-zera-imposto-e-subsidia-diesel-para-conter-alta-do-petroleo\\\/#breadcrumb\"},\"inLanguage\":\"pt-BR\",\"potentialAction\":[{\"@type\":\"ReadAction\",\"target\":[\"https:\\\/\\\/vanderloubet.com.br\\\/deputado\\\/lula-zera-imposto-e-subsidia-diesel-para-conter-alta-do-petroleo\\\/\"]}]},{\"@type\":\"ImageObject\",\"inLanguage\":\"pt-BR\",\"@id\":\"https:\\\/\\\/vanderloubet.com.br\\\/deputado\\\/lula-zera-imposto-e-subsidia-diesel-para-conter-alta-do-petroleo\\\/#primaryimage\",\"url\":\"https:\\\/\\\/vanderloubet.com.br\\\/deputado\\\/wp-content\\\/uploads\\\/2026\\\/03\\\/foto-2026-03-12-presidente-lula.jpg\",\"contentUrl\":\"https:\\\/\\\/vanderloubet.com.br\\\/deputado\\\/wp-content\\\/uploads\\\/2026\\\/03\\\/foto-2026-03-12-presidente-lula.jpg\",\"width\":960,\"height\":640,\"caption\":\"Lula zera imposto e subsidia diesel para conter alta do petr\u00f3leo\"},{\"@type\":\"BreadcrumbList\",\"@id\":\"https:\\\/\\\/vanderloubet.com.br\\\/deputado\\\/lula-zera-imposto-e-subsidia-diesel-para-conter-alta-do-petroleo\\\/#breadcrumb\",\"itemListElement\":[{\"@type\":\"ListItem\",\"position\":1,\"name\":\"In\u00edcio\",\"item\":\"https:\\\/\\\/vanderloubet.com.br\\\/deputado\\\/\"},{\"@type\":\"ListItem\",\"position\":2,\"name\":\"Lula zera imposto e subsidia diesel para conter alta do petr\u00f3leo\"}]},{\"@type\":\"WebSite\",\"@id\":\"https:\\\/\\\/vanderloubet.com.br\\\/deputado\\\/#website\",\"url\":\"https:\\\/\\\/vanderloubet.com.br\\\/deputado\\\/\",\"name\":\"Deputado Federal Vander Loubet\",\"description\":\"O Federal de MS\",\"publisher\":{\"@id\":\"https:\\\/\\\/vanderloubet.com.br\\\/deputado\\\/#organization\"},\"alternateName\":\"Deputado Vander\",\"potentialAction\":[{\"@type\":\"SearchAction\",\"target\":{\"@type\":\"EntryPoint\",\"urlTemplate\":\"https:\\\/\\\/vanderloubet.com.br\\\/deputado\\\/?s={search_term_string}\"},\"query-input\":{\"@type\":\"PropertyValueSpecification\",\"valueRequired\":true,\"valueName\":\"search_term_string\"}}],\"inLanguage\":\"pt-BR\"},{\"@type\":\"Organization\",\"@id\":\"https:\\\/\\\/vanderloubet.com.br\\\/deputado\\\/#organization\",\"name\":\"Deputado Federal Vander Loubet\",\"alternateName\":\"Deputado Vander\",\"url\":\"https:\\\/\\\/vanderloubet.com.br\\\/deputado\\\/\",\"logo\":{\"@type\":\"ImageObject\",\"inLanguage\":\"pt-BR\",\"@id\":\"https:\\\/\\\/vanderloubet.com.br\\\/deputado\\\/#\\\/schema\\\/logo\\\/image\\\/\",\"url\":\"https:\\\/\\\/vanderloubet.com.br\\\/deputado\\\/wp-content\\\/uploads\\\/2023\\\/06\\\/foto-2023-06-19-mandato-deputado-vander.jpg\",\"contentUrl\":\"https:\\\/\\\/vanderloubet.com.br\\\/deputado\\\/wp-content\\\/uploads\\\/2023\\\/06\\\/foto-2023-06-19-mandato-deputado-vander.jpg\",\"width\":1080,\"height\":1080,\"caption\":\"Deputado Federal Vander Loubet\"},\"image\":{\"@id\":\"https:\\\/\\\/vanderloubet.com.br\\\/deputado\\\/#\\\/schema\\\/logo\\\/image\\\/\"},\"sameAs\":[\"https:\\\/\\\/facebook.com\\\/deputadovander\",\"https:\\\/\\\/x.com\\\/vanderloubet\",\"https:\\\/\\\/instagram.com\\\/vanderloubet\",\"https:\\\/\\\/youtube.com\\\/vanderloubet\",\"https:\\\/\\\/tiktok.com\\\/@vanderloubetms\"]},{\"@type\":\"Person\",\"@id\":\"https:\\\/\\\/vanderloubet.com.br\\\/deputado\\\/#\\\/schema\\\/person\\\/15b51bd564532a8a68d9dec1b8eb890e\",\"name\":\"\u00c9der\",\"image\":{\"@type\":\"ImageObject\",\"inLanguage\":\"pt-BR\",\"@id\":\"https:\\\/\\\/vanderloubet.com.br\\\/deputado\\\/wp-content\\\/litespeed\\\/avatar\\\/88ca4090d9d5ab1c9495f6ca03b68efa.jpg?ver=1777058957\",\"url\":\"https:\\\/\\\/vanderloubet.com.br\\\/deputado\\\/wp-content\\\/litespeed\\\/avatar\\\/88ca4090d9d5ab1c9495f6ca03b68efa.jpg?ver=1777058957\",\"contentUrl\":\"https:\\\/\\\/vanderloubet.com.br\\\/deputado\\\/wp-content\\\/litespeed\\\/avatar\\\/88ca4090d9d5ab1c9495f6ca03b68efa.jpg?ver=1777058957\",\"caption\":\"\u00c9der\"}}]}<\/script>\n<!-- \/ Yoast SEO plugin. -->","yoast_head_json":{"title":"Lula zera imposto e subsidia diesel para conter alta do petr\u00f3leo","description":"Deputado Vander elogiou a medida e cobrou que governadores - como o de Mato Grosso do Sul - fa\u00e7am o mesmo com o ICMS.","robots":{"index":"index","follow":"follow","max-snippet":"max-snippet:-1","max-image-preview":"max-image-preview:large","max-video-preview":"max-video-preview:-1"},"canonical":"https:\/\/vanderloubet.com.br\/deputado\/lula-zera-imposto-e-subsidia-diesel-para-conter-alta-do-petroleo\/","og_locale":"pt_BR","og_type":"article","og_title":"Lula zera imposto e subsidia diesel para conter alta do petr\u00f3leo","og_description":"Deputado Vander elogiou a medida e cobrou que governadores - como o de Mato Grosso do Sul - fa\u00e7am o mesmo com o ICMS.","og_url":"https:\/\/vanderloubet.com.br\/deputado\/lula-zera-imposto-e-subsidia-diesel-para-conter-alta-do-petroleo\/","og_site_name":"Deputado Federal Vander Loubet","article_publisher":"https:\/\/facebook.com\/deputadovander","article_published_time":"2026-03-12T20:18:45+00:00","article_modified_time":"2026-03-12T20:25:51+00:00","og_image":[{"width":960,"height":640,"url":"https:\/\/vanderloubet.com.br\/deputado\/wp-content\/uploads\/2026\/03\/foto-2026-03-12-presidente-lula.jpg","type":"image\/jpeg"}],"author":"\u00c9der","twitter_card":"summary_large_image","twitter_creator":"@vanderloubet","twitter_site":"@vanderloubet","schema":{"@context":"https:\/\/schema.org","@graph":[{"@type":"Article","@id":"https:\/\/vanderloubet.com.br\/deputado\/lula-zera-imposto-e-subsidia-diesel-para-conter-alta-do-petroleo\/#article","isPartOf":{"@id":"https:\/\/vanderloubet.com.br\/deputado\/lula-zera-imposto-e-subsidia-diesel-para-conter-alta-do-petroleo\/"},"author":{"name":"\u00c9der","@id":"https:\/\/vanderloubet.com.br\/deputado\/#\/schema\/person\/15b51bd564532a8a68d9dec1b8eb890e"},"headline":"Lula zera imposto e subsidia diesel para conter alta do petr\u00f3leo","datePublished":"2026-03-12T20:18:45+00:00","dateModified":"2026-03-12T20:25:51+00:00","mainEntityOfPage":{"@id":"https:\/\/vanderloubet.com.br\/deputado\/lula-zera-imposto-e-subsidia-diesel-para-conter-alta-do-petroleo\/"},"wordCount":1069,"publisher":{"@id":"https:\/\/vanderloubet.com.br\/deputado\/#organization"},"image":{"@id":"https:\/\/vanderloubet.com.br\/deputado\/lula-zera-imposto-e-subsidia-diesel-para-conter-alta-do-petroleo\/#primaryimage"},"thumbnailUrl":"https:\/\/vanderloubet.com.br\/deputado\/wp-content\/uploads\/2026\/03\/foto-2026-03-12-presidente-lula.jpg","keywords":["combust\u00edvel","governo federal","lula","tributos e impostos"],"articleSection":["Brasil","Not\u00edcias"],"inLanguage":"pt-BR"},{"@type":"WebPage","@id":"https:\/\/vanderloubet.com.br\/deputado\/lula-zera-imposto-e-subsidia-diesel-para-conter-alta-do-petroleo\/","url":"https:\/\/vanderloubet.com.br\/deputado\/lula-zera-imposto-e-subsidia-diesel-para-conter-alta-do-petroleo\/","name":"Lula zera imposto e subsidia diesel para conter alta do petr\u00f3leo","isPartOf":{"@id":"https:\/\/vanderloubet.com.br\/deputado\/#website"},"primaryImageOfPage":{"@id":"https:\/\/vanderloubet.com.br\/deputado\/lula-zera-imposto-e-subsidia-diesel-para-conter-alta-do-petroleo\/#primaryimage"},"image":{"@id":"https:\/\/vanderloubet.com.br\/deputado\/lula-zera-imposto-e-subsidia-diesel-para-conter-alta-do-petroleo\/#primaryimage"},"thumbnailUrl":"https:\/\/vanderloubet.com.br\/deputado\/wp-content\/uploads\/2026\/03\/foto-2026-03-12-presidente-lula.jpg","datePublished":"2026-03-12T20:18:45+00:00","dateModified":"2026-03-12T20:25:51+00:00","description":"Deputado Vander elogiou a medida e cobrou que governadores - como o de Mato Grosso do Sul - fa\u00e7am o mesmo com o ICMS.","breadcrumb":{"@id":"https:\/\/vanderloubet.com.br\/deputado\/lula-zera-imposto-e-subsidia-diesel-para-conter-alta-do-petroleo\/#breadcrumb"},"inLanguage":"pt-BR","potentialAction":[{"@type":"ReadAction","target":["https:\/\/vanderloubet.com.br\/deputado\/lula-zera-imposto-e-subsidia-diesel-para-conter-alta-do-petroleo\/"]}]},{"@type":"ImageObject","inLanguage":"pt-BR","@id":"https:\/\/vanderloubet.com.br\/deputado\/lula-zera-imposto-e-subsidia-diesel-para-conter-alta-do-petroleo\/#primaryimage","url":"https:\/\/vanderloubet.com.br\/deputado\/wp-content\/uploads\/2026\/03\/foto-2026-03-12-presidente-lula.jpg","contentUrl":"https:\/\/vanderloubet.com.br\/deputado\/wp-content\/uploads\/2026\/03\/foto-2026-03-12-presidente-lula.jpg","width":960,"height":640,"caption":"Lula zera imposto e subsidia diesel para conter alta do petr\u00f3leo"},{"@type":"BreadcrumbList","@id":"https:\/\/vanderloubet.com.br\/deputado\/lula-zera-imposto-e-subsidia-diesel-para-conter-alta-do-petroleo\/#breadcrumb","itemListElement":[{"@type":"ListItem","position":1,"name":"In\u00edcio","item":"https:\/\/vanderloubet.com.br\/deputado\/"},{"@type":"ListItem","position":2,"name":"Lula zera imposto e subsidia diesel para conter alta do petr\u00f3leo"}]},{"@type":"WebSite","@id":"https:\/\/vanderloubet.com.br\/deputado\/#website","url":"https:\/\/vanderloubet.com.br\/deputado\/","name":"Deputado Federal Vander Loubet","description":"O Federal de MS","publisher":{"@id":"https:\/\/vanderloubet.com.br\/deputado\/#organization"},"alternateName":"Deputado Vander","potentialAction":[{"@type":"SearchAction","target":{"@type":"EntryPoint","urlTemplate":"https:\/\/vanderloubet.com.br\/deputado\/?s={search_term_string}"},"query-input":{"@type":"PropertyValueSpecification","valueRequired":true,"valueName":"search_term_string"}}],"inLanguage":"pt-BR"},{"@type":"Organization","@id":"https:\/\/vanderloubet.com.br\/deputado\/#organization","name":"Deputado Federal Vander Loubet","alternateName":"Deputado Vander","url":"https:\/\/vanderloubet.com.br\/deputado\/","logo":{"@type":"ImageObject","inLanguage":"pt-BR","@id":"https:\/\/vanderloubet.com.br\/deputado\/#\/schema\/logo\/image\/","url":"https:\/\/vanderloubet.com.br\/deputado\/wp-content\/uploads\/2023\/06\/foto-2023-06-19-mandato-deputado-vander.jpg","contentUrl":"https:\/\/vanderloubet.com.br\/deputado\/wp-content\/uploads\/2023\/06\/foto-2023-06-19-mandato-deputado-vander.jpg","width":1080,"height":1080,"caption":"Deputado Federal Vander Loubet"},"image":{"@id":"https:\/\/vanderloubet.com.br\/deputado\/#\/schema\/logo\/image\/"},"sameAs":["https:\/\/facebook.com\/deputadovander","https:\/\/x.com\/vanderloubet","https:\/\/instagram.com\/vanderloubet","https:\/\/youtube.com\/vanderloubet","https:\/\/tiktok.com\/@vanderloubetms"]},{"@type":"Person","@id":"https:\/\/vanderloubet.com.br\/deputado\/#\/schema\/person\/15b51bd564532a8a68d9dec1b8eb890e","name":"\u00c9der","image":{"@type":"ImageObject","inLanguage":"pt-BR","@id":"https:\/\/vanderloubet.com.br\/deputado\/wp-content\/litespeed\/avatar\/88ca4090d9d5ab1c9495f6ca03b68efa.jpg?ver=1777058957","url":"https:\/\/vanderloubet.com.br\/deputado\/wp-content\/litespeed\/avatar\/88ca4090d9d5ab1c9495f6ca03b68efa.jpg?ver=1777058957","contentUrl":"https:\/\/vanderloubet.com.br\/deputado\/wp-content\/litespeed\/avatar\/88ca4090d9d5ab1c9495f6ca03b68efa.jpg?ver=1777058957","caption":"\u00c9der"}}]}},"jetpack_featured_media_url":"https:\/\/vanderloubet.com.br\/deputado\/wp-content\/uploads\/2026\/03\/foto-2026-03-12-presidente-lula.jpg","jetpack_sharing_enabled":true,"_links":{"self":[{"href":"https:\/\/vanderloubet.com.br\/deputado\/wp-json\/wp\/v2\/posts\/20665","targetHints":{"allow":["GET"]}}],"collection":[{"href":"https:\/\/vanderloubet.com.br\/deputado\/wp-json\/wp\/v2\/posts"}],"about":[{"href":"https:\/\/vanderloubet.com.br\/deputado\/wp-json\/wp\/v2\/types\/post"}],"author":[{"embeddable":true,"href":"https:\/\/vanderloubet.com.br\/deputado\/wp-json\/wp\/v2\/users\/2"}],"replies":[{"embeddable":true,"href":"https:\/\/vanderloubet.com.br\/deputado\/wp-json\/wp\/v2\/comments?post=20665"}],"version-history":[{"count":2,"href":"https:\/\/vanderloubet.com.br\/deputado\/wp-json\/wp\/v2\/posts\/20665\/revisions"}],"predecessor-version":[{"id":20668,"href":"https:\/\/vanderloubet.com.br\/deputado\/wp-json\/wp\/v2\/posts\/20665\/revisions\/20668"}],"wp:featuredmedia":[{"embeddable":true,"href":"https:\/\/vanderloubet.com.br\/deputado\/wp-json\/wp\/v2\/media\/20666"}],"wp:attachment":[{"href":"https:\/\/vanderloubet.com.br\/deputado\/wp-json\/wp\/v2\/media?parent=20665"}],"wp:term":[{"taxonomy":"category","embeddable":true,"href":"https:\/\/vanderloubet.com.br\/deputado\/wp-json\/wp\/v2\/categories?post=20665"},{"taxonomy":"post_tag","embeddable":true,"href":"https:\/\/vanderloubet.com.br\/deputado\/wp-json\/wp\/v2\/tags?post=20665"}],"curies":[{"name":"wp","href":"https:\/\/api.w.org\/{rel}","templated":true}]}}