{"id":20661,"date":"2026-02-07T19:00:51","date_gmt":"2026-02-07T23:00:51","guid":{"rendered":"https:\/\/vanderloubet.com.br\/deputado\/?p=20661"},"modified":"2026-03-02T11:23:15","modified_gmt":"2026-03-02T15:23:15","slug":"petrobras-reduziu-preco-da-gasolina-em-164-mas-postos-subiram-27","status":"publish","type":"post","link":"https:\/\/vanderloubet.com.br\/deputado\/petrobras-reduziu-preco-da-gasolina-em-164-mas-postos-subiram-27\/","title":{"rendered":"Petrobr\u00e1s reduziu pre\u00e7o da gasolina em 16,4%, mas postos subiram 27%"},"content":{"rendered":"<p>Apesar da redu\u00e7\u00e3o acumulada no pre\u00e7o da gasolina vendida pela Petrobr\u00e1s \u00e0s distribuidoras desde o fim de 2022, o consumidor brasileiro segue pagando mais caro para abastecer. Enquanto o valor do combust\u00edvel na refinaria caiu 16,4%, passando de R$ 3,08 para R$ 2,57, o pre\u00e7o m\u00e9dio nas bombas subiu 27,1% no mesmo per\u00edodo, saltando de R$ 4,98 para R$ 6,33, segundo dados da Ag\u00eancia Nacional do Petr\u00f3leo, G\u00e1s Natural e Biocombust\u00edveis (ANP).<\/p>\n<p>A pol\u00edtica de reajustes adotada pela Petrobr\u00e1s desde dezembro de 2022 resultou em uma redu\u00e7\u00e3o total de R$ 0,51 no pre\u00e7o da gasolina nas refinarias. Ao todo, foram 11 ajustes: oito cortes e tr\u00eas aumentos. O movimento mais recente ocorreu na semana passada, com diminui\u00e7\u00e3o de R$ 0,14, o equivalente a uma queda de 5,17% no valor cobrado das distribuidoras. Ainda assim, o al\u00edvio n\u00e3o chegou ao bolso dos motoristas.<\/p>\n<p>Embora frequentemente responsabilizada, a Petrobr\u00e1s responde por menos de um ter\u00e7o do pre\u00e7o final da gasolina, o equivalente a 28,4%. O valor pago pelo consumidor inclui ainda a mistura com etanol (16,4%), impostos federais (10,7%) e estaduais (24,8%), al\u00e9m das margens de distribui\u00e7\u00e3o e revenda, que somam 19,6%. &#8220;Desde a tributa\u00e7\u00e3o at\u00e9 chegar ao posto, existe um caminho completo que envolve log\u00edstica, custos operacionais e a pr\u00f3pria din\u00e2mica regional que pode afetar os valores&#8221;, explica Renato Mascarenhas, diretor da Edenred Mobilidade.<\/p>\n<p>Especialistas apontam que fatores externos ao refino t\u00eam neutralizado os efeitos das quedas promovidas pela estatal. &#8220;Algumas mudan\u00e7as tribut\u00e1rias e a valoriza\u00e7\u00e3o do etanol fizeram com que o valor final da gasolina aumentasse nos postos&#8221;, afirma Ricardo Hammoud, professor do Ibmec-SP. Entre os principais elementos est\u00e1 o aumento da carga tribut\u00e1ria desde 2023, com destaque para a eleva\u00e7\u00e3o de R$ 0,10 no ICMS por litro e o fim da isen\u00e7\u00e3o de PIS\/Cofins em fevereiro daquele ano, que adicionou R$ 0,47 ao pre\u00e7o final.<\/p>\n<p>O efeito dos tributos \u00e9 imediato. &#8220;Quando o ICMS aumenta, como aconteceu no \u00faltimo m\u00eas, o impacto \u00e9 direto e tamb\u00e9m mais rapidamente sentido nas bombas, independentemente dos valores praticados nas refinarias. [\u2026] Mesmo em momentos de al\u00edvio na origem, a carga tribut\u00e1ria pode diminuir ou at\u00e9 neutralizar esse efeito para o consumidor a curto prazo&#8221;, afirma Renato Mascarenhas.<\/p>\n<p><strong>Privatiza\u00e7\u00e3o da BR Distribuidora<\/strong><\/p>\n<p>Para a presidente da Petrobr\u00e1s, Magda Chambriard, a incapacidade de garantir o repasse das redu\u00e7\u00f5es ao consumidor est\u00e1 diretamente ligada \u00e0 privatiza\u00e7\u00e3o da BR Distribuidora, conclu\u00edda em 2019. Em entrevista ao programa Sem Censura, da TV Brasil, ela lembrou que a estatal foi concebida para atuar em toda a cadeia do combust\u00edvel. Segundo Chambriard, a Petrobr\u00e1s foi criada para ser respons\u00e1vel pelos combust\u00edveis &#8220;do po\u00e7o ao posto&#8221;, papel interrompido ap\u00f3s a venda da subsidi\u00e1ria.<\/p>\n<p>&#8220;Com o acesso ao consumidor final, a Petrobr\u00e1s conseguia ajudar a formular o pre\u00e7o [nas bombas]. Quando a Petrobr\u00e1s sai da ponta, ela chega s\u00f3 at\u00e9 as refinarias [\u2026] A gente abaixa o pre\u00e7o do combust\u00edvel, mas as distribuidoras em geral alargam suas margens e isso [queda dos pre\u00e7os] n\u00e3o alcan\u00e7a o consumidor final&#8221;, disse Magda Chambriard.<\/p>\n<p>Com a privatiza\u00e7\u00e3o no governo de Jair Bolsonaro, a BR Distrbuidora tornou-se Vibra Energia. Apesar da mudan\u00e7a de nome, a empresa ganhou o direito de usar a marca BR nos postos de combust\u00edves at\u00e9 2029.<\/p>\n<p>A Federa\u00e7\u00e3o \u00danica dos Petroleiros (FUP) avalia que as privatiza\u00e7\u00f5es realizadas durante o governo Bolsonaro seguem bloqueando os efeitos positivos da nova pol\u00edtica de pre\u00e7os. Em janeiro, a Petrobr\u00e1s anunciou nova redu\u00e7\u00e3o de 5,2% no pre\u00e7o da gasolina para as distribuidoras, acumulando queda de 26,9% desde dezembro de 2022. O valor m\u00e9dio passou a ser de R$ 2,57 por litro. A estatal tamb\u00e9m anunciou redu\u00e7\u00e3o de 7,8% no pre\u00e7o do g\u00e1s natural, enquanto o diesel permaneceu inalterado.<\/p>\n<p>Para o coordenador-geral da FUP, Deyvid Bacelar, a medida deve ser comemorada, mas com ressalvas. &#8220;Sem d\u00favidas \u00e9 uma not\u00edcia important\u00edssima que deve ser comemorada. \u00c9 o governo Lula cumprindo o que prometeu: abrasileirar o pre\u00e7o dos combust\u00edveis e aliviar o bolso de quem mais precisa. Por\u00e9m, sabemos que a heran\u00e7a nefasta do governo Bolsonaro, que entregou de bandeja empresas fundamentais como a BR distribuidora, dificulta a chegada desses pre\u00e7os ao consumidor&#8221;, afirma.<\/p>\n<p>Bacelar resume o impasse: &#8220;Hoje em dia, cai o pre\u00e7o de venda da Petrobr\u00e1s \u00e0s distribuidoras, por\u00e9m, as distribuidoras aumentam a margem de lucro e n\u00e3o repassam a queda dos pre\u00e7os para o consumidor final que abastece no posto. Esse \u00e9 um grave problema que precisamos enfrentar&#8221;. Para ele, o debate \u00e9 pol\u00edtico e estrat\u00e9gico. &#8220;\u00c9 o ano de reeleger Lula e continuar avan\u00e7ando at\u00e9 resolver definitivamente essa quest\u00e3o. N\u00e3o podemos voltar a ser governados por pessoas como Bolsonaro e Paulo Guedes, que tentaram acabar com a Petrobr\u00e1s, prejudicando quem mais precisa dela&#8221;.<\/p>\n<p>Estudos do Instituto de Estudos Estrat\u00e9gicos de Petr\u00f3leo, G\u00e1s Natural e Biocombust\u00edveis (Ineep) refor\u00e7am o diagn\u00f3stico. Segundo o instituto, o aumento das margens de distribui\u00e7\u00e3o, revenda e biocombust\u00edveis freou a queda dos pre\u00e7os em 2025. Entre janeiro e dezembro, a gasolina teve leve alta de 0,16%, o diesel caiu cerca de 1,5% e o GLP subiu aproximadamente 2,8%.<\/p>\n<p><strong>Limites da Petrobr\u00e1s<\/strong><\/p>\n<p>O diretor t\u00e9cnico do Ineep, Mahatma Ramos, destaca que a mudan\u00e7a na pol\u00edtica de pre\u00e7os desde 2023 foi acertada. Para ele, &#8220;desde a volta do governo Lula em 2023, houve uma mudan\u00e7a na pol\u00edtica de precifica\u00e7\u00e3o dos derivados no Brasil, principalmente da gasolina e do diesel, que tem um impacto inflacion\u00e1rio alto no pa\u00eds. A Petrobr\u00e1s tem sido bem sucedida nessa nova pol\u00edtica na manuten\u00e7\u00e3o ou estabiliza\u00e7\u00e3o dos pre\u00e7os, evitando a volatilidade dos pre\u00e7os do mercado internacional aos consumidores brasileiros e isso \u00e9 um ponto muito positivo, que deve ser comemorado&#8221;.<\/p>\n<p>Ainda assim, Ramos alerta para os limites impostos pelas privatiza\u00e7\u00f5es. &#8220;Infelizmente a Petrobr\u00e1s hoje apresenta limites estruturais, dada a desintegra\u00e7\u00e3o e a privatiza\u00e7\u00e3o de elos da cadeia do setor de \u00f3leo e g\u00e1s durante os governos Bolsonaro e Temer, que impedem que hoje o governo atue em dois segmentos importantes para a defini\u00e7\u00e3o desses pre\u00e7os, que s\u00e3o a distribui\u00e7\u00e3o e revenda dos combust\u00edveis, que definem parcelas significativas do pre\u00e7o final aos consumidores brasileiros&#8221;.<\/p>\n<p>Como sa\u00edda, o especialista defende mais soberania energ\u00e9tica. &#8220;\u00c9 preciso garantir uma autonomia brasileira na produ\u00e7\u00e3o de derivados, reduzindo as importa\u00e7\u00f5es. Para isso \u00e9 necess\u00e1rio que a Petrobr\u00e1s amplie seus investimentos na expans\u00e3o de seu parque industrial de refino, seja atrav\u00e9s da produ\u00e7\u00e3o de insumos novos, de novas rotas tecnol\u00f3gicas de baixo carbono, seja na expans\u00e3o de derivados de petr\u00f3leo&#8221;. A FUP tamb\u00e9m reafirma a necessidade de reestatizar refinarias privatizadas, como a RLAM, na Bahia, e a Reman, no Amazonas.<\/p>\n<p>A Petrobr\u00e1s anunciou a retomada da atua\u00e7\u00e3o na distribui\u00e7\u00e3o em agosto do ano passado. O desafio agora \u00e9 transformar essa decis\u00e3o em pol\u00edtica de Estado. Sem recompor os elos desmontados pela privatiza\u00e7\u00e3o, a queda no pre\u00e7o do refino continuar\u00e1 parando no meio do caminho &#8211; longe da bomba e ainda mais distante do bolso da popula\u00e7\u00e3o.<\/p>\n<pre><em>Fonte: Hora do Povo<\/em><\/pre>\n","protected":false},"excerpt":{"rendered":"<p>Sem a atua\u00e7\u00e3o da BR Distribuidora, privatizada por Bolsonaro, encher o tanque com gasolina ficou mais caro em tr\u00eas anos.<\/p>\n","protected":false},"author":2,"featured_media":20662,"comment_status":"closed","ping_status":"closed","sticky":false,"template":"","format":"standard","meta":{"jetpack_post_was_ever_published":false,"_jetpack_newsletter_access":"","_jetpack_dont_email_post_to_subs":false,"_jetpack_newsletter_tier_id":0,"_jetpack_memberships_contains_paywalled_content":false,"_jetpack_memberships_contains_paid_content":false,"footnotes":""},"categories":[2098,10],"tags":[2467],"class_list":{"0":"post-20661","1":"post","2":"type-post","3":"status-publish","4":"format-standard","5":"has-post-thumbnail","7":"category-brasil-noticias","8":"category-noticias","9":"tag-combustivel"},"yoast_head":"<!-- This site is optimized with the Yoast SEO plugin v27.4 - https:\/\/yoast.com\/product\/yoast-seo-wordpress\/ -->\n<title>Petrobr\u00e1s reduziu pre\u00e7o da gasolina em 16,4%, mas postos subiram 27%<\/title>\n<meta name=\"description\" content=\"Sem a atua\u00e7\u00e3o da BR Distribuidora, privatizada por Bolsonaro, encher o tanque com gasolina ficou mais caro em tr\u00eas anos.\" \/>\n<meta name=\"robots\" content=\"index, follow, max-snippet:-1, max-image-preview:large, max-video-preview:-1\" \/>\n<link rel=\"canonical\" href=\"https:\/\/vanderloubet.com.br\/deputado\/petrobras-reduziu-preco-da-gasolina-em-164-mas-postos-subiram-27\/\" \/>\n<meta property=\"og:locale\" content=\"pt_BR\" \/>\n<meta property=\"og:type\" content=\"article\" \/>\n<meta property=\"og:title\" content=\"Petrobr\u00e1s reduziu pre\u00e7o da gasolina em 16,4%, mas postos subiram 27%\" \/>\n<meta property=\"og:description\" content=\"Sem a atua\u00e7\u00e3o da BR Distribuidora, privatizada por Bolsonaro, encher o tanque com gasolina ficou mais caro em tr\u00eas anos.\" \/>\n<meta property=\"og:url\" content=\"https:\/\/vanderloubet.com.br\/deputado\/petrobras-reduziu-preco-da-gasolina-em-164-mas-postos-subiram-27\/\" \/>\n<meta property=\"og:site_name\" content=\"Deputado Federal Vander Loubet\" \/>\n<meta property=\"article:publisher\" content=\"https:\/\/facebook.com\/deputadovander\" \/>\n<meta property=\"article:published_time\" content=\"2026-02-07T23:00:51+00:00\" \/>\n<meta property=\"article:modified_time\" content=\"2026-03-02T15:23:15+00:00\" \/>\n<meta property=\"og:image\" content=\"https:\/\/vanderloubet.com.br\/deputado\/wp-content\/uploads\/2026\/03\/foto-2026-02-07-posto-petrobras.jpg\" \/>\n\t<meta property=\"og:image:width\" content=\"960\" \/>\n\t<meta property=\"og:image:height\" content=\"640\" \/>\n\t<meta property=\"og:image:type\" content=\"image\/jpeg\" \/>\n<meta name=\"author\" content=\"\u00c9der\" \/>\n<meta name=\"twitter:card\" content=\"summary_large_image\" \/>\n<meta name=\"twitter:creator\" content=\"@vanderloubet\" \/>\n<meta name=\"twitter:site\" content=\"@vanderloubet\" \/>\n<script type=\"application\/ld+json\" class=\"yoast-schema-graph\">{\"@context\":\"https:\\\/\\\/schema.org\",\"@graph\":[{\"@type\":\"Article\",\"@id\":\"https:\\\/\\\/vanderloubet.com.br\\\/deputado\\\/petrobras-reduziu-preco-da-gasolina-em-164-mas-postos-subiram-27\\\/#article\",\"isPartOf\":{\"@id\":\"https:\\\/\\\/vanderloubet.com.br\\\/deputado\\\/petrobras-reduziu-preco-da-gasolina-em-164-mas-postos-subiram-27\\\/\"},\"author\":{\"name\":\"\u00c9der\",\"@id\":\"https:\\\/\\\/vanderloubet.com.br\\\/deputado\\\/#\\\/schema\\\/person\\\/15b51bd564532a8a68d9dec1b8eb890e\"},\"headline\":\"Petrobr\u00e1s reduziu pre\u00e7o da gasolina em 16,4%, mas postos subiram 27%\",\"datePublished\":\"2026-02-07T23:00:51+00:00\",\"dateModified\":\"2026-03-02T15:23:15+00:00\",\"mainEntityOfPage\":{\"@id\":\"https:\\\/\\\/vanderloubet.com.br\\\/deputado\\\/petrobras-reduziu-preco-da-gasolina-em-164-mas-postos-subiram-27\\\/\"},\"wordCount\":1255,\"publisher\":{\"@id\":\"https:\\\/\\\/vanderloubet.com.br\\\/deputado\\\/#organization\"},\"image\":{\"@id\":\"https:\\\/\\\/vanderloubet.com.br\\\/deputado\\\/petrobras-reduziu-preco-da-gasolina-em-164-mas-postos-subiram-27\\\/#primaryimage\"},\"thumbnailUrl\":\"https:\\\/\\\/vanderloubet.com.br\\\/deputado\\\/wp-content\\\/uploads\\\/2026\\\/03\\\/foto-2026-02-07-posto-petrobras.jpg\",\"keywords\":[\"combust\u00edvel\"],\"articleSection\":[\"Brasil\",\"Not\u00edcias\"],\"inLanguage\":\"pt-BR\"},{\"@type\":\"WebPage\",\"@id\":\"https:\\\/\\\/vanderloubet.com.br\\\/deputado\\\/petrobras-reduziu-preco-da-gasolina-em-164-mas-postos-subiram-27\\\/\",\"url\":\"https:\\\/\\\/vanderloubet.com.br\\\/deputado\\\/petrobras-reduziu-preco-da-gasolina-em-164-mas-postos-subiram-27\\\/\",\"name\":\"Petrobr\u00e1s reduziu pre\u00e7o da gasolina em 16,4%, mas postos subiram 27%\",\"isPartOf\":{\"@id\":\"https:\\\/\\\/vanderloubet.com.br\\\/deputado\\\/#website\"},\"primaryImageOfPage\":{\"@id\":\"https:\\\/\\\/vanderloubet.com.br\\\/deputado\\\/petrobras-reduziu-preco-da-gasolina-em-164-mas-postos-subiram-27\\\/#primaryimage\"},\"image\":{\"@id\":\"https:\\\/\\\/vanderloubet.com.br\\\/deputado\\\/petrobras-reduziu-preco-da-gasolina-em-164-mas-postos-subiram-27\\\/#primaryimage\"},\"thumbnailUrl\":\"https:\\\/\\\/vanderloubet.com.br\\\/deputado\\\/wp-content\\\/uploads\\\/2026\\\/03\\\/foto-2026-02-07-posto-petrobras.jpg\",\"datePublished\":\"2026-02-07T23:00:51+00:00\",\"dateModified\":\"2026-03-02T15:23:15+00:00\",\"description\":\"Sem a atua\u00e7\u00e3o da BR Distribuidora, privatizada por Bolsonaro, encher o tanque com gasolina ficou mais caro em tr\u00eas anos.\",\"breadcrumb\":{\"@id\":\"https:\\\/\\\/vanderloubet.com.br\\\/deputado\\\/petrobras-reduziu-preco-da-gasolina-em-164-mas-postos-subiram-27\\\/#breadcrumb\"},\"inLanguage\":\"pt-BR\",\"potentialAction\":[{\"@type\":\"ReadAction\",\"target\":[\"https:\\\/\\\/vanderloubet.com.br\\\/deputado\\\/petrobras-reduziu-preco-da-gasolina-em-164-mas-postos-subiram-27\\\/\"]}]},{\"@type\":\"ImageObject\",\"inLanguage\":\"pt-BR\",\"@id\":\"https:\\\/\\\/vanderloubet.com.br\\\/deputado\\\/petrobras-reduziu-preco-da-gasolina-em-164-mas-postos-subiram-27\\\/#primaryimage\",\"url\":\"https:\\\/\\\/vanderloubet.com.br\\\/deputado\\\/wp-content\\\/uploads\\\/2026\\\/03\\\/foto-2026-02-07-posto-petrobras.jpg\",\"contentUrl\":\"https:\\\/\\\/vanderloubet.com.br\\\/deputado\\\/wp-content\\\/uploads\\\/2026\\\/03\\\/foto-2026-02-07-posto-petrobras.jpg\",\"width\":960,\"height\":640,\"caption\":\"Petrobr\u00e1s reduziu pre\u00e7o da gasolina em 16,4%, mas postos subiram 27%\"},{\"@type\":\"BreadcrumbList\",\"@id\":\"https:\\\/\\\/vanderloubet.com.br\\\/deputado\\\/petrobras-reduziu-preco-da-gasolina-em-164-mas-postos-subiram-27\\\/#breadcrumb\",\"itemListElement\":[{\"@type\":\"ListItem\",\"position\":1,\"name\":\"In\u00edcio\",\"item\":\"https:\\\/\\\/vanderloubet.com.br\\\/deputado\\\/\"},{\"@type\":\"ListItem\",\"position\":2,\"name\":\"Petrobr\u00e1s reduziu pre\u00e7o da gasolina em 16,4%, mas postos subiram 27%\"}]},{\"@type\":\"WebSite\",\"@id\":\"https:\\\/\\\/vanderloubet.com.br\\\/deputado\\\/#website\",\"url\":\"https:\\\/\\\/vanderloubet.com.br\\\/deputado\\\/\",\"name\":\"Deputado Federal Vander Loubet\",\"description\":\"O Federal de MS\",\"publisher\":{\"@id\":\"https:\\\/\\\/vanderloubet.com.br\\\/deputado\\\/#organization\"},\"alternateName\":\"Deputado Vander\",\"potentialAction\":[{\"@type\":\"SearchAction\",\"target\":{\"@type\":\"EntryPoint\",\"urlTemplate\":\"https:\\\/\\\/vanderloubet.com.br\\\/deputado\\\/?s={search_term_string}\"},\"query-input\":{\"@type\":\"PropertyValueSpecification\",\"valueRequired\":true,\"valueName\":\"search_term_string\"}}],\"inLanguage\":\"pt-BR\"},{\"@type\":\"Organization\",\"@id\":\"https:\\\/\\\/vanderloubet.com.br\\\/deputado\\\/#organization\",\"name\":\"Deputado Federal Vander Loubet\",\"alternateName\":\"Deputado Vander\",\"url\":\"https:\\\/\\\/vanderloubet.com.br\\\/deputado\\\/\",\"logo\":{\"@type\":\"ImageObject\",\"inLanguage\":\"pt-BR\",\"@id\":\"https:\\\/\\\/vanderloubet.com.br\\\/deputado\\\/#\\\/schema\\\/logo\\\/image\\\/\",\"url\":\"https:\\\/\\\/vanderloubet.com.br\\\/deputado\\\/wp-content\\\/uploads\\\/2023\\\/06\\\/foto-2023-06-19-mandato-deputado-vander.jpg\",\"contentUrl\":\"https:\\\/\\\/vanderloubet.com.br\\\/deputado\\\/wp-content\\\/uploads\\\/2023\\\/06\\\/foto-2023-06-19-mandato-deputado-vander.jpg\",\"width\":1080,\"height\":1080,\"caption\":\"Deputado Federal Vander Loubet\"},\"image\":{\"@id\":\"https:\\\/\\\/vanderloubet.com.br\\\/deputado\\\/#\\\/schema\\\/logo\\\/image\\\/\"},\"sameAs\":[\"https:\\\/\\\/facebook.com\\\/deputadovander\",\"https:\\\/\\\/x.com\\\/vanderloubet\",\"https:\\\/\\\/instagram.com\\\/vanderloubet\",\"https:\\\/\\\/youtube.com\\\/vanderloubet\",\"https:\\\/\\\/tiktok.com\\\/@vanderloubetms\"]},{\"@type\":\"Person\",\"@id\":\"https:\\\/\\\/vanderloubet.com.br\\\/deputado\\\/#\\\/schema\\\/person\\\/15b51bd564532a8a68d9dec1b8eb890e\",\"name\":\"\u00c9der\",\"image\":{\"@type\":\"ImageObject\",\"inLanguage\":\"pt-BR\",\"@id\":\"https:\\\/\\\/vanderloubet.com.br\\\/deputado\\\/wp-content\\\/litespeed\\\/avatar\\\/88ca4090d9d5ab1c9495f6ca03b68efa.jpg?ver=1777058957\",\"url\":\"https:\\\/\\\/vanderloubet.com.br\\\/deputado\\\/wp-content\\\/litespeed\\\/avatar\\\/88ca4090d9d5ab1c9495f6ca03b68efa.jpg?ver=1777058957\",\"contentUrl\":\"https:\\\/\\\/vanderloubet.com.br\\\/deputado\\\/wp-content\\\/litespeed\\\/avatar\\\/88ca4090d9d5ab1c9495f6ca03b68efa.jpg?ver=1777058957\",\"caption\":\"\u00c9der\"}}]}<\/script>\n<!-- \/ Yoast SEO plugin. -->","yoast_head_json":{"title":"Petrobr\u00e1s reduziu pre\u00e7o da gasolina em 16,4%, mas postos subiram 27%","description":"Sem a atua\u00e7\u00e3o da BR Distribuidora, privatizada por Bolsonaro, encher o tanque com gasolina ficou mais caro em tr\u00eas anos.","robots":{"index":"index","follow":"follow","max-snippet":"max-snippet:-1","max-image-preview":"max-image-preview:large","max-video-preview":"max-video-preview:-1"},"canonical":"https:\/\/vanderloubet.com.br\/deputado\/petrobras-reduziu-preco-da-gasolina-em-164-mas-postos-subiram-27\/","og_locale":"pt_BR","og_type":"article","og_title":"Petrobr\u00e1s reduziu pre\u00e7o da gasolina em 16,4%, mas postos subiram 27%","og_description":"Sem a atua\u00e7\u00e3o da BR Distribuidora, privatizada por Bolsonaro, encher o tanque com gasolina ficou mais caro em tr\u00eas anos.","og_url":"https:\/\/vanderloubet.com.br\/deputado\/petrobras-reduziu-preco-da-gasolina-em-164-mas-postos-subiram-27\/","og_site_name":"Deputado Federal Vander Loubet","article_publisher":"https:\/\/facebook.com\/deputadovander","article_published_time":"2026-02-07T23:00:51+00:00","article_modified_time":"2026-03-02T15:23:15+00:00","og_image":[{"width":960,"height":640,"url":"https:\/\/vanderloubet.com.br\/deputado\/wp-content\/uploads\/2026\/03\/foto-2026-02-07-posto-petrobras.jpg","type":"image\/jpeg"}],"author":"\u00c9der","twitter_card":"summary_large_image","twitter_creator":"@vanderloubet","twitter_site":"@vanderloubet","schema":{"@context":"https:\/\/schema.org","@graph":[{"@type":"Article","@id":"https:\/\/vanderloubet.com.br\/deputado\/petrobras-reduziu-preco-da-gasolina-em-164-mas-postos-subiram-27\/#article","isPartOf":{"@id":"https:\/\/vanderloubet.com.br\/deputado\/petrobras-reduziu-preco-da-gasolina-em-164-mas-postos-subiram-27\/"},"author":{"name":"\u00c9der","@id":"https:\/\/vanderloubet.com.br\/deputado\/#\/schema\/person\/15b51bd564532a8a68d9dec1b8eb890e"},"headline":"Petrobr\u00e1s reduziu pre\u00e7o da gasolina em 16,4%, mas postos subiram 27%","datePublished":"2026-02-07T23:00:51+00:00","dateModified":"2026-03-02T15:23:15+00:00","mainEntityOfPage":{"@id":"https:\/\/vanderloubet.com.br\/deputado\/petrobras-reduziu-preco-da-gasolina-em-164-mas-postos-subiram-27\/"},"wordCount":1255,"publisher":{"@id":"https:\/\/vanderloubet.com.br\/deputado\/#organization"},"image":{"@id":"https:\/\/vanderloubet.com.br\/deputado\/petrobras-reduziu-preco-da-gasolina-em-164-mas-postos-subiram-27\/#primaryimage"},"thumbnailUrl":"https:\/\/vanderloubet.com.br\/deputado\/wp-content\/uploads\/2026\/03\/foto-2026-02-07-posto-petrobras.jpg","keywords":["combust\u00edvel"],"articleSection":["Brasil","Not\u00edcias"],"inLanguage":"pt-BR"},{"@type":"WebPage","@id":"https:\/\/vanderloubet.com.br\/deputado\/petrobras-reduziu-preco-da-gasolina-em-164-mas-postos-subiram-27\/","url":"https:\/\/vanderloubet.com.br\/deputado\/petrobras-reduziu-preco-da-gasolina-em-164-mas-postos-subiram-27\/","name":"Petrobr\u00e1s reduziu pre\u00e7o da gasolina em 16,4%, mas postos subiram 27%","isPartOf":{"@id":"https:\/\/vanderloubet.com.br\/deputado\/#website"},"primaryImageOfPage":{"@id":"https:\/\/vanderloubet.com.br\/deputado\/petrobras-reduziu-preco-da-gasolina-em-164-mas-postos-subiram-27\/#primaryimage"},"image":{"@id":"https:\/\/vanderloubet.com.br\/deputado\/petrobras-reduziu-preco-da-gasolina-em-164-mas-postos-subiram-27\/#primaryimage"},"thumbnailUrl":"https:\/\/vanderloubet.com.br\/deputado\/wp-content\/uploads\/2026\/03\/foto-2026-02-07-posto-petrobras.jpg","datePublished":"2026-02-07T23:00:51+00:00","dateModified":"2026-03-02T15:23:15+00:00","description":"Sem a atua\u00e7\u00e3o da BR Distribuidora, privatizada por Bolsonaro, encher o tanque com gasolina ficou mais caro em tr\u00eas anos.","breadcrumb":{"@id":"https:\/\/vanderloubet.com.br\/deputado\/petrobras-reduziu-preco-da-gasolina-em-164-mas-postos-subiram-27\/#breadcrumb"},"inLanguage":"pt-BR","potentialAction":[{"@type":"ReadAction","target":["https:\/\/vanderloubet.com.br\/deputado\/petrobras-reduziu-preco-da-gasolina-em-164-mas-postos-subiram-27\/"]}]},{"@type":"ImageObject","inLanguage":"pt-BR","@id":"https:\/\/vanderloubet.com.br\/deputado\/petrobras-reduziu-preco-da-gasolina-em-164-mas-postos-subiram-27\/#primaryimage","url":"https:\/\/vanderloubet.com.br\/deputado\/wp-content\/uploads\/2026\/03\/foto-2026-02-07-posto-petrobras.jpg","contentUrl":"https:\/\/vanderloubet.com.br\/deputado\/wp-content\/uploads\/2026\/03\/foto-2026-02-07-posto-petrobras.jpg","width":960,"height":640,"caption":"Petrobr\u00e1s reduziu pre\u00e7o da gasolina em 16,4%, mas postos subiram 27%"},{"@type":"BreadcrumbList","@id":"https:\/\/vanderloubet.com.br\/deputado\/petrobras-reduziu-preco-da-gasolina-em-164-mas-postos-subiram-27\/#breadcrumb","itemListElement":[{"@type":"ListItem","position":1,"name":"In\u00edcio","item":"https:\/\/vanderloubet.com.br\/deputado\/"},{"@type":"ListItem","position":2,"name":"Petrobr\u00e1s reduziu pre\u00e7o da gasolina em 16,4%, mas postos subiram 27%"}]},{"@type":"WebSite","@id":"https:\/\/vanderloubet.com.br\/deputado\/#website","url":"https:\/\/vanderloubet.com.br\/deputado\/","name":"Deputado Federal Vander Loubet","description":"O Federal de MS","publisher":{"@id":"https:\/\/vanderloubet.com.br\/deputado\/#organization"},"alternateName":"Deputado Vander","potentialAction":[{"@type":"SearchAction","target":{"@type":"EntryPoint","urlTemplate":"https:\/\/vanderloubet.com.br\/deputado\/?s={search_term_string}"},"query-input":{"@type":"PropertyValueSpecification","valueRequired":true,"valueName":"search_term_string"}}],"inLanguage":"pt-BR"},{"@type":"Organization","@id":"https:\/\/vanderloubet.com.br\/deputado\/#organization","name":"Deputado Federal Vander Loubet","alternateName":"Deputado Vander","url":"https:\/\/vanderloubet.com.br\/deputado\/","logo":{"@type":"ImageObject","inLanguage":"pt-BR","@id":"https:\/\/vanderloubet.com.br\/deputado\/#\/schema\/logo\/image\/","url":"https:\/\/vanderloubet.com.br\/deputado\/wp-content\/uploads\/2023\/06\/foto-2023-06-19-mandato-deputado-vander.jpg","contentUrl":"https:\/\/vanderloubet.com.br\/deputado\/wp-content\/uploads\/2023\/06\/foto-2023-06-19-mandato-deputado-vander.jpg","width":1080,"height":1080,"caption":"Deputado Federal Vander Loubet"},"image":{"@id":"https:\/\/vanderloubet.com.br\/deputado\/#\/schema\/logo\/image\/"},"sameAs":["https:\/\/facebook.com\/deputadovander","https:\/\/x.com\/vanderloubet","https:\/\/instagram.com\/vanderloubet","https:\/\/youtube.com\/vanderloubet","https:\/\/tiktok.com\/@vanderloubetms"]},{"@type":"Person","@id":"https:\/\/vanderloubet.com.br\/deputado\/#\/schema\/person\/15b51bd564532a8a68d9dec1b8eb890e","name":"\u00c9der","image":{"@type":"ImageObject","inLanguage":"pt-BR","@id":"https:\/\/vanderloubet.com.br\/deputado\/wp-content\/litespeed\/avatar\/88ca4090d9d5ab1c9495f6ca03b68efa.jpg?ver=1777058957","url":"https:\/\/vanderloubet.com.br\/deputado\/wp-content\/litespeed\/avatar\/88ca4090d9d5ab1c9495f6ca03b68efa.jpg?ver=1777058957","contentUrl":"https:\/\/vanderloubet.com.br\/deputado\/wp-content\/litespeed\/avatar\/88ca4090d9d5ab1c9495f6ca03b68efa.jpg?ver=1777058957","caption":"\u00c9der"}}]}},"jetpack_featured_media_url":"https:\/\/vanderloubet.com.br\/deputado\/wp-content\/uploads\/2026\/03\/foto-2026-02-07-posto-petrobras.jpg","jetpack_sharing_enabled":true,"_links":{"self":[{"href":"https:\/\/vanderloubet.com.br\/deputado\/wp-json\/wp\/v2\/posts\/20661","targetHints":{"allow":["GET"]}}],"collection":[{"href":"https:\/\/vanderloubet.com.br\/deputado\/wp-json\/wp\/v2\/posts"}],"about":[{"href":"https:\/\/vanderloubet.com.br\/deputado\/wp-json\/wp\/v2\/types\/post"}],"author":[{"embeddable":true,"href":"https:\/\/vanderloubet.com.br\/deputado\/wp-json\/wp\/v2\/users\/2"}],"replies":[{"embeddable":true,"href":"https:\/\/vanderloubet.com.br\/deputado\/wp-json\/wp\/v2\/comments?post=20661"}],"version-history":[{"count":1,"href":"https:\/\/vanderloubet.com.br\/deputado\/wp-json\/wp\/v2\/posts\/20661\/revisions"}],"predecessor-version":[{"id":20663,"href":"https:\/\/vanderloubet.com.br\/deputado\/wp-json\/wp\/v2\/posts\/20661\/revisions\/20663"}],"wp:featuredmedia":[{"embeddable":true,"href":"https:\/\/vanderloubet.com.br\/deputado\/wp-json\/wp\/v2\/media\/20662"}],"wp:attachment":[{"href":"https:\/\/vanderloubet.com.br\/deputado\/wp-json\/wp\/v2\/media?parent=20661"}],"wp:term":[{"taxonomy":"category","embeddable":true,"href":"https:\/\/vanderloubet.com.br\/deputado\/wp-json\/wp\/v2\/categories?post=20661"},{"taxonomy":"post_tag","embeddable":true,"href":"https:\/\/vanderloubet.com.br\/deputado\/wp-json\/wp\/v2\/tags?post=20661"}],"curies":[{"name":"wp","href":"https:\/\/api.w.org\/{rel}","templated":true}]}}