{"id":20595,"date":"2025-10-10T18:00:10","date_gmt":"2025-10-10T22:00:10","guid":{"rendered":"https:\/\/vanderloubet.com.br\/deputado\/?p=20595"},"modified":"2025-10-24T08:50:01","modified_gmt":"2025-10-24T12:50:01","slug":"minha-casa-minha-vida-do-governo-lula-garante-60-novas-moradias-em-navirai","status":"publish","type":"post","link":"https:\/\/vanderloubet.com.br\/deputado\/minha-casa-minha-vida-do-governo-lula-garante-60-novas-moradias-em-navirai\/","title":{"rendered":"Minha Casa Minha Vida do governo Lula garante 60 novas moradias em Navira\u00ed"},"content":{"rendered":"<p>Foi lan\u00e7ada nesta sexta-feira (10) a constru\u00e7\u00e3o de 60 novas moradias do programa Minha Casa Minha Vida (MCMV) em Navira\u00ed. O empreendimento \u00e9 fruto da parceria do governo do presidente Lula com o Governo do Estado &#8211; por meio da Ag\u00eancia de Habita\u00e7\u00e3o Popular (Agehab) &#8211; e a Prefeitura de Navira\u00ed e contou com o apoio e articula\u00e7\u00e3o do deputado federal Vander Loubet (PT-MS).<\/p>\n<p>O Loteamento Residencial Interlagos 2 contar\u00e1 com investimento de R$ 11,2 milh\u00f5es, sendo R$ 7,8 milh\u00f5es do Governo Federal, R$ 554,7 mil de contrapartida do Estado e R$ 2,8 milh\u00f5es referentes ao terreno doado pela Prefeitura.<\/p>\n<p>As moradias ter\u00e3o infraestrutura completa: pavimenta\u00e7\u00e3o, drenagem, ilumina\u00e7\u00e3o p\u00fablica, rede el\u00e9trica, abastecimento de \u00e1gua, esgotamento sanit\u00e1rio, passeio p\u00fablico, acessibilidade, paisagismo e playground. As casas ter\u00e3o 54,89m\u00b2 de \u00e1rea privativa, com dois quartos, sala, banheiro, cozinha e \u00e1rea de servi\u00e7o.<\/p>\n<p>O projeto atender\u00e1 fam\u00edlias enquadradas na Faixa 1 do MCMV, com unidades adapt\u00e1veis para pessoas com defici\u00eancia (PcD), garantindo acessibilidade e inclus\u00e3o sem altera\u00e7\u00e3o na metragem ou na divis\u00e3o interna dos im\u00f3veis.<\/p>\n<p>Para o deputado Vander, as novas casas refor\u00e7am o compromisso do Governo Federal com as pol\u00edticas p\u00fablicas de moradia popular. &#8220;O Minha Casa Minha Vida voltou com for\u00e7a total neste governo Lula 3, afinal, temos pelo menos seis anos de demanda por casas populares acumuladas em nosso pa\u00eds, que s\u00f3 come\u00e7ou a ser atendida a partir de 2023&#8221;, pontuou, lembrando que desde o in\u00edcio da gest\u00e3o do presidente Lula, j\u00e1 foram lan\u00e7adas mais de 3.600 moradias do MCMV em Mato Grosso do Sul.<\/p>\n<p><strong>Direito \u00e0 moradia<\/strong><\/p>\n<p>O Minha Casa Minha Vida (MCMV) \u00e9 um programa de habita\u00e7\u00e3o federal, criado em mar\u00e7o de 2009 pelo segundo governo do presidente Lula. Seu objetivo \u00e9 promover o direito \u00e0 moradia a fam\u00edlias residentes em \u00e1reas urbanas e rurais, sobretudo as de baixa e m\u00e9dia renda, associado a um desenvolvimento urbano e econ\u00f4mico mais equilibrado e inclusivo.<\/p>\n<p>Ap\u00f3s ficar anos desativado pelos governos anteriores, o MCMV retornou em julho de 2023 com evolu\u00e7\u00f5es nos aspectos de qualidade dos empreendimentos, tais como melhor localiza\u00e7\u00f5es &#8211; garantindo proximidade ao com\u00e9rcio, equipamentos p\u00fablicos e melhor acesso ao transporte p\u00fablico &#8211; al\u00e9m da amplia\u00e7\u00e3o da \u00e1rea \u00fatil das moradias, com previs\u00e3o de varanda.<\/p>\n<p>Uma inova\u00e7\u00e3o \u00e9 que os benefici\u00e1rios da Faixa 1 que recebem o Benef\u00edcio de Presta\u00e7\u00e3o Continuada (BPC) ou que sejam participantes do Bolsa Fam\u00edlia est\u00e3o isentos de presta\u00e7\u00f5es. Para essas fam\u00edlias, a produ\u00e7\u00e3o das moradias \u00e9 100% custeada pelo MCMV.<\/p>\n","protected":false},"excerpt":{"rendered":"<p>O Loteamento Residencial Interlagos I contar\u00e1 com investimento de R$ 11,2 milh\u00f5es, sendo R$ 7,8 milh\u00f5es do Governo Federal.<\/p>\n","protected":false},"author":2,"featured_media":20596,"comment_status":"closed","ping_status":"closed","sticky":false,"template":"","format":"standard","meta":{"jetpack_post_was_ever_published":false,"_jetpack_newsletter_access":"","_jetpack_dont_email_post_to_subs":false,"_jetpack_newsletter_tier_id":0,"_jetpack_memberships_contains_paywalled_content":false,"_jetpack_memberships_contains_paid_content":false,"footnotes":""},"categories":[2097,10],"tags":[956,2318,1366],"class_list":{"0":"post-20595","1":"post","2":"type-post","3":"status-publish","4":"format-standard","5":"has-post-thumbnail","7":"category-municipios-noticias","8":"category-noticias","9":"tag-habitacao","10":"tag-minha-casa-minha-vida","11":"tag-navirai"},"yoast_head":"<!-- This site is optimized with the Yoast SEO plugin v27.4 - https:\/\/yoast.com\/product\/yoast-seo-wordpress\/ -->\n<title>Minha Casa Minha Vida do governo Lula garante 60 novas moradias em Navira\u00ed<\/title>\n<meta name=\"description\" content=\"O Loteamento Residencial Interlagos 2 contar\u00e1 com investimento de R$ 11,2 milh\u00f5es, sendo R$ 7,8 milh\u00f5es do Governo Federal.\" \/>\n<meta name=\"robots\" content=\"index, follow, max-snippet:-1, max-image-preview:large, max-video-preview:-1\" \/>\n<link rel=\"canonical\" href=\"https:\/\/vanderloubet.com.br\/deputado\/minha-casa-minha-vida-do-governo-lula-garante-60-novas-moradias-em-navirai\/\" \/>\n<meta property=\"og:locale\" content=\"pt_BR\" \/>\n<meta property=\"og:type\" content=\"article\" \/>\n<meta property=\"og:title\" content=\"Minha Casa Minha Vida do governo Lula garante 60 novas moradias em Navira\u00ed\" \/>\n<meta property=\"og:description\" content=\"O Loteamento Residencial Interlagos 2 contar\u00e1 com investimento de R$ 11,2 milh\u00f5es, sendo R$ 7,8 milh\u00f5es do Governo Federal.\" \/>\n<meta property=\"og:url\" content=\"https:\/\/vanderloubet.com.br\/deputado\/minha-casa-minha-vida-do-governo-lula-garante-60-novas-moradias-em-navirai\/\" \/>\n<meta property=\"og:site_name\" content=\"Deputado Federal Vander Loubet\" \/>\n<meta property=\"article:publisher\" content=\"https:\/\/facebook.com\/deputadovander\" \/>\n<meta property=\"article:published_time\" content=\"2025-10-10T22:00:10+00:00\" \/>\n<meta property=\"article:modified_time\" content=\"2025-10-24T12:50:01+00:00\" \/>\n<meta property=\"og:image\" content=\"https:\/\/vanderloubet.com.br\/deputado\/wp-content\/uploads\/2025\/10\/foto-2025-10-10-minha-casa-minha-vida-navirai.jpg\" \/>\n\t<meta property=\"og:image:width\" content=\"960\" \/>\n\t<meta property=\"og:image:height\" content=\"640\" \/>\n\t<meta property=\"og:image:type\" content=\"image\/jpeg\" \/>\n<meta name=\"author\" content=\"\u00c9der\" \/>\n<meta name=\"twitter:card\" content=\"summary_large_image\" \/>\n<meta name=\"twitter:creator\" content=\"@vanderloubet\" \/>\n<meta name=\"twitter:site\" content=\"@vanderloubet\" \/>\n<script type=\"application\/ld+json\" class=\"yoast-schema-graph\">{\"@context\":\"https:\\\/\\\/schema.org\",\"@graph\":[{\"@type\":\"Article\",\"@id\":\"https:\\\/\\\/vanderloubet.com.br\\\/deputado\\\/minha-casa-minha-vida-do-governo-lula-garante-60-novas-moradias-em-navirai\\\/#article\",\"isPartOf\":{\"@id\":\"https:\\\/\\\/vanderloubet.com.br\\\/deputado\\\/minha-casa-minha-vida-do-governo-lula-garante-60-novas-moradias-em-navirai\\\/\"},\"author\":{\"name\":\"\u00c9der\",\"@id\":\"https:\\\/\\\/vanderloubet.com.br\\\/deputado\\\/#\\\/schema\\\/person\\\/15b51bd564532a8a68d9dec1b8eb890e\"},\"headline\":\"Minha Casa Minha Vida do governo Lula garante 60 novas moradias em Navira\u00ed\",\"datePublished\":\"2025-10-10T22:00:10+00:00\",\"dateModified\":\"2025-10-24T12:50:01+00:00\",\"mainEntityOfPage\":{\"@id\":\"https:\\\/\\\/vanderloubet.com.br\\\/deputado\\\/minha-casa-minha-vida-do-governo-lula-garante-60-novas-moradias-em-navirai\\\/\"},\"wordCount\":452,\"publisher\":{\"@id\":\"https:\\\/\\\/vanderloubet.com.br\\\/deputado\\\/#organization\"},\"image\":{\"@id\":\"https:\\\/\\\/vanderloubet.com.br\\\/deputado\\\/minha-casa-minha-vida-do-governo-lula-garante-60-novas-moradias-em-navirai\\\/#primaryimage\"},\"thumbnailUrl\":\"https:\\\/\\\/vanderloubet.com.br\\\/deputado\\\/wp-content\\\/uploads\\\/2025\\\/10\\\/foto-2025-10-10-minha-casa-minha-vida-navirai.jpg\",\"keywords\":[\"habita\u00e7\u00e3o\",\"minha casa minha vida\",\"navira\u00ed\"],\"articleSection\":[\"Munic\u00edpios\",\"Not\u00edcias\"],\"inLanguage\":\"pt-BR\"},{\"@type\":\"WebPage\",\"@id\":\"https:\\\/\\\/vanderloubet.com.br\\\/deputado\\\/minha-casa-minha-vida-do-governo-lula-garante-60-novas-moradias-em-navirai\\\/\",\"url\":\"https:\\\/\\\/vanderloubet.com.br\\\/deputado\\\/minha-casa-minha-vida-do-governo-lula-garante-60-novas-moradias-em-navirai\\\/\",\"name\":\"Minha Casa Minha Vida do governo Lula garante 60 novas moradias em Navira\u00ed\",\"isPartOf\":{\"@id\":\"https:\\\/\\\/vanderloubet.com.br\\\/deputado\\\/#website\"},\"primaryImageOfPage\":{\"@id\":\"https:\\\/\\\/vanderloubet.com.br\\\/deputado\\\/minha-casa-minha-vida-do-governo-lula-garante-60-novas-moradias-em-navirai\\\/#primaryimage\"},\"image\":{\"@id\":\"https:\\\/\\\/vanderloubet.com.br\\\/deputado\\\/minha-casa-minha-vida-do-governo-lula-garante-60-novas-moradias-em-navirai\\\/#primaryimage\"},\"thumbnailUrl\":\"https:\\\/\\\/vanderloubet.com.br\\\/deputado\\\/wp-content\\\/uploads\\\/2025\\\/10\\\/foto-2025-10-10-minha-casa-minha-vida-navirai.jpg\",\"datePublished\":\"2025-10-10T22:00:10+00:00\",\"dateModified\":\"2025-10-24T12:50:01+00:00\",\"description\":\"O Loteamento Residencial Interlagos 2 contar\u00e1 com investimento de R$ 11,2 milh\u00f5es, sendo R$ 7,8 milh\u00f5es do Governo Federal.\",\"breadcrumb\":{\"@id\":\"https:\\\/\\\/vanderloubet.com.br\\\/deputado\\\/minha-casa-minha-vida-do-governo-lula-garante-60-novas-moradias-em-navirai\\\/#breadcrumb\"},\"inLanguage\":\"pt-BR\",\"potentialAction\":[{\"@type\":\"ReadAction\",\"target\":[\"https:\\\/\\\/vanderloubet.com.br\\\/deputado\\\/minha-casa-minha-vida-do-governo-lula-garante-60-novas-moradias-em-navirai\\\/\"]}]},{\"@type\":\"ImageObject\",\"inLanguage\":\"pt-BR\",\"@id\":\"https:\\\/\\\/vanderloubet.com.br\\\/deputado\\\/minha-casa-minha-vida-do-governo-lula-garante-60-novas-moradias-em-navirai\\\/#primaryimage\",\"url\":\"https:\\\/\\\/vanderloubet.com.br\\\/deputado\\\/wp-content\\\/uploads\\\/2025\\\/10\\\/foto-2025-10-10-minha-casa-minha-vida-navirai.jpg\",\"contentUrl\":\"https:\\\/\\\/vanderloubet.com.br\\\/deputado\\\/wp-content\\\/uploads\\\/2025\\\/10\\\/foto-2025-10-10-minha-casa-minha-vida-navirai.jpg\",\"width\":960,\"height\":640,\"caption\":\"Minha Casa Minha Vida do governo Lula garante 60 novas moradias em Navira\u00ed\"},{\"@type\":\"BreadcrumbList\",\"@id\":\"https:\\\/\\\/vanderloubet.com.br\\\/deputado\\\/minha-casa-minha-vida-do-governo-lula-garante-60-novas-moradias-em-navirai\\\/#breadcrumb\",\"itemListElement\":[{\"@type\":\"ListItem\",\"position\":1,\"name\":\"In\u00edcio\",\"item\":\"https:\\\/\\\/vanderloubet.com.br\\\/deputado\\\/\"},{\"@type\":\"ListItem\",\"position\":2,\"name\":\"Minha Casa Minha Vida do governo Lula garante 60 novas moradias em Navira\u00ed\"}]},{\"@type\":\"WebSite\",\"@id\":\"https:\\\/\\\/vanderloubet.com.br\\\/deputado\\\/#website\",\"url\":\"https:\\\/\\\/vanderloubet.com.br\\\/deputado\\\/\",\"name\":\"Deputado Federal Vander Loubet\",\"description\":\"O Federal de MS\",\"publisher\":{\"@id\":\"https:\\\/\\\/vanderloubet.com.br\\\/deputado\\\/#organization\"},\"alternateName\":\"Deputado Vander\",\"potentialAction\":[{\"@type\":\"SearchAction\",\"target\":{\"@type\":\"EntryPoint\",\"urlTemplate\":\"https:\\\/\\\/vanderloubet.com.br\\\/deputado\\\/?s={search_term_string}\"},\"query-input\":{\"@type\":\"PropertyValueSpecification\",\"valueRequired\":true,\"valueName\":\"search_term_string\"}}],\"inLanguage\":\"pt-BR\"},{\"@type\":\"Organization\",\"@id\":\"https:\\\/\\\/vanderloubet.com.br\\\/deputado\\\/#organization\",\"name\":\"Deputado Federal Vander Loubet\",\"alternateName\":\"Deputado Vander\",\"url\":\"https:\\\/\\\/vanderloubet.com.br\\\/deputado\\\/\",\"logo\":{\"@type\":\"ImageObject\",\"inLanguage\":\"pt-BR\",\"@id\":\"https:\\\/\\\/vanderloubet.com.br\\\/deputado\\\/#\\\/schema\\\/logo\\\/image\\\/\",\"url\":\"https:\\\/\\\/vanderloubet.com.br\\\/deputado\\\/wp-content\\\/uploads\\\/2023\\\/06\\\/foto-2023-06-19-mandato-deputado-vander.jpg\",\"contentUrl\":\"https:\\\/\\\/vanderloubet.com.br\\\/deputado\\\/wp-content\\\/uploads\\\/2023\\\/06\\\/foto-2023-06-19-mandato-deputado-vander.jpg\",\"width\":1080,\"height\":1080,\"caption\":\"Deputado Federal Vander Loubet\"},\"image\":{\"@id\":\"https:\\\/\\\/vanderloubet.com.br\\\/deputado\\\/#\\\/schema\\\/logo\\\/image\\\/\"},\"sameAs\":[\"https:\\\/\\\/facebook.com\\\/deputadovander\",\"https:\\\/\\\/x.com\\\/vanderloubet\",\"https:\\\/\\\/instagram.com\\\/vanderloubet\",\"https:\\\/\\\/youtube.com\\\/vanderloubet\",\"https:\\\/\\\/tiktok.com\\\/@vanderloubetms\"]},{\"@type\":\"Person\",\"@id\":\"https:\\\/\\\/vanderloubet.com.br\\\/deputado\\\/#\\\/schema\\\/person\\\/15b51bd564532a8a68d9dec1b8eb890e\",\"name\":\"\u00c9der\",\"image\":{\"@type\":\"ImageObject\",\"inLanguage\":\"pt-BR\",\"@id\":\"https:\\\/\\\/vanderloubet.com.br\\\/deputado\\\/wp-content\\\/litespeed\\\/avatar\\\/88ca4090d9d5ab1c9495f6ca03b68efa.jpg?ver=1777058957\",\"url\":\"https:\\\/\\\/vanderloubet.com.br\\\/deputado\\\/wp-content\\\/litespeed\\\/avatar\\\/88ca4090d9d5ab1c9495f6ca03b68efa.jpg?ver=1777058957\",\"contentUrl\":\"https:\\\/\\\/vanderloubet.com.br\\\/deputado\\\/wp-content\\\/litespeed\\\/avatar\\\/88ca4090d9d5ab1c9495f6ca03b68efa.jpg?ver=1777058957\",\"caption\":\"\u00c9der\"}}]}<\/script>\n<!-- \/ Yoast SEO plugin. -->","yoast_head_json":{"title":"Minha Casa Minha Vida do governo Lula garante 60 novas moradias em Navira\u00ed","description":"O Loteamento Residencial Interlagos 2 contar\u00e1 com investimento de R$ 11,2 milh\u00f5es, sendo R$ 7,8 milh\u00f5es do Governo Federal.","robots":{"index":"index","follow":"follow","max-snippet":"max-snippet:-1","max-image-preview":"max-image-preview:large","max-video-preview":"max-video-preview:-1"},"canonical":"https:\/\/vanderloubet.com.br\/deputado\/minha-casa-minha-vida-do-governo-lula-garante-60-novas-moradias-em-navirai\/","og_locale":"pt_BR","og_type":"article","og_title":"Minha Casa Minha Vida do governo Lula garante 60 novas moradias em Navira\u00ed","og_description":"O Loteamento Residencial Interlagos 2 contar\u00e1 com investimento de R$ 11,2 milh\u00f5es, sendo R$ 7,8 milh\u00f5es do Governo Federal.","og_url":"https:\/\/vanderloubet.com.br\/deputado\/minha-casa-minha-vida-do-governo-lula-garante-60-novas-moradias-em-navirai\/","og_site_name":"Deputado Federal Vander Loubet","article_publisher":"https:\/\/facebook.com\/deputadovander","article_published_time":"2025-10-10T22:00:10+00:00","article_modified_time":"2025-10-24T12:50:01+00:00","og_image":[{"width":960,"height":640,"url":"https:\/\/vanderloubet.com.br\/deputado\/wp-content\/uploads\/2025\/10\/foto-2025-10-10-minha-casa-minha-vida-navirai.jpg","type":"image\/jpeg"}],"author":"\u00c9der","twitter_card":"summary_large_image","twitter_creator":"@vanderloubet","twitter_site":"@vanderloubet","schema":{"@context":"https:\/\/schema.org","@graph":[{"@type":"Article","@id":"https:\/\/vanderloubet.com.br\/deputado\/minha-casa-minha-vida-do-governo-lula-garante-60-novas-moradias-em-navirai\/#article","isPartOf":{"@id":"https:\/\/vanderloubet.com.br\/deputado\/minha-casa-minha-vida-do-governo-lula-garante-60-novas-moradias-em-navirai\/"},"author":{"name":"\u00c9der","@id":"https:\/\/vanderloubet.com.br\/deputado\/#\/schema\/person\/15b51bd564532a8a68d9dec1b8eb890e"},"headline":"Minha Casa Minha Vida do governo Lula garante 60 novas moradias em Navira\u00ed","datePublished":"2025-10-10T22:00:10+00:00","dateModified":"2025-10-24T12:50:01+00:00","mainEntityOfPage":{"@id":"https:\/\/vanderloubet.com.br\/deputado\/minha-casa-minha-vida-do-governo-lula-garante-60-novas-moradias-em-navirai\/"},"wordCount":452,"publisher":{"@id":"https:\/\/vanderloubet.com.br\/deputado\/#organization"},"image":{"@id":"https:\/\/vanderloubet.com.br\/deputado\/minha-casa-minha-vida-do-governo-lula-garante-60-novas-moradias-em-navirai\/#primaryimage"},"thumbnailUrl":"https:\/\/vanderloubet.com.br\/deputado\/wp-content\/uploads\/2025\/10\/foto-2025-10-10-minha-casa-minha-vida-navirai.jpg","keywords":["habita\u00e7\u00e3o","minha casa minha vida","navira\u00ed"],"articleSection":["Munic\u00edpios","Not\u00edcias"],"inLanguage":"pt-BR"},{"@type":"WebPage","@id":"https:\/\/vanderloubet.com.br\/deputado\/minha-casa-minha-vida-do-governo-lula-garante-60-novas-moradias-em-navirai\/","url":"https:\/\/vanderloubet.com.br\/deputado\/minha-casa-minha-vida-do-governo-lula-garante-60-novas-moradias-em-navirai\/","name":"Minha Casa Minha Vida do governo Lula garante 60 novas moradias em Navira\u00ed","isPartOf":{"@id":"https:\/\/vanderloubet.com.br\/deputado\/#website"},"primaryImageOfPage":{"@id":"https:\/\/vanderloubet.com.br\/deputado\/minha-casa-minha-vida-do-governo-lula-garante-60-novas-moradias-em-navirai\/#primaryimage"},"image":{"@id":"https:\/\/vanderloubet.com.br\/deputado\/minha-casa-minha-vida-do-governo-lula-garante-60-novas-moradias-em-navirai\/#primaryimage"},"thumbnailUrl":"https:\/\/vanderloubet.com.br\/deputado\/wp-content\/uploads\/2025\/10\/foto-2025-10-10-minha-casa-minha-vida-navirai.jpg","datePublished":"2025-10-10T22:00:10+00:00","dateModified":"2025-10-24T12:50:01+00:00","description":"O Loteamento Residencial Interlagos 2 contar\u00e1 com investimento de R$ 11,2 milh\u00f5es, sendo R$ 7,8 milh\u00f5es do Governo Federal.","breadcrumb":{"@id":"https:\/\/vanderloubet.com.br\/deputado\/minha-casa-minha-vida-do-governo-lula-garante-60-novas-moradias-em-navirai\/#breadcrumb"},"inLanguage":"pt-BR","potentialAction":[{"@type":"ReadAction","target":["https:\/\/vanderloubet.com.br\/deputado\/minha-casa-minha-vida-do-governo-lula-garante-60-novas-moradias-em-navirai\/"]}]},{"@type":"ImageObject","inLanguage":"pt-BR","@id":"https:\/\/vanderloubet.com.br\/deputado\/minha-casa-minha-vida-do-governo-lula-garante-60-novas-moradias-em-navirai\/#primaryimage","url":"https:\/\/vanderloubet.com.br\/deputado\/wp-content\/uploads\/2025\/10\/foto-2025-10-10-minha-casa-minha-vida-navirai.jpg","contentUrl":"https:\/\/vanderloubet.com.br\/deputado\/wp-content\/uploads\/2025\/10\/foto-2025-10-10-minha-casa-minha-vida-navirai.jpg","width":960,"height":640,"caption":"Minha Casa Minha Vida do governo Lula garante 60 novas moradias em Navira\u00ed"},{"@type":"BreadcrumbList","@id":"https:\/\/vanderloubet.com.br\/deputado\/minha-casa-minha-vida-do-governo-lula-garante-60-novas-moradias-em-navirai\/#breadcrumb","itemListElement":[{"@type":"ListItem","position":1,"name":"In\u00edcio","item":"https:\/\/vanderloubet.com.br\/deputado\/"},{"@type":"ListItem","position":2,"name":"Minha Casa Minha Vida do governo Lula garante 60 novas moradias em Navira\u00ed"}]},{"@type":"WebSite","@id":"https:\/\/vanderloubet.com.br\/deputado\/#website","url":"https:\/\/vanderloubet.com.br\/deputado\/","name":"Deputado Federal Vander Loubet","description":"O Federal de MS","publisher":{"@id":"https:\/\/vanderloubet.com.br\/deputado\/#organization"},"alternateName":"Deputado Vander","potentialAction":[{"@type":"SearchAction","target":{"@type":"EntryPoint","urlTemplate":"https:\/\/vanderloubet.com.br\/deputado\/?s={search_term_string}"},"query-input":{"@type":"PropertyValueSpecification","valueRequired":true,"valueName":"search_term_string"}}],"inLanguage":"pt-BR"},{"@type":"Organization","@id":"https:\/\/vanderloubet.com.br\/deputado\/#organization","name":"Deputado Federal Vander Loubet","alternateName":"Deputado Vander","url":"https:\/\/vanderloubet.com.br\/deputado\/","logo":{"@type":"ImageObject","inLanguage":"pt-BR","@id":"https:\/\/vanderloubet.com.br\/deputado\/#\/schema\/logo\/image\/","url":"https:\/\/vanderloubet.com.br\/deputado\/wp-content\/uploads\/2023\/06\/foto-2023-06-19-mandato-deputado-vander.jpg","contentUrl":"https:\/\/vanderloubet.com.br\/deputado\/wp-content\/uploads\/2023\/06\/foto-2023-06-19-mandato-deputado-vander.jpg","width":1080,"height":1080,"caption":"Deputado Federal Vander Loubet"},"image":{"@id":"https:\/\/vanderloubet.com.br\/deputado\/#\/schema\/logo\/image\/"},"sameAs":["https:\/\/facebook.com\/deputadovander","https:\/\/x.com\/vanderloubet","https:\/\/instagram.com\/vanderloubet","https:\/\/youtube.com\/vanderloubet","https:\/\/tiktok.com\/@vanderloubetms"]},{"@type":"Person","@id":"https:\/\/vanderloubet.com.br\/deputado\/#\/schema\/person\/15b51bd564532a8a68d9dec1b8eb890e","name":"\u00c9der","image":{"@type":"ImageObject","inLanguage":"pt-BR","@id":"https:\/\/vanderloubet.com.br\/deputado\/wp-content\/litespeed\/avatar\/88ca4090d9d5ab1c9495f6ca03b68efa.jpg?ver=1777058957","url":"https:\/\/vanderloubet.com.br\/deputado\/wp-content\/litespeed\/avatar\/88ca4090d9d5ab1c9495f6ca03b68efa.jpg?ver=1777058957","contentUrl":"https:\/\/vanderloubet.com.br\/deputado\/wp-content\/litespeed\/avatar\/88ca4090d9d5ab1c9495f6ca03b68efa.jpg?ver=1777058957","caption":"\u00c9der"}}]}},"jetpack_featured_media_url":"https:\/\/vanderloubet.com.br\/deputado\/wp-content\/uploads\/2025\/10\/foto-2025-10-10-minha-casa-minha-vida-navirai.jpg","jetpack_sharing_enabled":true,"_links":{"self":[{"href":"https:\/\/vanderloubet.com.br\/deputado\/wp-json\/wp\/v2\/posts\/20595","targetHints":{"allow":["GET"]}}],"collection":[{"href":"https:\/\/vanderloubet.com.br\/deputado\/wp-json\/wp\/v2\/posts"}],"about":[{"href":"https:\/\/vanderloubet.com.br\/deputado\/wp-json\/wp\/v2\/types\/post"}],"author":[{"embeddable":true,"href":"https:\/\/vanderloubet.com.br\/deputado\/wp-json\/wp\/v2\/users\/2"}],"replies":[{"embeddable":true,"href":"https:\/\/vanderloubet.com.br\/deputado\/wp-json\/wp\/v2\/comments?post=20595"}],"version-history":[{"count":3,"href":"https:\/\/vanderloubet.com.br\/deputado\/wp-json\/wp\/v2\/posts\/20595\/revisions"}],"predecessor-version":[{"id":20614,"href":"https:\/\/vanderloubet.com.br\/deputado\/wp-json\/wp\/v2\/posts\/20595\/revisions\/20614"}],"wp:featuredmedia":[{"embeddable":true,"href":"https:\/\/vanderloubet.com.br\/deputado\/wp-json\/wp\/v2\/media\/20596"}],"wp:attachment":[{"href":"https:\/\/vanderloubet.com.br\/deputado\/wp-json\/wp\/v2\/media?parent=20595"}],"wp:term":[{"taxonomy":"category","embeddable":true,"href":"https:\/\/vanderloubet.com.br\/deputado\/wp-json\/wp\/v2\/categories?post=20595"},{"taxonomy":"post_tag","embeddable":true,"href":"https:\/\/vanderloubet.com.br\/deputado\/wp-json\/wp\/v2\/tags?post=20595"}],"curies":[{"name":"wp","href":"https:\/\/api.w.org\/{rel}","templated":true}]}}