{"id":20554,"date":"2025-09-05T18:00:20","date_gmt":"2025-09-05T22:00:20","guid":{"rendered":"https:\/\/vanderloubet.com.br\/deputado\/?p=20554"},"modified":"2025-09-16T12:05:42","modified_gmt":"2025-09-16T16:05:42","slug":"programa-gas-do-povo-do-governo-lula-vai-beneficiar-159-mil-familias-em-ms","status":"publish","type":"post","link":"https:\/\/vanderloubet.com.br\/deputado\/programa-gas-do-povo-do-governo-lula-vai-beneficiar-159-mil-familias-em-ms\/","title":{"rendered":"Programa G\u00e1s do Povo, do governo Lula, vai beneficiar 159 mil fam\u00edlias em MS"},"content":{"rendered":"<p>O Governo Federal anunciou nesta quinta-feira (4) o programa G\u00e1s do Povo, que garantir\u00e1 g\u00e1s de cozinha gratuito \u00e0 popula\u00e7\u00e3o de baixa renda, com a expectativa de atender cerca de 15,5 milh\u00f5es de fam\u00edlias no Brasil. Em Mato Grosso do Sul, o programa contemplar\u00e1 mais de 159 mil fam\u00edlias e a entrega dos botij\u00f5es vai come\u00e7ar em novembro.<\/p>\n<p>A iniciativa do governo do presidente Lula substitui o antigo Aux\u00edlio G\u00e1s, onde o benefici\u00e1rio recebia o valor em dinheiro a cada dois meses. Agora, ser\u00e1 poss\u00edvel retirar o botij\u00e3o de g\u00e1s do forma gratuita diretamente em revendedoras credenciadas ao programa. De acordo com o Governo, a mudan\u00e7a aumenta a efici\u00eancia, a transpar\u00eancia e o controle da pol\u00edtica p\u00fablica.<\/p>\n<p>&#8220;O presidente Lula est\u00e1 melhorando e fortalecendo uma pol\u00edtica p\u00fablica que \u00e9 muito importante, afinal, n\u00e3o basta que as fam\u00edlias tenham acesso a alimentos, \u00e9 necess\u00e1rio que tamb\u00e9m tenham condi\u00e7\u00f5es de cozinh\u00e1-los. Recebendo o botij\u00e3o de g\u00e1s, sobra dinheiro para essas fam\u00edlias comerem melhor, comprarem um material escolar para as crian\u00e7as, adquirir um rem\u00e9dio&#8230; ou seja, isso vai permitir mais qualidade de vida&#8221;, destaca o deputado federal Vander Loubet (PT-MS).<\/p>\n<p>J\u00e1 o presidente Lula afirmou que o acesso ao g\u00e1s de cozinha promove justi\u00e7a social, promove a sa\u00fade e amplia a seguran\u00e7a alimentar da popula\u00e7\u00e3o de baixa renda. &#8220;Estamos tentando mostrar que o que falta nesse pa\u00eds n\u00e3o \u00e9 dinheiro, \u00e9 tratar o povo com o respeito e a dec\u00eancia que o povo brasileiro precisa&#8221;, enfatizou.<\/p>\n<figure id=\"attachment_20556\" aria-describedby=\"caption-attachment-20556\" style=\"width: 696px\" class=\"wp-caption aligncenter\"><img decoding=\"async\" class=\"size-large wp-image-20556\" src=\"https:\/\/vanderloubet.com.br\/deputado\/wp-content\/uploads\/2025\/09\/foto-2025-03-20-presidente-lula-deputado-vander-700x525.jpg\" alt=\"Deputado Vander elogiou iniciativa do governo do presidente Lula\" width=\"696\" height=\"522\" srcset=\"https:\/\/vanderloubet.com.br\/deputado\/wp-content\/uploads\/2025\/09\/foto-2025-03-20-presidente-lula-deputado-vander-700x525.jpg 700w, https:\/\/vanderloubet.com.br\/deputado\/wp-content\/uploads\/2025\/09\/foto-2025-03-20-presidente-lula-deputado-vander-350x263.jpg 350w, https:\/\/vanderloubet.com.br\/deputado\/wp-content\/uploads\/2025\/09\/foto-2025-03-20-presidente-lula-deputado-vander-768x576.jpg 768w, https:\/\/vanderloubet.com.br\/deputado\/wp-content\/uploads\/2025\/09\/foto-2025-03-20-presidente-lula-deputado-vander-560x420.jpg 560w, https:\/\/vanderloubet.com.br\/deputado\/wp-content\/uploads\/2025\/09\/foto-2025-03-20-presidente-lula-deputado-vander-80x60.jpg 80w, https:\/\/vanderloubet.com.br\/deputado\/wp-content\/uploads\/2025\/09\/foto-2025-03-20-presidente-lula-deputado-vander-696x522.jpg 696w, https:\/\/vanderloubet.com.br\/deputado\/wp-content\/uploads\/2025\/09\/foto-2025-03-20-presidente-lula-deputado-vander-265x198.jpg 265w, https:\/\/vanderloubet.com.br\/deputado\/wp-content\/uploads\/2025\/09\/foto-2025-03-20-presidente-lula-deputado-vander.jpg 960w\" sizes=\"(max-width: 696px) 100vw, 696px\" \/><figcaption id=\"caption-attachment-20556\" class=\"wp-caption-text\">Deputado Vander elogiou iniciativa do governo do presidente Lula<\/figcaption><\/figure>\n<p><strong>Quem tem direito ao benef\u00edcio?<\/strong><\/p>\n<p>Ter\u00e3o direito ao botij\u00e3o de g\u00e1s as fam\u00edlias inscritas no Cadastro \u00danico para Programas Sociais do Governo Federal (Cad\u00danico) com renda mensal de at\u00e9 meio sal\u00e1rio m\u00ednimo (R$ 759) por pessoa. Quem recebe Bolsa Fam\u00edlia (renda per capita de at\u00e9 R$ 218) ter\u00e1 prefer\u00eancia no G\u00e1s do Povo.<\/p>\n<p><strong>Como ser\u00e1 a retirada dos botij\u00f5es?<\/strong><\/p>\n<p>O benefici\u00e1rio vai retirar os botij\u00f5es diretamente na revenda credenciada mais pr\u00f3xima de sua casa, sem intermedi\u00e1rios. N\u00e3o haver\u00e1, portanto, qualquer pagamento em dinheiro no ato da retirada.<\/p>\n<p>A gratuidade ser\u00e1 concedida no momento da compra, mediante valida\u00e7\u00e3o eletr\u00f4nica na revenda habilitada. De acordo com o Governo Federal, a autoriza\u00e7\u00e3o para a retirada se dar\u00e1 por meio de quatro modalidades, ainda em fase de detalhamento:<\/p>\n<ul>\n<li>Aplicativo Vale Digital<\/li>\n<li>Cart\u00e3o espec\u00edfico para o programa<\/li>\n<li>QR Code (via cart\u00e3o do Bolsa Fam\u00edlia)<\/li>\n<li>Cart\u00e3o do Bolsa Fam\u00edlia<\/li>\n<\/ul>\n<p>O vale eletr\u00f4nico ser\u00e1 emitido em nome do respons\u00e1vel familiar registrado no Cad\u00danico.<\/p>\n<p><strong>Quando come\u00e7a a valer?<\/strong><\/p>\n<p>A previs\u00e3o \u00e9 que os primeiros botij\u00f5es comecem a ser entregues ainda em novembro deste ano. A transi\u00e7\u00e3o do Aux\u00edlio G\u00e1s, em dinheiro, para o G\u00e1s do Povo, com a retirada dos botij\u00f5es, ser\u00e1 gradual e deve ser conclu\u00edda at\u00e9 mar\u00e7o de 2026.<\/p>\n<p><strong>Quantos botij\u00f5es cada fam\u00edlia vai ganhar?<\/strong><\/p>\n<p>Ser\u00e3o distribu\u00eddos at\u00e9 6 botij\u00f5es por fam\u00edlia, a depender do n\u00famero de moradores de cada casa:<\/p>\n<ul>\n<li>Fam\u00edlias com 2 integrantes: receber\u00e3o at\u00e9 3 botij\u00f5es por ano<\/li>\n<li>Fam\u00edlias com 3 integrantes: receber\u00e3o at\u00e9 4 botij\u00f5es por ano<\/li>\n<li>Fam\u00edlias com 4 ou mais integrantes: receber\u00e3o at\u00e9 6 botij\u00f5es por ano<\/li>\n<\/ul>\n<p><strong>Como ser\u00e1 realizado o cadastramento das revendas?<\/strong><\/p>\n<p>As revendas que quiserem participar do programa dever\u00e3o se credenciar voluntariamente junto \u00e0 Caixa Econ\u00f4mica Federal (CEF). Elas dever\u00e3o cumprir requisitos de identidade visual padronizada, al\u00e9m de estarem aptas para operar com o vale eletr\u00f4nico.<\/p>\n<p><strong>Como identificar uma revenda que participa do programa?<\/strong><\/p>\n<p>O programa G\u00e1s do Povo prev\u00ea que a revenda habilitada adote regras de identidade visual do programa, seja nas portarias, nos ve\u00edculos de transporte, materiais de comunica\u00e7\u00e3o e no pr\u00f3prio botij\u00e3o. Al\u00e9m disso, o aplicativo do benefici\u00e1rio mostrar\u00e1 a lista atualizada das revendas credenciadas.<\/p>\n<pre><em>Fonte: Ag\u00eanciaGov e O Jacar\u00e9<\/em>\r\n<em>Fotos: Ricardo Stuckert<\/em><\/pre>\n","protected":false},"excerpt":{"rendered":"<p>De acordo com Governo Federal, novo programa substitui o Aux\u00edlio G\u00e1s e aumenta efici\u00eancia, transpar\u00eancia e controle da pol\u00edtica p\u00fablica.<\/p>\n","protected":false},"author":2,"featured_media":20555,"comment_status":"closed","ping_status":"closed","sticky":false,"template":"","format":"standard","meta":{"jetpack_post_was_ever_published":false,"_jetpack_newsletter_access":"","_jetpack_dont_email_post_to_subs":false,"_jetpack_newsletter_tier_id":0,"_jetpack_memberships_contains_paywalled_content":false,"_jetpack_memberships_contains_paid_content":false,"footnotes":""},"categories":[2098,10],"tags":[],"class_list":{"0":"post-20554","1":"post","2":"type-post","3":"status-publish","4":"format-standard","5":"has-post-thumbnail","7":"category-brasil-noticias","8":"category-noticias"},"yoast_head":"<!-- This site is optimized with the Yoast SEO plugin v27.4 - https:\/\/yoast.com\/product\/yoast-seo-wordpress\/ -->\n<title>Programa G\u00e1s do Povo, do governo Lula, vai beneficiar 159 mil fam\u00edlias em MS<\/title>\n<meta name=\"description\" content=\"De acordo com Governo Federal, novo programa substitui o Aux\u00edlio G\u00e1s e aumenta efici\u00eancia, transpar\u00eancia e controle da pol\u00edtica p\u00fablica.\" \/>\n<meta name=\"robots\" content=\"index, follow, max-snippet:-1, max-image-preview:large, max-video-preview:-1\" \/>\n<link rel=\"canonical\" href=\"https:\/\/vanderloubet.com.br\/deputado\/programa-gas-do-povo-do-governo-lula-vai-beneficiar-159-mil-familias-em-ms\/\" \/>\n<meta property=\"og:locale\" content=\"pt_BR\" \/>\n<meta property=\"og:type\" content=\"article\" \/>\n<meta property=\"og:title\" content=\"Programa G\u00e1s do Povo, do governo Lula, vai beneficiar 159 mil fam\u00edlias em MS\" \/>\n<meta property=\"og:description\" content=\"De acordo com Governo Federal, novo programa substitui o Aux\u00edlio G\u00e1s e aumenta efici\u00eancia, transpar\u00eancia e controle da pol\u00edtica p\u00fablica.\" \/>\n<meta property=\"og:url\" content=\"https:\/\/vanderloubet.com.br\/deputado\/programa-gas-do-povo-do-governo-lula-vai-beneficiar-159-mil-familias-em-ms\/\" \/>\n<meta property=\"og:site_name\" content=\"Deputado Federal Vander Loubet\" \/>\n<meta property=\"article:publisher\" content=\"https:\/\/facebook.com\/deputadovander\" \/>\n<meta property=\"article:published_time\" content=\"2025-09-05T22:00:20+00:00\" \/>\n<meta property=\"article:modified_time\" content=\"2025-09-16T16:05:42+00:00\" \/>\n<meta property=\"og:image\" content=\"https:\/\/vanderloubet.com.br\/deputado\/wp-content\/uploads\/2025\/09\/foto-2025-09-05-gas-do-povo.jpg\" \/>\n\t<meta property=\"og:image:width\" content=\"960\" \/>\n\t<meta property=\"og:image:height\" content=\"640\" \/>\n\t<meta property=\"og:image:type\" content=\"image\/jpeg\" \/>\n<meta name=\"author\" content=\"\u00c9der\" \/>\n<meta name=\"twitter:card\" content=\"summary_large_image\" \/>\n<meta name=\"twitter:creator\" content=\"@vanderloubet\" \/>\n<meta name=\"twitter:site\" content=\"@vanderloubet\" \/>\n<script type=\"application\/ld+json\" class=\"yoast-schema-graph\">{\"@context\":\"https:\\\/\\\/schema.org\",\"@graph\":[{\"@type\":\"Article\",\"@id\":\"https:\\\/\\\/vanderloubet.com.br\\\/deputado\\\/programa-gas-do-povo-do-governo-lula-vai-beneficiar-159-mil-familias-em-ms\\\/#article\",\"isPartOf\":{\"@id\":\"https:\\\/\\\/vanderloubet.com.br\\\/deputado\\\/programa-gas-do-povo-do-governo-lula-vai-beneficiar-159-mil-familias-em-ms\\\/\"},\"author\":{\"name\":\"\u00c9der\",\"@id\":\"https:\\\/\\\/vanderloubet.com.br\\\/deputado\\\/#\\\/schema\\\/person\\\/15b51bd564532a8a68d9dec1b8eb890e\"},\"headline\":\"Programa G\u00e1s do Povo, do governo Lula, vai beneficiar 159 mil fam\u00edlias em MS\",\"datePublished\":\"2025-09-05T22:00:20+00:00\",\"dateModified\":\"2025-09-16T16:05:42+00:00\",\"mainEntityOfPage\":{\"@id\":\"https:\\\/\\\/vanderloubet.com.br\\\/deputado\\\/programa-gas-do-povo-do-governo-lula-vai-beneficiar-159-mil-familias-em-ms\\\/\"},\"wordCount\":712,\"publisher\":{\"@id\":\"https:\\\/\\\/vanderloubet.com.br\\\/deputado\\\/#organization\"},\"image\":{\"@id\":\"https:\\\/\\\/vanderloubet.com.br\\\/deputado\\\/programa-gas-do-povo-do-governo-lula-vai-beneficiar-159-mil-familias-em-ms\\\/#primaryimage\"},\"thumbnailUrl\":\"https:\\\/\\\/vanderloubet.com.br\\\/deputado\\\/wp-content\\\/uploads\\\/2025\\\/09\\\/foto-2025-09-05-gas-do-povo.jpg\",\"articleSection\":[\"Brasil\",\"Not\u00edcias\"],\"inLanguage\":\"pt-BR\"},{\"@type\":\"WebPage\",\"@id\":\"https:\\\/\\\/vanderloubet.com.br\\\/deputado\\\/programa-gas-do-povo-do-governo-lula-vai-beneficiar-159-mil-familias-em-ms\\\/\",\"url\":\"https:\\\/\\\/vanderloubet.com.br\\\/deputado\\\/programa-gas-do-povo-do-governo-lula-vai-beneficiar-159-mil-familias-em-ms\\\/\",\"name\":\"Programa G\u00e1s do Povo, do governo Lula, vai beneficiar 159 mil fam\u00edlias em MS\",\"isPartOf\":{\"@id\":\"https:\\\/\\\/vanderloubet.com.br\\\/deputado\\\/#website\"},\"primaryImageOfPage\":{\"@id\":\"https:\\\/\\\/vanderloubet.com.br\\\/deputado\\\/programa-gas-do-povo-do-governo-lula-vai-beneficiar-159-mil-familias-em-ms\\\/#primaryimage\"},\"image\":{\"@id\":\"https:\\\/\\\/vanderloubet.com.br\\\/deputado\\\/programa-gas-do-povo-do-governo-lula-vai-beneficiar-159-mil-familias-em-ms\\\/#primaryimage\"},\"thumbnailUrl\":\"https:\\\/\\\/vanderloubet.com.br\\\/deputado\\\/wp-content\\\/uploads\\\/2025\\\/09\\\/foto-2025-09-05-gas-do-povo.jpg\",\"datePublished\":\"2025-09-05T22:00:20+00:00\",\"dateModified\":\"2025-09-16T16:05:42+00:00\",\"description\":\"De acordo com Governo Federal, novo programa substitui o Aux\u00edlio G\u00e1s e aumenta efici\u00eancia, transpar\u00eancia e controle da pol\u00edtica p\u00fablica.\",\"breadcrumb\":{\"@id\":\"https:\\\/\\\/vanderloubet.com.br\\\/deputado\\\/programa-gas-do-povo-do-governo-lula-vai-beneficiar-159-mil-familias-em-ms\\\/#breadcrumb\"},\"inLanguage\":\"pt-BR\",\"potentialAction\":[{\"@type\":\"ReadAction\",\"target\":[\"https:\\\/\\\/vanderloubet.com.br\\\/deputado\\\/programa-gas-do-povo-do-governo-lula-vai-beneficiar-159-mil-familias-em-ms\\\/\"]}]},{\"@type\":\"ImageObject\",\"inLanguage\":\"pt-BR\",\"@id\":\"https:\\\/\\\/vanderloubet.com.br\\\/deputado\\\/programa-gas-do-povo-do-governo-lula-vai-beneficiar-159-mil-familias-em-ms\\\/#primaryimage\",\"url\":\"https:\\\/\\\/vanderloubet.com.br\\\/deputado\\\/wp-content\\\/uploads\\\/2025\\\/09\\\/foto-2025-09-05-gas-do-povo.jpg\",\"contentUrl\":\"https:\\\/\\\/vanderloubet.com.br\\\/deputado\\\/wp-content\\\/uploads\\\/2025\\\/09\\\/foto-2025-09-05-gas-do-povo.jpg\",\"width\":960,\"height\":640,\"caption\":\"Programa G\u00e1s do Povo, do governo Lula, vai beneficiar 159 mil fam\u00edlias em MS\"},{\"@type\":\"BreadcrumbList\",\"@id\":\"https:\\\/\\\/vanderloubet.com.br\\\/deputado\\\/programa-gas-do-povo-do-governo-lula-vai-beneficiar-159-mil-familias-em-ms\\\/#breadcrumb\",\"itemListElement\":[{\"@type\":\"ListItem\",\"position\":1,\"name\":\"In\u00edcio\",\"item\":\"https:\\\/\\\/vanderloubet.com.br\\\/deputado\\\/\"},{\"@type\":\"ListItem\",\"position\":2,\"name\":\"Programa G\u00e1s do Povo, do governo Lula, vai beneficiar 159 mil fam\u00edlias em MS\"}]},{\"@type\":\"WebSite\",\"@id\":\"https:\\\/\\\/vanderloubet.com.br\\\/deputado\\\/#website\",\"url\":\"https:\\\/\\\/vanderloubet.com.br\\\/deputado\\\/\",\"name\":\"Deputado Federal Vander Loubet\",\"description\":\"O Federal de MS\",\"publisher\":{\"@id\":\"https:\\\/\\\/vanderloubet.com.br\\\/deputado\\\/#organization\"},\"alternateName\":\"Deputado Vander\",\"potentialAction\":[{\"@type\":\"SearchAction\",\"target\":{\"@type\":\"EntryPoint\",\"urlTemplate\":\"https:\\\/\\\/vanderloubet.com.br\\\/deputado\\\/?s={search_term_string}\"},\"query-input\":{\"@type\":\"PropertyValueSpecification\",\"valueRequired\":true,\"valueName\":\"search_term_string\"}}],\"inLanguage\":\"pt-BR\"},{\"@type\":\"Organization\",\"@id\":\"https:\\\/\\\/vanderloubet.com.br\\\/deputado\\\/#organization\",\"name\":\"Deputado Federal Vander Loubet\",\"alternateName\":\"Deputado Vander\",\"url\":\"https:\\\/\\\/vanderloubet.com.br\\\/deputado\\\/\",\"logo\":{\"@type\":\"ImageObject\",\"inLanguage\":\"pt-BR\",\"@id\":\"https:\\\/\\\/vanderloubet.com.br\\\/deputado\\\/#\\\/schema\\\/logo\\\/image\\\/\",\"url\":\"https:\\\/\\\/vanderloubet.com.br\\\/deputado\\\/wp-content\\\/uploads\\\/2023\\\/06\\\/foto-2023-06-19-mandato-deputado-vander.jpg\",\"contentUrl\":\"https:\\\/\\\/vanderloubet.com.br\\\/deputado\\\/wp-content\\\/uploads\\\/2023\\\/06\\\/foto-2023-06-19-mandato-deputado-vander.jpg\",\"width\":1080,\"height\":1080,\"caption\":\"Deputado Federal Vander Loubet\"},\"image\":{\"@id\":\"https:\\\/\\\/vanderloubet.com.br\\\/deputado\\\/#\\\/schema\\\/logo\\\/image\\\/\"},\"sameAs\":[\"https:\\\/\\\/facebook.com\\\/deputadovander\",\"https:\\\/\\\/x.com\\\/vanderloubet\",\"https:\\\/\\\/instagram.com\\\/vanderloubet\",\"https:\\\/\\\/youtube.com\\\/vanderloubet\",\"https:\\\/\\\/tiktok.com\\\/@vanderloubetms\"]},{\"@type\":\"Person\",\"@id\":\"https:\\\/\\\/vanderloubet.com.br\\\/deputado\\\/#\\\/schema\\\/person\\\/15b51bd564532a8a68d9dec1b8eb890e\",\"name\":\"\u00c9der\",\"image\":{\"@type\":\"ImageObject\",\"inLanguage\":\"pt-BR\",\"@id\":\"https:\\\/\\\/vanderloubet.com.br\\\/deputado\\\/wp-content\\\/litespeed\\\/avatar\\\/88ca4090d9d5ab1c9495f6ca03b68efa.jpg?ver=1777058957\",\"url\":\"https:\\\/\\\/vanderloubet.com.br\\\/deputado\\\/wp-content\\\/litespeed\\\/avatar\\\/88ca4090d9d5ab1c9495f6ca03b68efa.jpg?ver=1777058957\",\"contentUrl\":\"https:\\\/\\\/vanderloubet.com.br\\\/deputado\\\/wp-content\\\/litespeed\\\/avatar\\\/88ca4090d9d5ab1c9495f6ca03b68efa.jpg?ver=1777058957\",\"caption\":\"\u00c9der\"}}]}<\/script>\n<!-- \/ Yoast SEO plugin. -->","yoast_head_json":{"title":"Programa G\u00e1s do Povo, do governo Lula, vai beneficiar 159 mil fam\u00edlias em MS","description":"De acordo com Governo Federal, novo programa substitui o Aux\u00edlio G\u00e1s e aumenta efici\u00eancia, transpar\u00eancia e controle da pol\u00edtica p\u00fablica.","robots":{"index":"index","follow":"follow","max-snippet":"max-snippet:-1","max-image-preview":"max-image-preview:large","max-video-preview":"max-video-preview:-1"},"canonical":"https:\/\/vanderloubet.com.br\/deputado\/programa-gas-do-povo-do-governo-lula-vai-beneficiar-159-mil-familias-em-ms\/","og_locale":"pt_BR","og_type":"article","og_title":"Programa G\u00e1s do Povo, do governo Lula, vai beneficiar 159 mil fam\u00edlias em MS","og_description":"De acordo com Governo Federal, novo programa substitui o Aux\u00edlio G\u00e1s e aumenta efici\u00eancia, transpar\u00eancia e controle da pol\u00edtica p\u00fablica.","og_url":"https:\/\/vanderloubet.com.br\/deputado\/programa-gas-do-povo-do-governo-lula-vai-beneficiar-159-mil-familias-em-ms\/","og_site_name":"Deputado Federal Vander Loubet","article_publisher":"https:\/\/facebook.com\/deputadovander","article_published_time":"2025-09-05T22:00:20+00:00","article_modified_time":"2025-09-16T16:05:42+00:00","og_image":[{"width":960,"height":640,"url":"https:\/\/vanderloubet.com.br\/deputado\/wp-content\/uploads\/2025\/09\/foto-2025-09-05-gas-do-povo.jpg","type":"image\/jpeg"}],"author":"\u00c9der","twitter_card":"summary_large_image","twitter_creator":"@vanderloubet","twitter_site":"@vanderloubet","schema":{"@context":"https:\/\/schema.org","@graph":[{"@type":"Article","@id":"https:\/\/vanderloubet.com.br\/deputado\/programa-gas-do-povo-do-governo-lula-vai-beneficiar-159-mil-familias-em-ms\/#article","isPartOf":{"@id":"https:\/\/vanderloubet.com.br\/deputado\/programa-gas-do-povo-do-governo-lula-vai-beneficiar-159-mil-familias-em-ms\/"},"author":{"name":"\u00c9der","@id":"https:\/\/vanderloubet.com.br\/deputado\/#\/schema\/person\/15b51bd564532a8a68d9dec1b8eb890e"},"headline":"Programa G\u00e1s do Povo, do governo Lula, vai beneficiar 159 mil fam\u00edlias em MS","datePublished":"2025-09-05T22:00:20+00:00","dateModified":"2025-09-16T16:05:42+00:00","mainEntityOfPage":{"@id":"https:\/\/vanderloubet.com.br\/deputado\/programa-gas-do-povo-do-governo-lula-vai-beneficiar-159-mil-familias-em-ms\/"},"wordCount":712,"publisher":{"@id":"https:\/\/vanderloubet.com.br\/deputado\/#organization"},"image":{"@id":"https:\/\/vanderloubet.com.br\/deputado\/programa-gas-do-povo-do-governo-lula-vai-beneficiar-159-mil-familias-em-ms\/#primaryimage"},"thumbnailUrl":"https:\/\/vanderloubet.com.br\/deputado\/wp-content\/uploads\/2025\/09\/foto-2025-09-05-gas-do-povo.jpg","articleSection":["Brasil","Not\u00edcias"],"inLanguage":"pt-BR"},{"@type":"WebPage","@id":"https:\/\/vanderloubet.com.br\/deputado\/programa-gas-do-povo-do-governo-lula-vai-beneficiar-159-mil-familias-em-ms\/","url":"https:\/\/vanderloubet.com.br\/deputado\/programa-gas-do-povo-do-governo-lula-vai-beneficiar-159-mil-familias-em-ms\/","name":"Programa G\u00e1s do Povo, do governo Lula, vai beneficiar 159 mil fam\u00edlias em MS","isPartOf":{"@id":"https:\/\/vanderloubet.com.br\/deputado\/#website"},"primaryImageOfPage":{"@id":"https:\/\/vanderloubet.com.br\/deputado\/programa-gas-do-povo-do-governo-lula-vai-beneficiar-159-mil-familias-em-ms\/#primaryimage"},"image":{"@id":"https:\/\/vanderloubet.com.br\/deputado\/programa-gas-do-povo-do-governo-lula-vai-beneficiar-159-mil-familias-em-ms\/#primaryimage"},"thumbnailUrl":"https:\/\/vanderloubet.com.br\/deputado\/wp-content\/uploads\/2025\/09\/foto-2025-09-05-gas-do-povo.jpg","datePublished":"2025-09-05T22:00:20+00:00","dateModified":"2025-09-16T16:05:42+00:00","description":"De acordo com Governo Federal, novo programa substitui o Aux\u00edlio G\u00e1s e aumenta efici\u00eancia, transpar\u00eancia e controle da pol\u00edtica p\u00fablica.","breadcrumb":{"@id":"https:\/\/vanderloubet.com.br\/deputado\/programa-gas-do-povo-do-governo-lula-vai-beneficiar-159-mil-familias-em-ms\/#breadcrumb"},"inLanguage":"pt-BR","potentialAction":[{"@type":"ReadAction","target":["https:\/\/vanderloubet.com.br\/deputado\/programa-gas-do-povo-do-governo-lula-vai-beneficiar-159-mil-familias-em-ms\/"]}]},{"@type":"ImageObject","inLanguage":"pt-BR","@id":"https:\/\/vanderloubet.com.br\/deputado\/programa-gas-do-povo-do-governo-lula-vai-beneficiar-159-mil-familias-em-ms\/#primaryimage","url":"https:\/\/vanderloubet.com.br\/deputado\/wp-content\/uploads\/2025\/09\/foto-2025-09-05-gas-do-povo.jpg","contentUrl":"https:\/\/vanderloubet.com.br\/deputado\/wp-content\/uploads\/2025\/09\/foto-2025-09-05-gas-do-povo.jpg","width":960,"height":640,"caption":"Programa G\u00e1s do Povo, do governo Lula, vai beneficiar 159 mil fam\u00edlias em MS"},{"@type":"BreadcrumbList","@id":"https:\/\/vanderloubet.com.br\/deputado\/programa-gas-do-povo-do-governo-lula-vai-beneficiar-159-mil-familias-em-ms\/#breadcrumb","itemListElement":[{"@type":"ListItem","position":1,"name":"In\u00edcio","item":"https:\/\/vanderloubet.com.br\/deputado\/"},{"@type":"ListItem","position":2,"name":"Programa G\u00e1s do Povo, do governo Lula, vai beneficiar 159 mil fam\u00edlias em MS"}]},{"@type":"WebSite","@id":"https:\/\/vanderloubet.com.br\/deputado\/#website","url":"https:\/\/vanderloubet.com.br\/deputado\/","name":"Deputado Federal Vander Loubet","description":"O Federal de MS","publisher":{"@id":"https:\/\/vanderloubet.com.br\/deputado\/#organization"},"alternateName":"Deputado Vander","potentialAction":[{"@type":"SearchAction","target":{"@type":"EntryPoint","urlTemplate":"https:\/\/vanderloubet.com.br\/deputado\/?s={search_term_string}"},"query-input":{"@type":"PropertyValueSpecification","valueRequired":true,"valueName":"search_term_string"}}],"inLanguage":"pt-BR"},{"@type":"Organization","@id":"https:\/\/vanderloubet.com.br\/deputado\/#organization","name":"Deputado Federal Vander Loubet","alternateName":"Deputado Vander","url":"https:\/\/vanderloubet.com.br\/deputado\/","logo":{"@type":"ImageObject","inLanguage":"pt-BR","@id":"https:\/\/vanderloubet.com.br\/deputado\/#\/schema\/logo\/image\/","url":"https:\/\/vanderloubet.com.br\/deputado\/wp-content\/uploads\/2023\/06\/foto-2023-06-19-mandato-deputado-vander.jpg","contentUrl":"https:\/\/vanderloubet.com.br\/deputado\/wp-content\/uploads\/2023\/06\/foto-2023-06-19-mandato-deputado-vander.jpg","width":1080,"height":1080,"caption":"Deputado Federal Vander Loubet"},"image":{"@id":"https:\/\/vanderloubet.com.br\/deputado\/#\/schema\/logo\/image\/"},"sameAs":["https:\/\/facebook.com\/deputadovander","https:\/\/x.com\/vanderloubet","https:\/\/instagram.com\/vanderloubet","https:\/\/youtube.com\/vanderloubet","https:\/\/tiktok.com\/@vanderloubetms"]},{"@type":"Person","@id":"https:\/\/vanderloubet.com.br\/deputado\/#\/schema\/person\/15b51bd564532a8a68d9dec1b8eb890e","name":"\u00c9der","image":{"@type":"ImageObject","inLanguage":"pt-BR","@id":"https:\/\/vanderloubet.com.br\/deputado\/wp-content\/litespeed\/avatar\/88ca4090d9d5ab1c9495f6ca03b68efa.jpg?ver=1777058957","url":"https:\/\/vanderloubet.com.br\/deputado\/wp-content\/litespeed\/avatar\/88ca4090d9d5ab1c9495f6ca03b68efa.jpg?ver=1777058957","contentUrl":"https:\/\/vanderloubet.com.br\/deputado\/wp-content\/litespeed\/avatar\/88ca4090d9d5ab1c9495f6ca03b68efa.jpg?ver=1777058957","caption":"\u00c9der"}}]}},"jetpack_featured_media_url":"https:\/\/vanderloubet.com.br\/deputado\/wp-content\/uploads\/2025\/09\/foto-2025-09-05-gas-do-povo.jpg","jetpack_sharing_enabled":true,"_links":{"self":[{"href":"https:\/\/vanderloubet.com.br\/deputado\/wp-json\/wp\/v2\/posts\/20554","targetHints":{"allow":["GET"]}}],"collection":[{"href":"https:\/\/vanderloubet.com.br\/deputado\/wp-json\/wp\/v2\/posts"}],"about":[{"href":"https:\/\/vanderloubet.com.br\/deputado\/wp-json\/wp\/v2\/types\/post"}],"author":[{"embeddable":true,"href":"https:\/\/vanderloubet.com.br\/deputado\/wp-json\/wp\/v2\/users\/2"}],"replies":[{"embeddable":true,"href":"https:\/\/vanderloubet.com.br\/deputado\/wp-json\/wp\/v2\/comments?post=20554"}],"version-history":[{"count":2,"href":"https:\/\/vanderloubet.com.br\/deputado\/wp-json\/wp\/v2\/posts\/20554\/revisions"}],"predecessor-version":[{"id":20558,"href":"https:\/\/vanderloubet.com.br\/deputado\/wp-json\/wp\/v2\/posts\/20554\/revisions\/20558"}],"wp:featuredmedia":[{"embeddable":true,"href":"https:\/\/vanderloubet.com.br\/deputado\/wp-json\/wp\/v2\/media\/20555"}],"wp:attachment":[{"href":"https:\/\/vanderloubet.com.br\/deputado\/wp-json\/wp\/v2\/media?parent=20554"}],"wp:term":[{"taxonomy":"category","embeddable":true,"href":"https:\/\/vanderloubet.com.br\/deputado\/wp-json\/wp\/v2\/categories?post=20554"},{"taxonomy":"post_tag","embeddable":true,"href":"https:\/\/vanderloubet.com.br\/deputado\/wp-json\/wp\/v2\/tags?post=20554"}],"curies":[{"name":"wp","href":"https:\/\/api.w.org\/{rel}","templated":true}]}}