{"id":20490,"date":"2025-08-21T12:10:38","date_gmt":"2025-08-21T16:10:38","guid":{"rendered":"https:\/\/vanderloubet.com.br\/deputado\/?p=20490"},"modified":"2025-08-21T12:10:59","modified_gmt":"2025-08-21T16:10:59","slug":"vander-anuncia-visita-do-ministro-camilo-santana-a-dourados-para-vistorias-e-inauguracoes","status":"publish","type":"post","link":"https:\/\/vanderloubet.com.br\/deputado\/vander-anuncia-visita-do-ministro-camilo-santana-a-dourados-para-vistorias-e-inauguracoes\/","title":{"rendered":"Vander anuncia visita do ministro Camilo Santana\u00a0\u00e0\u00a0Dourados para vistorias e inaugura\u00e7\u00f5es"},"content":{"rendered":"<p>O deputado federal Vander Loubet (PT-MS) informou nesta quinta-feira (21) que o ministro da Educa\u00e7\u00e3o, Camilo Santana, deve visitar Dourados no dia 2 de setembro para uma agenda que inclui a vistoria e inaugura\u00e7\u00e3o de obras na Universidade Federal da Grande Dourados (UFGD).<\/p>\n<p>A visita de Santana foi acertada durante reuni\u00e3o do parlamentar com o secret\u00e1rio-executivo do MEC, Leonardo Barchini, na quarta-feira. &#8220;A equipe do MEC j\u00e1 colocou esse compromisso na pr\u00e9-agenda do ministro Camilo, que tem prestigiado bastante o Mato Grosso do Sul&#8221;, destacou Vander.<\/p>\n<p>De acordo com a programa\u00e7\u00e3o acertada, \u00e0s 14h30 o ministro visitar\u00e1 o Hospital Universit\u00e1rio (HU-UFGD), um dos principais pilares da sa\u00fade p\u00fablica e da forma\u00e7\u00e3o superior na regi\u00e3o sul do estado, cuja atua\u00e7\u00e3o est\u00e1 diretamente alinhada aos compromissos do Governo Federal com a equidade, o fortalecimento do Sistema \u00danico de Sa\u00fade (SUS) e a valoriza\u00e7\u00e3o da educa\u00e7\u00e3o p\u00fablica.<\/p>\n<p>&#8220;O HU da UFGD tem sido contemplado com recursos significativos do governo do presidente Lula. Foram R$ 28 milh\u00f5es pelo Novo PAC para a constru\u00e7\u00e3o da Unidade da Mulher e da Crian\u00e7a &#8211; UMC, R$ 18 milh\u00f5es para reformas das cl\u00ednicas e outros R$ 2 milh\u00f5es para aquisi\u00e7\u00e3o de equipamentos m\u00e9dico-hospitalares&#8221;, pontua o deputado, lembrando que, do or\u00e7amento anual do Hospital, R$ 69 milh\u00f5es s\u00e3o provenientes diretamente do SUS, evidenciando o compromisso federal com a manuten\u00e7\u00e3o e expans\u00e3o da estrutura hospitalar da Grande Dourados.<\/p>\n<p>Durante a visita ao HU-UFGD, o ministro Camilo Santana assinar\u00e1 a ordem de servi\u00e7o para as reformas das cl\u00ednicas e a autoriza\u00e7\u00e3o para funcionamento do Programa de Resid\u00eancia Multiprofissional em Aten\u00e7\u00e3o \u00e0 Sa\u00fade Ind\u00edgena.<\/p>\n<p>&#8220;A constru\u00e7\u00e3o da UMC representa um avan\u00e7o concreto na aten\u00e7\u00e3o \u00e0 sa\u00fade da mulher e da crian\u00e7a da regi\u00e3o, ampliando a capacidade de atendimento e qualificando os servi\u00e7os prestados. Isso, somado \u00e0 reforma das cl\u00ednicas e ao programa de resid\u00eancia, consolida o papel do Hospital como uma refer\u00eancia em cuidado especializado e forma\u00e7\u00e3o de profissionais comprometidos com a diversidade e os direitos sociais&#8221;, explica o deputado Vander Loubet.<\/p>\n<figure id=\"attachment_20491\" aria-describedby=\"caption-attachment-20491\" style=\"width: 696px\" class=\"wp-caption aligncenter\"><img decoding=\"async\" class=\"wp-image-20491 size-large\" src=\"https:\/\/vanderloubet.com.br\/deputado\/wp-content\/uploads\/2025\/08\/foto-2025-08-21-ministro-educacao-cgr-nov2024-700x467.jpg\" alt=\"Santana esteve em Campo Grande em novembro de 2024 para entrega de \u00f4nibus escolares\" width=\"696\" height=\"464\" srcset=\"https:\/\/vanderloubet.com.br\/deputado\/wp-content\/uploads\/2025\/08\/foto-2025-08-21-ministro-educacao-cgr-nov2024-700x467.jpg 700w, https:\/\/vanderloubet.com.br\/deputado\/wp-content\/uploads\/2025\/08\/foto-2025-08-21-ministro-educacao-cgr-nov2024-350x233.jpg 350w, https:\/\/vanderloubet.com.br\/deputado\/wp-content\/uploads\/2025\/08\/foto-2025-08-21-ministro-educacao-cgr-nov2024-768x512.jpg 768w, https:\/\/vanderloubet.com.br\/deputado\/wp-content\/uploads\/2025\/08\/foto-2025-08-21-ministro-educacao-cgr-nov2024-630x420.jpg 630w, https:\/\/vanderloubet.com.br\/deputado\/wp-content\/uploads\/2025\/08\/foto-2025-08-21-ministro-educacao-cgr-nov2024-696x464.jpg 696w, https:\/\/vanderloubet.com.br\/deputado\/wp-content\/uploads\/2025\/08\/foto-2025-08-21-ministro-educacao-cgr-nov2024.jpg 960w\" sizes=\"(max-width: 696px) 100vw, 696px\" \/><figcaption id=\"caption-attachment-20491\" class=\"wp-caption-text\">Santana esteve em Campo Grande em novembro de 2024 para entrega de \u00f4nibus escolares<\/figcaption><\/figure>\n<p><strong>Celebra\u00e7\u00e3o e novos espa\u00e7os<\/strong><\/p>\n<p>A programa\u00e7\u00e3o da visita do ministro Camilo Santana inclui tamb\u00e9m, \u00e0s 15h30, a inaugura\u00e7\u00e3o do novo pr\u00e9dio da Reitoria da UFGD, sendo um dos atos que comp\u00f5em a celebra\u00e7\u00e3o dos 20 anos da Universidade, criada no primeiro governo do presidente Lula.<\/p>\n<p>Tamb\u00e9m est\u00e1 previsto um ato simb\u00f3lico por parte da Superintend\u00eancia de Patrim\u00f4nio da Uni\u00e3o (SPU), que por meio da iniciativa &#8220;Pacot\u00e3o da Educa\u00e7\u00e3o&#8221; &#8211; desenvolvida no \u00e2mbito do Programa Im\u00f3vel da Gente &#8211; est\u00e1 destinando diversos im\u00f3veis da Uni\u00e3o para institui\u00e7\u00f5es de ensino. No caso da UFGD, a iniciativa prev\u00ea o repasse de uma \u00e1rea avaliada em R$ 890 mil para que a Universidade construa um espa\u00e7o para o desenvolvimento de atividades de ensino, pesquisa e extens\u00e3o.<\/p>\n<p>&#8220;A inaugura\u00e7\u00e3o desse novo pr\u00e9dio da Reitoria ser\u00e1 um marco hist\u00f3rico para a UFGD. A obra ficou paralisada por mais de uma d\u00e9cada e s\u00f3 foi retomada agora com o terceiro governo do Lula &#8211; justamente o presidente que criou a Universidade. Junto com essa parceria com a SPU, vejo a retomada de um projeto estrat\u00e9gico para a consolida\u00e7\u00e3o da UFGD como institui\u00e7\u00e3o de excel\u00eancia no Mato Grosso do Sul e no Brasil&#8221;, conclui Vander.<\/p>\n<pre><em>Texto: \u00c9der F. Yanaguita e Rosa Dantas<\/em>\r\n<em>Fotos: Lu\u00eds Fortes\/MEC<\/em><\/pre>\n","protected":false},"excerpt":{"rendered":"<p>Programa\u00e7\u00e3o incluir\u00e1 visita a obras no Hospital Universit\u00e1rio (HU-UFGD) e inaugura\u00e7\u00e3o do novo pr\u00e9dio da Reitoria da UFGD.<\/p>\n","protected":false},"author":2,"featured_media":20492,"comment_status":"closed","ping_status":"closed","sticky":false,"template":"","format":"standard","meta":{"jetpack_post_was_ever_published":false,"_jetpack_newsletter_access":"","_jetpack_dont_email_post_to_subs":false,"_jetpack_newsletter_tier_id":0,"_jetpack_memberships_contains_paywalled_content":false,"_jetpack_memberships_contains_paid_content":false,"footnotes":""},"categories":[2097,10],"tags":[672,697,2525,1803],"class_list":{"0":"post-20490","1":"post","2":"type-post","3":"status-publish","4":"format-standard","5":"has-post-thumbnail","7":"category-municipios-noticias","8":"category-noticias","9":"tag-dourados","10":"tag-educacao","11":"tag-governo-federal","12":"tag-saude"},"yoast_head":"<!-- This site is optimized with the Yoast SEO plugin v27.4 - https:\/\/yoast.com\/product\/yoast-seo-wordpress\/ -->\n<title>Vander anuncia visita do ministro Camilo Santana\u00a0\u00e0\u00a0Dourados para vistorias e inaugura\u00e7\u00f5es<\/title>\n<meta name=\"description\" content=\"Programa\u00e7\u00e3o incluir\u00e1 visita a obras no Hospital Universit\u00e1rio (HU-UFGD) e inaugura\u00e7\u00e3o do novo pr\u00e9dio da Reitoria da UFGD.\" \/>\n<meta name=\"robots\" content=\"index, follow, max-snippet:-1, max-image-preview:large, max-video-preview:-1\" \/>\n<link rel=\"canonical\" href=\"https:\/\/vanderloubet.com.br\/deputado\/vander-anuncia-visita-do-ministro-camilo-santana-a-dourados-para-vistorias-e-inauguracoes\/\" \/>\n<meta property=\"og:locale\" content=\"pt_BR\" \/>\n<meta property=\"og:type\" content=\"article\" \/>\n<meta property=\"og:title\" content=\"Vander anuncia visita do ministro Camilo Santana\u00a0\u00e0\u00a0Dourados para vistorias e inaugura\u00e7\u00f5es\" \/>\n<meta property=\"og:description\" content=\"Programa\u00e7\u00e3o incluir\u00e1 visita a obras no Hospital Universit\u00e1rio (HU-UFGD) e inaugura\u00e7\u00e3o do novo pr\u00e9dio da Reitoria da UFGD.\" \/>\n<meta property=\"og:url\" content=\"https:\/\/vanderloubet.com.br\/deputado\/vander-anuncia-visita-do-ministro-camilo-santana-a-dourados-para-vistorias-e-inauguracoes\/\" \/>\n<meta property=\"og:site_name\" content=\"Deputado Federal Vander Loubet\" \/>\n<meta property=\"article:publisher\" content=\"https:\/\/facebook.com\/deputadovander\" \/>\n<meta property=\"article:published_time\" content=\"2025-08-21T16:10:38+00:00\" \/>\n<meta property=\"article:modified_time\" content=\"2025-08-21T16:10:59+00:00\" \/>\n<meta property=\"og:image\" content=\"https:\/\/vanderloubet.com.br\/deputado\/wp-content\/uploads\/2025\/08\/foto-2025-08-20-reuniao-mec-bsb.jpg\" \/>\n\t<meta property=\"og:image:width\" content=\"960\" \/>\n\t<meta property=\"og:image:height\" content=\"640\" \/>\n\t<meta property=\"og:image:type\" content=\"image\/jpeg\" \/>\n<meta name=\"author\" content=\"\u00c9der\" \/>\n<meta name=\"twitter:card\" content=\"summary_large_image\" \/>\n<meta name=\"twitter:creator\" content=\"@vanderloubet\" \/>\n<meta name=\"twitter:site\" content=\"@vanderloubet\" \/>\n<script type=\"application\/ld+json\" class=\"yoast-schema-graph\">{\"@context\":\"https:\\\/\\\/schema.org\",\"@graph\":[{\"@type\":\"Article\",\"@id\":\"https:\\\/\\\/vanderloubet.com.br\\\/deputado\\\/vander-anuncia-visita-do-ministro-camilo-santana-a-dourados-para-vistorias-e-inauguracoes\\\/#article\",\"isPartOf\":{\"@id\":\"https:\\\/\\\/vanderloubet.com.br\\\/deputado\\\/vander-anuncia-visita-do-ministro-camilo-santana-a-dourados-para-vistorias-e-inauguracoes\\\/\"},\"author\":{\"name\":\"\u00c9der\",\"@id\":\"https:\\\/\\\/vanderloubet.com.br\\\/deputado\\\/#\\\/schema\\\/person\\\/15b51bd564532a8a68d9dec1b8eb890e\"},\"headline\":\"Vander anuncia visita do ministro Camilo Santana\u00a0\u00e0\u00a0Dourados para vistorias e inaugura\u00e7\u00f5es\",\"datePublished\":\"2025-08-21T16:10:38+00:00\",\"dateModified\":\"2025-08-21T16:10:59+00:00\",\"mainEntityOfPage\":{\"@id\":\"https:\\\/\\\/vanderloubet.com.br\\\/deputado\\\/vander-anuncia-visita-do-ministro-camilo-santana-a-dourados-para-vistorias-e-inauguracoes\\\/\"},\"wordCount\":625,\"publisher\":{\"@id\":\"https:\\\/\\\/vanderloubet.com.br\\\/deputado\\\/#organization\"},\"image\":{\"@id\":\"https:\\\/\\\/vanderloubet.com.br\\\/deputado\\\/vander-anuncia-visita-do-ministro-camilo-santana-a-dourados-para-vistorias-e-inauguracoes\\\/#primaryimage\"},\"thumbnailUrl\":\"https:\\\/\\\/vanderloubet.com.br\\\/deputado\\\/wp-content\\\/uploads\\\/2025\\\/08\\\/foto-2025-08-20-reuniao-mec-bsb.jpg\",\"keywords\":[\"dourados\",\"educa\u00e7\u00e3o\",\"governo federal\",\"sa\u00fade\"],\"articleSection\":[\"Munic\u00edpios\",\"Not\u00edcias\"],\"inLanguage\":\"pt-BR\"},{\"@type\":\"WebPage\",\"@id\":\"https:\\\/\\\/vanderloubet.com.br\\\/deputado\\\/vander-anuncia-visita-do-ministro-camilo-santana-a-dourados-para-vistorias-e-inauguracoes\\\/\",\"url\":\"https:\\\/\\\/vanderloubet.com.br\\\/deputado\\\/vander-anuncia-visita-do-ministro-camilo-santana-a-dourados-para-vistorias-e-inauguracoes\\\/\",\"name\":\"Vander anuncia visita do ministro Camilo Santana\u00a0\u00e0\u00a0Dourados para vistorias e inaugura\u00e7\u00f5es\",\"isPartOf\":{\"@id\":\"https:\\\/\\\/vanderloubet.com.br\\\/deputado\\\/#website\"},\"primaryImageOfPage\":{\"@id\":\"https:\\\/\\\/vanderloubet.com.br\\\/deputado\\\/vander-anuncia-visita-do-ministro-camilo-santana-a-dourados-para-vistorias-e-inauguracoes\\\/#primaryimage\"},\"image\":{\"@id\":\"https:\\\/\\\/vanderloubet.com.br\\\/deputado\\\/vander-anuncia-visita-do-ministro-camilo-santana-a-dourados-para-vistorias-e-inauguracoes\\\/#primaryimage\"},\"thumbnailUrl\":\"https:\\\/\\\/vanderloubet.com.br\\\/deputado\\\/wp-content\\\/uploads\\\/2025\\\/08\\\/foto-2025-08-20-reuniao-mec-bsb.jpg\",\"datePublished\":\"2025-08-21T16:10:38+00:00\",\"dateModified\":\"2025-08-21T16:10:59+00:00\",\"description\":\"Programa\u00e7\u00e3o incluir\u00e1 visita a obras no Hospital Universit\u00e1rio (HU-UFGD) e inaugura\u00e7\u00e3o do novo pr\u00e9dio da Reitoria da UFGD.\",\"breadcrumb\":{\"@id\":\"https:\\\/\\\/vanderloubet.com.br\\\/deputado\\\/vander-anuncia-visita-do-ministro-camilo-santana-a-dourados-para-vistorias-e-inauguracoes\\\/#breadcrumb\"},\"inLanguage\":\"pt-BR\",\"potentialAction\":[{\"@type\":\"ReadAction\",\"target\":[\"https:\\\/\\\/vanderloubet.com.br\\\/deputado\\\/vander-anuncia-visita-do-ministro-camilo-santana-a-dourados-para-vistorias-e-inauguracoes\\\/\"]}]},{\"@type\":\"ImageObject\",\"inLanguage\":\"pt-BR\",\"@id\":\"https:\\\/\\\/vanderloubet.com.br\\\/deputado\\\/vander-anuncia-visita-do-ministro-camilo-santana-a-dourados-para-vistorias-e-inauguracoes\\\/#primaryimage\",\"url\":\"https:\\\/\\\/vanderloubet.com.br\\\/deputado\\\/wp-content\\\/uploads\\\/2025\\\/08\\\/foto-2025-08-20-reuniao-mec-bsb.jpg\",\"contentUrl\":\"https:\\\/\\\/vanderloubet.com.br\\\/deputado\\\/wp-content\\\/uploads\\\/2025\\\/08\\\/foto-2025-08-20-reuniao-mec-bsb.jpg\",\"width\":960,\"height\":640,\"caption\":\"Vander anuncia visita do ministro Camilo Santana\u00a0\u00e0\u00a0Dourados para vistorias e inaugura\u00e7\u00f5es\"},{\"@type\":\"BreadcrumbList\",\"@id\":\"https:\\\/\\\/vanderloubet.com.br\\\/deputado\\\/vander-anuncia-visita-do-ministro-camilo-santana-a-dourados-para-vistorias-e-inauguracoes\\\/#breadcrumb\",\"itemListElement\":[{\"@type\":\"ListItem\",\"position\":1,\"name\":\"In\u00edcio\",\"item\":\"https:\\\/\\\/vanderloubet.com.br\\\/deputado\\\/\"},{\"@type\":\"ListItem\",\"position\":2,\"name\":\"Vander anuncia visita do ministro Camilo Santana\u00a0\u00e0\u00a0Dourados para vistorias e inaugura\u00e7\u00f5es\"}]},{\"@type\":\"WebSite\",\"@id\":\"https:\\\/\\\/vanderloubet.com.br\\\/deputado\\\/#website\",\"url\":\"https:\\\/\\\/vanderloubet.com.br\\\/deputado\\\/\",\"name\":\"Deputado Federal Vander Loubet\",\"description\":\"O Federal de MS\",\"publisher\":{\"@id\":\"https:\\\/\\\/vanderloubet.com.br\\\/deputado\\\/#organization\"},\"alternateName\":\"Deputado Vander\",\"potentialAction\":[{\"@type\":\"SearchAction\",\"target\":{\"@type\":\"EntryPoint\",\"urlTemplate\":\"https:\\\/\\\/vanderloubet.com.br\\\/deputado\\\/?s={search_term_string}\"},\"query-input\":{\"@type\":\"PropertyValueSpecification\",\"valueRequired\":true,\"valueName\":\"search_term_string\"}}],\"inLanguage\":\"pt-BR\"},{\"@type\":\"Organization\",\"@id\":\"https:\\\/\\\/vanderloubet.com.br\\\/deputado\\\/#organization\",\"name\":\"Deputado Federal Vander Loubet\",\"alternateName\":\"Deputado Vander\",\"url\":\"https:\\\/\\\/vanderloubet.com.br\\\/deputado\\\/\",\"logo\":{\"@type\":\"ImageObject\",\"inLanguage\":\"pt-BR\",\"@id\":\"https:\\\/\\\/vanderloubet.com.br\\\/deputado\\\/#\\\/schema\\\/logo\\\/image\\\/\",\"url\":\"https:\\\/\\\/vanderloubet.com.br\\\/deputado\\\/wp-content\\\/uploads\\\/2023\\\/06\\\/foto-2023-06-19-mandato-deputado-vander.jpg\",\"contentUrl\":\"https:\\\/\\\/vanderloubet.com.br\\\/deputado\\\/wp-content\\\/uploads\\\/2023\\\/06\\\/foto-2023-06-19-mandato-deputado-vander.jpg\",\"width\":1080,\"height\":1080,\"caption\":\"Deputado Federal Vander Loubet\"},\"image\":{\"@id\":\"https:\\\/\\\/vanderloubet.com.br\\\/deputado\\\/#\\\/schema\\\/logo\\\/image\\\/\"},\"sameAs\":[\"https:\\\/\\\/facebook.com\\\/deputadovander\",\"https:\\\/\\\/x.com\\\/vanderloubet\",\"https:\\\/\\\/instagram.com\\\/vanderloubet\",\"https:\\\/\\\/youtube.com\\\/vanderloubet\",\"https:\\\/\\\/tiktok.com\\\/@vanderloubetms\"]},{\"@type\":\"Person\",\"@id\":\"https:\\\/\\\/vanderloubet.com.br\\\/deputado\\\/#\\\/schema\\\/person\\\/15b51bd564532a8a68d9dec1b8eb890e\",\"name\":\"\u00c9der\",\"image\":{\"@type\":\"ImageObject\",\"inLanguage\":\"pt-BR\",\"@id\":\"https:\\\/\\\/vanderloubet.com.br\\\/deputado\\\/wp-content\\\/litespeed\\\/avatar\\\/88ca4090d9d5ab1c9495f6ca03b68efa.jpg?ver=1777058957\",\"url\":\"https:\\\/\\\/vanderloubet.com.br\\\/deputado\\\/wp-content\\\/litespeed\\\/avatar\\\/88ca4090d9d5ab1c9495f6ca03b68efa.jpg?ver=1777058957\",\"contentUrl\":\"https:\\\/\\\/vanderloubet.com.br\\\/deputado\\\/wp-content\\\/litespeed\\\/avatar\\\/88ca4090d9d5ab1c9495f6ca03b68efa.jpg?ver=1777058957\",\"caption\":\"\u00c9der\"}}]}<\/script>\n<!-- \/ Yoast SEO plugin. -->","yoast_head_json":{"title":"Vander anuncia visita do ministro Camilo Santana\u00a0\u00e0\u00a0Dourados para vistorias e inaugura\u00e7\u00f5es","description":"Programa\u00e7\u00e3o incluir\u00e1 visita a obras no Hospital Universit\u00e1rio (HU-UFGD) e inaugura\u00e7\u00e3o do novo pr\u00e9dio da Reitoria da UFGD.","robots":{"index":"index","follow":"follow","max-snippet":"max-snippet:-1","max-image-preview":"max-image-preview:large","max-video-preview":"max-video-preview:-1"},"canonical":"https:\/\/vanderloubet.com.br\/deputado\/vander-anuncia-visita-do-ministro-camilo-santana-a-dourados-para-vistorias-e-inauguracoes\/","og_locale":"pt_BR","og_type":"article","og_title":"Vander anuncia visita do ministro Camilo Santana\u00a0\u00e0\u00a0Dourados para vistorias e inaugura\u00e7\u00f5es","og_description":"Programa\u00e7\u00e3o incluir\u00e1 visita a obras no Hospital Universit\u00e1rio (HU-UFGD) e inaugura\u00e7\u00e3o do novo pr\u00e9dio da Reitoria da UFGD.","og_url":"https:\/\/vanderloubet.com.br\/deputado\/vander-anuncia-visita-do-ministro-camilo-santana-a-dourados-para-vistorias-e-inauguracoes\/","og_site_name":"Deputado Federal Vander Loubet","article_publisher":"https:\/\/facebook.com\/deputadovander","article_published_time":"2025-08-21T16:10:38+00:00","article_modified_time":"2025-08-21T16:10:59+00:00","og_image":[{"width":960,"height":640,"url":"https:\/\/vanderloubet.com.br\/deputado\/wp-content\/uploads\/2025\/08\/foto-2025-08-20-reuniao-mec-bsb.jpg","type":"image\/jpeg"}],"author":"\u00c9der","twitter_card":"summary_large_image","twitter_creator":"@vanderloubet","twitter_site":"@vanderloubet","schema":{"@context":"https:\/\/schema.org","@graph":[{"@type":"Article","@id":"https:\/\/vanderloubet.com.br\/deputado\/vander-anuncia-visita-do-ministro-camilo-santana-a-dourados-para-vistorias-e-inauguracoes\/#article","isPartOf":{"@id":"https:\/\/vanderloubet.com.br\/deputado\/vander-anuncia-visita-do-ministro-camilo-santana-a-dourados-para-vistorias-e-inauguracoes\/"},"author":{"name":"\u00c9der","@id":"https:\/\/vanderloubet.com.br\/deputado\/#\/schema\/person\/15b51bd564532a8a68d9dec1b8eb890e"},"headline":"Vander anuncia visita do ministro Camilo Santana\u00a0\u00e0\u00a0Dourados para vistorias e inaugura\u00e7\u00f5es","datePublished":"2025-08-21T16:10:38+00:00","dateModified":"2025-08-21T16:10:59+00:00","mainEntityOfPage":{"@id":"https:\/\/vanderloubet.com.br\/deputado\/vander-anuncia-visita-do-ministro-camilo-santana-a-dourados-para-vistorias-e-inauguracoes\/"},"wordCount":625,"publisher":{"@id":"https:\/\/vanderloubet.com.br\/deputado\/#organization"},"image":{"@id":"https:\/\/vanderloubet.com.br\/deputado\/vander-anuncia-visita-do-ministro-camilo-santana-a-dourados-para-vistorias-e-inauguracoes\/#primaryimage"},"thumbnailUrl":"https:\/\/vanderloubet.com.br\/deputado\/wp-content\/uploads\/2025\/08\/foto-2025-08-20-reuniao-mec-bsb.jpg","keywords":["dourados","educa\u00e7\u00e3o","governo federal","sa\u00fade"],"articleSection":["Munic\u00edpios","Not\u00edcias"],"inLanguage":"pt-BR"},{"@type":"WebPage","@id":"https:\/\/vanderloubet.com.br\/deputado\/vander-anuncia-visita-do-ministro-camilo-santana-a-dourados-para-vistorias-e-inauguracoes\/","url":"https:\/\/vanderloubet.com.br\/deputado\/vander-anuncia-visita-do-ministro-camilo-santana-a-dourados-para-vistorias-e-inauguracoes\/","name":"Vander anuncia visita do ministro Camilo Santana\u00a0\u00e0\u00a0Dourados para vistorias e inaugura\u00e7\u00f5es","isPartOf":{"@id":"https:\/\/vanderloubet.com.br\/deputado\/#website"},"primaryImageOfPage":{"@id":"https:\/\/vanderloubet.com.br\/deputado\/vander-anuncia-visita-do-ministro-camilo-santana-a-dourados-para-vistorias-e-inauguracoes\/#primaryimage"},"image":{"@id":"https:\/\/vanderloubet.com.br\/deputado\/vander-anuncia-visita-do-ministro-camilo-santana-a-dourados-para-vistorias-e-inauguracoes\/#primaryimage"},"thumbnailUrl":"https:\/\/vanderloubet.com.br\/deputado\/wp-content\/uploads\/2025\/08\/foto-2025-08-20-reuniao-mec-bsb.jpg","datePublished":"2025-08-21T16:10:38+00:00","dateModified":"2025-08-21T16:10:59+00:00","description":"Programa\u00e7\u00e3o incluir\u00e1 visita a obras no Hospital Universit\u00e1rio (HU-UFGD) e inaugura\u00e7\u00e3o do novo pr\u00e9dio da Reitoria da UFGD.","breadcrumb":{"@id":"https:\/\/vanderloubet.com.br\/deputado\/vander-anuncia-visita-do-ministro-camilo-santana-a-dourados-para-vistorias-e-inauguracoes\/#breadcrumb"},"inLanguage":"pt-BR","potentialAction":[{"@type":"ReadAction","target":["https:\/\/vanderloubet.com.br\/deputado\/vander-anuncia-visita-do-ministro-camilo-santana-a-dourados-para-vistorias-e-inauguracoes\/"]}]},{"@type":"ImageObject","inLanguage":"pt-BR","@id":"https:\/\/vanderloubet.com.br\/deputado\/vander-anuncia-visita-do-ministro-camilo-santana-a-dourados-para-vistorias-e-inauguracoes\/#primaryimage","url":"https:\/\/vanderloubet.com.br\/deputado\/wp-content\/uploads\/2025\/08\/foto-2025-08-20-reuniao-mec-bsb.jpg","contentUrl":"https:\/\/vanderloubet.com.br\/deputado\/wp-content\/uploads\/2025\/08\/foto-2025-08-20-reuniao-mec-bsb.jpg","width":960,"height":640,"caption":"Vander anuncia visita do ministro Camilo Santana\u00a0\u00e0\u00a0Dourados para vistorias e inaugura\u00e7\u00f5es"},{"@type":"BreadcrumbList","@id":"https:\/\/vanderloubet.com.br\/deputado\/vander-anuncia-visita-do-ministro-camilo-santana-a-dourados-para-vistorias-e-inauguracoes\/#breadcrumb","itemListElement":[{"@type":"ListItem","position":1,"name":"In\u00edcio","item":"https:\/\/vanderloubet.com.br\/deputado\/"},{"@type":"ListItem","position":2,"name":"Vander anuncia visita do ministro Camilo Santana\u00a0\u00e0\u00a0Dourados para vistorias e inaugura\u00e7\u00f5es"}]},{"@type":"WebSite","@id":"https:\/\/vanderloubet.com.br\/deputado\/#website","url":"https:\/\/vanderloubet.com.br\/deputado\/","name":"Deputado Federal Vander Loubet","description":"O Federal de MS","publisher":{"@id":"https:\/\/vanderloubet.com.br\/deputado\/#organization"},"alternateName":"Deputado Vander","potentialAction":[{"@type":"SearchAction","target":{"@type":"EntryPoint","urlTemplate":"https:\/\/vanderloubet.com.br\/deputado\/?s={search_term_string}"},"query-input":{"@type":"PropertyValueSpecification","valueRequired":true,"valueName":"search_term_string"}}],"inLanguage":"pt-BR"},{"@type":"Organization","@id":"https:\/\/vanderloubet.com.br\/deputado\/#organization","name":"Deputado Federal Vander Loubet","alternateName":"Deputado Vander","url":"https:\/\/vanderloubet.com.br\/deputado\/","logo":{"@type":"ImageObject","inLanguage":"pt-BR","@id":"https:\/\/vanderloubet.com.br\/deputado\/#\/schema\/logo\/image\/","url":"https:\/\/vanderloubet.com.br\/deputado\/wp-content\/uploads\/2023\/06\/foto-2023-06-19-mandato-deputado-vander.jpg","contentUrl":"https:\/\/vanderloubet.com.br\/deputado\/wp-content\/uploads\/2023\/06\/foto-2023-06-19-mandato-deputado-vander.jpg","width":1080,"height":1080,"caption":"Deputado Federal Vander Loubet"},"image":{"@id":"https:\/\/vanderloubet.com.br\/deputado\/#\/schema\/logo\/image\/"},"sameAs":["https:\/\/facebook.com\/deputadovander","https:\/\/x.com\/vanderloubet","https:\/\/instagram.com\/vanderloubet","https:\/\/youtube.com\/vanderloubet","https:\/\/tiktok.com\/@vanderloubetms"]},{"@type":"Person","@id":"https:\/\/vanderloubet.com.br\/deputado\/#\/schema\/person\/15b51bd564532a8a68d9dec1b8eb890e","name":"\u00c9der","image":{"@type":"ImageObject","inLanguage":"pt-BR","@id":"https:\/\/vanderloubet.com.br\/deputado\/wp-content\/litespeed\/avatar\/88ca4090d9d5ab1c9495f6ca03b68efa.jpg?ver=1777058957","url":"https:\/\/vanderloubet.com.br\/deputado\/wp-content\/litespeed\/avatar\/88ca4090d9d5ab1c9495f6ca03b68efa.jpg?ver=1777058957","contentUrl":"https:\/\/vanderloubet.com.br\/deputado\/wp-content\/litespeed\/avatar\/88ca4090d9d5ab1c9495f6ca03b68efa.jpg?ver=1777058957","caption":"\u00c9der"}}]}},"jetpack_featured_media_url":"https:\/\/vanderloubet.com.br\/deputado\/wp-content\/uploads\/2025\/08\/foto-2025-08-20-reuniao-mec-bsb.jpg","jetpack_sharing_enabled":true,"_links":{"self":[{"href":"https:\/\/vanderloubet.com.br\/deputado\/wp-json\/wp\/v2\/posts\/20490","targetHints":{"allow":["GET"]}}],"collection":[{"href":"https:\/\/vanderloubet.com.br\/deputado\/wp-json\/wp\/v2\/posts"}],"about":[{"href":"https:\/\/vanderloubet.com.br\/deputado\/wp-json\/wp\/v2\/types\/post"}],"author":[{"embeddable":true,"href":"https:\/\/vanderloubet.com.br\/deputado\/wp-json\/wp\/v2\/users\/2"}],"replies":[{"embeddable":true,"href":"https:\/\/vanderloubet.com.br\/deputado\/wp-json\/wp\/v2\/comments?post=20490"}],"version-history":[{"count":2,"href":"https:\/\/vanderloubet.com.br\/deputado\/wp-json\/wp\/v2\/posts\/20490\/revisions"}],"predecessor-version":[{"id":20494,"href":"https:\/\/vanderloubet.com.br\/deputado\/wp-json\/wp\/v2\/posts\/20490\/revisions\/20494"}],"wp:featuredmedia":[{"embeddable":true,"href":"https:\/\/vanderloubet.com.br\/deputado\/wp-json\/wp\/v2\/media\/20492"}],"wp:attachment":[{"href":"https:\/\/vanderloubet.com.br\/deputado\/wp-json\/wp\/v2\/media?parent=20490"}],"wp:term":[{"taxonomy":"category","embeddable":true,"href":"https:\/\/vanderloubet.com.br\/deputado\/wp-json\/wp\/v2\/categories?post=20490"},{"taxonomy":"post_tag","embeddable":true,"href":"https:\/\/vanderloubet.com.br\/deputado\/wp-json\/wp\/v2\/tags?post=20490"}],"curies":[{"name":"wp","href":"https:\/\/api.w.org\/{rel}","templated":true}]}}