{"id":20487,"date":"2025-08-19T07:00:37","date_gmt":"2025-08-19T11:00:37","guid":{"rendered":"https:\/\/vanderloubet.com.br\/deputado\/?p=20487"},"modified":"2025-08-20T16:52:45","modified_gmt":"2025-08-20T20:52:45","slug":"ceu-do-lageado-parque-do-sol-em-campo-grande-e-concluido-gracas-ao-novo-pac","status":"publish","type":"post","link":"https:\/\/vanderloubet.com.br\/deputado\/ceu-do-lageado-parque-do-sol-em-campo-grande-e-concluido-gracas-ao-novo-pac\/","title":{"rendered":"CEU do Lageado\/Parque do Sol em Campo Grande \u00e9 conclu\u00eddo gra\u00e7as ao Novo PAC"},"content":{"rendered":"<p>A ministra da Cultura, Margareth Menezes, vem a Campo Grande nesta ter\u00e7a-feira (19), a partir das 14 horas, para inaugurar o Centro de Artes e Esportes Unificados (CEU) do Bairro Parque do Sol\/Lageado, na sa\u00edda para Sidrol\u00e2ndia. A obra havia sido abandonada pelos governos de Michel Temer e Jair Bolsonaro e foi conclu\u00edda gra\u00e7as ao Novo PAC (Programa de Acelera\u00e7\u00e3o do Crescimento) do presidente Luiz In\u00e1cio Lula da Silva (PT).<\/p>\n<p>O Governo Federal investiu R$ 4,5 milh\u00f5es no Centro, sendo R$ 2,1 milh\u00f5es destinados no in\u00edcio da constru\u00e7\u00e3o, quando foi lan\u00e7ado em 2013 como Pra\u00e7a da Juventude, no governo da presidenta Dilma Rousseff, e R$ 2,4 milh\u00f5es para a conclus\u00e3o agora no governo do presidente Lula.<\/p>\n<p>A inaugura\u00e7\u00e3o faz parte da programa\u00e7\u00e3o alusiva aos 126 anos de Campo Grande. No entanto, a presen\u00e7a da prefeita Adriane Lopes (PP), que adotou a linha de governar apenas para os bolsonaristas, n\u00e3o estaria confirmada. Eleita para governar para todos, ela tem adotado a estrat\u00e9gia de arrumar outros compromissos para evitar encontros com Lula ou ministros petistas.<\/p>\n<p>O CEU contar\u00e1 com anfiteatro, sala de cinema, espa\u00e7o de conviv\u00eancia com inform\u00e1tica, quadra poliesportiva coberta, quadra de v\u00f4lei de areia, pista de skate, pista de caminhada, playground, academia ao ar livre e vesti\u00e1rios masculino e feminino.<\/p>\n<p>&#8220;Essa obra ficou paralisada por quase 12 anos. A cultura com essa finalidade social ficou abandonada nos governos anteriores. E agora, gra\u00e7as ao nosso trabalho junto ao governo do presidente Lula \u2013 que est\u00e1 trabalhando para concluir todas as obras paradas \u2013 vamos poder inaugurar esse CEU, que vai beneficiar toda essa regi\u00e3o do Parque do Sol e Lageado, onde vivem mais de 30 mil pessoas&#8221;, afirmou o deputado federal Vander Loubet (PT).<\/p>\n<p>A entrega tamb\u00e9m inclui pavimenta\u00e7\u00e3o de cerca de 500 metros no entorno, garantindo melhor acesso para a popula\u00e7\u00e3o e integra\u00e7\u00e3o do espa\u00e7o \u00e0 comunidade.<\/p>\n<p><strong>Assist\u00eancia social<\/strong><\/p>\n<p>No mesmo complexo, a Prefeitura instalou o novo pr\u00e9dio do Centro de Refer\u00eancia de Assist\u00eancia Social (Cras) Rosa Adri, transferido da Rua L\u00facia dos Santos para uma estrutura mais ampla, moderna e acess\u00edvel dentro do CEU. A unidade \u00e9 referenciada para atender at\u00e9 5 mil fam\u00edlias e funciona como porta de entrada do Sistema \u00danico de Assist\u00eancia Social (SUAS) no munic\u00edpio.<\/p>\n<pre><em>Fonte: O Jacar\u00e9 e CG Not\u00edcias\/PMCG<\/em>\r\n<em>Foto: CG Not\u00edcias\/PMCG<\/em><\/pre>\n","protected":false},"excerpt":{"rendered":"<p>Governo Lula investiu R$ 2,4 milh\u00f5es para a conclus\u00e3o do Centro de Artes e Esportes Unificados, que vai beneficiar 30 mil pessoas da regi\u00e3o.<\/p>\n","protected":false},"author":2,"featured_media":20488,"comment_status":"closed","ping_status":"closed","sticky":false,"template":"","format":"standard","meta":{"jetpack_post_was_ever_published":false,"_jetpack_newsletter_access":"","_jetpack_dont_email_post_to_subs":false,"_jetpack_newsletter_tier_id":0,"_jetpack_memberships_contains_paywalled_content":false,"_jetpack_memberships_contains_paid_content":false,"footnotes":""},"categories":[2097,10],"tags":[342,562,2305,2525,2533],"class_list":{"0":"post-20487","1":"post","2":"type-post","3":"status-publish","4":"format-standard","5":"has-post-thumbnail","7":"category-municipios-noticias","8":"category-noticias","9":"tag-campo-grande","10":"tag-cultura","11":"tag-esporte-e-lazer","12":"tag-governo-federal","13":"tag-novo-pac"},"yoast_head":"<!-- This site is optimized with the Yoast SEO plugin v27.4 - https:\/\/yoast.com\/product\/yoast-seo-wordpress\/ -->\n<title>CEU do Lageado\/Parque do Sol em Campo Grande \u00e9 conclu\u00eddo gra\u00e7as ao Novo PAC<\/title>\n<meta name=\"description\" content=\"Governo Lula investiu R$ 2,4 milh\u00f5es para a conclus\u00e3o do Centro de Artes e Esportes Unificados, que vai beneficiar 30 mil pessoas da regi\u00e3o.\" \/>\n<meta name=\"robots\" content=\"index, follow, max-snippet:-1, max-image-preview:large, max-video-preview:-1\" \/>\n<link rel=\"canonical\" href=\"https:\/\/vanderloubet.com.br\/deputado\/ceu-do-lageado-parque-do-sol-em-campo-grande-e-concluido-gracas-ao-novo-pac\/\" \/>\n<meta property=\"og:locale\" content=\"pt_BR\" \/>\n<meta property=\"og:type\" content=\"article\" \/>\n<meta property=\"og:title\" content=\"CEU do Lageado\/Parque do Sol em Campo Grande \u00e9 conclu\u00eddo gra\u00e7as ao Novo PAC\" \/>\n<meta property=\"og:description\" content=\"Governo Lula investiu R$ 2,4 milh\u00f5es para a conclus\u00e3o do Centro de Artes e Esportes Unificados, que vai beneficiar 30 mil pessoas da regi\u00e3o.\" \/>\n<meta property=\"og:url\" content=\"https:\/\/vanderloubet.com.br\/deputado\/ceu-do-lageado-parque-do-sol-em-campo-grande-e-concluido-gracas-ao-novo-pac\/\" \/>\n<meta property=\"og:site_name\" content=\"Deputado Federal Vander Loubet\" \/>\n<meta property=\"article:publisher\" content=\"https:\/\/facebook.com\/deputadovander\" \/>\n<meta property=\"article:published_time\" content=\"2025-08-19T11:00:37+00:00\" \/>\n<meta property=\"article:modified_time\" content=\"2025-08-20T20:52:45+00:00\" \/>\n<meta property=\"og:image\" content=\"https:\/\/vanderloubet.com.br\/deputado\/wp-content\/uploads\/2025\/08\/foto-2025-08-19-ceu-artes-parque-sol-lageado-cgr.jpg\" \/>\n\t<meta property=\"og:image:width\" content=\"960\" \/>\n\t<meta property=\"og:image:height\" content=\"640\" \/>\n\t<meta property=\"og:image:type\" content=\"image\/jpeg\" \/>\n<meta name=\"author\" content=\"\u00c9der\" \/>\n<meta name=\"twitter:card\" content=\"summary_large_image\" \/>\n<meta name=\"twitter:creator\" content=\"@vanderloubet\" \/>\n<meta name=\"twitter:site\" content=\"@vanderloubet\" \/>\n<script type=\"application\/ld+json\" class=\"yoast-schema-graph\">{\"@context\":\"https:\\\/\\\/schema.org\",\"@graph\":[{\"@type\":\"Article\",\"@id\":\"https:\\\/\\\/vanderloubet.com.br\\\/deputado\\\/ceu-do-lageado-parque-do-sol-em-campo-grande-e-concluido-gracas-ao-novo-pac\\\/#article\",\"isPartOf\":{\"@id\":\"https:\\\/\\\/vanderloubet.com.br\\\/deputado\\\/ceu-do-lageado-parque-do-sol-em-campo-grande-e-concluido-gracas-ao-novo-pac\\\/\"},\"author\":{\"name\":\"\u00c9der\",\"@id\":\"https:\\\/\\\/vanderloubet.com.br\\\/deputado\\\/#\\\/schema\\\/person\\\/15b51bd564532a8a68d9dec1b8eb890e\"},\"headline\":\"CEU do Lageado\\\/Parque do Sol em Campo Grande \u00e9 conclu\u00eddo gra\u00e7as ao Novo PAC\",\"datePublished\":\"2025-08-19T11:00:37+00:00\",\"dateModified\":\"2025-08-20T20:52:45+00:00\",\"mainEntityOfPage\":{\"@id\":\"https:\\\/\\\/vanderloubet.com.br\\\/deputado\\\/ceu-do-lageado-parque-do-sol-em-campo-grande-e-concluido-gracas-ao-novo-pac\\\/\"},\"wordCount\":413,\"publisher\":{\"@id\":\"https:\\\/\\\/vanderloubet.com.br\\\/deputado\\\/#organization\"},\"image\":{\"@id\":\"https:\\\/\\\/vanderloubet.com.br\\\/deputado\\\/ceu-do-lageado-parque-do-sol-em-campo-grande-e-concluido-gracas-ao-novo-pac\\\/#primaryimage\"},\"thumbnailUrl\":\"https:\\\/\\\/vanderloubet.com.br\\\/deputado\\\/wp-content\\\/uploads\\\/2025\\\/08\\\/foto-2025-08-19-ceu-artes-parque-sol-lageado-cgr.jpg\",\"keywords\":[\"campo grande\",\"cultura\",\"esporte e lazer\",\"governo federal\",\"novo pac\"],\"articleSection\":[\"Munic\u00edpios\",\"Not\u00edcias\"],\"inLanguage\":\"pt-BR\"},{\"@type\":\"WebPage\",\"@id\":\"https:\\\/\\\/vanderloubet.com.br\\\/deputado\\\/ceu-do-lageado-parque-do-sol-em-campo-grande-e-concluido-gracas-ao-novo-pac\\\/\",\"url\":\"https:\\\/\\\/vanderloubet.com.br\\\/deputado\\\/ceu-do-lageado-parque-do-sol-em-campo-grande-e-concluido-gracas-ao-novo-pac\\\/\",\"name\":\"CEU do Lageado\\\/Parque do Sol em Campo Grande \u00e9 conclu\u00eddo gra\u00e7as ao Novo PAC\",\"isPartOf\":{\"@id\":\"https:\\\/\\\/vanderloubet.com.br\\\/deputado\\\/#website\"},\"primaryImageOfPage\":{\"@id\":\"https:\\\/\\\/vanderloubet.com.br\\\/deputado\\\/ceu-do-lageado-parque-do-sol-em-campo-grande-e-concluido-gracas-ao-novo-pac\\\/#primaryimage\"},\"image\":{\"@id\":\"https:\\\/\\\/vanderloubet.com.br\\\/deputado\\\/ceu-do-lageado-parque-do-sol-em-campo-grande-e-concluido-gracas-ao-novo-pac\\\/#primaryimage\"},\"thumbnailUrl\":\"https:\\\/\\\/vanderloubet.com.br\\\/deputado\\\/wp-content\\\/uploads\\\/2025\\\/08\\\/foto-2025-08-19-ceu-artes-parque-sol-lageado-cgr.jpg\",\"datePublished\":\"2025-08-19T11:00:37+00:00\",\"dateModified\":\"2025-08-20T20:52:45+00:00\",\"description\":\"Governo Lula investiu R$ 2,4 milh\u00f5es para a conclus\u00e3o do Centro de Artes e Esportes Unificados, que vai beneficiar 30 mil pessoas da regi\u00e3o.\",\"breadcrumb\":{\"@id\":\"https:\\\/\\\/vanderloubet.com.br\\\/deputado\\\/ceu-do-lageado-parque-do-sol-em-campo-grande-e-concluido-gracas-ao-novo-pac\\\/#breadcrumb\"},\"inLanguage\":\"pt-BR\",\"potentialAction\":[{\"@type\":\"ReadAction\",\"target\":[\"https:\\\/\\\/vanderloubet.com.br\\\/deputado\\\/ceu-do-lageado-parque-do-sol-em-campo-grande-e-concluido-gracas-ao-novo-pac\\\/\"]}]},{\"@type\":\"ImageObject\",\"inLanguage\":\"pt-BR\",\"@id\":\"https:\\\/\\\/vanderloubet.com.br\\\/deputado\\\/ceu-do-lageado-parque-do-sol-em-campo-grande-e-concluido-gracas-ao-novo-pac\\\/#primaryimage\",\"url\":\"https:\\\/\\\/vanderloubet.com.br\\\/deputado\\\/wp-content\\\/uploads\\\/2025\\\/08\\\/foto-2025-08-19-ceu-artes-parque-sol-lageado-cgr.jpg\",\"contentUrl\":\"https:\\\/\\\/vanderloubet.com.br\\\/deputado\\\/wp-content\\\/uploads\\\/2025\\\/08\\\/foto-2025-08-19-ceu-artes-parque-sol-lageado-cgr.jpg\",\"width\":960,\"height\":640,\"caption\":\"CEU do Lageado\\\/Parque do Sol em Campo Grande \u00e9 conclu\u00eddo gra\u00e7as ao Novo PAC\"},{\"@type\":\"BreadcrumbList\",\"@id\":\"https:\\\/\\\/vanderloubet.com.br\\\/deputado\\\/ceu-do-lageado-parque-do-sol-em-campo-grande-e-concluido-gracas-ao-novo-pac\\\/#breadcrumb\",\"itemListElement\":[{\"@type\":\"ListItem\",\"position\":1,\"name\":\"In\u00edcio\",\"item\":\"https:\\\/\\\/vanderloubet.com.br\\\/deputado\\\/\"},{\"@type\":\"ListItem\",\"position\":2,\"name\":\"CEU do Lageado\\\/Parque do Sol em Campo Grande \u00e9 conclu\u00eddo gra\u00e7as ao Novo PAC\"}]},{\"@type\":\"WebSite\",\"@id\":\"https:\\\/\\\/vanderloubet.com.br\\\/deputado\\\/#website\",\"url\":\"https:\\\/\\\/vanderloubet.com.br\\\/deputado\\\/\",\"name\":\"Deputado Federal Vander Loubet\",\"description\":\"O Federal de MS\",\"publisher\":{\"@id\":\"https:\\\/\\\/vanderloubet.com.br\\\/deputado\\\/#organization\"},\"alternateName\":\"Deputado Vander\",\"potentialAction\":[{\"@type\":\"SearchAction\",\"target\":{\"@type\":\"EntryPoint\",\"urlTemplate\":\"https:\\\/\\\/vanderloubet.com.br\\\/deputado\\\/?s={search_term_string}\"},\"query-input\":{\"@type\":\"PropertyValueSpecification\",\"valueRequired\":true,\"valueName\":\"search_term_string\"}}],\"inLanguage\":\"pt-BR\"},{\"@type\":\"Organization\",\"@id\":\"https:\\\/\\\/vanderloubet.com.br\\\/deputado\\\/#organization\",\"name\":\"Deputado Federal Vander Loubet\",\"alternateName\":\"Deputado Vander\",\"url\":\"https:\\\/\\\/vanderloubet.com.br\\\/deputado\\\/\",\"logo\":{\"@type\":\"ImageObject\",\"inLanguage\":\"pt-BR\",\"@id\":\"https:\\\/\\\/vanderloubet.com.br\\\/deputado\\\/#\\\/schema\\\/logo\\\/image\\\/\",\"url\":\"https:\\\/\\\/vanderloubet.com.br\\\/deputado\\\/wp-content\\\/uploads\\\/2023\\\/06\\\/foto-2023-06-19-mandato-deputado-vander.jpg\",\"contentUrl\":\"https:\\\/\\\/vanderloubet.com.br\\\/deputado\\\/wp-content\\\/uploads\\\/2023\\\/06\\\/foto-2023-06-19-mandato-deputado-vander.jpg\",\"width\":1080,\"height\":1080,\"caption\":\"Deputado Federal Vander Loubet\"},\"image\":{\"@id\":\"https:\\\/\\\/vanderloubet.com.br\\\/deputado\\\/#\\\/schema\\\/logo\\\/image\\\/\"},\"sameAs\":[\"https:\\\/\\\/facebook.com\\\/deputadovander\",\"https:\\\/\\\/x.com\\\/vanderloubet\",\"https:\\\/\\\/instagram.com\\\/vanderloubet\",\"https:\\\/\\\/youtube.com\\\/vanderloubet\",\"https:\\\/\\\/tiktok.com\\\/@vanderloubetms\"]},{\"@type\":\"Person\",\"@id\":\"https:\\\/\\\/vanderloubet.com.br\\\/deputado\\\/#\\\/schema\\\/person\\\/15b51bd564532a8a68d9dec1b8eb890e\",\"name\":\"\u00c9der\",\"image\":{\"@type\":\"ImageObject\",\"inLanguage\":\"pt-BR\",\"@id\":\"https:\\\/\\\/vanderloubet.com.br\\\/deputado\\\/wp-content\\\/litespeed\\\/avatar\\\/88ca4090d9d5ab1c9495f6ca03b68efa.jpg?ver=1777058957\",\"url\":\"https:\\\/\\\/vanderloubet.com.br\\\/deputado\\\/wp-content\\\/litespeed\\\/avatar\\\/88ca4090d9d5ab1c9495f6ca03b68efa.jpg?ver=1777058957\",\"contentUrl\":\"https:\\\/\\\/vanderloubet.com.br\\\/deputado\\\/wp-content\\\/litespeed\\\/avatar\\\/88ca4090d9d5ab1c9495f6ca03b68efa.jpg?ver=1777058957\",\"caption\":\"\u00c9der\"}}]}<\/script>\n<!-- \/ Yoast SEO plugin. -->","yoast_head_json":{"title":"CEU do Lageado\/Parque do Sol em Campo Grande \u00e9 conclu\u00eddo gra\u00e7as ao Novo PAC","description":"Governo Lula investiu R$ 2,4 milh\u00f5es para a conclus\u00e3o do Centro de Artes e Esportes Unificados, que vai beneficiar 30 mil pessoas da regi\u00e3o.","robots":{"index":"index","follow":"follow","max-snippet":"max-snippet:-1","max-image-preview":"max-image-preview:large","max-video-preview":"max-video-preview:-1"},"canonical":"https:\/\/vanderloubet.com.br\/deputado\/ceu-do-lageado-parque-do-sol-em-campo-grande-e-concluido-gracas-ao-novo-pac\/","og_locale":"pt_BR","og_type":"article","og_title":"CEU do Lageado\/Parque do Sol em Campo Grande \u00e9 conclu\u00eddo gra\u00e7as ao Novo PAC","og_description":"Governo Lula investiu R$ 2,4 milh\u00f5es para a conclus\u00e3o do Centro de Artes e Esportes Unificados, que vai beneficiar 30 mil pessoas da regi\u00e3o.","og_url":"https:\/\/vanderloubet.com.br\/deputado\/ceu-do-lageado-parque-do-sol-em-campo-grande-e-concluido-gracas-ao-novo-pac\/","og_site_name":"Deputado Federal Vander Loubet","article_publisher":"https:\/\/facebook.com\/deputadovander","article_published_time":"2025-08-19T11:00:37+00:00","article_modified_time":"2025-08-20T20:52:45+00:00","og_image":[{"width":960,"height":640,"url":"https:\/\/vanderloubet.com.br\/deputado\/wp-content\/uploads\/2025\/08\/foto-2025-08-19-ceu-artes-parque-sol-lageado-cgr.jpg","type":"image\/jpeg"}],"author":"\u00c9der","twitter_card":"summary_large_image","twitter_creator":"@vanderloubet","twitter_site":"@vanderloubet","schema":{"@context":"https:\/\/schema.org","@graph":[{"@type":"Article","@id":"https:\/\/vanderloubet.com.br\/deputado\/ceu-do-lageado-parque-do-sol-em-campo-grande-e-concluido-gracas-ao-novo-pac\/#article","isPartOf":{"@id":"https:\/\/vanderloubet.com.br\/deputado\/ceu-do-lageado-parque-do-sol-em-campo-grande-e-concluido-gracas-ao-novo-pac\/"},"author":{"name":"\u00c9der","@id":"https:\/\/vanderloubet.com.br\/deputado\/#\/schema\/person\/15b51bd564532a8a68d9dec1b8eb890e"},"headline":"CEU do Lageado\/Parque do Sol em Campo Grande \u00e9 conclu\u00eddo gra\u00e7as ao Novo PAC","datePublished":"2025-08-19T11:00:37+00:00","dateModified":"2025-08-20T20:52:45+00:00","mainEntityOfPage":{"@id":"https:\/\/vanderloubet.com.br\/deputado\/ceu-do-lageado-parque-do-sol-em-campo-grande-e-concluido-gracas-ao-novo-pac\/"},"wordCount":413,"publisher":{"@id":"https:\/\/vanderloubet.com.br\/deputado\/#organization"},"image":{"@id":"https:\/\/vanderloubet.com.br\/deputado\/ceu-do-lageado-parque-do-sol-em-campo-grande-e-concluido-gracas-ao-novo-pac\/#primaryimage"},"thumbnailUrl":"https:\/\/vanderloubet.com.br\/deputado\/wp-content\/uploads\/2025\/08\/foto-2025-08-19-ceu-artes-parque-sol-lageado-cgr.jpg","keywords":["campo grande","cultura","esporte e lazer","governo federal","novo pac"],"articleSection":["Munic\u00edpios","Not\u00edcias"],"inLanguage":"pt-BR"},{"@type":"WebPage","@id":"https:\/\/vanderloubet.com.br\/deputado\/ceu-do-lageado-parque-do-sol-em-campo-grande-e-concluido-gracas-ao-novo-pac\/","url":"https:\/\/vanderloubet.com.br\/deputado\/ceu-do-lageado-parque-do-sol-em-campo-grande-e-concluido-gracas-ao-novo-pac\/","name":"CEU do Lageado\/Parque do Sol em Campo Grande \u00e9 conclu\u00eddo gra\u00e7as ao Novo PAC","isPartOf":{"@id":"https:\/\/vanderloubet.com.br\/deputado\/#website"},"primaryImageOfPage":{"@id":"https:\/\/vanderloubet.com.br\/deputado\/ceu-do-lageado-parque-do-sol-em-campo-grande-e-concluido-gracas-ao-novo-pac\/#primaryimage"},"image":{"@id":"https:\/\/vanderloubet.com.br\/deputado\/ceu-do-lageado-parque-do-sol-em-campo-grande-e-concluido-gracas-ao-novo-pac\/#primaryimage"},"thumbnailUrl":"https:\/\/vanderloubet.com.br\/deputado\/wp-content\/uploads\/2025\/08\/foto-2025-08-19-ceu-artes-parque-sol-lageado-cgr.jpg","datePublished":"2025-08-19T11:00:37+00:00","dateModified":"2025-08-20T20:52:45+00:00","description":"Governo Lula investiu R$ 2,4 milh\u00f5es para a conclus\u00e3o do Centro de Artes e Esportes Unificados, que vai beneficiar 30 mil pessoas da regi\u00e3o.","breadcrumb":{"@id":"https:\/\/vanderloubet.com.br\/deputado\/ceu-do-lageado-parque-do-sol-em-campo-grande-e-concluido-gracas-ao-novo-pac\/#breadcrumb"},"inLanguage":"pt-BR","potentialAction":[{"@type":"ReadAction","target":["https:\/\/vanderloubet.com.br\/deputado\/ceu-do-lageado-parque-do-sol-em-campo-grande-e-concluido-gracas-ao-novo-pac\/"]}]},{"@type":"ImageObject","inLanguage":"pt-BR","@id":"https:\/\/vanderloubet.com.br\/deputado\/ceu-do-lageado-parque-do-sol-em-campo-grande-e-concluido-gracas-ao-novo-pac\/#primaryimage","url":"https:\/\/vanderloubet.com.br\/deputado\/wp-content\/uploads\/2025\/08\/foto-2025-08-19-ceu-artes-parque-sol-lageado-cgr.jpg","contentUrl":"https:\/\/vanderloubet.com.br\/deputado\/wp-content\/uploads\/2025\/08\/foto-2025-08-19-ceu-artes-parque-sol-lageado-cgr.jpg","width":960,"height":640,"caption":"CEU do Lageado\/Parque do Sol em Campo Grande \u00e9 conclu\u00eddo gra\u00e7as ao Novo PAC"},{"@type":"BreadcrumbList","@id":"https:\/\/vanderloubet.com.br\/deputado\/ceu-do-lageado-parque-do-sol-em-campo-grande-e-concluido-gracas-ao-novo-pac\/#breadcrumb","itemListElement":[{"@type":"ListItem","position":1,"name":"In\u00edcio","item":"https:\/\/vanderloubet.com.br\/deputado\/"},{"@type":"ListItem","position":2,"name":"CEU do Lageado\/Parque do Sol em Campo Grande \u00e9 conclu\u00eddo gra\u00e7as ao Novo PAC"}]},{"@type":"WebSite","@id":"https:\/\/vanderloubet.com.br\/deputado\/#website","url":"https:\/\/vanderloubet.com.br\/deputado\/","name":"Deputado Federal Vander Loubet","description":"O Federal de MS","publisher":{"@id":"https:\/\/vanderloubet.com.br\/deputado\/#organization"},"alternateName":"Deputado Vander","potentialAction":[{"@type":"SearchAction","target":{"@type":"EntryPoint","urlTemplate":"https:\/\/vanderloubet.com.br\/deputado\/?s={search_term_string}"},"query-input":{"@type":"PropertyValueSpecification","valueRequired":true,"valueName":"search_term_string"}}],"inLanguage":"pt-BR"},{"@type":"Organization","@id":"https:\/\/vanderloubet.com.br\/deputado\/#organization","name":"Deputado Federal Vander Loubet","alternateName":"Deputado Vander","url":"https:\/\/vanderloubet.com.br\/deputado\/","logo":{"@type":"ImageObject","inLanguage":"pt-BR","@id":"https:\/\/vanderloubet.com.br\/deputado\/#\/schema\/logo\/image\/","url":"https:\/\/vanderloubet.com.br\/deputado\/wp-content\/uploads\/2023\/06\/foto-2023-06-19-mandato-deputado-vander.jpg","contentUrl":"https:\/\/vanderloubet.com.br\/deputado\/wp-content\/uploads\/2023\/06\/foto-2023-06-19-mandato-deputado-vander.jpg","width":1080,"height":1080,"caption":"Deputado Federal Vander Loubet"},"image":{"@id":"https:\/\/vanderloubet.com.br\/deputado\/#\/schema\/logo\/image\/"},"sameAs":["https:\/\/facebook.com\/deputadovander","https:\/\/x.com\/vanderloubet","https:\/\/instagram.com\/vanderloubet","https:\/\/youtube.com\/vanderloubet","https:\/\/tiktok.com\/@vanderloubetms"]},{"@type":"Person","@id":"https:\/\/vanderloubet.com.br\/deputado\/#\/schema\/person\/15b51bd564532a8a68d9dec1b8eb890e","name":"\u00c9der","image":{"@type":"ImageObject","inLanguage":"pt-BR","@id":"https:\/\/vanderloubet.com.br\/deputado\/wp-content\/litespeed\/avatar\/88ca4090d9d5ab1c9495f6ca03b68efa.jpg?ver=1777058957","url":"https:\/\/vanderloubet.com.br\/deputado\/wp-content\/litespeed\/avatar\/88ca4090d9d5ab1c9495f6ca03b68efa.jpg?ver=1777058957","contentUrl":"https:\/\/vanderloubet.com.br\/deputado\/wp-content\/litespeed\/avatar\/88ca4090d9d5ab1c9495f6ca03b68efa.jpg?ver=1777058957","caption":"\u00c9der"}}]}},"jetpack_featured_media_url":"https:\/\/vanderloubet.com.br\/deputado\/wp-content\/uploads\/2025\/08\/foto-2025-08-19-ceu-artes-parque-sol-lageado-cgr.jpg","jetpack_sharing_enabled":true,"_links":{"self":[{"href":"https:\/\/vanderloubet.com.br\/deputado\/wp-json\/wp\/v2\/posts\/20487","targetHints":{"allow":["GET"]}}],"collection":[{"href":"https:\/\/vanderloubet.com.br\/deputado\/wp-json\/wp\/v2\/posts"}],"about":[{"href":"https:\/\/vanderloubet.com.br\/deputado\/wp-json\/wp\/v2\/types\/post"}],"author":[{"embeddable":true,"href":"https:\/\/vanderloubet.com.br\/deputado\/wp-json\/wp\/v2\/users\/2"}],"replies":[{"embeddable":true,"href":"https:\/\/vanderloubet.com.br\/deputado\/wp-json\/wp\/v2\/comments?post=20487"}],"version-history":[{"count":1,"href":"https:\/\/vanderloubet.com.br\/deputado\/wp-json\/wp\/v2\/posts\/20487\/revisions"}],"predecessor-version":[{"id":20489,"href":"https:\/\/vanderloubet.com.br\/deputado\/wp-json\/wp\/v2\/posts\/20487\/revisions\/20489"}],"wp:featuredmedia":[{"embeddable":true,"href":"https:\/\/vanderloubet.com.br\/deputado\/wp-json\/wp\/v2\/media\/20488"}],"wp:attachment":[{"href":"https:\/\/vanderloubet.com.br\/deputado\/wp-json\/wp\/v2\/media?parent=20487"}],"wp:term":[{"taxonomy":"category","embeddable":true,"href":"https:\/\/vanderloubet.com.br\/deputado\/wp-json\/wp\/v2\/categories?post=20487"},{"taxonomy":"post_tag","embeddable":true,"href":"https:\/\/vanderloubet.com.br\/deputado\/wp-json\/wp\/v2\/tags?post=20487"}],"curies":[{"name":"wp","href":"https:\/\/api.w.org\/{rel}","templated":true}]}}