{"id":20464,"date":"2025-08-05T08:34:34","date_gmt":"2025-08-05T12:34:34","guid":{"rendered":"https:\/\/vanderloubet.com.br\/deputado\/?p=20464"},"modified":"2025-08-05T08:34:34","modified_gmt":"2025-08-05T12:34:34","slug":"novo-pac-cidades-contempla-17-municipios-de-ms-com-obras-e-projetos-estruturantes","status":"publish","type":"post","link":"https:\/\/vanderloubet.com.br\/deputado\/novo-pac-cidades-contempla-17-municipios-de-ms-com-obras-e-projetos-estruturantes\/","title":{"rendered":"Novo PAC Cidades contempla 17 munic\u00edpios de MS com obras e projetos estruturantes"},"content":{"rendered":"<p>O Governo Federal, por meio do Novo PAC Sele\u00e7\u00f5es &#8211; Cidades &#8211; Edi\u00e7\u00e3o 2025, anunciou a aprova\u00e7\u00e3o de novos investimentos em infraestrutura urbana para munic\u00edpios de Mato Grosso do Sul. Gra\u00e7as \u00e0 articula\u00e7\u00e3o do deputado federal Vander Loubet, foram aprovados projetos de 17 munic\u00edpios no eixo &#8220;Cidades Sustent\u00e1veis e Resilientes&#8221;, que contemplam tanto a execu\u00e7\u00e3o de obras quanto a elabora\u00e7\u00e3o de estudos e projetos executivos.<\/p>\n<p>A iniciativa representa um passo importante na constru\u00e7\u00e3o de cidades mais saud\u00e1veis, organizadas e preparadas para o crescimento populacional, uma grande preocupa\u00e7\u00e3o da gest\u00e3o do presidente Lula. Ao todo, foram contemplados 21 empreendimentos, com destaque para a\u00e7\u00f5es que visam a universaliza\u00e7\u00e3o do acesso ao saneamento b\u00e1sico, um dos maiores desafios da infraestrutura urbana brasileira.<\/p>\n<p>Ser\u00e3o beneficiados os munic\u00edpios de Ant\u00f4nio Jo\u00e3o, Aquidauana, Aral Moreira, Bela Vista, Campo Grande, Caracol, Coxim, Deod\u00e1polis, Dourados, Maracaju, Navira\u00ed, Ponta Por\u00e3, Ribas do Rio Pardo, Rio Brilhante, Sidrol\u00e2ndia, Sonora e Tr\u00eas Lagoas.<\/p>\n<p>Campo Grande concentra um volume importante desses investimentos, com mais de um empreendimento aprovado. J\u00e1 Tr\u00eas Lagoas, uma das cidades mais industrializadas do estado, e a fronteiri\u00e7a Ponta Por\u00e3 tamb\u00e9m foram contempladas com mais de um empreendimento, fortalecendo sua capacidade de atendimento e reafirmando seu papel como polo regional.<\/p>\n<p>Al\u00e9m das obras f\u00edsicas, o Novo PAC tamb\u00e9m contempla recursos para a elabora\u00e7\u00e3o de estudos e projetos t\u00e9cnicos, etapa essencial para viabilizar grandes obras no futuro. Nessa modalidade, Campo Grande, Navira\u00ed e Ponta Por\u00e3 foram contempladas.<\/p>\n<p>De acordo com o deputado Vander, os investimentos do Novo PAC refletem o compromisso do Governo Federal e do presidente Lula com o desenvolvimento das cidades e com a justi\u00e7a social. &#8220;Estamos falando de obras que n\u00e3o apenas geram empregos e movimentam a economia, mas que t\u00eam impacto direto na vida das pessoas&#8221;, afirmou.<\/p>\n<p>Vander tamb\u00e9m destacou o papel das equipes t\u00e9cnicas municipais e estadual e do envolvimento das lideran\u00e7as locais. &#8220;\u00c9 muito importante que tenhamos no Estado e nos munic\u00edpios profissionais que saibam construir projetos qualificados e adequados aos crit\u00e9rios exigidos pelos programas federais. Isso contribui para o fortalecimento das parcerias e do v\u00ednculo entre as prefeituras, o governo estadual e o Governo Federal&#8221;, conclui.<\/p>\n<p>Conhe\u00e7a todos os projetos aprovados nesta sele\u00e7\u00e3o do Novo PAC &#8211; Cidades:<\/p>\n<p><strong>1) Subeixo: Esgotamento Sanit\u00e1rio<\/strong><\/p>\n<ul>\n<li>Aquidauana &#8211; Amplia\u00e7\u00e3o do Sistema de Esgotamento Sanit\u00e1rio (a ser executado pelo Governo do Estado\/Sanesul) &#8211; R$ 17.644.472,00<\/li>\n<li>Bela Vista &#8211; Implanta\u00e7\u00e3o, amplia\u00e7\u00e3o ou melhorias em Sistemas de Esgotamento Sanit\u00e1rio em \u00e1reas urbanas (a ser executado pela Prefeitura) &#8211; R$ 3.500.000,00<\/li>\n<li>Caracol &#8211; Amplia\u00e7\u00e3o do Sistema de Esgotamento Sanit\u00e1rio (a ser executado pelo Governo do Estado\/Sanesul) &#8211; R$ 3.569.633,00<\/li>\n<li>Coxim &#8211; Amplia\u00e7\u00e3o do Sistema de Esgotamento Sanit\u00e1rio (a ser executado pelo Governo do Estado\/Sanesul) &#8211; R$ 29.067.584,00<\/li>\n<li>Deod\u00e1polis &#8211; Amplia\u00e7\u00e3o do Sistema de Esgotamento Sanit\u00e1rio (a ser executado pelo Governo do Estado\/Sanesul) &#8211; R$ 8.500.476,00<\/li>\n<li>Dourados &#8211; Amplia\u00e7\u00e3o do Sistema de Esgotamento Sanit\u00e1rio (a ser executado pelo Governo do Estado\/Sanesul) &#8211; R$ 21.182.527,90<\/li>\n<li>Maracaju &#8211; Implanta\u00e7\u00e3o do Sistema de Esgotamento Sanit\u00e1rio de Vista Alegre (a ser executado pelo Governo do Estado\/Sanesul) &#8211; R$ 9.539.099,93<\/li>\n<li>Ribas do Rio Pardo &#8211; Amplia\u00e7\u00e3o do Sistema de Esgotamento Sanit\u00e1rio (a ser executado pelo Governo do Estado\/Sanesul) &#8211; R$ 26.882.387,00<\/li>\n<li>Rio Brilhante &#8211; Implanta\u00e7\u00e3o de Sistema de Esgotamento Sanit\u00e1rio (a ser executado pelo Governo do Estado\/Sanesul) &#8211; R$ 13.545.796,12<\/li>\n<li>Sidrol\u00e2ndia &#8211; Implanta\u00e7\u00e3o de Sistema de Esgotamento Sanit\u00e1rio (a ser executado pelo Governo do Estado\/Sanesul) &#8211; R$ 8.171.035,80<\/li>\n<li>Sonora &#8211; Implanta\u00e7\u00e3o de Sistema de Esgotamento Sanit\u00e1rio (a ser executado pelo Governo do Estado\/Sanesul) &#8211; 1.690.231,00<\/li>\n<\/ul>\n<p><strong>2) Subeixo: Gest\u00e3o de Res\u00edduos S\u00f3lidos<\/strong><\/p>\n<ul>\n<li>Ponta Por\u00e3 &#8211; Amplia\u00e7\u00e3o e moderniza\u00e7\u00e3o da Unidade de Triagem de Res\u00edduos Recicl\u00e1veis e aquisi\u00e7\u00e3o de equipamentos para melhoria das atividades de coleta, triagem e processamento dos materiais reutiliz\u00e1veis e recicl\u00e1veis (a ser executado pela Prefeitura) &#8211; R$ 3.641.130,50<\/li>\n<li>Ponta Por\u00e3, Aral Moreira, Ant\u00f4nio Jo\u00e3o &#8211; Obras e servi\u00e7os de engenharia para constru\u00e7\u00e3o de aterro sanit\u00e1rio para res\u00edduos s\u00f3lidos urbanos e domiciliares (a ser executado pelas prefeituras) &#8211; 27.814.945,00<\/li>\n<\/ul>\n<p><strong>3) Subeixo: Periferia Viva &#8211; Urbaniza\u00e7\u00e3o de Favelas<\/strong><\/p>\n<ul>\n<li>Campo Grande &#8211; Estudos e Projetos &#8211; Terminais e requalifica\u00e7\u00e3o do entorno (a ser executado pela Prefeitura) &#8211; R$ 1.512.033,85<\/li>\n<\/ul>\n<p><strong>4) Subeixo: Mobilidade Urbana Sustent\u00e1vel<\/strong><\/p>\n<ul>\n<li>Campo Grande &#8211; Urbaniza\u00e7\u00e3o e qualifica\u00e7\u00e3o do Jardim Samambaia (a ser executado pelo Governo do Estado) &#8211; R$ 30.525.000,00<\/li>\n<li>Navira\u00ed &#8211; Estudos e Projetos &#8211; Regulariza\u00e7\u00e3o fundi\u00e1ria na regi\u00e3o do Grande Para\u00edso (a ser executado pela Prefeitura) &#8211; 1.000.000,00<\/li>\n<li>Ponta Por\u00e3 &#8211; Estudos e Projetos &#8211; Regulariza\u00e7\u00e3o fundi\u00e1ria no Distrito de Cabeceira do Apa (a ser executado pela Prefeitura) &#8211; 1.000.000,00<\/li>\n<\/ul>\n<p><strong>5) Subeixo: Preven\u00e7\u00e3o a Desastres &#8211; Conten\u00e7\u00e3o de Encostas e Drenagem<\/strong><\/p>\n<ul>\n<li>Campo Grande &#8211; Recupera\u00e7\u00e3o e adequa\u00e7\u00e3o de drenagens e manejo de \u00e1guas fluviais\/preven\u00e7\u00e3o a desastres no fundo de vale do Rio Anhanduizinho (a ser executado pela Prefeitura) &#8211; R$ 150.000.000,00<\/li>\n<li>Ponta Por\u00e3 &#8211; Drenagem para controle de eros\u00f5es &#8211; encostas do fundo de vale do Rio S\u00e3o Jo\u00e3o, na Rua Belo Horizonte (a ser executado pela Prefeitura) &#8211; R$ 25.497.540,00<\/li>\n<li>Tr\u00eas Lagoas &#8211; Canaliza\u00e7\u00e3o do C\u00f3rrego Bras\u00edlia (fundo de vale) (a ser executado pela Prefeitura) &#8211; R$ 25.137.265,00<\/li>\n<li>Tr\u00eas Lagoas &#8211; Canaliza\u00e7\u00e3o do C\u00f3rrego On\u00e7a (fundo de vale) (a ser executado pela Prefeitura) &#8211; R$ 51.613.442,00<\/li>\n<\/ul>\n<pre><em>Texto: Laura Miranda<\/em>\r\n<em>Edi\u00e7\u00e3o: \u00c9der F. Yanaguita<\/em>\r\n<em>Foto: Ricardo Stuckert<\/em><\/pre>\n","protected":false},"excerpt":{"rendered":"<p>Articula\u00e7\u00e3o do deputado Vander com o Governo Federal viabilizou investimentos em mobilidade, drenagem, saneamento e urbaniza\u00e7\u00e3o.<\/p>\n","protected":false},"author":2,"featured_media":20288,"comment_status":"closed","ping_status":"closed","sticky":false,"template":"","format":"standard","meta":{"jetpack_post_was_ever_published":false,"_jetpack_newsletter_access":"","_jetpack_dont_email_post_to_subs":false,"_jetpack_newsletter_tier_id":0,"_jetpack_memberships_contains_paywalled_content":false,"_jetpack_memberships_contains_paid_content":false,"footnotes":""},"categories":[2097,10],"tags":[146,166,168,252,342,356,541,603,672,2525,1028,1216,1311,1366,2533,1580,2458,1735,2281,1844,1890,1979],"class_list":{"0":"post-20464","1":"post","2":"type-post","3":"status-publish","4":"format-standard","5":"has-post-thumbnail","7":"category-municipios-noticias","8":"category-noticias","9":"tag-antonio-joao","10":"tag-aquidauana","11":"tag-aral-moreira","12":"tag-bela-vista","13":"tag-campo-grande","14":"tag-caracol","15":"tag-coxim","16":"tag-deodapolis","17":"tag-dourados","18":"tag-governo-federal","19":"tag-infraestrutura","20":"tag-maracaju","21":"tag-mobilidade-urbana","22":"tag-navirai","23":"tag-novo-pac","24":"tag-ponta-pora","25":"tag-ribas-do-rio-pardo","26":"tag-rio-brilhante","27":"tag-saneamento-basico","28":"tag-sidrolandia","29":"tag-sonora","30":"tag-tres-lagoas"},"yoast_head":"<!-- This site is optimized with the Yoast SEO plugin v27.4 - https:\/\/yoast.com\/product\/yoast-seo-wordpress\/ -->\n<title>Novo PAC Cidades contempla 17 munic\u00edpios de MS com obras e projetos estruturantes<\/title>\n<meta name=\"description\" content=\"Articula\u00e7\u00e3o do deputado Vander com o Governo Federal viabilizou investimentos em mobilidade, drenagem, saneamento e urbaniza\u00e7\u00e3o.\" \/>\n<meta name=\"robots\" content=\"index, follow, max-snippet:-1, max-image-preview:large, max-video-preview:-1\" \/>\n<link rel=\"canonical\" href=\"https:\/\/vanderloubet.com.br\/deputado\/novo-pac-cidades-contempla-17-municipios-de-ms-com-obras-e-projetos-estruturantes\/\" \/>\n<meta property=\"og:locale\" content=\"pt_BR\" \/>\n<meta property=\"og:type\" content=\"article\" \/>\n<meta property=\"og:title\" content=\"Novo PAC Cidades contempla 17 munic\u00edpios de MS com obras e projetos estruturantes\" \/>\n<meta property=\"og:description\" content=\"Articula\u00e7\u00e3o do deputado Vander com o Governo Federal viabilizou investimentos em mobilidade, drenagem, saneamento e urbaniza\u00e7\u00e3o.\" \/>\n<meta property=\"og:url\" content=\"https:\/\/vanderloubet.com.br\/deputado\/novo-pac-cidades-contempla-17-municipios-de-ms-com-obras-e-projetos-estruturantes\/\" \/>\n<meta property=\"og:site_name\" content=\"Deputado Federal Vander Loubet\" \/>\n<meta property=\"article:publisher\" content=\"https:\/\/facebook.com\/deputadovander\" \/>\n<meta property=\"article:published_time\" content=\"2025-08-05T12:34:34+00:00\" \/>\n<meta property=\"og:image\" content=\"https:\/\/vanderloubet.com.br\/deputado\/wp-content\/uploads\/2025\/03\/foto-2025-03-20-presidente-lula-deputado-vander.jpg\" \/>\n\t<meta property=\"og:image:width\" content=\"960\" \/>\n\t<meta property=\"og:image:height\" content=\"720\" \/>\n\t<meta property=\"og:image:type\" content=\"image\/jpeg\" \/>\n<meta name=\"author\" content=\"\u00c9der\" \/>\n<meta name=\"twitter:card\" content=\"summary_large_image\" \/>\n<meta name=\"twitter:creator\" content=\"@vanderloubet\" \/>\n<meta name=\"twitter:site\" content=\"@vanderloubet\" \/>\n<script type=\"application\/ld+json\" class=\"yoast-schema-graph\">{\"@context\":\"https:\\\/\\\/schema.org\",\"@graph\":[{\"@type\":\"Article\",\"@id\":\"https:\\\/\\\/vanderloubet.com.br\\\/deputado\\\/novo-pac-cidades-contempla-17-municipios-de-ms-com-obras-e-projetos-estruturantes\\\/#article\",\"isPartOf\":{\"@id\":\"https:\\\/\\\/vanderloubet.com.br\\\/deputado\\\/novo-pac-cidades-contempla-17-municipios-de-ms-com-obras-e-projetos-estruturantes\\\/\"},\"author\":{\"name\":\"\u00c9der\",\"@id\":\"https:\\\/\\\/vanderloubet.com.br\\\/deputado\\\/#\\\/schema\\\/person\\\/15b51bd564532a8a68d9dec1b8eb890e\"},\"headline\":\"Novo PAC Cidades contempla 17 munic\u00edpios de MS com obras e projetos estruturantes\",\"datePublished\":\"2025-08-05T12:34:34+00:00\",\"mainEntityOfPage\":{\"@id\":\"https:\\\/\\\/vanderloubet.com.br\\\/deputado\\\/novo-pac-cidades-contempla-17-municipios-de-ms-com-obras-e-projetos-estruturantes\\\/\"},\"wordCount\":960,\"publisher\":{\"@id\":\"https:\\\/\\\/vanderloubet.com.br\\\/deputado\\\/#organization\"},\"image\":{\"@id\":\"https:\\\/\\\/vanderloubet.com.br\\\/deputado\\\/novo-pac-cidades-contempla-17-municipios-de-ms-com-obras-e-projetos-estruturantes\\\/#primaryimage\"},\"thumbnailUrl\":\"https:\\\/\\\/vanderloubet.com.br\\\/deputado\\\/wp-content\\\/uploads\\\/2025\\\/03\\\/foto-2025-03-20-presidente-lula-deputado-vander.jpg\",\"keywords\":[\"ant\u00f4nio jo\u00e3o\",\"aquidauana\",\"aral moreira\",\"bela vista\",\"campo grande\",\"caracol\",\"coxim\",\"deod\u00e1polis\",\"dourados\",\"governo federal\",\"infraestrutura\",\"maracaju\",\"mobilidade urbana\",\"navira\u00ed\",\"novo pac\",\"ponta por\u00e3\",\"ribas do rio pardo\",\"rio brilhante\",\"saneamento b\u00e1sico\",\"sidrol\u00e2ndia\",\"sonora\",\"tr\u00eas lagoas\"],\"articleSection\":[\"Munic\u00edpios\",\"Not\u00edcias\"],\"inLanguage\":\"pt-BR\"},{\"@type\":\"WebPage\",\"@id\":\"https:\\\/\\\/vanderloubet.com.br\\\/deputado\\\/novo-pac-cidades-contempla-17-municipios-de-ms-com-obras-e-projetos-estruturantes\\\/\",\"url\":\"https:\\\/\\\/vanderloubet.com.br\\\/deputado\\\/novo-pac-cidades-contempla-17-municipios-de-ms-com-obras-e-projetos-estruturantes\\\/\",\"name\":\"Novo PAC Cidades contempla 17 munic\u00edpios de MS com obras e projetos estruturantes\",\"isPartOf\":{\"@id\":\"https:\\\/\\\/vanderloubet.com.br\\\/deputado\\\/#website\"},\"primaryImageOfPage\":{\"@id\":\"https:\\\/\\\/vanderloubet.com.br\\\/deputado\\\/novo-pac-cidades-contempla-17-municipios-de-ms-com-obras-e-projetos-estruturantes\\\/#primaryimage\"},\"image\":{\"@id\":\"https:\\\/\\\/vanderloubet.com.br\\\/deputado\\\/novo-pac-cidades-contempla-17-municipios-de-ms-com-obras-e-projetos-estruturantes\\\/#primaryimage\"},\"thumbnailUrl\":\"https:\\\/\\\/vanderloubet.com.br\\\/deputado\\\/wp-content\\\/uploads\\\/2025\\\/03\\\/foto-2025-03-20-presidente-lula-deputado-vander.jpg\",\"datePublished\":\"2025-08-05T12:34:34+00:00\",\"description\":\"Articula\u00e7\u00e3o do deputado Vander com o Governo Federal viabilizou investimentos em mobilidade, drenagem, saneamento e urbaniza\u00e7\u00e3o.\",\"breadcrumb\":{\"@id\":\"https:\\\/\\\/vanderloubet.com.br\\\/deputado\\\/novo-pac-cidades-contempla-17-municipios-de-ms-com-obras-e-projetos-estruturantes\\\/#breadcrumb\"},\"inLanguage\":\"pt-BR\",\"potentialAction\":[{\"@type\":\"ReadAction\",\"target\":[\"https:\\\/\\\/vanderloubet.com.br\\\/deputado\\\/novo-pac-cidades-contempla-17-municipios-de-ms-com-obras-e-projetos-estruturantes\\\/\"]}]},{\"@type\":\"ImageObject\",\"inLanguage\":\"pt-BR\",\"@id\":\"https:\\\/\\\/vanderloubet.com.br\\\/deputado\\\/novo-pac-cidades-contempla-17-municipios-de-ms-com-obras-e-projetos-estruturantes\\\/#primaryimage\",\"url\":\"https:\\\/\\\/vanderloubet.com.br\\\/deputado\\\/wp-content\\\/uploads\\\/2025\\\/03\\\/foto-2025-03-20-presidente-lula-deputado-vander.jpg\",\"contentUrl\":\"https:\\\/\\\/vanderloubet.com.br\\\/deputado\\\/wp-content\\\/uploads\\\/2025\\\/03\\\/foto-2025-03-20-presidente-lula-deputado-vander.jpg\",\"width\":960,\"height\":720,\"caption\":\"Presidente Lula e deputado Vander Loubet\"},{\"@type\":\"BreadcrumbList\",\"@id\":\"https:\\\/\\\/vanderloubet.com.br\\\/deputado\\\/novo-pac-cidades-contempla-17-municipios-de-ms-com-obras-e-projetos-estruturantes\\\/#breadcrumb\",\"itemListElement\":[{\"@type\":\"ListItem\",\"position\":1,\"name\":\"In\u00edcio\",\"item\":\"https:\\\/\\\/vanderloubet.com.br\\\/deputado\\\/\"},{\"@type\":\"ListItem\",\"position\":2,\"name\":\"Novo PAC Cidades contempla 17 munic\u00edpios de MS com obras e projetos estruturantes\"}]},{\"@type\":\"WebSite\",\"@id\":\"https:\\\/\\\/vanderloubet.com.br\\\/deputado\\\/#website\",\"url\":\"https:\\\/\\\/vanderloubet.com.br\\\/deputado\\\/\",\"name\":\"Deputado Federal Vander Loubet\",\"description\":\"O Federal de MS\",\"publisher\":{\"@id\":\"https:\\\/\\\/vanderloubet.com.br\\\/deputado\\\/#organization\"},\"alternateName\":\"Deputado Vander\",\"potentialAction\":[{\"@type\":\"SearchAction\",\"target\":{\"@type\":\"EntryPoint\",\"urlTemplate\":\"https:\\\/\\\/vanderloubet.com.br\\\/deputado\\\/?s={search_term_string}\"},\"query-input\":{\"@type\":\"PropertyValueSpecification\",\"valueRequired\":true,\"valueName\":\"search_term_string\"}}],\"inLanguage\":\"pt-BR\"},{\"@type\":\"Organization\",\"@id\":\"https:\\\/\\\/vanderloubet.com.br\\\/deputado\\\/#organization\",\"name\":\"Deputado Federal Vander Loubet\",\"alternateName\":\"Deputado Vander\",\"url\":\"https:\\\/\\\/vanderloubet.com.br\\\/deputado\\\/\",\"logo\":{\"@type\":\"ImageObject\",\"inLanguage\":\"pt-BR\",\"@id\":\"https:\\\/\\\/vanderloubet.com.br\\\/deputado\\\/#\\\/schema\\\/logo\\\/image\\\/\",\"url\":\"https:\\\/\\\/vanderloubet.com.br\\\/deputado\\\/wp-content\\\/uploads\\\/2023\\\/06\\\/foto-2023-06-19-mandato-deputado-vander.jpg\",\"contentUrl\":\"https:\\\/\\\/vanderloubet.com.br\\\/deputado\\\/wp-content\\\/uploads\\\/2023\\\/06\\\/foto-2023-06-19-mandato-deputado-vander.jpg\",\"width\":1080,\"height\":1080,\"caption\":\"Deputado Federal Vander Loubet\"},\"image\":{\"@id\":\"https:\\\/\\\/vanderloubet.com.br\\\/deputado\\\/#\\\/schema\\\/logo\\\/image\\\/\"},\"sameAs\":[\"https:\\\/\\\/facebook.com\\\/deputadovander\",\"https:\\\/\\\/x.com\\\/vanderloubet\",\"https:\\\/\\\/instagram.com\\\/vanderloubet\",\"https:\\\/\\\/youtube.com\\\/vanderloubet\",\"https:\\\/\\\/tiktok.com\\\/@vanderloubetms\"]},{\"@type\":\"Person\",\"@id\":\"https:\\\/\\\/vanderloubet.com.br\\\/deputado\\\/#\\\/schema\\\/person\\\/15b51bd564532a8a68d9dec1b8eb890e\",\"name\":\"\u00c9der\",\"image\":{\"@type\":\"ImageObject\",\"inLanguage\":\"pt-BR\",\"@id\":\"https:\\\/\\\/vanderloubet.com.br\\\/deputado\\\/wp-content\\\/litespeed\\\/avatar\\\/88ca4090d9d5ab1c9495f6ca03b68efa.jpg?ver=1777058957\",\"url\":\"https:\\\/\\\/vanderloubet.com.br\\\/deputado\\\/wp-content\\\/litespeed\\\/avatar\\\/88ca4090d9d5ab1c9495f6ca03b68efa.jpg?ver=1777058957\",\"contentUrl\":\"https:\\\/\\\/vanderloubet.com.br\\\/deputado\\\/wp-content\\\/litespeed\\\/avatar\\\/88ca4090d9d5ab1c9495f6ca03b68efa.jpg?ver=1777058957\",\"caption\":\"\u00c9der\"}}]}<\/script>\n<!-- \/ Yoast SEO plugin. -->","yoast_head_json":{"title":"Novo PAC Cidades contempla 17 munic\u00edpios de MS com obras e projetos estruturantes","description":"Articula\u00e7\u00e3o do deputado Vander com o Governo Federal viabilizou investimentos em mobilidade, drenagem, saneamento e urbaniza\u00e7\u00e3o.","robots":{"index":"index","follow":"follow","max-snippet":"max-snippet:-1","max-image-preview":"max-image-preview:large","max-video-preview":"max-video-preview:-1"},"canonical":"https:\/\/vanderloubet.com.br\/deputado\/novo-pac-cidades-contempla-17-municipios-de-ms-com-obras-e-projetos-estruturantes\/","og_locale":"pt_BR","og_type":"article","og_title":"Novo PAC Cidades contempla 17 munic\u00edpios de MS com obras e projetos estruturantes","og_description":"Articula\u00e7\u00e3o do deputado Vander com o Governo Federal viabilizou investimentos em mobilidade, drenagem, saneamento e urbaniza\u00e7\u00e3o.","og_url":"https:\/\/vanderloubet.com.br\/deputado\/novo-pac-cidades-contempla-17-municipios-de-ms-com-obras-e-projetos-estruturantes\/","og_site_name":"Deputado Federal Vander Loubet","article_publisher":"https:\/\/facebook.com\/deputadovander","article_published_time":"2025-08-05T12:34:34+00:00","og_image":[{"width":960,"height":720,"url":"https:\/\/vanderloubet.com.br\/deputado\/wp-content\/uploads\/2025\/03\/foto-2025-03-20-presidente-lula-deputado-vander.jpg","type":"image\/jpeg"}],"author":"\u00c9der","twitter_card":"summary_large_image","twitter_creator":"@vanderloubet","twitter_site":"@vanderloubet","schema":{"@context":"https:\/\/schema.org","@graph":[{"@type":"Article","@id":"https:\/\/vanderloubet.com.br\/deputado\/novo-pac-cidades-contempla-17-municipios-de-ms-com-obras-e-projetos-estruturantes\/#article","isPartOf":{"@id":"https:\/\/vanderloubet.com.br\/deputado\/novo-pac-cidades-contempla-17-municipios-de-ms-com-obras-e-projetos-estruturantes\/"},"author":{"name":"\u00c9der","@id":"https:\/\/vanderloubet.com.br\/deputado\/#\/schema\/person\/15b51bd564532a8a68d9dec1b8eb890e"},"headline":"Novo PAC Cidades contempla 17 munic\u00edpios de MS com obras e projetos estruturantes","datePublished":"2025-08-05T12:34:34+00:00","mainEntityOfPage":{"@id":"https:\/\/vanderloubet.com.br\/deputado\/novo-pac-cidades-contempla-17-municipios-de-ms-com-obras-e-projetos-estruturantes\/"},"wordCount":960,"publisher":{"@id":"https:\/\/vanderloubet.com.br\/deputado\/#organization"},"image":{"@id":"https:\/\/vanderloubet.com.br\/deputado\/novo-pac-cidades-contempla-17-municipios-de-ms-com-obras-e-projetos-estruturantes\/#primaryimage"},"thumbnailUrl":"https:\/\/vanderloubet.com.br\/deputado\/wp-content\/uploads\/2025\/03\/foto-2025-03-20-presidente-lula-deputado-vander.jpg","keywords":["ant\u00f4nio jo\u00e3o","aquidauana","aral moreira","bela vista","campo grande","caracol","coxim","deod\u00e1polis","dourados","governo federal","infraestrutura","maracaju","mobilidade urbana","navira\u00ed","novo pac","ponta por\u00e3","ribas do rio pardo","rio brilhante","saneamento b\u00e1sico","sidrol\u00e2ndia","sonora","tr\u00eas lagoas"],"articleSection":["Munic\u00edpios","Not\u00edcias"],"inLanguage":"pt-BR"},{"@type":"WebPage","@id":"https:\/\/vanderloubet.com.br\/deputado\/novo-pac-cidades-contempla-17-municipios-de-ms-com-obras-e-projetos-estruturantes\/","url":"https:\/\/vanderloubet.com.br\/deputado\/novo-pac-cidades-contempla-17-municipios-de-ms-com-obras-e-projetos-estruturantes\/","name":"Novo PAC Cidades contempla 17 munic\u00edpios de MS com obras e projetos estruturantes","isPartOf":{"@id":"https:\/\/vanderloubet.com.br\/deputado\/#website"},"primaryImageOfPage":{"@id":"https:\/\/vanderloubet.com.br\/deputado\/novo-pac-cidades-contempla-17-municipios-de-ms-com-obras-e-projetos-estruturantes\/#primaryimage"},"image":{"@id":"https:\/\/vanderloubet.com.br\/deputado\/novo-pac-cidades-contempla-17-municipios-de-ms-com-obras-e-projetos-estruturantes\/#primaryimage"},"thumbnailUrl":"https:\/\/vanderloubet.com.br\/deputado\/wp-content\/uploads\/2025\/03\/foto-2025-03-20-presidente-lula-deputado-vander.jpg","datePublished":"2025-08-05T12:34:34+00:00","description":"Articula\u00e7\u00e3o do deputado Vander com o Governo Federal viabilizou investimentos em mobilidade, drenagem, saneamento e urbaniza\u00e7\u00e3o.","breadcrumb":{"@id":"https:\/\/vanderloubet.com.br\/deputado\/novo-pac-cidades-contempla-17-municipios-de-ms-com-obras-e-projetos-estruturantes\/#breadcrumb"},"inLanguage":"pt-BR","potentialAction":[{"@type":"ReadAction","target":["https:\/\/vanderloubet.com.br\/deputado\/novo-pac-cidades-contempla-17-municipios-de-ms-com-obras-e-projetos-estruturantes\/"]}]},{"@type":"ImageObject","inLanguage":"pt-BR","@id":"https:\/\/vanderloubet.com.br\/deputado\/novo-pac-cidades-contempla-17-municipios-de-ms-com-obras-e-projetos-estruturantes\/#primaryimage","url":"https:\/\/vanderloubet.com.br\/deputado\/wp-content\/uploads\/2025\/03\/foto-2025-03-20-presidente-lula-deputado-vander.jpg","contentUrl":"https:\/\/vanderloubet.com.br\/deputado\/wp-content\/uploads\/2025\/03\/foto-2025-03-20-presidente-lula-deputado-vander.jpg","width":960,"height":720,"caption":"Presidente Lula e deputado Vander Loubet"},{"@type":"BreadcrumbList","@id":"https:\/\/vanderloubet.com.br\/deputado\/novo-pac-cidades-contempla-17-municipios-de-ms-com-obras-e-projetos-estruturantes\/#breadcrumb","itemListElement":[{"@type":"ListItem","position":1,"name":"In\u00edcio","item":"https:\/\/vanderloubet.com.br\/deputado\/"},{"@type":"ListItem","position":2,"name":"Novo PAC Cidades contempla 17 munic\u00edpios de MS com obras e projetos estruturantes"}]},{"@type":"WebSite","@id":"https:\/\/vanderloubet.com.br\/deputado\/#website","url":"https:\/\/vanderloubet.com.br\/deputado\/","name":"Deputado Federal Vander Loubet","description":"O Federal de MS","publisher":{"@id":"https:\/\/vanderloubet.com.br\/deputado\/#organization"},"alternateName":"Deputado Vander","potentialAction":[{"@type":"SearchAction","target":{"@type":"EntryPoint","urlTemplate":"https:\/\/vanderloubet.com.br\/deputado\/?s={search_term_string}"},"query-input":{"@type":"PropertyValueSpecification","valueRequired":true,"valueName":"search_term_string"}}],"inLanguage":"pt-BR"},{"@type":"Organization","@id":"https:\/\/vanderloubet.com.br\/deputado\/#organization","name":"Deputado Federal Vander Loubet","alternateName":"Deputado Vander","url":"https:\/\/vanderloubet.com.br\/deputado\/","logo":{"@type":"ImageObject","inLanguage":"pt-BR","@id":"https:\/\/vanderloubet.com.br\/deputado\/#\/schema\/logo\/image\/","url":"https:\/\/vanderloubet.com.br\/deputado\/wp-content\/uploads\/2023\/06\/foto-2023-06-19-mandato-deputado-vander.jpg","contentUrl":"https:\/\/vanderloubet.com.br\/deputado\/wp-content\/uploads\/2023\/06\/foto-2023-06-19-mandato-deputado-vander.jpg","width":1080,"height":1080,"caption":"Deputado Federal Vander Loubet"},"image":{"@id":"https:\/\/vanderloubet.com.br\/deputado\/#\/schema\/logo\/image\/"},"sameAs":["https:\/\/facebook.com\/deputadovander","https:\/\/x.com\/vanderloubet","https:\/\/instagram.com\/vanderloubet","https:\/\/youtube.com\/vanderloubet","https:\/\/tiktok.com\/@vanderloubetms"]},{"@type":"Person","@id":"https:\/\/vanderloubet.com.br\/deputado\/#\/schema\/person\/15b51bd564532a8a68d9dec1b8eb890e","name":"\u00c9der","image":{"@type":"ImageObject","inLanguage":"pt-BR","@id":"https:\/\/vanderloubet.com.br\/deputado\/wp-content\/litespeed\/avatar\/88ca4090d9d5ab1c9495f6ca03b68efa.jpg?ver=1777058957","url":"https:\/\/vanderloubet.com.br\/deputado\/wp-content\/litespeed\/avatar\/88ca4090d9d5ab1c9495f6ca03b68efa.jpg?ver=1777058957","contentUrl":"https:\/\/vanderloubet.com.br\/deputado\/wp-content\/litespeed\/avatar\/88ca4090d9d5ab1c9495f6ca03b68efa.jpg?ver=1777058957","caption":"\u00c9der"}}]}},"jetpack_featured_media_url":"https:\/\/vanderloubet.com.br\/deputado\/wp-content\/uploads\/2025\/03\/foto-2025-03-20-presidente-lula-deputado-vander.jpg","jetpack_sharing_enabled":true,"_links":{"self":[{"href":"https:\/\/vanderloubet.com.br\/deputado\/wp-json\/wp\/v2\/posts\/20464","targetHints":{"allow":["GET"]}}],"collection":[{"href":"https:\/\/vanderloubet.com.br\/deputado\/wp-json\/wp\/v2\/posts"}],"about":[{"href":"https:\/\/vanderloubet.com.br\/deputado\/wp-json\/wp\/v2\/types\/post"}],"author":[{"embeddable":true,"href":"https:\/\/vanderloubet.com.br\/deputado\/wp-json\/wp\/v2\/users\/2"}],"replies":[{"embeddable":true,"href":"https:\/\/vanderloubet.com.br\/deputado\/wp-json\/wp\/v2\/comments?post=20464"}],"version-history":[{"count":1,"href":"https:\/\/vanderloubet.com.br\/deputado\/wp-json\/wp\/v2\/posts\/20464\/revisions"}],"predecessor-version":[{"id":20465,"href":"https:\/\/vanderloubet.com.br\/deputado\/wp-json\/wp\/v2\/posts\/20464\/revisions\/20465"}],"wp:featuredmedia":[{"embeddable":true,"href":"https:\/\/vanderloubet.com.br\/deputado\/wp-json\/wp\/v2\/media\/20288"}],"wp:attachment":[{"href":"https:\/\/vanderloubet.com.br\/deputado\/wp-json\/wp\/v2\/media?parent=20464"}],"wp:term":[{"taxonomy":"category","embeddable":true,"href":"https:\/\/vanderloubet.com.br\/deputado\/wp-json\/wp\/v2\/categories?post=20464"},{"taxonomy":"post_tag","embeddable":true,"href":"https:\/\/vanderloubet.com.br\/deputado\/wp-json\/wp\/v2\/tags?post=20464"}],"curies":[{"name":"wp","href":"https:\/\/api.w.org\/{rel}","templated":true}]}}