{"id":20386,"date":"2025-05-20T18:00:59","date_gmt":"2025-05-20T22:00:59","guid":{"rendered":"https:\/\/vanderloubet.com.br\/deputado\/?p=20386"},"modified":"2025-07-03T20:40:44","modified_gmt":"2025-07-04T00:40:44","slug":"bolsonaro-nao-pode-pegar-carona-na-imunidade-de-ramagem","status":"publish","type":"post","link":"https:\/\/vanderloubet.com.br\/deputado\/bolsonaro-nao-pode-pegar-carona-na-imunidade-de-ramagem\/","title":{"rendered":"Bolsonaro n\u00e3o pode pegar carona na imunidade de Ramagem"},"content":{"rendered":"<p><em>Vander Loubet*<\/em><\/p>\n<p>Venho hoje tratar de um tema que ultrapassa as circunst\u00e2ncias individuais de qualquer parlamentar e alcan\u00e7a o cerne da nossa ordem constitucional: o respeito aos limites institucionais do Poder Legislativo e a preserva\u00e7\u00e3o da separa\u00e7\u00e3o entre os Poderes da Rep\u00fablica.<\/p>\n<p>Refiro-me \u00e0 susta\u00e7\u00e3o da a\u00e7\u00e3o penal (AP) movida contra o deputado federal Alexandre Ramagem, recebida pela C\u00e2mara dos Deputados em 3 de abril e aprovada em Plen\u00e1rio no dia 7 de maio.<\/p>\n<p>Tal decis\u00e3o, \u00e9 preciso dizer com clareza e firmeza, contraria o texto expresso da Constitui\u00e7\u00e3o Federal e a interpreta\u00e7\u00e3o pacificada pelo Supremo Tribunal Federal (STF), configurando-se como ato inconstitucional e um perigoso precedente para o Estado Democr\u00e1tico de Direito.<\/p>\n<p>A Constitui\u00e7\u00e3o, em seu artigo 53, p\u00e1ragrafo 3\u00ba, disp\u00f5e de forma inequ\u00edvoca: &#8220;Recebida a den\u00fancia contra o deputado ou senador por crime ocorrido ap\u00f3s a diploma\u00e7\u00e3o, o Supremo Tribunal Federal dar\u00e1 ci\u00eancia \u00e0 Casa respectiva, que poder\u00e1, por iniciativa de partido pol\u00edtico nela representado e pelo voto da maioria de seus membros, sustar o andamento da a\u00e7\u00e3o.&#8221;<\/p>\n<p>Esta prerrogativa n\u00e3o \u00e9 um salvo-conduto nem uma autoriza\u00e7\u00e3o para obstru\u00e7\u00e3o da Justi\u00e7a. Trata-se de instrumento excepcional, conferido exclusivamente ao parlamentar e apenas nos limites da sua fun\u00e7\u00e3o legislativa.<\/p>\n<p>O pr\u00f3prio texto constitucional circunscreve essa medida aos crimes praticados ap\u00f3s a diploma\u00e7\u00e3o e restringe sua efic\u00e1cia \u00e0 pessoa do deputado ou senador processado.<\/p>\n<p>Estender os efeitos dessa susta\u00e7\u00e3o a terceiros n\u00e3o detentores de mandato parlamentar, como ocorre no caso ora debatido, representa clara extrapola\u00e7\u00e3o do texto constitucional. N\u00e3o se trata de interpreta\u00e7\u00e3o extensiva admiss\u00edvel, mas de distor\u00e7\u00e3o da norma constitucional.<\/p>\n<p>A C\u00e2mara dos Deputados n\u00e3o possui, por delega\u00e7\u00e3o ou deriva\u00e7\u00e3o, compet\u00eancia para interromper o curso processual de acusados que n\u00e3o estejam investidos de mandato parlamentar federal.<\/p>\n<p>A jurisprud\u00eancia do STF tamb\u00e9m \u00e9 firme quanto a essa mat\u00e9ria. A S\u00famula 245 do STF estabelece com nitidez o seguinte entendimento: &#8220;A imunidade parlamentar n\u00e3o se estende ao corr\u00e9u sem essa prerrogativa.&#8221;<\/p>\n<p>Trata-se de orienta\u00e7\u00e3o consolidada e reiterada ao longo dos anos. A imunidade formal do parlamentar, inclusive a possibilidade de susta\u00e7\u00e3o da a\u00e7\u00e3o penal, n\u00e3o se projeta para al\u00e9m da figura do congressista. A decis\u00e3o que susta o andamento de uma a\u00e7\u00e3o penal deve produzir efeitos personal\u00edssimos, n\u00e3o podendo atingir coautores ou corr\u00e9us n\u00e3o investidos do mesmo mandato. O respeito \u00e0 Constitui\u00e7\u00e3o n\u00e3o \u00e9 mera formalidade, \u00e9 o pilar da nossa legitimidade institucional.<\/p>\n<p>Quando esta Casa extrapola suas compet\u00eancias e usurpa a fun\u00e7\u00e3o do Judici\u00e1rio, mesmo que em nome de um de seus membros, ela compromete sua autoridade e a confian\u00e7a da sociedade nas institui\u00e7\u00f5es democr\u00e1ticas. Por tudo isso, urge que esta susta\u00e7\u00e3o seja revista, anulada, bem como desconsiderada em seus efeitos sobre n\u00e3o parlamentares, restabelecendo-se o devido processo legal e o regular andamento da persecu\u00e7\u00e3o penal.<\/p>\n<p>Que o deputado responda nos limites da lei, com suas garantias constitucionais resguardadas, e que os demais acusados enfrentem as consequ\u00eancias dos atos que lhes s\u00e3o atribu\u00eddos nos canais pr\u00f3prios da Justi\u00e7a, sem interfer\u00eancia indevida do Parlamento.<\/p>\n<p>Finalizo reafirmando: n\u00e3o h\u00e1 imunidade sem limite. N\u00e3o h\u00e1 prerrogativa sem responsabilidade. N\u00e3o h\u00e1 Parlamento acima da Constitui\u00e7\u00e3o. Se queremos fortalecer a C\u00e2mara dos Deputados, que o fa\u00e7amos dentro da legalidade, e n\u00e3o \u00e0 margem dela.<\/p>\n<p><em>*Deputado federal (PT-MS)<\/em><\/p>\n<pre><em>Foto: Gabriel de Paiva\/Ag\u00eancia O Globo<\/em><\/pre>\n","protected":false},"excerpt":{"rendered":"<p>Para Vander, estender efeitos da imunidade a terceiros n\u00e3o detentores de mandato parlamentar \u00e9 extrapola\u00e7\u00e3o do texto constitucional.<\/p>\n","protected":false},"author":2,"featured_media":20387,"comment_status":"closed","ping_status":"closed","sticky":false,"template":"","format":"standard","meta":{"jetpack_post_was_ever_published":false,"_jetpack_newsletter_access":"","_jetpack_dont_email_post_to_subs":false,"_jetpack_newsletter_tier_id":0,"_jetpack_memberships_contains_paywalled_content":false,"_jetpack_memberships_contains_paid_content":false,"footnotes":""},"categories":[11],"tags":[2143,1107,1430],"class_list":{"0":"post-20386","1":"post","2":"type-post","3":"status-publish","4":"format-standard","5":"has-post-thumbnail","7":"category-opinioes","8":"tag-camara-dos-deputados","9":"tag-justica","10":"tag-opiniao"},"yoast_head":"<!-- This site is optimized with the Yoast SEO plugin v27.4 - https:\/\/yoast.com\/product\/yoast-seo-wordpress\/ -->\n<title>Bolsonaro n\u00e3o pode pegar carona na imunidade de Ramagem<\/title>\n<meta name=\"description\" content=\"Para Vander, estender efeitos da imunidade a terceiros n\u00e3o detentores de mandato parlamentar \u00e9 extrapola\u00e7\u00e3o do texto constitucional.\" \/>\n<meta name=\"robots\" content=\"index, follow, max-snippet:-1, max-image-preview:large, max-video-preview:-1\" \/>\n<link rel=\"canonical\" href=\"https:\/\/vanderloubet.com.br\/deputado\/bolsonaro-nao-pode-pegar-carona-na-imunidade-de-ramagem\/\" \/>\n<meta property=\"og:locale\" content=\"pt_BR\" \/>\n<meta property=\"og:type\" content=\"article\" \/>\n<meta property=\"og:title\" content=\"Bolsonaro n\u00e3o pode pegar carona na imunidade de Ramagem\" \/>\n<meta property=\"og:description\" content=\"Para Vander, estender efeitos da imunidade a terceiros n\u00e3o detentores de mandato parlamentar \u00e9 extrapola\u00e7\u00e3o do texto constitucional.\" \/>\n<meta property=\"og:url\" content=\"https:\/\/vanderloubet.com.br\/deputado\/bolsonaro-nao-pode-pegar-carona-na-imunidade-de-ramagem\/\" \/>\n<meta property=\"og:site_name\" content=\"Deputado Federal Vander Loubet\" \/>\n<meta property=\"article:publisher\" content=\"https:\/\/facebook.com\/deputadovander\" \/>\n<meta property=\"article:published_time\" content=\"2025-05-20T22:00:59+00:00\" \/>\n<meta property=\"article:modified_time\" content=\"2025-07-04T00:40:44+00:00\" \/>\n<meta property=\"og:image\" content=\"https:\/\/vanderloubet.com.br\/deputado\/wp-content\/uploads\/2025\/07\/foto-2025-05-20-bolsonaro-ramagem-acao-penal.jpg\" \/>\n\t<meta property=\"og:image:width\" content=\"960\" \/>\n\t<meta property=\"og:image:height\" content=\"640\" \/>\n\t<meta property=\"og:image:type\" content=\"image\/jpeg\" \/>\n<meta name=\"author\" content=\"\u00c9der\" \/>\n<meta name=\"twitter:card\" content=\"summary_large_image\" \/>\n<meta name=\"twitter:creator\" content=\"@vanderloubet\" \/>\n<meta name=\"twitter:site\" content=\"@vanderloubet\" \/>\n<script type=\"application\/ld+json\" class=\"yoast-schema-graph\">{\"@context\":\"https:\\\/\\\/schema.org\",\"@graph\":[{\"@type\":\"Article\",\"@id\":\"https:\\\/\\\/vanderloubet.com.br\\\/deputado\\\/bolsonaro-nao-pode-pegar-carona-na-imunidade-de-ramagem\\\/#article\",\"isPartOf\":{\"@id\":\"https:\\\/\\\/vanderloubet.com.br\\\/deputado\\\/bolsonaro-nao-pode-pegar-carona-na-imunidade-de-ramagem\\\/\"},\"author\":{\"name\":\"\u00c9der\",\"@id\":\"https:\\\/\\\/vanderloubet.com.br\\\/deputado\\\/#\\\/schema\\\/person\\\/15b51bd564532a8a68d9dec1b8eb890e\"},\"headline\":\"Bolsonaro n\u00e3o pode pegar carona na imunidade de Ramagem\",\"datePublished\":\"2025-05-20T22:00:59+00:00\",\"dateModified\":\"2025-07-04T00:40:44+00:00\",\"mainEntityOfPage\":{\"@id\":\"https:\\\/\\\/vanderloubet.com.br\\\/deputado\\\/bolsonaro-nao-pode-pegar-carona-na-imunidade-de-ramagem\\\/\"},\"wordCount\":612,\"publisher\":{\"@id\":\"https:\\\/\\\/vanderloubet.com.br\\\/deputado\\\/#organization\"},\"image\":{\"@id\":\"https:\\\/\\\/vanderloubet.com.br\\\/deputado\\\/bolsonaro-nao-pode-pegar-carona-na-imunidade-de-ramagem\\\/#primaryimage\"},\"thumbnailUrl\":\"https:\\\/\\\/vanderloubet.com.br\\\/deputado\\\/wp-content\\\/uploads\\\/2025\\\/07\\\/foto-2025-05-20-bolsonaro-ramagem-acao-penal.jpg\",\"keywords\":[\"c\u00e2mara dos deputados\",\"justi\u00e7a\",\"opini\u00e3o\"],\"articleSection\":[\"Opini\u00e3o\"],\"inLanguage\":\"pt-BR\"},{\"@type\":\"WebPage\",\"@id\":\"https:\\\/\\\/vanderloubet.com.br\\\/deputado\\\/bolsonaro-nao-pode-pegar-carona-na-imunidade-de-ramagem\\\/\",\"url\":\"https:\\\/\\\/vanderloubet.com.br\\\/deputado\\\/bolsonaro-nao-pode-pegar-carona-na-imunidade-de-ramagem\\\/\",\"name\":\"Bolsonaro n\u00e3o pode pegar carona na imunidade de Ramagem\",\"isPartOf\":{\"@id\":\"https:\\\/\\\/vanderloubet.com.br\\\/deputado\\\/#website\"},\"primaryImageOfPage\":{\"@id\":\"https:\\\/\\\/vanderloubet.com.br\\\/deputado\\\/bolsonaro-nao-pode-pegar-carona-na-imunidade-de-ramagem\\\/#primaryimage\"},\"image\":{\"@id\":\"https:\\\/\\\/vanderloubet.com.br\\\/deputado\\\/bolsonaro-nao-pode-pegar-carona-na-imunidade-de-ramagem\\\/#primaryimage\"},\"thumbnailUrl\":\"https:\\\/\\\/vanderloubet.com.br\\\/deputado\\\/wp-content\\\/uploads\\\/2025\\\/07\\\/foto-2025-05-20-bolsonaro-ramagem-acao-penal.jpg\",\"datePublished\":\"2025-05-20T22:00:59+00:00\",\"dateModified\":\"2025-07-04T00:40:44+00:00\",\"description\":\"Para Vander, estender efeitos da imunidade a terceiros n\u00e3o detentores de mandato parlamentar \u00e9 extrapola\u00e7\u00e3o do texto constitucional.\",\"breadcrumb\":{\"@id\":\"https:\\\/\\\/vanderloubet.com.br\\\/deputado\\\/bolsonaro-nao-pode-pegar-carona-na-imunidade-de-ramagem\\\/#breadcrumb\"},\"inLanguage\":\"pt-BR\",\"potentialAction\":[{\"@type\":\"ReadAction\",\"target\":[\"https:\\\/\\\/vanderloubet.com.br\\\/deputado\\\/bolsonaro-nao-pode-pegar-carona-na-imunidade-de-ramagem\\\/\"]}]},{\"@type\":\"ImageObject\",\"inLanguage\":\"pt-BR\",\"@id\":\"https:\\\/\\\/vanderloubet.com.br\\\/deputado\\\/bolsonaro-nao-pode-pegar-carona-na-imunidade-de-ramagem\\\/#primaryimage\",\"url\":\"https:\\\/\\\/vanderloubet.com.br\\\/deputado\\\/wp-content\\\/uploads\\\/2025\\\/07\\\/foto-2025-05-20-bolsonaro-ramagem-acao-penal.jpg\",\"contentUrl\":\"https:\\\/\\\/vanderloubet.com.br\\\/deputado\\\/wp-content\\\/uploads\\\/2025\\\/07\\\/foto-2025-05-20-bolsonaro-ramagem-acao-penal.jpg\",\"width\":960,\"height\":640,\"caption\":\"Bolsonaro n\u00e3o pode pegar carona na imunidade de Ramagem\"},{\"@type\":\"BreadcrumbList\",\"@id\":\"https:\\\/\\\/vanderloubet.com.br\\\/deputado\\\/bolsonaro-nao-pode-pegar-carona-na-imunidade-de-ramagem\\\/#breadcrumb\",\"itemListElement\":[{\"@type\":\"ListItem\",\"position\":1,\"name\":\"In\u00edcio\",\"item\":\"https:\\\/\\\/vanderloubet.com.br\\\/deputado\\\/\"},{\"@type\":\"ListItem\",\"position\":2,\"name\":\"Bolsonaro n\u00e3o pode pegar carona na imunidade de Ramagem\"}]},{\"@type\":\"WebSite\",\"@id\":\"https:\\\/\\\/vanderloubet.com.br\\\/deputado\\\/#website\",\"url\":\"https:\\\/\\\/vanderloubet.com.br\\\/deputado\\\/\",\"name\":\"Deputado Federal Vander Loubet\",\"description\":\"O Federal de MS\",\"publisher\":{\"@id\":\"https:\\\/\\\/vanderloubet.com.br\\\/deputado\\\/#organization\"},\"alternateName\":\"Deputado Vander\",\"potentialAction\":[{\"@type\":\"SearchAction\",\"target\":{\"@type\":\"EntryPoint\",\"urlTemplate\":\"https:\\\/\\\/vanderloubet.com.br\\\/deputado\\\/?s={search_term_string}\"},\"query-input\":{\"@type\":\"PropertyValueSpecification\",\"valueRequired\":true,\"valueName\":\"search_term_string\"}}],\"inLanguage\":\"pt-BR\"},{\"@type\":\"Organization\",\"@id\":\"https:\\\/\\\/vanderloubet.com.br\\\/deputado\\\/#organization\",\"name\":\"Deputado Federal Vander Loubet\",\"alternateName\":\"Deputado Vander\",\"url\":\"https:\\\/\\\/vanderloubet.com.br\\\/deputado\\\/\",\"logo\":{\"@type\":\"ImageObject\",\"inLanguage\":\"pt-BR\",\"@id\":\"https:\\\/\\\/vanderloubet.com.br\\\/deputado\\\/#\\\/schema\\\/logo\\\/image\\\/\",\"url\":\"https:\\\/\\\/vanderloubet.com.br\\\/deputado\\\/wp-content\\\/uploads\\\/2023\\\/06\\\/foto-2023-06-19-mandato-deputado-vander.jpg\",\"contentUrl\":\"https:\\\/\\\/vanderloubet.com.br\\\/deputado\\\/wp-content\\\/uploads\\\/2023\\\/06\\\/foto-2023-06-19-mandato-deputado-vander.jpg\",\"width\":1080,\"height\":1080,\"caption\":\"Deputado Federal Vander Loubet\"},\"image\":{\"@id\":\"https:\\\/\\\/vanderloubet.com.br\\\/deputado\\\/#\\\/schema\\\/logo\\\/image\\\/\"},\"sameAs\":[\"https:\\\/\\\/facebook.com\\\/deputadovander\",\"https:\\\/\\\/x.com\\\/vanderloubet\",\"https:\\\/\\\/instagram.com\\\/vanderloubet\",\"https:\\\/\\\/youtube.com\\\/vanderloubet\",\"https:\\\/\\\/tiktok.com\\\/@vanderloubetms\"]},{\"@type\":\"Person\",\"@id\":\"https:\\\/\\\/vanderloubet.com.br\\\/deputado\\\/#\\\/schema\\\/person\\\/15b51bd564532a8a68d9dec1b8eb890e\",\"name\":\"\u00c9der\",\"image\":{\"@type\":\"ImageObject\",\"inLanguage\":\"pt-BR\",\"@id\":\"https:\\\/\\\/vanderloubet.com.br\\\/deputado\\\/wp-content\\\/litespeed\\\/avatar\\\/88ca4090d9d5ab1c9495f6ca03b68efa.jpg?ver=1777058957\",\"url\":\"https:\\\/\\\/vanderloubet.com.br\\\/deputado\\\/wp-content\\\/litespeed\\\/avatar\\\/88ca4090d9d5ab1c9495f6ca03b68efa.jpg?ver=1777058957\",\"contentUrl\":\"https:\\\/\\\/vanderloubet.com.br\\\/deputado\\\/wp-content\\\/litespeed\\\/avatar\\\/88ca4090d9d5ab1c9495f6ca03b68efa.jpg?ver=1777058957\",\"caption\":\"\u00c9der\"}}]}<\/script>\n<!-- \/ Yoast SEO plugin. -->","yoast_head_json":{"title":"Bolsonaro n\u00e3o pode pegar carona na imunidade de Ramagem","description":"Para Vander, estender efeitos da imunidade a terceiros n\u00e3o detentores de mandato parlamentar \u00e9 extrapola\u00e7\u00e3o do texto constitucional.","robots":{"index":"index","follow":"follow","max-snippet":"max-snippet:-1","max-image-preview":"max-image-preview:large","max-video-preview":"max-video-preview:-1"},"canonical":"https:\/\/vanderloubet.com.br\/deputado\/bolsonaro-nao-pode-pegar-carona-na-imunidade-de-ramagem\/","og_locale":"pt_BR","og_type":"article","og_title":"Bolsonaro n\u00e3o pode pegar carona na imunidade de Ramagem","og_description":"Para Vander, estender efeitos da imunidade a terceiros n\u00e3o detentores de mandato parlamentar \u00e9 extrapola\u00e7\u00e3o do texto constitucional.","og_url":"https:\/\/vanderloubet.com.br\/deputado\/bolsonaro-nao-pode-pegar-carona-na-imunidade-de-ramagem\/","og_site_name":"Deputado Federal Vander Loubet","article_publisher":"https:\/\/facebook.com\/deputadovander","article_published_time":"2025-05-20T22:00:59+00:00","article_modified_time":"2025-07-04T00:40:44+00:00","og_image":[{"width":960,"height":640,"url":"https:\/\/vanderloubet.com.br\/deputado\/wp-content\/uploads\/2025\/07\/foto-2025-05-20-bolsonaro-ramagem-acao-penal.jpg","type":"image\/jpeg"}],"author":"\u00c9der","twitter_card":"summary_large_image","twitter_creator":"@vanderloubet","twitter_site":"@vanderloubet","schema":{"@context":"https:\/\/schema.org","@graph":[{"@type":"Article","@id":"https:\/\/vanderloubet.com.br\/deputado\/bolsonaro-nao-pode-pegar-carona-na-imunidade-de-ramagem\/#article","isPartOf":{"@id":"https:\/\/vanderloubet.com.br\/deputado\/bolsonaro-nao-pode-pegar-carona-na-imunidade-de-ramagem\/"},"author":{"name":"\u00c9der","@id":"https:\/\/vanderloubet.com.br\/deputado\/#\/schema\/person\/15b51bd564532a8a68d9dec1b8eb890e"},"headline":"Bolsonaro n\u00e3o pode pegar carona na imunidade de Ramagem","datePublished":"2025-05-20T22:00:59+00:00","dateModified":"2025-07-04T00:40:44+00:00","mainEntityOfPage":{"@id":"https:\/\/vanderloubet.com.br\/deputado\/bolsonaro-nao-pode-pegar-carona-na-imunidade-de-ramagem\/"},"wordCount":612,"publisher":{"@id":"https:\/\/vanderloubet.com.br\/deputado\/#organization"},"image":{"@id":"https:\/\/vanderloubet.com.br\/deputado\/bolsonaro-nao-pode-pegar-carona-na-imunidade-de-ramagem\/#primaryimage"},"thumbnailUrl":"https:\/\/vanderloubet.com.br\/deputado\/wp-content\/uploads\/2025\/07\/foto-2025-05-20-bolsonaro-ramagem-acao-penal.jpg","keywords":["c\u00e2mara dos deputados","justi\u00e7a","opini\u00e3o"],"articleSection":["Opini\u00e3o"],"inLanguage":"pt-BR"},{"@type":"WebPage","@id":"https:\/\/vanderloubet.com.br\/deputado\/bolsonaro-nao-pode-pegar-carona-na-imunidade-de-ramagem\/","url":"https:\/\/vanderloubet.com.br\/deputado\/bolsonaro-nao-pode-pegar-carona-na-imunidade-de-ramagem\/","name":"Bolsonaro n\u00e3o pode pegar carona na imunidade de Ramagem","isPartOf":{"@id":"https:\/\/vanderloubet.com.br\/deputado\/#website"},"primaryImageOfPage":{"@id":"https:\/\/vanderloubet.com.br\/deputado\/bolsonaro-nao-pode-pegar-carona-na-imunidade-de-ramagem\/#primaryimage"},"image":{"@id":"https:\/\/vanderloubet.com.br\/deputado\/bolsonaro-nao-pode-pegar-carona-na-imunidade-de-ramagem\/#primaryimage"},"thumbnailUrl":"https:\/\/vanderloubet.com.br\/deputado\/wp-content\/uploads\/2025\/07\/foto-2025-05-20-bolsonaro-ramagem-acao-penal.jpg","datePublished":"2025-05-20T22:00:59+00:00","dateModified":"2025-07-04T00:40:44+00:00","description":"Para Vander, estender efeitos da imunidade a terceiros n\u00e3o detentores de mandato parlamentar \u00e9 extrapola\u00e7\u00e3o do texto constitucional.","breadcrumb":{"@id":"https:\/\/vanderloubet.com.br\/deputado\/bolsonaro-nao-pode-pegar-carona-na-imunidade-de-ramagem\/#breadcrumb"},"inLanguage":"pt-BR","potentialAction":[{"@type":"ReadAction","target":["https:\/\/vanderloubet.com.br\/deputado\/bolsonaro-nao-pode-pegar-carona-na-imunidade-de-ramagem\/"]}]},{"@type":"ImageObject","inLanguage":"pt-BR","@id":"https:\/\/vanderloubet.com.br\/deputado\/bolsonaro-nao-pode-pegar-carona-na-imunidade-de-ramagem\/#primaryimage","url":"https:\/\/vanderloubet.com.br\/deputado\/wp-content\/uploads\/2025\/07\/foto-2025-05-20-bolsonaro-ramagem-acao-penal.jpg","contentUrl":"https:\/\/vanderloubet.com.br\/deputado\/wp-content\/uploads\/2025\/07\/foto-2025-05-20-bolsonaro-ramagem-acao-penal.jpg","width":960,"height":640,"caption":"Bolsonaro n\u00e3o pode pegar carona na imunidade de Ramagem"},{"@type":"BreadcrumbList","@id":"https:\/\/vanderloubet.com.br\/deputado\/bolsonaro-nao-pode-pegar-carona-na-imunidade-de-ramagem\/#breadcrumb","itemListElement":[{"@type":"ListItem","position":1,"name":"In\u00edcio","item":"https:\/\/vanderloubet.com.br\/deputado\/"},{"@type":"ListItem","position":2,"name":"Bolsonaro n\u00e3o pode pegar carona na imunidade de Ramagem"}]},{"@type":"WebSite","@id":"https:\/\/vanderloubet.com.br\/deputado\/#website","url":"https:\/\/vanderloubet.com.br\/deputado\/","name":"Deputado Federal Vander Loubet","description":"O Federal de MS","publisher":{"@id":"https:\/\/vanderloubet.com.br\/deputado\/#organization"},"alternateName":"Deputado Vander","potentialAction":[{"@type":"SearchAction","target":{"@type":"EntryPoint","urlTemplate":"https:\/\/vanderloubet.com.br\/deputado\/?s={search_term_string}"},"query-input":{"@type":"PropertyValueSpecification","valueRequired":true,"valueName":"search_term_string"}}],"inLanguage":"pt-BR"},{"@type":"Organization","@id":"https:\/\/vanderloubet.com.br\/deputado\/#organization","name":"Deputado Federal Vander Loubet","alternateName":"Deputado Vander","url":"https:\/\/vanderloubet.com.br\/deputado\/","logo":{"@type":"ImageObject","inLanguage":"pt-BR","@id":"https:\/\/vanderloubet.com.br\/deputado\/#\/schema\/logo\/image\/","url":"https:\/\/vanderloubet.com.br\/deputado\/wp-content\/uploads\/2023\/06\/foto-2023-06-19-mandato-deputado-vander.jpg","contentUrl":"https:\/\/vanderloubet.com.br\/deputado\/wp-content\/uploads\/2023\/06\/foto-2023-06-19-mandato-deputado-vander.jpg","width":1080,"height":1080,"caption":"Deputado Federal Vander Loubet"},"image":{"@id":"https:\/\/vanderloubet.com.br\/deputado\/#\/schema\/logo\/image\/"},"sameAs":["https:\/\/facebook.com\/deputadovander","https:\/\/x.com\/vanderloubet","https:\/\/instagram.com\/vanderloubet","https:\/\/youtube.com\/vanderloubet","https:\/\/tiktok.com\/@vanderloubetms"]},{"@type":"Person","@id":"https:\/\/vanderloubet.com.br\/deputado\/#\/schema\/person\/15b51bd564532a8a68d9dec1b8eb890e","name":"\u00c9der","image":{"@type":"ImageObject","inLanguage":"pt-BR","@id":"https:\/\/vanderloubet.com.br\/deputado\/wp-content\/litespeed\/avatar\/88ca4090d9d5ab1c9495f6ca03b68efa.jpg?ver=1777058957","url":"https:\/\/vanderloubet.com.br\/deputado\/wp-content\/litespeed\/avatar\/88ca4090d9d5ab1c9495f6ca03b68efa.jpg?ver=1777058957","contentUrl":"https:\/\/vanderloubet.com.br\/deputado\/wp-content\/litespeed\/avatar\/88ca4090d9d5ab1c9495f6ca03b68efa.jpg?ver=1777058957","caption":"\u00c9der"}}]}},"jetpack_featured_media_url":"https:\/\/vanderloubet.com.br\/deputado\/wp-content\/uploads\/2025\/07\/foto-2025-05-20-bolsonaro-ramagem-acao-penal.jpg","jetpack_sharing_enabled":true,"_links":{"self":[{"href":"https:\/\/vanderloubet.com.br\/deputado\/wp-json\/wp\/v2\/posts\/20386","targetHints":{"allow":["GET"]}}],"collection":[{"href":"https:\/\/vanderloubet.com.br\/deputado\/wp-json\/wp\/v2\/posts"}],"about":[{"href":"https:\/\/vanderloubet.com.br\/deputado\/wp-json\/wp\/v2\/types\/post"}],"author":[{"embeddable":true,"href":"https:\/\/vanderloubet.com.br\/deputado\/wp-json\/wp\/v2\/users\/2"}],"replies":[{"embeddable":true,"href":"https:\/\/vanderloubet.com.br\/deputado\/wp-json\/wp\/v2\/comments?post=20386"}],"version-history":[{"count":3,"href":"https:\/\/vanderloubet.com.br\/deputado\/wp-json\/wp\/v2\/posts\/20386\/revisions"}],"predecessor-version":[{"id":20390,"href":"https:\/\/vanderloubet.com.br\/deputado\/wp-json\/wp\/v2\/posts\/20386\/revisions\/20390"}],"wp:featuredmedia":[{"embeddable":true,"href":"https:\/\/vanderloubet.com.br\/deputado\/wp-json\/wp\/v2\/media\/20387"}],"wp:attachment":[{"href":"https:\/\/vanderloubet.com.br\/deputado\/wp-json\/wp\/v2\/media?parent=20386"}],"wp:term":[{"taxonomy":"category","embeddable":true,"href":"https:\/\/vanderloubet.com.br\/deputado\/wp-json\/wp\/v2\/categories?post=20386"},{"taxonomy":"post_tag","embeddable":true,"href":"https:\/\/vanderloubet.com.br\/deputado\/wp-json\/wp\/v2\/tags?post=20386"}],"curies":[{"name":"wp","href":"https:\/\/api.w.org\/{rel}","templated":true}]}}