{"id":20321,"date":"2025-04-08T15:44:09","date_gmt":"2025-04-08T19:44:09","guid":{"rendered":"https:\/\/vanderloubet.com.br\/deputado\/?p=20321"},"modified":"2025-04-08T16:06:51","modified_gmt":"2025-04-08T20:06:51","slug":"vander-solicita-a-ufms-titulo-de-doutor-honoris-causa-ao-professor-pedro-chaves","status":"publish","type":"post","link":"https:\/\/vanderloubet.com.br\/deputado\/vander-solicita-a-ufms-titulo-de-doutor-honoris-causa-ao-professor-pedro-chaves\/","title":{"rendered":"Vander solicita \u00e0 UFMS t\u00edtulo de Doutor Honoris Causa ao professor Pedro Chaves"},"content":{"rendered":"<p>Nesta segunda-feira (7), ap\u00f3s solenidade de lan\u00e7amento de projetos da Universidade Federal de Mato Grosso do Sul (UFMS) financiados por suas emendas parlamentares, o deputado federal Vander Loubet (PT-MS) protocolou junto \u00e0 reitora Camila \u00cdtavo um of\u00edcio no qual solicita a concess\u00e3o do t\u00edtulo de Doutor Honoris Causa da Universidade ao professor Pedro Chaves dos Santos Filho por seus relevantes servi\u00e7os prestados \u00e0 educa\u00e7\u00e3o do estado.<\/p>\n<p>A reitora enalteceu a iniciativa do deputado e afirmou que submeter\u00e1 a solicita\u00e7\u00e3o ao Conselho da UFMS, que \u00e9 o \u00f3rg\u00e3o da Universidade respons\u00e1vel pela an\u00e1lise desse tipo de indica\u00e7\u00e3o.<\/p>\n<p>Ao justificar seu pedido, Vander afirmou que a trajet\u00f3ria e as realiza\u00e7\u00f5es do professor Pedro Chaves s\u00e3o o melhor argumento para a defesa desse t\u00edtulo.<\/p>\n<p>&#8220;N\u00e3o \u00e9 t\u00e3o dif\u00edcil assim falar sobre o professor Pedro Chaves. Dif\u00edcil \u00e9 acertar com precis\u00e3o as suas in\u00fameras qualidades. Um cidad\u00e3o completo: pai de fam\u00edlia, empres\u00e1rio, pol\u00edtico, palestrante, articulista, professor, escritor, educador&#8221;, pontuou o deputado.<\/p>\n<p>Entre as realiza\u00e7\u00f5es do professor, Vander cita o t\u00edtulo de Doutor Honoris Causa pelo Centro Universit\u00e1rio de Bras\u00edlia (Ceub), a cadeira de imortal na Academia Sul-Mato-Grossense de Letras (ASL) e o cargo de associado em\u00e9rito do Instituto Hist\u00f3rico e Geogr\u00e1fico de Mato Grosso do Sul (IHGMS), al\u00e9m de suas in\u00fameras realiza\u00e7\u00f5es no campo da educa\u00e7\u00e3o.<\/p>\n<p>&#8220;Foi o fundador de um dos maiores conglomerados educacionais do Brasil, que incluiu o Centro de Ensino Superior Professor Pl\u00ednio Mendes dos Santos (Cesup), que depois foi transformado na Universidade para o Desenvolvimento do Estado e Regi\u00e3o do Pantanal (Uniderp). Seu legado tamb\u00e9m est\u00e1 presente na Faculdade Insted. E n\u00e3o posso deixar de citar com carinho especial a Escola Mace (Moderna Associa\u00e7\u00e3o Campo-Grandense de Ensino), onde tive o orgulho de estudar na adolesc\u00eancia&#8221;, ponderou o parlamentar pantaneiro.<\/p>\n<p>A entrega do t\u00edtulo Doutor Honoris Causa \u00e9 um dos maiores reconhecimentos acad\u00eamicos de uma institui\u00e7\u00e3o universit\u00e1ria e busca celebrar as pessoas que serviram de exemplo para a comunidade universit\u00e1ria e para a sociedade. &#8220;Sendo assim, julgamos muito justa a nossa indica\u00e7\u00e3o \u00e0 UFMS e esperamos que o Conselho Universit\u00e1rio possa compartilhar desse nosso olhar de admira\u00e7\u00e3o ao professor Pedro Chaves&#8221;, concluiu Vander.<\/p>\n<pre><em>Texto: \u00c9der F. Yanaguita<\/em><\/pre>\n","protected":false},"excerpt":{"rendered":"<p>Ao justificar pedido, deputado afirmou que trajet\u00f3ria e realiza\u00e7\u00f5es do professor s\u00e3o o melhor argumento para a defesa desse t\u00edtulo.<\/p>\n","protected":false},"author":2,"featured_media":20322,"comment_status":"closed","ping_status":"closed","sticky":false,"template":"","format":"standard","meta":{"jetpack_post_was_ever_published":false,"_jetpack_newsletter_access":"","_jetpack_dont_email_post_to_subs":false,"_jetpack_newsletter_tier_id":0,"_jetpack_memberships_contains_paywalled_content":false,"_jetpack_memberships_contains_paid_content":false,"footnotes":""},"categories":[2099,10],"tags":[697],"class_list":{"0":"post-20321","1":"post","2":"type-post","3":"status-publish","4":"format-standard","5":"has-post-thumbnail","7":"category-ms-noticias","8":"category-noticias","9":"tag-educacao"},"yoast_head":"<!-- This site is optimized with the Yoast SEO plugin v27.4 - https:\/\/yoast.com\/product\/yoast-seo-wordpress\/ -->\n<title>Vander solicita \u00e0 UFMS t\u00edtulo de Doutor Honoris Causa ao professor Pedro Chaves<\/title>\n<meta name=\"description\" content=\"Ao justificar pedido, deputado afirmou que trajet\u00f3ria e realiza\u00e7\u00f5es do professor s\u00e3o o melhor argumento para a defesa desse t\u00edtulo.\" \/>\n<meta name=\"robots\" content=\"index, follow, max-snippet:-1, max-image-preview:large, max-video-preview:-1\" \/>\n<link rel=\"canonical\" href=\"https:\/\/vanderloubet.com.br\/deputado\/vander-solicita-a-ufms-titulo-de-doutor-honoris-causa-ao-professor-pedro-chaves\/\" \/>\n<meta property=\"og:locale\" content=\"pt_BR\" \/>\n<meta property=\"og:type\" content=\"article\" \/>\n<meta property=\"og:title\" content=\"Vander solicita \u00e0 UFMS t\u00edtulo de Doutor Honoris Causa ao professor Pedro Chaves\" \/>\n<meta property=\"og:description\" content=\"Ao justificar pedido, deputado afirmou que trajet\u00f3ria e realiza\u00e7\u00f5es do professor s\u00e3o o melhor argumento para a defesa desse t\u00edtulo.\" \/>\n<meta property=\"og:url\" content=\"https:\/\/vanderloubet.com.br\/deputado\/vander-solicita-a-ufms-titulo-de-doutor-honoris-causa-ao-professor-pedro-chaves\/\" \/>\n<meta property=\"og:site_name\" content=\"Deputado Federal Vander Loubet\" \/>\n<meta property=\"article:publisher\" content=\"https:\/\/facebook.com\/deputadovander\" \/>\n<meta property=\"article:published_time\" content=\"2025-04-08T19:44:09+00:00\" \/>\n<meta property=\"article:modified_time\" content=\"2025-04-08T20:06:51+00:00\" \/>\n<meta property=\"og:image\" content=\"https:\/\/vanderloubet.com.br\/deputado\/wp-content\/uploads\/2025\/04\/foto-2025-04-08-professor-pedro-chaves.jpg\" \/>\n\t<meta property=\"og:image:width\" content=\"960\" \/>\n\t<meta property=\"og:image:height\" content=\"640\" \/>\n\t<meta property=\"og:image:type\" content=\"image\/jpeg\" \/>\n<meta name=\"author\" content=\"\u00c9der\" \/>\n<meta name=\"twitter:card\" content=\"summary_large_image\" \/>\n<meta name=\"twitter:creator\" content=\"@vanderloubet\" \/>\n<meta name=\"twitter:site\" content=\"@vanderloubet\" \/>\n<script type=\"application\/ld+json\" class=\"yoast-schema-graph\">{\"@context\":\"https:\\\/\\\/schema.org\",\"@graph\":[{\"@type\":\"Article\",\"@id\":\"https:\\\/\\\/vanderloubet.com.br\\\/deputado\\\/vander-solicita-a-ufms-titulo-de-doutor-honoris-causa-ao-professor-pedro-chaves\\\/#article\",\"isPartOf\":{\"@id\":\"https:\\\/\\\/vanderloubet.com.br\\\/deputado\\\/vander-solicita-a-ufms-titulo-de-doutor-honoris-causa-ao-professor-pedro-chaves\\\/\"},\"author\":{\"name\":\"\u00c9der\",\"@id\":\"https:\\\/\\\/vanderloubet.com.br\\\/deputado\\\/#\\\/schema\\\/person\\\/15b51bd564532a8a68d9dec1b8eb890e\"},\"headline\":\"Vander solicita \u00e0 UFMS t\u00edtulo de Doutor Honoris Causa ao professor Pedro Chaves\",\"datePublished\":\"2025-04-08T19:44:09+00:00\",\"dateModified\":\"2025-04-08T20:06:51+00:00\",\"mainEntityOfPage\":{\"@id\":\"https:\\\/\\\/vanderloubet.com.br\\\/deputado\\\/vander-solicita-a-ufms-titulo-de-doutor-honoris-causa-ao-professor-pedro-chaves\\\/\"},\"wordCount\":408,\"publisher\":{\"@id\":\"https:\\\/\\\/vanderloubet.com.br\\\/deputado\\\/#organization\"},\"image\":{\"@id\":\"https:\\\/\\\/vanderloubet.com.br\\\/deputado\\\/vander-solicita-a-ufms-titulo-de-doutor-honoris-causa-ao-professor-pedro-chaves\\\/#primaryimage\"},\"thumbnailUrl\":\"https:\\\/\\\/vanderloubet.com.br\\\/deputado\\\/wp-content\\\/uploads\\\/2025\\\/04\\\/foto-2025-04-08-professor-pedro-chaves.jpg\",\"keywords\":[\"educa\u00e7\u00e3o\"],\"articleSection\":[\"Mato Grosso do Sul\",\"Not\u00edcias\"],\"inLanguage\":\"pt-BR\"},{\"@type\":\"WebPage\",\"@id\":\"https:\\\/\\\/vanderloubet.com.br\\\/deputado\\\/vander-solicita-a-ufms-titulo-de-doutor-honoris-causa-ao-professor-pedro-chaves\\\/\",\"url\":\"https:\\\/\\\/vanderloubet.com.br\\\/deputado\\\/vander-solicita-a-ufms-titulo-de-doutor-honoris-causa-ao-professor-pedro-chaves\\\/\",\"name\":\"Vander solicita \u00e0 UFMS t\u00edtulo de Doutor Honoris Causa ao professor Pedro Chaves\",\"isPartOf\":{\"@id\":\"https:\\\/\\\/vanderloubet.com.br\\\/deputado\\\/#website\"},\"primaryImageOfPage\":{\"@id\":\"https:\\\/\\\/vanderloubet.com.br\\\/deputado\\\/vander-solicita-a-ufms-titulo-de-doutor-honoris-causa-ao-professor-pedro-chaves\\\/#primaryimage\"},\"image\":{\"@id\":\"https:\\\/\\\/vanderloubet.com.br\\\/deputado\\\/vander-solicita-a-ufms-titulo-de-doutor-honoris-causa-ao-professor-pedro-chaves\\\/#primaryimage\"},\"thumbnailUrl\":\"https:\\\/\\\/vanderloubet.com.br\\\/deputado\\\/wp-content\\\/uploads\\\/2025\\\/04\\\/foto-2025-04-08-professor-pedro-chaves.jpg\",\"datePublished\":\"2025-04-08T19:44:09+00:00\",\"dateModified\":\"2025-04-08T20:06:51+00:00\",\"description\":\"Ao justificar pedido, deputado afirmou que trajet\u00f3ria e realiza\u00e7\u00f5es do professor s\u00e3o o melhor argumento para a defesa desse t\u00edtulo.\",\"breadcrumb\":{\"@id\":\"https:\\\/\\\/vanderloubet.com.br\\\/deputado\\\/vander-solicita-a-ufms-titulo-de-doutor-honoris-causa-ao-professor-pedro-chaves\\\/#breadcrumb\"},\"inLanguage\":\"pt-BR\",\"potentialAction\":[{\"@type\":\"ReadAction\",\"target\":[\"https:\\\/\\\/vanderloubet.com.br\\\/deputado\\\/vander-solicita-a-ufms-titulo-de-doutor-honoris-causa-ao-professor-pedro-chaves\\\/\"]}]},{\"@type\":\"ImageObject\",\"inLanguage\":\"pt-BR\",\"@id\":\"https:\\\/\\\/vanderloubet.com.br\\\/deputado\\\/vander-solicita-a-ufms-titulo-de-doutor-honoris-causa-ao-professor-pedro-chaves\\\/#primaryimage\",\"url\":\"https:\\\/\\\/vanderloubet.com.br\\\/deputado\\\/wp-content\\\/uploads\\\/2025\\\/04\\\/foto-2025-04-08-professor-pedro-chaves.jpg\",\"contentUrl\":\"https:\\\/\\\/vanderloubet.com.br\\\/deputado\\\/wp-content\\\/uploads\\\/2025\\\/04\\\/foto-2025-04-08-professor-pedro-chaves.jpg\",\"width\":960,\"height\":640,\"caption\":\"Vander solicita \u00e0 UFMS t\u00edtulo de Honoris Causa ao professor Pedro Chaves\"},{\"@type\":\"BreadcrumbList\",\"@id\":\"https:\\\/\\\/vanderloubet.com.br\\\/deputado\\\/vander-solicita-a-ufms-titulo-de-doutor-honoris-causa-ao-professor-pedro-chaves\\\/#breadcrumb\",\"itemListElement\":[{\"@type\":\"ListItem\",\"position\":1,\"name\":\"In\u00edcio\",\"item\":\"https:\\\/\\\/vanderloubet.com.br\\\/deputado\\\/\"},{\"@type\":\"ListItem\",\"position\":2,\"name\":\"Vander solicita \u00e0 UFMS t\u00edtulo de Doutor Honoris Causa ao professor Pedro Chaves\"}]},{\"@type\":\"WebSite\",\"@id\":\"https:\\\/\\\/vanderloubet.com.br\\\/deputado\\\/#website\",\"url\":\"https:\\\/\\\/vanderloubet.com.br\\\/deputado\\\/\",\"name\":\"Deputado Federal Vander Loubet\",\"description\":\"O Federal de MS\",\"publisher\":{\"@id\":\"https:\\\/\\\/vanderloubet.com.br\\\/deputado\\\/#organization\"},\"alternateName\":\"Deputado Vander\",\"potentialAction\":[{\"@type\":\"SearchAction\",\"target\":{\"@type\":\"EntryPoint\",\"urlTemplate\":\"https:\\\/\\\/vanderloubet.com.br\\\/deputado\\\/?s={search_term_string}\"},\"query-input\":{\"@type\":\"PropertyValueSpecification\",\"valueRequired\":true,\"valueName\":\"search_term_string\"}}],\"inLanguage\":\"pt-BR\"},{\"@type\":\"Organization\",\"@id\":\"https:\\\/\\\/vanderloubet.com.br\\\/deputado\\\/#organization\",\"name\":\"Deputado Federal Vander Loubet\",\"alternateName\":\"Deputado Vander\",\"url\":\"https:\\\/\\\/vanderloubet.com.br\\\/deputado\\\/\",\"logo\":{\"@type\":\"ImageObject\",\"inLanguage\":\"pt-BR\",\"@id\":\"https:\\\/\\\/vanderloubet.com.br\\\/deputado\\\/#\\\/schema\\\/logo\\\/image\\\/\",\"url\":\"https:\\\/\\\/vanderloubet.com.br\\\/deputado\\\/wp-content\\\/uploads\\\/2023\\\/06\\\/foto-2023-06-19-mandato-deputado-vander.jpg\",\"contentUrl\":\"https:\\\/\\\/vanderloubet.com.br\\\/deputado\\\/wp-content\\\/uploads\\\/2023\\\/06\\\/foto-2023-06-19-mandato-deputado-vander.jpg\",\"width\":1080,\"height\":1080,\"caption\":\"Deputado Federal Vander Loubet\"},\"image\":{\"@id\":\"https:\\\/\\\/vanderloubet.com.br\\\/deputado\\\/#\\\/schema\\\/logo\\\/image\\\/\"},\"sameAs\":[\"https:\\\/\\\/facebook.com\\\/deputadovander\",\"https:\\\/\\\/x.com\\\/vanderloubet\",\"https:\\\/\\\/instagram.com\\\/vanderloubet\",\"https:\\\/\\\/youtube.com\\\/vanderloubet\",\"https:\\\/\\\/tiktok.com\\\/@vanderloubetms\"]},{\"@type\":\"Person\",\"@id\":\"https:\\\/\\\/vanderloubet.com.br\\\/deputado\\\/#\\\/schema\\\/person\\\/15b51bd564532a8a68d9dec1b8eb890e\",\"name\":\"\u00c9der\",\"image\":{\"@type\":\"ImageObject\",\"inLanguage\":\"pt-BR\",\"@id\":\"https:\\\/\\\/vanderloubet.com.br\\\/deputado\\\/wp-content\\\/litespeed\\\/avatar\\\/88ca4090d9d5ab1c9495f6ca03b68efa.jpg?ver=1777058957\",\"url\":\"https:\\\/\\\/vanderloubet.com.br\\\/deputado\\\/wp-content\\\/litespeed\\\/avatar\\\/88ca4090d9d5ab1c9495f6ca03b68efa.jpg?ver=1777058957\",\"contentUrl\":\"https:\\\/\\\/vanderloubet.com.br\\\/deputado\\\/wp-content\\\/litespeed\\\/avatar\\\/88ca4090d9d5ab1c9495f6ca03b68efa.jpg?ver=1777058957\",\"caption\":\"\u00c9der\"}}]}<\/script>\n<!-- \/ Yoast SEO plugin. -->","yoast_head_json":{"title":"Vander solicita \u00e0 UFMS t\u00edtulo de Doutor Honoris Causa ao professor Pedro Chaves","description":"Ao justificar pedido, deputado afirmou que trajet\u00f3ria e realiza\u00e7\u00f5es do professor s\u00e3o o melhor argumento para a defesa desse t\u00edtulo.","robots":{"index":"index","follow":"follow","max-snippet":"max-snippet:-1","max-image-preview":"max-image-preview:large","max-video-preview":"max-video-preview:-1"},"canonical":"https:\/\/vanderloubet.com.br\/deputado\/vander-solicita-a-ufms-titulo-de-doutor-honoris-causa-ao-professor-pedro-chaves\/","og_locale":"pt_BR","og_type":"article","og_title":"Vander solicita \u00e0 UFMS t\u00edtulo de Doutor Honoris Causa ao professor Pedro Chaves","og_description":"Ao justificar pedido, deputado afirmou que trajet\u00f3ria e realiza\u00e7\u00f5es do professor s\u00e3o o melhor argumento para a defesa desse t\u00edtulo.","og_url":"https:\/\/vanderloubet.com.br\/deputado\/vander-solicita-a-ufms-titulo-de-doutor-honoris-causa-ao-professor-pedro-chaves\/","og_site_name":"Deputado Federal Vander Loubet","article_publisher":"https:\/\/facebook.com\/deputadovander","article_published_time":"2025-04-08T19:44:09+00:00","article_modified_time":"2025-04-08T20:06:51+00:00","og_image":[{"width":960,"height":640,"url":"https:\/\/vanderloubet.com.br\/deputado\/wp-content\/uploads\/2025\/04\/foto-2025-04-08-professor-pedro-chaves.jpg","type":"image\/jpeg"}],"author":"\u00c9der","twitter_card":"summary_large_image","twitter_creator":"@vanderloubet","twitter_site":"@vanderloubet","schema":{"@context":"https:\/\/schema.org","@graph":[{"@type":"Article","@id":"https:\/\/vanderloubet.com.br\/deputado\/vander-solicita-a-ufms-titulo-de-doutor-honoris-causa-ao-professor-pedro-chaves\/#article","isPartOf":{"@id":"https:\/\/vanderloubet.com.br\/deputado\/vander-solicita-a-ufms-titulo-de-doutor-honoris-causa-ao-professor-pedro-chaves\/"},"author":{"name":"\u00c9der","@id":"https:\/\/vanderloubet.com.br\/deputado\/#\/schema\/person\/15b51bd564532a8a68d9dec1b8eb890e"},"headline":"Vander solicita \u00e0 UFMS t\u00edtulo de Doutor Honoris Causa ao professor Pedro Chaves","datePublished":"2025-04-08T19:44:09+00:00","dateModified":"2025-04-08T20:06:51+00:00","mainEntityOfPage":{"@id":"https:\/\/vanderloubet.com.br\/deputado\/vander-solicita-a-ufms-titulo-de-doutor-honoris-causa-ao-professor-pedro-chaves\/"},"wordCount":408,"publisher":{"@id":"https:\/\/vanderloubet.com.br\/deputado\/#organization"},"image":{"@id":"https:\/\/vanderloubet.com.br\/deputado\/vander-solicita-a-ufms-titulo-de-doutor-honoris-causa-ao-professor-pedro-chaves\/#primaryimage"},"thumbnailUrl":"https:\/\/vanderloubet.com.br\/deputado\/wp-content\/uploads\/2025\/04\/foto-2025-04-08-professor-pedro-chaves.jpg","keywords":["educa\u00e7\u00e3o"],"articleSection":["Mato Grosso do Sul","Not\u00edcias"],"inLanguage":"pt-BR"},{"@type":"WebPage","@id":"https:\/\/vanderloubet.com.br\/deputado\/vander-solicita-a-ufms-titulo-de-doutor-honoris-causa-ao-professor-pedro-chaves\/","url":"https:\/\/vanderloubet.com.br\/deputado\/vander-solicita-a-ufms-titulo-de-doutor-honoris-causa-ao-professor-pedro-chaves\/","name":"Vander solicita \u00e0 UFMS t\u00edtulo de Doutor Honoris Causa ao professor Pedro Chaves","isPartOf":{"@id":"https:\/\/vanderloubet.com.br\/deputado\/#website"},"primaryImageOfPage":{"@id":"https:\/\/vanderloubet.com.br\/deputado\/vander-solicita-a-ufms-titulo-de-doutor-honoris-causa-ao-professor-pedro-chaves\/#primaryimage"},"image":{"@id":"https:\/\/vanderloubet.com.br\/deputado\/vander-solicita-a-ufms-titulo-de-doutor-honoris-causa-ao-professor-pedro-chaves\/#primaryimage"},"thumbnailUrl":"https:\/\/vanderloubet.com.br\/deputado\/wp-content\/uploads\/2025\/04\/foto-2025-04-08-professor-pedro-chaves.jpg","datePublished":"2025-04-08T19:44:09+00:00","dateModified":"2025-04-08T20:06:51+00:00","description":"Ao justificar pedido, deputado afirmou que trajet\u00f3ria e realiza\u00e7\u00f5es do professor s\u00e3o o melhor argumento para a defesa desse t\u00edtulo.","breadcrumb":{"@id":"https:\/\/vanderloubet.com.br\/deputado\/vander-solicita-a-ufms-titulo-de-doutor-honoris-causa-ao-professor-pedro-chaves\/#breadcrumb"},"inLanguage":"pt-BR","potentialAction":[{"@type":"ReadAction","target":["https:\/\/vanderloubet.com.br\/deputado\/vander-solicita-a-ufms-titulo-de-doutor-honoris-causa-ao-professor-pedro-chaves\/"]}]},{"@type":"ImageObject","inLanguage":"pt-BR","@id":"https:\/\/vanderloubet.com.br\/deputado\/vander-solicita-a-ufms-titulo-de-doutor-honoris-causa-ao-professor-pedro-chaves\/#primaryimage","url":"https:\/\/vanderloubet.com.br\/deputado\/wp-content\/uploads\/2025\/04\/foto-2025-04-08-professor-pedro-chaves.jpg","contentUrl":"https:\/\/vanderloubet.com.br\/deputado\/wp-content\/uploads\/2025\/04\/foto-2025-04-08-professor-pedro-chaves.jpg","width":960,"height":640,"caption":"Vander solicita \u00e0 UFMS t\u00edtulo de Honoris Causa ao professor Pedro Chaves"},{"@type":"BreadcrumbList","@id":"https:\/\/vanderloubet.com.br\/deputado\/vander-solicita-a-ufms-titulo-de-doutor-honoris-causa-ao-professor-pedro-chaves\/#breadcrumb","itemListElement":[{"@type":"ListItem","position":1,"name":"In\u00edcio","item":"https:\/\/vanderloubet.com.br\/deputado\/"},{"@type":"ListItem","position":2,"name":"Vander solicita \u00e0 UFMS t\u00edtulo de Doutor Honoris Causa ao professor Pedro Chaves"}]},{"@type":"WebSite","@id":"https:\/\/vanderloubet.com.br\/deputado\/#website","url":"https:\/\/vanderloubet.com.br\/deputado\/","name":"Deputado Federal Vander Loubet","description":"O Federal de MS","publisher":{"@id":"https:\/\/vanderloubet.com.br\/deputado\/#organization"},"alternateName":"Deputado Vander","potentialAction":[{"@type":"SearchAction","target":{"@type":"EntryPoint","urlTemplate":"https:\/\/vanderloubet.com.br\/deputado\/?s={search_term_string}"},"query-input":{"@type":"PropertyValueSpecification","valueRequired":true,"valueName":"search_term_string"}}],"inLanguage":"pt-BR"},{"@type":"Organization","@id":"https:\/\/vanderloubet.com.br\/deputado\/#organization","name":"Deputado Federal Vander Loubet","alternateName":"Deputado Vander","url":"https:\/\/vanderloubet.com.br\/deputado\/","logo":{"@type":"ImageObject","inLanguage":"pt-BR","@id":"https:\/\/vanderloubet.com.br\/deputado\/#\/schema\/logo\/image\/","url":"https:\/\/vanderloubet.com.br\/deputado\/wp-content\/uploads\/2023\/06\/foto-2023-06-19-mandato-deputado-vander.jpg","contentUrl":"https:\/\/vanderloubet.com.br\/deputado\/wp-content\/uploads\/2023\/06\/foto-2023-06-19-mandato-deputado-vander.jpg","width":1080,"height":1080,"caption":"Deputado Federal Vander Loubet"},"image":{"@id":"https:\/\/vanderloubet.com.br\/deputado\/#\/schema\/logo\/image\/"},"sameAs":["https:\/\/facebook.com\/deputadovander","https:\/\/x.com\/vanderloubet","https:\/\/instagram.com\/vanderloubet","https:\/\/youtube.com\/vanderloubet","https:\/\/tiktok.com\/@vanderloubetms"]},{"@type":"Person","@id":"https:\/\/vanderloubet.com.br\/deputado\/#\/schema\/person\/15b51bd564532a8a68d9dec1b8eb890e","name":"\u00c9der","image":{"@type":"ImageObject","inLanguage":"pt-BR","@id":"https:\/\/vanderloubet.com.br\/deputado\/wp-content\/litespeed\/avatar\/88ca4090d9d5ab1c9495f6ca03b68efa.jpg?ver=1777058957","url":"https:\/\/vanderloubet.com.br\/deputado\/wp-content\/litespeed\/avatar\/88ca4090d9d5ab1c9495f6ca03b68efa.jpg?ver=1777058957","contentUrl":"https:\/\/vanderloubet.com.br\/deputado\/wp-content\/litespeed\/avatar\/88ca4090d9d5ab1c9495f6ca03b68efa.jpg?ver=1777058957","caption":"\u00c9der"}}]}},"jetpack_featured_media_url":"https:\/\/vanderloubet.com.br\/deputado\/wp-content\/uploads\/2025\/04\/foto-2025-04-08-professor-pedro-chaves.jpg","jetpack_sharing_enabled":true,"_links":{"self":[{"href":"https:\/\/vanderloubet.com.br\/deputado\/wp-json\/wp\/v2\/posts\/20321","targetHints":{"allow":["GET"]}}],"collection":[{"href":"https:\/\/vanderloubet.com.br\/deputado\/wp-json\/wp\/v2\/posts"}],"about":[{"href":"https:\/\/vanderloubet.com.br\/deputado\/wp-json\/wp\/v2\/types\/post"}],"author":[{"embeddable":true,"href":"https:\/\/vanderloubet.com.br\/deputado\/wp-json\/wp\/v2\/users\/2"}],"replies":[{"embeddable":true,"href":"https:\/\/vanderloubet.com.br\/deputado\/wp-json\/wp\/v2\/comments?post=20321"}],"version-history":[{"count":3,"href":"https:\/\/vanderloubet.com.br\/deputado\/wp-json\/wp\/v2\/posts\/20321\/revisions"}],"predecessor-version":[{"id":20325,"href":"https:\/\/vanderloubet.com.br\/deputado\/wp-json\/wp\/v2\/posts\/20321\/revisions\/20325"}],"wp:featuredmedia":[{"embeddable":true,"href":"https:\/\/vanderloubet.com.br\/deputado\/wp-json\/wp\/v2\/media\/20322"}],"wp:attachment":[{"href":"https:\/\/vanderloubet.com.br\/deputado\/wp-json\/wp\/v2\/media?parent=20321"}],"wp:term":[{"taxonomy":"category","embeddable":true,"href":"https:\/\/vanderloubet.com.br\/deputado\/wp-json\/wp\/v2\/categories?post=20321"},{"taxonomy":"post_tag","embeddable":true,"href":"https:\/\/vanderloubet.com.br\/deputado\/wp-json\/wp\/v2\/tags?post=20321"}],"curies":[{"name":"wp","href":"https:\/\/api.w.org\/{rel}","templated":true}]}}