{"id":20307,"date":"2025-04-04T11:18:40","date_gmt":"2025-04-04T15:18:40","guid":{"rendered":"https:\/\/vanderloubet.com.br\/deputado\/?p=20307"},"modified":"2025-04-04T11:18:40","modified_gmt":"2025-04-04T15:18:40","slug":"vander-e-ufms-lancam-projetos-estrategicos-para-ensino-pesquisa-e-extensao","status":"publish","type":"post","link":"https:\/\/vanderloubet.com.br\/deputado\/vander-e-ufms-lancam-projetos-estrategicos-para-ensino-pesquisa-e-extensao\/","title":{"rendered":"Vander e UFMS lan\u00e7am projetos estrat\u00e9gicos para ensino, pesquisa e extens\u00e3o"},"content":{"rendered":"<p>Em uma demonstra\u00e7\u00e3o concreta de compromisso com a educa\u00e7\u00e3o e o desenvolvimento social, o deputado federal Vander Loubet (PT-MS) garantiu mais de R$ 25 milh\u00f5es em recursos para a Universidade Federal de Mato Grosso do Sul (UFMS) por meio de emendas parlamentares individuais nos \u00faltimos 10 anos. Os investimentos beneficiam mais de 40 projetos estrat\u00e9gicos, que prometem revolucionar o cen\u00e1rio acad\u00eamico e comunit\u00e1rio em todo o estado.<\/p>\n<p>Para 2025, ser\u00e3o investidos R$ 3,5 milh\u00f5es em 15 projetos. A cerim\u00f4nia oficial de lan\u00e7amento e an\u00fancio de parte dos novos projetos est\u00e1 marcada para 7 de abril (segunda-feira), \u00e0s 9 horas, no audit\u00f3rio da UFMS em Campo Grande. O evento contar\u00e1 com a presen\u00e7a da reitora Camila \u00cdtavo, gestores universit\u00e1rios, pesquisadores e lideran\u00e7as comunit\u00e1rias, que juntos celebrar\u00e3o este importante marco para a institui\u00e7\u00e3o.<\/p>\n<p>Entre as iniciativas est\u00e1 o Mercado Escola\/Extens\u00e3o, que j\u00e1 est\u00e1 capacitando pequenos produtores rurais em t\u00e9cnicas modernas de comercializa\u00e7\u00e3o e gest\u00e3o. &#8220;Este projeto \u00e9 um exemplo de como unir conhecimento acad\u00eamico com as necessidades reais do campo&#8221;, destacou o deputado Vander.<\/p>\n<p>O projeto de Manipula\u00e7\u00e3o de Medicamentos na Farm\u00e1cia Escola vem ampliando o acesso a medicamentos essenciais para popula\u00e7\u00f5es carentes, enquanto o &#8220;Horta na Aldeia&#8221; est\u00e1 levando t\u00e9cnicas sustent\u00e1veis de agricultura para comunidades ind\u00edgenas, promovendo seguran\u00e7a alimentar e gera\u00e7\u00e3o de renda. &#8220;Estamos plantando hoje o que colheremos amanh\u00e3: autonomia, dignidade e desenvolvimento sustent\u00e1vel&#8221;, afirmou o parlamentar pantaneiro.<\/p>\n<p>Outro projeto promete transformar a \u00e1gua salobra em pot\u00e1vel na regi\u00e3o sudoeste de Mato Grosso do Sul. A iniciativa, chamada &#8220;\u00c1gua Dura&#8221;, utiliza tecnologia especializada para garantir um abastecimento de qualidade para toda a comunidade. &#8220;Al\u00e9m de melhorar o acesso \u00e0 \u00e1gua pot\u00e1vel, o projeto contribui para a sustentabilidade h\u00eddrica da regi\u00e3o, promovendo mais sa\u00fade e bem-estar para a popula\u00e7\u00e3o&#8221;, ressalta Vander.<\/p>\n<p>O Projeto de Desenvolvimento Cultural da UFMS continua fortalecendo a identidade sul-mato-grossense atrav\u00e9s de festivais, exposi\u00e7\u00f5es e circula\u00e7\u00e3o de artistas locais.<\/p>\n<p>&#8220;Estes R$ 25 milh\u00f5es representam muito mais do que n\u00fameros, s\u00e3o investimentos em conhecimento, em oportunidades e no futuro de Mato Grosso do Sul&#8221;, pontua Vander. O parlamentar enfatizou ainda que &#8220;o evento do dia 7 de abril ser\u00e1 uma oportunidade \u00fanica para apresentar \u00e0 sociedade todos os detalhes dessas iniciativas e seus impactos transformadores que beneficiaram e beneficiar\u00e3o nossa regi\u00e3o&#8221;.<\/p>\n<pre><em>Texto: Laura Miranda<\/em>\r\n<em>Foto: Alex Nantes<\/em><\/pre>\n","protected":false},"excerpt":{"rendered":"<p>Em 2025 ser\u00e3o investidos R$ 3,5 milh\u00f5es em 15 projetos, recursos garantidos \u00e0 Universidade gra\u00e7as ao trabalho do deputado.<\/p>\n","protected":false},"author":2,"featured_media":20308,"comment_status":"closed","ping_status":"closed","sticky":false,"template":"","format":"standard","meta":{"jetpack_post_was_ever_published":false,"_jetpack_newsletter_access":"","_jetpack_dont_email_post_to_subs":false,"_jetpack_newsletter_tier_id":0,"_jetpack_memberships_contains_paywalled_content":false,"_jetpack_memberships_contains_paid_content":false,"footnotes":""},"categories":[2099,10],"tags":[2132,562,697,2127,2281,1803],"class_list":{"0":"post-20307","1":"post","2":"type-post","3":"status-publish","4":"format-standard","5":"has-post-thumbnail","7":"category-ms-noticias","8":"category-noticias","9":"tag-agricultura-familiar","10":"tag-cultura","11":"tag-educacao","12":"tag-emenda-parlamentar","13":"tag-saneamento-basico","14":"tag-saude"},"yoast_head":"<!-- This site is optimized with the Yoast SEO plugin v27.4 - https:\/\/yoast.com\/product\/yoast-seo-wordpress\/ -->\n<title>Vander e UFMS lan\u00e7am projetos estrat\u00e9gicos para ensino, pesquisa e extens\u00e3o<\/title>\n<meta name=\"description\" content=\"Em 2025 ser\u00e3o investidos R$ 3,5 milh\u00f5es em 15 projetos, recursos garantidos \u00e0 Universidade gra\u00e7as ao trabalho do deputado.\" \/>\n<meta name=\"robots\" content=\"index, follow, max-snippet:-1, max-image-preview:large, max-video-preview:-1\" \/>\n<link rel=\"canonical\" href=\"https:\/\/vanderloubet.com.br\/deputado\/vander-e-ufms-lancam-projetos-estrategicos-para-ensino-pesquisa-e-extensao\/\" \/>\n<meta property=\"og:locale\" content=\"pt_BR\" \/>\n<meta property=\"og:type\" content=\"article\" \/>\n<meta property=\"og:title\" content=\"Vander e UFMS lan\u00e7am projetos estrat\u00e9gicos para ensino, pesquisa e extens\u00e3o\" \/>\n<meta property=\"og:description\" content=\"Em 2025 ser\u00e3o investidos R$ 3,5 milh\u00f5es em 15 projetos, recursos garantidos \u00e0 Universidade gra\u00e7as ao trabalho do deputado.\" \/>\n<meta property=\"og:url\" content=\"https:\/\/vanderloubet.com.br\/deputado\/vander-e-ufms-lancam-projetos-estrategicos-para-ensino-pesquisa-e-extensao\/\" \/>\n<meta property=\"og:site_name\" content=\"Deputado Federal Vander Loubet\" \/>\n<meta property=\"article:publisher\" content=\"https:\/\/facebook.com\/deputadovander\" \/>\n<meta property=\"article:published_time\" content=\"2025-04-04T15:18:40+00:00\" \/>\n<meta property=\"og:image\" content=\"https:\/\/vanderloubet.com.br\/deputado\/wp-content\/uploads\/2025\/04\/foto-2025-04-04-deputado-vander-ufms.jpg\" \/>\n\t<meta property=\"og:image:width\" content=\"960\" \/>\n\t<meta property=\"og:image:height\" content=\"720\" \/>\n\t<meta property=\"og:image:type\" content=\"image\/jpeg\" \/>\n<meta name=\"author\" content=\"\u00c9der\" \/>\n<meta name=\"twitter:card\" content=\"summary_large_image\" \/>\n<meta name=\"twitter:creator\" content=\"@vanderloubet\" \/>\n<meta name=\"twitter:site\" content=\"@vanderloubet\" \/>\n<script type=\"application\/ld+json\" class=\"yoast-schema-graph\">{\"@context\":\"https:\\\/\\\/schema.org\",\"@graph\":[{\"@type\":\"Article\",\"@id\":\"https:\\\/\\\/vanderloubet.com.br\\\/deputado\\\/vander-e-ufms-lancam-projetos-estrategicos-para-ensino-pesquisa-e-extensao\\\/#article\",\"isPartOf\":{\"@id\":\"https:\\\/\\\/vanderloubet.com.br\\\/deputado\\\/vander-e-ufms-lancam-projetos-estrategicos-para-ensino-pesquisa-e-extensao\\\/\"},\"author\":{\"name\":\"\u00c9der\",\"@id\":\"https:\\\/\\\/vanderloubet.com.br\\\/deputado\\\/#\\\/schema\\\/person\\\/15b51bd564532a8a68d9dec1b8eb890e\"},\"headline\":\"Vander e UFMS lan\u00e7am projetos estrat\u00e9gicos para ensino, pesquisa e extens\u00e3o\",\"datePublished\":\"2025-04-04T15:18:40+00:00\",\"mainEntityOfPage\":{\"@id\":\"https:\\\/\\\/vanderloubet.com.br\\\/deputado\\\/vander-e-ufms-lancam-projetos-estrategicos-para-ensino-pesquisa-e-extensao\\\/\"},\"wordCount\":423,\"publisher\":{\"@id\":\"https:\\\/\\\/vanderloubet.com.br\\\/deputado\\\/#organization\"},\"image\":{\"@id\":\"https:\\\/\\\/vanderloubet.com.br\\\/deputado\\\/vander-e-ufms-lancam-projetos-estrategicos-para-ensino-pesquisa-e-extensao\\\/#primaryimage\"},\"thumbnailUrl\":\"https:\\\/\\\/vanderloubet.com.br\\\/deputado\\\/wp-content\\\/uploads\\\/2025\\\/04\\\/foto-2025-04-04-deputado-vander-ufms.jpg\",\"keywords\":[\"agricultura familiar\",\"cultura\",\"educa\u00e7\u00e3o\",\"emenda parlamentar\",\"saneamento b\u00e1sico\",\"sa\u00fade\"],\"articleSection\":[\"Mato Grosso do Sul\",\"Not\u00edcias\"],\"inLanguage\":\"pt-BR\"},{\"@type\":\"WebPage\",\"@id\":\"https:\\\/\\\/vanderloubet.com.br\\\/deputado\\\/vander-e-ufms-lancam-projetos-estrategicos-para-ensino-pesquisa-e-extensao\\\/\",\"url\":\"https:\\\/\\\/vanderloubet.com.br\\\/deputado\\\/vander-e-ufms-lancam-projetos-estrategicos-para-ensino-pesquisa-e-extensao\\\/\",\"name\":\"Vander e UFMS lan\u00e7am projetos estrat\u00e9gicos para ensino, pesquisa e extens\u00e3o\",\"isPartOf\":{\"@id\":\"https:\\\/\\\/vanderloubet.com.br\\\/deputado\\\/#website\"},\"primaryImageOfPage\":{\"@id\":\"https:\\\/\\\/vanderloubet.com.br\\\/deputado\\\/vander-e-ufms-lancam-projetos-estrategicos-para-ensino-pesquisa-e-extensao\\\/#primaryimage\"},\"image\":{\"@id\":\"https:\\\/\\\/vanderloubet.com.br\\\/deputado\\\/vander-e-ufms-lancam-projetos-estrategicos-para-ensino-pesquisa-e-extensao\\\/#primaryimage\"},\"thumbnailUrl\":\"https:\\\/\\\/vanderloubet.com.br\\\/deputado\\\/wp-content\\\/uploads\\\/2025\\\/04\\\/foto-2025-04-04-deputado-vander-ufms.jpg\",\"datePublished\":\"2025-04-04T15:18:40+00:00\",\"description\":\"Em 2025 ser\u00e3o investidos R$ 3,5 milh\u00f5es em 15 projetos, recursos garantidos \u00e0 Universidade gra\u00e7as ao trabalho do deputado.\",\"breadcrumb\":{\"@id\":\"https:\\\/\\\/vanderloubet.com.br\\\/deputado\\\/vander-e-ufms-lancam-projetos-estrategicos-para-ensino-pesquisa-e-extensao\\\/#breadcrumb\"},\"inLanguage\":\"pt-BR\",\"potentialAction\":[{\"@type\":\"ReadAction\",\"target\":[\"https:\\\/\\\/vanderloubet.com.br\\\/deputado\\\/vander-e-ufms-lancam-projetos-estrategicos-para-ensino-pesquisa-e-extensao\\\/\"]}]},{\"@type\":\"ImageObject\",\"inLanguage\":\"pt-BR\",\"@id\":\"https:\\\/\\\/vanderloubet.com.br\\\/deputado\\\/vander-e-ufms-lancam-projetos-estrategicos-para-ensino-pesquisa-e-extensao\\\/#primaryimage\",\"url\":\"https:\\\/\\\/vanderloubet.com.br\\\/deputado\\\/wp-content\\\/uploads\\\/2025\\\/04\\\/foto-2025-04-04-deputado-vander-ufms.jpg\",\"contentUrl\":\"https:\\\/\\\/vanderloubet.com.br\\\/deputado\\\/wp-content\\\/uploads\\\/2025\\\/04\\\/foto-2025-04-04-deputado-vander-ufms.jpg\",\"width\":960,\"height\":720,\"caption\":\"Vander e UFMS lan\u00e7am projetos estrat\u00e9gicos para ensino, pesquisa e extens\u00e3o\"},{\"@type\":\"BreadcrumbList\",\"@id\":\"https:\\\/\\\/vanderloubet.com.br\\\/deputado\\\/vander-e-ufms-lancam-projetos-estrategicos-para-ensino-pesquisa-e-extensao\\\/#breadcrumb\",\"itemListElement\":[{\"@type\":\"ListItem\",\"position\":1,\"name\":\"In\u00edcio\",\"item\":\"https:\\\/\\\/vanderloubet.com.br\\\/deputado\\\/\"},{\"@type\":\"ListItem\",\"position\":2,\"name\":\"Vander e UFMS lan\u00e7am projetos estrat\u00e9gicos para ensino, pesquisa e extens\u00e3o\"}]},{\"@type\":\"WebSite\",\"@id\":\"https:\\\/\\\/vanderloubet.com.br\\\/deputado\\\/#website\",\"url\":\"https:\\\/\\\/vanderloubet.com.br\\\/deputado\\\/\",\"name\":\"Deputado Federal Vander Loubet\",\"description\":\"O Federal de MS\",\"publisher\":{\"@id\":\"https:\\\/\\\/vanderloubet.com.br\\\/deputado\\\/#organization\"},\"alternateName\":\"Deputado Vander\",\"potentialAction\":[{\"@type\":\"SearchAction\",\"target\":{\"@type\":\"EntryPoint\",\"urlTemplate\":\"https:\\\/\\\/vanderloubet.com.br\\\/deputado\\\/?s={search_term_string}\"},\"query-input\":{\"@type\":\"PropertyValueSpecification\",\"valueRequired\":true,\"valueName\":\"search_term_string\"}}],\"inLanguage\":\"pt-BR\"},{\"@type\":\"Organization\",\"@id\":\"https:\\\/\\\/vanderloubet.com.br\\\/deputado\\\/#organization\",\"name\":\"Deputado Federal Vander Loubet\",\"alternateName\":\"Deputado Vander\",\"url\":\"https:\\\/\\\/vanderloubet.com.br\\\/deputado\\\/\",\"logo\":{\"@type\":\"ImageObject\",\"inLanguage\":\"pt-BR\",\"@id\":\"https:\\\/\\\/vanderloubet.com.br\\\/deputado\\\/#\\\/schema\\\/logo\\\/image\\\/\",\"url\":\"https:\\\/\\\/vanderloubet.com.br\\\/deputado\\\/wp-content\\\/uploads\\\/2023\\\/06\\\/foto-2023-06-19-mandato-deputado-vander.jpg\",\"contentUrl\":\"https:\\\/\\\/vanderloubet.com.br\\\/deputado\\\/wp-content\\\/uploads\\\/2023\\\/06\\\/foto-2023-06-19-mandato-deputado-vander.jpg\",\"width\":1080,\"height\":1080,\"caption\":\"Deputado Federal Vander Loubet\"},\"image\":{\"@id\":\"https:\\\/\\\/vanderloubet.com.br\\\/deputado\\\/#\\\/schema\\\/logo\\\/image\\\/\"},\"sameAs\":[\"https:\\\/\\\/facebook.com\\\/deputadovander\",\"https:\\\/\\\/x.com\\\/vanderloubet\",\"https:\\\/\\\/instagram.com\\\/vanderloubet\",\"https:\\\/\\\/youtube.com\\\/vanderloubet\",\"https:\\\/\\\/tiktok.com\\\/@vanderloubetms\"]},{\"@type\":\"Person\",\"@id\":\"https:\\\/\\\/vanderloubet.com.br\\\/deputado\\\/#\\\/schema\\\/person\\\/15b51bd564532a8a68d9dec1b8eb890e\",\"name\":\"\u00c9der\",\"image\":{\"@type\":\"ImageObject\",\"inLanguage\":\"pt-BR\",\"@id\":\"https:\\\/\\\/vanderloubet.com.br\\\/deputado\\\/wp-content\\\/litespeed\\\/avatar\\\/88ca4090d9d5ab1c9495f6ca03b68efa.jpg?ver=1777058957\",\"url\":\"https:\\\/\\\/vanderloubet.com.br\\\/deputado\\\/wp-content\\\/litespeed\\\/avatar\\\/88ca4090d9d5ab1c9495f6ca03b68efa.jpg?ver=1777058957\",\"contentUrl\":\"https:\\\/\\\/vanderloubet.com.br\\\/deputado\\\/wp-content\\\/litespeed\\\/avatar\\\/88ca4090d9d5ab1c9495f6ca03b68efa.jpg?ver=1777058957\",\"caption\":\"\u00c9der\"}}]}<\/script>\n<!-- \/ Yoast SEO plugin. -->","yoast_head_json":{"title":"Vander e UFMS lan\u00e7am projetos estrat\u00e9gicos para ensino, pesquisa e extens\u00e3o","description":"Em 2025 ser\u00e3o investidos R$ 3,5 milh\u00f5es em 15 projetos, recursos garantidos \u00e0 Universidade gra\u00e7as ao trabalho do deputado.","robots":{"index":"index","follow":"follow","max-snippet":"max-snippet:-1","max-image-preview":"max-image-preview:large","max-video-preview":"max-video-preview:-1"},"canonical":"https:\/\/vanderloubet.com.br\/deputado\/vander-e-ufms-lancam-projetos-estrategicos-para-ensino-pesquisa-e-extensao\/","og_locale":"pt_BR","og_type":"article","og_title":"Vander e UFMS lan\u00e7am projetos estrat\u00e9gicos para ensino, pesquisa e extens\u00e3o","og_description":"Em 2025 ser\u00e3o investidos R$ 3,5 milh\u00f5es em 15 projetos, recursos garantidos \u00e0 Universidade gra\u00e7as ao trabalho do deputado.","og_url":"https:\/\/vanderloubet.com.br\/deputado\/vander-e-ufms-lancam-projetos-estrategicos-para-ensino-pesquisa-e-extensao\/","og_site_name":"Deputado Federal Vander Loubet","article_publisher":"https:\/\/facebook.com\/deputadovander","article_published_time":"2025-04-04T15:18:40+00:00","og_image":[{"width":960,"height":720,"url":"https:\/\/vanderloubet.com.br\/deputado\/wp-content\/uploads\/2025\/04\/foto-2025-04-04-deputado-vander-ufms.jpg","type":"image\/jpeg"}],"author":"\u00c9der","twitter_card":"summary_large_image","twitter_creator":"@vanderloubet","twitter_site":"@vanderloubet","schema":{"@context":"https:\/\/schema.org","@graph":[{"@type":"Article","@id":"https:\/\/vanderloubet.com.br\/deputado\/vander-e-ufms-lancam-projetos-estrategicos-para-ensino-pesquisa-e-extensao\/#article","isPartOf":{"@id":"https:\/\/vanderloubet.com.br\/deputado\/vander-e-ufms-lancam-projetos-estrategicos-para-ensino-pesquisa-e-extensao\/"},"author":{"name":"\u00c9der","@id":"https:\/\/vanderloubet.com.br\/deputado\/#\/schema\/person\/15b51bd564532a8a68d9dec1b8eb890e"},"headline":"Vander e UFMS lan\u00e7am projetos estrat\u00e9gicos para ensino, pesquisa e extens\u00e3o","datePublished":"2025-04-04T15:18:40+00:00","mainEntityOfPage":{"@id":"https:\/\/vanderloubet.com.br\/deputado\/vander-e-ufms-lancam-projetos-estrategicos-para-ensino-pesquisa-e-extensao\/"},"wordCount":423,"publisher":{"@id":"https:\/\/vanderloubet.com.br\/deputado\/#organization"},"image":{"@id":"https:\/\/vanderloubet.com.br\/deputado\/vander-e-ufms-lancam-projetos-estrategicos-para-ensino-pesquisa-e-extensao\/#primaryimage"},"thumbnailUrl":"https:\/\/vanderloubet.com.br\/deputado\/wp-content\/uploads\/2025\/04\/foto-2025-04-04-deputado-vander-ufms.jpg","keywords":["agricultura familiar","cultura","educa\u00e7\u00e3o","emenda parlamentar","saneamento b\u00e1sico","sa\u00fade"],"articleSection":["Mato Grosso do Sul","Not\u00edcias"],"inLanguage":"pt-BR"},{"@type":"WebPage","@id":"https:\/\/vanderloubet.com.br\/deputado\/vander-e-ufms-lancam-projetos-estrategicos-para-ensino-pesquisa-e-extensao\/","url":"https:\/\/vanderloubet.com.br\/deputado\/vander-e-ufms-lancam-projetos-estrategicos-para-ensino-pesquisa-e-extensao\/","name":"Vander e UFMS lan\u00e7am projetos estrat\u00e9gicos para ensino, pesquisa e extens\u00e3o","isPartOf":{"@id":"https:\/\/vanderloubet.com.br\/deputado\/#website"},"primaryImageOfPage":{"@id":"https:\/\/vanderloubet.com.br\/deputado\/vander-e-ufms-lancam-projetos-estrategicos-para-ensino-pesquisa-e-extensao\/#primaryimage"},"image":{"@id":"https:\/\/vanderloubet.com.br\/deputado\/vander-e-ufms-lancam-projetos-estrategicos-para-ensino-pesquisa-e-extensao\/#primaryimage"},"thumbnailUrl":"https:\/\/vanderloubet.com.br\/deputado\/wp-content\/uploads\/2025\/04\/foto-2025-04-04-deputado-vander-ufms.jpg","datePublished":"2025-04-04T15:18:40+00:00","description":"Em 2025 ser\u00e3o investidos R$ 3,5 milh\u00f5es em 15 projetos, recursos garantidos \u00e0 Universidade gra\u00e7as ao trabalho do deputado.","breadcrumb":{"@id":"https:\/\/vanderloubet.com.br\/deputado\/vander-e-ufms-lancam-projetos-estrategicos-para-ensino-pesquisa-e-extensao\/#breadcrumb"},"inLanguage":"pt-BR","potentialAction":[{"@type":"ReadAction","target":["https:\/\/vanderloubet.com.br\/deputado\/vander-e-ufms-lancam-projetos-estrategicos-para-ensino-pesquisa-e-extensao\/"]}]},{"@type":"ImageObject","inLanguage":"pt-BR","@id":"https:\/\/vanderloubet.com.br\/deputado\/vander-e-ufms-lancam-projetos-estrategicos-para-ensino-pesquisa-e-extensao\/#primaryimage","url":"https:\/\/vanderloubet.com.br\/deputado\/wp-content\/uploads\/2025\/04\/foto-2025-04-04-deputado-vander-ufms.jpg","contentUrl":"https:\/\/vanderloubet.com.br\/deputado\/wp-content\/uploads\/2025\/04\/foto-2025-04-04-deputado-vander-ufms.jpg","width":960,"height":720,"caption":"Vander e UFMS lan\u00e7am projetos estrat\u00e9gicos para ensino, pesquisa e extens\u00e3o"},{"@type":"BreadcrumbList","@id":"https:\/\/vanderloubet.com.br\/deputado\/vander-e-ufms-lancam-projetos-estrategicos-para-ensino-pesquisa-e-extensao\/#breadcrumb","itemListElement":[{"@type":"ListItem","position":1,"name":"In\u00edcio","item":"https:\/\/vanderloubet.com.br\/deputado\/"},{"@type":"ListItem","position":2,"name":"Vander e UFMS lan\u00e7am projetos estrat\u00e9gicos para ensino, pesquisa e extens\u00e3o"}]},{"@type":"WebSite","@id":"https:\/\/vanderloubet.com.br\/deputado\/#website","url":"https:\/\/vanderloubet.com.br\/deputado\/","name":"Deputado Federal Vander Loubet","description":"O Federal de MS","publisher":{"@id":"https:\/\/vanderloubet.com.br\/deputado\/#organization"},"alternateName":"Deputado Vander","potentialAction":[{"@type":"SearchAction","target":{"@type":"EntryPoint","urlTemplate":"https:\/\/vanderloubet.com.br\/deputado\/?s={search_term_string}"},"query-input":{"@type":"PropertyValueSpecification","valueRequired":true,"valueName":"search_term_string"}}],"inLanguage":"pt-BR"},{"@type":"Organization","@id":"https:\/\/vanderloubet.com.br\/deputado\/#organization","name":"Deputado Federal Vander Loubet","alternateName":"Deputado Vander","url":"https:\/\/vanderloubet.com.br\/deputado\/","logo":{"@type":"ImageObject","inLanguage":"pt-BR","@id":"https:\/\/vanderloubet.com.br\/deputado\/#\/schema\/logo\/image\/","url":"https:\/\/vanderloubet.com.br\/deputado\/wp-content\/uploads\/2023\/06\/foto-2023-06-19-mandato-deputado-vander.jpg","contentUrl":"https:\/\/vanderloubet.com.br\/deputado\/wp-content\/uploads\/2023\/06\/foto-2023-06-19-mandato-deputado-vander.jpg","width":1080,"height":1080,"caption":"Deputado Federal Vander Loubet"},"image":{"@id":"https:\/\/vanderloubet.com.br\/deputado\/#\/schema\/logo\/image\/"},"sameAs":["https:\/\/facebook.com\/deputadovander","https:\/\/x.com\/vanderloubet","https:\/\/instagram.com\/vanderloubet","https:\/\/youtube.com\/vanderloubet","https:\/\/tiktok.com\/@vanderloubetms"]},{"@type":"Person","@id":"https:\/\/vanderloubet.com.br\/deputado\/#\/schema\/person\/15b51bd564532a8a68d9dec1b8eb890e","name":"\u00c9der","image":{"@type":"ImageObject","inLanguage":"pt-BR","@id":"https:\/\/vanderloubet.com.br\/deputado\/wp-content\/litespeed\/avatar\/88ca4090d9d5ab1c9495f6ca03b68efa.jpg?ver=1777058957","url":"https:\/\/vanderloubet.com.br\/deputado\/wp-content\/litespeed\/avatar\/88ca4090d9d5ab1c9495f6ca03b68efa.jpg?ver=1777058957","contentUrl":"https:\/\/vanderloubet.com.br\/deputado\/wp-content\/litespeed\/avatar\/88ca4090d9d5ab1c9495f6ca03b68efa.jpg?ver=1777058957","caption":"\u00c9der"}}]}},"jetpack_featured_media_url":"https:\/\/vanderloubet.com.br\/deputado\/wp-content\/uploads\/2025\/04\/foto-2025-04-04-deputado-vander-ufms.jpg","jetpack_sharing_enabled":true,"_links":{"self":[{"href":"https:\/\/vanderloubet.com.br\/deputado\/wp-json\/wp\/v2\/posts\/20307","targetHints":{"allow":["GET"]}}],"collection":[{"href":"https:\/\/vanderloubet.com.br\/deputado\/wp-json\/wp\/v2\/posts"}],"about":[{"href":"https:\/\/vanderloubet.com.br\/deputado\/wp-json\/wp\/v2\/types\/post"}],"author":[{"embeddable":true,"href":"https:\/\/vanderloubet.com.br\/deputado\/wp-json\/wp\/v2\/users\/2"}],"replies":[{"embeddable":true,"href":"https:\/\/vanderloubet.com.br\/deputado\/wp-json\/wp\/v2\/comments?post=20307"}],"version-history":[{"count":1,"href":"https:\/\/vanderloubet.com.br\/deputado\/wp-json\/wp\/v2\/posts\/20307\/revisions"}],"predecessor-version":[{"id":20309,"href":"https:\/\/vanderloubet.com.br\/deputado\/wp-json\/wp\/v2\/posts\/20307\/revisions\/20309"}],"wp:featuredmedia":[{"embeddable":true,"href":"https:\/\/vanderloubet.com.br\/deputado\/wp-json\/wp\/v2\/media\/20308"}],"wp:attachment":[{"href":"https:\/\/vanderloubet.com.br\/deputado\/wp-json\/wp\/v2\/media?parent=20307"}],"wp:term":[{"taxonomy":"category","embeddable":true,"href":"https:\/\/vanderloubet.com.br\/deputado\/wp-json\/wp\/v2\/categories?post=20307"},{"taxonomy":"post_tag","embeddable":true,"href":"https:\/\/vanderloubet.com.br\/deputado\/wp-json\/wp\/v2\/tags?post=20307"}],"curies":[{"name":"wp","href":"https:\/\/api.w.org\/{rel}","templated":true}]}}