{"id":20297,"date":"2025-03-26T09:05:10","date_gmt":"2025-03-26T13:05:10","guid":{"rendered":"https:\/\/vanderloubet.com.br\/deputado\/?p=20297"},"modified":"2025-03-26T09:05:10","modified_gmt":"2025-03-26T13:05:10","slug":"governo-lula-garante-mais-483-moradias-do-minha-casa-minha-vida-para-ms","status":"publish","type":"post","link":"https:\/\/vanderloubet.com.br\/deputado\/governo-lula-garante-mais-483-moradias-do-minha-casa-minha-vida-para-ms\/","title":{"rendered":"Governo Lula garante mais 483 moradias do Minha Casa Minha Vida para MS"},"content":{"rendered":"<p>O deputado federal Vander Loubet (PT-MS) participar\u00e1 nesta segunda-feira (31) da assinatura dos contratos do programa habitacional Minha Casa Minha Vida, que garantir\u00e1 R$ 41,7 milh\u00f5es para a constru\u00e7\u00e3o de 483 moradias em Mato Grosso do Sul. O evento ocorrer\u00e1 \u00e0s 9 horas no Audit\u00f3rio da Associa\u00e7\u00e3o dos Munic\u00edpios de Mato Grosso do Sul (Assomasul), em Campo Grande.<\/p>\n<p>&#8220;Esta \u00e9 uma conquista hist\u00f3rica que vai beneficiar 383 fam\u00edlias ind\u00edgenas atrav\u00e9s do Minha Casa Minha Vida Rural e mais 100 fam\u00edlias pelo Minha Casa Minha Vida Entidades&#8221;, destacou Vander, que foi um dos principais articuladores dos recursos federais. &#8220;Cada casa representa uma transforma\u00e7\u00e3o na vida das fam\u00edlias sul-mato-grossenses&#8221;, comemorou o deputado.<\/p>\n<p>Pelo Minha Casa Minha Vida Rural ser\u00e3o beneficiados os munic\u00edpios de Aquidauana, Dois Irm\u00e3os do Buriti, Itaquira\u00ed, Japor\u00e3, Juti, Miranda, Nioaque e Paranhos, investimento que soma R$ 28,7 milh\u00f5es. J\u00e1 pelo Minha Casa Minha Vida Entidades, ser\u00e3o atendidas fam\u00edlias de Jaraguari e Terenos, investimento de R$ 13 milh\u00f5es.<\/p>\n<pre><em>Texto: Laura Miranda<\/em>\r\n<em>Edi\u00e7\u00e3o: \u00c9der F. Yanaguita<\/em>\r\n<em>Foto: Ricardo Stuckert<\/em><\/pre>\n","protected":false},"excerpt":{"rendered":"<p>&#8220;Cada casa representa uma transforma\u00e7\u00e3o na vida das fam\u00edlias sul-mato-grossenses&#8221;, comemorou o deputado Vander.<\/p>\n","protected":false},"author":2,"featured_media":20298,"comment_status":"closed","ping_status":"closed","sticky":false,"template":"","format":"standard","meta":{"jetpack_post_was_ever_published":false,"_jetpack_newsletter_access":"","_jetpack_dont_email_post_to_subs":false,"_jetpack_newsletter_tier_id":0,"_jetpack_memberships_contains_paywalled_content":false,"_jetpack_memberships_contains_paid_content":false,"footnotes":""},"categories":[2097,10],"tags":[166,664,2525,956,2107,1061,2668,1108,1189,1306,2541,1478,1938],"class_list":{"0":"post-20297","1":"post","2":"type-post","3":"status-publish","4":"format-standard","5":"has-post-thumbnail","7":"category-municipios-noticias","8":"category-noticias","9":"tag-aquidauana","10":"tag-dois-irmaos-do-buriti","11":"tag-governo-federal","12":"tag-habitacao","13":"tag-itaquirai","14":"tag-japora","15":"tag-jaraguari","16":"tag-juti","17":"tag-lula","18":"tag-miranda","19":"tag-nioaque","20":"tag-paranhos","21":"tag-terenos"},"yoast_head":"<!-- This site is optimized with the Yoast SEO plugin v27.4 - https:\/\/yoast.com\/product\/yoast-seo-wordpress\/ -->\n<title>Governo Lula garante mais 483 moradias do Minha Casa Minha Vida para MS<\/title>\n<meta name=\"description\" content=\"&quot;Cada casa representa uma transforma\u00e7\u00e3o na vida das fam\u00edlias sul-mato-grossenses&quot;, comemorou o deputado Vander.\" \/>\n<meta name=\"robots\" content=\"index, follow, max-snippet:-1, max-image-preview:large, max-video-preview:-1\" \/>\n<link rel=\"canonical\" href=\"https:\/\/vanderloubet.com.br\/deputado\/governo-lula-garante-mais-483-moradias-do-minha-casa-minha-vida-para-ms\/\" \/>\n<meta property=\"og:locale\" content=\"pt_BR\" \/>\n<meta property=\"og:type\" content=\"article\" \/>\n<meta property=\"og:title\" content=\"Governo Lula garante mais 483 moradias do Minha Casa Minha Vida para MS\" \/>\n<meta property=\"og:description\" content=\"&quot;Cada casa representa uma transforma\u00e7\u00e3o na vida das fam\u00edlias sul-mato-grossenses&quot;, comemorou o deputado Vander.\" \/>\n<meta property=\"og:url\" content=\"https:\/\/vanderloubet.com.br\/deputado\/governo-lula-garante-mais-483-moradias-do-minha-casa-minha-vida-para-ms\/\" \/>\n<meta property=\"og:site_name\" content=\"Deputado Federal Vander Loubet\" \/>\n<meta property=\"article:publisher\" content=\"https:\/\/facebook.com\/deputadovander\" \/>\n<meta property=\"article:published_time\" content=\"2025-03-26T13:05:10+00:00\" \/>\n<meta property=\"og:image\" content=\"https:\/\/vanderloubet.com.br\/deputado\/wp-content\/uploads\/2025\/03\/foto-2025-03-26-lula-vander-loubet.jpg\" \/>\n\t<meta property=\"og:image:width\" content=\"960\" \/>\n\t<meta property=\"og:image:height\" content=\"640\" \/>\n\t<meta property=\"og:image:type\" content=\"image\/jpeg\" \/>\n<meta name=\"author\" content=\"\u00c9der\" \/>\n<meta name=\"twitter:card\" content=\"summary_large_image\" \/>\n<meta name=\"twitter:creator\" content=\"@vanderloubet\" \/>\n<meta name=\"twitter:site\" content=\"@vanderloubet\" \/>\n<script type=\"application\/ld+json\" class=\"yoast-schema-graph\">{\"@context\":\"https:\\\/\\\/schema.org\",\"@graph\":[{\"@type\":\"Article\",\"@id\":\"https:\\\/\\\/vanderloubet.com.br\\\/deputado\\\/governo-lula-garante-mais-483-moradias-do-minha-casa-minha-vida-para-ms\\\/#article\",\"isPartOf\":{\"@id\":\"https:\\\/\\\/vanderloubet.com.br\\\/deputado\\\/governo-lula-garante-mais-483-moradias-do-minha-casa-minha-vida-para-ms\\\/\"},\"author\":{\"name\":\"\u00c9der\",\"@id\":\"https:\\\/\\\/vanderloubet.com.br\\\/deputado\\\/#\\\/schema\\\/person\\\/15b51bd564532a8a68d9dec1b8eb890e\"},\"headline\":\"Governo Lula garante mais 483 moradias do Minha Casa Minha Vida para MS\",\"datePublished\":\"2025-03-26T13:05:10+00:00\",\"mainEntityOfPage\":{\"@id\":\"https:\\\/\\\/vanderloubet.com.br\\\/deputado\\\/governo-lula-garante-mais-483-moradias-do-minha-casa-minha-vida-para-ms\\\/\"},\"wordCount\":180,\"publisher\":{\"@id\":\"https:\\\/\\\/vanderloubet.com.br\\\/deputado\\\/#organization\"},\"image\":{\"@id\":\"https:\\\/\\\/vanderloubet.com.br\\\/deputado\\\/governo-lula-garante-mais-483-moradias-do-minha-casa-minha-vida-para-ms\\\/#primaryimage\"},\"thumbnailUrl\":\"https:\\\/\\\/vanderloubet.com.br\\\/deputado\\\/wp-content\\\/uploads\\\/2025\\\/03\\\/foto-2025-03-26-lula-vander-loubet.jpg\",\"keywords\":[\"aquidauana\",\"dois irm\u00e3os do buriti\",\"governo federal\",\"habita\u00e7\u00e3o\",\"itaquira\u00ed\",\"japor\u00e3\",\"jaraguari\",\"juti\",\"lula\",\"miranda\",\"nioaque\",\"paranhos\",\"terenos\"],\"articleSection\":[\"Munic\u00edpios\",\"Not\u00edcias\"],\"inLanguage\":\"pt-BR\"},{\"@type\":\"WebPage\",\"@id\":\"https:\\\/\\\/vanderloubet.com.br\\\/deputado\\\/governo-lula-garante-mais-483-moradias-do-minha-casa-minha-vida-para-ms\\\/\",\"url\":\"https:\\\/\\\/vanderloubet.com.br\\\/deputado\\\/governo-lula-garante-mais-483-moradias-do-minha-casa-minha-vida-para-ms\\\/\",\"name\":\"Governo Lula garante mais 483 moradias do Minha Casa Minha Vida para MS\",\"isPartOf\":{\"@id\":\"https:\\\/\\\/vanderloubet.com.br\\\/deputado\\\/#website\"},\"primaryImageOfPage\":{\"@id\":\"https:\\\/\\\/vanderloubet.com.br\\\/deputado\\\/governo-lula-garante-mais-483-moradias-do-minha-casa-minha-vida-para-ms\\\/#primaryimage\"},\"image\":{\"@id\":\"https:\\\/\\\/vanderloubet.com.br\\\/deputado\\\/governo-lula-garante-mais-483-moradias-do-minha-casa-minha-vida-para-ms\\\/#primaryimage\"},\"thumbnailUrl\":\"https:\\\/\\\/vanderloubet.com.br\\\/deputado\\\/wp-content\\\/uploads\\\/2025\\\/03\\\/foto-2025-03-26-lula-vander-loubet.jpg\",\"datePublished\":\"2025-03-26T13:05:10+00:00\",\"description\":\"\\\"Cada casa representa uma transforma\u00e7\u00e3o na vida das fam\u00edlias sul-mato-grossenses\\\", comemorou o deputado Vander.\",\"breadcrumb\":{\"@id\":\"https:\\\/\\\/vanderloubet.com.br\\\/deputado\\\/governo-lula-garante-mais-483-moradias-do-minha-casa-minha-vida-para-ms\\\/#breadcrumb\"},\"inLanguage\":\"pt-BR\",\"potentialAction\":[{\"@type\":\"ReadAction\",\"target\":[\"https:\\\/\\\/vanderloubet.com.br\\\/deputado\\\/governo-lula-garante-mais-483-moradias-do-minha-casa-minha-vida-para-ms\\\/\"]}]},{\"@type\":\"ImageObject\",\"inLanguage\":\"pt-BR\",\"@id\":\"https:\\\/\\\/vanderloubet.com.br\\\/deputado\\\/governo-lula-garante-mais-483-moradias-do-minha-casa-minha-vida-para-ms\\\/#primaryimage\",\"url\":\"https:\\\/\\\/vanderloubet.com.br\\\/deputado\\\/wp-content\\\/uploads\\\/2025\\\/03\\\/foto-2025-03-26-lula-vander-loubet.jpg\",\"contentUrl\":\"https:\\\/\\\/vanderloubet.com.br\\\/deputado\\\/wp-content\\\/uploads\\\/2025\\\/03\\\/foto-2025-03-26-lula-vander-loubet.jpg\",\"width\":960,\"height\":640,\"caption\":\"Governo Lula garante mais 483 moradias do Minha Casa Minha Vida para MS\"},{\"@type\":\"BreadcrumbList\",\"@id\":\"https:\\\/\\\/vanderloubet.com.br\\\/deputado\\\/governo-lula-garante-mais-483-moradias-do-minha-casa-minha-vida-para-ms\\\/#breadcrumb\",\"itemListElement\":[{\"@type\":\"ListItem\",\"position\":1,\"name\":\"In\u00edcio\",\"item\":\"https:\\\/\\\/vanderloubet.com.br\\\/deputado\\\/\"},{\"@type\":\"ListItem\",\"position\":2,\"name\":\"Governo Lula garante mais 483 moradias do Minha Casa Minha Vida para MS\"}]},{\"@type\":\"WebSite\",\"@id\":\"https:\\\/\\\/vanderloubet.com.br\\\/deputado\\\/#website\",\"url\":\"https:\\\/\\\/vanderloubet.com.br\\\/deputado\\\/\",\"name\":\"Deputado Federal Vander Loubet\",\"description\":\"O Federal de MS\",\"publisher\":{\"@id\":\"https:\\\/\\\/vanderloubet.com.br\\\/deputado\\\/#organization\"},\"alternateName\":\"Deputado Vander\",\"potentialAction\":[{\"@type\":\"SearchAction\",\"target\":{\"@type\":\"EntryPoint\",\"urlTemplate\":\"https:\\\/\\\/vanderloubet.com.br\\\/deputado\\\/?s={search_term_string}\"},\"query-input\":{\"@type\":\"PropertyValueSpecification\",\"valueRequired\":true,\"valueName\":\"search_term_string\"}}],\"inLanguage\":\"pt-BR\"},{\"@type\":\"Organization\",\"@id\":\"https:\\\/\\\/vanderloubet.com.br\\\/deputado\\\/#organization\",\"name\":\"Deputado Federal Vander Loubet\",\"alternateName\":\"Deputado Vander\",\"url\":\"https:\\\/\\\/vanderloubet.com.br\\\/deputado\\\/\",\"logo\":{\"@type\":\"ImageObject\",\"inLanguage\":\"pt-BR\",\"@id\":\"https:\\\/\\\/vanderloubet.com.br\\\/deputado\\\/#\\\/schema\\\/logo\\\/image\\\/\",\"url\":\"https:\\\/\\\/vanderloubet.com.br\\\/deputado\\\/wp-content\\\/uploads\\\/2023\\\/06\\\/foto-2023-06-19-mandato-deputado-vander.jpg\",\"contentUrl\":\"https:\\\/\\\/vanderloubet.com.br\\\/deputado\\\/wp-content\\\/uploads\\\/2023\\\/06\\\/foto-2023-06-19-mandato-deputado-vander.jpg\",\"width\":1080,\"height\":1080,\"caption\":\"Deputado Federal Vander Loubet\"},\"image\":{\"@id\":\"https:\\\/\\\/vanderloubet.com.br\\\/deputado\\\/#\\\/schema\\\/logo\\\/image\\\/\"},\"sameAs\":[\"https:\\\/\\\/facebook.com\\\/deputadovander\",\"https:\\\/\\\/x.com\\\/vanderloubet\",\"https:\\\/\\\/instagram.com\\\/vanderloubet\",\"https:\\\/\\\/youtube.com\\\/vanderloubet\",\"https:\\\/\\\/tiktok.com\\\/@vanderloubetms\"]},{\"@type\":\"Person\",\"@id\":\"https:\\\/\\\/vanderloubet.com.br\\\/deputado\\\/#\\\/schema\\\/person\\\/15b51bd564532a8a68d9dec1b8eb890e\",\"name\":\"\u00c9der\",\"image\":{\"@type\":\"ImageObject\",\"inLanguage\":\"pt-BR\",\"@id\":\"https:\\\/\\\/vanderloubet.com.br\\\/deputado\\\/wp-content\\\/litespeed\\\/avatar\\\/88ca4090d9d5ab1c9495f6ca03b68efa.jpg?ver=1777058957\",\"url\":\"https:\\\/\\\/vanderloubet.com.br\\\/deputado\\\/wp-content\\\/litespeed\\\/avatar\\\/88ca4090d9d5ab1c9495f6ca03b68efa.jpg?ver=1777058957\",\"contentUrl\":\"https:\\\/\\\/vanderloubet.com.br\\\/deputado\\\/wp-content\\\/litespeed\\\/avatar\\\/88ca4090d9d5ab1c9495f6ca03b68efa.jpg?ver=1777058957\",\"caption\":\"\u00c9der\"}}]}<\/script>\n<!-- \/ Yoast SEO plugin. -->","yoast_head_json":{"title":"Governo Lula garante mais 483 moradias do Minha Casa Minha Vida para MS","description":"\"Cada casa representa uma transforma\u00e7\u00e3o na vida das fam\u00edlias sul-mato-grossenses\", comemorou o deputado Vander.","robots":{"index":"index","follow":"follow","max-snippet":"max-snippet:-1","max-image-preview":"max-image-preview:large","max-video-preview":"max-video-preview:-1"},"canonical":"https:\/\/vanderloubet.com.br\/deputado\/governo-lula-garante-mais-483-moradias-do-minha-casa-minha-vida-para-ms\/","og_locale":"pt_BR","og_type":"article","og_title":"Governo Lula garante mais 483 moradias do Minha Casa Minha Vida para MS","og_description":"\"Cada casa representa uma transforma\u00e7\u00e3o na vida das fam\u00edlias sul-mato-grossenses\", comemorou o deputado Vander.","og_url":"https:\/\/vanderloubet.com.br\/deputado\/governo-lula-garante-mais-483-moradias-do-minha-casa-minha-vida-para-ms\/","og_site_name":"Deputado Federal Vander Loubet","article_publisher":"https:\/\/facebook.com\/deputadovander","article_published_time":"2025-03-26T13:05:10+00:00","og_image":[{"width":960,"height":640,"url":"https:\/\/vanderloubet.com.br\/deputado\/wp-content\/uploads\/2025\/03\/foto-2025-03-26-lula-vander-loubet.jpg","type":"image\/jpeg"}],"author":"\u00c9der","twitter_card":"summary_large_image","twitter_creator":"@vanderloubet","twitter_site":"@vanderloubet","schema":{"@context":"https:\/\/schema.org","@graph":[{"@type":"Article","@id":"https:\/\/vanderloubet.com.br\/deputado\/governo-lula-garante-mais-483-moradias-do-minha-casa-minha-vida-para-ms\/#article","isPartOf":{"@id":"https:\/\/vanderloubet.com.br\/deputado\/governo-lula-garante-mais-483-moradias-do-minha-casa-minha-vida-para-ms\/"},"author":{"name":"\u00c9der","@id":"https:\/\/vanderloubet.com.br\/deputado\/#\/schema\/person\/15b51bd564532a8a68d9dec1b8eb890e"},"headline":"Governo Lula garante mais 483 moradias do Minha Casa Minha Vida para MS","datePublished":"2025-03-26T13:05:10+00:00","mainEntityOfPage":{"@id":"https:\/\/vanderloubet.com.br\/deputado\/governo-lula-garante-mais-483-moradias-do-minha-casa-minha-vida-para-ms\/"},"wordCount":180,"publisher":{"@id":"https:\/\/vanderloubet.com.br\/deputado\/#organization"},"image":{"@id":"https:\/\/vanderloubet.com.br\/deputado\/governo-lula-garante-mais-483-moradias-do-minha-casa-minha-vida-para-ms\/#primaryimage"},"thumbnailUrl":"https:\/\/vanderloubet.com.br\/deputado\/wp-content\/uploads\/2025\/03\/foto-2025-03-26-lula-vander-loubet.jpg","keywords":["aquidauana","dois irm\u00e3os do buriti","governo federal","habita\u00e7\u00e3o","itaquira\u00ed","japor\u00e3","jaraguari","juti","lula","miranda","nioaque","paranhos","terenos"],"articleSection":["Munic\u00edpios","Not\u00edcias"],"inLanguage":"pt-BR"},{"@type":"WebPage","@id":"https:\/\/vanderloubet.com.br\/deputado\/governo-lula-garante-mais-483-moradias-do-minha-casa-minha-vida-para-ms\/","url":"https:\/\/vanderloubet.com.br\/deputado\/governo-lula-garante-mais-483-moradias-do-minha-casa-minha-vida-para-ms\/","name":"Governo Lula garante mais 483 moradias do Minha Casa Minha Vida para MS","isPartOf":{"@id":"https:\/\/vanderloubet.com.br\/deputado\/#website"},"primaryImageOfPage":{"@id":"https:\/\/vanderloubet.com.br\/deputado\/governo-lula-garante-mais-483-moradias-do-minha-casa-minha-vida-para-ms\/#primaryimage"},"image":{"@id":"https:\/\/vanderloubet.com.br\/deputado\/governo-lula-garante-mais-483-moradias-do-minha-casa-minha-vida-para-ms\/#primaryimage"},"thumbnailUrl":"https:\/\/vanderloubet.com.br\/deputado\/wp-content\/uploads\/2025\/03\/foto-2025-03-26-lula-vander-loubet.jpg","datePublished":"2025-03-26T13:05:10+00:00","description":"\"Cada casa representa uma transforma\u00e7\u00e3o na vida das fam\u00edlias sul-mato-grossenses\", comemorou o deputado Vander.","breadcrumb":{"@id":"https:\/\/vanderloubet.com.br\/deputado\/governo-lula-garante-mais-483-moradias-do-minha-casa-minha-vida-para-ms\/#breadcrumb"},"inLanguage":"pt-BR","potentialAction":[{"@type":"ReadAction","target":["https:\/\/vanderloubet.com.br\/deputado\/governo-lula-garante-mais-483-moradias-do-minha-casa-minha-vida-para-ms\/"]}]},{"@type":"ImageObject","inLanguage":"pt-BR","@id":"https:\/\/vanderloubet.com.br\/deputado\/governo-lula-garante-mais-483-moradias-do-minha-casa-minha-vida-para-ms\/#primaryimage","url":"https:\/\/vanderloubet.com.br\/deputado\/wp-content\/uploads\/2025\/03\/foto-2025-03-26-lula-vander-loubet.jpg","contentUrl":"https:\/\/vanderloubet.com.br\/deputado\/wp-content\/uploads\/2025\/03\/foto-2025-03-26-lula-vander-loubet.jpg","width":960,"height":640,"caption":"Governo Lula garante mais 483 moradias do Minha Casa Minha Vida para MS"},{"@type":"BreadcrumbList","@id":"https:\/\/vanderloubet.com.br\/deputado\/governo-lula-garante-mais-483-moradias-do-minha-casa-minha-vida-para-ms\/#breadcrumb","itemListElement":[{"@type":"ListItem","position":1,"name":"In\u00edcio","item":"https:\/\/vanderloubet.com.br\/deputado\/"},{"@type":"ListItem","position":2,"name":"Governo Lula garante mais 483 moradias do Minha Casa Minha Vida para MS"}]},{"@type":"WebSite","@id":"https:\/\/vanderloubet.com.br\/deputado\/#website","url":"https:\/\/vanderloubet.com.br\/deputado\/","name":"Deputado Federal Vander Loubet","description":"O Federal de MS","publisher":{"@id":"https:\/\/vanderloubet.com.br\/deputado\/#organization"},"alternateName":"Deputado Vander","potentialAction":[{"@type":"SearchAction","target":{"@type":"EntryPoint","urlTemplate":"https:\/\/vanderloubet.com.br\/deputado\/?s={search_term_string}"},"query-input":{"@type":"PropertyValueSpecification","valueRequired":true,"valueName":"search_term_string"}}],"inLanguage":"pt-BR"},{"@type":"Organization","@id":"https:\/\/vanderloubet.com.br\/deputado\/#organization","name":"Deputado Federal Vander Loubet","alternateName":"Deputado Vander","url":"https:\/\/vanderloubet.com.br\/deputado\/","logo":{"@type":"ImageObject","inLanguage":"pt-BR","@id":"https:\/\/vanderloubet.com.br\/deputado\/#\/schema\/logo\/image\/","url":"https:\/\/vanderloubet.com.br\/deputado\/wp-content\/uploads\/2023\/06\/foto-2023-06-19-mandato-deputado-vander.jpg","contentUrl":"https:\/\/vanderloubet.com.br\/deputado\/wp-content\/uploads\/2023\/06\/foto-2023-06-19-mandato-deputado-vander.jpg","width":1080,"height":1080,"caption":"Deputado Federal Vander Loubet"},"image":{"@id":"https:\/\/vanderloubet.com.br\/deputado\/#\/schema\/logo\/image\/"},"sameAs":["https:\/\/facebook.com\/deputadovander","https:\/\/x.com\/vanderloubet","https:\/\/instagram.com\/vanderloubet","https:\/\/youtube.com\/vanderloubet","https:\/\/tiktok.com\/@vanderloubetms"]},{"@type":"Person","@id":"https:\/\/vanderloubet.com.br\/deputado\/#\/schema\/person\/15b51bd564532a8a68d9dec1b8eb890e","name":"\u00c9der","image":{"@type":"ImageObject","inLanguage":"pt-BR","@id":"https:\/\/vanderloubet.com.br\/deputado\/wp-content\/litespeed\/avatar\/88ca4090d9d5ab1c9495f6ca03b68efa.jpg?ver=1777058957","url":"https:\/\/vanderloubet.com.br\/deputado\/wp-content\/litespeed\/avatar\/88ca4090d9d5ab1c9495f6ca03b68efa.jpg?ver=1777058957","contentUrl":"https:\/\/vanderloubet.com.br\/deputado\/wp-content\/litespeed\/avatar\/88ca4090d9d5ab1c9495f6ca03b68efa.jpg?ver=1777058957","caption":"\u00c9der"}}]}},"jetpack_featured_media_url":"https:\/\/vanderloubet.com.br\/deputado\/wp-content\/uploads\/2025\/03\/foto-2025-03-26-lula-vander-loubet.jpg","jetpack_sharing_enabled":true,"_links":{"self":[{"href":"https:\/\/vanderloubet.com.br\/deputado\/wp-json\/wp\/v2\/posts\/20297","targetHints":{"allow":["GET"]}}],"collection":[{"href":"https:\/\/vanderloubet.com.br\/deputado\/wp-json\/wp\/v2\/posts"}],"about":[{"href":"https:\/\/vanderloubet.com.br\/deputado\/wp-json\/wp\/v2\/types\/post"}],"author":[{"embeddable":true,"href":"https:\/\/vanderloubet.com.br\/deputado\/wp-json\/wp\/v2\/users\/2"}],"replies":[{"embeddable":true,"href":"https:\/\/vanderloubet.com.br\/deputado\/wp-json\/wp\/v2\/comments?post=20297"}],"version-history":[{"count":1,"href":"https:\/\/vanderloubet.com.br\/deputado\/wp-json\/wp\/v2\/posts\/20297\/revisions"}],"predecessor-version":[{"id":20299,"href":"https:\/\/vanderloubet.com.br\/deputado\/wp-json\/wp\/v2\/posts\/20297\/revisions\/20299"}],"wp:featuredmedia":[{"embeddable":true,"href":"https:\/\/vanderloubet.com.br\/deputado\/wp-json\/wp\/v2\/media\/20298"}],"wp:attachment":[{"href":"https:\/\/vanderloubet.com.br\/deputado\/wp-json\/wp\/v2\/media?parent=20297"}],"wp:term":[{"taxonomy":"category","embeddable":true,"href":"https:\/\/vanderloubet.com.br\/deputado\/wp-json\/wp\/v2\/categories?post=20297"},{"taxonomy":"post_tag","embeddable":true,"href":"https:\/\/vanderloubet.com.br\/deputado\/wp-json\/wp\/v2\/tags?post=20297"}],"curies":[{"name":"wp","href":"https:\/\/api.w.org\/{rel}","templated":true}]}}