{"id":20293,"date":"2025-03-22T10:47:15","date_gmt":"2025-03-22T14:47:15","guid":{"rendered":"https:\/\/vanderloubet.com.br\/deputado\/?p=20293"},"modified":"2025-04-25T15:57:18","modified_gmt":"2025-04-25T19:57:18","slug":"governo-lula-entregara-novas-ambulancias-do-samu-para-campo-grande-e-ponta-pora","status":"publish","type":"post","link":"https:\/\/vanderloubet.com.br\/deputado\/governo-lula-entregara-novas-ambulancias-do-samu-para-campo-grande-e-ponta-pora\/","title":{"rendered":"Governo Lula entregar\u00e1 novas ambul\u00e2ncias do Samu para Campo Grande e Ponta Por\u00e3"},"content":{"rendered":"<p>Nesta sexta-feira (21), o deputado federal Vander Loubet (PT-MS) recebeu do Minist\u00e9rio da Sa\u00fade a confirma\u00e7\u00e3o da entrega de novas ambul\u00e2ncias do Samu 192 (Servi\u00e7o de Atendimento M\u00f3vel de Urg\u00eancia) para Campo Grande e Ponta Por\u00e3. As entregas ser\u00e3o em Bras\u00edlia, no dia 27 de mar\u00e7o, quinta-feira.<\/p>\n<p>A Capital receber\u00e1 sete novos ve\u00edculos. J\u00e1 a cidade fronteiri\u00e7a receber\u00e1 um novo ve\u00edculo.<\/p>\n<p>De acordo com Vander, essas entregas fazem parte de um pacote de ambul\u00e2ncias do Samu que vai chegar ao Mato Grosso do Sul gra\u00e7as ao trabalho da bancada federal do PT junto ao Governo Federal, na sele\u00e7\u00e3o de propostas dos munic\u00edpios dentro do Novo PAC (Programa de Acelera\u00e7\u00e3o do Crescimento).<\/p>\n<p>&#8220;Pra voc\u00eas terem uma ideia de como isso \u00e9 importante para Campo Grande, desde 2021 a Prefeitura aguardava novos ve\u00edculos do Samu. Por\u00e9m, o governo anterior deu o bolo na Capital. Foi s\u00f3 em 2024, no governo Lula, que o Minist\u00e9rio da Sa\u00fade come\u00e7ou a entregar as novas ambul\u00e2ncias. <a href=\"https:\/\/vanderloubet.com.br\/deputado\/vander-garante-mais-20-ambulancias-para-municipios-de-ms-pelo-novo-pac\/\" target=\"_blank\" rel=\"noopener\">Foram seis em dezembro do ano passado<\/a> e agora ser\u00e3o mais seis. Isso mostra o compromisso do governo do PT com o povo campo-grandense&#8221;, destaca Vander.<\/p>\n<p><strong>Renova\u00e7\u00e3o<\/strong><\/p>\n<p>O governo do presidente Lula est\u00e1 renovando 70% da frota do Samu em todo o Brasil. At\u00e9 o final de 2024 foram entregues 2 mil novos ve\u00edculos. Cada ambul\u00e2ncia do Samu entregue pelo Governo Federal est\u00e1 avaliada em cerca de R$ 324 mil.<\/p>\n<p>Ser\u00e3o investidos no Samu at\u00e9 2026 o valor de R$ 770 milh\u00f5es, com prioridade para as regi\u00f5es de maior vulnerabilidade social. Al\u00e9m da renova\u00e7\u00e3o de frota, ser\u00e3o 850 novos ve\u00edculos para expandir o servi\u00e7o em todo o Brasil, al\u00e9m de 14 novas Centrais de Regula\u00e7\u00e3o.<\/p>\n<p>&#8220;\u00c9 um refor\u00e7o importante para o atendimento em sa\u00fade prestado pelas prefeituras \u00e0 popula\u00e7\u00e3o&#8221;, pontua o deputado Vander.<\/p>\n<p><img decoding=\"async\" class=\"aligncenter size-large wp-image-20288\" src=\"https:\/\/vanderloubet.com.br\/deputado\/wp-content\/uploads\/2025\/03\/foto-2025-03-20-presidente-lula-deputado-vander-700x525.jpg\" alt=\"Governo Lula prop\u00f5e isen\u00e7\u00e3o de IR para quem ganha at\u00e9 R$ 5 mil\" width=\"696\" height=\"522\" srcset=\"https:\/\/vanderloubet.com.br\/deputado\/wp-content\/uploads\/2025\/03\/foto-2025-03-20-presidente-lula-deputado-vander-700x525.jpg 700w, https:\/\/vanderloubet.com.br\/deputado\/wp-content\/uploads\/2025\/03\/foto-2025-03-20-presidente-lula-deputado-vander-350x263.jpg 350w, https:\/\/vanderloubet.com.br\/deputado\/wp-content\/uploads\/2025\/03\/foto-2025-03-20-presidente-lula-deputado-vander-768x576.jpg 768w, https:\/\/vanderloubet.com.br\/deputado\/wp-content\/uploads\/2025\/03\/foto-2025-03-20-presidente-lula-deputado-vander-560x420.jpg 560w, https:\/\/vanderloubet.com.br\/deputado\/wp-content\/uploads\/2025\/03\/foto-2025-03-20-presidente-lula-deputado-vander-80x60.jpg 80w, https:\/\/vanderloubet.com.br\/deputado\/wp-content\/uploads\/2025\/03\/foto-2025-03-20-presidente-lula-deputado-vander-696x522.jpg 696w, https:\/\/vanderloubet.com.br\/deputado\/wp-content\/uploads\/2025\/03\/foto-2025-03-20-presidente-lula-deputado-vander-265x198.jpg 265w, https:\/\/vanderloubet.com.br\/deputado\/wp-content\/uploads\/2025\/03\/foto-2025-03-20-presidente-lula-deputado-vander.jpg 960w\" sizes=\"(max-width: 696px) 100vw, 696px\" \/><\/p>\n<p>Em julho de 2024, na 1\u00aa etapa de entrega de ve\u00edculos, a ent\u00e3o ministra da Sa\u00fade, N\u00edsia Trindade, recordou que a frota do Samu n\u00e3o passou por nenhuma renova\u00e7\u00e3o no governo anterior. &#8220;H\u00e1 ambul\u00e2ncias com mais de dez anos de uso&#8221;, afirmou na \u00e9poca.<\/p>\n<p>O Servi\u00e7o de Atendimento M\u00f3vel de Urg\u00eancia (Samu) \u00e9 um dos componentes da Pol\u00edtica Nacional de Aten\u00e7\u00e3o \u00e0s Urg\u00eancias do Minist\u00e9rio da Sa\u00fade. O servi\u00e7o pode ser acessado pelo n\u00famero 192, que oferece orienta\u00e7\u00f5es \u00e0 popula\u00e7\u00e3o e envia ve\u00edculos tripulados por equipes especializadas.<\/p>\n<p>Em 2023, o Minist\u00e9rio da Sa\u00fade ampliou em 30% os valores repassados para custeio do Samu, o que representa um incremento de R$ 396 milh\u00f5es por ano. Com o reajuste, o total destinado ao Servi\u00e7o passou de R$ 1,3 bilh\u00e3o para R$1,7 bilh\u00e3o. O aumento minimizou a sobrecarga nos munic\u00edpios, uma forma de incentivar a universaliza\u00e7\u00e3o do servi\u00e7o, que desde 2013 n\u00e3o recebiam atualiza\u00e7\u00e3o nos valores de custeio.<\/p>\n<p>O Governo Federal, na gest\u00e3o do presidente Lula, est\u00e1 investindo R$ 30,5 bilh\u00f5es na sa\u00fade por meio do Novo PAC. A maior parcela dos recursos est\u00e1 voltada ao enfrentamento de gargalos hist\u00f3ricos na aten\u00e7\u00e3o prim\u00e1ria e especializada, como o aumento de unidades b\u00e1sicas de sa\u00fade (UBS), maternidades, policl\u00ednicas e centros de aten\u00e7\u00e3o psicossocial (Caps).<\/p>\n<pre><em>Mat\u00e9ria editada em 26\/03\/2025 para corre\u00e7\u00e3o de informa\u00e7\u00f5es<\/em><\/pre>\n","protected":false},"excerpt":{"rendered":"<p>Ve\u00edculos s\u00e3o resultado do trabalho da bancada federal do PT junto ao Novo PAC (Programa de Acelera\u00e7\u00e3o do Crescimento).<\/p>\n","protected":false},"author":2,"featured_media":20294,"comment_status":"closed","ping_status":"closed","sticky":false,"template":"","format":"standard","meta":{"jetpack_post_was_ever_published":false,"_jetpack_newsletter_access":"","_jetpack_dont_email_post_to_subs":false,"_jetpack_newsletter_tier_id":0,"_jetpack_memberships_contains_paywalled_content":false,"_jetpack_memberships_contains_paid_content":false,"footnotes":""},"categories":[2097,10],"tags":[342,2525,2533,1580,1803],"class_list":{"0":"post-20293","1":"post","2":"type-post","3":"status-publish","4":"format-standard","5":"has-post-thumbnail","7":"category-municipios-noticias","8":"category-noticias","9":"tag-campo-grande","10":"tag-governo-federal","11":"tag-novo-pac","12":"tag-ponta-pora","13":"tag-saude"},"yoast_head":"<!-- This site is optimized with the Yoast SEO plugin v27.4 - https:\/\/yoast.com\/product\/yoast-seo-wordpress\/ -->\n<title>Governo Lula entregar\u00e1 novas ambul\u00e2ncias do Samu para Campo Grande e Ponta Por\u00e3<\/title>\n<meta name=\"description\" content=\"Ve\u00edculos s\u00e3o resultado do trabalho da bancada federal do PT junto ao Novo PAC (Programa de Acelera\u00e7\u00e3o do Crescimento).\" \/>\n<meta name=\"robots\" content=\"index, follow, max-snippet:-1, max-image-preview:large, max-video-preview:-1\" \/>\n<link rel=\"canonical\" href=\"https:\/\/vanderloubet.com.br\/deputado\/governo-lula-entregara-novas-ambulancias-do-samu-para-campo-grande-e-ponta-pora\/\" \/>\n<meta property=\"og:locale\" content=\"pt_BR\" \/>\n<meta property=\"og:type\" content=\"article\" \/>\n<meta property=\"og:title\" content=\"Governo Lula entregar\u00e1 novas ambul\u00e2ncias do Samu para Campo Grande e Ponta Por\u00e3\" \/>\n<meta property=\"og:description\" content=\"Ve\u00edculos s\u00e3o resultado do trabalho da bancada federal do PT junto ao Novo PAC (Programa de Acelera\u00e7\u00e3o do Crescimento).\" \/>\n<meta property=\"og:url\" content=\"https:\/\/vanderloubet.com.br\/deputado\/governo-lula-entregara-novas-ambulancias-do-samu-para-campo-grande-e-ponta-pora\/\" \/>\n<meta property=\"og:site_name\" content=\"Deputado Federal Vander Loubet\" \/>\n<meta property=\"article:publisher\" content=\"https:\/\/facebook.com\/deputadovander\" \/>\n<meta property=\"article:published_time\" content=\"2025-03-22T14:47:15+00:00\" \/>\n<meta property=\"article:modified_time\" content=\"2025-04-25T19:57:18+00:00\" \/>\n<meta property=\"og:image\" content=\"https:\/\/vanderloubet.com.br\/deputado\/wp-content\/uploads\/2025\/03\/foto-2025-03-22-novas-ambulancias-samu-governo-lula.jpg\" \/>\n\t<meta property=\"og:image:width\" content=\"960\" \/>\n\t<meta property=\"og:image:height\" content=\"640\" \/>\n\t<meta property=\"og:image:type\" content=\"image\/jpeg\" \/>\n<meta name=\"author\" content=\"\u00c9der\" \/>\n<meta name=\"twitter:card\" content=\"summary_large_image\" \/>\n<meta name=\"twitter:creator\" content=\"@vanderloubet\" \/>\n<meta name=\"twitter:site\" content=\"@vanderloubet\" \/>\n<script type=\"application\/ld+json\" class=\"yoast-schema-graph\">{\"@context\":\"https:\\\/\\\/schema.org\",\"@graph\":[{\"@type\":\"Article\",\"@id\":\"https:\\\/\\\/vanderloubet.com.br\\\/deputado\\\/governo-lula-entregara-novas-ambulancias-do-samu-para-campo-grande-e-ponta-pora\\\/#article\",\"isPartOf\":{\"@id\":\"https:\\\/\\\/vanderloubet.com.br\\\/deputado\\\/governo-lula-entregara-novas-ambulancias-do-samu-para-campo-grande-e-ponta-pora\\\/\"},\"author\":{\"name\":\"\u00c9der\",\"@id\":\"https:\\\/\\\/vanderloubet.com.br\\\/deputado\\\/#\\\/schema\\\/person\\\/15b51bd564532a8a68d9dec1b8eb890e\"},\"headline\":\"Governo Lula entregar\u00e1 novas ambul\u00e2ncias do Samu para Campo Grande e Ponta Por\u00e3\",\"datePublished\":\"2025-03-22T14:47:15+00:00\",\"dateModified\":\"2025-04-25T19:57:18+00:00\",\"mainEntityOfPage\":{\"@id\":\"https:\\\/\\\/vanderloubet.com.br\\\/deputado\\\/governo-lula-entregara-novas-ambulancias-do-samu-para-campo-grande-e-ponta-pora\\\/\"},\"wordCount\":572,\"publisher\":{\"@id\":\"https:\\\/\\\/vanderloubet.com.br\\\/deputado\\\/#organization\"},\"image\":{\"@id\":\"https:\\\/\\\/vanderloubet.com.br\\\/deputado\\\/governo-lula-entregara-novas-ambulancias-do-samu-para-campo-grande-e-ponta-pora\\\/#primaryimage\"},\"thumbnailUrl\":\"https:\\\/\\\/vanderloubet.com.br\\\/deputado\\\/wp-content\\\/uploads\\\/2025\\\/03\\\/foto-2025-03-22-novas-ambulancias-samu-governo-lula.jpg\",\"keywords\":[\"campo grande\",\"governo federal\",\"novo pac\",\"ponta por\u00e3\",\"sa\u00fade\"],\"articleSection\":[\"Munic\u00edpios\",\"Not\u00edcias\"],\"inLanguage\":\"pt-BR\"},{\"@type\":\"WebPage\",\"@id\":\"https:\\\/\\\/vanderloubet.com.br\\\/deputado\\\/governo-lula-entregara-novas-ambulancias-do-samu-para-campo-grande-e-ponta-pora\\\/\",\"url\":\"https:\\\/\\\/vanderloubet.com.br\\\/deputado\\\/governo-lula-entregara-novas-ambulancias-do-samu-para-campo-grande-e-ponta-pora\\\/\",\"name\":\"Governo Lula entregar\u00e1 novas ambul\u00e2ncias do Samu para Campo Grande e Ponta Por\u00e3\",\"isPartOf\":{\"@id\":\"https:\\\/\\\/vanderloubet.com.br\\\/deputado\\\/#website\"},\"primaryImageOfPage\":{\"@id\":\"https:\\\/\\\/vanderloubet.com.br\\\/deputado\\\/governo-lula-entregara-novas-ambulancias-do-samu-para-campo-grande-e-ponta-pora\\\/#primaryimage\"},\"image\":{\"@id\":\"https:\\\/\\\/vanderloubet.com.br\\\/deputado\\\/governo-lula-entregara-novas-ambulancias-do-samu-para-campo-grande-e-ponta-pora\\\/#primaryimage\"},\"thumbnailUrl\":\"https:\\\/\\\/vanderloubet.com.br\\\/deputado\\\/wp-content\\\/uploads\\\/2025\\\/03\\\/foto-2025-03-22-novas-ambulancias-samu-governo-lula.jpg\",\"datePublished\":\"2025-03-22T14:47:15+00:00\",\"dateModified\":\"2025-04-25T19:57:18+00:00\",\"description\":\"Ve\u00edculos s\u00e3o resultado do trabalho da bancada federal do PT junto ao Novo PAC (Programa de Acelera\u00e7\u00e3o do Crescimento).\",\"breadcrumb\":{\"@id\":\"https:\\\/\\\/vanderloubet.com.br\\\/deputado\\\/governo-lula-entregara-novas-ambulancias-do-samu-para-campo-grande-e-ponta-pora\\\/#breadcrumb\"},\"inLanguage\":\"pt-BR\",\"potentialAction\":[{\"@type\":\"ReadAction\",\"target\":[\"https:\\\/\\\/vanderloubet.com.br\\\/deputado\\\/governo-lula-entregara-novas-ambulancias-do-samu-para-campo-grande-e-ponta-pora\\\/\"]}]},{\"@type\":\"ImageObject\",\"inLanguage\":\"pt-BR\",\"@id\":\"https:\\\/\\\/vanderloubet.com.br\\\/deputado\\\/governo-lula-entregara-novas-ambulancias-do-samu-para-campo-grande-e-ponta-pora\\\/#primaryimage\",\"url\":\"https:\\\/\\\/vanderloubet.com.br\\\/deputado\\\/wp-content\\\/uploads\\\/2025\\\/03\\\/foto-2025-03-22-novas-ambulancias-samu-governo-lula.jpg\",\"contentUrl\":\"https:\\\/\\\/vanderloubet.com.br\\\/deputado\\\/wp-content\\\/uploads\\\/2025\\\/03\\\/foto-2025-03-22-novas-ambulancias-samu-governo-lula.jpg\",\"width\":960,\"height\":640,\"caption\":\"Governo Lula entregar\u00e1 novas ambul\u00e2ncias do Samu para Campo Grande e Ponta Por\u00e3\"},{\"@type\":\"BreadcrumbList\",\"@id\":\"https:\\\/\\\/vanderloubet.com.br\\\/deputado\\\/governo-lula-entregara-novas-ambulancias-do-samu-para-campo-grande-e-ponta-pora\\\/#breadcrumb\",\"itemListElement\":[{\"@type\":\"ListItem\",\"position\":1,\"name\":\"In\u00edcio\",\"item\":\"https:\\\/\\\/vanderloubet.com.br\\\/deputado\\\/\"},{\"@type\":\"ListItem\",\"position\":2,\"name\":\"Governo Lula entregar\u00e1 novas ambul\u00e2ncias do Samu para Campo Grande e Ponta Por\u00e3\"}]},{\"@type\":\"WebSite\",\"@id\":\"https:\\\/\\\/vanderloubet.com.br\\\/deputado\\\/#website\",\"url\":\"https:\\\/\\\/vanderloubet.com.br\\\/deputado\\\/\",\"name\":\"Deputado Federal Vander Loubet\",\"description\":\"O Federal de MS\",\"publisher\":{\"@id\":\"https:\\\/\\\/vanderloubet.com.br\\\/deputado\\\/#organization\"},\"alternateName\":\"Deputado Vander\",\"potentialAction\":[{\"@type\":\"SearchAction\",\"target\":{\"@type\":\"EntryPoint\",\"urlTemplate\":\"https:\\\/\\\/vanderloubet.com.br\\\/deputado\\\/?s={search_term_string}\"},\"query-input\":{\"@type\":\"PropertyValueSpecification\",\"valueRequired\":true,\"valueName\":\"search_term_string\"}}],\"inLanguage\":\"pt-BR\"},{\"@type\":\"Organization\",\"@id\":\"https:\\\/\\\/vanderloubet.com.br\\\/deputado\\\/#organization\",\"name\":\"Deputado Federal Vander Loubet\",\"alternateName\":\"Deputado Vander\",\"url\":\"https:\\\/\\\/vanderloubet.com.br\\\/deputado\\\/\",\"logo\":{\"@type\":\"ImageObject\",\"inLanguage\":\"pt-BR\",\"@id\":\"https:\\\/\\\/vanderloubet.com.br\\\/deputado\\\/#\\\/schema\\\/logo\\\/image\\\/\",\"url\":\"https:\\\/\\\/vanderloubet.com.br\\\/deputado\\\/wp-content\\\/uploads\\\/2023\\\/06\\\/foto-2023-06-19-mandato-deputado-vander.jpg\",\"contentUrl\":\"https:\\\/\\\/vanderloubet.com.br\\\/deputado\\\/wp-content\\\/uploads\\\/2023\\\/06\\\/foto-2023-06-19-mandato-deputado-vander.jpg\",\"width\":1080,\"height\":1080,\"caption\":\"Deputado Federal Vander Loubet\"},\"image\":{\"@id\":\"https:\\\/\\\/vanderloubet.com.br\\\/deputado\\\/#\\\/schema\\\/logo\\\/image\\\/\"},\"sameAs\":[\"https:\\\/\\\/facebook.com\\\/deputadovander\",\"https:\\\/\\\/x.com\\\/vanderloubet\",\"https:\\\/\\\/instagram.com\\\/vanderloubet\",\"https:\\\/\\\/youtube.com\\\/vanderloubet\",\"https:\\\/\\\/tiktok.com\\\/@vanderloubetms\"]},{\"@type\":\"Person\",\"@id\":\"https:\\\/\\\/vanderloubet.com.br\\\/deputado\\\/#\\\/schema\\\/person\\\/15b51bd564532a8a68d9dec1b8eb890e\",\"name\":\"\u00c9der\",\"image\":{\"@type\":\"ImageObject\",\"inLanguage\":\"pt-BR\",\"@id\":\"https:\\\/\\\/vanderloubet.com.br\\\/deputado\\\/wp-content\\\/litespeed\\\/avatar\\\/88ca4090d9d5ab1c9495f6ca03b68efa.jpg?ver=1777058957\",\"url\":\"https:\\\/\\\/vanderloubet.com.br\\\/deputado\\\/wp-content\\\/litespeed\\\/avatar\\\/88ca4090d9d5ab1c9495f6ca03b68efa.jpg?ver=1777058957\",\"contentUrl\":\"https:\\\/\\\/vanderloubet.com.br\\\/deputado\\\/wp-content\\\/litespeed\\\/avatar\\\/88ca4090d9d5ab1c9495f6ca03b68efa.jpg?ver=1777058957\",\"caption\":\"\u00c9der\"}}]}<\/script>\n<!-- \/ Yoast SEO plugin. -->","yoast_head_json":{"title":"Governo Lula entregar\u00e1 novas ambul\u00e2ncias do Samu para Campo Grande e Ponta Por\u00e3","description":"Ve\u00edculos s\u00e3o resultado do trabalho da bancada federal do PT junto ao Novo PAC (Programa de Acelera\u00e7\u00e3o do Crescimento).","robots":{"index":"index","follow":"follow","max-snippet":"max-snippet:-1","max-image-preview":"max-image-preview:large","max-video-preview":"max-video-preview:-1"},"canonical":"https:\/\/vanderloubet.com.br\/deputado\/governo-lula-entregara-novas-ambulancias-do-samu-para-campo-grande-e-ponta-pora\/","og_locale":"pt_BR","og_type":"article","og_title":"Governo Lula entregar\u00e1 novas ambul\u00e2ncias do Samu para Campo Grande e Ponta Por\u00e3","og_description":"Ve\u00edculos s\u00e3o resultado do trabalho da bancada federal do PT junto ao Novo PAC (Programa de Acelera\u00e7\u00e3o do Crescimento).","og_url":"https:\/\/vanderloubet.com.br\/deputado\/governo-lula-entregara-novas-ambulancias-do-samu-para-campo-grande-e-ponta-pora\/","og_site_name":"Deputado Federal Vander Loubet","article_publisher":"https:\/\/facebook.com\/deputadovander","article_published_time":"2025-03-22T14:47:15+00:00","article_modified_time":"2025-04-25T19:57:18+00:00","og_image":[{"width":960,"height":640,"url":"https:\/\/vanderloubet.com.br\/deputado\/wp-content\/uploads\/2025\/03\/foto-2025-03-22-novas-ambulancias-samu-governo-lula.jpg","type":"image\/jpeg"}],"author":"\u00c9der","twitter_card":"summary_large_image","twitter_creator":"@vanderloubet","twitter_site":"@vanderloubet","schema":{"@context":"https:\/\/schema.org","@graph":[{"@type":"Article","@id":"https:\/\/vanderloubet.com.br\/deputado\/governo-lula-entregara-novas-ambulancias-do-samu-para-campo-grande-e-ponta-pora\/#article","isPartOf":{"@id":"https:\/\/vanderloubet.com.br\/deputado\/governo-lula-entregara-novas-ambulancias-do-samu-para-campo-grande-e-ponta-pora\/"},"author":{"name":"\u00c9der","@id":"https:\/\/vanderloubet.com.br\/deputado\/#\/schema\/person\/15b51bd564532a8a68d9dec1b8eb890e"},"headline":"Governo Lula entregar\u00e1 novas ambul\u00e2ncias do Samu para Campo Grande e Ponta Por\u00e3","datePublished":"2025-03-22T14:47:15+00:00","dateModified":"2025-04-25T19:57:18+00:00","mainEntityOfPage":{"@id":"https:\/\/vanderloubet.com.br\/deputado\/governo-lula-entregara-novas-ambulancias-do-samu-para-campo-grande-e-ponta-pora\/"},"wordCount":572,"publisher":{"@id":"https:\/\/vanderloubet.com.br\/deputado\/#organization"},"image":{"@id":"https:\/\/vanderloubet.com.br\/deputado\/governo-lula-entregara-novas-ambulancias-do-samu-para-campo-grande-e-ponta-pora\/#primaryimage"},"thumbnailUrl":"https:\/\/vanderloubet.com.br\/deputado\/wp-content\/uploads\/2025\/03\/foto-2025-03-22-novas-ambulancias-samu-governo-lula.jpg","keywords":["campo grande","governo federal","novo pac","ponta por\u00e3","sa\u00fade"],"articleSection":["Munic\u00edpios","Not\u00edcias"],"inLanguage":"pt-BR"},{"@type":"WebPage","@id":"https:\/\/vanderloubet.com.br\/deputado\/governo-lula-entregara-novas-ambulancias-do-samu-para-campo-grande-e-ponta-pora\/","url":"https:\/\/vanderloubet.com.br\/deputado\/governo-lula-entregara-novas-ambulancias-do-samu-para-campo-grande-e-ponta-pora\/","name":"Governo Lula entregar\u00e1 novas ambul\u00e2ncias do Samu para Campo Grande e Ponta Por\u00e3","isPartOf":{"@id":"https:\/\/vanderloubet.com.br\/deputado\/#website"},"primaryImageOfPage":{"@id":"https:\/\/vanderloubet.com.br\/deputado\/governo-lula-entregara-novas-ambulancias-do-samu-para-campo-grande-e-ponta-pora\/#primaryimage"},"image":{"@id":"https:\/\/vanderloubet.com.br\/deputado\/governo-lula-entregara-novas-ambulancias-do-samu-para-campo-grande-e-ponta-pora\/#primaryimage"},"thumbnailUrl":"https:\/\/vanderloubet.com.br\/deputado\/wp-content\/uploads\/2025\/03\/foto-2025-03-22-novas-ambulancias-samu-governo-lula.jpg","datePublished":"2025-03-22T14:47:15+00:00","dateModified":"2025-04-25T19:57:18+00:00","description":"Ve\u00edculos s\u00e3o resultado do trabalho da bancada federal do PT junto ao Novo PAC (Programa de Acelera\u00e7\u00e3o do Crescimento).","breadcrumb":{"@id":"https:\/\/vanderloubet.com.br\/deputado\/governo-lula-entregara-novas-ambulancias-do-samu-para-campo-grande-e-ponta-pora\/#breadcrumb"},"inLanguage":"pt-BR","potentialAction":[{"@type":"ReadAction","target":["https:\/\/vanderloubet.com.br\/deputado\/governo-lula-entregara-novas-ambulancias-do-samu-para-campo-grande-e-ponta-pora\/"]}]},{"@type":"ImageObject","inLanguage":"pt-BR","@id":"https:\/\/vanderloubet.com.br\/deputado\/governo-lula-entregara-novas-ambulancias-do-samu-para-campo-grande-e-ponta-pora\/#primaryimage","url":"https:\/\/vanderloubet.com.br\/deputado\/wp-content\/uploads\/2025\/03\/foto-2025-03-22-novas-ambulancias-samu-governo-lula.jpg","contentUrl":"https:\/\/vanderloubet.com.br\/deputado\/wp-content\/uploads\/2025\/03\/foto-2025-03-22-novas-ambulancias-samu-governo-lula.jpg","width":960,"height":640,"caption":"Governo Lula entregar\u00e1 novas ambul\u00e2ncias do Samu para Campo Grande e Ponta Por\u00e3"},{"@type":"BreadcrumbList","@id":"https:\/\/vanderloubet.com.br\/deputado\/governo-lula-entregara-novas-ambulancias-do-samu-para-campo-grande-e-ponta-pora\/#breadcrumb","itemListElement":[{"@type":"ListItem","position":1,"name":"In\u00edcio","item":"https:\/\/vanderloubet.com.br\/deputado\/"},{"@type":"ListItem","position":2,"name":"Governo Lula entregar\u00e1 novas ambul\u00e2ncias do Samu para Campo Grande e Ponta Por\u00e3"}]},{"@type":"WebSite","@id":"https:\/\/vanderloubet.com.br\/deputado\/#website","url":"https:\/\/vanderloubet.com.br\/deputado\/","name":"Deputado Federal Vander Loubet","description":"O Federal de MS","publisher":{"@id":"https:\/\/vanderloubet.com.br\/deputado\/#organization"},"alternateName":"Deputado Vander","potentialAction":[{"@type":"SearchAction","target":{"@type":"EntryPoint","urlTemplate":"https:\/\/vanderloubet.com.br\/deputado\/?s={search_term_string}"},"query-input":{"@type":"PropertyValueSpecification","valueRequired":true,"valueName":"search_term_string"}}],"inLanguage":"pt-BR"},{"@type":"Organization","@id":"https:\/\/vanderloubet.com.br\/deputado\/#organization","name":"Deputado Federal Vander Loubet","alternateName":"Deputado Vander","url":"https:\/\/vanderloubet.com.br\/deputado\/","logo":{"@type":"ImageObject","inLanguage":"pt-BR","@id":"https:\/\/vanderloubet.com.br\/deputado\/#\/schema\/logo\/image\/","url":"https:\/\/vanderloubet.com.br\/deputado\/wp-content\/uploads\/2023\/06\/foto-2023-06-19-mandato-deputado-vander.jpg","contentUrl":"https:\/\/vanderloubet.com.br\/deputado\/wp-content\/uploads\/2023\/06\/foto-2023-06-19-mandato-deputado-vander.jpg","width":1080,"height":1080,"caption":"Deputado Federal Vander Loubet"},"image":{"@id":"https:\/\/vanderloubet.com.br\/deputado\/#\/schema\/logo\/image\/"},"sameAs":["https:\/\/facebook.com\/deputadovander","https:\/\/x.com\/vanderloubet","https:\/\/instagram.com\/vanderloubet","https:\/\/youtube.com\/vanderloubet","https:\/\/tiktok.com\/@vanderloubetms"]},{"@type":"Person","@id":"https:\/\/vanderloubet.com.br\/deputado\/#\/schema\/person\/15b51bd564532a8a68d9dec1b8eb890e","name":"\u00c9der","image":{"@type":"ImageObject","inLanguage":"pt-BR","@id":"https:\/\/vanderloubet.com.br\/deputado\/wp-content\/litespeed\/avatar\/88ca4090d9d5ab1c9495f6ca03b68efa.jpg?ver=1777058957","url":"https:\/\/vanderloubet.com.br\/deputado\/wp-content\/litespeed\/avatar\/88ca4090d9d5ab1c9495f6ca03b68efa.jpg?ver=1777058957","contentUrl":"https:\/\/vanderloubet.com.br\/deputado\/wp-content\/litespeed\/avatar\/88ca4090d9d5ab1c9495f6ca03b68efa.jpg?ver=1777058957","caption":"\u00c9der"}}]}},"jetpack_featured_media_url":"https:\/\/vanderloubet.com.br\/deputado\/wp-content\/uploads\/2025\/03\/foto-2025-03-22-novas-ambulancias-samu-governo-lula.jpg","jetpack_sharing_enabled":true,"_links":{"self":[{"href":"https:\/\/vanderloubet.com.br\/deputado\/wp-json\/wp\/v2\/posts\/20293","targetHints":{"allow":["GET"]}}],"collection":[{"href":"https:\/\/vanderloubet.com.br\/deputado\/wp-json\/wp\/v2\/posts"}],"about":[{"href":"https:\/\/vanderloubet.com.br\/deputado\/wp-json\/wp\/v2\/types\/post"}],"author":[{"embeddable":true,"href":"https:\/\/vanderloubet.com.br\/deputado\/wp-json\/wp\/v2\/users\/2"}],"replies":[{"embeddable":true,"href":"https:\/\/vanderloubet.com.br\/deputado\/wp-json\/wp\/v2\/comments?post=20293"}],"version-history":[{"count":4,"href":"https:\/\/vanderloubet.com.br\/deputado\/wp-json\/wp\/v2\/posts\/20293\/revisions"}],"predecessor-version":[{"id":20345,"href":"https:\/\/vanderloubet.com.br\/deputado\/wp-json\/wp\/v2\/posts\/20293\/revisions\/20345"}],"wp:featuredmedia":[{"embeddable":true,"href":"https:\/\/vanderloubet.com.br\/deputado\/wp-json\/wp\/v2\/media\/20294"}],"wp:attachment":[{"href":"https:\/\/vanderloubet.com.br\/deputado\/wp-json\/wp\/v2\/media?parent=20293"}],"wp:term":[{"taxonomy":"category","embeddable":true,"href":"https:\/\/vanderloubet.com.br\/deputado\/wp-json\/wp\/v2\/categories?post=20293"},{"taxonomy":"post_tag","embeddable":true,"href":"https:\/\/vanderloubet.com.br\/deputado\/wp-json\/wp\/v2\/tags?post=20293"}],"curies":[{"name":"wp","href":"https:\/\/api.w.org\/{rel}","templated":true}]}}