{"id":20275,"date":"2025-03-18T15:00:31","date_gmt":"2025-03-18T19:00:31","guid":{"rendered":"https:\/\/vanderloubet.com.br\/deputado\/?p=20275"},"modified":"2025-03-21T10:02:50","modified_gmt":"2025-03-21T14:02:50","slug":"municipios-precisam-regularizar-pendencias-para-nao-perder-recursos-do-novo-pac-saude","status":"publish","type":"post","link":"https:\/\/vanderloubet.com.br\/deputado\/municipios-precisam-regularizar-pendencias-para-nao-perder-recursos-do-novo-pac-saude\/","title":{"rendered":"Munic\u00edpios precisam regularizar pend\u00eancias para n\u00e3o perder recursos do Novo PAC Sa\u00fade"},"content":{"rendered":"<p>Os gestores municipais de Mato Grosso do Sul t\u00eam at\u00e9 o dia 15 de abril para publicar os editais de licita\u00e7\u00e3o das obras contempladas pelo Novo PAC Sa\u00fade. Caso contr\u00e1rio, os recursos destinados a Unidades B\u00e1sicas de Sa\u00fade (UBS), Centros de Aten\u00e7\u00e3o Psicossocial (CAPS) e outras unidades poder\u00e3o ser redirecionados para outros estados.<\/p>\n<p>O deputado federal Vander Loubet (PT-MS) alerta para a urg\u00eancia do prazo e refor\u00e7a o compromisso do mandato em auxiliar os munic\u00edpios nesse processo.<\/p>\n<p>&#8220;Sabemos o quanto a sa\u00fade no interior \u00e9 essencial e o Governo Federal est\u00e1 cumprindo sua parte. Agora, \u00e9 fundamental que os gestores municipais fa\u00e7am sua parte para garantir esses investimentos. Estamos \u00e0 disposi\u00e7\u00e3o para ajudar e evitar que qualquer recurso seja perdido&#8221;, destacou o parlamentar.<\/p>\n<p>Vander refor\u00e7ou a necessidade de atua\u00e7\u00e3o conjunta entre Governo Federal e prefeituras para garantir a execu\u00e7\u00e3o das obras.<\/p>\n<p>&#8220;Esses recursos s\u00e3o fundamentais para fortalecer a sa\u00fade p\u00fablica e melhorar a infraestrutura das unidades de atendimento. N\u00e3o podemos deixar que esse investimento saia do nosso estado por falta de cadastro ou de publica\u00e7\u00e3o do edital de licita\u00e7\u00e3o. O prazo est\u00e1 correndo e \u00e9 essencial que os prefeitos e secret\u00e1rios municipais regularizem as pend\u00eancias&#8221;, afirmou.<\/p>\n<p>Al\u00e9m do suporte oferecido pelo mandato, o Minist\u00e9rio da Sa\u00fade disponibiliza canais para esclarecimento de d\u00favidas pelo WhatsApp (61) 99847-2334 ou e-mail (novopac@saude.gov.br).<\/p>\n<p>Para garantir a libera\u00e7\u00e3o dos investimentos, os munic\u00edpios devem manter atualizado o Sistema de Monitoramento de Obras (Sismob). Em Mato Grosso do Sul, de acordo com a Casa Civil da Presid\u00eancia da Rep\u00fablica, 22 cidades possuem pend\u00eancias no cadastro e precisam agilizar os tr\u00e2mites: Amambai, Anast\u00e1cio, Ant\u00f4nio Jo\u00e3o, Aparecida do Taboado, Bonito, Campo Grande, Caarap\u00f3, Cassil\u00e2ndia, Corumb\u00e1, Coxim, Dourados, Iguatemi*, Ivinhema, Juti, Maracaju, Nova Alvorada do Sul*, Nova Andradina, Ponta Por\u00e3, Selv\u00edria, Sidrol\u00e2ndia, Tacuru e Tr\u00eas Lagoas.<\/p>\n<p>&#8220;A sa\u00fade da popula\u00e7\u00e3o n\u00e3o pode esperar&#8221;, finaliza Vander.<\/p>\n<p><em><strong>P.S.:<\/strong> Iguatemi e Nova Alvorada do Sul constavam na lista de pend\u00eancias divulgada pela Casa Civil da Presid\u00eancia no in\u00edcio deste m\u00eas. Entretanto, ap\u00f3s a publica\u00e7\u00e3o desse material, essas Prefeituras enviaram notas de esclarecimento ao mandato do deputado. Na tarde de 18\/03, a Prefeitura de Iguatemi informou que a pend\u00eancia foi resolvida e a etapa preparat\u00f3ria da obra foi superada. J\u00e1 na manh\u00e3 de 21\/03, a Prefeitura de Nova Alvorada do Sul esclareceu que n\u00e3o h\u00e1 pend\u00eancia, visto que a obra em quest\u00e3o j\u00e1 foi licitada e contratada.<\/em><\/p>\n<pre><em>Texto: Laura Miranda<\/em>\r\n<em>Edi\u00e7\u00e3o: \u00c9der F. Yanaguita<\/em>\r\n<em>Foto: Gabriel Paiva<\/em><\/pre>\n","protected":false},"excerpt":{"rendered":"<p>Recursos s\u00e3o destinados a Unidades B\u00e1sicas de Sa\u00fade (UBS), Centros de Aten\u00e7\u00e3o Psicossocial (CAPS) e outras obras.<\/p>\n","protected":false},"author":2,"featured_media":20276,"comment_status":"closed","ping_status":"closed","sticky":false,"template":"","format":"standard","meta":{"jetpack_post_was_ever_published":false,"_jetpack_newsletter_access":"","_jetpack_dont_email_post_to_subs":false,"_jetpack_newsletter_tier_id":0,"_jetpack_memberships_contains_paywalled_content":false,"_jetpack_memberships_contains_paid_content":false,"footnotes":""},"categories":[2098,10],"tags":[685,2525,1635,2259],"class_list":{"0":"post-20275","1":"post","2":"type-post","3":"status-publish","4":"format-standard","5":"has-post-thumbnail","7":"category-brasil-noticias","8":"category-noticias","9":"tag-economia","10":"tag-governo-federal","11":"tag-projeto-de-lei","12":"tag-tributos-e-impostos"},"yoast_head":"<!-- This site is optimized with the Yoast SEO plugin v27.4 - https:\/\/yoast.com\/product\/yoast-seo-wordpress\/ -->\n<title>Munic\u00edpios precisam regularizar pend\u00eancias para n\u00e3o perder recursos do Novo PAC Sa\u00fade<\/title>\n<meta name=\"description\" content=\"Recursos s\u00e3o destinados a Unidades B\u00e1sicas de Sa\u00fade (UBS), Centros de Aten\u00e7\u00e3o Psicossocial (CAPS) e outras obras.\" \/>\n<meta name=\"robots\" content=\"index, follow, max-snippet:-1, max-image-preview:large, max-video-preview:-1\" \/>\n<link rel=\"canonical\" href=\"https:\/\/vanderloubet.com.br\/deputado\/municipios-precisam-regularizar-pendencias-para-nao-perder-recursos-do-novo-pac-saude\/\" \/>\n<meta property=\"og:locale\" content=\"pt_BR\" \/>\n<meta property=\"og:type\" content=\"article\" \/>\n<meta property=\"og:title\" content=\"Munic\u00edpios precisam regularizar pend\u00eancias para n\u00e3o perder recursos do Novo PAC Sa\u00fade\" \/>\n<meta property=\"og:description\" content=\"Recursos s\u00e3o destinados a Unidades B\u00e1sicas de Sa\u00fade (UBS), Centros de Aten\u00e7\u00e3o Psicossocial (CAPS) e outras obras.\" \/>\n<meta property=\"og:url\" content=\"https:\/\/vanderloubet.com.br\/deputado\/municipios-precisam-regularizar-pendencias-para-nao-perder-recursos-do-novo-pac-saude\/\" \/>\n<meta property=\"og:site_name\" content=\"Deputado Federal Vander Loubet\" \/>\n<meta property=\"article:publisher\" content=\"https:\/\/facebook.com\/deputadovander\" \/>\n<meta property=\"article:published_time\" content=\"2025-03-18T19:00:31+00:00\" \/>\n<meta property=\"article:modified_time\" content=\"2025-03-21T14:02:50+00:00\" \/>\n<meta property=\"og:image\" content=\"https:\/\/vanderloubet.com.br\/deputado\/wp-content\/uploads\/2025\/03\/foto-2025-03-18-deputado-vander-loubet-foto-gabriel-paiva.jpg\" \/>\n\t<meta property=\"og:image:width\" content=\"960\" \/>\n\t<meta property=\"og:image:height\" content=\"640\" \/>\n\t<meta property=\"og:image:type\" content=\"image\/jpeg\" \/>\n<meta name=\"author\" content=\"\u00c9der\" \/>\n<meta name=\"twitter:card\" content=\"summary_large_image\" \/>\n<meta name=\"twitter:creator\" content=\"@vanderloubet\" \/>\n<meta name=\"twitter:site\" content=\"@vanderloubet\" \/>\n<script type=\"application\/ld+json\" class=\"yoast-schema-graph\">{\"@context\":\"https:\\\/\\\/schema.org\",\"@graph\":[{\"@type\":\"Article\",\"@id\":\"https:\\\/\\\/vanderloubet.com.br\\\/deputado\\\/municipios-precisam-regularizar-pendencias-para-nao-perder-recursos-do-novo-pac-saude\\\/#article\",\"isPartOf\":{\"@id\":\"https:\\\/\\\/vanderloubet.com.br\\\/deputado\\\/municipios-precisam-regularizar-pendencias-para-nao-perder-recursos-do-novo-pac-saude\\\/\"},\"author\":{\"name\":\"\u00c9der\",\"@id\":\"https:\\\/\\\/vanderloubet.com.br\\\/deputado\\\/#\\\/schema\\\/person\\\/15b51bd564532a8a68d9dec1b8eb890e\"},\"headline\":\"Munic\u00edpios precisam regularizar pend\u00eancias para n\u00e3o perder recursos do Novo PAC Sa\u00fade\",\"datePublished\":\"2025-03-18T19:00:31+00:00\",\"dateModified\":\"2025-03-21T14:02:50+00:00\",\"mainEntityOfPage\":{\"@id\":\"https:\\\/\\\/vanderloubet.com.br\\\/deputado\\\/municipios-precisam-regularizar-pendencias-para-nao-perder-recursos-do-novo-pac-saude\\\/\"},\"wordCount\":460,\"publisher\":{\"@id\":\"https:\\\/\\\/vanderloubet.com.br\\\/deputado\\\/#organization\"},\"image\":{\"@id\":\"https:\\\/\\\/vanderloubet.com.br\\\/deputado\\\/municipios-precisam-regularizar-pendencias-para-nao-perder-recursos-do-novo-pac-saude\\\/#primaryimage\"},\"thumbnailUrl\":\"https:\\\/\\\/vanderloubet.com.br\\\/deputado\\\/wp-content\\\/uploads\\\/2025\\\/03\\\/foto-2025-03-18-deputado-vander-loubet-foto-gabriel-paiva.jpg\",\"keywords\":[\"economia\",\"governo federal\",\"projeto de lei\",\"tributos e impostos\"],\"articleSection\":[\"Brasil\",\"Not\u00edcias\"],\"inLanguage\":\"pt-BR\"},{\"@type\":\"WebPage\",\"@id\":\"https:\\\/\\\/vanderloubet.com.br\\\/deputado\\\/municipios-precisam-regularizar-pendencias-para-nao-perder-recursos-do-novo-pac-saude\\\/\",\"url\":\"https:\\\/\\\/vanderloubet.com.br\\\/deputado\\\/municipios-precisam-regularizar-pendencias-para-nao-perder-recursos-do-novo-pac-saude\\\/\",\"name\":\"Munic\u00edpios precisam regularizar pend\u00eancias para n\u00e3o perder recursos do Novo PAC Sa\u00fade\",\"isPartOf\":{\"@id\":\"https:\\\/\\\/vanderloubet.com.br\\\/deputado\\\/#website\"},\"primaryImageOfPage\":{\"@id\":\"https:\\\/\\\/vanderloubet.com.br\\\/deputado\\\/municipios-precisam-regularizar-pendencias-para-nao-perder-recursos-do-novo-pac-saude\\\/#primaryimage\"},\"image\":{\"@id\":\"https:\\\/\\\/vanderloubet.com.br\\\/deputado\\\/municipios-precisam-regularizar-pendencias-para-nao-perder-recursos-do-novo-pac-saude\\\/#primaryimage\"},\"thumbnailUrl\":\"https:\\\/\\\/vanderloubet.com.br\\\/deputado\\\/wp-content\\\/uploads\\\/2025\\\/03\\\/foto-2025-03-18-deputado-vander-loubet-foto-gabriel-paiva.jpg\",\"datePublished\":\"2025-03-18T19:00:31+00:00\",\"dateModified\":\"2025-03-21T14:02:50+00:00\",\"description\":\"Recursos s\u00e3o destinados a Unidades B\u00e1sicas de Sa\u00fade (UBS), Centros de Aten\u00e7\u00e3o Psicossocial (CAPS) e outras obras.\",\"breadcrumb\":{\"@id\":\"https:\\\/\\\/vanderloubet.com.br\\\/deputado\\\/municipios-precisam-regularizar-pendencias-para-nao-perder-recursos-do-novo-pac-saude\\\/#breadcrumb\"},\"inLanguage\":\"pt-BR\",\"potentialAction\":[{\"@type\":\"ReadAction\",\"target\":[\"https:\\\/\\\/vanderloubet.com.br\\\/deputado\\\/municipios-precisam-regularizar-pendencias-para-nao-perder-recursos-do-novo-pac-saude\\\/\"]}]},{\"@type\":\"ImageObject\",\"inLanguage\":\"pt-BR\",\"@id\":\"https:\\\/\\\/vanderloubet.com.br\\\/deputado\\\/municipios-precisam-regularizar-pendencias-para-nao-perder-recursos-do-novo-pac-saude\\\/#primaryimage\",\"url\":\"https:\\\/\\\/vanderloubet.com.br\\\/deputado\\\/wp-content\\\/uploads\\\/2025\\\/03\\\/foto-2025-03-18-deputado-vander-loubet-foto-gabriel-paiva.jpg\",\"contentUrl\":\"https:\\\/\\\/vanderloubet.com.br\\\/deputado\\\/wp-content\\\/uploads\\\/2025\\\/03\\\/foto-2025-03-18-deputado-vander-loubet-foto-gabriel-paiva.jpg\",\"width\":960,\"height\":640,\"caption\":\"Munic\u00edpios precisam regularizar pend\u00eancias para n\u00e3o perder recursos do Novo PAC Sa\u00fade\"},{\"@type\":\"BreadcrumbList\",\"@id\":\"https:\\\/\\\/vanderloubet.com.br\\\/deputado\\\/municipios-precisam-regularizar-pendencias-para-nao-perder-recursos-do-novo-pac-saude\\\/#breadcrumb\",\"itemListElement\":[{\"@type\":\"ListItem\",\"position\":1,\"name\":\"In\u00edcio\",\"item\":\"https:\\\/\\\/vanderloubet.com.br\\\/deputado\\\/\"},{\"@type\":\"ListItem\",\"position\":2,\"name\":\"Munic\u00edpios precisam regularizar pend\u00eancias para n\u00e3o perder recursos do Novo PAC Sa\u00fade\"}]},{\"@type\":\"WebSite\",\"@id\":\"https:\\\/\\\/vanderloubet.com.br\\\/deputado\\\/#website\",\"url\":\"https:\\\/\\\/vanderloubet.com.br\\\/deputado\\\/\",\"name\":\"Deputado Federal Vander Loubet\",\"description\":\"O Federal de MS\",\"publisher\":{\"@id\":\"https:\\\/\\\/vanderloubet.com.br\\\/deputado\\\/#organization\"},\"alternateName\":\"Deputado Vander\",\"potentialAction\":[{\"@type\":\"SearchAction\",\"target\":{\"@type\":\"EntryPoint\",\"urlTemplate\":\"https:\\\/\\\/vanderloubet.com.br\\\/deputado\\\/?s={search_term_string}\"},\"query-input\":{\"@type\":\"PropertyValueSpecification\",\"valueRequired\":true,\"valueName\":\"search_term_string\"}}],\"inLanguage\":\"pt-BR\"},{\"@type\":\"Organization\",\"@id\":\"https:\\\/\\\/vanderloubet.com.br\\\/deputado\\\/#organization\",\"name\":\"Deputado Federal Vander Loubet\",\"alternateName\":\"Deputado Vander\",\"url\":\"https:\\\/\\\/vanderloubet.com.br\\\/deputado\\\/\",\"logo\":{\"@type\":\"ImageObject\",\"inLanguage\":\"pt-BR\",\"@id\":\"https:\\\/\\\/vanderloubet.com.br\\\/deputado\\\/#\\\/schema\\\/logo\\\/image\\\/\",\"url\":\"https:\\\/\\\/vanderloubet.com.br\\\/deputado\\\/wp-content\\\/uploads\\\/2023\\\/06\\\/foto-2023-06-19-mandato-deputado-vander.jpg\",\"contentUrl\":\"https:\\\/\\\/vanderloubet.com.br\\\/deputado\\\/wp-content\\\/uploads\\\/2023\\\/06\\\/foto-2023-06-19-mandato-deputado-vander.jpg\",\"width\":1080,\"height\":1080,\"caption\":\"Deputado Federal Vander Loubet\"},\"image\":{\"@id\":\"https:\\\/\\\/vanderloubet.com.br\\\/deputado\\\/#\\\/schema\\\/logo\\\/image\\\/\"},\"sameAs\":[\"https:\\\/\\\/facebook.com\\\/deputadovander\",\"https:\\\/\\\/x.com\\\/vanderloubet\",\"https:\\\/\\\/instagram.com\\\/vanderloubet\",\"https:\\\/\\\/youtube.com\\\/vanderloubet\",\"https:\\\/\\\/tiktok.com\\\/@vanderloubetms\"]},{\"@type\":\"Person\",\"@id\":\"https:\\\/\\\/vanderloubet.com.br\\\/deputado\\\/#\\\/schema\\\/person\\\/15b51bd564532a8a68d9dec1b8eb890e\",\"name\":\"\u00c9der\",\"image\":{\"@type\":\"ImageObject\",\"inLanguage\":\"pt-BR\",\"@id\":\"https:\\\/\\\/vanderloubet.com.br\\\/deputado\\\/wp-content\\\/litespeed\\\/avatar\\\/88ca4090d9d5ab1c9495f6ca03b68efa.jpg?ver=1777058957\",\"url\":\"https:\\\/\\\/vanderloubet.com.br\\\/deputado\\\/wp-content\\\/litespeed\\\/avatar\\\/88ca4090d9d5ab1c9495f6ca03b68efa.jpg?ver=1777058957\",\"contentUrl\":\"https:\\\/\\\/vanderloubet.com.br\\\/deputado\\\/wp-content\\\/litespeed\\\/avatar\\\/88ca4090d9d5ab1c9495f6ca03b68efa.jpg?ver=1777058957\",\"caption\":\"\u00c9der\"}}]}<\/script>\n<!-- \/ Yoast SEO plugin. -->","yoast_head_json":{"title":"Munic\u00edpios precisam regularizar pend\u00eancias para n\u00e3o perder recursos do Novo PAC Sa\u00fade","description":"Recursos s\u00e3o destinados a Unidades B\u00e1sicas de Sa\u00fade (UBS), Centros de Aten\u00e7\u00e3o Psicossocial (CAPS) e outras obras.","robots":{"index":"index","follow":"follow","max-snippet":"max-snippet:-1","max-image-preview":"max-image-preview:large","max-video-preview":"max-video-preview:-1"},"canonical":"https:\/\/vanderloubet.com.br\/deputado\/municipios-precisam-regularizar-pendencias-para-nao-perder-recursos-do-novo-pac-saude\/","og_locale":"pt_BR","og_type":"article","og_title":"Munic\u00edpios precisam regularizar pend\u00eancias para n\u00e3o perder recursos do Novo PAC Sa\u00fade","og_description":"Recursos s\u00e3o destinados a Unidades B\u00e1sicas de Sa\u00fade (UBS), Centros de Aten\u00e7\u00e3o Psicossocial (CAPS) e outras obras.","og_url":"https:\/\/vanderloubet.com.br\/deputado\/municipios-precisam-regularizar-pendencias-para-nao-perder-recursos-do-novo-pac-saude\/","og_site_name":"Deputado Federal Vander Loubet","article_publisher":"https:\/\/facebook.com\/deputadovander","article_published_time":"2025-03-18T19:00:31+00:00","article_modified_time":"2025-03-21T14:02:50+00:00","og_image":[{"width":960,"height":640,"url":"https:\/\/vanderloubet.com.br\/deputado\/wp-content\/uploads\/2025\/03\/foto-2025-03-18-deputado-vander-loubet-foto-gabriel-paiva.jpg","type":"image\/jpeg"}],"author":"\u00c9der","twitter_card":"summary_large_image","twitter_creator":"@vanderloubet","twitter_site":"@vanderloubet","schema":{"@context":"https:\/\/schema.org","@graph":[{"@type":"Article","@id":"https:\/\/vanderloubet.com.br\/deputado\/municipios-precisam-regularizar-pendencias-para-nao-perder-recursos-do-novo-pac-saude\/#article","isPartOf":{"@id":"https:\/\/vanderloubet.com.br\/deputado\/municipios-precisam-regularizar-pendencias-para-nao-perder-recursos-do-novo-pac-saude\/"},"author":{"name":"\u00c9der","@id":"https:\/\/vanderloubet.com.br\/deputado\/#\/schema\/person\/15b51bd564532a8a68d9dec1b8eb890e"},"headline":"Munic\u00edpios precisam regularizar pend\u00eancias para n\u00e3o perder recursos do Novo PAC Sa\u00fade","datePublished":"2025-03-18T19:00:31+00:00","dateModified":"2025-03-21T14:02:50+00:00","mainEntityOfPage":{"@id":"https:\/\/vanderloubet.com.br\/deputado\/municipios-precisam-regularizar-pendencias-para-nao-perder-recursos-do-novo-pac-saude\/"},"wordCount":460,"publisher":{"@id":"https:\/\/vanderloubet.com.br\/deputado\/#organization"},"image":{"@id":"https:\/\/vanderloubet.com.br\/deputado\/municipios-precisam-regularizar-pendencias-para-nao-perder-recursos-do-novo-pac-saude\/#primaryimage"},"thumbnailUrl":"https:\/\/vanderloubet.com.br\/deputado\/wp-content\/uploads\/2025\/03\/foto-2025-03-18-deputado-vander-loubet-foto-gabriel-paiva.jpg","keywords":["economia","governo federal","projeto de lei","tributos e impostos"],"articleSection":["Brasil","Not\u00edcias"],"inLanguage":"pt-BR"},{"@type":"WebPage","@id":"https:\/\/vanderloubet.com.br\/deputado\/municipios-precisam-regularizar-pendencias-para-nao-perder-recursos-do-novo-pac-saude\/","url":"https:\/\/vanderloubet.com.br\/deputado\/municipios-precisam-regularizar-pendencias-para-nao-perder-recursos-do-novo-pac-saude\/","name":"Munic\u00edpios precisam regularizar pend\u00eancias para n\u00e3o perder recursos do Novo PAC Sa\u00fade","isPartOf":{"@id":"https:\/\/vanderloubet.com.br\/deputado\/#website"},"primaryImageOfPage":{"@id":"https:\/\/vanderloubet.com.br\/deputado\/municipios-precisam-regularizar-pendencias-para-nao-perder-recursos-do-novo-pac-saude\/#primaryimage"},"image":{"@id":"https:\/\/vanderloubet.com.br\/deputado\/municipios-precisam-regularizar-pendencias-para-nao-perder-recursos-do-novo-pac-saude\/#primaryimage"},"thumbnailUrl":"https:\/\/vanderloubet.com.br\/deputado\/wp-content\/uploads\/2025\/03\/foto-2025-03-18-deputado-vander-loubet-foto-gabriel-paiva.jpg","datePublished":"2025-03-18T19:00:31+00:00","dateModified":"2025-03-21T14:02:50+00:00","description":"Recursos s\u00e3o destinados a Unidades B\u00e1sicas de Sa\u00fade (UBS), Centros de Aten\u00e7\u00e3o Psicossocial (CAPS) e outras obras.","breadcrumb":{"@id":"https:\/\/vanderloubet.com.br\/deputado\/municipios-precisam-regularizar-pendencias-para-nao-perder-recursos-do-novo-pac-saude\/#breadcrumb"},"inLanguage":"pt-BR","potentialAction":[{"@type":"ReadAction","target":["https:\/\/vanderloubet.com.br\/deputado\/municipios-precisam-regularizar-pendencias-para-nao-perder-recursos-do-novo-pac-saude\/"]}]},{"@type":"ImageObject","inLanguage":"pt-BR","@id":"https:\/\/vanderloubet.com.br\/deputado\/municipios-precisam-regularizar-pendencias-para-nao-perder-recursos-do-novo-pac-saude\/#primaryimage","url":"https:\/\/vanderloubet.com.br\/deputado\/wp-content\/uploads\/2025\/03\/foto-2025-03-18-deputado-vander-loubet-foto-gabriel-paiva.jpg","contentUrl":"https:\/\/vanderloubet.com.br\/deputado\/wp-content\/uploads\/2025\/03\/foto-2025-03-18-deputado-vander-loubet-foto-gabriel-paiva.jpg","width":960,"height":640,"caption":"Munic\u00edpios precisam regularizar pend\u00eancias para n\u00e3o perder recursos do Novo PAC Sa\u00fade"},{"@type":"BreadcrumbList","@id":"https:\/\/vanderloubet.com.br\/deputado\/municipios-precisam-regularizar-pendencias-para-nao-perder-recursos-do-novo-pac-saude\/#breadcrumb","itemListElement":[{"@type":"ListItem","position":1,"name":"In\u00edcio","item":"https:\/\/vanderloubet.com.br\/deputado\/"},{"@type":"ListItem","position":2,"name":"Munic\u00edpios precisam regularizar pend\u00eancias para n\u00e3o perder recursos do Novo PAC Sa\u00fade"}]},{"@type":"WebSite","@id":"https:\/\/vanderloubet.com.br\/deputado\/#website","url":"https:\/\/vanderloubet.com.br\/deputado\/","name":"Deputado Federal Vander Loubet","description":"O Federal de MS","publisher":{"@id":"https:\/\/vanderloubet.com.br\/deputado\/#organization"},"alternateName":"Deputado Vander","potentialAction":[{"@type":"SearchAction","target":{"@type":"EntryPoint","urlTemplate":"https:\/\/vanderloubet.com.br\/deputado\/?s={search_term_string}"},"query-input":{"@type":"PropertyValueSpecification","valueRequired":true,"valueName":"search_term_string"}}],"inLanguage":"pt-BR"},{"@type":"Organization","@id":"https:\/\/vanderloubet.com.br\/deputado\/#organization","name":"Deputado Federal Vander Loubet","alternateName":"Deputado Vander","url":"https:\/\/vanderloubet.com.br\/deputado\/","logo":{"@type":"ImageObject","inLanguage":"pt-BR","@id":"https:\/\/vanderloubet.com.br\/deputado\/#\/schema\/logo\/image\/","url":"https:\/\/vanderloubet.com.br\/deputado\/wp-content\/uploads\/2023\/06\/foto-2023-06-19-mandato-deputado-vander.jpg","contentUrl":"https:\/\/vanderloubet.com.br\/deputado\/wp-content\/uploads\/2023\/06\/foto-2023-06-19-mandato-deputado-vander.jpg","width":1080,"height":1080,"caption":"Deputado Federal Vander Loubet"},"image":{"@id":"https:\/\/vanderloubet.com.br\/deputado\/#\/schema\/logo\/image\/"},"sameAs":["https:\/\/facebook.com\/deputadovander","https:\/\/x.com\/vanderloubet","https:\/\/instagram.com\/vanderloubet","https:\/\/youtube.com\/vanderloubet","https:\/\/tiktok.com\/@vanderloubetms"]},{"@type":"Person","@id":"https:\/\/vanderloubet.com.br\/deputado\/#\/schema\/person\/15b51bd564532a8a68d9dec1b8eb890e","name":"\u00c9der","image":{"@type":"ImageObject","inLanguage":"pt-BR","@id":"https:\/\/vanderloubet.com.br\/deputado\/wp-content\/litespeed\/avatar\/88ca4090d9d5ab1c9495f6ca03b68efa.jpg?ver=1777058957","url":"https:\/\/vanderloubet.com.br\/deputado\/wp-content\/litespeed\/avatar\/88ca4090d9d5ab1c9495f6ca03b68efa.jpg?ver=1777058957","contentUrl":"https:\/\/vanderloubet.com.br\/deputado\/wp-content\/litespeed\/avatar\/88ca4090d9d5ab1c9495f6ca03b68efa.jpg?ver=1777058957","caption":"\u00c9der"}}]}},"jetpack_featured_media_url":"https:\/\/vanderloubet.com.br\/deputado\/wp-content\/uploads\/2025\/03\/foto-2025-03-18-deputado-vander-loubet-foto-gabriel-paiva.jpg","jetpack_sharing_enabled":true,"_links":{"self":[{"href":"https:\/\/vanderloubet.com.br\/deputado\/wp-json\/wp\/v2\/posts\/20275","targetHints":{"allow":["GET"]}}],"collection":[{"href":"https:\/\/vanderloubet.com.br\/deputado\/wp-json\/wp\/v2\/posts"}],"about":[{"href":"https:\/\/vanderloubet.com.br\/deputado\/wp-json\/wp\/v2\/types\/post"}],"author":[{"embeddable":true,"href":"https:\/\/vanderloubet.com.br\/deputado\/wp-json\/wp\/v2\/users\/2"}],"replies":[{"embeddable":true,"href":"https:\/\/vanderloubet.com.br\/deputado\/wp-json\/wp\/v2\/comments?post=20275"}],"version-history":[{"count":5,"href":"https:\/\/vanderloubet.com.br\/deputado\/wp-json\/wp\/v2\/posts\/20275\/revisions"}],"predecessor-version":[{"id":20292,"href":"https:\/\/vanderloubet.com.br\/deputado\/wp-json\/wp\/v2\/posts\/20275\/revisions\/20292"}],"wp:featuredmedia":[{"embeddable":true,"href":"https:\/\/vanderloubet.com.br\/deputado\/wp-json\/wp\/v2\/media\/20276"}],"wp:attachment":[{"href":"https:\/\/vanderloubet.com.br\/deputado\/wp-json\/wp\/v2\/media?parent=20275"}],"wp:term":[{"taxonomy":"category","embeddable":true,"href":"https:\/\/vanderloubet.com.br\/deputado\/wp-json\/wp\/v2\/categories?post=20275"},{"taxonomy":"post_tag","embeddable":true,"href":"https:\/\/vanderloubet.com.br\/deputado\/wp-json\/wp\/v2\/tags?post=20275"}],"curies":[{"name":"wp","href":"https:\/\/api.w.org\/{rel}","templated":true}]}}