{"id":20261,"date":"2025-02-27T11:00:16","date_gmt":"2025-02-27T15:00:16","guid":{"rendered":"https:\/\/vanderloubet.com.br\/deputado\/?p=20261"},"modified":"2025-03-08T23:31:42","modified_gmt":"2025-03-09T03:31:42","slug":"estudantes-que-concluiram-ensino-medio-e-fizeram-enem-podem-sacar-bonus-do-pe-de-meia","status":"publish","type":"post","link":"https:\/\/vanderloubet.com.br\/deputado\/estudantes-que-concluiram-ensino-medio-e-fizeram-enem-podem-sacar-bonus-do-pe-de-meia\/","title":{"rendered":"Estudantes que conclu\u00edram ensino m\u00e9dio e fizeram Enem podem sacar b\u00f4nus do P\u00e9-de-Meia"},"content":{"rendered":"<p>Os alunos beneficiados pelo programa P\u00e9-de-Meia que conclu\u00edram o ensino m\u00e9dio e participaram do Enem em 2024 j\u00e1 podem sacar os b\u00f4nus de R$ 1.200. Com esse \u00faltimo pagamento, estes estudantes ter\u00e3o recebido at\u00e9 R$ 3,2 mil reais por seu \u00faltimo ano na etapa escolar.<\/p>\n<p>Esse total engloba:<\/p>\n<ul>\n<li>R$ 200 reais pagos pela matr\u00edcula em 2024;<\/li>\n<li>R$ 1.800 pagos em 9 parcelas ao longo de 2024;<\/li>\n<li>R$ 1.000 de b\u00f4nus pela aprova\u00e7\u00e3o no final do ano letivo, pagos nesta semana;<\/li>\n<li>R$ 200 pela realiza\u00e7\u00e3o do Enem no \u00faltimo ano do ensino m\u00e9dio, pagos nesta semana.<\/li>\n<\/ul>\n<p>Os R$ 1.200 finais foram disponibilizados na ter\u00e7a-feira (25) para os alunos nascidos de janeiro a junho, e nesta quarta-feira (26) para os nascidos de julho a dezembro, e j\u00e1 podem ser sacados.<\/p>\n<p>Na quinta-feira (27), ser\u00e1 a vez de depositar os R$ 1.000 na conta dos estudantes beneficiados que conclu\u00edram em 2024 o 1\u00ba ou o 2\u00ba ano do ensino m\u00e9dio. O valor s\u00f3 poder\u00e1 ser sacado quando os estudantes conclu\u00edrem a etapa de ensino.<\/p>\n<p>Tanto o presidente Lula (PT) &#8211; criador do programa &#8211; quanto o deputado federal Vander Loubet (PT) divulgaram v\u00eddeos para exaltar o P\u00e9-de-Meia e os valores que est\u00e3o sendo pagos, que representam um incentivo importante para que os jovens permane\u00e7am em sala de aula e concluam seus estudos.<\/p>\n<div class=\"youtube-embed\" data-video_id=\"RPkTykjTviM\"><iframe title=\"Presidente Lula fala sobre P\u00e9-de-Meia e Farm\u00e1cia Popular (24\/02\/2025)\" width=\"696\" height=\"392\" src=\"https:\/\/www.youtube.com\/embed\/RPkTykjTviM?feature=oembed&#038;enablejsapi=1&#038;enablejsapi=1&#038;origin=https:\/\/vanderloubet.com.br\" frameborder=\"0\" allow=\"accelerometer; autoplay; clipboard-write; encrypted-media; gyroscope; picture-in-picture; web-share\" referrerpolicy=\"strict-origin-when-cross-origin\" allowfullscreen><\/iframe><\/div>\n<p>Os beneficiados pelo programa que cursaram o 2\u00ba ano do ensino m\u00e9dio no ano passado poder\u00e3o receber ao todo R$ 6,2 mil caso sejam aprovados no \u00faltimo ano em 2025 e participem do Enem neste ano.<\/p>\n<p>J\u00e1 para aqueles que estavam no 1\u00ba ano em 2024 e que conclu\u00edrem a etapa em 2026, e cursarem o Enem ao final do 3\u00ba ano, o valor total recebido ao longo dos tr\u00eas anos pode chegar a R$ 9,2 mil.<\/p>\n<p>Vale lembrar que os R$ 1.000 depositados ao final de cada ano da etapa escolar est\u00e1 condicionado \u00e0 aprova\u00e7\u00e3o nos tr\u00eas anos. J\u00e1 os R$ 200 finais ser\u00e3o pagos apenas ao final do 3\u00ba ano do ensino m\u00e9dio, caso o estudante participe do Enem naquele ano.<\/p>\n<p>De acordo com o Minist\u00e9rio da Educa\u00e7\u00e3o (MEC), o programa beneficia mais de 4 milh\u00f5es de estudantes. Em Mato Grosso do Sul, at\u00e9 novembro de 2024, mais de 26 mil alunos tinham acesso ao benef\u00edcio. Com a amplia\u00e7\u00e3o anunciada por Lula e pelo ministro Camilo Santana (PT), 43,7 mil estudantes passaram a receber o incentivo financeiro-educacional do Governo Federal.<\/p>\n<div class=\"youtube-embed\" data-video_id=\"\"><iframe title=\"Estudantes do P\u00e9-de-Meia j\u00e1 podem sacar b\u00f4nus de R$ 1.200\" width=\"696\" height=\"392\" src=\"https:\/\/www.youtube.com\/embed\/fgFTvz2Fyo8?feature=oembed&#038;enablejsapi=1&#038;enablejsapi=1&#038;origin=https:\/\/vanderloubet.com.br\" frameborder=\"0\" allow=\"accelerometer; autoplay; clipboard-write; encrypted-media; gyroscope; picture-in-picture; web-share\" referrerpolicy=\"strict-origin-when-cross-origin\" allowfullscreen><\/iframe><\/div>\n<p><strong>Sobre o P\u00e9-de-Meia<\/strong><\/p>\n<p>O programa P\u00e9-de-Meia foi sancionado e regulamentado pelo presidente Lula em janeiro de 2024, com o objetivo combater a evas\u00e3o escolar no ensino m\u00e9dio, criando uma bolsa para estimular a perman\u00eancia e conclus\u00e3o da etapa de ensino.<\/p>\n<p>S\u00e3o eleg\u00edveis estudantes de baixa renda da rede p\u00fablica, de 14 a 24 anos, de fam\u00edlias inscritas no Cad\u00danico. Al\u00e9m disso, os alunos devem:<\/p>\n<ul>\n<li>possuir CPF;<\/li>\n<li>estar cadastrados no Cad\u00danico (instrumento do governo federal para coleta de dados de pessoas em vulnerabilidade);<\/li>\n<li>ter se matriculado no in\u00edcio do ano letivo;<\/li>\n<li>alcan\u00e7ar frequ\u00eancia escolar de pelo menos 80% das horas letivas;<\/li>\n<li>participar do Sistema de Avalia\u00e7\u00e3o da Educa\u00e7\u00e3o B\u00e1sica (Saeb).<\/li>\n<\/ul>\n<p>Para terem direito ao b\u00f4nus, \u00e9 exigido que:<\/p>\n<ul>\n<li>n\u00e3o tenham sido reprovados no fim do ano letivo;<\/li>\n<li>fa\u00e7am o Enem no fim do 3\u00ba ano do ensino m\u00e9dio.<\/li>\n<\/ul>\n","protected":false},"excerpt":{"rendered":"<p>Tanto o presidente Lula quanto o deputado Vander divulgaram v\u00eddeos exaltando esse incentivo para que os jovens concluam seus estudos.<\/p>\n","protected":false},"author":2,"featured_media":20262,"comment_status":"closed","ping_status":"closed","sticky":false,"template":"","format":"standard","meta":{"jetpack_post_was_ever_published":false,"_jetpack_newsletter_access":"","_jetpack_dont_email_post_to_subs":false,"_jetpack_newsletter_tier_id":0,"_jetpack_memberships_contains_paywalled_content":false,"_jetpack_memberships_contains_paid_content":false,"footnotes":""},"categories":[2098,10],"tags":[697,2525,1189,2274],"class_list":{"0":"post-20261","1":"post","2":"type-post","3":"status-publish","4":"format-standard","5":"has-post-thumbnail","7":"category-brasil-noticias","8":"category-noticias","9":"tag-educacao","10":"tag-governo-federal","11":"tag-lula","12":"tag-programas-sociais"},"yoast_head":"<!-- This site is optimized with the Yoast SEO plugin v27.4 - https:\/\/yoast.com\/product\/yoast-seo-wordpress\/ -->\n<title>Estudantes que conclu\u00edram ensino m\u00e9dio e fizeram Enem podem sacar b\u00f4nus do P\u00e9-de-Meia<\/title>\n<meta name=\"description\" content=\"Tanto o presidente Lula quanto o deputado Vander divulgaram v\u00eddeos exaltando esse incentivo para que os jovens concluam seus estudos.\" \/>\n<meta name=\"robots\" content=\"index, follow, max-snippet:-1, max-image-preview:large, max-video-preview:-1\" \/>\n<link rel=\"canonical\" href=\"https:\/\/vanderloubet.com.br\/deputado\/estudantes-que-concluiram-ensino-medio-e-fizeram-enem-podem-sacar-bonus-do-pe-de-meia\/\" \/>\n<meta property=\"og:locale\" content=\"pt_BR\" \/>\n<meta property=\"og:type\" content=\"article\" \/>\n<meta property=\"og:title\" content=\"Estudantes que conclu\u00edram ensino m\u00e9dio e fizeram Enem podem sacar b\u00f4nus do P\u00e9-de-Meia\" \/>\n<meta property=\"og:description\" content=\"Tanto o presidente Lula quanto o deputado Vander divulgaram v\u00eddeos exaltando esse incentivo para que os jovens concluam seus estudos.\" \/>\n<meta property=\"og:url\" content=\"https:\/\/vanderloubet.com.br\/deputado\/estudantes-que-concluiram-ensino-medio-e-fizeram-enem-podem-sacar-bonus-do-pe-de-meia\/\" \/>\n<meta property=\"og:site_name\" content=\"Deputado Federal Vander Loubet\" \/>\n<meta property=\"article:publisher\" content=\"https:\/\/facebook.com\/deputadovander\" \/>\n<meta property=\"article:published_time\" content=\"2025-02-27T15:00:16+00:00\" \/>\n<meta property=\"article:modified_time\" content=\"2025-03-09T03:31:42+00:00\" \/>\n<meta property=\"og:image\" content=\"https:\/\/vanderloubet.com.br\/deputado\/wp-content\/uploads\/2025\/03\/foto-2025-02-26-programa-pe-de-meia.jpg\" \/>\n\t<meta property=\"og:image:width\" content=\"960\" \/>\n\t<meta property=\"og:image:height\" content=\"640\" \/>\n\t<meta property=\"og:image:type\" content=\"image\/jpeg\" \/>\n<meta name=\"author\" content=\"\u00c9der\" \/>\n<meta name=\"twitter:card\" content=\"summary_large_image\" \/>\n<meta name=\"twitter:creator\" content=\"@vanderloubet\" \/>\n<meta name=\"twitter:site\" content=\"@vanderloubet\" \/>\n<script type=\"application\/ld+json\" class=\"yoast-schema-graph\">{\"@context\":\"https:\\\/\\\/schema.org\",\"@graph\":[{\"@type\":\"Article\",\"@id\":\"https:\\\/\\\/vanderloubet.com.br\\\/deputado\\\/estudantes-que-concluiram-ensino-medio-e-fizeram-enem-podem-sacar-bonus-do-pe-de-meia\\\/#article\",\"isPartOf\":{\"@id\":\"https:\\\/\\\/vanderloubet.com.br\\\/deputado\\\/estudantes-que-concluiram-ensino-medio-e-fizeram-enem-podem-sacar-bonus-do-pe-de-meia\\\/\"},\"author\":{\"name\":\"\u00c9der\",\"@id\":\"https:\\\/\\\/vanderloubet.com.br\\\/deputado\\\/#\\\/schema\\\/person\\\/15b51bd564532a8a68d9dec1b8eb890e\"},\"headline\":\"Estudantes que conclu\u00edram ensino m\u00e9dio e fizeram Enem podem sacar b\u00f4nus do P\u00e9-de-Meia\",\"datePublished\":\"2025-02-27T15:00:16+00:00\",\"dateModified\":\"2025-03-09T03:31:42+00:00\",\"mainEntityOfPage\":{\"@id\":\"https:\\\/\\\/vanderloubet.com.br\\\/deputado\\\/estudantes-que-concluiram-ensino-medio-e-fizeram-enem-podem-sacar-bonus-do-pe-de-meia\\\/\"},\"wordCount\":583,\"publisher\":{\"@id\":\"https:\\\/\\\/vanderloubet.com.br\\\/deputado\\\/#organization\"},\"image\":{\"@id\":\"https:\\\/\\\/vanderloubet.com.br\\\/deputado\\\/estudantes-que-concluiram-ensino-medio-e-fizeram-enem-podem-sacar-bonus-do-pe-de-meia\\\/#primaryimage\"},\"thumbnailUrl\":\"https:\\\/\\\/vanderloubet.com.br\\\/deputado\\\/wp-content\\\/uploads\\\/2025\\\/03\\\/foto-2025-02-26-programa-pe-de-meia.jpg\",\"keywords\":[\"educa\u00e7\u00e3o\",\"governo federal\",\"lula\",\"programas sociais\"],\"articleSection\":[\"Brasil\",\"Not\u00edcias\"],\"inLanguage\":\"pt-BR\"},{\"@type\":\"WebPage\",\"@id\":\"https:\\\/\\\/vanderloubet.com.br\\\/deputado\\\/estudantes-que-concluiram-ensino-medio-e-fizeram-enem-podem-sacar-bonus-do-pe-de-meia\\\/\",\"url\":\"https:\\\/\\\/vanderloubet.com.br\\\/deputado\\\/estudantes-que-concluiram-ensino-medio-e-fizeram-enem-podem-sacar-bonus-do-pe-de-meia\\\/\",\"name\":\"Estudantes que conclu\u00edram ensino m\u00e9dio e fizeram Enem podem sacar b\u00f4nus do P\u00e9-de-Meia\",\"isPartOf\":{\"@id\":\"https:\\\/\\\/vanderloubet.com.br\\\/deputado\\\/#website\"},\"primaryImageOfPage\":{\"@id\":\"https:\\\/\\\/vanderloubet.com.br\\\/deputado\\\/estudantes-que-concluiram-ensino-medio-e-fizeram-enem-podem-sacar-bonus-do-pe-de-meia\\\/#primaryimage\"},\"image\":{\"@id\":\"https:\\\/\\\/vanderloubet.com.br\\\/deputado\\\/estudantes-que-concluiram-ensino-medio-e-fizeram-enem-podem-sacar-bonus-do-pe-de-meia\\\/#primaryimage\"},\"thumbnailUrl\":\"https:\\\/\\\/vanderloubet.com.br\\\/deputado\\\/wp-content\\\/uploads\\\/2025\\\/03\\\/foto-2025-02-26-programa-pe-de-meia.jpg\",\"datePublished\":\"2025-02-27T15:00:16+00:00\",\"dateModified\":\"2025-03-09T03:31:42+00:00\",\"description\":\"Tanto o presidente Lula quanto o deputado Vander divulgaram v\u00eddeos exaltando esse incentivo para que os jovens concluam seus estudos.\",\"breadcrumb\":{\"@id\":\"https:\\\/\\\/vanderloubet.com.br\\\/deputado\\\/estudantes-que-concluiram-ensino-medio-e-fizeram-enem-podem-sacar-bonus-do-pe-de-meia\\\/#breadcrumb\"},\"inLanguage\":\"pt-BR\",\"potentialAction\":[{\"@type\":\"ReadAction\",\"target\":[\"https:\\\/\\\/vanderloubet.com.br\\\/deputado\\\/estudantes-que-concluiram-ensino-medio-e-fizeram-enem-podem-sacar-bonus-do-pe-de-meia\\\/\"]}]},{\"@type\":\"ImageObject\",\"inLanguage\":\"pt-BR\",\"@id\":\"https:\\\/\\\/vanderloubet.com.br\\\/deputado\\\/estudantes-que-concluiram-ensino-medio-e-fizeram-enem-podem-sacar-bonus-do-pe-de-meia\\\/#primaryimage\",\"url\":\"https:\\\/\\\/vanderloubet.com.br\\\/deputado\\\/wp-content\\\/uploads\\\/2025\\\/03\\\/foto-2025-02-26-programa-pe-de-meia.jpg\",\"contentUrl\":\"https:\\\/\\\/vanderloubet.com.br\\\/deputado\\\/wp-content\\\/uploads\\\/2025\\\/03\\\/foto-2025-02-26-programa-pe-de-meia.jpg\",\"width\":960,\"height\":640,\"caption\":\"Estudantes que conclu\u00edram ensino m\u00e9dio e fizeram Enem podem sacar b\u00f4nus do P\u00e9-de-Meia\"},{\"@type\":\"BreadcrumbList\",\"@id\":\"https:\\\/\\\/vanderloubet.com.br\\\/deputado\\\/estudantes-que-concluiram-ensino-medio-e-fizeram-enem-podem-sacar-bonus-do-pe-de-meia\\\/#breadcrumb\",\"itemListElement\":[{\"@type\":\"ListItem\",\"position\":1,\"name\":\"In\u00edcio\",\"item\":\"https:\\\/\\\/vanderloubet.com.br\\\/deputado\\\/\"},{\"@type\":\"ListItem\",\"position\":2,\"name\":\"Estudantes que conclu\u00edram ensino m\u00e9dio e fizeram Enem podem sacar b\u00f4nus do P\u00e9-de-Meia\"}]},{\"@type\":\"WebSite\",\"@id\":\"https:\\\/\\\/vanderloubet.com.br\\\/deputado\\\/#website\",\"url\":\"https:\\\/\\\/vanderloubet.com.br\\\/deputado\\\/\",\"name\":\"Deputado Federal Vander Loubet\",\"description\":\"O Federal de MS\",\"publisher\":{\"@id\":\"https:\\\/\\\/vanderloubet.com.br\\\/deputado\\\/#organization\"},\"alternateName\":\"Deputado Vander\",\"potentialAction\":[{\"@type\":\"SearchAction\",\"target\":{\"@type\":\"EntryPoint\",\"urlTemplate\":\"https:\\\/\\\/vanderloubet.com.br\\\/deputado\\\/?s={search_term_string}\"},\"query-input\":{\"@type\":\"PropertyValueSpecification\",\"valueRequired\":true,\"valueName\":\"search_term_string\"}}],\"inLanguage\":\"pt-BR\"},{\"@type\":\"Organization\",\"@id\":\"https:\\\/\\\/vanderloubet.com.br\\\/deputado\\\/#organization\",\"name\":\"Deputado Federal Vander Loubet\",\"alternateName\":\"Deputado Vander\",\"url\":\"https:\\\/\\\/vanderloubet.com.br\\\/deputado\\\/\",\"logo\":{\"@type\":\"ImageObject\",\"inLanguage\":\"pt-BR\",\"@id\":\"https:\\\/\\\/vanderloubet.com.br\\\/deputado\\\/#\\\/schema\\\/logo\\\/image\\\/\",\"url\":\"https:\\\/\\\/vanderloubet.com.br\\\/deputado\\\/wp-content\\\/uploads\\\/2023\\\/06\\\/foto-2023-06-19-mandato-deputado-vander.jpg\",\"contentUrl\":\"https:\\\/\\\/vanderloubet.com.br\\\/deputado\\\/wp-content\\\/uploads\\\/2023\\\/06\\\/foto-2023-06-19-mandato-deputado-vander.jpg\",\"width\":1080,\"height\":1080,\"caption\":\"Deputado Federal Vander Loubet\"},\"image\":{\"@id\":\"https:\\\/\\\/vanderloubet.com.br\\\/deputado\\\/#\\\/schema\\\/logo\\\/image\\\/\"},\"sameAs\":[\"https:\\\/\\\/facebook.com\\\/deputadovander\",\"https:\\\/\\\/x.com\\\/vanderloubet\",\"https:\\\/\\\/instagram.com\\\/vanderloubet\",\"https:\\\/\\\/youtube.com\\\/vanderloubet\",\"https:\\\/\\\/tiktok.com\\\/@vanderloubetms\"]},{\"@type\":\"Person\",\"@id\":\"https:\\\/\\\/vanderloubet.com.br\\\/deputado\\\/#\\\/schema\\\/person\\\/15b51bd564532a8a68d9dec1b8eb890e\",\"name\":\"\u00c9der\",\"image\":{\"@type\":\"ImageObject\",\"inLanguage\":\"pt-BR\",\"@id\":\"https:\\\/\\\/vanderloubet.com.br\\\/deputado\\\/wp-content\\\/litespeed\\\/avatar\\\/88ca4090d9d5ab1c9495f6ca03b68efa.jpg?ver=1777058957\",\"url\":\"https:\\\/\\\/vanderloubet.com.br\\\/deputado\\\/wp-content\\\/litespeed\\\/avatar\\\/88ca4090d9d5ab1c9495f6ca03b68efa.jpg?ver=1777058957\",\"contentUrl\":\"https:\\\/\\\/vanderloubet.com.br\\\/deputado\\\/wp-content\\\/litespeed\\\/avatar\\\/88ca4090d9d5ab1c9495f6ca03b68efa.jpg?ver=1777058957\",\"caption\":\"\u00c9der\"}}]}<\/script>\n<!-- \/ Yoast SEO plugin. -->","yoast_head_json":{"title":"Estudantes que conclu\u00edram ensino m\u00e9dio e fizeram Enem podem sacar b\u00f4nus do P\u00e9-de-Meia","description":"Tanto o presidente Lula quanto o deputado Vander divulgaram v\u00eddeos exaltando esse incentivo para que os jovens concluam seus estudos.","robots":{"index":"index","follow":"follow","max-snippet":"max-snippet:-1","max-image-preview":"max-image-preview:large","max-video-preview":"max-video-preview:-1"},"canonical":"https:\/\/vanderloubet.com.br\/deputado\/estudantes-que-concluiram-ensino-medio-e-fizeram-enem-podem-sacar-bonus-do-pe-de-meia\/","og_locale":"pt_BR","og_type":"article","og_title":"Estudantes que conclu\u00edram ensino m\u00e9dio e fizeram Enem podem sacar b\u00f4nus do P\u00e9-de-Meia","og_description":"Tanto o presidente Lula quanto o deputado Vander divulgaram v\u00eddeos exaltando esse incentivo para que os jovens concluam seus estudos.","og_url":"https:\/\/vanderloubet.com.br\/deputado\/estudantes-que-concluiram-ensino-medio-e-fizeram-enem-podem-sacar-bonus-do-pe-de-meia\/","og_site_name":"Deputado Federal Vander Loubet","article_publisher":"https:\/\/facebook.com\/deputadovander","article_published_time":"2025-02-27T15:00:16+00:00","article_modified_time":"2025-03-09T03:31:42+00:00","og_image":[{"width":960,"height":640,"url":"https:\/\/vanderloubet.com.br\/deputado\/wp-content\/uploads\/2025\/03\/foto-2025-02-26-programa-pe-de-meia.jpg","type":"image\/jpeg"}],"author":"\u00c9der","twitter_card":"summary_large_image","twitter_creator":"@vanderloubet","twitter_site":"@vanderloubet","schema":{"@context":"https:\/\/schema.org","@graph":[{"@type":"Article","@id":"https:\/\/vanderloubet.com.br\/deputado\/estudantes-que-concluiram-ensino-medio-e-fizeram-enem-podem-sacar-bonus-do-pe-de-meia\/#article","isPartOf":{"@id":"https:\/\/vanderloubet.com.br\/deputado\/estudantes-que-concluiram-ensino-medio-e-fizeram-enem-podem-sacar-bonus-do-pe-de-meia\/"},"author":{"name":"\u00c9der","@id":"https:\/\/vanderloubet.com.br\/deputado\/#\/schema\/person\/15b51bd564532a8a68d9dec1b8eb890e"},"headline":"Estudantes que conclu\u00edram ensino m\u00e9dio e fizeram Enem podem sacar b\u00f4nus do P\u00e9-de-Meia","datePublished":"2025-02-27T15:00:16+00:00","dateModified":"2025-03-09T03:31:42+00:00","mainEntityOfPage":{"@id":"https:\/\/vanderloubet.com.br\/deputado\/estudantes-que-concluiram-ensino-medio-e-fizeram-enem-podem-sacar-bonus-do-pe-de-meia\/"},"wordCount":583,"publisher":{"@id":"https:\/\/vanderloubet.com.br\/deputado\/#organization"},"image":{"@id":"https:\/\/vanderloubet.com.br\/deputado\/estudantes-que-concluiram-ensino-medio-e-fizeram-enem-podem-sacar-bonus-do-pe-de-meia\/#primaryimage"},"thumbnailUrl":"https:\/\/vanderloubet.com.br\/deputado\/wp-content\/uploads\/2025\/03\/foto-2025-02-26-programa-pe-de-meia.jpg","keywords":["educa\u00e7\u00e3o","governo federal","lula","programas sociais"],"articleSection":["Brasil","Not\u00edcias"],"inLanguage":"pt-BR"},{"@type":"WebPage","@id":"https:\/\/vanderloubet.com.br\/deputado\/estudantes-que-concluiram-ensino-medio-e-fizeram-enem-podem-sacar-bonus-do-pe-de-meia\/","url":"https:\/\/vanderloubet.com.br\/deputado\/estudantes-que-concluiram-ensino-medio-e-fizeram-enem-podem-sacar-bonus-do-pe-de-meia\/","name":"Estudantes que conclu\u00edram ensino m\u00e9dio e fizeram Enem podem sacar b\u00f4nus do P\u00e9-de-Meia","isPartOf":{"@id":"https:\/\/vanderloubet.com.br\/deputado\/#website"},"primaryImageOfPage":{"@id":"https:\/\/vanderloubet.com.br\/deputado\/estudantes-que-concluiram-ensino-medio-e-fizeram-enem-podem-sacar-bonus-do-pe-de-meia\/#primaryimage"},"image":{"@id":"https:\/\/vanderloubet.com.br\/deputado\/estudantes-que-concluiram-ensino-medio-e-fizeram-enem-podem-sacar-bonus-do-pe-de-meia\/#primaryimage"},"thumbnailUrl":"https:\/\/vanderloubet.com.br\/deputado\/wp-content\/uploads\/2025\/03\/foto-2025-02-26-programa-pe-de-meia.jpg","datePublished":"2025-02-27T15:00:16+00:00","dateModified":"2025-03-09T03:31:42+00:00","description":"Tanto o presidente Lula quanto o deputado Vander divulgaram v\u00eddeos exaltando esse incentivo para que os jovens concluam seus estudos.","breadcrumb":{"@id":"https:\/\/vanderloubet.com.br\/deputado\/estudantes-que-concluiram-ensino-medio-e-fizeram-enem-podem-sacar-bonus-do-pe-de-meia\/#breadcrumb"},"inLanguage":"pt-BR","potentialAction":[{"@type":"ReadAction","target":["https:\/\/vanderloubet.com.br\/deputado\/estudantes-que-concluiram-ensino-medio-e-fizeram-enem-podem-sacar-bonus-do-pe-de-meia\/"]}]},{"@type":"ImageObject","inLanguage":"pt-BR","@id":"https:\/\/vanderloubet.com.br\/deputado\/estudantes-que-concluiram-ensino-medio-e-fizeram-enem-podem-sacar-bonus-do-pe-de-meia\/#primaryimage","url":"https:\/\/vanderloubet.com.br\/deputado\/wp-content\/uploads\/2025\/03\/foto-2025-02-26-programa-pe-de-meia.jpg","contentUrl":"https:\/\/vanderloubet.com.br\/deputado\/wp-content\/uploads\/2025\/03\/foto-2025-02-26-programa-pe-de-meia.jpg","width":960,"height":640,"caption":"Estudantes que conclu\u00edram ensino m\u00e9dio e fizeram Enem podem sacar b\u00f4nus do P\u00e9-de-Meia"},{"@type":"BreadcrumbList","@id":"https:\/\/vanderloubet.com.br\/deputado\/estudantes-que-concluiram-ensino-medio-e-fizeram-enem-podem-sacar-bonus-do-pe-de-meia\/#breadcrumb","itemListElement":[{"@type":"ListItem","position":1,"name":"In\u00edcio","item":"https:\/\/vanderloubet.com.br\/deputado\/"},{"@type":"ListItem","position":2,"name":"Estudantes que conclu\u00edram ensino m\u00e9dio e fizeram Enem podem sacar b\u00f4nus do P\u00e9-de-Meia"}]},{"@type":"WebSite","@id":"https:\/\/vanderloubet.com.br\/deputado\/#website","url":"https:\/\/vanderloubet.com.br\/deputado\/","name":"Deputado Federal Vander Loubet","description":"O Federal de MS","publisher":{"@id":"https:\/\/vanderloubet.com.br\/deputado\/#organization"},"alternateName":"Deputado Vander","potentialAction":[{"@type":"SearchAction","target":{"@type":"EntryPoint","urlTemplate":"https:\/\/vanderloubet.com.br\/deputado\/?s={search_term_string}"},"query-input":{"@type":"PropertyValueSpecification","valueRequired":true,"valueName":"search_term_string"}}],"inLanguage":"pt-BR"},{"@type":"Organization","@id":"https:\/\/vanderloubet.com.br\/deputado\/#organization","name":"Deputado Federal Vander Loubet","alternateName":"Deputado Vander","url":"https:\/\/vanderloubet.com.br\/deputado\/","logo":{"@type":"ImageObject","inLanguage":"pt-BR","@id":"https:\/\/vanderloubet.com.br\/deputado\/#\/schema\/logo\/image\/","url":"https:\/\/vanderloubet.com.br\/deputado\/wp-content\/uploads\/2023\/06\/foto-2023-06-19-mandato-deputado-vander.jpg","contentUrl":"https:\/\/vanderloubet.com.br\/deputado\/wp-content\/uploads\/2023\/06\/foto-2023-06-19-mandato-deputado-vander.jpg","width":1080,"height":1080,"caption":"Deputado Federal Vander Loubet"},"image":{"@id":"https:\/\/vanderloubet.com.br\/deputado\/#\/schema\/logo\/image\/"},"sameAs":["https:\/\/facebook.com\/deputadovander","https:\/\/x.com\/vanderloubet","https:\/\/instagram.com\/vanderloubet","https:\/\/youtube.com\/vanderloubet","https:\/\/tiktok.com\/@vanderloubetms"]},{"@type":"Person","@id":"https:\/\/vanderloubet.com.br\/deputado\/#\/schema\/person\/15b51bd564532a8a68d9dec1b8eb890e","name":"\u00c9der","image":{"@type":"ImageObject","inLanguage":"pt-BR","@id":"https:\/\/vanderloubet.com.br\/deputado\/wp-content\/litespeed\/avatar\/88ca4090d9d5ab1c9495f6ca03b68efa.jpg?ver=1777058957","url":"https:\/\/vanderloubet.com.br\/deputado\/wp-content\/litespeed\/avatar\/88ca4090d9d5ab1c9495f6ca03b68efa.jpg?ver=1777058957","contentUrl":"https:\/\/vanderloubet.com.br\/deputado\/wp-content\/litespeed\/avatar\/88ca4090d9d5ab1c9495f6ca03b68efa.jpg?ver=1777058957","caption":"\u00c9der"}}]}},"jetpack_featured_media_url":"https:\/\/vanderloubet.com.br\/deputado\/wp-content\/uploads\/2025\/03\/foto-2025-02-26-programa-pe-de-meia.jpg","jetpack_sharing_enabled":true,"_links":{"self":[{"href":"https:\/\/vanderloubet.com.br\/deputado\/wp-json\/wp\/v2\/posts\/20261","targetHints":{"allow":["GET"]}}],"collection":[{"href":"https:\/\/vanderloubet.com.br\/deputado\/wp-json\/wp\/v2\/posts"}],"about":[{"href":"https:\/\/vanderloubet.com.br\/deputado\/wp-json\/wp\/v2\/types\/post"}],"author":[{"embeddable":true,"href":"https:\/\/vanderloubet.com.br\/deputado\/wp-json\/wp\/v2\/users\/2"}],"replies":[{"embeddable":true,"href":"https:\/\/vanderloubet.com.br\/deputado\/wp-json\/wp\/v2\/comments?post=20261"}],"version-history":[{"count":1,"href":"https:\/\/vanderloubet.com.br\/deputado\/wp-json\/wp\/v2\/posts\/20261\/revisions"}],"predecessor-version":[{"id":20263,"href":"https:\/\/vanderloubet.com.br\/deputado\/wp-json\/wp\/v2\/posts\/20261\/revisions\/20263"}],"wp:featuredmedia":[{"embeddable":true,"href":"https:\/\/vanderloubet.com.br\/deputado\/wp-json\/wp\/v2\/media\/20262"}],"wp:attachment":[{"href":"https:\/\/vanderloubet.com.br\/deputado\/wp-json\/wp\/v2\/media?parent=20261"}],"wp:term":[{"taxonomy":"category","embeddable":true,"href":"https:\/\/vanderloubet.com.br\/deputado\/wp-json\/wp\/v2\/categories?post=20261"},{"taxonomy":"post_tag","embeddable":true,"href":"https:\/\/vanderloubet.com.br\/deputado\/wp-json\/wp\/v2\/tags?post=20261"}],"curies":[{"name":"wp","href":"https:\/\/api.w.org\/{rel}","templated":true}]}}