{"id":20182,"date":"2024-11-29T09:49:28","date_gmt":"2024-11-29T13:49:28","guid":{"rendered":"https:\/\/vanderloubet.com.br\/deputado\/?p=20182"},"modified":"2024-11-29T10:16:08","modified_gmt":"2024-11-29T14:16:08","slug":"vander-garante-mais-20-ambulancias-para-municipios-de-ms-pelo-novo-pac","status":"publish","type":"post","link":"https:\/\/vanderloubet.com.br\/deputado\/vander-garante-mais-20-ambulancias-para-municipios-de-ms-pelo-novo-pac\/","title":{"rendered":"Vander garante mais 20 ambul\u00e2ncias para munic\u00edpios de MS pelo Novo PAC"},"content":{"rendered":"<p>A Secretaria de Aten\u00e7\u00e3o Especializada \u00e0 Sa\u00fade (Saes) do Minist\u00e9rio da Sa\u00fade comunicou o deputado federal Vander Loubet na manh\u00e3 desta sexta-feira (29) a disponibiliza\u00e7\u00e3o de 20 ambul\u00e2ncias do Servi\u00e7o de Atendimento M\u00f3vel de Urg\u00eancia (Samu 192) para 12 munic\u00edpios de Mato Grosso do Sul.<\/p>\n<p>Os ve\u00edculos ser\u00e3o entregues na cidade de Salto (SP), onde fica a empresa respons\u00e1vel pela adapta\u00e7\u00e3o das ambul\u00e2ncias, e foram viabilizados pelo deputado por meio do Novo Programa de Acelera\u00e7\u00e3o do Crescimento (Novo PAC) do governo do presidente Lula.<\/p>\n<p>&#8220;O governo Lula est\u00e1 renovando 70% da frota do Samu em todo o Brasil. At\u00e9 o final deste ano v\u00e3o ser entregues 2 mil novos ve\u00edculos e nessa etapa de entrega &#8211; que \u00e9 a 2\u00aa &#8211; conseguimos contemplar 12 munic\u00edpios do nosso estado. \u00c9 um refor\u00e7o importante para o atendimento em sa\u00fade prestado pelas prefeituras \u00e0 popula\u00e7\u00e3o, o que mostra o compromisso do nosso governo com essa \u00e1rea&#8221;, destacou Vander.<\/p>\n<p>Os munic\u00edpios beneficiados nessa etapa da entrega de ambul\u00e2ncias s\u00e3o: Aquidauana (1 ve\u00edculo), Campo Grande (6), Corumb\u00e1 (3), Coxim (1), Dourados (1), Navira\u00ed (1), Nova Andradina (1), Ribas do Rio Pardo (1), S\u00e3o Gabriel do Oeste (1), Sidrol\u00e2ndia (1), Terenos (1) e Tr\u00eas Lagoas (2).<\/p>\n<p>Cada ambul\u00e2ncia do Samu entregue pelo Governo Federal est\u00e1 avaliada em cerca de R$ 324 mil.<\/p>\n<p><img decoding=\"async\" class=\"alignnone size-large wp-image-20090\" src=\"https:\/\/vanderloubet.com.br\/deputado\/wp-content\/uploads\/2024\/10\/foto-2024-10-26-lula-vander-loubet-700x394.jpg\" alt=\"Governo Lula vai investir R$ 3,5 bilh\u00f5es na conclus\u00e3o da f\u00e1brica de fertilizantes de Tr\u00eas Lagoas\" width=\"696\" height=\"392\" srcset=\"https:\/\/vanderloubet.com.br\/deputado\/wp-content\/uploads\/2024\/10\/foto-2024-10-26-lula-vander-loubet-700x394.jpg 700w, https:\/\/vanderloubet.com.br\/deputado\/wp-content\/uploads\/2024\/10\/foto-2024-10-26-lula-vander-loubet-350x197.jpg 350w, https:\/\/vanderloubet.com.br\/deputado\/wp-content\/uploads\/2024\/10\/foto-2024-10-26-lula-vander-loubet-768x432.jpg 768w, https:\/\/vanderloubet.com.br\/deputado\/wp-content\/uploads\/2024\/10\/foto-2024-10-26-lula-vander-loubet-747x420.jpg 747w, https:\/\/vanderloubet.com.br\/deputado\/wp-content\/uploads\/2024\/10\/foto-2024-10-26-lula-vander-loubet-696x392.jpg 696w, https:\/\/vanderloubet.com.br\/deputado\/wp-content\/uploads\/2024\/10\/foto-2024-10-26-lula-vander-loubet.jpg 960w\" sizes=\"(max-width: 696px) 100vw, 696px\" \/><\/p>\n<p>Em julho, na 1\u00aa etapa de entrega, a ministra da Sa\u00fade, N\u00edsia Trindade, recordou que a frota do Samu n\u00e3o passou por nenhuma renova\u00e7\u00e3o no governo anterior. &#8220;H\u00e1 ambul\u00e2ncias com mais de dez anos de uso&#8221;, afirmou. A ministra disse ainda que o objetivo do governo Lula \u00e9 levar o atendimento do Samu a todas as cidades brasileiras at\u00e9 2026.<\/p>\n<p>O Servi\u00e7o de Atendimento M\u00f3vel de Urg\u00eancia \u00e9 um dos componentes da Pol\u00edtica Nacional de Aten\u00e7\u00e3o \u00e0s Urg\u00eancias do Minist\u00e9rio da Sa\u00fade. O servi\u00e7o pode ser acessado pelo n\u00famero &#8220;192&#8221;, que oferece orienta\u00e7\u00f5es \u00e0 popula\u00e7\u00e3o e envia ve\u00edculos tripulados por equipes especializadas.<\/p>\n<p>Em 2023, o Minist\u00e9rio da Sa\u00fade ampliou em 30% os valores repassados para custeio do Samu, o que representa um incremento de R$ 396 milh\u00f5es por ano. Com o reajuste, o total destinado ao servi\u00e7o passou de R$ 1,3 bilh\u00e3o para R$1,7 bilh\u00e3o. O aumento minimizou a sobrecarga nos munic\u00edpios, uma forma de incentivar a universaliza\u00e7\u00e3o do servi\u00e7o, que desde 2013 n\u00e3o recebiam atualiza\u00e7\u00e3o nos valores de custeio.<\/p>\n<p>O governo federal, na gest\u00e3o do presidente Lula, est\u00e1 investindo um total R$ 30,5 bilh\u00f5es na sa\u00fade por meio do Novo PAC, sendo R$ 11,6 bilh\u00f5es na etapa atual de formaliza\u00e7\u00e3o. A maior parcela dos recursos est\u00e1 voltada ao enfrentamento de gargalos hist\u00f3ricos na aten\u00e7\u00e3o prim\u00e1ria e especializada, como o aumento de Unidades B\u00e1sicas de Sa\u00fade, maternidades, policl\u00ednicas e Centros de Aten\u00e7\u00e3o Psicossocial.<\/p>\n<p>Somente no Samu, R$ 770 milh\u00f5es ser\u00e3o investidos at\u00e9 2026, com prioridade para as regi\u00f5es de maior vulnerabilidade social. Ser\u00e3o 850 novos ve\u00edculos para expandir o servi\u00e7o em todo o Brasil, al\u00e9m de 14 novas Centrais de Regula\u00e7\u00e3o.<\/p>\n<pre><em>Texto: \u00c9der F. Yanaguita<\/em>\r\n<em>Fonte: Ag\u00eancia Gov<\/em>\r\n<em>Fotos: Rafael Nascimento\/MinSa\u00fade e Ricardo Stuckert\/GovBR<\/em><\/pre>\n","protected":false},"excerpt":{"rendered":"<p>Ve\u00edculos foram viabilizados pelo deputado por meio do Novo PAC do governo Lula e v\u00e3o beneficiar 12 cidades.<\/p>\n","protected":false},"author":2,"featured_media":20183,"comment_status":"closed","ping_status":"closed","sticky":false,"template":"","format":"standard","meta":{"jetpack_post_was_ever_published":false,"_jetpack_newsletter_access":"","_jetpack_dont_email_post_to_subs":false,"_jetpack_newsletter_tier_id":0,"_jetpack_memberships_contains_paywalled_content":false,"_jetpack_memberships_contains_paid_content":false,"footnotes":""},"categories":[2097,10],"tags":[166,342,538,541,672,2525,1366,1402,2533,2458,1795,1803,1844,1938,1979],"class_list":{"0":"post-20182","1":"post","2":"type-post","3":"status-publish","4":"format-standard","5":"has-post-thumbnail","7":"category-municipios-noticias","8":"category-noticias","9":"tag-aquidauana","10":"tag-campo-grande","11":"tag-corumba","12":"tag-coxim","13":"tag-dourados","14":"tag-governo-federal","15":"tag-navirai","16":"tag-nova-andradina","17":"tag-novo-pac","18":"tag-ribas-do-rio-pardo","19":"tag-sao-gabriel-do-oeste","20":"tag-saude","21":"tag-sidrolandia","22":"tag-terenos","23":"tag-tres-lagoas"},"yoast_head":"<!-- This site is optimized with the Yoast SEO plugin v27.4 - https:\/\/yoast.com\/product\/yoast-seo-wordpress\/ -->\n<title>Vander garante mais 20 ambul\u00e2ncias para munic\u00edpios de MS pelo Novo PAC<\/title>\n<meta name=\"description\" content=\"Ve\u00edculos foram viabilizados pelo deputado por meio do Novo PAC do governo Lula e v\u00e3o beneficiar 12 cidades.\" \/>\n<meta name=\"robots\" content=\"index, follow, max-snippet:-1, max-image-preview:large, max-video-preview:-1\" \/>\n<link rel=\"canonical\" href=\"https:\/\/vanderloubet.com.br\/deputado\/vander-garante-mais-20-ambulancias-para-municipios-de-ms-pelo-novo-pac\/\" \/>\n<meta property=\"og:locale\" content=\"pt_BR\" \/>\n<meta property=\"og:type\" content=\"article\" \/>\n<meta property=\"og:title\" content=\"Vander garante mais 20 ambul\u00e2ncias para munic\u00edpios de MS pelo Novo PAC\" \/>\n<meta property=\"og:description\" content=\"Ve\u00edculos foram viabilizados pelo deputado por meio do Novo PAC do governo Lula e v\u00e3o beneficiar 12 cidades.\" \/>\n<meta property=\"og:url\" content=\"https:\/\/vanderloubet.com.br\/deputado\/vander-garante-mais-20-ambulancias-para-municipios-de-ms-pelo-novo-pac\/\" \/>\n<meta property=\"og:site_name\" content=\"Deputado Federal Vander Loubet\" \/>\n<meta property=\"article:publisher\" content=\"https:\/\/facebook.com\/deputadovander\" \/>\n<meta property=\"article:published_time\" content=\"2024-11-29T13:49:28+00:00\" \/>\n<meta property=\"article:modified_time\" content=\"2024-11-29T14:16:08+00:00\" \/>\n<meta property=\"og:image\" content=\"https:\/\/vanderloubet.com.br\/deputado\/wp-content\/uploads\/2024\/11\/foto-2024-11-29-ambulancias-samu-novo-pac.jpg\" \/>\n\t<meta property=\"og:image:width\" content=\"900\" \/>\n\t<meta property=\"og:image:height\" content=\"600\" \/>\n\t<meta property=\"og:image:type\" content=\"image\/jpeg\" \/>\n<meta name=\"author\" content=\"\u00c9der\" \/>\n<meta name=\"twitter:card\" content=\"summary_large_image\" \/>\n<meta name=\"twitter:creator\" content=\"@vanderloubet\" \/>\n<meta name=\"twitter:site\" content=\"@vanderloubet\" \/>\n<script type=\"application\/ld+json\" class=\"yoast-schema-graph\">{\"@context\":\"https:\\\/\\\/schema.org\",\"@graph\":[{\"@type\":\"Article\",\"@id\":\"https:\\\/\\\/vanderloubet.com.br\\\/deputado\\\/vander-garante-mais-20-ambulancias-para-municipios-de-ms-pelo-novo-pac\\\/#article\",\"isPartOf\":{\"@id\":\"https:\\\/\\\/vanderloubet.com.br\\\/deputado\\\/vander-garante-mais-20-ambulancias-para-municipios-de-ms-pelo-novo-pac\\\/\"},\"author\":{\"name\":\"\u00c9der\",\"@id\":\"https:\\\/\\\/vanderloubet.com.br\\\/deputado\\\/#\\\/schema\\\/person\\\/15b51bd564532a8a68d9dec1b8eb890e\"},\"headline\":\"Vander garante mais 20 ambul\u00e2ncias para munic\u00edpios de MS pelo Novo PAC\",\"datePublished\":\"2024-11-29T13:49:28+00:00\",\"dateModified\":\"2024-11-29T14:16:08+00:00\",\"mainEntityOfPage\":{\"@id\":\"https:\\\/\\\/vanderloubet.com.br\\\/deputado\\\/vander-garante-mais-20-ambulancias-para-municipios-de-ms-pelo-novo-pac\\\/\"},\"wordCount\":537,\"publisher\":{\"@id\":\"https:\\\/\\\/vanderloubet.com.br\\\/deputado\\\/#organization\"},\"image\":{\"@id\":\"https:\\\/\\\/vanderloubet.com.br\\\/deputado\\\/vander-garante-mais-20-ambulancias-para-municipios-de-ms-pelo-novo-pac\\\/#primaryimage\"},\"thumbnailUrl\":\"https:\\\/\\\/vanderloubet.com.br\\\/deputado\\\/wp-content\\\/uploads\\\/2024\\\/11\\\/foto-2024-11-29-ambulancias-samu-novo-pac.jpg\",\"keywords\":[\"aquidauana\",\"campo grande\",\"corumb\u00e1\",\"coxim\",\"dourados\",\"governo federal\",\"navira\u00ed\",\"nova andradina\",\"novo pac\",\"ribas do rio pardo\",\"s\u00e3o gabriel do oeste\",\"sa\u00fade\",\"sidrol\u00e2ndia\",\"terenos\",\"tr\u00eas lagoas\"],\"articleSection\":[\"Munic\u00edpios\",\"Not\u00edcias\"],\"inLanguage\":\"pt-BR\"},{\"@type\":\"WebPage\",\"@id\":\"https:\\\/\\\/vanderloubet.com.br\\\/deputado\\\/vander-garante-mais-20-ambulancias-para-municipios-de-ms-pelo-novo-pac\\\/\",\"url\":\"https:\\\/\\\/vanderloubet.com.br\\\/deputado\\\/vander-garante-mais-20-ambulancias-para-municipios-de-ms-pelo-novo-pac\\\/\",\"name\":\"Vander garante mais 20 ambul\u00e2ncias para munic\u00edpios de MS pelo Novo PAC\",\"isPartOf\":{\"@id\":\"https:\\\/\\\/vanderloubet.com.br\\\/deputado\\\/#website\"},\"primaryImageOfPage\":{\"@id\":\"https:\\\/\\\/vanderloubet.com.br\\\/deputado\\\/vander-garante-mais-20-ambulancias-para-municipios-de-ms-pelo-novo-pac\\\/#primaryimage\"},\"image\":{\"@id\":\"https:\\\/\\\/vanderloubet.com.br\\\/deputado\\\/vander-garante-mais-20-ambulancias-para-municipios-de-ms-pelo-novo-pac\\\/#primaryimage\"},\"thumbnailUrl\":\"https:\\\/\\\/vanderloubet.com.br\\\/deputado\\\/wp-content\\\/uploads\\\/2024\\\/11\\\/foto-2024-11-29-ambulancias-samu-novo-pac.jpg\",\"datePublished\":\"2024-11-29T13:49:28+00:00\",\"dateModified\":\"2024-11-29T14:16:08+00:00\",\"description\":\"Ve\u00edculos foram viabilizados pelo deputado por meio do Novo PAC do governo Lula e v\u00e3o beneficiar 12 cidades.\",\"breadcrumb\":{\"@id\":\"https:\\\/\\\/vanderloubet.com.br\\\/deputado\\\/vander-garante-mais-20-ambulancias-para-municipios-de-ms-pelo-novo-pac\\\/#breadcrumb\"},\"inLanguage\":\"pt-BR\",\"potentialAction\":[{\"@type\":\"ReadAction\",\"target\":[\"https:\\\/\\\/vanderloubet.com.br\\\/deputado\\\/vander-garante-mais-20-ambulancias-para-municipios-de-ms-pelo-novo-pac\\\/\"]}]},{\"@type\":\"ImageObject\",\"inLanguage\":\"pt-BR\",\"@id\":\"https:\\\/\\\/vanderloubet.com.br\\\/deputado\\\/vander-garante-mais-20-ambulancias-para-municipios-de-ms-pelo-novo-pac\\\/#primaryimage\",\"url\":\"https:\\\/\\\/vanderloubet.com.br\\\/deputado\\\/wp-content\\\/uploads\\\/2024\\\/11\\\/foto-2024-11-29-ambulancias-samu-novo-pac.jpg\",\"contentUrl\":\"https:\\\/\\\/vanderloubet.com.br\\\/deputado\\\/wp-content\\\/uploads\\\/2024\\\/11\\\/foto-2024-11-29-ambulancias-samu-novo-pac.jpg\",\"width\":900,\"height\":600,\"caption\":\"Vander garante mais 20 ambul\u00e2ncias para munic\u00edpios de MS pelo Novo PAC\"},{\"@type\":\"BreadcrumbList\",\"@id\":\"https:\\\/\\\/vanderloubet.com.br\\\/deputado\\\/vander-garante-mais-20-ambulancias-para-municipios-de-ms-pelo-novo-pac\\\/#breadcrumb\",\"itemListElement\":[{\"@type\":\"ListItem\",\"position\":1,\"name\":\"In\u00edcio\",\"item\":\"https:\\\/\\\/vanderloubet.com.br\\\/deputado\\\/\"},{\"@type\":\"ListItem\",\"position\":2,\"name\":\"Vander garante mais 20 ambul\u00e2ncias para munic\u00edpios de MS pelo Novo PAC\"}]},{\"@type\":\"WebSite\",\"@id\":\"https:\\\/\\\/vanderloubet.com.br\\\/deputado\\\/#website\",\"url\":\"https:\\\/\\\/vanderloubet.com.br\\\/deputado\\\/\",\"name\":\"Deputado Federal Vander Loubet\",\"description\":\"O Federal de MS\",\"publisher\":{\"@id\":\"https:\\\/\\\/vanderloubet.com.br\\\/deputado\\\/#organization\"},\"alternateName\":\"Deputado Vander\",\"potentialAction\":[{\"@type\":\"SearchAction\",\"target\":{\"@type\":\"EntryPoint\",\"urlTemplate\":\"https:\\\/\\\/vanderloubet.com.br\\\/deputado\\\/?s={search_term_string}\"},\"query-input\":{\"@type\":\"PropertyValueSpecification\",\"valueRequired\":true,\"valueName\":\"search_term_string\"}}],\"inLanguage\":\"pt-BR\"},{\"@type\":\"Organization\",\"@id\":\"https:\\\/\\\/vanderloubet.com.br\\\/deputado\\\/#organization\",\"name\":\"Deputado Federal Vander Loubet\",\"alternateName\":\"Deputado Vander\",\"url\":\"https:\\\/\\\/vanderloubet.com.br\\\/deputado\\\/\",\"logo\":{\"@type\":\"ImageObject\",\"inLanguage\":\"pt-BR\",\"@id\":\"https:\\\/\\\/vanderloubet.com.br\\\/deputado\\\/#\\\/schema\\\/logo\\\/image\\\/\",\"url\":\"https:\\\/\\\/vanderloubet.com.br\\\/deputado\\\/wp-content\\\/uploads\\\/2023\\\/06\\\/foto-2023-06-19-mandato-deputado-vander.jpg\",\"contentUrl\":\"https:\\\/\\\/vanderloubet.com.br\\\/deputado\\\/wp-content\\\/uploads\\\/2023\\\/06\\\/foto-2023-06-19-mandato-deputado-vander.jpg\",\"width\":1080,\"height\":1080,\"caption\":\"Deputado Federal Vander Loubet\"},\"image\":{\"@id\":\"https:\\\/\\\/vanderloubet.com.br\\\/deputado\\\/#\\\/schema\\\/logo\\\/image\\\/\"},\"sameAs\":[\"https:\\\/\\\/facebook.com\\\/deputadovander\",\"https:\\\/\\\/x.com\\\/vanderloubet\",\"https:\\\/\\\/instagram.com\\\/vanderloubet\",\"https:\\\/\\\/youtube.com\\\/vanderloubet\",\"https:\\\/\\\/tiktok.com\\\/@vanderloubetms\"]},{\"@type\":\"Person\",\"@id\":\"https:\\\/\\\/vanderloubet.com.br\\\/deputado\\\/#\\\/schema\\\/person\\\/15b51bd564532a8a68d9dec1b8eb890e\",\"name\":\"\u00c9der\",\"image\":{\"@type\":\"ImageObject\",\"inLanguage\":\"pt-BR\",\"@id\":\"https:\\\/\\\/vanderloubet.com.br\\\/deputado\\\/wp-content\\\/litespeed\\\/avatar\\\/88ca4090d9d5ab1c9495f6ca03b68efa.jpg?ver=1777058957\",\"url\":\"https:\\\/\\\/vanderloubet.com.br\\\/deputado\\\/wp-content\\\/litespeed\\\/avatar\\\/88ca4090d9d5ab1c9495f6ca03b68efa.jpg?ver=1777058957\",\"contentUrl\":\"https:\\\/\\\/vanderloubet.com.br\\\/deputado\\\/wp-content\\\/litespeed\\\/avatar\\\/88ca4090d9d5ab1c9495f6ca03b68efa.jpg?ver=1777058957\",\"caption\":\"\u00c9der\"}}]}<\/script>\n<!-- \/ Yoast SEO plugin. -->","yoast_head_json":{"title":"Vander garante mais 20 ambul\u00e2ncias para munic\u00edpios de MS pelo Novo PAC","description":"Ve\u00edculos foram viabilizados pelo deputado por meio do Novo PAC do governo Lula e v\u00e3o beneficiar 12 cidades.","robots":{"index":"index","follow":"follow","max-snippet":"max-snippet:-1","max-image-preview":"max-image-preview:large","max-video-preview":"max-video-preview:-1"},"canonical":"https:\/\/vanderloubet.com.br\/deputado\/vander-garante-mais-20-ambulancias-para-municipios-de-ms-pelo-novo-pac\/","og_locale":"pt_BR","og_type":"article","og_title":"Vander garante mais 20 ambul\u00e2ncias para munic\u00edpios de MS pelo Novo PAC","og_description":"Ve\u00edculos foram viabilizados pelo deputado por meio do Novo PAC do governo Lula e v\u00e3o beneficiar 12 cidades.","og_url":"https:\/\/vanderloubet.com.br\/deputado\/vander-garante-mais-20-ambulancias-para-municipios-de-ms-pelo-novo-pac\/","og_site_name":"Deputado Federal Vander Loubet","article_publisher":"https:\/\/facebook.com\/deputadovander","article_published_time":"2024-11-29T13:49:28+00:00","article_modified_time":"2024-11-29T14:16:08+00:00","og_image":[{"width":900,"height":600,"url":"https:\/\/vanderloubet.com.br\/deputado\/wp-content\/uploads\/2024\/11\/foto-2024-11-29-ambulancias-samu-novo-pac.jpg","type":"image\/jpeg"}],"author":"\u00c9der","twitter_card":"summary_large_image","twitter_creator":"@vanderloubet","twitter_site":"@vanderloubet","schema":{"@context":"https:\/\/schema.org","@graph":[{"@type":"Article","@id":"https:\/\/vanderloubet.com.br\/deputado\/vander-garante-mais-20-ambulancias-para-municipios-de-ms-pelo-novo-pac\/#article","isPartOf":{"@id":"https:\/\/vanderloubet.com.br\/deputado\/vander-garante-mais-20-ambulancias-para-municipios-de-ms-pelo-novo-pac\/"},"author":{"name":"\u00c9der","@id":"https:\/\/vanderloubet.com.br\/deputado\/#\/schema\/person\/15b51bd564532a8a68d9dec1b8eb890e"},"headline":"Vander garante mais 20 ambul\u00e2ncias para munic\u00edpios de MS pelo Novo PAC","datePublished":"2024-11-29T13:49:28+00:00","dateModified":"2024-11-29T14:16:08+00:00","mainEntityOfPage":{"@id":"https:\/\/vanderloubet.com.br\/deputado\/vander-garante-mais-20-ambulancias-para-municipios-de-ms-pelo-novo-pac\/"},"wordCount":537,"publisher":{"@id":"https:\/\/vanderloubet.com.br\/deputado\/#organization"},"image":{"@id":"https:\/\/vanderloubet.com.br\/deputado\/vander-garante-mais-20-ambulancias-para-municipios-de-ms-pelo-novo-pac\/#primaryimage"},"thumbnailUrl":"https:\/\/vanderloubet.com.br\/deputado\/wp-content\/uploads\/2024\/11\/foto-2024-11-29-ambulancias-samu-novo-pac.jpg","keywords":["aquidauana","campo grande","corumb\u00e1","coxim","dourados","governo federal","navira\u00ed","nova andradina","novo pac","ribas do rio pardo","s\u00e3o gabriel do oeste","sa\u00fade","sidrol\u00e2ndia","terenos","tr\u00eas lagoas"],"articleSection":["Munic\u00edpios","Not\u00edcias"],"inLanguage":"pt-BR"},{"@type":"WebPage","@id":"https:\/\/vanderloubet.com.br\/deputado\/vander-garante-mais-20-ambulancias-para-municipios-de-ms-pelo-novo-pac\/","url":"https:\/\/vanderloubet.com.br\/deputado\/vander-garante-mais-20-ambulancias-para-municipios-de-ms-pelo-novo-pac\/","name":"Vander garante mais 20 ambul\u00e2ncias para munic\u00edpios de MS pelo Novo PAC","isPartOf":{"@id":"https:\/\/vanderloubet.com.br\/deputado\/#website"},"primaryImageOfPage":{"@id":"https:\/\/vanderloubet.com.br\/deputado\/vander-garante-mais-20-ambulancias-para-municipios-de-ms-pelo-novo-pac\/#primaryimage"},"image":{"@id":"https:\/\/vanderloubet.com.br\/deputado\/vander-garante-mais-20-ambulancias-para-municipios-de-ms-pelo-novo-pac\/#primaryimage"},"thumbnailUrl":"https:\/\/vanderloubet.com.br\/deputado\/wp-content\/uploads\/2024\/11\/foto-2024-11-29-ambulancias-samu-novo-pac.jpg","datePublished":"2024-11-29T13:49:28+00:00","dateModified":"2024-11-29T14:16:08+00:00","description":"Ve\u00edculos foram viabilizados pelo deputado por meio do Novo PAC do governo Lula e v\u00e3o beneficiar 12 cidades.","breadcrumb":{"@id":"https:\/\/vanderloubet.com.br\/deputado\/vander-garante-mais-20-ambulancias-para-municipios-de-ms-pelo-novo-pac\/#breadcrumb"},"inLanguage":"pt-BR","potentialAction":[{"@type":"ReadAction","target":["https:\/\/vanderloubet.com.br\/deputado\/vander-garante-mais-20-ambulancias-para-municipios-de-ms-pelo-novo-pac\/"]}]},{"@type":"ImageObject","inLanguage":"pt-BR","@id":"https:\/\/vanderloubet.com.br\/deputado\/vander-garante-mais-20-ambulancias-para-municipios-de-ms-pelo-novo-pac\/#primaryimage","url":"https:\/\/vanderloubet.com.br\/deputado\/wp-content\/uploads\/2024\/11\/foto-2024-11-29-ambulancias-samu-novo-pac.jpg","contentUrl":"https:\/\/vanderloubet.com.br\/deputado\/wp-content\/uploads\/2024\/11\/foto-2024-11-29-ambulancias-samu-novo-pac.jpg","width":900,"height":600,"caption":"Vander garante mais 20 ambul\u00e2ncias para munic\u00edpios de MS pelo Novo PAC"},{"@type":"BreadcrumbList","@id":"https:\/\/vanderloubet.com.br\/deputado\/vander-garante-mais-20-ambulancias-para-municipios-de-ms-pelo-novo-pac\/#breadcrumb","itemListElement":[{"@type":"ListItem","position":1,"name":"In\u00edcio","item":"https:\/\/vanderloubet.com.br\/deputado\/"},{"@type":"ListItem","position":2,"name":"Vander garante mais 20 ambul\u00e2ncias para munic\u00edpios de MS pelo Novo PAC"}]},{"@type":"WebSite","@id":"https:\/\/vanderloubet.com.br\/deputado\/#website","url":"https:\/\/vanderloubet.com.br\/deputado\/","name":"Deputado Federal Vander Loubet","description":"O Federal de MS","publisher":{"@id":"https:\/\/vanderloubet.com.br\/deputado\/#organization"},"alternateName":"Deputado Vander","potentialAction":[{"@type":"SearchAction","target":{"@type":"EntryPoint","urlTemplate":"https:\/\/vanderloubet.com.br\/deputado\/?s={search_term_string}"},"query-input":{"@type":"PropertyValueSpecification","valueRequired":true,"valueName":"search_term_string"}}],"inLanguage":"pt-BR"},{"@type":"Organization","@id":"https:\/\/vanderloubet.com.br\/deputado\/#organization","name":"Deputado Federal Vander Loubet","alternateName":"Deputado Vander","url":"https:\/\/vanderloubet.com.br\/deputado\/","logo":{"@type":"ImageObject","inLanguage":"pt-BR","@id":"https:\/\/vanderloubet.com.br\/deputado\/#\/schema\/logo\/image\/","url":"https:\/\/vanderloubet.com.br\/deputado\/wp-content\/uploads\/2023\/06\/foto-2023-06-19-mandato-deputado-vander.jpg","contentUrl":"https:\/\/vanderloubet.com.br\/deputado\/wp-content\/uploads\/2023\/06\/foto-2023-06-19-mandato-deputado-vander.jpg","width":1080,"height":1080,"caption":"Deputado Federal Vander Loubet"},"image":{"@id":"https:\/\/vanderloubet.com.br\/deputado\/#\/schema\/logo\/image\/"},"sameAs":["https:\/\/facebook.com\/deputadovander","https:\/\/x.com\/vanderloubet","https:\/\/instagram.com\/vanderloubet","https:\/\/youtube.com\/vanderloubet","https:\/\/tiktok.com\/@vanderloubetms"]},{"@type":"Person","@id":"https:\/\/vanderloubet.com.br\/deputado\/#\/schema\/person\/15b51bd564532a8a68d9dec1b8eb890e","name":"\u00c9der","image":{"@type":"ImageObject","inLanguage":"pt-BR","@id":"https:\/\/vanderloubet.com.br\/deputado\/wp-content\/litespeed\/avatar\/88ca4090d9d5ab1c9495f6ca03b68efa.jpg?ver=1777058957","url":"https:\/\/vanderloubet.com.br\/deputado\/wp-content\/litespeed\/avatar\/88ca4090d9d5ab1c9495f6ca03b68efa.jpg?ver=1777058957","contentUrl":"https:\/\/vanderloubet.com.br\/deputado\/wp-content\/litespeed\/avatar\/88ca4090d9d5ab1c9495f6ca03b68efa.jpg?ver=1777058957","caption":"\u00c9der"}}]}},"jetpack_featured_media_url":"https:\/\/vanderloubet.com.br\/deputado\/wp-content\/uploads\/2024\/11\/foto-2024-11-29-ambulancias-samu-novo-pac.jpg","jetpack_sharing_enabled":true,"_links":{"self":[{"href":"https:\/\/vanderloubet.com.br\/deputado\/wp-json\/wp\/v2\/posts\/20182","targetHints":{"allow":["GET"]}}],"collection":[{"href":"https:\/\/vanderloubet.com.br\/deputado\/wp-json\/wp\/v2\/posts"}],"about":[{"href":"https:\/\/vanderloubet.com.br\/deputado\/wp-json\/wp\/v2\/types\/post"}],"author":[{"embeddable":true,"href":"https:\/\/vanderloubet.com.br\/deputado\/wp-json\/wp\/v2\/users\/2"}],"replies":[{"embeddable":true,"href":"https:\/\/vanderloubet.com.br\/deputado\/wp-json\/wp\/v2\/comments?post=20182"}],"version-history":[{"count":0,"href":"https:\/\/vanderloubet.com.br\/deputado\/wp-json\/wp\/v2\/posts\/20182\/revisions"}],"wp:featuredmedia":[{"embeddable":true,"href":"https:\/\/vanderloubet.com.br\/deputado\/wp-json\/wp\/v2\/media\/20183"}],"wp:attachment":[{"href":"https:\/\/vanderloubet.com.br\/deputado\/wp-json\/wp\/v2\/media?parent=20182"}],"wp:term":[{"taxonomy":"category","embeddable":true,"href":"https:\/\/vanderloubet.com.br\/deputado\/wp-json\/wp\/v2\/categories?post=20182"},{"taxonomy":"post_tag","embeddable":true,"href":"https:\/\/vanderloubet.com.br\/deputado\/wp-json\/wp\/v2\/tags?post=20182"}],"curies":[{"name":"wp","href":"https:\/\/api.w.org\/{rel}","templated":true}]}}