{"id":20171,"date":"2024-11-14T10:00:05","date_gmt":"2024-11-14T14:00:05","guid":{"rendered":"https:\/\/vanderloubet.com.br\/deputado\/?p=20171"},"modified":"2024-11-21T09:19:08","modified_gmt":"2024-11-21T13:19:08","slug":"governo-lula-amplia-programa-pe-de-meia-para-43-mil-estudantes-em-ms","status":"publish","type":"post","link":"https:\/\/vanderloubet.com.br\/deputado\/governo-lula-amplia-programa-pe-de-meia-para-43-mil-estudantes-em-ms\/","title":{"rendered":"Governo Lula amplia programa P\u00e9-de-Meia para 43 mil estudantes em MS"},"content":{"rendered":"<p><iframe title=\"Governo Lula amplia programa P\u00e9-de-Meia para 43 mil estudantes em MS\" width=\"696\" height=\"392\" src=\"https:\/\/www.youtube.com\/embed\/NzKErL5WcTE?feature=oembed&#038;enablejsapi=1&#038;origin=https:\/\/vanderloubet.com.br\" frameborder=\"0\" allow=\"accelerometer; autoplay; clipboard-write; encrypted-media; gyroscope; picture-in-picture; web-share\" referrerpolicy=\"strict-origin-when-cross-origin\" allowfullscreen><\/iframe><\/p>\n<p>Em visita a Campo Grande nesta quarta-feira (13), o ministro da Educa\u00e7\u00e3o, Camilo Santana (PT), anunciou a amplia\u00e7\u00e3o do programa P\u00e9-de-Meia em Mato Grosso do Sul. O programa incentiva alunos do ensino m\u00e9dio a permanecerem na escola com R$ 200 mensais.<\/p>\n<p>Santana detalhou que atualmente mais de 26 mil alunos recebem o benef\u00edcio, criado pelo presidente Luiz In\u00e1cio Lula da Silva (PT). Com a amplia\u00e7\u00e3o, 43,7 mil estudantes do v\u00e3o receber o incentivo financeiro-educacional do governo federal.<\/p>\n<p>&#8220;Muitas vezes o grande motivo dos alunos abandonarem a escola \u00e9 a quest\u00e3o financeira. Ent\u00e3o, o P\u00e9-de-Meia veio exatamente para dar esse apoio financeiro, claro, com contrapartida do jovem, frequ\u00eancia de 80% da escola e passar o final de ano. \u00c9 um est\u00edmulo, um incentivo para garantir a perman\u00eancia desse jovem, e aqui no Mato Grosso do Sul n\u00f3s vamos praticamente dobrar o n\u00famero de alunos&#8221;, afirmou o ministro.<\/p>\n<p>Para o deputado federal Vander Loubet (PT-MS), o P\u00e9-de-Meia mostra o compromisso do presidente Lula e do Partido dos Trabalhadores (PT) com a melhoria e fortalecimento da educa\u00e7\u00e3o.<\/p>\n<p>&#8220;Esse programa \u00e9 important\u00edssimo. Sabemos que combater a evas\u00e3o escolar no Brasil \u00e9 um grande desafio e o P\u00e9-de-Meia \u00e9 uma a\u00e7\u00e3o concreta da nossa parte para enfrentar esse desafio. Tenho muito orgulho de apoiar a cria\u00e7\u00e3o do programa e de aprovar na C\u00e2mara a destina\u00e7\u00e3o de recursos no Or\u00e7amento para essa iniciativa&#8221;, destaca Vander.<\/p>\n<p><strong>Incentivo financeiro-educacional<\/strong><\/p>\n<p>At\u00e9 setembro de 2024, o P\u00e9-de-Meia repassou R$ 76 milh\u00f5es em incentivos aos jovens sul-mato-grossenses que cumpriram os crit\u00e9rios de frequ\u00eancia. J\u00e1 foram pagas 182,8 mil parcelas. O programa de incentivo financeiro-educacional \u00e9 voltado a estudantes benefici\u00e1rios do Cadastro \u00danico para Programas Sociais (Cad\u00danico) matriculados no ensino m\u00e9dio p\u00fablico.<\/p>\n<p>Podem participar do programa estudantes de 14 a 24 anos, de baixa renda, matriculados no ensino m\u00e9dio regular na rede p\u00fablica; e estudantes de 19 a 24 anos, de baixa renda, matriculados na Educa\u00e7\u00e3o de Jovens e Adultos (EJA).<\/p>\n<p>O ministro falou ainda sobre o aumento de estudantes inscritos no Enem no estado e o incentivo de R$ 200 para estudantes que realizaram o exame.<\/p>\n<p>&#8220;Aqui no Mato Grosso do Sul n\u00f3s sa\u00edmos de algo em torno de 53% dos alunos que fizeram a prova do Enem ano passado e esse ano chegou a 84%. Houve um crescimento e eu n\u00e3o tenho d\u00favida que foi fruto do est\u00edmulo do P\u00e9-de-Meia\u201d.<\/p>\n<pre><em>Texto: Rafaela Moreira\/G1 MS<\/em>\r\n<em>Edi\u00e7\u00e3o: \u00c9der F. Yanaguita<\/em><\/pre>\n","protected":false},"excerpt":{"rendered":"<p>Para o deputado Vander, o programa \u00e9 uma a\u00e7\u00e3o concreta de Lula e do PT para enfrentar o desafio da evas\u00e3o escolar.<\/p>\n","protected":false},"author":2,"featured_media":20172,"comment_status":"closed","ping_status":"closed","sticky":false,"template":"","format":"video","meta":{"jetpack_post_was_ever_published":false,"_jetpack_newsletter_access":"","_jetpack_dont_email_post_to_subs":false,"_jetpack_newsletter_tier_id":0,"_jetpack_memberships_contains_paywalled_content":false,"_jetpack_memberships_contains_paid_content":false,"footnotes":""},"categories":[2099,2101,10,12],"tags":[697,2525,1189],"class_list":{"0":"post-20171","1":"post","2":"type-post","3":"status-publish","4":"format-video","5":"has-post-thumbnail","7":"category-ms-noticias","8":"category-multimidia","9":"category-noticias","10":"category-videos","11":"tag-educacao","12":"tag-governo-federal","13":"tag-lula","14":"post_format-post-format-video"},"yoast_head":"<!-- This site is optimized with the Yoast SEO plugin v27.4 - https:\/\/yoast.com\/product\/yoast-seo-wordpress\/ -->\n<title>Governo Lula amplia programa P\u00e9-de-Meia para 43 mil estudantes em MS<\/title>\n<meta name=\"description\" content=\"Para o deputado Vander, o programa \u00e9 uma a\u00e7\u00e3o concreta de Lula e do PT para enfrentar o desafio da evas\u00e3o escolar.\" \/>\n<meta name=\"robots\" content=\"index, follow, max-snippet:-1, max-image-preview:large, max-video-preview:-1\" \/>\n<link rel=\"canonical\" href=\"https:\/\/vanderloubet.com.br\/deputado\/governo-lula-amplia-programa-pe-de-meia-para-43-mil-estudantes-em-ms\/\" \/>\n<meta property=\"og:locale\" content=\"pt_BR\" \/>\n<meta property=\"og:type\" content=\"article\" \/>\n<meta property=\"og:title\" content=\"Governo Lula amplia programa P\u00e9-de-Meia para 43 mil estudantes em MS\" \/>\n<meta property=\"og:description\" content=\"Para o deputado Vander, o programa \u00e9 uma a\u00e7\u00e3o concreta de Lula e do PT para enfrentar o desafio da evas\u00e3o escolar.\" \/>\n<meta property=\"og:url\" content=\"https:\/\/vanderloubet.com.br\/deputado\/governo-lula-amplia-programa-pe-de-meia-para-43-mil-estudantes-em-ms\/\" \/>\n<meta property=\"og:site_name\" content=\"Deputado Federal Vander Loubet\" \/>\n<meta property=\"article:publisher\" content=\"https:\/\/facebook.com\/deputadovander\" \/>\n<meta property=\"article:published_time\" content=\"2024-11-14T14:00:05+00:00\" \/>\n<meta property=\"article:modified_time\" content=\"2024-11-21T13:19:08+00:00\" \/>\n<meta property=\"og:image\" content=\"https:\/\/vanderloubet.com.br\/deputado\/wp-content\/uploads\/2024\/11\/foto-2024-11-13-ministro-camilo-pe-de-meia-ms.jpg\" \/>\n\t<meta property=\"og:image:width\" content=\"960\" \/>\n\t<meta property=\"og:image:height\" content=\"540\" \/>\n\t<meta property=\"og:image:type\" content=\"image\/jpeg\" \/>\n<meta name=\"author\" content=\"\u00c9der\" \/>\n<meta name=\"twitter:card\" content=\"summary_large_image\" \/>\n<meta name=\"twitter:creator\" content=\"@vanderloubet\" \/>\n<meta name=\"twitter:site\" content=\"@vanderloubet\" \/>\n<script type=\"application\/ld+json\" class=\"yoast-schema-graph\">{\"@context\":\"https:\\\/\\\/schema.org\",\"@graph\":[{\"@type\":\"Article\",\"@id\":\"https:\\\/\\\/vanderloubet.com.br\\\/deputado\\\/governo-lula-amplia-programa-pe-de-meia-para-43-mil-estudantes-em-ms\\\/#article\",\"isPartOf\":{\"@id\":\"https:\\\/\\\/vanderloubet.com.br\\\/deputado\\\/governo-lula-amplia-programa-pe-de-meia-para-43-mil-estudantes-em-ms\\\/\"},\"author\":{\"name\":\"\u00c9der\",\"@id\":\"https:\\\/\\\/vanderloubet.com.br\\\/deputado\\\/#\\\/schema\\\/person\\\/15b51bd564532a8a68d9dec1b8eb890e\"},\"headline\":\"Governo Lula amplia programa P\u00e9-de-Meia para 43 mil estudantes em MS\",\"datePublished\":\"2024-11-14T14:00:05+00:00\",\"dateModified\":\"2024-11-21T13:19:08+00:00\",\"mainEntityOfPage\":{\"@id\":\"https:\\\/\\\/vanderloubet.com.br\\\/deputado\\\/governo-lula-amplia-programa-pe-de-meia-para-43-mil-estudantes-em-ms\\\/\"},\"wordCount\":428,\"publisher\":{\"@id\":\"https:\\\/\\\/vanderloubet.com.br\\\/deputado\\\/#organization\"},\"image\":{\"@id\":\"https:\\\/\\\/vanderloubet.com.br\\\/deputado\\\/governo-lula-amplia-programa-pe-de-meia-para-43-mil-estudantes-em-ms\\\/#primaryimage\"},\"thumbnailUrl\":\"https:\\\/\\\/vanderloubet.com.br\\\/deputado\\\/wp-content\\\/uploads\\\/2024\\\/11\\\/foto-2024-11-13-ministro-camilo-pe-de-meia-ms.jpg\",\"keywords\":[\"educa\u00e7\u00e3o\",\"governo federal\",\"lula\"],\"articleSection\":[\"Mato Grosso do Sul\",\"Multim\u00eddia\",\"Not\u00edcias\",\"V\u00eddeos\"],\"inLanguage\":\"pt-BR\"},{\"@type\":\"WebPage\",\"@id\":\"https:\\\/\\\/vanderloubet.com.br\\\/deputado\\\/governo-lula-amplia-programa-pe-de-meia-para-43-mil-estudantes-em-ms\\\/\",\"url\":\"https:\\\/\\\/vanderloubet.com.br\\\/deputado\\\/governo-lula-amplia-programa-pe-de-meia-para-43-mil-estudantes-em-ms\\\/\",\"name\":\"Governo Lula amplia programa P\u00e9-de-Meia para 43 mil estudantes em MS\",\"isPartOf\":{\"@id\":\"https:\\\/\\\/vanderloubet.com.br\\\/deputado\\\/#website\"},\"primaryImageOfPage\":{\"@id\":\"https:\\\/\\\/vanderloubet.com.br\\\/deputado\\\/governo-lula-amplia-programa-pe-de-meia-para-43-mil-estudantes-em-ms\\\/#primaryimage\"},\"image\":{\"@id\":\"https:\\\/\\\/vanderloubet.com.br\\\/deputado\\\/governo-lula-amplia-programa-pe-de-meia-para-43-mil-estudantes-em-ms\\\/#primaryimage\"},\"thumbnailUrl\":\"https:\\\/\\\/vanderloubet.com.br\\\/deputado\\\/wp-content\\\/uploads\\\/2024\\\/11\\\/foto-2024-11-13-ministro-camilo-pe-de-meia-ms.jpg\",\"datePublished\":\"2024-11-14T14:00:05+00:00\",\"dateModified\":\"2024-11-21T13:19:08+00:00\",\"description\":\"Para o deputado Vander, o programa \u00e9 uma a\u00e7\u00e3o concreta de Lula e do PT para enfrentar o desafio da evas\u00e3o escolar.\",\"breadcrumb\":{\"@id\":\"https:\\\/\\\/vanderloubet.com.br\\\/deputado\\\/governo-lula-amplia-programa-pe-de-meia-para-43-mil-estudantes-em-ms\\\/#breadcrumb\"},\"inLanguage\":\"pt-BR\",\"potentialAction\":[{\"@type\":\"ReadAction\",\"target\":[\"https:\\\/\\\/vanderloubet.com.br\\\/deputado\\\/governo-lula-amplia-programa-pe-de-meia-para-43-mil-estudantes-em-ms\\\/\"]}]},{\"@type\":\"ImageObject\",\"inLanguage\":\"pt-BR\",\"@id\":\"https:\\\/\\\/vanderloubet.com.br\\\/deputado\\\/governo-lula-amplia-programa-pe-de-meia-para-43-mil-estudantes-em-ms\\\/#primaryimage\",\"url\":\"https:\\\/\\\/vanderloubet.com.br\\\/deputado\\\/wp-content\\\/uploads\\\/2024\\\/11\\\/foto-2024-11-13-ministro-camilo-pe-de-meia-ms.jpg\",\"contentUrl\":\"https:\\\/\\\/vanderloubet.com.br\\\/deputado\\\/wp-content\\\/uploads\\\/2024\\\/11\\\/foto-2024-11-13-ministro-camilo-pe-de-meia-ms.jpg\",\"width\":960,\"height\":540,\"caption\":\"Governo Lula amplia programa P\u00e9-de-Meia para 43 mil estudantes em MS\"},{\"@type\":\"BreadcrumbList\",\"@id\":\"https:\\\/\\\/vanderloubet.com.br\\\/deputado\\\/governo-lula-amplia-programa-pe-de-meia-para-43-mil-estudantes-em-ms\\\/#breadcrumb\",\"itemListElement\":[{\"@type\":\"ListItem\",\"position\":1,\"name\":\"In\u00edcio\",\"item\":\"https:\\\/\\\/vanderloubet.com.br\\\/deputado\\\/\"},{\"@type\":\"ListItem\",\"position\":2,\"name\":\"Governo Lula amplia programa P\u00e9-de-Meia para 43 mil estudantes em MS\"}]},{\"@type\":\"WebSite\",\"@id\":\"https:\\\/\\\/vanderloubet.com.br\\\/deputado\\\/#website\",\"url\":\"https:\\\/\\\/vanderloubet.com.br\\\/deputado\\\/\",\"name\":\"Deputado Federal Vander Loubet\",\"description\":\"O Federal de MS\",\"publisher\":{\"@id\":\"https:\\\/\\\/vanderloubet.com.br\\\/deputado\\\/#organization\"},\"alternateName\":\"Deputado Vander\",\"potentialAction\":[{\"@type\":\"SearchAction\",\"target\":{\"@type\":\"EntryPoint\",\"urlTemplate\":\"https:\\\/\\\/vanderloubet.com.br\\\/deputado\\\/?s={search_term_string}\"},\"query-input\":{\"@type\":\"PropertyValueSpecification\",\"valueRequired\":true,\"valueName\":\"search_term_string\"}}],\"inLanguage\":\"pt-BR\"},{\"@type\":\"Organization\",\"@id\":\"https:\\\/\\\/vanderloubet.com.br\\\/deputado\\\/#organization\",\"name\":\"Deputado Federal Vander Loubet\",\"alternateName\":\"Deputado Vander\",\"url\":\"https:\\\/\\\/vanderloubet.com.br\\\/deputado\\\/\",\"logo\":{\"@type\":\"ImageObject\",\"inLanguage\":\"pt-BR\",\"@id\":\"https:\\\/\\\/vanderloubet.com.br\\\/deputado\\\/#\\\/schema\\\/logo\\\/image\\\/\",\"url\":\"https:\\\/\\\/vanderloubet.com.br\\\/deputado\\\/wp-content\\\/uploads\\\/2023\\\/06\\\/foto-2023-06-19-mandato-deputado-vander.jpg\",\"contentUrl\":\"https:\\\/\\\/vanderloubet.com.br\\\/deputado\\\/wp-content\\\/uploads\\\/2023\\\/06\\\/foto-2023-06-19-mandato-deputado-vander.jpg\",\"width\":1080,\"height\":1080,\"caption\":\"Deputado Federal Vander Loubet\"},\"image\":{\"@id\":\"https:\\\/\\\/vanderloubet.com.br\\\/deputado\\\/#\\\/schema\\\/logo\\\/image\\\/\"},\"sameAs\":[\"https:\\\/\\\/facebook.com\\\/deputadovander\",\"https:\\\/\\\/x.com\\\/vanderloubet\",\"https:\\\/\\\/instagram.com\\\/vanderloubet\",\"https:\\\/\\\/youtube.com\\\/vanderloubet\",\"https:\\\/\\\/tiktok.com\\\/@vanderloubetms\"]},{\"@type\":\"Person\",\"@id\":\"https:\\\/\\\/vanderloubet.com.br\\\/deputado\\\/#\\\/schema\\\/person\\\/15b51bd564532a8a68d9dec1b8eb890e\",\"name\":\"\u00c9der\",\"image\":{\"@type\":\"ImageObject\",\"inLanguage\":\"pt-BR\",\"@id\":\"https:\\\/\\\/vanderloubet.com.br\\\/deputado\\\/wp-content\\\/litespeed\\\/avatar\\\/88ca4090d9d5ab1c9495f6ca03b68efa.jpg?ver=1777058957\",\"url\":\"https:\\\/\\\/vanderloubet.com.br\\\/deputado\\\/wp-content\\\/litespeed\\\/avatar\\\/88ca4090d9d5ab1c9495f6ca03b68efa.jpg?ver=1777058957\",\"contentUrl\":\"https:\\\/\\\/vanderloubet.com.br\\\/deputado\\\/wp-content\\\/litespeed\\\/avatar\\\/88ca4090d9d5ab1c9495f6ca03b68efa.jpg?ver=1777058957\",\"caption\":\"\u00c9der\"}}]}<\/script>\n<!-- \/ Yoast SEO plugin. -->","yoast_head_json":{"title":"Governo Lula amplia programa P\u00e9-de-Meia para 43 mil estudantes em MS","description":"Para o deputado Vander, o programa \u00e9 uma a\u00e7\u00e3o concreta de Lula e do PT para enfrentar o desafio da evas\u00e3o escolar.","robots":{"index":"index","follow":"follow","max-snippet":"max-snippet:-1","max-image-preview":"max-image-preview:large","max-video-preview":"max-video-preview:-1"},"canonical":"https:\/\/vanderloubet.com.br\/deputado\/governo-lula-amplia-programa-pe-de-meia-para-43-mil-estudantes-em-ms\/","og_locale":"pt_BR","og_type":"article","og_title":"Governo Lula amplia programa P\u00e9-de-Meia para 43 mil estudantes em MS","og_description":"Para o deputado Vander, o programa \u00e9 uma a\u00e7\u00e3o concreta de Lula e do PT para enfrentar o desafio da evas\u00e3o escolar.","og_url":"https:\/\/vanderloubet.com.br\/deputado\/governo-lula-amplia-programa-pe-de-meia-para-43-mil-estudantes-em-ms\/","og_site_name":"Deputado Federal Vander Loubet","article_publisher":"https:\/\/facebook.com\/deputadovander","article_published_time":"2024-11-14T14:00:05+00:00","article_modified_time":"2024-11-21T13:19:08+00:00","og_image":[{"width":960,"height":540,"url":"https:\/\/vanderloubet.com.br\/deputado\/wp-content\/uploads\/2024\/11\/foto-2024-11-13-ministro-camilo-pe-de-meia-ms.jpg","type":"image\/jpeg"}],"author":"\u00c9der","twitter_card":"summary_large_image","twitter_creator":"@vanderloubet","twitter_site":"@vanderloubet","schema":{"@context":"https:\/\/schema.org","@graph":[{"@type":"Article","@id":"https:\/\/vanderloubet.com.br\/deputado\/governo-lula-amplia-programa-pe-de-meia-para-43-mil-estudantes-em-ms\/#article","isPartOf":{"@id":"https:\/\/vanderloubet.com.br\/deputado\/governo-lula-amplia-programa-pe-de-meia-para-43-mil-estudantes-em-ms\/"},"author":{"name":"\u00c9der","@id":"https:\/\/vanderloubet.com.br\/deputado\/#\/schema\/person\/15b51bd564532a8a68d9dec1b8eb890e"},"headline":"Governo Lula amplia programa P\u00e9-de-Meia para 43 mil estudantes em MS","datePublished":"2024-11-14T14:00:05+00:00","dateModified":"2024-11-21T13:19:08+00:00","mainEntityOfPage":{"@id":"https:\/\/vanderloubet.com.br\/deputado\/governo-lula-amplia-programa-pe-de-meia-para-43-mil-estudantes-em-ms\/"},"wordCount":428,"publisher":{"@id":"https:\/\/vanderloubet.com.br\/deputado\/#organization"},"image":{"@id":"https:\/\/vanderloubet.com.br\/deputado\/governo-lula-amplia-programa-pe-de-meia-para-43-mil-estudantes-em-ms\/#primaryimage"},"thumbnailUrl":"https:\/\/vanderloubet.com.br\/deputado\/wp-content\/uploads\/2024\/11\/foto-2024-11-13-ministro-camilo-pe-de-meia-ms.jpg","keywords":["educa\u00e7\u00e3o","governo federal","lula"],"articleSection":["Mato Grosso do Sul","Multim\u00eddia","Not\u00edcias","V\u00eddeos"],"inLanguage":"pt-BR"},{"@type":"WebPage","@id":"https:\/\/vanderloubet.com.br\/deputado\/governo-lula-amplia-programa-pe-de-meia-para-43-mil-estudantes-em-ms\/","url":"https:\/\/vanderloubet.com.br\/deputado\/governo-lula-amplia-programa-pe-de-meia-para-43-mil-estudantes-em-ms\/","name":"Governo Lula amplia programa P\u00e9-de-Meia para 43 mil estudantes em MS","isPartOf":{"@id":"https:\/\/vanderloubet.com.br\/deputado\/#website"},"primaryImageOfPage":{"@id":"https:\/\/vanderloubet.com.br\/deputado\/governo-lula-amplia-programa-pe-de-meia-para-43-mil-estudantes-em-ms\/#primaryimage"},"image":{"@id":"https:\/\/vanderloubet.com.br\/deputado\/governo-lula-amplia-programa-pe-de-meia-para-43-mil-estudantes-em-ms\/#primaryimage"},"thumbnailUrl":"https:\/\/vanderloubet.com.br\/deputado\/wp-content\/uploads\/2024\/11\/foto-2024-11-13-ministro-camilo-pe-de-meia-ms.jpg","datePublished":"2024-11-14T14:00:05+00:00","dateModified":"2024-11-21T13:19:08+00:00","description":"Para o deputado Vander, o programa \u00e9 uma a\u00e7\u00e3o concreta de Lula e do PT para enfrentar o desafio da evas\u00e3o escolar.","breadcrumb":{"@id":"https:\/\/vanderloubet.com.br\/deputado\/governo-lula-amplia-programa-pe-de-meia-para-43-mil-estudantes-em-ms\/#breadcrumb"},"inLanguage":"pt-BR","potentialAction":[{"@type":"ReadAction","target":["https:\/\/vanderloubet.com.br\/deputado\/governo-lula-amplia-programa-pe-de-meia-para-43-mil-estudantes-em-ms\/"]}]},{"@type":"ImageObject","inLanguage":"pt-BR","@id":"https:\/\/vanderloubet.com.br\/deputado\/governo-lula-amplia-programa-pe-de-meia-para-43-mil-estudantes-em-ms\/#primaryimage","url":"https:\/\/vanderloubet.com.br\/deputado\/wp-content\/uploads\/2024\/11\/foto-2024-11-13-ministro-camilo-pe-de-meia-ms.jpg","contentUrl":"https:\/\/vanderloubet.com.br\/deputado\/wp-content\/uploads\/2024\/11\/foto-2024-11-13-ministro-camilo-pe-de-meia-ms.jpg","width":960,"height":540,"caption":"Governo Lula amplia programa P\u00e9-de-Meia para 43 mil estudantes em MS"},{"@type":"BreadcrumbList","@id":"https:\/\/vanderloubet.com.br\/deputado\/governo-lula-amplia-programa-pe-de-meia-para-43-mil-estudantes-em-ms\/#breadcrumb","itemListElement":[{"@type":"ListItem","position":1,"name":"In\u00edcio","item":"https:\/\/vanderloubet.com.br\/deputado\/"},{"@type":"ListItem","position":2,"name":"Governo Lula amplia programa P\u00e9-de-Meia para 43 mil estudantes em MS"}]},{"@type":"WebSite","@id":"https:\/\/vanderloubet.com.br\/deputado\/#website","url":"https:\/\/vanderloubet.com.br\/deputado\/","name":"Deputado Federal Vander Loubet","description":"O Federal de MS","publisher":{"@id":"https:\/\/vanderloubet.com.br\/deputado\/#organization"},"alternateName":"Deputado Vander","potentialAction":[{"@type":"SearchAction","target":{"@type":"EntryPoint","urlTemplate":"https:\/\/vanderloubet.com.br\/deputado\/?s={search_term_string}"},"query-input":{"@type":"PropertyValueSpecification","valueRequired":true,"valueName":"search_term_string"}}],"inLanguage":"pt-BR"},{"@type":"Organization","@id":"https:\/\/vanderloubet.com.br\/deputado\/#organization","name":"Deputado Federal Vander Loubet","alternateName":"Deputado Vander","url":"https:\/\/vanderloubet.com.br\/deputado\/","logo":{"@type":"ImageObject","inLanguage":"pt-BR","@id":"https:\/\/vanderloubet.com.br\/deputado\/#\/schema\/logo\/image\/","url":"https:\/\/vanderloubet.com.br\/deputado\/wp-content\/uploads\/2023\/06\/foto-2023-06-19-mandato-deputado-vander.jpg","contentUrl":"https:\/\/vanderloubet.com.br\/deputado\/wp-content\/uploads\/2023\/06\/foto-2023-06-19-mandato-deputado-vander.jpg","width":1080,"height":1080,"caption":"Deputado Federal Vander Loubet"},"image":{"@id":"https:\/\/vanderloubet.com.br\/deputado\/#\/schema\/logo\/image\/"},"sameAs":["https:\/\/facebook.com\/deputadovander","https:\/\/x.com\/vanderloubet","https:\/\/instagram.com\/vanderloubet","https:\/\/youtube.com\/vanderloubet","https:\/\/tiktok.com\/@vanderloubetms"]},{"@type":"Person","@id":"https:\/\/vanderloubet.com.br\/deputado\/#\/schema\/person\/15b51bd564532a8a68d9dec1b8eb890e","name":"\u00c9der","image":{"@type":"ImageObject","inLanguage":"pt-BR","@id":"https:\/\/vanderloubet.com.br\/deputado\/wp-content\/litespeed\/avatar\/88ca4090d9d5ab1c9495f6ca03b68efa.jpg?ver=1777058957","url":"https:\/\/vanderloubet.com.br\/deputado\/wp-content\/litespeed\/avatar\/88ca4090d9d5ab1c9495f6ca03b68efa.jpg?ver=1777058957","contentUrl":"https:\/\/vanderloubet.com.br\/deputado\/wp-content\/litespeed\/avatar\/88ca4090d9d5ab1c9495f6ca03b68efa.jpg?ver=1777058957","caption":"\u00c9der"}}]}},"jetpack_featured_media_url":"https:\/\/vanderloubet.com.br\/deputado\/wp-content\/uploads\/2024\/11\/foto-2024-11-13-ministro-camilo-pe-de-meia-ms.jpg","jetpack_sharing_enabled":true,"_links":{"self":[{"href":"https:\/\/vanderloubet.com.br\/deputado\/wp-json\/wp\/v2\/posts\/20171","targetHints":{"allow":["GET"]}}],"collection":[{"href":"https:\/\/vanderloubet.com.br\/deputado\/wp-json\/wp\/v2\/posts"}],"about":[{"href":"https:\/\/vanderloubet.com.br\/deputado\/wp-json\/wp\/v2\/types\/post"}],"author":[{"embeddable":true,"href":"https:\/\/vanderloubet.com.br\/deputado\/wp-json\/wp\/v2\/users\/2"}],"replies":[{"embeddable":true,"href":"https:\/\/vanderloubet.com.br\/deputado\/wp-json\/wp\/v2\/comments?post=20171"}],"version-history":[{"count":0,"href":"https:\/\/vanderloubet.com.br\/deputado\/wp-json\/wp\/v2\/posts\/20171\/revisions"}],"wp:featuredmedia":[{"embeddable":true,"href":"https:\/\/vanderloubet.com.br\/deputado\/wp-json\/wp\/v2\/media\/20172"}],"wp:attachment":[{"href":"https:\/\/vanderloubet.com.br\/deputado\/wp-json\/wp\/v2\/media?parent=20171"}],"wp:term":[{"taxonomy":"category","embeddable":true,"href":"https:\/\/vanderloubet.com.br\/deputado\/wp-json\/wp\/v2\/categories?post=20171"},{"taxonomy":"post_tag","embeddable":true,"href":"https:\/\/vanderloubet.com.br\/deputado\/wp-json\/wp\/v2\/tags?post=20171"}],"curies":[{"name":"wp","href":"https:\/\/api.w.org\/{rel}","templated":true}]}}