{"id":20088,"date":"2024-10-26T11:15:40","date_gmt":"2024-10-26T15:15:40","guid":{"rendered":"https:\/\/vanderloubet.com.br\/deputado\/?p=20088"},"modified":"2024-10-28T08:33:17","modified_gmt":"2024-10-28T12:33:17","slug":"governo-lula-vai-investir-3-5-bilhoes-na-conclusao-da-fabrica-de-fertilizantes-de-tres-lagoas","status":"publish","type":"post","link":"https:\/\/vanderloubet.com.br\/deputado\/governo-lula-vai-investir-3-5-bilhoes-na-conclusao-da-fabrica-de-fertilizantes-de-tres-lagoas\/","title":{"rendered":"Governo Lula vai investir R$ 3,5 bilh\u00f5es na conclus\u00e3o da f\u00e1brica de fertilizantes de Tr\u00eas Lagoas"},"content":{"rendered":"<p>O Governo Federal, por meio da Petrobras, vai investir R$ 3,5 bilh\u00f5es na retomada e conclus\u00e3o da obra da Unidade de Fertilizantes Nitrogenados (UFN-III) em Tr\u00eas Lagoas. A expectativa \u00e9 de que a nova mega f\u00e1brica de Mato Grosso do Sul entre em opera\u00e7\u00e3o em 2028 e tenha capacidade de produ\u00e7\u00e3o de 1,2 milh\u00e3o de toneladas de ureia e 70 mil toneladas de am\u00f4nia por ano.<\/p>\n<p>A f\u00e1brica come\u00e7ou a ser constru\u00edda em 2010 e est\u00e1 parada desde 2015, ap\u00f3s a deflagra\u00e7\u00e3o da Opera\u00e7\u00e3o Lava Jato, que causou a interrup\u00e7\u00e3o de dezenas de empreendimentos e acabou com 4,44 milh\u00f5es de empregos, de acordo com estudos. Prioridade do governo do presidente Lula (PT), a ind\u00fastria promete impulsionar a economia de MS e dever\u00e1 ter um impacto expressivo no Produto Interno Bruto (PIB) estadual.<\/p>\n<p>A continuidade da implanta\u00e7\u00e3o da UFN-III foi aprovada nesta sexta-feira (25) pelo Conselho de Administra\u00e7\u00e3o da Petrobras. A decis\u00e3o \u00e9 fundamentada em criteriosa reavalia\u00e7\u00e3o do projeto que, \u00e0 luz das premissas do Plano Estrat\u00e9gico 2024-2028, teve sua atratividade econ\u00f4mica confirmada para essa fase nos diferentes cen\u00e1rios previstos na sistem\u00e1tica de aprova\u00e7\u00e3o de projetos de investimento da Petrobras, inclusive com VPL (Valor Presente L\u00edquido) positivo no cen\u00e1rio mais desafiador.<\/p>\n<p><img decoding=\"async\" class=\"aligncenter size-large wp-image-20090\" src=\"https:\/\/vanderloubet.com.br\/deputado\/wp-content\/uploads\/2024\/10\/foto-2024-10-26-lula-vander-loubet-700x394.jpg\" alt=\"Governo Lula vai investir R$ 3,5 bilh\u00f5es na conclus\u00e3o da f\u00e1brica de fertilizantes de Tr\u00eas Lagoas\" width=\"696\" height=\"392\" srcset=\"https:\/\/vanderloubet.com.br\/deputado\/wp-content\/uploads\/2024\/10\/foto-2024-10-26-lula-vander-loubet-700x394.jpg 700w, https:\/\/vanderloubet.com.br\/deputado\/wp-content\/uploads\/2024\/10\/foto-2024-10-26-lula-vander-loubet-350x197.jpg 350w, https:\/\/vanderloubet.com.br\/deputado\/wp-content\/uploads\/2024\/10\/foto-2024-10-26-lula-vander-loubet-768x432.jpg 768w, https:\/\/vanderloubet.com.br\/deputado\/wp-content\/uploads\/2024\/10\/foto-2024-10-26-lula-vander-loubet-747x420.jpg 747w, https:\/\/vanderloubet.com.br\/deputado\/wp-content\/uploads\/2024\/10\/foto-2024-10-26-lula-vander-loubet-696x392.jpg 696w, https:\/\/vanderloubet.com.br\/deputado\/wp-content\/uploads\/2024\/10\/foto-2024-10-26-lula-vander-loubet.jpg 960w\" sizes=\"(max-width: 696px) 100vw, 696px\" \/><\/p>\n<p>&#8220;A aprova\u00e7\u00e3o da retomada e conclus\u00e3o da f\u00e1brica de fertilizantes de Tr\u00eas Lagoas \u00e9 uma vit\u00f3ria para o Mato Grosso do Sul e coroa uma luta nossa que come\u00e7ou no in\u00edcio da gest\u00e3o do presidente Lula, quando apresentamos a ele a reivindica\u00e7\u00e3o dessa obra. At\u00e9 porque ela n\u00e3o \u00e9 importante s\u00f3 para nosso estado, \u00e9 estrat\u00e9gica para todo o Brasil, porque vai contribuir para diminuir nossa depend\u00eancia de fertilizantes importados&#8221;, pontua o deputado federal Vander Loubet, que coordenou a bancada de MS no Congresso Nacional at\u00e9 o dia 22 deste m\u00eas e foi um dos principais articuladores pol\u00edticos pela conclus\u00e3o da UFN-III.<\/p>\n<p>O processo de reavalia\u00e7\u00e3o do projeto come\u00e7ou em 2023, no in\u00edcio do governo Lula, em fun\u00e7\u00e3o da aprova\u00e7\u00e3o do retorno da companhia ao segmento de fertilizantes. Com cerca de 80% de constru\u00e7\u00e3o, a obra foi ent\u00e3o inclu\u00edda na nova fase do Programa de Acelera\u00e7\u00e3o do Crescimento (Novo PAC), anunciado em 11 de agosto de 2023 pelo presidente Lula no Rio de Janeiro (RJ).<\/p>\n<pre><em>Texto: Edivaldo Bitencourt\/O Jacar\u00e9<\/em>\r\n<em>Edi\u00e7\u00e3o: \u00c9der F. Yanaguita<\/em>\r\n<em>Fotos: Divulga\u00e7\u00e3o e Ricardo Stuckert<\/em><\/pre>\n","protected":false},"excerpt":{"rendered":"<p>Retomada da UFN-III \u00e9 vit\u00f3ria para MS, pontua o deputado Vander, um dos principais articuladores pol\u00edticos pela conclus\u00e3o da obra.<\/p>\n","protected":false},"author":2,"featured_media":20089,"comment_status":"closed","ping_status":"closed","sticky":false,"template":"","format":"standard","meta":{"jetpack_post_was_ever_published":false,"_jetpack_newsletter_access":"","_jetpack_dont_email_post_to_subs":false,"_jetpack_newsletter_tier_id":0,"_jetpack_memberships_contains_paywalled_content":false,"_jetpack_memberships_contains_paid_content":false,"footnotes":""},"categories":[2099,10],"tags":[2525,1540],"class_list":{"0":"post-20088","1":"post","2":"type-post","3":"status-publish","4":"format-standard","5":"has-post-thumbnail","7":"category-ms-noticias","8":"category-noticias","9":"tag-governo-federal","10":"tag-petrobras"},"yoast_head":"<!-- This site is optimized with the Yoast SEO plugin v27.4 - https:\/\/yoast.com\/product\/yoast-seo-wordpress\/ -->\n<title>Governo Lula vai investir R$ 3,5 bilh\u00f5es na conclus\u00e3o da f\u00e1brica de fertilizantes de Tr\u00eas Lagoas<\/title>\n<meta name=\"description\" content=\"Retomada da UFN-III \u00e9 vit\u00f3ria para MS, pontua o deputado Vander, um dos principais articuladores pol\u00edticos pela conclus\u00e3o da obra.\" \/>\n<meta name=\"robots\" content=\"index, follow, max-snippet:-1, max-image-preview:large, max-video-preview:-1\" \/>\n<link rel=\"canonical\" href=\"https:\/\/vanderloubet.com.br\/deputado\/governo-lula-vai-investir-3-5-bilhoes-na-conclusao-da-fabrica-de-fertilizantes-de-tres-lagoas\/\" \/>\n<meta property=\"og:locale\" content=\"pt_BR\" \/>\n<meta property=\"og:type\" content=\"article\" \/>\n<meta property=\"og:title\" content=\"Governo Lula vai investir R$ 3,5 bilh\u00f5es na conclus\u00e3o da f\u00e1brica de fertilizantes de Tr\u00eas Lagoas\" \/>\n<meta property=\"og:description\" content=\"Retomada da UFN-III \u00e9 vit\u00f3ria para MS, pontua o deputado Vander, um dos principais articuladores pol\u00edticos pela conclus\u00e3o da obra.\" \/>\n<meta property=\"og:url\" content=\"https:\/\/vanderloubet.com.br\/deputado\/governo-lula-vai-investir-3-5-bilhoes-na-conclusao-da-fabrica-de-fertilizantes-de-tres-lagoas\/\" \/>\n<meta property=\"og:site_name\" content=\"Deputado Federal Vander Loubet\" \/>\n<meta property=\"article:publisher\" content=\"https:\/\/facebook.com\/deputadovander\" \/>\n<meta property=\"article:published_time\" content=\"2024-10-26T15:15:40+00:00\" \/>\n<meta property=\"article:modified_time\" content=\"2024-10-28T12:33:17+00:00\" \/>\n<meta property=\"og:image\" content=\"https:\/\/vanderloubet.com.br\/deputado\/wp-content\/uploads\/2024\/10\/foto-2024-10-26-fabrica-fertilizantes-tres-lagoas.jpg\" \/>\n\t<meta property=\"og:image:width\" content=\"960\" \/>\n\t<meta property=\"og:image:height\" content=\"540\" \/>\n\t<meta property=\"og:image:type\" content=\"image\/jpeg\" \/>\n<meta name=\"author\" content=\"\u00c9der\" \/>\n<meta name=\"twitter:card\" content=\"summary_large_image\" \/>\n<meta name=\"twitter:creator\" content=\"@vanderloubet\" \/>\n<meta name=\"twitter:site\" content=\"@vanderloubet\" \/>\n<script type=\"application\/ld+json\" class=\"yoast-schema-graph\">{\"@context\":\"https:\\\/\\\/schema.org\",\"@graph\":[{\"@type\":\"Article\",\"@id\":\"https:\\\/\\\/vanderloubet.com.br\\\/deputado\\\/governo-lula-vai-investir-3-5-bilhoes-na-conclusao-da-fabrica-de-fertilizantes-de-tres-lagoas\\\/#article\",\"isPartOf\":{\"@id\":\"https:\\\/\\\/vanderloubet.com.br\\\/deputado\\\/governo-lula-vai-investir-3-5-bilhoes-na-conclusao-da-fabrica-de-fertilizantes-de-tres-lagoas\\\/\"},\"author\":{\"name\":\"\u00c9der\",\"@id\":\"https:\\\/\\\/vanderloubet.com.br\\\/deputado\\\/#\\\/schema\\\/person\\\/15b51bd564532a8a68d9dec1b8eb890e\"},\"headline\":\"Governo Lula vai investir R$ 3,5 bilh\u00f5es na conclus\u00e3o da f\u00e1brica de fertilizantes de Tr\u00eas Lagoas\",\"datePublished\":\"2024-10-26T15:15:40+00:00\",\"dateModified\":\"2024-10-28T12:33:17+00:00\",\"mainEntityOfPage\":{\"@id\":\"https:\\\/\\\/vanderloubet.com.br\\\/deputado\\\/governo-lula-vai-investir-3-5-bilhoes-na-conclusao-da-fabrica-de-fertilizantes-de-tres-lagoas\\\/\"},\"wordCount\":417,\"publisher\":{\"@id\":\"https:\\\/\\\/vanderloubet.com.br\\\/deputado\\\/#organization\"},\"image\":{\"@id\":\"https:\\\/\\\/vanderloubet.com.br\\\/deputado\\\/governo-lula-vai-investir-3-5-bilhoes-na-conclusao-da-fabrica-de-fertilizantes-de-tres-lagoas\\\/#primaryimage\"},\"thumbnailUrl\":\"https:\\\/\\\/vanderloubet.com.br\\\/deputado\\\/wp-content\\\/uploads\\\/2024\\\/10\\\/foto-2024-10-26-fabrica-fertilizantes-tres-lagoas.jpg\",\"keywords\":[\"governo federal\",\"petrobras\"],\"articleSection\":[\"Mato Grosso do Sul\",\"Not\u00edcias\"],\"inLanguage\":\"pt-BR\"},{\"@type\":\"WebPage\",\"@id\":\"https:\\\/\\\/vanderloubet.com.br\\\/deputado\\\/governo-lula-vai-investir-3-5-bilhoes-na-conclusao-da-fabrica-de-fertilizantes-de-tres-lagoas\\\/\",\"url\":\"https:\\\/\\\/vanderloubet.com.br\\\/deputado\\\/governo-lula-vai-investir-3-5-bilhoes-na-conclusao-da-fabrica-de-fertilizantes-de-tres-lagoas\\\/\",\"name\":\"Governo Lula vai investir R$ 3,5 bilh\u00f5es na conclus\u00e3o da f\u00e1brica de fertilizantes de Tr\u00eas Lagoas\",\"isPartOf\":{\"@id\":\"https:\\\/\\\/vanderloubet.com.br\\\/deputado\\\/#website\"},\"primaryImageOfPage\":{\"@id\":\"https:\\\/\\\/vanderloubet.com.br\\\/deputado\\\/governo-lula-vai-investir-3-5-bilhoes-na-conclusao-da-fabrica-de-fertilizantes-de-tres-lagoas\\\/#primaryimage\"},\"image\":{\"@id\":\"https:\\\/\\\/vanderloubet.com.br\\\/deputado\\\/governo-lula-vai-investir-3-5-bilhoes-na-conclusao-da-fabrica-de-fertilizantes-de-tres-lagoas\\\/#primaryimage\"},\"thumbnailUrl\":\"https:\\\/\\\/vanderloubet.com.br\\\/deputado\\\/wp-content\\\/uploads\\\/2024\\\/10\\\/foto-2024-10-26-fabrica-fertilizantes-tres-lagoas.jpg\",\"datePublished\":\"2024-10-26T15:15:40+00:00\",\"dateModified\":\"2024-10-28T12:33:17+00:00\",\"description\":\"Retomada da UFN-III \u00e9 vit\u00f3ria para MS, pontua o deputado Vander, um dos principais articuladores pol\u00edticos pela conclus\u00e3o da obra.\",\"breadcrumb\":{\"@id\":\"https:\\\/\\\/vanderloubet.com.br\\\/deputado\\\/governo-lula-vai-investir-3-5-bilhoes-na-conclusao-da-fabrica-de-fertilizantes-de-tres-lagoas\\\/#breadcrumb\"},\"inLanguage\":\"pt-BR\",\"potentialAction\":[{\"@type\":\"ReadAction\",\"target\":[\"https:\\\/\\\/vanderloubet.com.br\\\/deputado\\\/governo-lula-vai-investir-3-5-bilhoes-na-conclusao-da-fabrica-de-fertilizantes-de-tres-lagoas\\\/\"]}]},{\"@type\":\"ImageObject\",\"inLanguage\":\"pt-BR\",\"@id\":\"https:\\\/\\\/vanderloubet.com.br\\\/deputado\\\/governo-lula-vai-investir-3-5-bilhoes-na-conclusao-da-fabrica-de-fertilizantes-de-tres-lagoas\\\/#primaryimage\",\"url\":\"https:\\\/\\\/vanderloubet.com.br\\\/deputado\\\/wp-content\\\/uploads\\\/2024\\\/10\\\/foto-2024-10-26-fabrica-fertilizantes-tres-lagoas.jpg\",\"contentUrl\":\"https:\\\/\\\/vanderloubet.com.br\\\/deputado\\\/wp-content\\\/uploads\\\/2024\\\/10\\\/foto-2024-10-26-fabrica-fertilizantes-tres-lagoas.jpg\",\"width\":960,\"height\":540,\"caption\":\"Governo Lula vai investir R$ 3,5 bilh\u00f5es na conclus\u00e3o da f\u00e1brica de fertilizantes de Tr\u00eas Lagoas\"},{\"@type\":\"BreadcrumbList\",\"@id\":\"https:\\\/\\\/vanderloubet.com.br\\\/deputado\\\/governo-lula-vai-investir-3-5-bilhoes-na-conclusao-da-fabrica-de-fertilizantes-de-tres-lagoas\\\/#breadcrumb\",\"itemListElement\":[{\"@type\":\"ListItem\",\"position\":1,\"name\":\"In\u00edcio\",\"item\":\"https:\\\/\\\/vanderloubet.com.br\\\/deputado\\\/\"},{\"@type\":\"ListItem\",\"position\":2,\"name\":\"Governo Lula vai investir R$ 3,5 bilh\u00f5es na conclus\u00e3o da f\u00e1brica de fertilizantes de Tr\u00eas Lagoas\"}]},{\"@type\":\"WebSite\",\"@id\":\"https:\\\/\\\/vanderloubet.com.br\\\/deputado\\\/#website\",\"url\":\"https:\\\/\\\/vanderloubet.com.br\\\/deputado\\\/\",\"name\":\"Deputado Federal Vander Loubet\",\"description\":\"O Federal de MS\",\"publisher\":{\"@id\":\"https:\\\/\\\/vanderloubet.com.br\\\/deputado\\\/#organization\"},\"alternateName\":\"Deputado Vander\",\"potentialAction\":[{\"@type\":\"SearchAction\",\"target\":{\"@type\":\"EntryPoint\",\"urlTemplate\":\"https:\\\/\\\/vanderloubet.com.br\\\/deputado\\\/?s={search_term_string}\"},\"query-input\":{\"@type\":\"PropertyValueSpecification\",\"valueRequired\":true,\"valueName\":\"search_term_string\"}}],\"inLanguage\":\"pt-BR\"},{\"@type\":\"Organization\",\"@id\":\"https:\\\/\\\/vanderloubet.com.br\\\/deputado\\\/#organization\",\"name\":\"Deputado Federal Vander Loubet\",\"alternateName\":\"Deputado Vander\",\"url\":\"https:\\\/\\\/vanderloubet.com.br\\\/deputado\\\/\",\"logo\":{\"@type\":\"ImageObject\",\"inLanguage\":\"pt-BR\",\"@id\":\"https:\\\/\\\/vanderloubet.com.br\\\/deputado\\\/#\\\/schema\\\/logo\\\/image\\\/\",\"url\":\"https:\\\/\\\/vanderloubet.com.br\\\/deputado\\\/wp-content\\\/uploads\\\/2023\\\/06\\\/foto-2023-06-19-mandato-deputado-vander.jpg\",\"contentUrl\":\"https:\\\/\\\/vanderloubet.com.br\\\/deputado\\\/wp-content\\\/uploads\\\/2023\\\/06\\\/foto-2023-06-19-mandato-deputado-vander.jpg\",\"width\":1080,\"height\":1080,\"caption\":\"Deputado Federal Vander Loubet\"},\"image\":{\"@id\":\"https:\\\/\\\/vanderloubet.com.br\\\/deputado\\\/#\\\/schema\\\/logo\\\/image\\\/\"},\"sameAs\":[\"https:\\\/\\\/facebook.com\\\/deputadovander\",\"https:\\\/\\\/x.com\\\/vanderloubet\",\"https:\\\/\\\/instagram.com\\\/vanderloubet\",\"https:\\\/\\\/youtube.com\\\/vanderloubet\",\"https:\\\/\\\/tiktok.com\\\/@vanderloubetms\"]},{\"@type\":\"Person\",\"@id\":\"https:\\\/\\\/vanderloubet.com.br\\\/deputado\\\/#\\\/schema\\\/person\\\/15b51bd564532a8a68d9dec1b8eb890e\",\"name\":\"\u00c9der\",\"image\":{\"@type\":\"ImageObject\",\"inLanguage\":\"pt-BR\",\"@id\":\"https:\\\/\\\/vanderloubet.com.br\\\/deputado\\\/wp-content\\\/litespeed\\\/avatar\\\/88ca4090d9d5ab1c9495f6ca03b68efa.jpg?ver=1777058957\",\"url\":\"https:\\\/\\\/vanderloubet.com.br\\\/deputado\\\/wp-content\\\/litespeed\\\/avatar\\\/88ca4090d9d5ab1c9495f6ca03b68efa.jpg?ver=1777058957\",\"contentUrl\":\"https:\\\/\\\/vanderloubet.com.br\\\/deputado\\\/wp-content\\\/litespeed\\\/avatar\\\/88ca4090d9d5ab1c9495f6ca03b68efa.jpg?ver=1777058957\",\"caption\":\"\u00c9der\"}}]}<\/script>\n<!-- \/ Yoast SEO plugin. -->","yoast_head_json":{"title":"Governo Lula vai investir R$ 3,5 bilh\u00f5es na conclus\u00e3o da f\u00e1brica de fertilizantes de Tr\u00eas Lagoas","description":"Retomada da UFN-III \u00e9 vit\u00f3ria para MS, pontua o deputado Vander, um dos principais articuladores pol\u00edticos pela conclus\u00e3o da obra.","robots":{"index":"index","follow":"follow","max-snippet":"max-snippet:-1","max-image-preview":"max-image-preview:large","max-video-preview":"max-video-preview:-1"},"canonical":"https:\/\/vanderloubet.com.br\/deputado\/governo-lula-vai-investir-3-5-bilhoes-na-conclusao-da-fabrica-de-fertilizantes-de-tres-lagoas\/","og_locale":"pt_BR","og_type":"article","og_title":"Governo Lula vai investir R$ 3,5 bilh\u00f5es na conclus\u00e3o da f\u00e1brica de fertilizantes de Tr\u00eas Lagoas","og_description":"Retomada da UFN-III \u00e9 vit\u00f3ria para MS, pontua o deputado Vander, um dos principais articuladores pol\u00edticos pela conclus\u00e3o da obra.","og_url":"https:\/\/vanderloubet.com.br\/deputado\/governo-lula-vai-investir-3-5-bilhoes-na-conclusao-da-fabrica-de-fertilizantes-de-tres-lagoas\/","og_site_name":"Deputado Federal Vander Loubet","article_publisher":"https:\/\/facebook.com\/deputadovander","article_published_time":"2024-10-26T15:15:40+00:00","article_modified_time":"2024-10-28T12:33:17+00:00","og_image":[{"width":960,"height":540,"url":"https:\/\/vanderloubet.com.br\/deputado\/wp-content\/uploads\/2024\/10\/foto-2024-10-26-fabrica-fertilizantes-tres-lagoas.jpg","type":"image\/jpeg"}],"author":"\u00c9der","twitter_card":"summary_large_image","twitter_creator":"@vanderloubet","twitter_site":"@vanderloubet","schema":{"@context":"https:\/\/schema.org","@graph":[{"@type":"Article","@id":"https:\/\/vanderloubet.com.br\/deputado\/governo-lula-vai-investir-3-5-bilhoes-na-conclusao-da-fabrica-de-fertilizantes-de-tres-lagoas\/#article","isPartOf":{"@id":"https:\/\/vanderloubet.com.br\/deputado\/governo-lula-vai-investir-3-5-bilhoes-na-conclusao-da-fabrica-de-fertilizantes-de-tres-lagoas\/"},"author":{"name":"\u00c9der","@id":"https:\/\/vanderloubet.com.br\/deputado\/#\/schema\/person\/15b51bd564532a8a68d9dec1b8eb890e"},"headline":"Governo Lula vai investir R$ 3,5 bilh\u00f5es na conclus\u00e3o da f\u00e1brica de fertilizantes de Tr\u00eas Lagoas","datePublished":"2024-10-26T15:15:40+00:00","dateModified":"2024-10-28T12:33:17+00:00","mainEntityOfPage":{"@id":"https:\/\/vanderloubet.com.br\/deputado\/governo-lula-vai-investir-3-5-bilhoes-na-conclusao-da-fabrica-de-fertilizantes-de-tres-lagoas\/"},"wordCount":417,"publisher":{"@id":"https:\/\/vanderloubet.com.br\/deputado\/#organization"},"image":{"@id":"https:\/\/vanderloubet.com.br\/deputado\/governo-lula-vai-investir-3-5-bilhoes-na-conclusao-da-fabrica-de-fertilizantes-de-tres-lagoas\/#primaryimage"},"thumbnailUrl":"https:\/\/vanderloubet.com.br\/deputado\/wp-content\/uploads\/2024\/10\/foto-2024-10-26-fabrica-fertilizantes-tres-lagoas.jpg","keywords":["governo federal","petrobras"],"articleSection":["Mato Grosso do Sul","Not\u00edcias"],"inLanguage":"pt-BR"},{"@type":"WebPage","@id":"https:\/\/vanderloubet.com.br\/deputado\/governo-lula-vai-investir-3-5-bilhoes-na-conclusao-da-fabrica-de-fertilizantes-de-tres-lagoas\/","url":"https:\/\/vanderloubet.com.br\/deputado\/governo-lula-vai-investir-3-5-bilhoes-na-conclusao-da-fabrica-de-fertilizantes-de-tres-lagoas\/","name":"Governo Lula vai investir R$ 3,5 bilh\u00f5es na conclus\u00e3o da f\u00e1brica de fertilizantes de Tr\u00eas Lagoas","isPartOf":{"@id":"https:\/\/vanderloubet.com.br\/deputado\/#website"},"primaryImageOfPage":{"@id":"https:\/\/vanderloubet.com.br\/deputado\/governo-lula-vai-investir-3-5-bilhoes-na-conclusao-da-fabrica-de-fertilizantes-de-tres-lagoas\/#primaryimage"},"image":{"@id":"https:\/\/vanderloubet.com.br\/deputado\/governo-lula-vai-investir-3-5-bilhoes-na-conclusao-da-fabrica-de-fertilizantes-de-tres-lagoas\/#primaryimage"},"thumbnailUrl":"https:\/\/vanderloubet.com.br\/deputado\/wp-content\/uploads\/2024\/10\/foto-2024-10-26-fabrica-fertilizantes-tres-lagoas.jpg","datePublished":"2024-10-26T15:15:40+00:00","dateModified":"2024-10-28T12:33:17+00:00","description":"Retomada da UFN-III \u00e9 vit\u00f3ria para MS, pontua o deputado Vander, um dos principais articuladores pol\u00edticos pela conclus\u00e3o da obra.","breadcrumb":{"@id":"https:\/\/vanderloubet.com.br\/deputado\/governo-lula-vai-investir-3-5-bilhoes-na-conclusao-da-fabrica-de-fertilizantes-de-tres-lagoas\/#breadcrumb"},"inLanguage":"pt-BR","potentialAction":[{"@type":"ReadAction","target":["https:\/\/vanderloubet.com.br\/deputado\/governo-lula-vai-investir-3-5-bilhoes-na-conclusao-da-fabrica-de-fertilizantes-de-tres-lagoas\/"]}]},{"@type":"ImageObject","inLanguage":"pt-BR","@id":"https:\/\/vanderloubet.com.br\/deputado\/governo-lula-vai-investir-3-5-bilhoes-na-conclusao-da-fabrica-de-fertilizantes-de-tres-lagoas\/#primaryimage","url":"https:\/\/vanderloubet.com.br\/deputado\/wp-content\/uploads\/2024\/10\/foto-2024-10-26-fabrica-fertilizantes-tres-lagoas.jpg","contentUrl":"https:\/\/vanderloubet.com.br\/deputado\/wp-content\/uploads\/2024\/10\/foto-2024-10-26-fabrica-fertilizantes-tres-lagoas.jpg","width":960,"height":540,"caption":"Governo Lula vai investir R$ 3,5 bilh\u00f5es na conclus\u00e3o da f\u00e1brica de fertilizantes de Tr\u00eas Lagoas"},{"@type":"BreadcrumbList","@id":"https:\/\/vanderloubet.com.br\/deputado\/governo-lula-vai-investir-3-5-bilhoes-na-conclusao-da-fabrica-de-fertilizantes-de-tres-lagoas\/#breadcrumb","itemListElement":[{"@type":"ListItem","position":1,"name":"In\u00edcio","item":"https:\/\/vanderloubet.com.br\/deputado\/"},{"@type":"ListItem","position":2,"name":"Governo Lula vai investir R$ 3,5 bilh\u00f5es na conclus\u00e3o da f\u00e1brica de fertilizantes de Tr\u00eas Lagoas"}]},{"@type":"WebSite","@id":"https:\/\/vanderloubet.com.br\/deputado\/#website","url":"https:\/\/vanderloubet.com.br\/deputado\/","name":"Deputado Federal Vander Loubet","description":"O Federal de MS","publisher":{"@id":"https:\/\/vanderloubet.com.br\/deputado\/#organization"},"alternateName":"Deputado Vander","potentialAction":[{"@type":"SearchAction","target":{"@type":"EntryPoint","urlTemplate":"https:\/\/vanderloubet.com.br\/deputado\/?s={search_term_string}"},"query-input":{"@type":"PropertyValueSpecification","valueRequired":true,"valueName":"search_term_string"}}],"inLanguage":"pt-BR"},{"@type":"Organization","@id":"https:\/\/vanderloubet.com.br\/deputado\/#organization","name":"Deputado Federal Vander Loubet","alternateName":"Deputado Vander","url":"https:\/\/vanderloubet.com.br\/deputado\/","logo":{"@type":"ImageObject","inLanguage":"pt-BR","@id":"https:\/\/vanderloubet.com.br\/deputado\/#\/schema\/logo\/image\/","url":"https:\/\/vanderloubet.com.br\/deputado\/wp-content\/uploads\/2023\/06\/foto-2023-06-19-mandato-deputado-vander.jpg","contentUrl":"https:\/\/vanderloubet.com.br\/deputado\/wp-content\/uploads\/2023\/06\/foto-2023-06-19-mandato-deputado-vander.jpg","width":1080,"height":1080,"caption":"Deputado Federal Vander Loubet"},"image":{"@id":"https:\/\/vanderloubet.com.br\/deputado\/#\/schema\/logo\/image\/"},"sameAs":["https:\/\/facebook.com\/deputadovander","https:\/\/x.com\/vanderloubet","https:\/\/instagram.com\/vanderloubet","https:\/\/youtube.com\/vanderloubet","https:\/\/tiktok.com\/@vanderloubetms"]},{"@type":"Person","@id":"https:\/\/vanderloubet.com.br\/deputado\/#\/schema\/person\/15b51bd564532a8a68d9dec1b8eb890e","name":"\u00c9der","image":{"@type":"ImageObject","inLanguage":"pt-BR","@id":"https:\/\/vanderloubet.com.br\/deputado\/wp-content\/litespeed\/avatar\/88ca4090d9d5ab1c9495f6ca03b68efa.jpg?ver=1777058957","url":"https:\/\/vanderloubet.com.br\/deputado\/wp-content\/litespeed\/avatar\/88ca4090d9d5ab1c9495f6ca03b68efa.jpg?ver=1777058957","contentUrl":"https:\/\/vanderloubet.com.br\/deputado\/wp-content\/litespeed\/avatar\/88ca4090d9d5ab1c9495f6ca03b68efa.jpg?ver=1777058957","caption":"\u00c9der"}}]}},"jetpack_featured_media_url":"https:\/\/vanderloubet.com.br\/deputado\/wp-content\/uploads\/2024\/10\/foto-2024-10-26-fabrica-fertilizantes-tres-lagoas.jpg","jetpack_sharing_enabled":true,"_links":{"self":[{"href":"https:\/\/vanderloubet.com.br\/deputado\/wp-json\/wp\/v2\/posts\/20088","targetHints":{"allow":["GET"]}}],"collection":[{"href":"https:\/\/vanderloubet.com.br\/deputado\/wp-json\/wp\/v2\/posts"}],"about":[{"href":"https:\/\/vanderloubet.com.br\/deputado\/wp-json\/wp\/v2\/types\/post"}],"author":[{"embeddable":true,"href":"https:\/\/vanderloubet.com.br\/deputado\/wp-json\/wp\/v2\/users\/2"}],"replies":[{"embeddable":true,"href":"https:\/\/vanderloubet.com.br\/deputado\/wp-json\/wp\/v2\/comments?post=20088"}],"version-history":[{"count":0,"href":"https:\/\/vanderloubet.com.br\/deputado\/wp-json\/wp\/v2\/posts\/20088\/revisions"}],"wp:featuredmedia":[{"embeddable":true,"href":"https:\/\/vanderloubet.com.br\/deputado\/wp-json\/wp\/v2\/media\/20089"}],"wp:attachment":[{"href":"https:\/\/vanderloubet.com.br\/deputado\/wp-json\/wp\/v2\/media?parent=20088"}],"wp:term":[{"taxonomy":"category","embeddable":true,"href":"https:\/\/vanderloubet.com.br\/deputado\/wp-json\/wp\/v2\/categories?post=20088"},{"taxonomy":"post_tag","embeddable":true,"href":"https:\/\/vanderloubet.com.br\/deputado\/wp-json\/wp\/v2\/tags?post=20088"}],"curies":[{"name":"wp","href":"https:\/\/api.w.org\/{rel}","templated":true}]}}