{"id":20065,"date":"2024-10-21T17:35:39","date_gmt":"2024-10-21T21:35:39","guid":{"rendered":"https:\/\/vanderloubet.com.br\/deputado\/?p=20065"},"modified":"2024-10-22T11:24:22","modified_gmt":"2024-10-22T15:24:22","slug":"parceria-de-vander-com-uems-garante-estufas-para-comunidade-quilombola-em-maracaju","status":"publish","type":"post","link":"https:\/\/vanderloubet.com.br\/deputado\/parceria-de-vander-com-uems-garante-estufas-para-comunidade-quilombola-em-maracaju\/","title":{"rendered":"Parceria de Vander com Uems garante estufas para comunidade quilombola em Maracaju"},"content":{"rendered":"<p>Na \u00faltima sexta-feira (18), a Universidade Estadual de Mato Grosso do Sul (Uems) entregou duas estufas \u00e0 Associa\u00e7\u00e3o da Comunidade Negra Rural Quilombola de S\u00e3o Miguel, em Maracaju.<\/p>\n<p>A a\u00e7\u00e3o foi poss\u00edvel gra\u00e7as a uma parceria envolvendo o deputado federal Vander Loubet, a Itaipu Binacional, o Governo do Estado, a Prefeitura de Maracaju, a C\u00e2mara Municipal de Maracaju e as Unidades da Uems de Mundo Novo e Maracaju.<\/p>\n<p>O recurso viabilizado pelo deputado Vander junto \u00e0 Itaipu, no valor de R$ 99.326,00, possibilitou a aquisi\u00e7\u00e3o e implanta\u00e7\u00e3o de duas estufas agr\u00edcolas, sendo uma de 70 metros quadrados, hidrop\u00f4nica, e outra de 378 metros quadrados para cultivo no solo de legumes, como pepino, tomate, couve-flor e piment\u00e3o. O investimento beneficiar\u00e1 60 fam\u00edlias, totalizando cerca de 300 pessoas que fazem parte da Comunidade, e tamb\u00e9m atender\u00e1 a merenda escolar do munic\u00edpio de Maracaju e de Nioaque por meio do Programa de Aquisi\u00e7\u00e3o de Alimentos (PAA) e pelo Plano Nacional de Alimenta\u00e7\u00e3o Escolar (PNAE).<\/p>\n<p>Para o deputado Vander, \u00e9 sempre uma satisfa\u00e7\u00e3o construir parcerias com a Uems.<\/p>\n<p>&#8220;\u00c9 fundamental esse apoio a projetos que aproximem o conhecimento gerado na academia com as demandas da popula\u00e7\u00e3o. \u00c9 o caso desse projeto das estufas. Os quilombolas de S\u00e3o Miguel v\u00e3o poder produzir contando com o apoio e a experi\u00eancia da Uems, ao mesmo tempo em que proporcionam um espa\u00e7o de aprendizado para os acad\u00eamicos. O reitor La\u00e9rcio, o professor Leandro e toda a equipe envolvida merecem nossos parab\u00e9ns&#8221;, destacou o parlamentar, coordenador da bancada federal de MS.<\/p>\n<p>O reitor da Uems, La\u00e9rcio Alves de Carvalho, destacou que este foi um momento de grande emo\u00e7\u00e3o e que demonstra a lideran\u00e7a da Universidade em projetos que visem utilizar todo o potencial de uma comunidade tradicional.<\/p>\n<p>\u201cEsta comunidade j\u00e1 produz mais de 80% de alimentos para a merenda escolar e a entrega destas estufas ir\u00e1 proporcionar uma transforma\u00e7\u00e3o na comunidade, um potencial de amplia\u00e7\u00e3o de alimentos, n\u00e3o s\u00f3 para a merenda escolar do munic\u00edpio, mas tamb\u00e9m para comercializa\u00e7\u00e3o e gera\u00e7\u00e3o de renda. Tamb\u00e9m ser\u00e1 importante para os nossos alunos, como uma forma de viv\u00eancia, est\u00e1gios, aprendizagens, capacita\u00e7\u00f5es para a produ\u00e7\u00e3o de alimentos. A Uems fica honrada de participar deste momento t\u00e3o especial, em especial para a nossa querida comunidade quilombola de S\u00e3o Miguel, na pessoa do presidente Jaime Gabriel de Souza Flores\u201d, disse o reitor.<\/p>\n<p>Sob lideran\u00e7a do gerente da Unidade de Mundo Novo, Leandro Marra, o projeto surgiu de uma imers\u00e3o t\u00e9cnica que a Uems fez com todos os professores da \u00e1rea de Ci\u00eancias Agr\u00e1rias da Universidade no quilombo, onde detectaram que havia um gargalo para produ\u00e7\u00e3o de hortali\u00e7as, pois o quilombo \u00e9 uma &#8220;ilha&#8221; no meio de grandes propriedades rurais e acaba recebendo agrot\u00f3xicos que destru\u00edam a produ\u00e7\u00e3o local de hortali\u00e7as.<\/p>\n<p>&#8220;Eles s\u00e3o fornecedores de alimentos para merenda escolar pelo PAA e pelo PNAE, mas em determinada \u00e9poca do ano eles ficavam um pouco sem essa produ\u00e7\u00e3o. Ent\u00e3o, percebendo isso, o reitor fez um compromisso de viabilizar uma estufa para a produ\u00e7\u00e3o de hortali\u00e7as no solo. Agora a comunidade ir\u00e1 conseguir produzir na entressafra, que \u00e9 aquele per\u00edodo que chove demais, v\u00e3o conseguir entregar com uma frequ\u00eancia constante para as escolas um produto de melhor qualidade. Eles t\u00eam um potencial enorme de aumentar, triplicar, quadruplicar a produ\u00e7\u00e3o deles com estas estufas&#8221;, pontuou Marra.<\/p>\n<p>O docente ressalta que a Uems foi ao encontro das demandas da sociedade e isso foi possibilitado pela gest\u00e3o do presidente Luiz In\u00e1cio Lula da Silva, com apoio do diretor-geral brasileiro da Itaipu, Enio Verri, e do deputado Vander Loubet.<\/p>\n<p>&#8220;Com a expans\u00e3o da atua\u00e7\u00e3o da Itaipu em MS, a partir de 2023, em uma a\u00e7\u00e3o capitaneada pelo deputado Vander, passamos de um para 35 munic\u00edpios atendidos pela binacional, o que possibilitou o patroc\u00ednio para esse projeto das estufas. Conseguimos entregar tr\u00eas vezes mais do que aquilo que o reitor tinha se comprometido&#8221;, destaca Leandro Marra, cuja equipe escreveu o projeto das estufas ap\u00f3s a confirma\u00e7\u00e3o de Vander de que conseguiria os recursos pela Itaipu.<\/p>\n<p>O gerente da Unidade da Uems em Maracaju, Alex Sandro Richter Won Muhlen, ressaltou que a Universidade est\u00e1 fazendo parte de uma entrega de primeiro mundo, pois tratam-se de estufas irrigadas e automatizadas.<\/p>\n<p>&#8220;\u00c9 a Uems se aproximando da comunidade cada vez mais, principalmente com rela\u00e7\u00e3o \u00e0 extens\u00e3o, porque vai ser um campo que a gente abre para atua\u00e7\u00e3o dos alunos do curso de agronomia. J\u00e1 tem grupos de alunos do Turismo de Dourados que est\u00e3o trabalhando com eles, que tem potencial de ecoturismo tamb\u00e9m, tem algumas cachoeiras na propriedade que eles est\u00e3o viabilizando explorar em forma de turismo, o pessoal da pedagogia tamb\u00e9m tem feito trabalhos com eles, ent\u00e3o a gente est\u00e1 bem pr\u00f3ximo deles\u201d, concluiu o docente.<\/p>\n\r\n                <style type=\"text\/css\">\r\n                    \r\n                    #tdi_1  .td-doubleSlider-2 .td-item1 {\r\n                        background: url(https:\/\/vanderloubet.com.br\/deputado\/wp-content\/uploads\/2024\/10\/foto-2024-10-21-estufas-quilombo-maracaju-01-80x60.jpg) 0 0 no-repeat;\r\n                    }\r\n                    #tdi_1  .td-doubleSlider-2 .td-item2 {\r\n                        background: url(https:\/\/vanderloubet.com.br\/deputado\/wp-content\/uploads\/2024\/10\/foto-2024-10-21-estufas-quilombo-maracaju-02-80x60.jpg) 0 0 no-repeat;\r\n                    }\r\n                    #tdi_1  .td-doubleSlider-2 .td-item3 {\r\n                        background: url(https:\/\/vanderloubet.com.br\/deputado\/wp-content\/uploads\/2024\/10\/foto-2024-10-21-estufas-quilombo-maracaju-03-80x60.jpg) 0 0 no-repeat;\r\n                    }\r\n                    #tdi_1  .td-doubleSlider-2 .td-item4 {\r\n                        background: url(https:\/\/vanderloubet.com.br\/deputado\/wp-content\/uploads\/2024\/10\/foto-2024-10-21-estufas-quilombo-maracaju-04-80x60.jpg) 0 0 no-repeat;\r\n                    }\r\n                <\/style>\r\n\r\n                <div id=\"tdi_1\" class=\"td-gallery td-slide-on-2-columns\">\r\n                    <div class=\"post_td_gallery\">\r\n                        <div class=\"td-gallery-slide-top\">\r\n                           <div class=\"td-gallery-title\"><\/div>\r\n\r\n                            <div class=\"td-gallery-controls-wrapper\">\r\n                                <div class=\"td-gallery-slide-count\"><span class=\"td-gallery-slide-item-focus\">1<\/span> de 4<\/div>\r\n                                <div class=\"td-gallery-slide-prev-next-but\">\r\n                                    <i class = \"td-icon-left doubleSliderPrevButton\"><\/i>\r\n                                    <i class = \"td-icon-right doubleSliderNextButton\"><\/i>\r\n                                <\/div>\r\n                            <\/div>\r\n                        <\/div>\r\n\r\n                        <div class = \"td-doubleSlider-1 \">\r\n                            <div class = \"td-slider\">\r\n                                \r\n                    <div class = \"td-slide-item td-item1\">\r\n                        <figure class=\"td-slide-galery-figure td-slide-popup-gallery\">\r\n                            <a class=\"slide-gallery-image-link\" href=\"https:\/\/vanderloubet.com.br\/deputado\/wp-content\/uploads\/2024\/10\/foto-2024-10-21-estufas-quilombo-maracaju-01.jpg\" title=\"Parceria de Vander com Uems garante estufas para comunidade quilombola em Maracaju\"  data-caption=\"\"  data-description=\"Parceria de Vander com Uems garante estufas para comunidade quilombola em Maracaju\">\r\n                                <img decoding=\"async\" src=\"https:\/\/vanderloubet.com.br\/deputado\/wp-content\/uploads\/2024\/10\/foto-2024-10-21-estufas-quilombo-maracaju-01-630x420.jpg\" srcset=\"https:\/\/vanderloubet.com.br\/deputado\/wp-content\/uploads\/2024\/10\/foto-2024-10-21-estufas-quilombo-maracaju-01-630x420.jpg 630w, https:\/\/vanderloubet.com.br\/deputado\/wp-content\/uploads\/2024\/10\/foto-2024-10-21-estufas-quilombo-maracaju-01-350x233.jpg 350w, https:\/\/vanderloubet.com.br\/deputado\/wp-content\/uploads\/2024\/10\/foto-2024-10-21-estufas-quilombo-maracaju-01-768x512.jpg 768w, https:\/\/vanderloubet.com.br\/deputado\/wp-content\/uploads\/2024\/10\/foto-2024-10-21-estufas-quilombo-maracaju-01-700x467.jpg 700w, https:\/\/vanderloubet.com.br\/deputado\/wp-content\/uploads\/2024\/10\/foto-2024-10-21-estufas-quilombo-maracaju-01-696x464.jpg 696w, https:\/\/vanderloubet.com.br\/deputado\/wp-content\/uploads\/2024\/10\/foto-2024-10-21-estufas-quilombo-maracaju-01.jpg 900w\" sizes=\"(max-width: 630px) 100vw, 630px\" alt=\"Parceria de Vander com Uems garante estufas para comunidade quilombola em Maracaju\">\r\n                            <\/a>\r\n                            <figcaption class = \"td-slide-caption td-gallery-slide-content\"><span>Parceria de Vander com Uems garante estufas para comunidade quilombola em Maracaju<\/span><\/figcaption>\r\n                        <\/figure>\r\n                    <\/div>\r\n                    <div class = \"td-slide-item td-item2\">\r\n                        <figure class=\"td-slide-galery-figure td-slide-popup-gallery\">\r\n                            <a class=\"slide-gallery-image-link\" href=\"https:\/\/vanderloubet.com.br\/deputado\/wp-content\/uploads\/2024\/10\/foto-2024-10-21-estufas-quilombo-maracaju-02.jpg\" title=\"Parceria de Vander com Uems garante estufas para comunidade quilombola em Maracaju\"  data-caption=\"\"  data-description=\"Parceria de Vander com Uems garante estufas para comunidade quilombola em Maracaju\">\r\n                                <img decoding=\"async\" src=\"https:\/\/vanderloubet.com.br\/deputado\/wp-content\/uploads\/2024\/10\/foto-2024-10-21-estufas-quilombo-maracaju-02-630x420.jpg\" srcset=\"https:\/\/vanderloubet.com.br\/deputado\/wp-content\/uploads\/2024\/10\/foto-2024-10-21-estufas-quilombo-maracaju-02-630x420.jpg 630w, https:\/\/vanderloubet.com.br\/deputado\/wp-content\/uploads\/2024\/10\/foto-2024-10-21-estufas-quilombo-maracaju-02-350x233.jpg 350w, https:\/\/vanderloubet.com.br\/deputado\/wp-content\/uploads\/2024\/10\/foto-2024-10-21-estufas-quilombo-maracaju-02-768x512.jpg 768w, https:\/\/vanderloubet.com.br\/deputado\/wp-content\/uploads\/2024\/10\/foto-2024-10-21-estufas-quilombo-maracaju-02-700x467.jpg 700w, https:\/\/vanderloubet.com.br\/deputado\/wp-content\/uploads\/2024\/10\/foto-2024-10-21-estufas-quilombo-maracaju-02-696x464.jpg 696w, https:\/\/vanderloubet.com.br\/deputado\/wp-content\/uploads\/2024\/10\/foto-2024-10-21-estufas-quilombo-maracaju-02.jpg 900w\" sizes=\"(max-width: 630px) 100vw, 630px\" alt=\"Parceria de Vander com Uems garante estufas para comunidade quilombola em Maracaju\">\r\n                            <\/a>\r\n                            <figcaption class = \"td-slide-caption td-gallery-slide-content\"><span>Parceria de Vander com Uems garante estufas para comunidade quilombola em Maracaju<\/span><\/figcaption>\r\n                        <\/figure>\r\n                    <\/div>\r\n                    <div class = \"td-slide-item td-item3\">\r\n                        <figure class=\"td-slide-galery-figure td-slide-popup-gallery\">\r\n                            <a class=\"slide-gallery-image-link\" href=\"https:\/\/vanderloubet.com.br\/deputado\/wp-content\/uploads\/2024\/10\/foto-2024-10-21-estufas-quilombo-maracaju-03.jpg\" title=\"Parceria de Vander com Uems garante estufas para comunidade quilombola em Maracaju\"  data-caption=\"\"  data-description=\"Parceria de Vander com Uems garante estufas para comunidade quilombola em Maracaju\">\r\n                                <img decoding=\"async\" src=\"https:\/\/vanderloubet.com.br\/deputado\/wp-content\/uploads\/2024\/10\/foto-2024-10-21-estufas-quilombo-maracaju-03-630x420.jpg\" srcset=\"https:\/\/vanderloubet.com.br\/deputado\/wp-content\/uploads\/2024\/10\/foto-2024-10-21-estufas-quilombo-maracaju-03-630x420.jpg 630w, https:\/\/vanderloubet.com.br\/deputado\/wp-content\/uploads\/2024\/10\/foto-2024-10-21-estufas-quilombo-maracaju-03-350x233.jpg 350w, https:\/\/vanderloubet.com.br\/deputado\/wp-content\/uploads\/2024\/10\/foto-2024-10-21-estufas-quilombo-maracaju-03-768x512.jpg 768w, https:\/\/vanderloubet.com.br\/deputado\/wp-content\/uploads\/2024\/10\/foto-2024-10-21-estufas-quilombo-maracaju-03-700x467.jpg 700w, https:\/\/vanderloubet.com.br\/deputado\/wp-content\/uploads\/2024\/10\/foto-2024-10-21-estufas-quilombo-maracaju-03-696x464.jpg 696w, https:\/\/vanderloubet.com.br\/deputado\/wp-content\/uploads\/2024\/10\/foto-2024-10-21-estufas-quilombo-maracaju-03.jpg 900w\" sizes=\"(max-width: 630px) 100vw, 630px\" alt=\"Parceria de Vander com Uems garante estufas para comunidade quilombola em Maracaju\">\r\n                            <\/a>\r\n                            <figcaption class = \"td-slide-caption td-gallery-slide-content\"><span>Parceria de Vander com Uems garante estufas para comunidade quilombola em Maracaju<\/span><\/figcaption>\r\n                        <\/figure>\r\n                    <\/div>\r\n                    <div class = \"td-slide-item td-item4\">\r\n                        <figure class=\"td-slide-galery-figure td-slide-popup-gallery\">\r\n                            <a class=\"slide-gallery-image-link\" href=\"https:\/\/vanderloubet.com.br\/deputado\/wp-content\/uploads\/2024\/10\/foto-2024-10-21-estufas-quilombo-maracaju-04.jpg\" title=\"Parceria de Vander com Uems garante estufas para comunidade quilombola em Maracaju\"  data-caption=\"\"  data-description=\"Parceria de Vander com Uems garante estufas para comunidade quilombola em Maracaju\">\r\n                                <img decoding=\"async\" src=\"https:\/\/vanderloubet.com.br\/deputado\/wp-content\/uploads\/2024\/10\/foto-2024-10-21-estufas-quilombo-maracaju-04-630x420.jpg\" srcset=\"https:\/\/vanderloubet.com.br\/deputado\/wp-content\/uploads\/2024\/10\/foto-2024-10-21-estufas-quilombo-maracaju-04-630x420.jpg 630w, https:\/\/vanderloubet.com.br\/deputado\/wp-content\/uploads\/2024\/10\/foto-2024-10-21-estufas-quilombo-maracaju-04-350x233.jpg 350w, https:\/\/vanderloubet.com.br\/deputado\/wp-content\/uploads\/2024\/10\/foto-2024-10-21-estufas-quilombo-maracaju-04-768x512.jpg 768w, https:\/\/vanderloubet.com.br\/deputado\/wp-content\/uploads\/2024\/10\/foto-2024-10-21-estufas-quilombo-maracaju-04-700x467.jpg 700w, https:\/\/vanderloubet.com.br\/deputado\/wp-content\/uploads\/2024\/10\/foto-2024-10-21-estufas-quilombo-maracaju-04-696x464.jpg 696w, https:\/\/vanderloubet.com.br\/deputado\/wp-content\/uploads\/2024\/10\/foto-2024-10-21-estufas-quilombo-maracaju-04.jpg 900w\" sizes=\"(max-width: 630px) 100vw, 630px\" alt=\"Parceria de Vander com Uems garante estufas para comunidade quilombola em Maracaju\">\r\n                            <\/a>\r\n                            <figcaption class = \"td-slide-caption td-gallery-slide-content\"><span>Parceria de Vander com Uems garante estufas para comunidade quilombola em Maracaju<\/span><\/figcaption>\r\n                        <\/figure>\r\n                    <\/div>\r\n                            <\/div>\r\n                        <\/div>\r\n\r\n                        <div class = \"td-doubleSlider-2\">\r\n                            <div class = \"td-slider\">\r\n                                \r\n                    <div class = \"td-button td-item1\">\r\n                        <div class = \"td-border\"><\/div>\r\n                    <\/div>\r\n                    <div class = \"td-button td-item2\">\r\n                        <div class = \"td-border\"><\/div>\r\n                    <\/div>\r\n                    <div class = \"td-button td-item3\">\r\n                        <div class = \"td-border\"><\/div>\r\n                    <\/div>\r\n                    <div class = \"td-button td-item4\">\r\n                        <div class = \"td-border\"><\/div>\r\n                    <\/div>\r\n                            <\/div>\r\n                        <\/div>\r\n\r\n                    <\/div>\r\n\r\n                <\/div>\r\n                \n<pre><em>Texto: Eduarda Rosa\/Uems<\/em>\r\n<em>Edi\u00e7\u00e3o: \u00c9der F. Yanaguita<\/em>\r\n<em>Fotos: Divulga\u00e7\u00e3o\/Uems<\/em><\/pre>\n","protected":false},"excerpt":{"rendered":"<p>Recurso viabilizado pelo deputado junto \u00e0 Itaipu possibilitou duas estufas agr\u00edcolas, que beneficiar\u00e3o 60 fam\u00edlias.<\/p>\n","protected":false},"author":2,"featured_media":20069,"comment_status":"closed","ping_status":"closed","sticky":false,"template":"","format":"standard","meta":{"jetpack_post_was_ever_published":false,"_jetpack_newsletter_access":"","_jetpack_dont_email_post_to_subs":false,"_jetpack_newsletter_tier_id":0,"_jetpack_memberships_contains_paywalled_content":false,"_jetpack_memberships_contains_paid_content":false,"footnotes":""},"categories":[2097,10],"tags":[2132,697,2535,2525,2540,2469],"class_list":{"0":"post-20065","1":"post","2":"type-post","3":"status-publish","4":"format-standard","5":"has-post-thumbnail","7":"category-municipios-noticias","8":"category-noticias","9":"tag-agricultura-familiar","10":"tag-educacao","11":"tag-governo-do-estado","12":"tag-governo-federal","13":"tag-itaipu-binacional","14":"tag-quilombolas"},"yoast_head":"<!-- This site is optimized with the Yoast SEO plugin v27.4 - https:\/\/yoast.com\/product\/yoast-seo-wordpress\/ -->\n<title>Parceria de Vander com Uems garante estufas para comunidade quilombola em Maracaju<\/title>\n<meta name=\"description\" content=\"Recurso viabilizado pelo deputado junto \u00e0 Itaipu possibilitou duas estufas agr\u00edcolas, que beneficiar\u00e3o 60 fam\u00edlias.\" \/>\n<meta name=\"robots\" content=\"index, follow, max-snippet:-1, max-image-preview:large, max-video-preview:-1\" \/>\n<link rel=\"canonical\" href=\"https:\/\/vanderloubet.com.br\/deputado\/parceria-de-vander-com-uems-garante-estufas-para-comunidade-quilombola-em-maracaju\/\" \/>\n<meta property=\"og:locale\" content=\"pt_BR\" \/>\n<meta property=\"og:type\" content=\"article\" \/>\n<meta property=\"og:title\" content=\"Parceria de Vander com Uems garante estufas para comunidade quilombola em Maracaju\" \/>\n<meta property=\"og:description\" content=\"Recurso viabilizado pelo deputado junto \u00e0 Itaipu possibilitou duas estufas agr\u00edcolas, que beneficiar\u00e3o 60 fam\u00edlias.\" \/>\n<meta property=\"og:url\" content=\"https:\/\/vanderloubet.com.br\/deputado\/parceria-de-vander-com-uems-garante-estufas-para-comunidade-quilombola-em-maracaju\/\" \/>\n<meta property=\"og:site_name\" content=\"Deputado Federal Vander Loubet\" \/>\n<meta property=\"article:publisher\" content=\"https:\/\/facebook.com\/deputadovander\" \/>\n<meta property=\"article:published_time\" content=\"2024-10-21T21:35:39+00:00\" \/>\n<meta property=\"article:modified_time\" content=\"2024-10-22T15:24:22+00:00\" \/>\n<meta property=\"og:image\" content=\"https:\/\/vanderloubet.com.br\/deputado\/wp-content\/uploads\/2024\/10\/foto-2024-10-21-estufas-quilombo-maracaju-04.jpg\" \/>\n\t<meta property=\"og:image:width\" content=\"900\" \/>\n\t<meta property=\"og:image:height\" content=\"600\" \/>\n\t<meta property=\"og:image:type\" content=\"image\/jpeg\" \/>\n<meta name=\"author\" content=\"\u00c9der\" \/>\n<meta name=\"twitter:card\" content=\"summary_large_image\" \/>\n<meta name=\"twitter:creator\" content=\"@vanderloubet\" \/>\n<meta name=\"twitter:site\" content=\"@vanderloubet\" \/>\n<script type=\"application\/ld+json\" class=\"yoast-schema-graph\">{\"@context\":\"https:\\\/\\\/schema.org\",\"@graph\":[{\"@type\":\"Article\",\"@id\":\"https:\\\/\\\/vanderloubet.com.br\\\/deputado\\\/parceria-de-vander-com-uems-garante-estufas-para-comunidade-quilombola-em-maracaju\\\/#article\",\"isPartOf\":{\"@id\":\"https:\\\/\\\/vanderloubet.com.br\\\/deputado\\\/parceria-de-vander-com-uems-garante-estufas-para-comunidade-quilombola-em-maracaju\\\/\"},\"author\":{\"name\":\"\u00c9der\",\"@id\":\"https:\\\/\\\/vanderloubet.com.br\\\/deputado\\\/#\\\/schema\\\/person\\\/15b51bd564532a8a68d9dec1b8eb890e\"},\"headline\":\"Parceria de Vander com Uems garante estufas para comunidade quilombola em Maracaju\",\"datePublished\":\"2024-10-21T21:35:39+00:00\",\"dateModified\":\"2024-10-22T15:24:22+00:00\",\"mainEntityOfPage\":{\"@id\":\"https:\\\/\\\/vanderloubet.com.br\\\/deputado\\\/parceria-de-vander-com-uems-garante-estufas-para-comunidade-quilombola-em-maracaju\\\/\"},\"wordCount\":866,\"publisher\":{\"@id\":\"https:\\\/\\\/vanderloubet.com.br\\\/deputado\\\/#organization\"},\"image\":{\"@id\":\"https:\\\/\\\/vanderloubet.com.br\\\/deputado\\\/parceria-de-vander-com-uems-garante-estufas-para-comunidade-quilombola-em-maracaju\\\/#primaryimage\"},\"thumbnailUrl\":\"https:\\\/\\\/vanderloubet.com.br\\\/deputado\\\/wp-content\\\/uploads\\\/2024\\\/10\\\/foto-2024-10-21-estufas-quilombo-maracaju-04.jpg\",\"keywords\":[\"agricultura familiar\",\"educa\u00e7\u00e3o\",\"governo do estado\",\"governo federal\",\"itaipu binacional\",\"quilombolas\"],\"articleSection\":[\"Munic\u00edpios\",\"Not\u00edcias\"],\"inLanguage\":\"pt-BR\"},{\"@type\":\"WebPage\",\"@id\":\"https:\\\/\\\/vanderloubet.com.br\\\/deputado\\\/parceria-de-vander-com-uems-garante-estufas-para-comunidade-quilombola-em-maracaju\\\/\",\"url\":\"https:\\\/\\\/vanderloubet.com.br\\\/deputado\\\/parceria-de-vander-com-uems-garante-estufas-para-comunidade-quilombola-em-maracaju\\\/\",\"name\":\"Parceria de Vander com Uems garante estufas para comunidade quilombola em Maracaju\",\"isPartOf\":{\"@id\":\"https:\\\/\\\/vanderloubet.com.br\\\/deputado\\\/#website\"},\"primaryImageOfPage\":{\"@id\":\"https:\\\/\\\/vanderloubet.com.br\\\/deputado\\\/parceria-de-vander-com-uems-garante-estufas-para-comunidade-quilombola-em-maracaju\\\/#primaryimage\"},\"image\":{\"@id\":\"https:\\\/\\\/vanderloubet.com.br\\\/deputado\\\/parceria-de-vander-com-uems-garante-estufas-para-comunidade-quilombola-em-maracaju\\\/#primaryimage\"},\"thumbnailUrl\":\"https:\\\/\\\/vanderloubet.com.br\\\/deputado\\\/wp-content\\\/uploads\\\/2024\\\/10\\\/foto-2024-10-21-estufas-quilombo-maracaju-04.jpg\",\"datePublished\":\"2024-10-21T21:35:39+00:00\",\"dateModified\":\"2024-10-22T15:24:22+00:00\",\"description\":\"Recurso viabilizado pelo deputado junto \u00e0 Itaipu possibilitou duas estufas agr\u00edcolas, que beneficiar\u00e3o 60 fam\u00edlias.\",\"breadcrumb\":{\"@id\":\"https:\\\/\\\/vanderloubet.com.br\\\/deputado\\\/parceria-de-vander-com-uems-garante-estufas-para-comunidade-quilombola-em-maracaju\\\/#breadcrumb\"},\"inLanguage\":\"pt-BR\",\"potentialAction\":[{\"@type\":\"ReadAction\",\"target\":[\"https:\\\/\\\/vanderloubet.com.br\\\/deputado\\\/parceria-de-vander-com-uems-garante-estufas-para-comunidade-quilombola-em-maracaju\\\/\"]}]},{\"@type\":\"ImageObject\",\"inLanguage\":\"pt-BR\",\"@id\":\"https:\\\/\\\/vanderloubet.com.br\\\/deputado\\\/parceria-de-vander-com-uems-garante-estufas-para-comunidade-quilombola-em-maracaju\\\/#primaryimage\",\"url\":\"https:\\\/\\\/vanderloubet.com.br\\\/deputado\\\/wp-content\\\/uploads\\\/2024\\\/10\\\/foto-2024-10-21-estufas-quilombo-maracaju-04.jpg\",\"contentUrl\":\"https:\\\/\\\/vanderloubet.com.br\\\/deputado\\\/wp-content\\\/uploads\\\/2024\\\/10\\\/foto-2024-10-21-estufas-quilombo-maracaju-04.jpg\",\"width\":900,\"height\":600,\"caption\":\"Parceria de Vander com Uems garante estufas para comunidade quilombola em Maracaju\"},{\"@type\":\"BreadcrumbList\",\"@id\":\"https:\\\/\\\/vanderloubet.com.br\\\/deputado\\\/parceria-de-vander-com-uems-garante-estufas-para-comunidade-quilombola-em-maracaju\\\/#breadcrumb\",\"itemListElement\":[{\"@type\":\"ListItem\",\"position\":1,\"name\":\"In\u00edcio\",\"item\":\"https:\\\/\\\/vanderloubet.com.br\\\/deputado\\\/\"},{\"@type\":\"ListItem\",\"position\":2,\"name\":\"Parceria de Vander com Uems garante estufas para comunidade quilombola em Maracaju\"}]},{\"@type\":\"WebSite\",\"@id\":\"https:\\\/\\\/vanderloubet.com.br\\\/deputado\\\/#website\",\"url\":\"https:\\\/\\\/vanderloubet.com.br\\\/deputado\\\/\",\"name\":\"Deputado Federal Vander Loubet\",\"description\":\"O Federal de MS\",\"publisher\":{\"@id\":\"https:\\\/\\\/vanderloubet.com.br\\\/deputado\\\/#organization\"},\"alternateName\":\"Deputado Vander\",\"potentialAction\":[{\"@type\":\"SearchAction\",\"target\":{\"@type\":\"EntryPoint\",\"urlTemplate\":\"https:\\\/\\\/vanderloubet.com.br\\\/deputado\\\/?s={search_term_string}\"},\"query-input\":{\"@type\":\"PropertyValueSpecification\",\"valueRequired\":true,\"valueName\":\"search_term_string\"}}],\"inLanguage\":\"pt-BR\"},{\"@type\":\"Organization\",\"@id\":\"https:\\\/\\\/vanderloubet.com.br\\\/deputado\\\/#organization\",\"name\":\"Deputado Federal Vander Loubet\",\"alternateName\":\"Deputado Vander\",\"url\":\"https:\\\/\\\/vanderloubet.com.br\\\/deputado\\\/\",\"logo\":{\"@type\":\"ImageObject\",\"inLanguage\":\"pt-BR\",\"@id\":\"https:\\\/\\\/vanderloubet.com.br\\\/deputado\\\/#\\\/schema\\\/logo\\\/image\\\/\",\"url\":\"https:\\\/\\\/vanderloubet.com.br\\\/deputado\\\/wp-content\\\/uploads\\\/2023\\\/06\\\/foto-2023-06-19-mandato-deputado-vander.jpg\",\"contentUrl\":\"https:\\\/\\\/vanderloubet.com.br\\\/deputado\\\/wp-content\\\/uploads\\\/2023\\\/06\\\/foto-2023-06-19-mandato-deputado-vander.jpg\",\"width\":1080,\"height\":1080,\"caption\":\"Deputado Federal Vander Loubet\"},\"image\":{\"@id\":\"https:\\\/\\\/vanderloubet.com.br\\\/deputado\\\/#\\\/schema\\\/logo\\\/image\\\/\"},\"sameAs\":[\"https:\\\/\\\/facebook.com\\\/deputadovander\",\"https:\\\/\\\/x.com\\\/vanderloubet\",\"https:\\\/\\\/instagram.com\\\/vanderloubet\",\"https:\\\/\\\/youtube.com\\\/vanderloubet\",\"https:\\\/\\\/tiktok.com\\\/@vanderloubetms\"]},{\"@type\":\"Person\",\"@id\":\"https:\\\/\\\/vanderloubet.com.br\\\/deputado\\\/#\\\/schema\\\/person\\\/15b51bd564532a8a68d9dec1b8eb890e\",\"name\":\"\u00c9der\",\"image\":{\"@type\":\"ImageObject\",\"inLanguage\":\"pt-BR\",\"@id\":\"https:\\\/\\\/vanderloubet.com.br\\\/deputado\\\/wp-content\\\/litespeed\\\/avatar\\\/88ca4090d9d5ab1c9495f6ca03b68efa.jpg?ver=1777058957\",\"url\":\"https:\\\/\\\/vanderloubet.com.br\\\/deputado\\\/wp-content\\\/litespeed\\\/avatar\\\/88ca4090d9d5ab1c9495f6ca03b68efa.jpg?ver=1777058957\",\"contentUrl\":\"https:\\\/\\\/vanderloubet.com.br\\\/deputado\\\/wp-content\\\/litespeed\\\/avatar\\\/88ca4090d9d5ab1c9495f6ca03b68efa.jpg?ver=1777058957\",\"caption\":\"\u00c9der\"}}]}<\/script>\n<!-- \/ Yoast SEO plugin. -->","yoast_head_json":{"title":"Parceria de Vander com Uems garante estufas para comunidade quilombola em Maracaju","description":"Recurso viabilizado pelo deputado junto \u00e0 Itaipu possibilitou duas estufas agr\u00edcolas, que beneficiar\u00e3o 60 fam\u00edlias.","robots":{"index":"index","follow":"follow","max-snippet":"max-snippet:-1","max-image-preview":"max-image-preview:large","max-video-preview":"max-video-preview:-1"},"canonical":"https:\/\/vanderloubet.com.br\/deputado\/parceria-de-vander-com-uems-garante-estufas-para-comunidade-quilombola-em-maracaju\/","og_locale":"pt_BR","og_type":"article","og_title":"Parceria de Vander com Uems garante estufas para comunidade quilombola em Maracaju","og_description":"Recurso viabilizado pelo deputado junto \u00e0 Itaipu possibilitou duas estufas agr\u00edcolas, que beneficiar\u00e3o 60 fam\u00edlias.","og_url":"https:\/\/vanderloubet.com.br\/deputado\/parceria-de-vander-com-uems-garante-estufas-para-comunidade-quilombola-em-maracaju\/","og_site_name":"Deputado Federal Vander Loubet","article_publisher":"https:\/\/facebook.com\/deputadovander","article_published_time":"2024-10-21T21:35:39+00:00","article_modified_time":"2024-10-22T15:24:22+00:00","og_image":[{"width":900,"height":600,"url":"https:\/\/vanderloubet.com.br\/deputado\/wp-content\/uploads\/2024\/10\/foto-2024-10-21-estufas-quilombo-maracaju-04.jpg","type":"image\/jpeg"}],"author":"\u00c9der","twitter_card":"summary_large_image","twitter_creator":"@vanderloubet","twitter_site":"@vanderloubet","schema":{"@context":"https:\/\/schema.org","@graph":[{"@type":"Article","@id":"https:\/\/vanderloubet.com.br\/deputado\/parceria-de-vander-com-uems-garante-estufas-para-comunidade-quilombola-em-maracaju\/#article","isPartOf":{"@id":"https:\/\/vanderloubet.com.br\/deputado\/parceria-de-vander-com-uems-garante-estufas-para-comunidade-quilombola-em-maracaju\/"},"author":{"name":"\u00c9der","@id":"https:\/\/vanderloubet.com.br\/deputado\/#\/schema\/person\/15b51bd564532a8a68d9dec1b8eb890e"},"headline":"Parceria de Vander com Uems garante estufas para comunidade quilombola em Maracaju","datePublished":"2024-10-21T21:35:39+00:00","dateModified":"2024-10-22T15:24:22+00:00","mainEntityOfPage":{"@id":"https:\/\/vanderloubet.com.br\/deputado\/parceria-de-vander-com-uems-garante-estufas-para-comunidade-quilombola-em-maracaju\/"},"wordCount":866,"publisher":{"@id":"https:\/\/vanderloubet.com.br\/deputado\/#organization"},"image":{"@id":"https:\/\/vanderloubet.com.br\/deputado\/parceria-de-vander-com-uems-garante-estufas-para-comunidade-quilombola-em-maracaju\/#primaryimage"},"thumbnailUrl":"https:\/\/vanderloubet.com.br\/deputado\/wp-content\/uploads\/2024\/10\/foto-2024-10-21-estufas-quilombo-maracaju-04.jpg","keywords":["agricultura familiar","educa\u00e7\u00e3o","governo do estado","governo federal","itaipu binacional","quilombolas"],"articleSection":["Munic\u00edpios","Not\u00edcias"],"inLanguage":"pt-BR"},{"@type":"WebPage","@id":"https:\/\/vanderloubet.com.br\/deputado\/parceria-de-vander-com-uems-garante-estufas-para-comunidade-quilombola-em-maracaju\/","url":"https:\/\/vanderloubet.com.br\/deputado\/parceria-de-vander-com-uems-garante-estufas-para-comunidade-quilombola-em-maracaju\/","name":"Parceria de Vander com Uems garante estufas para comunidade quilombola em Maracaju","isPartOf":{"@id":"https:\/\/vanderloubet.com.br\/deputado\/#website"},"primaryImageOfPage":{"@id":"https:\/\/vanderloubet.com.br\/deputado\/parceria-de-vander-com-uems-garante-estufas-para-comunidade-quilombola-em-maracaju\/#primaryimage"},"image":{"@id":"https:\/\/vanderloubet.com.br\/deputado\/parceria-de-vander-com-uems-garante-estufas-para-comunidade-quilombola-em-maracaju\/#primaryimage"},"thumbnailUrl":"https:\/\/vanderloubet.com.br\/deputado\/wp-content\/uploads\/2024\/10\/foto-2024-10-21-estufas-quilombo-maracaju-04.jpg","datePublished":"2024-10-21T21:35:39+00:00","dateModified":"2024-10-22T15:24:22+00:00","description":"Recurso viabilizado pelo deputado junto \u00e0 Itaipu possibilitou duas estufas agr\u00edcolas, que beneficiar\u00e3o 60 fam\u00edlias.","breadcrumb":{"@id":"https:\/\/vanderloubet.com.br\/deputado\/parceria-de-vander-com-uems-garante-estufas-para-comunidade-quilombola-em-maracaju\/#breadcrumb"},"inLanguage":"pt-BR","potentialAction":[{"@type":"ReadAction","target":["https:\/\/vanderloubet.com.br\/deputado\/parceria-de-vander-com-uems-garante-estufas-para-comunidade-quilombola-em-maracaju\/"]}]},{"@type":"ImageObject","inLanguage":"pt-BR","@id":"https:\/\/vanderloubet.com.br\/deputado\/parceria-de-vander-com-uems-garante-estufas-para-comunidade-quilombola-em-maracaju\/#primaryimage","url":"https:\/\/vanderloubet.com.br\/deputado\/wp-content\/uploads\/2024\/10\/foto-2024-10-21-estufas-quilombo-maracaju-04.jpg","contentUrl":"https:\/\/vanderloubet.com.br\/deputado\/wp-content\/uploads\/2024\/10\/foto-2024-10-21-estufas-quilombo-maracaju-04.jpg","width":900,"height":600,"caption":"Parceria de Vander com Uems garante estufas para comunidade quilombola em Maracaju"},{"@type":"BreadcrumbList","@id":"https:\/\/vanderloubet.com.br\/deputado\/parceria-de-vander-com-uems-garante-estufas-para-comunidade-quilombola-em-maracaju\/#breadcrumb","itemListElement":[{"@type":"ListItem","position":1,"name":"In\u00edcio","item":"https:\/\/vanderloubet.com.br\/deputado\/"},{"@type":"ListItem","position":2,"name":"Parceria de Vander com Uems garante estufas para comunidade quilombola em Maracaju"}]},{"@type":"WebSite","@id":"https:\/\/vanderloubet.com.br\/deputado\/#website","url":"https:\/\/vanderloubet.com.br\/deputado\/","name":"Deputado Federal Vander Loubet","description":"O Federal de MS","publisher":{"@id":"https:\/\/vanderloubet.com.br\/deputado\/#organization"},"alternateName":"Deputado Vander","potentialAction":[{"@type":"SearchAction","target":{"@type":"EntryPoint","urlTemplate":"https:\/\/vanderloubet.com.br\/deputado\/?s={search_term_string}"},"query-input":{"@type":"PropertyValueSpecification","valueRequired":true,"valueName":"search_term_string"}}],"inLanguage":"pt-BR"},{"@type":"Organization","@id":"https:\/\/vanderloubet.com.br\/deputado\/#organization","name":"Deputado Federal Vander Loubet","alternateName":"Deputado Vander","url":"https:\/\/vanderloubet.com.br\/deputado\/","logo":{"@type":"ImageObject","inLanguage":"pt-BR","@id":"https:\/\/vanderloubet.com.br\/deputado\/#\/schema\/logo\/image\/","url":"https:\/\/vanderloubet.com.br\/deputado\/wp-content\/uploads\/2023\/06\/foto-2023-06-19-mandato-deputado-vander.jpg","contentUrl":"https:\/\/vanderloubet.com.br\/deputado\/wp-content\/uploads\/2023\/06\/foto-2023-06-19-mandato-deputado-vander.jpg","width":1080,"height":1080,"caption":"Deputado Federal Vander Loubet"},"image":{"@id":"https:\/\/vanderloubet.com.br\/deputado\/#\/schema\/logo\/image\/"},"sameAs":["https:\/\/facebook.com\/deputadovander","https:\/\/x.com\/vanderloubet","https:\/\/instagram.com\/vanderloubet","https:\/\/youtube.com\/vanderloubet","https:\/\/tiktok.com\/@vanderloubetms"]},{"@type":"Person","@id":"https:\/\/vanderloubet.com.br\/deputado\/#\/schema\/person\/15b51bd564532a8a68d9dec1b8eb890e","name":"\u00c9der","image":{"@type":"ImageObject","inLanguage":"pt-BR","@id":"https:\/\/vanderloubet.com.br\/deputado\/wp-content\/litespeed\/avatar\/88ca4090d9d5ab1c9495f6ca03b68efa.jpg?ver=1777058957","url":"https:\/\/vanderloubet.com.br\/deputado\/wp-content\/litespeed\/avatar\/88ca4090d9d5ab1c9495f6ca03b68efa.jpg?ver=1777058957","contentUrl":"https:\/\/vanderloubet.com.br\/deputado\/wp-content\/litespeed\/avatar\/88ca4090d9d5ab1c9495f6ca03b68efa.jpg?ver=1777058957","caption":"\u00c9der"}}]}},"jetpack_featured_media_url":"https:\/\/vanderloubet.com.br\/deputado\/wp-content\/uploads\/2024\/10\/foto-2024-10-21-estufas-quilombo-maracaju-04.jpg","jetpack_sharing_enabled":true,"_links":{"self":[{"href":"https:\/\/vanderloubet.com.br\/deputado\/wp-json\/wp\/v2\/posts\/20065","targetHints":{"allow":["GET"]}}],"collection":[{"href":"https:\/\/vanderloubet.com.br\/deputado\/wp-json\/wp\/v2\/posts"}],"about":[{"href":"https:\/\/vanderloubet.com.br\/deputado\/wp-json\/wp\/v2\/types\/post"}],"author":[{"embeddable":true,"href":"https:\/\/vanderloubet.com.br\/deputado\/wp-json\/wp\/v2\/users\/2"}],"replies":[{"embeddable":true,"href":"https:\/\/vanderloubet.com.br\/deputado\/wp-json\/wp\/v2\/comments?post=20065"}],"version-history":[{"count":0,"href":"https:\/\/vanderloubet.com.br\/deputado\/wp-json\/wp\/v2\/posts\/20065\/revisions"}],"wp:featuredmedia":[{"embeddable":true,"href":"https:\/\/vanderloubet.com.br\/deputado\/wp-json\/wp\/v2\/media\/20069"}],"wp:attachment":[{"href":"https:\/\/vanderloubet.com.br\/deputado\/wp-json\/wp\/v2\/media?parent=20065"}],"wp:term":[{"taxonomy":"category","embeddable":true,"href":"https:\/\/vanderloubet.com.br\/deputado\/wp-json\/wp\/v2\/categories?post=20065"},{"taxonomy":"post_tag","embeddable":true,"href":"https:\/\/vanderloubet.com.br\/deputado\/wp-json\/wp\/v2\/tags?post=20065"}],"curies":[{"name":"wp","href":"https:\/\/api.w.org\/{rel}","templated":true}]}}