{"id":20052,"date":"2024-10-16T16:00:03","date_gmt":"2024-10-16T20:00:03","guid":{"rendered":"https:\/\/vanderloubet.com.br\/deputado\/?p=20052"},"modified":"2024-10-16T22:01:07","modified_gmt":"2024-10-17T02:01:07","slug":"vander-garante-mais-24-novos-onibus-escolares-para-ms-pelo-novo-pac","status":"publish","type":"post","link":"https:\/\/vanderloubet.com.br\/deputado\/vander-garante-mais-24-novos-onibus-escolares-para-ms-pelo-novo-pac\/","title":{"rendered":"Vander garante mais 24 novos \u00f4nibus escolares para MS pelo Novo PAC"},"content":{"rendered":"<p>O Governo Federal &#8211; por meio do Minist\u00e9rio da Educa\u00e7\u00e3o (MEC) e do Fundo Nacional de Desenvolvimento da Educa\u00e7\u00e3o (FNDE) &#8211; iniciou a entrega de novos \u00f4nibus do Programa Caminho da Escola destinados a munic\u00edpios de todo o Brasil. Os recursos para aquisi\u00e7\u00e3o das 3.00 unidades que ser\u00e3o entregues at\u00e9 2026 s\u00e3o provenientes do Novo Programa de Acelera\u00e7\u00e3o do Crescimento (Novo PAC), em um investimento total de R$ 1,5 bilh\u00e3o.<\/p>\n<p>O deputado federal Vander Loubet, coordenador da bancada de Mato Grosso do Sul no Congresso Nacional e principal articulador do estado junto ao Governo Federal, comemorou o in\u00edcio da entrega dos ve\u00edculos.<\/p>\n<p>&#8220;O presidente Lula j\u00e1 come\u00e7ou a entregar os \u00f4nibus de transporte escolar que foram solicitados no final de 2023 pelas prefeituras dentro do Novo PAC e Mato Grosso do Sul n\u00e3o vai ficar de fora. Aqui no nosso estado, conseguimos aprovar a sele\u00e7\u00e3o das propostas de 24 munic\u00edpios&#8221;, destaca o parlamentar.<\/p>\n<p>Os munic\u00edpios que cadastraram propostas e receber\u00e3o os \u00f4nibus escolares s\u00e3o Amambai, Anauril\u00e2ndia, Aquidauana, Aral Moreira, Bandeirantes, Bela Vista, Bonito, Caarap\u00f3, Cassil\u00e2ndia, Chapad\u00e3o do Sul, Coronel Sapucaia, Corumb\u00e1, Deod\u00e1polis, Itaquira\u00ed, Miranda, Para\u00edso das \u00c1guas, Parana\u00edba, Paranhos, Ribas do Rio Pardo, Rio Brilhante, Rio Verde de Mato Grosso, Rochedo, Sonora e Tr\u00eas Lagoas.<\/p>\n<p><strong>Sustentabilidade<\/strong><\/p>\n<p>Os ve\u00edculos que est\u00e3o sendo entregues nesta edi\u00e7\u00e3o do Programa s\u00e3o de \u00faltima gera\u00e7\u00e3o e apresentam 29 mudan\u00e7as em rela\u00e7\u00e3o aos modelos anteriores, entre elas: poltronas acess\u00edveis, entradas USB, ar-condicionado, Wi-Fi e rastreamento por GPS. H\u00e1, ainda, uma altera\u00e7\u00e3o estrutural do chassi dos \u00f4nibus estabelecida pelo Proconve P8 (norma que estabelece padr\u00f5es m\u00e1ximos de poluentes emitidos pelos ve\u00edculos automotores), que trocou o sistema Euro 5 pelo Euro 6. A novidade atende a exig\u00eancias no controle das emiss\u00f5es de gases poluentes e de ru\u00eddo para novos ve\u00edculos automotores pesados de uso rodovi\u00e1rio.<\/p>\n<p><strong>Caminho da Escola<\/strong><\/p>\n<p>Criado em 2007, durante o segundo governo do presidente Lula, o Programa Caminho da Escola objetiva garantir, prioritariamente, o acesso di\u00e1rio e a perman\u00eancia de estudantes residentes em \u00e1reas rurais e ribeirinhas nas escolas p\u00fablicas de educa\u00e7\u00e3o b\u00e1sica de dif\u00edcil acesso. O programa oferece \u00f4nibus, embarca\u00e7\u00f5es e bicicletas fabricados especialmente para o tr\u00e1fego nessas regi\u00f5es, sempre visando \u00e0 seguran\u00e7a e \u00e0 qualidade do transporte escolar. A responsabilidade da aquisi\u00e7\u00e3o dos ve\u00edculos \u00e9 de gestores estaduais, distritais e municipais.<\/p>\n<blockquote class=\"instagram-media\" style=\"background: #FFF; border: 0; border-radius: 3px; box-shadow: 0 0 1px 0 rgba(0,0,0,0.5),0 1px 10px 0 rgba(0,0,0,0.15); margin: 1px; max-width: 540px; min-width: 326px; padding: 0; width: calc(100% - 2px);\" data-instgrm-captioned=\"\" data-instgrm-permalink=\"https:\/\/www.instagram.com\/reel\/DBMLJ3HvdVd\/?utm_source=ig_embed&amp;utm_campaign=loading\" data-instgrm-version=\"14\">\n<div style=\"padding: 16px;\">\n<p>&nbsp;<\/p>\n<div style=\"display: flex; flex-direction: row; align-items: center;\">\n<div style=\"background-color: #f4f4f4; border-radius: 50%; flex-grow: 0; height: 40px; margin-right: 14px; width: 40px;\"><\/div>\n<div style=\"display: flex; flex-direction: column; flex-grow: 1; justify-content: center;\">\n<div style=\"background-color: #f4f4f4; border-radius: 4px; flex-grow: 0; height: 14px; margin-bottom: 6px; width: 100px;\"><\/div>\n<div style=\"background-color: #f4f4f4; border-radius: 4px; flex-grow: 0; height: 14px; width: 60px;\"><\/div>\n<\/div>\n<\/div>\n<div style=\"padding: 19% 0;\"><\/div>\n<div style=\"display: block; height: 50px; margin: 0 auto 12px; width: 50px;\"><\/div>\n<div style=\"padding-top: 8px;\">\n<div style=\"color: #3897f0; font-family: Arial,sans-serif; font-size: 14px; font-style: normal; font-weight: 550; line-height: 18px;\">Ver essa foto no Instagram<\/div>\n<\/div>\n<div style=\"padding: 12.5% 0;\"><\/div>\n<div style=\"display: flex; flex-direction: row; margin-bottom: 14px; align-items: center;\">\n<div>\n<div style=\"background-color: #f4f4f4; border-radius: 50%; height: 12.5px; width: 12.5px; transform: translateX(0px) translateY(7px);\"><\/div>\n<div style=\"background-color: #f4f4f4; height: 12.5px; transform: rotate(-45deg) translateX(3px) translateY(1px); width: 12.5px; flex-grow: 0; margin-right: 14px; margin-left: 2px;\"><\/div>\n<div style=\"background-color: #f4f4f4; border-radius: 50%; height: 12.5px; width: 12.5px; transform: translateX(9px) translateY(-18px);\"><\/div>\n<\/div>\n<div style=\"margin-left: 8px;\">\n<div style=\"background-color: #f4f4f4; border-radius: 50%; flex-grow: 0; height: 20px; width: 20px;\"><\/div>\n<div style=\"width: 0; height: 0; border-top: 2px solid transparent; border-left: 6px solid #f4f4f4; border-bottom: 2px solid transparent; transform: translateX(16px) translateY(-4px) rotate(30deg);\"><\/div>\n<\/div>\n<div style=\"margin-left: auto;\">\n<div style=\"width: 0px; border-top: 8px solid #F4F4F4; border-right: 8px solid transparent; transform: translateY(16px);\"><\/div>\n<div style=\"background-color: #f4f4f4; flex-grow: 0; height: 12px; width: 16px; transform: translateY(-4px);\"><\/div>\n<div style=\"width: 0; height: 0; border-top: 8px solid #F4F4F4; border-left: 8px solid transparent; transform: translateY(-4px) translateX(8px);\"><\/div>\n<\/div>\n<\/div>\n<div style=\"display: flex; flex-direction: column; flex-grow: 1; justify-content: center; margin-bottom: 24px;\">\n<div style=\"background-color: #f4f4f4; border-radius: 4px; flex-grow: 0; height: 14px; margin-bottom: 6px; width: 224px;\"><\/div>\n<div style=\"background-color: #f4f4f4; border-radius: 4px; flex-grow: 0; height: 14px; width: 144px;\"><\/div>\n<\/div>\n<p>&nbsp;<\/p>\n<p style=\"color: #c9c8cd; font-family: Arial,sans-serif; font-size: 14px; line-height: 17px; margin-bottom: 0; margin-top: 8px; overflow: hidden; padding: 8px 0 7px; text-align: center; text-overflow: ellipsis; white-space: nowrap;\"><a style=\"color: #c9c8cd; font-family: Arial,sans-serif; font-size: 14px; font-style: normal; font-weight: normal; line-height: 17px; text-decoration: none;\" href=\"https:\/\/www.instagram.com\/reel\/DBMLJ3HvdVd\/?utm_source=ig_embed&amp;utm_campaign=loading\" target=\"_blank\" rel=\"noopener\">Uma publica\u00e7\u00e3o compartilhada por Vander Loubet (@vanderloubet)<\/a><\/p>\n<\/div>\n<\/blockquote>\n<p><script async src=\"\/\/www.instagram.com\/embed.js\"><\/script><\/p>\n<pre><em>Fonte: Ag\u00eancia Gov<\/em>\r\n<em>Edi\u00e7\u00e3o: \u00c9der F. Yanaguita<\/em>\r\n<em>Foto: Ricardo Stuckert<\/em><\/pre>\n","protected":false},"excerpt":{"rendered":"<p>Governo do presidente Lula entregar\u00e1 3 mil unidades em todo Brasil at\u00e9 2026, com um investimento total de R$ 1,5 bilh\u00e3o.<\/p>\n","protected":false},"author":2,"featured_media":20053,"comment_status":"closed","ping_status":"closed","sticky":false,"template":"","format":"standard","meta":{"jetpack_post_was_ever_published":false,"_jetpack_newsletter_access":"","_jetpack_dont_email_post_to_subs":false,"_jetpack_newsletter_tier_id":0,"_jetpack_memberships_contains_paywalled_content":false,"_jetpack_memberships_contains_paid_content":false,"footnotes":""},"categories":[2101,2097,10,12],"tags":[114,2664,166,168,2413,252,282,311,379,431,2538,538,603,697,2525,2107,1306,2533,2665,1477,1478,2458,1735,1736,2666,1890,1979],"class_list":{"0":"post-20052","1":"post","2":"type-post","3":"status-publish","4":"format-standard","5":"has-post-thumbnail","7":"category-multimidia","8":"category-municipios-noticias","9":"category-noticias","10":"category-videos","11":"tag-amambai","12":"tag-anaurilandia","13":"tag-aquidauana","14":"tag-aral-moreira","15":"tag-bandeirantes","16":"tag-bela-vista","17":"tag-bonito","18":"tag-caarapo","19":"tag-cassilandia","20":"tag-chapadao-do-sul","21":"tag-coronel-sapucaia","22":"tag-corumba","23":"tag-deodapolis","24":"tag-educacao","25":"tag-governo-federal","26":"tag-itaquirai","27":"tag-miranda","28":"tag-novo-pac","29":"tag-paraiso-das-aguas","30":"tag-paranaiba","31":"tag-paranhos","32":"tag-ribas-do-rio-pardo","33":"tag-rio-brilhante","34":"tag-rio-verde-de-mato-grosso","35":"tag-rochedo","36":"tag-sonora","37":"tag-tres-lagoas"},"yoast_head":"<!-- This site is optimized with the Yoast SEO plugin v27.4 - https:\/\/yoast.com\/product\/yoast-seo-wordpress\/ -->\n<title>Vander garante mais 24 novos \u00f4nibus escolares para MS pelo Novo PAC<\/title>\n<meta name=\"description\" content=\"Governo do presidente Lula entregar\u00e1 3 mil unidades em todo Brasil at\u00e9 2026, com um investimento total de R$ 1,5 bilh\u00e3o.\" \/>\n<meta name=\"robots\" content=\"index, follow, max-snippet:-1, max-image-preview:large, max-video-preview:-1\" \/>\n<link rel=\"canonical\" href=\"https:\/\/vanderloubet.com.br\/deputado\/vander-garante-mais-24-novos-onibus-escolares-para-ms-pelo-novo-pac\/\" \/>\n<meta property=\"og:locale\" content=\"pt_BR\" \/>\n<meta property=\"og:type\" content=\"article\" \/>\n<meta property=\"og:title\" content=\"Vander garante mais 24 novos \u00f4nibus escolares para MS pelo Novo PAC\" \/>\n<meta property=\"og:description\" content=\"Governo do presidente Lula entregar\u00e1 3 mil unidades em todo Brasil at\u00e9 2026, com um investimento total de R$ 1,5 bilh\u00e3o.\" \/>\n<meta property=\"og:url\" content=\"https:\/\/vanderloubet.com.br\/deputado\/vander-garante-mais-24-novos-onibus-escolares-para-ms-pelo-novo-pac\/\" \/>\n<meta property=\"og:site_name\" content=\"Deputado Federal Vander Loubet\" \/>\n<meta property=\"article:publisher\" content=\"https:\/\/facebook.com\/deputadovander\" \/>\n<meta property=\"article:published_time\" content=\"2024-10-16T20:00:03+00:00\" \/>\n<meta property=\"article:modified_time\" content=\"2024-10-17T02:01:07+00:00\" \/>\n<meta property=\"og:image\" content=\"https:\/\/vanderloubet.com.br\/deputado\/wp-content\/uploads\/2024\/10\/foto-2024-10-16-onibus-escolares-caminho-escola.jpg\" \/>\n\t<meta property=\"og:image:width\" content=\"900\" \/>\n\t<meta property=\"og:image:height\" content=\"600\" \/>\n\t<meta property=\"og:image:type\" content=\"image\/jpeg\" \/>\n<meta name=\"author\" content=\"\u00c9der\" \/>\n<meta name=\"twitter:card\" content=\"summary_large_image\" \/>\n<meta name=\"twitter:creator\" content=\"@vanderloubet\" \/>\n<meta name=\"twitter:site\" content=\"@vanderloubet\" \/>\n<script type=\"application\/ld+json\" class=\"yoast-schema-graph\">{\"@context\":\"https:\\\/\\\/schema.org\",\"@graph\":[{\"@type\":\"Article\",\"@id\":\"https:\\\/\\\/vanderloubet.com.br\\\/deputado\\\/vander-garante-mais-24-novos-onibus-escolares-para-ms-pelo-novo-pac\\\/#article\",\"isPartOf\":{\"@id\":\"https:\\\/\\\/vanderloubet.com.br\\\/deputado\\\/vander-garante-mais-24-novos-onibus-escolares-para-ms-pelo-novo-pac\\\/\"},\"author\":{\"name\":\"\u00c9der\",\"@id\":\"https:\\\/\\\/vanderloubet.com.br\\\/deputado\\\/#\\\/schema\\\/person\\\/15b51bd564532a8a68d9dec1b8eb890e\"},\"headline\":\"Vander garante mais 24 novos \u00f4nibus escolares para MS pelo Novo PAC\",\"datePublished\":\"2024-10-16T20:00:03+00:00\",\"dateModified\":\"2024-10-17T02:01:07+00:00\",\"mainEntityOfPage\":{\"@id\":\"https:\\\/\\\/vanderloubet.com.br\\\/deputado\\\/vander-garante-mais-24-novos-onibus-escolares-para-ms-pelo-novo-pac\\\/\"},\"wordCount\":446,\"publisher\":{\"@id\":\"https:\\\/\\\/vanderloubet.com.br\\\/deputado\\\/#organization\"},\"image\":{\"@id\":\"https:\\\/\\\/vanderloubet.com.br\\\/deputado\\\/vander-garante-mais-24-novos-onibus-escolares-para-ms-pelo-novo-pac\\\/#primaryimage\"},\"thumbnailUrl\":\"https:\\\/\\\/vanderloubet.com.br\\\/deputado\\\/wp-content\\\/uploads\\\/2024\\\/10\\\/foto-2024-10-16-onibus-escolares-caminho-escola.jpg\",\"keywords\":[\"amambai\",\"anauril\u00e2ndia\",\"aquidauana\",\"aral moreira\",\"bandeirantes\",\"bela vista\",\"bonito\",\"caarap\u00f3\",\"cassil\u00e2ndia\",\"chapad\u00e3o do sul\",\"coronel sapucaia\",\"corumb\u00e1\",\"deod\u00e1polis\",\"educa\u00e7\u00e3o\",\"governo federal\",\"itaquira\u00ed\",\"miranda\",\"novo pac\",\"para\u00edso das \u00e1guas\",\"parana\u00edba\",\"paranhos\",\"ribas do rio pardo\",\"rio brilhante\",\"rio verde de mato grosso\",\"rochedo\",\"sonora\",\"tr\u00eas lagoas\"],\"articleSection\":[\"Multim\u00eddia\",\"Munic\u00edpios\",\"Not\u00edcias\",\"V\u00eddeos\"],\"inLanguage\":\"pt-BR\"},{\"@type\":\"WebPage\",\"@id\":\"https:\\\/\\\/vanderloubet.com.br\\\/deputado\\\/vander-garante-mais-24-novos-onibus-escolares-para-ms-pelo-novo-pac\\\/\",\"url\":\"https:\\\/\\\/vanderloubet.com.br\\\/deputado\\\/vander-garante-mais-24-novos-onibus-escolares-para-ms-pelo-novo-pac\\\/\",\"name\":\"Vander garante mais 24 novos \u00f4nibus escolares para MS pelo Novo PAC\",\"isPartOf\":{\"@id\":\"https:\\\/\\\/vanderloubet.com.br\\\/deputado\\\/#website\"},\"primaryImageOfPage\":{\"@id\":\"https:\\\/\\\/vanderloubet.com.br\\\/deputado\\\/vander-garante-mais-24-novos-onibus-escolares-para-ms-pelo-novo-pac\\\/#primaryimage\"},\"image\":{\"@id\":\"https:\\\/\\\/vanderloubet.com.br\\\/deputado\\\/vander-garante-mais-24-novos-onibus-escolares-para-ms-pelo-novo-pac\\\/#primaryimage\"},\"thumbnailUrl\":\"https:\\\/\\\/vanderloubet.com.br\\\/deputado\\\/wp-content\\\/uploads\\\/2024\\\/10\\\/foto-2024-10-16-onibus-escolares-caminho-escola.jpg\",\"datePublished\":\"2024-10-16T20:00:03+00:00\",\"dateModified\":\"2024-10-17T02:01:07+00:00\",\"description\":\"Governo do presidente Lula entregar\u00e1 3 mil unidades em todo Brasil at\u00e9 2026, com um investimento total de R$ 1,5 bilh\u00e3o.\",\"breadcrumb\":{\"@id\":\"https:\\\/\\\/vanderloubet.com.br\\\/deputado\\\/vander-garante-mais-24-novos-onibus-escolares-para-ms-pelo-novo-pac\\\/#breadcrumb\"},\"inLanguage\":\"pt-BR\",\"potentialAction\":[{\"@type\":\"ReadAction\",\"target\":[\"https:\\\/\\\/vanderloubet.com.br\\\/deputado\\\/vander-garante-mais-24-novos-onibus-escolares-para-ms-pelo-novo-pac\\\/\"]}]},{\"@type\":\"ImageObject\",\"inLanguage\":\"pt-BR\",\"@id\":\"https:\\\/\\\/vanderloubet.com.br\\\/deputado\\\/vander-garante-mais-24-novos-onibus-escolares-para-ms-pelo-novo-pac\\\/#primaryimage\",\"url\":\"https:\\\/\\\/vanderloubet.com.br\\\/deputado\\\/wp-content\\\/uploads\\\/2024\\\/10\\\/foto-2024-10-16-onibus-escolares-caminho-escola.jpg\",\"contentUrl\":\"https:\\\/\\\/vanderloubet.com.br\\\/deputado\\\/wp-content\\\/uploads\\\/2024\\\/10\\\/foto-2024-10-16-onibus-escolares-caminho-escola.jpg\",\"width\":900,\"height\":600,\"caption\":\"Vander garante mais 24 novos \u00f4nibus escolares para MS pelo Novo PAC\"},{\"@type\":\"BreadcrumbList\",\"@id\":\"https:\\\/\\\/vanderloubet.com.br\\\/deputado\\\/vander-garante-mais-24-novos-onibus-escolares-para-ms-pelo-novo-pac\\\/#breadcrumb\",\"itemListElement\":[{\"@type\":\"ListItem\",\"position\":1,\"name\":\"In\u00edcio\",\"item\":\"https:\\\/\\\/vanderloubet.com.br\\\/deputado\\\/\"},{\"@type\":\"ListItem\",\"position\":2,\"name\":\"Vander garante mais 24 novos \u00f4nibus escolares para MS pelo Novo PAC\"}]},{\"@type\":\"WebSite\",\"@id\":\"https:\\\/\\\/vanderloubet.com.br\\\/deputado\\\/#website\",\"url\":\"https:\\\/\\\/vanderloubet.com.br\\\/deputado\\\/\",\"name\":\"Deputado Federal Vander Loubet\",\"description\":\"O Federal de MS\",\"publisher\":{\"@id\":\"https:\\\/\\\/vanderloubet.com.br\\\/deputado\\\/#organization\"},\"alternateName\":\"Deputado Vander\",\"potentialAction\":[{\"@type\":\"SearchAction\",\"target\":{\"@type\":\"EntryPoint\",\"urlTemplate\":\"https:\\\/\\\/vanderloubet.com.br\\\/deputado\\\/?s={search_term_string}\"},\"query-input\":{\"@type\":\"PropertyValueSpecification\",\"valueRequired\":true,\"valueName\":\"search_term_string\"}}],\"inLanguage\":\"pt-BR\"},{\"@type\":\"Organization\",\"@id\":\"https:\\\/\\\/vanderloubet.com.br\\\/deputado\\\/#organization\",\"name\":\"Deputado Federal Vander Loubet\",\"alternateName\":\"Deputado Vander\",\"url\":\"https:\\\/\\\/vanderloubet.com.br\\\/deputado\\\/\",\"logo\":{\"@type\":\"ImageObject\",\"inLanguage\":\"pt-BR\",\"@id\":\"https:\\\/\\\/vanderloubet.com.br\\\/deputado\\\/#\\\/schema\\\/logo\\\/image\\\/\",\"url\":\"https:\\\/\\\/vanderloubet.com.br\\\/deputado\\\/wp-content\\\/uploads\\\/2023\\\/06\\\/foto-2023-06-19-mandato-deputado-vander.jpg\",\"contentUrl\":\"https:\\\/\\\/vanderloubet.com.br\\\/deputado\\\/wp-content\\\/uploads\\\/2023\\\/06\\\/foto-2023-06-19-mandato-deputado-vander.jpg\",\"width\":1080,\"height\":1080,\"caption\":\"Deputado Federal Vander Loubet\"},\"image\":{\"@id\":\"https:\\\/\\\/vanderloubet.com.br\\\/deputado\\\/#\\\/schema\\\/logo\\\/image\\\/\"},\"sameAs\":[\"https:\\\/\\\/facebook.com\\\/deputadovander\",\"https:\\\/\\\/x.com\\\/vanderloubet\",\"https:\\\/\\\/instagram.com\\\/vanderloubet\",\"https:\\\/\\\/youtube.com\\\/vanderloubet\",\"https:\\\/\\\/tiktok.com\\\/@vanderloubetms\"]},{\"@type\":\"Person\",\"@id\":\"https:\\\/\\\/vanderloubet.com.br\\\/deputado\\\/#\\\/schema\\\/person\\\/15b51bd564532a8a68d9dec1b8eb890e\",\"name\":\"\u00c9der\",\"image\":{\"@type\":\"ImageObject\",\"inLanguage\":\"pt-BR\",\"@id\":\"https:\\\/\\\/vanderloubet.com.br\\\/deputado\\\/wp-content\\\/litespeed\\\/avatar\\\/88ca4090d9d5ab1c9495f6ca03b68efa.jpg?ver=1777058957\",\"url\":\"https:\\\/\\\/vanderloubet.com.br\\\/deputado\\\/wp-content\\\/litespeed\\\/avatar\\\/88ca4090d9d5ab1c9495f6ca03b68efa.jpg?ver=1777058957\",\"contentUrl\":\"https:\\\/\\\/vanderloubet.com.br\\\/deputado\\\/wp-content\\\/litespeed\\\/avatar\\\/88ca4090d9d5ab1c9495f6ca03b68efa.jpg?ver=1777058957\",\"caption\":\"\u00c9der\"}}]}<\/script>\n<!-- \/ Yoast SEO plugin. -->","yoast_head_json":{"title":"Vander garante mais 24 novos \u00f4nibus escolares para MS pelo Novo PAC","description":"Governo do presidente Lula entregar\u00e1 3 mil unidades em todo Brasil at\u00e9 2026, com um investimento total de R$ 1,5 bilh\u00e3o.","robots":{"index":"index","follow":"follow","max-snippet":"max-snippet:-1","max-image-preview":"max-image-preview:large","max-video-preview":"max-video-preview:-1"},"canonical":"https:\/\/vanderloubet.com.br\/deputado\/vander-garante-mais-24-novos-onibus-escolares-para-ms-pelo-novo-pac\/","og_locale":"pt_BR","og_type":"article","og_title":"Vander garante mais 24 novos \u00f4nibus escolares para MS pelo Novo PAC","og_description":"Governo do presidente Lula entregar\u00e1 3 mil unidades em todo Brasil at\u00e9 2026, com um investimento total de R$ 1,5 bilh\u00e3o.","og_url":"https:\/\/vanderloubet.com.br\/deputado\/vander-garante-mais-24-novos-onibus-escolares-para-ms-pelo-novo-pac\/","og_site_name":"Deputado Federal Vander Loubet","article_publisher":"https:\/\/facebook.com\/deputadovander","article_published_time":"2024-10-16T20:00:03+00:00","article_modified_time":"2024-10-17T02:01:07+00:00","og_image":[{"width":900,"height":600,"url":"https:\/\/vanderloubet.com.br\/deputado\/wp-content\/uploads\/2024\/10\/foto-2024-10-16-onibus-escolares-caminho-escola.jpg","type":"image\/jpeg"}],"author":"\u00c9der","twitter_card":"summary_large_image","twitter_creator":"@vanderloubet","twitter_site":"@vanderloubet","schema":{"@context":"https:\/\/schema.org","@graph":[{"@type":"Article","@id":"https:\/\/vanderloubet.com.br\/deputado\/vander-garante-mais-24-novos-onibus-escolares-para-ms-pelo-novo-pac\/#article","isPartOf":{"@id":"https:\/\/vanderloubet.com.br\/deputado\/vander-garante-mais-24-novos-onibus-escolares-para-ms-pelo-novo-pac\/"},"author":{"name":"\u00c9der","@id":"https:\/\/vanderloubet.com.br\/deputado\/#\/schema\/person\/15b51bd564532a8a68d9dec1b8eb890e"},"headline":"Vander garante mais 24 novos \u00f4nibus escolares para MS pelo Novo PAC","datePublished":"2024-10-16T20:00:03+00:00","dateModified":"2024-10-17T02:01:07+00:00","mainEntityOfPage":{"@id":"https:\/\/vanderloubet.com.br\/deputado\/vander-garante-mais-24-novos-onibus-escolares-para-ms-pelo-novo-pac\/"},"wordCount":446,"publisher":{"@id":"https:\/\/vanderloubet.com.br\/deputado\/#organization"},"image":{"@id":"https:\/\/vanderloubet.com.br\/deputado\/vander-garante-mais-24-novos-onibus-escolares-para-ms-pelo-novo-pac\/#primaryimage"},"thumbnailUrl":"https:\/\/vanderloubet.com.br\/deputado\/wp-content\/uploads\/2024\/10\/foto-2024-10-16-onibus-escolares-caminho-escola.jpg","keywords":["amambai","anauril\u00e2ndia","aquidauana","aral moreira","bandeirantes","bela vista","bonito","caarap\u00f3","cassil\u00e2ndia","chapad\u00e3o do sul","coronel sapucaia","corumb\u00e1","deod\u00e1polis","educa\u00e7\u00e3o","governo federal","itaquira\u00ed","miranda","novo pac","para\u00edso das \u00e1guas","parana\u00edba","paranhos","ribas do rio pardo","rio brilhante","rio verde de mato grosso","rochedo","sonora","tr\u00eas lagoas"],"articleSection":["Multim\u00eddia","Munic\u00edpios","Not\u00edcias","V\u00eddeos"],"inLanguage":"pt-BR"},{"@type":"WebPage","@id":"https:\/\/vanderloubet.com.br\/deputado\/vander-garante-mais-24-novos-onibus-escolares-para-ms-pelo-novo-pac\/","url":"https:\/\/vanderloubet.com.br\/deputado\/vander-garante-mais-24-novos-onibus-escolares-para-ms-pelo-novo-pac\/","name":"Vander garante mais 24 novos \u00f4nibus escolares para MS pelo Novo PAC","isPartOf":{"@id":"https:\/\/vanderloubet.com.br\/deputado\/#website"},"primaryImageOfPage":{"@id":"https:\/\/vanderloubet.com.br\/deputado\/vander-garante-mais-24-novos-onibus-escolares-para-ms-pelo-novo-pac\/#primaryimage"},"image":{"@id":"https:\/\/vanderloubet.com.br\/deputado\/vander-garante-mais-24-novos-onibus-escolares-para-ms-pelo-novo-pac\/#primaryimage"},"thumbnailUrl":"https:\/\/vanderloubet.com.br\/deputado\/wp-content\/uploads\/2024\/10\/foto-2024-10-16-onibus-escolares-caminho-escola.jpg","datePublished":"2024-10-16T20:00:03+00:00","dateModified":"2024-10-17T02:01:07+00:00","description":"Governo do presidente Lula entregar\u00e1 3 mil unidades em todo Brasil at\u00e9 2026, com um investimento total de R$ 1,5 bilh\u00e3o.","breadcrumb":{"@id":"https:\/\/vanderloubet.com.br\/deputado\/vander-garante-mais-24-novos-onibus-escolares-para-ms-pelo-novo-pac\/#breadcrumb"},"inLanguage":"pt-BR","potentialAction":[{"@type":"ReadAction","target":["https:\/\/vanderloubet.com.br\/deputado\/vander-garante-mais-24-novos-onibus-escolares-para-ms-pelo-novo-pac\/"]}]},{"@type":"ImageObject","inLanguage":"pt-BR","@id":"https:\/\/vanderloubet.com.br\/deputado\/vander-garante-mais-24-novos-onibus-escolares-para-ms-pelo-novo-pac\/#primaryimage","url":"https:\/\/vanderloubet.com.br\/deputado\/wp-content\/uploads\/2024\/10\/foto-2024-10-16-onibus-escolares-caminho-escola.jpg","contentUrl":"https:\/\/vanderloubet.com.br\/deputado\/wp-content\/uploads\/2024\/10\/foto-2024-10-16-onibus-escolares-caminho-escola.jpg","width":900,"height":600,"caption":"Vander garante mais 24 novos \u00f4nibus escolares para MS pelo Novo PAC"},{"@type":"BreadcrumbList","@id":"https:\/\/vanderloubet.com.br\/deputado\/vander-garante-mais-24-novos-onibus-escolares-para-ms-pelo-novo-pac\/#breadcrumb","itemListElement":[{"@type":"ListItem","position":1,"name":"In\u00edcio","item":"https:\/\/vanderloubet.com.br\/deputado\/"},{"@type":"ListItem","position":2,"name":"Vander garante mais 24 novos \u00f4nibus escolares para MS pelo Novo PAC"}]},{"@type":"WebSite","@id":"https:\/\/vanderloubet.com.br\/deputado\/#website","url":"https:\/\/vanderloubet.com.br\/deputado\/","name":"Deputado Federal Vander Loubet","description":"O Federal de MS","publisher":{"@id":"https:\/\/vanderloubet.com.br\/deputado\/#organization"},"alternateName":"Deputado Vander","potentialAction":[{"@type":"SearchAction","target":{"@type":"EntryPoint","urlTemplate":"https:\/\/vanderloubet.com.br\/deputado\/?s={search_term_string}"},"query-input":{"@type":"PropertyValueSpecification","valueRequired":true,"valueName":"search_term_string"}}],"inLanguage":"pt-BR"},{"@type":"Organization","@id":"https:\/\/vanderloubet.com.br\/deputado\/#organization","name":"Deputado Federal Vander Loubet","alternateName":"Deputado Vander","url":"https:\/\/vanderloubet.com.br\/deputado\/","logo":{"@type":"ImageObject","inLanguage":"pt-BR","@id":"https:\/\/vanderloubet.com.br\/deputado\/#\/schema\/logo\/image\/","url":"https:\/\/vanderloubet.com.br\/deputado\/wp-content\/uploads\/2023\/06\/foto-2023-06-19-mandato-deputado-vander.jpg","contentUrl":"https:\/\/vanderloubet.com.br\/deputado\/wp-content\/uploads\/2023\/06\/foto-2023-06-19-mandato-deputado-vander.jpg","width":1080,"height":1080,"caption":"Deputado Federal Vander Loubet"},"image":{"@id":"https:\/\/vanderloubet.com.br\/deputado\/#\/schema\/logo\/image\/"},"sameAs":["https:\/\/facebook.com\/deputadovander","https:\/\/x.com\/vanderloubet","https:\/\/instagram.com\/vanderloubet","https:\/\/youtube.com\/vanderloubet","https:\/\/tiktok.com\/@vanderloubetms"]},{"@type":"Person","@id":"https:\/\/vanderloubet.com.br\/deputado\/#\/schema\/person\/15b51bd564532a8a68d9dec1b8eb890e","name":"\u00c9der","image":{"@type":"ImageObject","inLanguage":"pt-BR","@id":"https:\/\/vanderloubet.com.br\/deputado\/wp-content\/litespeed\/avatar\/88ca4090d9d5ab1c9495f6ca03b68efa.jpg?ver=1777058957","url":"https:\/\/vanderloubet.com.br\/deputado\/wp-content\/litespeed\/avatar\/88ca4090d9d5ab1c9495f6ca03b68efa.jpg?ver=1777058957","contentUrl":"https:\/\/vanderloubet.com.br\/deputado\/wp-content\/litespeed\/avatar\/88ca4090d9d5ab1c9495f6ca03b68efa.jpg?ver=1777058957","caption":"\u00c9der"}}]}},"jetpack_featured_media_url":"https:\/\/vanderloubet.com.br\/deputado\/wp-content\/uploads\/2024\/10\/foto-2024-10-16-onibus-escolares-caminho-escola.jpg","jetpack_sharing_enabled":true,"_links":{"self":[{"href":"https:\/\/vanderloubet.com.br\/deputado\/wp-json\/wp\/v2\/posts\/20052","targetHints":{"allow":["GET"]}}],"collection":[{"href":"https:\/\/vanderloubet.com.br\/deputado\/wp-json\/wp\/v2\/posts"}],"about":[{"href":"https:\/\/vanderloubet.com.br\/deputado\/wp-json\/wp\/v2\/types\/post"}],"author":[{"embeddable":true,"href":"https:\/\/vanderloubet.com.br\/deputado\/wp-json\/wp\/v2\/users\/2"}],"replies":[{"embeddable":true,"href":"https:\/\/vanderloubet.com.br\/deputado\/wp-json\/wp\/v2\/comments?post=20052"}],"version-history":[{"count":0,"href":"https:\/\/vanderloubet.com.br\/deputado\/wp-json\/wp\/v2\/posts\/20052\/revisions"}],"wp:featuredmedia":[{"embeddable":true,"href":"https:\/\/vanderloubet.com.br\/deputado\/wp-json\/wp\/v2\/media\/20053"}],"wp:attachment":[{"href":"https:\/\/vanderloubet.com.br\/deputado\/wp-json\/wp\/v2\/media?parent=20052"}],"wp:term":[{"taxonomy":"category","embeddable":true,"href":"https:\/\/vanderloubet.com.br\/deputado\/wp-json\/wp\/v2\/categories?post=20052"},{"taxonomy":"post_tag","embeddable":true,"href":"https:\/\/vanderloubet.com.br\/deputado\/wp-json\/wp\/v2\/tags?post=20052"}],"curies":[{"name":"wp","href":"https:\/\/api.w.org\/{rel}","templated":true}]}}