{"id":19713,"date":"2024-07-05T15:01:29","date_gmt":"2024-07-05T19:01:29","guid":{"rendered":"https:\/\/vanderloubet.com.br\/deputado\/?p=19713"},"modified":"2024-07-05T15:01:29","modified_gmt":"2024-07-05T19:01:29","slug":"sob-coordenacao-de-vander-bancada-e-estado-garantem-r-7026-milhoes-para-ms","status":"publish","type":"post","link":"https:\/\/vanderloubet.com.br\/deputado\/sob-coordenacao-de-vander-bancada-e-estado-garantem-r-7026-milhoes-para-ms\/","title":{"rendered":"Sob coordena\u00e7\u00e3o de Vander, bancada e Estado garantem R$ 702,6 milh\u00f5es para MS"},"content":{"rendered":"<p>Foi realizada nesta sexta-feira (5), no Centro de Conven\u00e7\u00f5es Rubens Gil de Camillo, em Campo Grande, a solenidade de libera\u00e7\u00e3o de emendas da bancada federal em parceria com o Governo do Estado de Mato Grosso do Sul. S\u00e3o cerca de R$ 590, 5 milh\u00f5es viabilizados pelos deputados e senadores em 2024 &#8211; sob a coordena\u00e7\u00e3o do deputado federal Vander Loubet &#8211; e mais 112,1 milh\u00f5es de contrapartida do Estado, totalizando R$ 702,6 milh\u00f5es em investimentos.<\/p>\n<p>A solenidade contou com a presen\u00e7a do governador Eduardo Riedel; dos deputados Vander Loubet, Beto Pereira, Dagoberto Nogueira e Geraldo Resende; do senador Nelsinho Trad; de secret\u00e1rios estaduais e de dezenas de prefeitos, secret\u00e1rios municipais e vereadores.<\/p>\n<p>Desse montante, que representa a soma de emendas de bancada, emendas individuais e emendas de comiss\u00e3o, a distribui\u00e7\u00e3o por \u00e1rea ficou dessa forma:<\/p>\n<ul>\n<li>Infraestrutura: R$ 166 milh\u00f5es<\/li>\n<li>Sa\u00fade: 163,3 milh\u00f5es<\/li>\n<li>Desenvolvimento: R$ 144,4 milh\u00f5es<\/li>\n<li>Educa\u00e7\u00e3o: R$ 135,9 milh\u00f5es<\/li>\n<li>Habita\u00e7\u00e3o: R$ 35 milh\u00f5es<\/li>\n<li>Seguran\u00e7a P\u00fablica: R$ 28,9 milh\u00f5es<\/li>\n<li>Assist\u00eancia Social: R$ 18,7 milh\u00f5es<\/li>\n<li>Cultura: R$ 6 milh\u00f5es<\/li>\n<li>Esporte: R$ 3,8 milh\u00f5es<\/li>\n<li>Cidadania: R$ 200 mil<\/li>\n<\/ul>\n<figure id=\"attachment_19715\" aria-describedby=\"caption-attachment-19715\" style=\"width: 696px\" class=\"wp-caption aligncenter\"><img decoding=\"async\" class=\"wp-image-19715 size-large\" title=\"Clima amistoso e de uni\u00e3o marcou o ato de libera\u00e7\u00e3o de emendas federais\" src=\"https:\/\/vanderloubet.com.br\/deputado\/wp-content\/uploads\/2024\/07\/foto-2024-07-05-solenidade-liberacao-emendas-02-700x525.jpg\" alt=\"Clima amistoso e de uni\u00e3o marcou o ato de libera\u00e7\u00e3o de emendas federais\" width=\"696\" height=\"522\" srcset=\"https:\/\/vanderloubet.com.br\/deputado\/wp-content\/uploads\/2024\/07\/foto-2024-07-05-solenidade-liberacao-emendas-02-700x525.jpg 700w, https:\/\/vanderloubet.com.br\/deputado\/wp-content\/uploads\/2024\/07\/foto-2024-07-05-solenidade-liberacao-emendas-02-350x263.jpg 350w, https:\/\/vanderloubet.com.br\/deputado\/wp-content\/uploads\/2024\/07\/foto-2024-07-05-solenidade-liberacao-emendas-02-768x576.jpg 768w, https:\/\/vanderloubet.com.br\/deputado\/wp-content\/uploads\/2024\/07\/foto-2024-07-05-solenidade-liberacao-emendas-02-560x420.jpg 560w, https:\/\/vanderloubet.com.br\/deputado\/wp-content\/uploads\/2024\/07\/foto-2024-07-05-solenidade-liberacao-emendas-02-80x60.jpg 80w, https:\/\/vanderloubet.com.br\/deputado\/wp-content\/uploads\/2024\/07\/foto-2024-07-05-solenidade-liberacao-emendas-02-696x522.jpg 696w, https:\/\/vanderloubet.com.br\/deputado\/wp-content\/uploads\/2024\/07\/foto-2024-07-05-solenidade-liberacao-emendas-02-265x198.jpg 265w, https:\/\/vanderloubet.com.br\/deputado\/wp-content\/uploads\/2024\/07\/foto-2024-07-05-solenidade-liberacao-emendas-02.jpg 900w\" sizes=\"(max-width: 696px) 100vw, 696px\" \/><figcaption id=\"caption-attachment-19715\" class=\"wp-caption-text\">Clima amistoso e de uni\u00e3o marcou o ato de libera\u00e7\u00e3o de emendas federais<\/figcaption><\/figure>\n<p>De acordo com o deputado Vander, esse montante \u00e9 resultado do trabalho unificado da bancada com o governo estadual em torno dos interesses de Mato Grosso do Sul.<\/p>\n<p>&#8220;Isso \u00e9 fruto da rela\u00e7\u00e3o que constru\u00edmos desde o primeiro dia do governo Lula com o governador Eduardo Riedel. A nossa bancada \u00e9 muito plural e tem representantes de todas as ideologias, mas sempre esteve unida nos interesses do estado. Esse volume de recursos materializa esse trabalho conjunto: meu, dos nossos senadores Nelsinho, Tereza e Soraya e dos nossos deputados Beto, Dagoberto, Camila, Geraldo, Pollon, Rodolfo e Ovando. \u00c9 um momento de coroamento para os munic\u00edpios e o estado&#8221;, destaca o petista.<\/p>\n<p>O parlamentar ressalta que essa uni\u00e3o \u00e9 necess\u00e1ria para garantir que MS conquiste investimentos em Bras\u00edlia.<\/p>\n<p>&#8220;Somos 11 diante de bancadas de outros estados que t\u00eam 20, 40, 50, 70 parlamentares no Congresso disputando o or\u00e7amento da Uni\u00e3o. Por isso, esse trabalho conjunto \u00e9 fundamental para que possamos extrair o m\u00e1ximo para Mato Grosso do Sul e nossos 79 munic\u00edpios&#8221;, conclui Vander.<\/p>\n<pre><em>Texto: \u00c9der F. Yanaguita<\/em>\r\n<em>Fotos: Alex Nantes<\/em><\/pre>\n","protected":false},"excerpt":{"rendered":"<p>Volume de recursos \u00e9 resultado do trabalho unificado em torno dos interesses de Mato Grosso do Sul, afirma deputado.<\/p>\n","protected":false},"author":2,"featured_media":19714,"comment_status":"closed","ping_status":"closed","sticky":false,"template":"","format":"standard","meta":{"jetpack_post_was_ever_published":false,"_jetpack_newsletter_access":"","_jetpack_dont_email_post_to_subs":false,"_jetpack_newsletter_tier_id":0,"_jetpack_memberships_contains_paywalled_content":false,"_jetpack_memberships_contains_paid_content":false,"footnotes":""},"categories":[2099,10],"tags":[199,562,697,2127,2305,956,1028,1803,2220],"class_list":{"0":"post-19713","1":"post","2":"type-post","3":"status-publish","4":"format-standard","5":"has-post-thumbnail","7":"category-ms-noticias","8":"category-noticias","9":"tag-assistencia-social","10":"tag-cultura","11":"tag-educacao","12":"tag-emenda-parlamentar","13":"tag-esporte-e-lazer","14":"tag-habitacao","15":"tag-infraestrutura","16":"tag-saude","17":"tag-seguranca-publica"},"yoast_head":"<!-- This site is optimized with the Yoast SEO plugin v27.4 - https:\/\/yoast.com\/product\/yoast-seo-wordpress\/ -->\n<title>Sob coordena\u00e7\u00e3o de Vander, bancada e Estado garantem R$ 702,6 milh\u00f5es para MS<\/title>\n<meta name=\"description\" content=\"Volume de recursos \u00e9 resultado do trabalho unificado em torno dos interesses de Mato Grosso do Sul, afirma deputado.\" \/>\n<meta name=\"robots\" content=\"index, follow, max-snippet:-1, max-image-preview:large, max-video-preview:-1\" \/>\n<link rel=\"canonical\" href=\"https:\/\/vanderloubet.com.br\/deputado\/sob-coordenacao-de-vander-bancada-e-estado-garantem-r-7026-milhoes-para-ms\/\" \/>\n<meta property=\"og:locale\" content=\"pt_BR\" \/>\n<meta property=\"og:type\" content=\"article\" \/>\n<meta property=\"og:title\" content=\"Sob coordena\u00e7\u00e3o de Vander, bancada e Estado garantem R$ 702,6 milh\u00f5es para MS\" \/>\n<meta property=\"og:description\" content=\"Volume de recursos \u00e9 resultado do trabalho unificado em torno dos interesses de Mato Grosso do Sul, afirma deputado.\" \/>\n<meta property=\"og:url\" content=\"https:\/\/vanderloubet.com.br\/deputado\/sob-coordenacao-de-vander-bancada-e-estado-garantem-r-7026-milhoes-para-ms\/\" \/>\n<meta property=\"og:site_name\" content=\"Deputado Federal Vander Loubet\" \/>\n<meta property=\"article:publisher\" content=\"https:\/\/facebook.com\/deputadovander\" \/>\n<meta property=\"article:published_time\" content=\"2024-07-05T19:01:29+00:00\" \/>\n<meta property=\"og:image\" content=\"https:\/\/vanderloubet.com.br\/deputado\/wp-content\/uploads\/2024\/07\/foto-2024-07-05-solenidade-liberacao-emendas-01.jpg\" \/>\n\t<meta property=\"og:image:width\" content=\"900\" \/>\n\t<meta property=\"og:image:height\" content=\"675\" \/>\n\t<meta property=\"og:image:type\" content=\"image\/jpeg\" \/>\n<meta name=\"author\" content=\"\u00c9der\" \/>\n<meta name=\"twitter:card\" content=\"summary_large_image\" \/>\n<meta name=\"twitter:creator\" content=\"@vanderloubet\" \/>\n<meta name=\"twitter:site\" content=\"@vanderloubet\" \/>\n<script type=\"application\/ld+json\" class=\"yoast-schema-graph\">{\"@context\":\"https:\\\/\\\/schema.org\",\"@graph\":[{\"@type\":\"Article\",\"@id\":\"https:\\\/\\\/vanderloubet.com.br\\\/deputado\\\/sob-coordenacao-de-vander-bancada-e-estado-garantem-r-7026-milhoes-para-ms\\\/#article\",\"isPartOf\":{\"@id\":\"https:\\\/\\\/vanderloubet.com.br\\\/deputado\\\/sob-coordenacao-de-vander-bancada-e-estado-garantem-r-7026-milhoes-para-ms\\\/\"},\"author\":{\"name\":\"\u00c9der\",\"@id\":\"https:\\\/\\\/vanderloubet.com.br\\\/deputado\\\/#\\\/schema\\\/person\\\/15b51bd564532a8a68d9dec1b8eb890e\"},\"headline\":\"Sob coordena\u00e7\u00e3o de Vander, bancada e Estado garantem R$ 702,6 milh\u00f5es para MS\",\"datePublished\":\"2024-07-05T19:01:29+00:00\",\"mainEntityOfPage\":{\"@id\":\"https:\\\/\\\/vanderloubet.com.br\\\/deputado\\\/sob-coordenacao-de-vander-bancada-e-estado-garantem-r-7026-milhoes-para-ms\\\/\"},\"wordCount\":394,\"publisher\":{\"@id\":\"https:\\\/\\\/vanderloubet.com.br\\\/deputado\\\/#organization\"},\"image\":{\"@id\":\"https:\\\/\\\/vanderloubet.com.br\\\/deputado\\\/sob-coordenacao-de-vander-bancada-e-estado-garantem-r-7026-milhoes-para-ms\\\/#primaryimage\"},\"thumbnailUrl\":\"https:\\\/\\\/vanderloubet.com.br\\\/deputado\\\/wp-content\\\/uploads\\\/2024\\\/07\\\/foto-2024-07-05-solenidade-liberacao-emendas-01.jpg\",\"keywords\":[\"assist\u00eancia social\",\"cultura\",\"educa\u00e7\u00e3o\",\"emenda parlamentar\",\"esporte e lazer\",\"habita\u00e7\u00e3o\",\"infraestrutura\",\"sa\u00fade\",\"seguran\u00e7a p\u00fablica\"],\"articleSection\":[\"Mato Grosso do Sul\",\"Not\u00edcias\"],\"inLanguage\":\"pt-BR\"},{\"@type\":\"WebPage\",\"@id\":\"https:\\\/\\\/vanderloubet.com.br\\\/deputado\\\/sob-coordenacao-de-vander-bancada-e-estado-garantem-r-7026-milhoes-para-ms\\\/\",\"url\":\"https:\\\/\\\/vanderloubet.com.br\\\/deputado\\\/sob-coordenacao-de-vander-bancada-e-estado-garantem-r-7026-milhoes-para-ms\\\/\",\"name\":\"Sob coordena\u00e7\u00e3o de Vander, bancada e Estado garantem R$ 702,6 milh\u00f5es para MS\",\"isPartOf\":{\"@id\":\"https:\\\/\\\/vanderloubet.com.br\\\/deputado\\\/#website\"},\"primaryImageOfPage\":{\"@id\":\"https:\\\/\\\/vanderloubet.com.br\\\/deputado\\\/sob-coordenacao-de-vander-bancada-e-estado-garantem-r-7026-milhoes-para-ms\\\/#primaryimage\"},\"image\":{\"@id\":\"https:\\\/\\\/vanderloubet.com.br\\\/deputado\\\/sob-coordenacao-de-vander-bancada-e-estado-garantem-r-7026-milhoes-para-ms\\\/#primaryimage\"},\"thumbnailUrl\":\"https:\\\/\\\/vanderloubet.com.br\\\/deputado\\\/wp-content\\\/uploads\\\/2024\\\/07\\\/foto-2024-07-05-solenidade-liberacao-emendas-01.jpg\",\"datePublished\":\"2024-07-05T19:01:29+00:00\",\"description\":\"Volume de recursos \u00e9 resultado do trabalho unificado em torno dos interesses de Mato Grosso do Sul, afirma deputado.\",\"breadcrumb\":{\"@id\":\"https:\\\/\\\/vanderloubet.com.br\\\/deputado\\\/sob-coordenacao-de-vander-bancada-e-estado-garantem-r-7026-milhoes-para-ms\\\/#breadcrumb\"},\"inLanguage\":\"pt-BR\",\"potentialAction\":[{\"@type\":\"ReadAction\",\"target\":[\"https:\\\/\\\/vanderloubet.com.br\\\/deputado\\\/sob-coordenacao-de-vander-bancada-e-estado-garantem-r-7026-milhoes-para-ms\\\/\"]}]},{\"@type\":\"ImageObject\",\"inLanguage\":\"pt-BR\",\"@id\":\"https:\\\/\\\/vanderloubet.com.br\\\/deputado\\\/sob-coordenacao-de-vander-bancada-e-estado-garantem-r-7026-milhoes-para-ms\\\/#primaryimage\",\"url\":\"https:\\\/\\\/vanderloubet.com.br\\\/deputado\\\/wp-content\\\/uploads\\\/2024\\\/07\\\/foto-2024-07-05-solenidade-liberacao-emendas-01.jpg\",\"contentUrl\":\"https:\\\/\\\/vanderloubet.com.br\\\/deputado\\\/wp-content\\\/uploads\\\/2024\\\/07\\\/foto-2024-07-05-solenidade-liberacao-emendas-01.jpg\",\"width\":900,\"height\":675,\"caption\":\"Sob coordena\u00e7\u00e3o de Vander, bancada e Estado garantem R$ 702,6 milh\u00f5es para MS\"},{\"@type\":\"BreadcrumbList\",\"@id\":\"https:\\\/\\\/vanderloubet.com.br\\\/deputado\\\/sob-coordenacao-de-vander-bancada-e-estado-garantem-r-7026-milhoes-para-ms\\\/#breadcrumb\",\"itemListElement\":[{\"@type\":\"ListItem\",\"position\":1,\"name\":\"In\u00edcio\",\"item\":\"https:\\\/\\\/vanderloubet.com.br\\\/deputado\\\/\"},{\"@type\":\"ListItem\",\"position\":2,\"name\":\"Sob coordena\u00e7\u00e3o de Vander, bancada e Estado garantem R$ 702,6 milh\u00f5es para MS\"}]},{\"@type\":\"WebSite\",\"@id\":\"https:\\\/\\\/vanderloubet.com.br\\\/deputado\\\/#website\",\"url\":\"https:\\\/\\\/vanderloubet.com.br\\\/deputado\\\/\",\"name\":\"Deputado Federal Vander Loubet\",\"description\":\"O Federal de MS\",\"publisher\":{\"@id\":\"https:\\\/\\\/vanderloubet.com.br\\\/deputado\\\/#organization\"},\"alternateName\":\"Deputado Vander\",\"potentialAction\":[{\"@type\":\"SearchAction\",\"target\":{\"@type\":\"EntryPoint\",\"urlTemplate\":\"https:\\\/\\\/vanderloubet.com.br\\\/deputado\\\/?s={search_term_string}\"},\"query-input\":{\"@type\":\"PropertyValueSpecification\",\"valueRequired\":true,\"valueName\":\"search_term_string\"}}],\"inLanguage\":\"pt-BR\"},{\"@type\":\"Organization\",\"@id\":\"https:\\\/\\\/vanderloubet.com.br\\\/deputado\\\/#organization\",\"name\":\"Deputado Federal Vander Loubet\",\"alternateName\":\"Deputado Vander\",\"url\":\"https:\\\/\\\/vanderloubet.com.br\\\/deputado\\\/\",\"logo\":{\"@type\":\"ImageObject\",\"inLanguage\":\"pt-BR\",\"@id\":\"https:\\\/\\\/vanderloubet.com.br\\\/deputado\\\/#\\\/schema\\\/logo\\\/image\\\/\",\"url\":\"https:\\\/\\\/vanderloubet.com.br\\\/deputado\\\/wp-content\\\/uploads\\\/2023\\\/06\\\/foto-2023-06-19-mandato-deputado-vander.jpg\",\"contentUrl\":\"https:\\\/\\\/vanderloubet.com.br\\\/deputado\\\/wp-content\\\/uploads\\\/2023\\\/06\\\/foto-2023-06-19-mandato-deputado-vander.jpg\",\"width\":1080,\"height\":1080,\"caption\":\"Deputado Federal Vander Loubet\"},\"image\":{\"@id\":\"https:\\\/\\\/vanderloubet.com.br\\\/deputado\\\/#\\\/schema\\\/logo\\\/image\\\/\"},\"sameAs\":[\"https:\\\/\\\/facebook.com\\\/deputadovander\",\"https:\\\/\\\/x.com\\\/vanderloubet\",\"https:\\\/\\\/instagram.com\\\/vanderloubet\",\"https:\\\/\\\/youtube.com\\\/vanderloubet\",\"https:\\\/\\\/tiktok.com\\\/@vanderloubetms\"]},{\"@type\":\"Person\",\"@id\":\"https:\\\/\\\/vanderloubet.com.br\\\/deputado\\\/#\\\/schema\\\/person\\\/15b51bd564532a8a68d9dec1b8eb890e\",\"name\":\"\u00c9der\",\"image\":{\"@type\":\"ImageObject\",\"inLanguage\":\"pt-BR\",\"@id\":\"https:\\\/\\\/vanderloubet.com.br\\\/deputado\\\/wp-content\\\/litespeed\\\/avatar\\\/88ca4090d9d5ab1c9495f6ca03b68efa.jpg?ver=1777058957\",\"url\":\"https:\\\/\\\/vanderloubet.com.br\\\/deputado\\\/wp-content\\\/litespeed\\\/avatar\\\/88ca4090d9d5ab1c9495f6ca03b68efa.jpg?ver=1777058957\",\"contentUrl\":\"https:\\\/\\\/vanderloubet.com.br\\\/deputado\\\/wp-content\\\/litespeed\\\/avatar\\\/88ca4090d9d5ab1c9495f6ca03b68efa.jpg?ver=1777058957\",\"caption\":\"\u00c9der\"}}]}<\/script>\n<!-- \/ Yoast SEO plugin. -->","yoast_head_json":{"title":"Sob coordena\u00e7\u00e3o de Vander, bancada e Estado garantem R$ 702,6 milh\u00f5es para MS","description":"Volume de recursos \u00e9 resultado do trabalho unificado em torno dos interesses de Mato Grosso do Sul, afirma deputado.","robots":{"index":"index","follow":"follow","max-snippet":"max-snippet:-1","max-image-preview":"max-image-preview:large","max-video-preview":"max-video-preview:-1"},"canonical":"https:\/\/vanderloubet.com.br\/deputado\/sob-coordenacao-de-vander-bancada-e-estado-garantem-r-7026-milhoes-para-ms\/","og_locale":"pt_BR","og_type":"article","og_title":"Sob coordena\u00e7\u00e3o de Vander, bancada e Estado garantem R$ 702,6 milh\u00f5es para MS","og_description":"Volume de recursos \u00e9 resultado do trabalho unificado em torno dos interesses de Mato Grosso do Sul, afirma deputado.","og_url":"https:\/\/vanderloubet.com.br\/deputado\/sob-coordenacao-de-vander-bancada-e-estado-garantem-r-7026-milhoes-para-ms\/","og_site_name":"Deputado Federal Vander Loubet","article_publisher":"https:\/\/facebook.com\/deputadovander","article_published_time":"2024-07-05T19:01:29+00:00","og_image":[{"width":900,"height":675,"url":"https:\/\/vanderloubet.com.br\/deputado\/wp-content\/uploads\/2024\/07\/foto-2024-07-05-solenidade-liberacao-emendas-01.jpg","type":"image\/jpeg"}],"author":"\u00c9der","twitter_card":"summary_large_image","twitter_creator":"@vanderloubet","twitter_site":"@vanderloubet","schema":{"@context":"https:\/\/schema.org","@graph":[{"@type":"Article","@id":"https:\/\/vanderloubet.com.br\/deputado\/sob-coordenacao-de-vander-bancada-e-estado-garantem-r-7026-milhoes-para-ms\/#article","isPartOf":{"@id":"https:\/\/vanderloubet.com.br\/deputado\/sob-coordenacao-de-vander-bancada-e-estado-garantem-r-7026-milhoes-para-ms\/"},"author":{"name":"\u00c9der","@id":"https:\/\/vanderloubet.com.br\/deputado\/#\/schema\/person\/15b51bd564532a8a68d9dec1b8eb890e"},"headline":"Sob coordena\u00e7\u00e3o de Vander, bancada e Estado garantem R$ 702,6 milh\u00f5es para MS","datePublished":"2024-07-05T19:01:29+00:00","mainEntityOfPage":{"@id":"https:\/\/vanderloubet.com.br\/deputado\/sob-coordenacao-de-vander-bancada-e-estado-garantem-r-7026-milhoes-para-ms\/"},"wordCount":394,"publisher":{"@id":"https:\/\/vanderloubet.com.br\/deputado\/#organization"},"image":{"@id":"https:\/\/vanderloubet.com.br\/deputado\/sob-coordenacao-de-vander-bancada-e-estado-garantem-r-7026-milhoes-para-ms\/#primaryimage"},"thumbnailUrl":"https:\/\/vanderloubet.com.br\/deputado\/wp-content\/uploads\/2024\/07\/foto-2024-07-05-solenidade-liberacao-emendas-01.jpg","keywords":["assist\u00eancia social","cultura","educa\u00e7\u00e3o","emenda parlamentar","esporte e lazer","habita\u00e7\u00e3o","infraestrutura","sa\u00fade","seguran\u00e7a p\u00fablica"],"articleSection":["Mato Grosso do Sul","Not\u00edcias"],"inLanguage":"pt-BR"},{"@type":"WebPage","@id":"https:\/\/vanderloubet.com.br\/deputado\/sob-coordenacao-de-vander-bancada-e-estado-garantem-r-7026-milhoes-para-ms\/","url":"https:\/\/vanderloubet.com.br\/deputado\/sob-coordenacao-de-vander-bancada-e-estado-garantem-r-7026-milhoes-para-ms\/","name":"Sob coordena\u00e7\u00e3o de Vander, bancada e Estado garantem R$ 702,6 milh\u00f5es para MS","isPartOf":{"@id":"https:\/\/vanderloubet.com.br\/deputado\/#website"},"primaryImageOfPage":{"@id":"https:\/\/vanderloubet.com.br\/deputado\/sob-coordenacao-de-vander-bancada-e-estado-garantem-r-7026-milhoes-para-ms\/#primaryimage"},"image":{"@id":"https:\/\/vanderloubet.com.br\/deputado\/sob-coordenacao-de-vander-bancada-e-estado-garantem-r-7026-milhoes-para-ms\/#primaryimage"},"thumbnailUrl":"https:\/\/vanderloubet.com.br\/deputado\/wp-content\/uploads\/2024\/07\/foto-2024-07-05-solenidade-liberacao-emendas-01.jpg","datePublished":"2024-07-05T19:01:29+00:00","description":"Volume de recursos \u00e9 resultado do trabalho unificado em torno dos interesses de Mato Grosso do Sul, afirma deputado.","breadcrumb":{"@id":"https:\/\/vanderloubet.com.br\/deputado\/sob-coordenacao-de-vander-bancada-e-estado-garantem-r-7026-milhoes-para-ms\/#breadcrumb"},"inLanguage":"pt-BR","potentialAction":[{"@type":"ReadAction","target":["https:\/\/vanderloubet.com.br\/deputado\/sob-coordenacao-de-vander-bancada-e-estado-garantem-r-7026-milhoes-para-ms\/"]}]},{"@type":"ImageObject","inLanguage":"pt-BR","@id":"https:\/\/vanderloubet.com.br\/deputado\/sob-coordenacao-de-vander-bancada-e-estado-garantem-r-7026-milhoes-para-ms\/#primaryimage","url":"https:\/\/vanderloubet.com.br\/deputado\/wp-content\/uploads\/2024\/07\/foto-2024-07-05-solenidade-liberacao-emendas-01.jpg","contentUrl":"https:\/\/vanderloubet.com.br\/deputado\/wp-content\/uploads\/2024\/07\/foto-2024-07-05-solenidade-liberacao-emendas-01.jpg","width":900,"height":675,"caption":"Sob coordena\u00e7\u00e3o de Vander, bancada e Estado garantem R$ 702,6 milh\u00f5es para MS"},{"@type":"BreadcrumbList","@id":"https:\/\/vanderloubet.com.br\/deputado\/sob-coordenacao-de-vander-bancada-e-estado-garantem-r-7026-milhoes-para-ms\/#breadcrumb","itemListElement":[{"@type":"ListItem","position":1,"name":"In\u00edcio","item":"https:\/\/vanderloubet.com.br\/deputado\/"},{"@type":"ListItem","position":2,"name":"Sob coordena\u00e7\u00e3o de Vander, bancada e Estado garantem R$ 702,6 milh\u00f5es para MS"}]},{"@type":"WebSite","@id":"https:\/\/vanderloubet.com.br\/deputado\/#website","url":"https:\/\/vanderloubet.com.br\/deputado\/","name":"Deputado Federal Vander Loubet","description":"O Federal de MS","publisher":{"@id":"https:\/\/vanderloubet.com.br\/deputado\/#organization"},"alternateName":"Deputado Vander","potentialAction":[{"@type":"SearchAction","target":{"@type":"EntryPoint","urlTemplate":"https:\/\/vanderloubet.com.br\/deputado\/?s={search_term_string}"},"query-input":{"@type":"PropertyValueSpecification","valueRequired":true,"valueName":"search_term_string"}}],"inLanguage":"pt-BR"},{"@type":"Organization","@id":"https:\/\/vanderloubet.com.br\/deputado\/#organization","name":"Deputado Federal Vander Loubet","alternateName":"Deputado Vander","url":"https:\/\/vanderloubet.com.br\/deputado\/","logo":{"@type":"ImageObject","inLanguage":"pt-BR","@id":"https:\/\/vanderloubet.com.br\/deputado\/#\/schema\/logo\/image\/","url":"https:\/\/vanderloubet.com.br\/deputado\/wp-content\/uploads\/2023\/06\/foto-2023-06-19-mandato-deputado-vander.jpg","contentUrl":"https:\/\/vanderloubet.com.br\/deputado\/wp-content\/uploads\/2023\/06\/foto-2023-06-19-mandato-deputado-vander.jpg","width":1080,"height":1080,"caption":"Deputado Federal Vander Loubet"},"image":{"@id":"https:\/\/vanderloubet.com.br\/deputado\/#\/schema\/logo\/image\/"},"sameAs":["https:\/\/facebook.com\/deputadovander","https:\/\/x.com\/vanderloubet","https:\/\/instagram.com\/vanderloubet","https:\/\/youtube.com\/vanderloubet","https:\/\/tiktok.com\/@vanderloubetms"]},{"@type":"Person","@id":"https:\/\/vanderloubet.com.br\/deputado\/#\/schema\/person\/15b51bd564532a8a68d9dec1b8eb890e","name":"\u00c9der","image":{"@type":"ImageObject","inLanguage":"pt-BR","@id":"https:\/\/vanderloubet.com.br\/deputado\/wp-content\/litespeed\/avatar\/88ca4090d9d5ab1c9495f6ca03b68efa.jpg?ver=1777058957","url":"https:\/\/vanderloubet.com.br\/deputado\/wp-content\/litespeed\/avatar\/88ca4090d9d5ab1c9495f6ca03b68efa.jpg?ver=1777058957","contentUrl":"https:\/\/vanderloubet.com.br\/deputado\/wp-content\/litespeed\/avatar\/88ca4090d9d5ab1c9495f6ca03b68efa.jpg?ver=1777058957","caption":"\u00c9der"}}]}},"jetpack_featured_media_url":"https:\/\/vanderloubet.com.br\/deputado\/wp-content\/uploads\/2024\/07\/foto-2024-07-05-solenidade-liberacao-emendas-01.jpg","jetpack_sharing_enabled":true,"_links":{"self":[{"href":"https:\/\/vanderloubet.com.br\/deputado\/wp-json\/wp\/v2\/posts\/19713","targetHints":{"allow":["GET"]}}],"collection":[{"href":"https:\/\/vanderloubet.com.br\/deputado\/wp-json\/wp\/v2\/posts"}],"about":[{"href":"https:\/\/vanderloubet.com.br\/deputado\/wp-json\/wp\/v2\/types\/post"}],"author":[{"embeddable":true,"href":"https:\/\/vanderloubet.com.br\/deputado\/wp-json\/wp\/v2\/users\/2"}],"replies":[{"embeddable":true,"href":"https:\/\/vanderloubet.com.br\/deputado\/wp-json\/wp\/v2\/comments?post=19713"}],"version-history":[{"count":0,"href":"https:\/\/vanderloubet.com.br\/deputado\/wp-json\/wp\/v2\/posts\/19713\/revisions"}],"wp:featuredmedia":[{"embeddable":true,"href":"https:\/\/vanderloubet.com.br\/deputado\/wp-json\/wp\/v2\/media\/19714"}],"wp:attachment":[{"href":"https:\/\/vanderloubet.com.br\/deputado\/wp-json\/wp\/v2\/media?parent=19713"}],"wp:term":[{"taxonomy":"category","embeddable":true,"href":"https:\/\/vanderloubet.com.br\/deputado\/wp-json\/wp\/v2\/categories?post=19713"},{"taxonomy":"post_tag","embeddable":true,"href":"https:\/\/vanderloubet.com.br\/deputado\/wp-json\/wp\/v2\/tags?post=19713"}],"curies":[{"name":"wp","href":"https:\/\/api.w.org\/{rel}","templated":true}]}}