{"id":19673,"date":"2024-05-29T09:59:24","date_gmt":"2024-05-29T13:59:24","guid":{"rendered":"https:\/\/vanderloubet.com.br\/deputado\/?p=19673"},"modified":"2024-05-29T13:22:01","modified_gmt":"2024-05-29T17:22:01","slug":"vila-haro-em-tres-lagoas-ganha-praca-por-meio-de-acao-parlamentar-de-vander","status":"publish","type":"post","link":"https:\/\/vanderloubet.com.br\/deputado\/vila-haro-em-tres-lagoas-ganha-praca-por-meio-de-acao-parlamentar-de-vander\/","title":{"rendered":"Vila Haro em Tr\u00eas Lagoas ganha pra\u00e7a por meio de a\u00e7\u00e3o parlamentar de Vander"},"content":{"rendered":"<p>Na \u00faltima semana, a popula\u00e7\u00e3o de Tr\u00eas Lagoas ganhou um novo espa\u00e7o de lazer gra\u00e7as a um recurso viabilizado pelo deputado federal Vander Loubet. Constru\u00edda pela gest\u00e3o do prefeito \u00c2ngelo Guerreiro, a Pra\u00e7a da Vila Haro recebeu investimento de R$ 400 mil e atende a uma reivindica\u00e7\u00e3o do suplente de vereador e l\u00edder comunit\u00e1rio Professor Cordeiro.<\/p>\n<p>Localizada na esquina da Rua Daysi Rosa Queiroz com Rua das Na\u00e7\u00f5es, esta nova \u00e1rea revitalizada \u00e9 um espa\u00e7o de conv\u00edvio e divers\u00e3o para as mais de 6.000 pessoas que residem no local. A pra\u00e7a conta com banheiros para Pessoas com Defici\u00eancia (PcD), parque infantil com acessibilidade, academia ao ar livre para idosos, pista de caminhada, campo de futebol, arquibancada, vesti\u00e1rios e \u00e1rea de conviv\u00eancia.<\/p>\n<p>O Professor Cordeiro informou que iniciou as tratativas com o deputado Vander em junho de 2020 para a constru\u00e7\u00e3o da pra\u00e7a, ap\u00f3s ver a necessidade da popula\u00e7\u00e3o por um espa\u00e7o de lazer.<\/p>\n<p>&#8220;No bairro n\u00e3o tinha nenhum espa\u00e7o como esse, todos os terrenos eram particulares e a \u00fanica \u00e1rea verde &#8211; onde quer\u00edamos a nova pra\u00e7a &#8211; estava abandonada. Pedi ao prefeito e, em uma conversa com a C\u00e2mara dos Vereadores, conseguimos fazer com que a emenda do deputado viesse para a constru\u00e7\u00e3o do local&#8221;, disse.<\/p>\n<figure id=\"attachment_19685\" aria-describedby=\"caption-attachment-19685\" style=\"width: 696px\" class=\"wp-caption aligncenter\"><img decoding=\"async\" src=\"https:\/\/vanderloubet.com.br\/deputado\/wp-content\/uploads\/2024\/05\/foto-2024-05-29-visita-area-praca-vila-haro-700x467.jpg\" alt=\"Visita, em abril de 2021, \u00e0 \u00e1rea de Tr\u00eas Lagoas onde foi constru\u00edda a Pra\u00e7a da Vila Haro\" width=\"696\" height=\"464\" class=\"size-large wp-image-19685\" srcset=\"https:\/\/vanderloubet.com.br\/deputado\/wp-content\/uploads\/2024\/05\/foto-2024-05-29-visita-area-praca-vila-haro-700x467.jpg 700w, https:\/\/vanderloubet.com.br\/deputado\/wp-content\/uploads\/2024\/05\/foto-2024-05-29-visita-area-praca-vila-haro-350x233.jpg 350w, https:\/\/vanderloubet.com.br\/deputado\/wp-content\/uploads\/2024\/05\/foto-2024-05-29-visita-area-praca-vila-haro-768x512.jpg 768w, https:\/\/vanderloubet.com.br\/deputado\/wp-content\/uploads\/2024\/05\/foto-2024-05-29-visita-area-praca-vila-haro-630x420.jpg 630w, https:\/\/vanderloubet.com.br\/deputado\/wp-content\/uploads\/2024\/05\/foto-2024-05-29-visita-area-praca-vila-haro-696x464.jpg 696w, https:\/\/vanderloubet.com.br\/deputado\/wp-content\/uploads\/2024\/05\/foto-2024-05-29-visita-area-praca-vila-haro.jpg 900w\" sizes=\"(max-width: 696px) 100vw, 696px\" \/><figcaption id=\"caption-attachment-19685\" class=\"wp-caption-text\">Visita, em abril de 2021, \u00e0 \u00e1rea de Tr\u00eas Lagoas onde foi constru\u00edda a Pra\u00e7a da Vila Haro<\/figcaption><\/figure>\n<p>&#8220;Participei de todo o planejamento da cria\u00e7\u00e3o da pra\u00e7a. Pensamos em todos os detalhes para que todos pudessem usufruir da melhor forma. Agora, vamos fazer uma reuni\u00e3o com os produtores rurais do bairro e regi\u00e3o para que nas quintas-feiras tenhamos uma feira, para que gere renda \u00e0 popula\u00e7\u00e3o, al\u00e9m de movimentar o espa\u00e7o&#8221;, concluiu Cordeiro.<\/p>\n<p>Para o deputado Vander, o espa\u00e7o \u00e9 muito mais que uma pra\u00e7a, pois d\u00e1 seguran\u00e7a \u00e0 popula\u00e7\u00e3o com a nova ilumina\u00e7\u00e3o e futuramente dar\u00e1 renda com a cria\u00e7\u00e3o da feira.<\/p>\n<p>&#8220;Nosso mandato destinou recursos para a cria\u00e7\u00e3o de pra\u00e7as em diversos munic\u00edpios por saber da import\u00e2ncia que o lazer proporciona na vida das pessoas. Um terreno que antes estava abandonado agora tem toda uma nova infraestrutura e ainda vai poder, quem sabe, ser um local de comercializa\u00e7\u00e3o para agricultores familiares. Isso \u00e9 muito bom&#8221;, finalizou o deputado.<\/p>\n\r\n                <style type=\"text\/css\">\r\n                    \r\n                    #tdi_1  .td-doubleSlider-2 .td-item1 {\r\n                        background: url(https:\/\/vanderloubet.com.br\/deputado\/wp-content\/uploads\/2024\/05\/foto-2024-05-29-praca-vila-haro-01-80x60.jpg) 0 0 no-repeat;\r\n                    }\r\n                    #tdi_1  .td-doubleSlider-2 .td-item2 {\r\n                        background: url(https:\/\/vanderloubet.com.br\/deputado\/wp-content\/uploads\/2024\/05\/foto-2024-05-29-praca-vila-haro-02-80x60.jpg) 0 0 no-repeat;\r\n                    }\r\n                    #tdi_1  .td-doubleSlider-2 .td-item3 {\r\n                        background: url(https:\/\/vanderloubet.com.br\/deputado\/wp-content\/uploads\/2024\/05\/foto-2024-05-29-praca-vila-haro-03-80x60.jpg) 0 0 no-repeat;\r\n                    }\r\n                    #tdi_1  .td-doubleSlider-2 .td-item4 {\r\n                        background: url(https:\/\/vanderloubet.com.br\/deputado\/wp-content\/uploads\/2024\/05\/foto-2024-05-29-praca-vila-haro-04-80x60.jpg) 0 0 no-repeat;\r\n                    }\r\n                    #tdi_1  .td-doubleSlider-2 .td-item5 {\r\n                        background: url(https:\/\/vanderloubet.com.br\/deputado\/wp-content\/uploads\/2024\/05\/foto-2024-05-29-praca-vila-haro-05-80x60.jpg) 0 0 no-repeat;\r\n                    }\r\n                    #tdi_1  .td-doubleSlider-2 .td-item6 {\r\n                        background: url(https:\/\/vanderloubet.com.br\/deputado\/wp-content\/uploads\/2024\/05\/foto-2024-05-29-praca-vila-haro-06-80x60.jpg) 0 0 no-repeat;\r\n                    }\r\n                <\/style>\r\n\r\n                <div id=\"tdi_1\" class=\"td-gallery td-slide-on-2-columns\">\r\n                    <div class=\"post_td_gallery\">\r\n                        <div class=\"td-gallery-slide-top\">\r\n                           <div class=\"td-gallery-title\"><\/div>\r\n\r\n                            <div class=\"td-gallery-controls-wrapper\">\r\n                                <div class=\"td-gallery-slide-count\"><span class=\"td-gallery-slide-item-focus\">1<\/span> de 6<\/div>\r\n                                <div class=\"td-gallery-slide-prev-next-but\">\r\n                                    <i class = \"td-icon-left doubleSliderPrevButton\"><\/i>\r\n                                    <i class = \"td-icon-right doubleSliderNextButton\"><\/i>\r\n                                <\/div>\r\n                            <\/div>\r\n                        <\/div>\r\n\r\n                        <div class = \"td-doubleSlider-1 \">\r\n                            <div class = \"td-slider\">\r\n                                \r\n                    <div class = \"td-slide-item td-item1\">\r\n                        <figure class=\"td-slide-galery-figure td-slide-popup-gallery\">\r\n                            <a class=\"slide-gallery-image-link\" href=\"https:\/\/vanderloubet.com.br\/deputado\/wp-content\/uploads\/2024\/05\/foto-2024-05-29-praca-vila-haro-01.jpg\" title=\"Vila Haro em Tr\u00eas Lagoas ganha pra\u00e7a por meio de a\u00e7\u00e3o parlamentar de Vander\"  data-caption=\"\"  data-description=\"Vila Haro em Tr&ecirc;s Lagoas ganha pra&ccedil;a por meio de a&ccedil;&atilde;o parlamentar de Vander\">\r\n                                <img decoding=\"async\" src=\"https:\/\/vanderloubet.com.br\/deputado\/wp-content\/uploads\/2024\/05\/foto-2024-05-29-praca-vila-haro-01-630x420.jpg\" srcset=\"https:\/\/vanderloubet.com.br\/deputado\/wp-content\/uploads\/2024\/05\/foto-2024-05-29-praca-vila-haro-01-630x420.jpg 630w, https:\/\/vanderloubet.com.br\/deputado\/wp-content\/uploads\/2024\/05\/foto-2024-05-29-praca-vila-haro-01-350x233.jpg 350w, https:\/\/vanderloubet.com.br\/deputado\/wp-content\/uploads\/2024\/05\/foto-2024-05-29-praca-vila-haro-01-768x512.jpg 768w, https:\/\/vanderloubet.com.br\/deputado\/wp-content\/uploads\/2024\/05\/foto-2024-05-29-praca-vila-haro-01-700x467.jpg 700w, https:\/\/vanderloubet.com.br\/deputado\/wp-content\/uploads\/2024\/05\/foto-2024-05-29-praca-vila-haro-01-696x464.jpg 696w, https:\/\/vanderloubet.com.br\/deputado\/wp-content\/uploads\/2024\/05\/foto-2024-05-29-praca-vila-haro-01.jpg 900w\" sizes=\"(max-width: 630px) 100vw, 630px\" alt=\"Vila Haro em Tr&ecirc;s Lagoas ganha pra&ccedil;a por meio de a&ccedil;&atilde;o parlamentar de Vander\">\r\n                            <\/a>\r\n                            <figcaption class = \"td-slide-caption td-gallery-slide-content\"><span>Vila Haro em Tr\u00eas Lagoas ganha pra\u00e7a por meio de a\u00e7\u00e3o parlamentar de Vander<\/span><\/figcaption>\r\n                        <\/figure>\r\n                    <\/div>\r\n                    <div class = \"td-slide-item td-item2\">\r\n                        <figure class=\"td-slide-galery-figure td-slide-popup-gallery\">\r\n                            <a class=\"slide-gallery-image-link\" href=\"https:\/\/vanderloubet.com.br\/deputado\/wp-content\/uploads\/2024\/05\/foto-2024-05-29-praca-vila-haro-02.jpg\" title=\"Vila Haro em Tr\u00eas Lagoas ganha pra\u00e7a por meio de a\u00e7\u00e3o parlamentar de Vander\"  data-caption=\"\"  data-description=\"Vila Haro em Tr&ecirc;s Lagoas ganha pra&ccedil;a por meio de a&ccedil;&atilde;o parlamentar de Vander\">\r\n                                <img decoding=\"async\" src=\"https:\/\/vanderloubet.com.br\/deputado\/wp-content\/uploads\/2024\/05\/foto-2024-05-29-praca-vila-haro-02-630x420.jpg\" srcset=\"https:\/\/vanderloubet.com.br\/deputado\/wp-content\/uploads\/2024\/05\/foto-2024-05-29-praca-vila-haro-02-630x420.jpg 630w, https:\/\/vanderloubet.com.br\/deputado\/wp-content\/uploads\/2024\/05\/foto-2024-05-29-praca-vila-haro-02-350x233.jpg 350w, https:\/\/vanderloubet.com.br\/deputado\/wp-content\/uploads\/2024\/05\/foto-2024-05-29-praca-vila-haro-02-768x512.jpg 768w, https:\/\/vanderloubet.com.br\/deputado\/wp-content\/uploads\/2024\/05\/foto-2024-05-29-praca-vila-haro-02-700x467.jpg 700w, https:\/\/vanderloubet.com.br\/deputado\/wp-content\/uploads\/2024\/05\/foto-2024-05-29-praca-vila-haro-02-696x464.jpg 696w, https:\/\/vanderloubet.com.br\/deputado\/wp-content\/uploads\/2024\/05\/foto-2024-05-29-praca-vila-haro-02.jpg 900w\" sizes=\"(max-width: 630px) 100vw, 630px\" alt=\"Vila Haro em Tr&ecirc;s Lagoas ganha pra&ccedil;a por meio de a&ccedil;&atilde;o parlamentar de Vander\">\r\n                            <\/a>\r\n                            <figcaption class = \"td-slide-caption td-gallery-slide-content\"><span>Vila Haro em Tr\u00eas Lagoas ganha pra\u00e7a por meio de a\u00e7\u00e3o parlamentar de Vander<\/span><\/figcaption>\r\n                        <\/figure>\r\n                    <\/div>\r\n                    <div class = \"td-slide-item td-item3\">\r\n                        <figure class=\"td-slide-galery-figure td-slide-popup-gallery\">\r\n                            <a class=\"slide-gallery-image-link\" href=\"https:\/\/vanderloubet.com.br\/deputado\/wp-content\/uploads\/2024\/05\/foto-2024-05-29-praca-vila-haro-03.jpg\" title=\"Vila Haro em Tr\u00eas Lagoas ganha pra\u00e7a por meio de a\u00e7\u00e3o parlamentar de Vander\"  data-caption=\"\"  data-description=\"Vila Haro em Tr&ecirc;s Lagoas ganha pra&ccedil;a por meio de a&ccedil;&atilde;o parlamentar de Vander\">\r\n                                <img decoding=\"async\" src=\"https:\/\/vanderloubet.com.br\/deputado\/wp-content\/uploads\/2024\/05\/foto-2024-05-29-praca-vila-haro-03-630x420.jpg\" srcset=\"https:\/\/vanderloubet.com.br\/deputado\/wp-content\/uploads\/2024\/05\/foto-2024-05-29-praca-vila-haro-03-630x420.jpg 630w, https:\/\/vanderloubet.com.br\/deputado\/wp-content\/uploads\/2024\/05\/foto-2024-05-29-praca-vila-haro-03-350x233.jpg 350w, https:\/\/vanderloubet.com.br\/deputado\/wp-content\/uploads\/2024\/05\/foto-2024-05-29-praca-vila-haro-03-768x512.jpg 768w, https:\/\/vanderloubet.com.br\/deputado\/wp-content\/uploads\/2024\/05\/foto-2024-05-29-praca-vila-haro-03-700x467.jpg 700w, https:\/\/vanderloubet.com.br\/deputado\/wp-content\/uploads\/2024\/05\/foto-2024-05-29-praca-vila-haro-03-696x464.jpg 696w, https:\/\/vanderloubet.com.br\/deputado\/wp-content\/uploads\/2024\/05\/foto-2024-05-29-praca-vila-haro-03.jpg 900w\" sizes=\"(max-width: 630px) 100vw, 630px\" alt=\"Vila Haro em Tr&ecirc;s Lagoas ganha pra&ccedil;a por meio de a&ccedil;&atilde;o parlamentar de Vander\">\r\n                            <\/a>\r\n                            <figcaption class = \"td-slide-caption td-gallery-slide-content\"><span>Vila Haro em Tr\u00eas Lagoas ganha pra\u00e7a por meio de a\u00e7\u00e3o parlamentar de Vander<\/span><\/figcaption>\r\n                        <\/figure>\r\n                    <\/div>\r\n                    <div class = \"td-slide-item td-item4\">\r\n                        <figure class=\"td-slide-galery-figure td-slide-popup-gallery\">\r\n                            <a class=\"slide-gallery-image-link\" href=\"https:\/\/vanderloubet.com.br\/deputado\/wp-content\/uploads\/2024\/05\/foto-2024-05-29-praca-vila-haro-04.jpg\" title=\"Vila Haro em Tr\u00eas Lagoas ganha pra\u00e7a por meio de a\u00e7\u00e3o parlamentar de Vander\"  data-caption=\"\"  data-description=\"Vila Haro em Tr&ecirc;s Lagoas ganha pra&ccedil;a por meio de a&ccedil;&atilde;o parlamentar de Vander\">\r\n                                <img decoding=\"async\" src=\"https:\/\/vanderloubet.com.br\/deputado\/wp-content\/uploads\/2024\/05\/foto-2024-05-29-praca-vila-haro-04-630x420.jpg\" srcset=\"https:\/\/vanderloubet.com.br\/deputado\/wp-content\/uploads\/2024\/05\/foto-2024-05-29-praca-vila-haro-04-630x420.jpg 630w, https:\/\/vanderloubet.com.br\/deputado\/wp-content\/uploads\/2024\/05\/foto-2024-05-29-praca-vila-haro-04-350x233.jpg 350w, https:\/\/vanderloubet.com.br\/deputado\/wp-content\/uploads\/2024\/05\/foto-2024-05-29-praca-vila-haro-04-768x512.jpg 768w, https:\/\/vanderloubet.com.br\/deputado\/wp-content\/uploads\/2024\/05\/foto-2024-05-29-praca-vila-haro-04-700x467.jpg 700w, https:\/\/vanderloubet.com.br\/deputado\/wp-content\/uploads\/2024\/05\/foto-2024-05-29-praca-vila-haro-04-696x464.jpg 696w, https:\/\/vanderloubet.com.br\/deputado\/wp-content\/uploads\/2024\/05\/foto-2024-05-29-praca-vila-haro-04.jpg 900w\" sizes=\"(max-width: 630px) 100vw, 630px\" alt=\"Vila Haro em Tr&ecirc;s Lagoas ganha pra&ccedil;a por meio de a&ccedil;&atilde;o parlamentar de Vander\">\r\n                            <\/a>\r\n                            <figcaption class = \"td-slide-caption td-gallery-slide-content\"><span>Vila Haro em Tr\u00eas Lagoas ganha pra\u00e7a por meio de a\u00e7\u00e3o parlamentar de Vander<\/span><\/figcaption>\r\n                        <\/figure>\r\n                    <\/div>\r\n                    <div class = \"td-slide-item td-item5\">\r\n                        <figure class=\"td-slide-galery-figure td-slide-popup-gallery\">\r\n                            <a class=\"slide-gallery-image-link\" href=\"https:\/\/vanderloubet.com.br\/deputado\/wp-content\/uploads\/2024\/05\/foto-2024-05-29-praca-vila-haro-05.jpg\" title=\"Vila Haro em Tr\u00eas Lagoas ganha pra\u00e7a por meio de a\u00e7\u00e3o parlamentar de Vander\"  data-caption=\"\"  data-description=\"Vila Haro em Tr&ecirc;s Lagoas ganha pra&ccedil;a por meio de a&ccedil;&atilde;o parlamentar de Vander\">\r\n                                <img decoding=\"async\" src=\"https:\/\/vanderloubet.com.br\/deputado\/wp-content\/uploads\/2024\/05\/foto-2024-05-29-praca-vila-haro-05-630x420.jpg\" srcset=\"https:\/\/vanderloubet.com.br\/deputado\/wp-content\/uploads\/2024\/05\/foto-2024-05-29-praca-vila-haro-05-630x420.jpg 630w, https:\/\/vanderloubet.com.br\/deputado\/wp-content\/uploads\/2024\/05\/foto-2024-05-29-praca-vila-haro-05-350x233.jpg 350w, https:\/\/vanderloubet.com.br\/deputado\/wp-content\/uploads\/2024\/05\/foto-2024-05-29-praca-vila-haro-05-768x512.jpg 768w, https:\/\/vanderloubet.com.br\/deputado\/wp-content\/uploads\/2024\/05\/foto-2024-05-29-praca-vila-haro-05-700x467.jpg 700w, https:\/\/vanderloubet.com.br\/deputado\/wp-content\/uploads\/2024\/05\/foto-2024-05-29-praca-vila-haro-05-696x464.jpg 696w, https:\/\/vanderloubet.com.br\/deputado\/wp-content\/uploads\/2024\/05\/foto-2024-05-29-praca-vila-haro-05.jpg 900w\" sizes=\"(max-width: 630px) 100vw, 630px\" alt=\"Vila Haro em Tr&ecirc;s Lagoas ganha pra&ccedil;a por meio de a&ccedil;&atilde;o parlamentar de Vander\">\r\n                            <\/a>\r\n                            <figcaption class = \"td-slide-caption td-gallery-slide-content\"><span>Vila Haro em Tr\u00eas Lagoas ganha pra\u00e7a por meio de a\u00e7\u00e3o parlamentar de Vander<\/span><\/figcaption>\r\n                        <\/figure>\r\n                    <\/div>\r\n                    <div class = \"td-slide-item td-item6\">\r\n                        <figure class=\"td-slide-galery-figure td-slide-popup-gallery\">\r\n                            <a class=\"slide-gallery-image-link\" href=\"https:\/\/vanderloubet.com.br\/deputado\/wp-content\/uploads\/2024\/05\/foto-2024-05-29-praca-vila-haro-06.jpg\" title=\"Vila Haro em Tr\u00eas Lagoas ganha pra\u00e7a por meio de a\u00e7\u00e3o parlamentar de Vander\"  data-caption=\"\"  data-description=\"Vila Haro em Tr&ecirc;s Lagoas ganha pra&ccedil;a por meio de a&ccedil;&atilde;o parlamentar de Vander\">\r\n                                <img decoding=\"async\" src=\"https:\/\/vanderloubet.com.br\/deputado\/wp-content\/uploads\/2024\/05\/foto-2024-05-29-praca-vila-haro-06-630x420.jpg\" srcset=\"https:\/\/vanderloubet.com.br\/deputado\/wp-content\/uploads\/2024\/05\/foto-2024-05-29-praca-vila-haro-06-630x420.jpg 630w, https:\/\/vanderloubet.com.br\/deputado\/wp-content\/uploads\/2024\/05\/foto-2024-05-29-praca-vila-haro-06-350x233.jpg 350w, https:\/\/vanderloubet.com.br\/deputado\/wp-content\/uploads\/2024\/05\/foto-2024-05-29-praca-vila-haro-06-768x512.jpg 768w, https:\/\/vanderloubet.com.br\/deputado\/wp-content\/uploads\/2024\/05\/foto-2024-05-29-praca-vila-haro-06-700x467.jpg 700w, https:\/\/vanderloubet.com.br\/deputado\/wp-content\/uploads\/2024\/05\/foto-2024-05-29-praca-vila-haro-06-696x464.jpg 696w, https:\/\/vanderloubet.com.br\/deputado\/wp-content\/uploads\/2024\/05\/foto-2024-05-29-praca-vila-haro-06.jpg 900w\" sizes=\"(max-width: 630px) 100vw, 630px\" alt=\"Vila Haro em Tr&ecirc;s Lagoas ganha pra&ccedil;a por meio de a&ccedil;&atilde;o parlamentar de Vander\">\r\n                            <\/a>\r\n                            <figcaption class = \"td-slide-caption td-gallery-slide-content\"><span>Vila Haro em Tr\u00eas Lagoas ganha pra\u00e7a por meio de a\u00e7\u00e3o parlamentar de Vander<\/span><\/figcaption>\r\n                        <\/figure>\r\n                    <\/div>\r\n                            <\/div>\r\n                        <\/div>\r\n\r\n                        <div class = \"td-doubleSlider-2\">\r\n                            <div class = \"td-slider\">\r\n                                \r\n                    <div class = \"td-button td-item1\">\r\n                        <div class = \"td-border\"><\/div>\r\n                    <\/div>\r\n                    <div class = \"td-button td-item2\">\r\n                        <div class = \"td-border\"><\/div>\r\n                    <\/div>\r\n                    <div class = \"td-button td-item3\">\r\n                        <div class = \"td-border\"><\/div>\r\n                    <\/div>\r\n                    <div class = \"td-button td-item4\">\r\n                        <div class = \"td-border\"><\/div>\r\n                    <\/div>\r\n                    <div class = \"td-button td-item5\">\r\n                        <div class = \"td-border\"><\/div>\r\n                    <\/div>\r\n                    <div class = \"td-button td-item6\">\r\n                        <div class = \"td-border\"><\/div>\r\n                    <\/div>\r\n                            <\/div>\r\n                        <\/div>\r\n\r\n                    <\/div>\r\n\r\n                <\/div>\r\n                \n<pre><em>Texto: Alex Nantes<\/em>\r\n<em>Edi\u00e7\u00e3o: \u00c9der F. Yanaguita<\/em>\r\n<em>Foto: Prefeitura de Tr\u00eas Lagoas<\/em><\/pre>\n","protected":false},"excerpt":{"rendered":"<p>Professor Cordeiro informou que iniciou as tratativas com o deputado em junho de 2020 para a constru\u00e7\u00e3o do espa\u00e7o.<\/p>\n","protected":false},"author":2,"featured_media":19675,"comment_status":"closed","ping_status":"closed","sticky":false,"template":"","format":"standard","meta":{"jetpack_post_was_ever_published":false,"_jetpack_newsletter_access":"","_jetpack_dont_email_post_to_subs":false,"_jetpack_newsletter_tier_id":0,"_jetpack_memberships_contains_paywalled_content":false,"_jetpack_memberships_contains_paid_content":false,"footnotes":""},"categories":[2097,10],"tags":[2305,1979],"class_list":{"0":"post-19673","1":"post","2":"type-post","3":"status-publish","4":"format-standard","5":"has-post-thumbnail","7":"category-municipios-noticias","8":"category-noticias","9":"tag-esporte-e-lazer","10":"tag-tres-lagoas"},"yoast_head":"<!-- This site is optimized with the Yoast SEO plugin v27.4 - https:\/\/yoast.com\/product\/yoast-seo-wordpress\/ -->\n<title>Vila Haro em Tr\u00eas Lagoas ganha pra\u00e7a por meio de a\u00e7\u00e3o parlamentar de Vander<\/title>\n<meta name=\"description\" content=\"Professor Cordeiro informou que iniciou as tratativas com o deputado em junho de 2020 para a constru\u00e7\u00e3o do espa\u00e7o.\" \/>\n<meta name=\"robots\" content=\"index, follow, max-snippet:-1, max-image-preview:large, max-video-preview:-1\" \/>\n<link rel=\"canonical\" href=\"https:\/\/vanderloubet.com.br\/deputado\/vila-haro-em-tres-lagoas-ganha-praca-por-meio-de-acao-parlamentar-de-vander\/\" \/>\n<meta property=\"og:locale\" content=\"pt_BR\" \/>\n<meta property=\"og:type\" content=\"article\" \/>\n<meta property=\"og:title\" content=\"Vila Haro em Tr\u00eas Lagoas ganha pra\u00e7a por meio de a\u00e7\u00e3o parlamentar de Vander\" \/>\n<meta property=\"og:description\" content=\"Professor Cordeiro informou que iniciou as tratativas com o deputado em junho de 2020 para a constru\u00e7\u00e3o do espa\u00e7o.\" \/>\n<meta property=\"og:url\" content=\"https:\/\/vanderloubet.com.br\/deputado\/vila-haro-em-tres-lagoas-ganha-praca-por-meio-de-acao-parlamentar-de-vander\/\" \/>\n<meta property=\"og:site_name\" content=\"Deputado Federal Vander Loubet\" \/>\n<meta property=\"article:publisher\" content=\"https:\/\/facebook.com\/deputadovander\" \/>\n<meta property=\"article:published_time\" content=\"2024-05-29T13:59:24+00:00\" \/>\n<meta property=\"article:modified_time\" content=\"2024-05-29T17:22:01+00:00\" \/>\n<meta property=\"og:image\" content=\"https:\/\/vanderloubet.com.br\/deputado\/wp-content\/uploads\/2024\/05\/foto-2024-05-29-praca-vila-haro-02.jpg\" \/>\n\t<meta property=\"og:image:width\" content=\"900\" \/>\n\t<meta property=\"og:image:height\" content=\"600\" \/>\n\t<meta property=\"og:image:type\" content=\"image\/jpeg\" \/>\n<meta name=\"author\" content=\"\u00c9der\" \/>\n<meta name=\"twitter:card\" content=\"summary_large_image\" \/>\n<meta name=\"twitter:creator\" content=\"@vanderloubet\" \/>\n<meta name=\"twitter:site\" content=\"@vanderloubet\" \/>\n<script type=\"application\/ld+json\" class=\"yoast-schema-graph\">{\"@context\":\"https:\\\/\\\/schema.org\",\"@graph\":[{\"@type\":\"Article\",\"@id\":\"https:\\\/\\\/vanderloubet.com.br\\\/deputado\\\/vila-haro-em-tres-lagoas-ganha-praca-por-meio-de-acao-parlamentar-de-vander\\\/#article\",\"isPartOf\":{\"@id\":\"https:\\\/\\\/vanderloubet.com.br\\\/deputado\\\/vila-haro-em-tres-lagoas-ganha-praca-por-meio-de-acao-parlamentar-de-vander\\\/\"},\"author\":{\"name\":\"\u00c9der\",\"@id\":\"https:\\\/\\\/vanderloubet.com.br\\\/deputado\\\/#\\\/schema\\\/person\\\/15b51bd564532a8a68d9dec1b8eb890e\"},\"headline\":\"Vila Haro em Tr\u00eas Lagoas ganha pra\u00e7a por meio de a\u00e7\u00e3o parlamentar de Vander\",\"datePublished\":\"2024-05-29T13:59:24+00:00\",\"dateModified\":\"2024-05-29T17:22:01+00:00\",\"mainEntityOfPage\":{\"@id\":\"https:\\\/\\\/vanderloubet.com.br\\\/deputado\\\/vila-haro-em-tres-lagoas-ganha-praca-por-meio-de-acao-parlamentar-de-vander\\\/\"},\"wordCount\":440,\"publisher\":{\"@id\":\"https:\\\/\\\/vanderloubet.com.br\\\/deputado\\\/#organization\"},\"image\":{\"@id\":\"https:\\\/\\\/vanderloubet.com.br\\\/deputado\\\/vila-haro-em-tres-lagoas-ganha-praca-por-meio-de-acao-parlamentar-de-vander\\\/#primaryimage\"},\"thumbnailUrl\":\"https:\\\/\\\/vanderloubet.com.br\\\/deputado\\\/wp-content\\\/uploads\\\/2024\\\/05\\\/foto-2024-05-29-praca-vila-haro-02.jpg\",\"keywords\":[\"esporte e lazer\",\"tr\u00eas lagoas\"],\"articleSection\":[\"Munic\u00edpios\",\"Not\u00edcias\"],\"inLanguage\":\"pt-BR\"},{\"@type\":\"WebPage\",\"@id\":\"https:\\\/\\\/vanderloubet.com.br\\\/deputado\\\/vila-haro-em-tres-lagoas-ganha-praca-por-meio-de-acao-parlamentar-de-vander\\\/\",\"url\":\"https:\\\/\\\/vanderloubet.com.br\\\/deputado\\\/vila-haro-em-tres-lagoas-ganha-praca-por-meio-de-acao-parlamentar-de-vander\\\/\",\"name\":\"Vila Haro em Tr\u00eas Lagoas ganha pra\u00e7a por meio de a\u00e7\u00e3o parlamentar de Vander\",\"isPartOf\":{\"@id\":\"https:\\\/\\\/vanderloubet.com.br\\\/deputado\\\/#website\"},\"primaryImageOfPage\":{\"@id\":\"https:\\\/\\\/vanderloubet.com.br\\\/deputado\\\/vila-haro-em-tres-lagoas-ganha-praca-por-meio-de-acao-parlamentar-de-vander\\\/#primaryimage\"},\"image\":{\"@id\":\"https:\\\/\\\/vanderloubet.com.br\\\/deputado\\\/vila-haro-em-tres-lagoas-ganha-praca-por-meio-de-acao-parlamentar-de-vander\\\/#primaryimage\"},\"thumbnailUrl\":\"https:\\\/\\\/vanderloubet.com.br\\\/deputado\\\/wp-content\\\/uploads\\\/2024\\\/05\\\/foto-2024-05-29-praca-vila-haro-02.jpg\",\"datePublished\":\"2024-05-29T13:59:24+00:00\",\"dateModified\":\"2024-05-29T17:22:01+00:00\",\"description\":\"Professor Cordeiro informou que iniciou as tratativas com o deputado em junho de 2020 para a constru\u00e7\u00e3o do espa\u00e7o.\",\"breadcrumb\":{\"@id\":\"https:\\\/\\\/vanderloubet.com.br\\\/deputado\\\/vila-haro-em-tres-lagoas-ganha-praca-por-meio-de-acao-parlamentar-de-vander\\\/#breadcrumb\"},\"inLanguage\":\"pt-BR\",\"potentialAction\":[{\"@type\":\"ReadAction\",\"target\":[\"https:\\\/\\\/vanderloubet.com.br\\\/deputado\\\/vila-haro-em-tres-lagoas-ganha-praca-por-meio-de-acao-parlamentar-de-vander\\\/\"]}]},{\"@type\":\"ImageObject\",\"inLanguage\":\"pt-BR\",\"@id\":\"https:\\\/\\\/vanderloubet.com.br\\\/deputado\\\/vila-haro-em-tres-lagoas-ganha-praca-por-meio-de-acao-parlamentar-de-vander\\\/#primaryimage\",\"url\":\"https:\\\/\\\/vanderloubet.com.br\\\/deputado\\\/wp-content\\\/uploads\\\/2024\\\/05\\\/foto-2024-05-29-praca-vila-haro-02.jpg\",\"contentUrl\":\"https:\\\/\\\/vanderloubet.com.br\\\/deputado\\\/wp-content\\\/uploads\\\/2024\\\/05\\\/foto-2024-05-29-praca-vila-haro-02.jpg\",\"width\":900,\"height\":600,\"caption\":\"Vila Haro em Tr\u00eas Lagoas ganha pra\u00e7a por meio de a\u00e7\u00e3o parlamentar de Vander\"},{\"@type\":\"BreadcrumbList\",\"@id\":\"https:\\\/\\\/vanderloubet.com.br\\\/deputado\\\/vila-haro-em-tres-lagoas-ganha-praca-por-meio-de-acao-parlamentar-de-vander\\\/#breadcrumb\",\"itemListElement\":[{\"@type\":\"ListItem\",\"position\":1,\"name\":\"In\u00edcio\",\"item\":\"https:\\\/\\\/vanderloubet.com.br\\\/deputado\\\/\"},{\"@type\":\"ListItem\",\"position\":2,\"name\":\"Vila Haro em Tr\u00eas Lagoas ganha pra\u00e7a por meio de a\u00e7\u00e3o parlamentar de Vander\"}]},{\"@type\":\"WebSite\",\"@id\":\"https:\\\/\\\/vanderloubet.com.br\\\/deputado\\\/#website\",\"url\":\"https:\\\/\\\/vanderloubet.com.br\\\/deputado\\\/\",\"name\":\"Deputado Federal Vander Loubet\",\"description\":\"O Federal de MS\",\"publisher\":{\"@id\":\"https:\\\/\\\/vanderloubet.com.br\\\/deputado\\\/#organization\"},\"alternateName\":\"Deputado Vander\",\"potentialAction\":[{\"@type\":\"SearchAction\",\"target\":{\"@type\":\"EntryPoint\",\"urlTemplate\":\"https:\\\/\\\/vanderloubet.com.br\\\/deputado\\\/?s={search_term_string}\"},\"query-input\":{\"@type\":\"PropertyValueSpecification\",\"valueRequired\":true,\"valueName\":\"search_term_string\"}}],\"inLanguage\":\"pt-BR\"},{\"@type\":\"Organization\",\"@id\":\"https:\\\/\\\/vanderloubet.com.br\\\/deputado\\\/#organization\",\"name\":\"Deputado Federal Vander Loubet\",\"alternateName\":\"Deputado Vander\",\"url\":\"https:\\\/\\\/vanderloubet.com.br\\\/deputado\\\/\",\"logo\":{\"@type\":\"ImageObject\",\"inLanguage\":\"pt-BR\",\"@id\":\"https:\\\/\\\/vanderloubet.com.br\\\/deputado\\\/#\\\/schema\\\/logo\\\/image\\\/\",\"url\":\"https:\\\/\\\/vanderloubet.com.br\\\/deputado\\\/wp-content\\\/uploads\\\/2023\\\/06\\\/foto-2023-06-19-mandato-deputado-vander.jpg\",\"contentUrl\":\"https:\\\/\\\/vanderloubet.com.br\\\/deputado\\\/wp-content\\\/uploads\\\/2023\\\/06\\\/foto-2023-06-19-mandato-deputado-vander.jpg\",\"width\":1080,\"height\":1080,\"caption\":\"Deputado Federal Vander Loubet\"},\"image\":{\"@id\":\"https:\\\/\\\/vanderloubet.com.br\\\/deputado\\\/#\\\/schema\\\/logo\\\/image\\\/\"},\"sameAs\":[\"https:\\\/\\\/facebook.com\\\/deputadovander\",\"https:\\\/\\\/x.com\\\/vanderloubet\",\"https:\\\/\\\/instagram.com\\\/vanderloubet\",\"https:\\\/\\\/youtube.com\\\/vanderloubet\",\"https:\\\/\\\/tiktok.com\\\/@vanderloubetms\"]},{\"@type\":\"Person\",\"@id\":\"https:\\\/\\\/vanderloubet.com.br\\\/deputado\\\/#\\\/schema\\\/person\\\/15b51bd564532a8a68d9dec1b8eb890e\",\"name\":\"\u00c9der\",\"image\":{\"@type\":\"ImageObject\",\"inLanguage\":\"pt-BR\",\"@id\":\"https:\\\/\\\/vanderloubet.com.br\\\/deputado\\\/wp-content\\\/litespeed\\\/avatar\\\/88ca4090d9d5ab1c9495f6ca03b68efa.jpg?ver=1777058957\",\"url\":\"https:\\\/\\\/vanderloubet.com.br\\\/deputado\\\/wp-content\\\/litespeed\\\/avatar\\\/88ca4090d9d5ab1c9495f6ca03b68efa.jpg?ver=1777058957\",\"contentUrl\":\"https:\\\/\\\/vanderloubet.com.br\\\/deputado\\\/wp-content\\\/litespeed\\\/avatar\\\/88ca4090d9d5ab1c9495f6ca03b68efa.jpg?ver=1777058957\",\"caption\":\"\u00c9der\"}}]}<\/script>\n<!-- \/ Yoast SEO plugin. -->","yoast_head_json":{"title":"Vila Haro em Tr\u00eas Lagoas ganha pra\u00e7a por meio de a\u00e7\u00e3o parlamentar de Vander","description":"Professor Cordeiro informou que iniciou as tratativas com o deputado em junho de 2020 para a constru\u00e7\u00e3o do espa\u00e7o.","robots":{"index":"index","follow":"follow","max-snippet":"max-snippet:-1","max-image-preview":"max-image-preview:large","max-video-preview":"max-video-preview:-1"},"canonical":"https:\/\/vanderloubet.com.br\/deputado\/vila-haro-em-tres-lagoas-ganha-praca-por-meio-de-acao-parlamentar-de-vander\/","og_locale":"pt_BR","og_type":"article","og_title":"Vila Haro em Tr\u00eas Lagoas ganha pra\u00e7a por meio de a\u00e7\u00e3o parlamentar de Vander","og_description":"Professor Cordeiro informou que iniciou as tratativas com o deputado em junho de 2020 para a constru\u00e7\u00e3o do espa\u00e7o.","og_url":"https:\/\/vanderloubet.com.br\/deputado\/vila-haro-em-tres-lagoas-ganha-praca-por-meio-de-acao-parlamentar-de-vander\/","og_site_name":"Deputado Federal Vander Loubet","article_publisher":"https:\/\/facebook.com\/deputadovander","article_published_time":"2024-05-29T13:59:24+00:00","article_modified_time":"2024-05-29T17:22:01+00:00","og_image":[{"width":900,"height":600,"url":"https:\/\/vanderloubet.com.br\/deputado\/wp-content\/uploads\/2024\/05\/foto-2024-05-29-praca-vila-haro-02.jpg","type":"image\/jpeg"}],"author":"\u00c9der","twitter_card":"summary_large_image","twitter_creator":"@vanderloubet","twitter_site":"@vanderloubet","schema":{"@context":"https:\/\/schema.org","@graph":[{"@type":"Article","@id":"https:\/\/vanderloubet.com.br\/deputado\/vila-haro-em-tres-lagoas-ganha-praca-por-meio-de-acao-parlamentar-de-vander\/#article","isPartOf":{"@id":"https:\/\/vanderloubet.com.br\/deputado\/vila-haro-em-tres-lagoas-ganha-praca-por-meio-de-acao-parlamentar-de-vander\/"},"author":{"name":"\u00c9der","@id":"https:\/\/vanderloubet.com.br\/deputado\/#\/schema\/person\/15b51bd564532a8a68d9dec1b8eb890e"},"headline":"Vila Haro em Tr\u00eas Lagoas ganha pra\u00e7a por meio de a\u00e7\u00e3o parlamentar de Vander","datePublished":"2024-05-29T13:59:24+00:00","dateModified":"2024-05-29T17:22:01+00:00","mainEntityOfPage":{"@id":"https:\/\/vanderloubet.com.br\/deputado\/vila-haro-em-tres-lagoas-ganha-praca-por-meio-de-acao-parlamentar-de-vander\/"},"wordCount":440,"publisher":{"@id":"https:\/\/vanderloubet.com.br\/deputado\/#organization"},"image":{"@id":"https:\/\/vanderloubet.com.br\/deputado\/vila-haro-em-tres-lagoas-ganha-praca-por-meio-de-acao-parlamentar-de-vander\/#primaryimage"},"thumbnailUrl":"https:\/\/vanderloubet.com.br\/deputado\/wp-content\/uploads\/2024\/05\/foto-2024-05-29-praca-vila-haro-02.jpg","keywords":["esporte e lazer","tr\u00eas lagoas"],"articleSection":["Munic\u00edpios","Not\u00edcias"],"inLanguage":"pt-BR"},{"@type":"WebPage","@id":"https:\/\/vanderloubet.com.br\/deputado\/vila-haro-em-tres-lagoas-ganha-praca-por-meio-de-acao-parlamentar-de-vander\/","url":"https:\/\/vanderloubet.com.br\/deputado\/vila-haro-em-tres-lagoas-ganha-praca-por-meio-de-acao-parlamentar-de-vander\/","name":"Vila Haro em Tr\u00eas Lagoas ganha pra\u00e7a por meio de a\u00e7\u00e3o parlamentar de Vander","isPartOf":{"@id":"https:\/\/vanderloubet.com.br\/deputado\/#website"},"primaryImageOfPage":{"@id":"https:\/\/vanderloubet.com.br\/deputado\/vila-haro-em-tres-lagoas-ganha-praca-por-meio-de-acao-parlamentar-de-vander\/#primaryimage"},"image":{"@id":"https:\/\/vanderloubet.com.br\/deputado\/vila-haro-em-tres-lagoas-ganha-praca-por-meio-de-acao-parlamentar-de-vander\/#primaryimage"},"thumbnailUrl":"https:\/\/vanderloubet.com.br\/deputado\/wp-content\/uploads\/2024\/05\/foto-2024-05-29-praca-vila-haro-02.jpg","datePublished":"2024-05-29T13:59:24+00:00","dateModified":"2024-05-29T17:22:01+00:00","description":"Professor Cordeiro informou que iniciou as tratativas com o deputado em junho de 2020 para a constru\u00e7\u00e3o do espa\u00e7o.","breadcrumb":{"@id":"https:\/\/vanderloubet.com.br\/deputado\/vila-haro-em-tres-lagoas-ganha-praca-por-meio-de-acao-parlamentar-de-vander\/#breadcrumb"},"inLanguage":"pt-BR","potentialAction":[{"@type":"ReadAction","target":["https:\/\/vanderloubet.com.br\/deputado\/vila-haro-em-tres-lagoas-ganha-praca-por-meio-de-acao-parlamentar-de-vander\/"]}]},{"@type":"ImageObject","inLanguage":"pt-BR","@id":"https:\/\/vanderloubet.com.br\/deputado\/vila-haro-em-tres-lagoas-ganha-praca-por-meio-de-acao-parlamentar-de-vander\/#primaryimage","url":"https:\/\/vanderloubet.com.br\/deputado\/wp-content\/uploads\/2024\/05\/foto-2024-05-29-praca-vila-haro-02.jpg","contentUrl":"https:\/\/vanderloubet.com.br\/deputado\/wp-content\/uploads\/2024\/05\/foto-2024-05-29-praca-vila-haro-02.jpg","width":900,"height":600,"caption":"Vila Haro em Tr\u00eas Lagoas ganha pra\u00e7a por meio de a\u00e7\u00e3o parlamentar de Vander"},{"@type":"BreadcrumbList","@id":"https:\/\/vanderloubet.com.br\/deputado\/vila-haro-em-tres-lagoas-ganha-praca-por-meio-de-acao-parlamentar-de-vander\/#breadcrumb","itemListElement":[{"@type":"ListItem","position":1,"name":"In\u00edcio","item":"https:\/\/vanderloubet.com.br\/deputado\/"},{"@type":"ListItem","position":2,"name":"Vila Haro em Tr\u00eas Lagoas ganha pra\u00e7a por meio de a\u00e7\u00e3o parlamentar de Vander"}]},{"@type":"WebSite","@id":"https:\/\/vanderloubet.com.br\/deputado\/#website","url":"https:\/\/vanderloubet.com.br\/deputado\/","name":"Deputado Federal Vander Loubet","description":"O Federal de MS","publisher":{"@id":"https:\/\/vanderloubet.com.br\/deputado\/#organization"},"alternateName":"Deputado Vander","potentialAction":[{"@type":"SearchAction","target":{"@type":"EntryPoint","urlTemplate":"https:\/\/vanderloubet.com.br\/deputado\/?s={search_term_string}"},"query-input":{"@type":"PropertyValueSpecification","valueRequired":true,"valueName":"search_term_string"}}],"inLanguage":"pt-BR"},{"@type":"Organization","@id":"https:\/\/vanderloubet.com.br\/deputado\/#organization","name":"Deputado Federal Vander Loubet","alternateName":"Deputado Vander","url":"https:\/\/vanderloubet.com.br\/deputado\/","logo":{"@type":"ImageObject","inLanguage":"pt-BR","@id":"https:\/\/vanderloubet.com.br\/deputado\/#\/schema\/logo\/image\/","url":"https:\/\/vanderloubet.com.br\/deputado\/wp-content\/uploads\/2023\/06\/foto-2023-06-19-mandato-deputado-vander.jpg","contentUrl":"https:\/\/vanderloubet.com.br\/deputado\/wp-content\/uploads\/2023\/06\/foto-2023-06-19-mandato-deputado-vander.jpg","width":1080,"height":1080,"caption":"Deputado Federal Vander Loubet"},"image":{"@id":"https:\/\/vanderloubet.com.br\/deputado\/#\/schema\/logo\/image\/"},"sameAs":["https:\/\/facebook.com\/deputadovander","https:\/\/x.com\/vanderloubet","https:\/\/instagram.com\/vanderloubet","https:\/\/youtube.com\/vanderloubet","https:\/\/tiktok.com\/@vanderloubetms"]},{"@type":"Person","@id":"https:\/\/vanderloubet.com.br\/deputado\/#\/schema\/person\/15b51bd564532a8a68d9dec1b8eb890e","name":"\u00c9der","image":{"@type":"ImageObject","inLanguage":"pt-BR","@id":"https:\/\/vanderloubet.com.br\/deputado\/wp-content\/litespeed\/avatar\/88ca4090d9d5ab1c9495f6ca03b68efa.jpg?ver=1777058957","url":"https:\/\/vanderloubet.com.br\/deputado\/wp-content\/litespeed\/avatar\/88ca4090d9d5ab1c9495f6ca03b68efa.jpg?ver=1777058957","contentUrl":"https:\/\/vanderloubet.com.br\/deputado\/wp-content\/litespeed\/avatar\/88ca4090d9d5ab1c9495f6ca03b68efa.jpg?ver=1777058957","caption":"\u00c9der"}}]}},"jetpack_featured_media_url":"https:\/\/vanderloubet.com.br\/deputado\/wp-content\/uploads\/2024\/05\/foto-2024-05-29-praca-vila-haro-02.jpg","jetpack_sharing_enabled":true,"_links":{"self":[{"href":"https:\/\/vanderloubet.com.br\/deputado\/wp-json\/wp\/v2\/posts\/19673","targetHints":{"allow":["GET"]}}],"collection":[{"href":"https:\/\/vanderloubet.com.br\/deputado\/wp-json\/wp\/v2\/posts"}],"about":[{"href":"https:\/\/vanderloubet.com.br\/deputado\/wp-json\/wp\/v2\/types\/post"}],"author":[{"embeddable":true,"href":"https:\/\/vanderloubet.com.br\/deputado\/wp-json\/wp\/v2\/users\/2"}],"replies":[{"embeddable":true,"href":"https:\/\/vanderloubet.com.br\/deputado\/wp-json\/wp\/v2\/comments?post=19673"}],"version-history":[{"count":0,"href":"https:\/\/vanderloubet.com.br\/deputado\/wp-json\/wp\/v2\/posts\/19673\/revisions"}],"wp:featuredmedia":[{"embeddable":true,"href":"https:\/\/vanderloubet.com.br\/deputado\/wp-json\/wp\/v2\/media\/19675"}],"wp:attachment":[{"href":"https:\/\/vanderloubet.com.br\/deputado\/wp-json\/wp\/v2\/media?parent=19673"}],"wp:term":[{"taxonomy":"category","embeddable":true,"href":"https:\/\/vanderloubet.com.br\/deputado\/wp-json\/wp\/v2\/categories?post=19673"},{"taxonomy":"post_tag","embeddable":true,"href":"https:\/\/vanderloubet.com.br\/deputado\/wp-json\/wp\/v2\/tags?post=19673"}],"curies":[{"name":"wp","href":"https:\/\/api.w.org\/{rel}","templated":true}]}}