{"id":19507,"date":"2024-03-11T10:00:39","date_gmt":"2024-03-11T14:00:39","guid":{"rendered":"https:\/\/vanderloubet.com.br\/deputado\/?p=19507"},"modified":"2024-03-14T15:29:08","modified_gmt":"2024-03-14T19:29:08","slug":"com-apoio-de-vander-ifms-inaugura-novo-bloco-no-campus-de-dourados","status":"publish","type":"post","link":"https:\/\/vanderloubet.com.br\/deputado\/com-apoio-de-vander-ifms-inaugura-novo-bloco-no-campus-de-dourados\/","title":{"rendered":"Com apoio de Vander, IFMS inaugura novo bloco no campus de Dourados"},"content":{"rendered":"<p>Com investimento de R$ 3,8 milh\u00f5es, o Instituto Federal de Mato Grosso do Sul (IFMS) inaugurou na sexta-feira (8) o novo bloco de ensino do campus de Dourados, ampliando significativamente a capacidade de oferta de cursos e vagas na unidade.<\/p>\n<p>O Bloco C possui 1.289 m\u00b2 de \u00e1rea constru\u00edda que abrigam 10 salas de aula, al\u00e9m de \u00e1reas de circula\u00e7\u00e3o e instala\u00e7\u00f5es sanit\u00e1rias completas. A melhoria da infraestrutura permitir\u00e1 que o campus atenda mais 490 novos estudantes por per\u00edodo.<\/p>\n<p>&#8220;A inaugura\u00e7\u00e3o do Bloco C \u00e9 um s\u00edmbolo do nosso compromisso cont\u00ednuo com a excel\u00eancia educacional, pois seremos capazes de desenvolver ainda mais as atividades de ensino, pesquisa e extens\u00e3o, e atender mais estudantes&#8221;, destacou a reitora Elaine Cassiano.<\/p>\n<p>Durante a cerim\u00f4nia de inaugura\u00e7\u00e3o, a reitora Elaine lembrou que metade do valor investido no Bloco C \u00e9 proveniente de emenda parlamentar de bancada, um recurso articulado pelo deputado federal Vander Loubet, presente ao evento.<\/p>\n<p>&#8220;Metade do investimento, ou seja R$ 1,9 milh\u00e3o, \u00e9 fruto de uma emenda de bancada articulada pelo nosso mandato. Ao todo, somando recursos da bancada e do Minist\u00e9rio da Educa\u00e7\u00e3o, estamos garantindo para o IFMS um investimento de R$ 22,1 milh\u00f5es na amplia\u00e7\u00e3o e moderniza\u00e7\u00e3o do Instituto&#8221;, destaca o parlamentar pantaneiro. &#8220;Isso mostra a dedica\u00e7\u00e3o do nosso mandato e do governo Lula com a educa\u00e7\u00e3o p\u00fablica, gratuita e de qualidade em nosso estado&#8221;, completa.<\/p>\n<p>As obras para as quais foram destinadas os maiores aportes provenientes de emendas parlamentares foram as realizadas em Campo Grande (Bloco F &#8211; R$ 4 milh\u00f5es de R$ 8,8 milh\u00f5es) e Dourados (Bloco C &#8211; R$ 1,9 milh\u00e3o de R$ 3,8 milh\u00f5es), respectivamente.<\/p>\n<p><strong>Dourados<\/strong> &#8211; Atualmente, o campus da cidade possui 769 estudantes matriculados em cursos presenciais e 94 servidores, entre professores e t\u00e9cnicos-administrativos.<\/p>\n<p>A unidade oferta cursos t\u00e9cnicos de n\u00edvel m\u00e9dio nas \u00e1reas de Administra\u00e7\u00e3o, Marketing e Inform\u00e1tica para Internet. Na gradua\u00e7\u00e3o, o campus oferece o curso superior de tecnologia em Jogos Digitais. S\u00e3o oferecidos ainda cursos de p\u00f3s-gradua\u00e7\u00e3o, qualifica\u00e7\u00e3o profissional e idiomas, todos de forma gratuita.<\/p>\n\r\n                <style type=\"text\/css\">\r\n                    \r\n                    #tdi_1  .td-doubleSlider-2 .td-item1 {\r\n                        background: url(https:\/\/vanderloubet.com.br\/deputado\/wp-content\/uploads\/2024\/03\/foto-2024-03-08-novo-bloco-ifms-dourados-01-80x60.jpg) 0 0 no-repeat;\r\n                    }\r\n                    #tdi_1  .td-doubleSlider-2 .td-item2 {\r\n                        background: url(https:\/\/vanderloubet.com.br\/deputado\/wp-content\/uploads\/2024\/03\/foto-2024-03-08-novo-bloco-ifms-dourados-02-80x60.jpg) 0 0 no-repeat;\r\n                    }\r\n                    #tdi_1  .td-doubleSlider-2 .td-item3 {\r\n                        background: url(https:\/\/vanderloubet.com.br\/deputado\/wp-content\/uploads\/2024\/03\/foto-2024-03-08-novo-bloco-ifms-dourados-03-80x60.jpg) 0 0 no-repeat;\r\n                    }\r\n                    #tdi_1  .td-doubleSlider-2 .td-item4 {\r\n                        background: url(https:\/\/vanderloubet.com.br\/deputado\/wp-content\/uploads\/2024\/03\/foto-2024-03-08-novo-bloco-ifms-dourados-04-80x60.jpg) 0 0 no-repeat;\r\n                    }\r\n                <\/style>\r\n\r\n                <div id=\"tdi_1\" class=\"td-gallery td-slide-on-2-columns\">\r\n                    <div class=\"post_td_gallery\">\r\n                        <div class=\"td-gallery-slide-top\">\r\n                           <div class=\"td-gallery-title\"><\/div>\r\n\r\n                            <div class=\"td-gallery-controls-wrapper\">\r\n                                <div class=\"td-gallery-slide-count\"><span class=\"td-gallery-slide-item-focus\">1<\/span> de 4<\/div>\r\n                                <div class=\"td-gallery-slide-prev-next-but\">\r\n                                    <i class = \"td-icon-left doubleSliderPrevButton\"><\/i>\r\n                                    <i class = \"td-icon-right doubleSliderNextButton\"><\/i>\r\n                                <\/div>\r\n                            <\/div>\r\n                        <\/div>\r\n\r\n                        <div class = \"td-doubleSlider-1 \">\r\n                            <div class = \"td-slider\">\r\n                                \r\n                    <div class = \"td-slide-item td-item1\">\r\n                        <figure class=\"td-slide-galery-figure td-slide-popup-gallery\">\r\n                            <a class=\"slide-gallery-image-link\" href=\"https:\/\/vanderloubet.com.br\/deputado\/wp-content\/uploads\/2024\/03\/foto-2024-03-08-novo-bloco-ifms-dourados-01.jpg\" title=\"Com apoio de Vander, IFMS inaugura novo bloco no campus de Dourados\"  data-caption=\"\"  data-description=\"Com apoio de Vander, IFMS inaugura novo bloco no campus de Dourados\">\r\n                                <img decoding=\"async\" src=\"https:\/\/vanderloubet.com.br\/deputado\/wp-content\/uploads\/2024\/03\/foto-2024-03-08-novo-bloco-ifms-dourados-01-630x420.jpg\" srcset=\"https:\/\/vanderloubet.com.br\/deputado\/wp-content\/uploads\/2024\/03\/foto-2024-03-08-novo-bloco-ifms-dourados-01-630x420.jpg 630w, https:\/\/vanderloubet.com.br\/deputado\/wp-content\/uploads\/2024\/03\/foto-2024-03-08-novo-bloco-ifms-dourados-01-350x233.jpg 350w, https:\/\/vanderloubet.com.br\/deputado\/wp-content\/uploads\/2024\/03\/foto-2024-03-08-novo-bloco-ifms-dourados-01-768x512.jpg 768w, https:\/\/vanderloubet.com.br\/deputado\/wp-content\/uploads\/2024\/03\/foto-2024-03-08-novo-bloco-ifms-dourados-01-700x467.jpg 700w, https:\/\/vanderloubet.com.br\/deputado\/wp-content\/uploads\/2024\/03\/foto-2024-03-08-novo-bloco-ifms-dourados-01-696x464.jpg 696w, https:\/\/vanderloubet.com.br\/deputado\/wp-content\/uploads\/2024\/03\/foto-2024-03-08-novo-bloco-ifms-dourados-01.jpg 900w\" sizes=\"(max-width: 630px) 100vw, 630px\" alt=\"Com apoio de Vander, IFMS inaugura novo bloco no campus de Dourados\">\r\n                            <\/a>\r\n                            <figcaption class = \"td-slide-caption td-gallery-slide-content\"><span>Com apoio de Vander, IFMS inaugura novo bloco no campus de Dourados<\/span><\/figcaption>\r\n                        <\/figure>\r\n                    <\/div>\r\n                    <div class = \"td-slide-item td-item2\">\r\n                        <figure class=\"td-slide-galery-figure td-slide-popup-gallery\">\r\n                            <a class=\"slide-gallery-image-link\" href=\"https:\/\/vanderloubet.com.br\/deputado\/wp-content\/uploads\/2024\/03\/foto-2024-03-08-novo-bloco-ifms-dourados-02.jpg\" title=\"Com apoio de Vander, IFMS inaugura novo bloco no campus de Dourados\"  data-caption=\"\"  data-description=\"Com apoio de Vander, IFMS inaugura novo bloco no campus de Dourados\">\r\n                                <img decoding=\"async\" src=\"https:\/\/vanderloubet.com.br\/deputado\/wp-content\/uploads\/2024\/03\/foto-2024-03-08-novo-bloco-ifms-dourados-02-630x420.jpg\" srcset=\"https:\/\/vanderloubet.com.br\/deputado\/wp-content\/uploads\/2024\/03\/foto-2024-03-08-novo-bloco-ifms-dourados-02-630x420.jpg 630w, https:\/\/vanderloubet.com.br\/deputado\/wp-content\/uploads\/2024\/03\/foto-2024-03-08-novo-bloco-ifms-dourados-02-350x233.jpg 350w, https:\/\/vanderloubet.com.br\/deputado\/wp-content\/uploads\/2024\/03\/foto-2024-03-08-novo-bloco-ifms-dourados-02-768x512.jpg 768w, https:\/\/vanderloubet.com.br\/deputado\/wp-content\/uploads\/2024\/03\/foto-2024-03-08-novo-bloco-ifms-dourados-02-700x467.jpg 700w, https:\/\/vanderloubet.com.br\/deputado\/wp-content\/uploads\/2024\/03\/foto-2024-03-08-novo-bloco-ifms-dourados-02-696x464.jpg 696w, https:\/\/vanderloubet.com.br\/deputado\/wp-content\/uploads\/2024\/03\/foto-2024-03-08-novo-bloco-ifms-dourados-02.jpg 900w\" sizes=\"(max-width: 630px) 100vw, 630px\" alt=\"Com apoio de Vander, IFMS inaugura novo bloco no campus de Dourados\">\r\n                            <\/a>\r\n                            <figcaption class = \"td-slide-caption td-gallery-slide-content\"><span>Com apoio de Vander, IFMS inaugura novo bloco no campus de Dourados<\/span><\/figcaption>\r\n                        <\/figure>\r\n                    <\/div>\r\n                    <div class = \"td-slide-item td-item3\">\r\n                        <figure class=\"td-slide-galery-figure td-slide-popup-gallery\">\r\n                            <a class=\"slide-gallery-image-link\" href=\"https:\/\/vanderloubet.com.br\/deputado\/wp-content\/uploads\/2024\/03\/foto-2024-03-08-novo-bloco-ifms-dourados-03.jpg\" title=\"Com apoio de Vander, IFMS inaugura novo bloco no campus de Dourados\"  data-caption=\"\"  data-description=\"Com apoio de Vander, IFMS inaugura novo bloco no campus de Dourados\">\r\n                                <img decoding=\"async\" src=\"https:\/\/vanderloubet.com.br\/deputado\/wp-content\/uploads\/2024\/03\/foto-2024-03-08-novo-bloco-ifms-dourados-03-630x420.jpg\" srcset=\"https:\/\/vanderloubet.com.br\/deputado\/wp-content\/uploads\/2024\/03\/foto-2024-03-08-novo-bloco-ifms-dourados-03-630x420.jpg 630w, https:\/\/vanderloubet.com.br\/deputado\/wp-content\/uploads\/2024\/03\/foto-2024-03-08-novo-bloco-ifms-dourados-03-350x233.jpg 350w, https:\/\/vanderloubet.com.br\/deputado\/wp-content\/uploads\/2024\/03\/foto-2024-03-08-novo-bloco-ifms-dourados-03-768x512.jpg 768w, https:\/\/vanderloubet.com.br\/deputado\/wp-content\/uploads\/2024\/03\/foto-2024-03-08-novo-bloco-ifms-dourados-03-700x467.jpg 700w, https:\/\/vanderloubet.com.br\/deputado\/wp-content\/uploads\/2024\/03\/foto-2024-03-08-novo-bloco-ifms-dourados-03-696x464.jpg 696w, https:\/\/vanderloubet.com.br\/deputado\/wp-content\/uploads\/2024\/03\/foto-2024-03-08-novo-bloco-ifms-dourados-03.jpg 900w\" sizes=\"(max-width: 630px) 100vw, 630px\" alt=\"Com apoio de Vander, IFMS inaugura novo bloco no campus de Dourados\">\r\n                            <\/a>\r\n                            <figcaption class = \"td-slide-caption td-gallery-slide-content\"><span>Com apoio de Vander, IFMS inaugura novo bloco no campus de Dourados<\/span><\/figcaption>\r\n                        <\/figure>\r\n                    <\/div>\r\n                    <div class = \"td-slide-item td-item4\">\r\n                        <figure class=\"td-slide-galery-figure td-slide-popup-gallery\">\r\n                            <a class=\"slide-gallery-image-link\" href=\"https:\/\/vanderloubet.com.br\/deputado\/wp-content\/uploads\/2024\/03\/foto-2024-03-08-novo-bloco-ifms-dourados-04.jpg\" title=\"Com apoio de Vander, IFMS inaugura novo bloco no campus de Dourados\"  data-caption=\"\"  data-description=\"Com apoio de Vander, IFMS inaugura novo bloco no campus de Dourados\">\r\n                                <img decoding=\"async\" src=\"https:\/\/vanderloubet.com.br\/deputado\/wp-content\/uploads\/2024\/03\/foto-2024-03-08-novo-bloco-ifms-dourados-04-630x420.jpg\" srcset=\"https:\/\/vanderloubet.com.br\/deputado\/wp-content\/uploads\/2024\/03\/foto-2024-03-08-novo-bloco-ifms-dourados-04-630x420.jpg 630w, https:\/\/vanderloubet.com.br\/deputado\/wp-content\/uploads\/2024\/03\/foto-2024-03-08-novo-bloco-ifms-dourados-04-350x233.jpg 350w, https:\/\/vanderloubet.com.br\/deputado\/wp-content\/uploads\/2024\/03\/foto-2024-03-08-novo-bloco-ifms-dourados-04-768x512.jpg 768w, https:\/\/vanderloubet.com.br\/deputado\/wp-content\/uploads\/2024\/03\/foto-2024-03-08-novo-bloco-ifms-dourados-04-700x467.jpg 700w, https:\/\/vanderloubet.com.br\/deputado\/wp-content\/uploads\/2024\/03\/foto-2024-03-08-novo-bloco-ifms-dourados-04-696x464.jpg 696w, https:\/\/vanderloubet.com.br\/deputado\/wp-content\/uploads\/2024\/03\/foto-2024-03-08-novo-bloco-ifms-dourados-04.jpg 900w\" sizes=\"(max-width: 630px) 100vw, 630px\" alt=\"Com apoio de Vander, IFMS inaugura novo bloco no campus de Dourados\">\r\n                            <\/a>\r\n                            <figcaption class = \"td-slide-caption td-gallery-slide-content\"><span>Com apoio de Vander, IFMS inaugura novo bloco no campus de Dourados<\/span><\/figcaption>\r\n                        <\/figure>\r\n                    <\/div>\r\n                            <\/div>\r\n                        <\/div>\r\n\r\n                        <div class = \"td-doubleSlider-2\">\r\n                            <div class = \"td-slider\">\r\n                                \r\n                    <div class = \"td-button td-item1\">\r\n                        <div class = \"td-border\"><\/div>\r\n                    <\/div>\r\n                    <div class = \"td-button td-item2\">\r\n                        <div class = \"td-border\"><\/div>\r\n                    <\/div>\r\n                    <div class = \"td-button td-item3\">\r\n                        <div class = \"td-border\"><\/div>\r\n                    <\/div>\r\n                    <div class = \"td-button td-item4\">\r\n                        <div class = \"td-border\"><\/div>\r\n                    <\/div>\r\n                            <\/div>\r\n                        <\/div>\r\n\r\n                    <\/div>\r\n\r\n                <\/div>\r\n                \n<pre><em>Fonte: Osvaldo Sato\/IFMS<\/em>\r\n<em>Edi\u00e7\u00e3o: \u00c9der F. Yanaguita<\/em><\/pre>\n","protected":false},"excerpt":{"rendered":"<p>Bloco C abriga 10 salas de aula, que permitir\u00e3o que o campus atenda mais 490 novos estudantes por per\u00edodo.<\/p>\n","protected":false},"author":2,"featured_media":19510,"comment_status":"closed","ping_status":"closed","sticky":false,"template":"","format":"standard","meta":{"jetpack_post_was_ever_published":false,"_jetpack_newsletter_access":"","_jetpack_dont_email_post_to_subs":false,"_jetpack_newsletter_tier_id":0,"_jetpack_memberships_contains_paywalled_content":false,"_jetpack_memberships_contains_paid_content":false,"footnotes":""},"categories":[2097,10],"tags":[672,697,2127,2525],"class_list":{"0":"post-19507","1":"post","2":"type-post","3":"status-publish","4":"format-standard","5":"has-post-thumbnail","7":"category-municipios-noticias","8":"category-noticias","9":"tag-dourados","10":"tag-educacao","11":"tag-emenda-parlamentar","12":"tag-governo-federal"},"yoast_head":"<!-- This site is optimized with the Yoast SEO plugin v27.4 - https:\/\/yoast.com\/product\/yoast-seo-wordpress\/ -->\n<title>Com apoio de Vander, IFMS inaugura novo bloco no campus de Dourados<\/title>\n<meta name=\"description\" content=\"Bloco C abriga 10 salas de aula, que permitir\u00e3o que o campus atenda mais 490 novos estudantes por per\u00edodo.\" \/>\n<meta name=\"robots\" content=\"index, follow, max-snippet:-1, max-image-preview:large, max-video-preview:-1\" \/>\n<link rel=\"canonical\" href=\"https:\/\/vanderloubet.com.br\/deputado\/com-apoio-de-vander-ifms-inaugura-novo-bloco-no-campus-de-dourados\/\" \/>\n<meta property=\"og:locale\" content=\"pt_BR\" \/>\n<meta property=\"og:type\" content=\"article\" \/>\n<meta property=\"og:title\" content=\"Com apoio de Vander, IFMS inaugura novo bloco no campus de Dourados\" \/>\n<meta property=\"og:description\" content=\"Bloco C abriga 10 salas de aula, que permitir\u00e3o que o campus atenda mais 490 novos estudantes por per\u00edodo.\" \/>\n<meta property=\"og:url\" content=\"https:\/\/vanderloubet.com.br\/deputado\/com-apoio-de-vander-ifms-inaugura-novo-bloco-no-campus-de-dourados\/\" \/>\n<meta property=\"og:site_name\" content=\"Deputado Federal Vander Loubet\" \/>\n<meta property=\"article:publisher\" content=\"https:\/\/facebook.com\/deputadovander\" \/>\n<meta property=\"article:published_time\" content=\"2024-03-11T14:00:39+00:00\" \/>\n<meta property=\"article:modified_time\" content=\"2024-03-14T19:29:08+00:00\" \/>\n<meta property=\"og:image\" content=\"https:\/\/vanderloubet.com.br\/deputado\/wp-content\/uploads\/2024\/03\/foto-2024-03-08-novo-bloco-ifms-dourados-03.jpg\" \/>\n\t<meta property=\"og:image:width\" content=\"900\" \/>\n\t<meta property=\"og:image:height\" content=\"600\" \/>\n\t<meta property=\"og:image:type\" content=\"image\/jpeg\" \/>\n<meta name=\"author\" content=\"\u00c9der\" \/>\n<meta name=\"twitter:card\" content=\"summary_large_image\" \/>\n<meta name=\"twitter:creator\" content=\"@vanderloubet\" \/>\n<meta name=\"twitter:site\" content=\"@vanderloubet\" \/>\n<script type=\"application\/ld+json\" class=\"yoast-schema-graph\">{\"@context\":\"https:\\\/\\\/schema.org\",\"@graph\":[{\"@type\":\"Article\",\"@id\":\"https:\\\/\\\/vanderloubet.com.br\\\/deputado\\\/com-apoio-de-vander-ifms-inaugura-novo-bloco-no-campus-de-dourados\\\/#article\",\"isPartOf\":{\"@id\":\"https:\\\/\\\/vanderloubet.com.br\\\/deputado\\\/com-apoio-de-vander-ifms-inaugura-novo-bloco-no-campus-de-dourados\\\/\"},\"author\":{\"name\":\"\u00c9der\",\"@id\":\"https:\\\/\\\/vanderloubet.com.br\\\/deputado\\\/#\\\/schema\\\/person\\\/15b51bd564532a8a68d9dec1b8eb890e\"},\"headline\":\"Com apoio de Vander, IFMS inaugura novo bloco no campus de Dourados\",\"datePublished\":\"2024-03-11T14:00:39+00:00\",\"dateModified\":\"2024-03-14T19:29:08+00:00\",\"mainEntityOfPage\":{\"@id\":\"https:\\\/\\\/vanderloubet.com.br\\\/deputado\\\/com-apoio-de-vander-ifms-inaugura-novo-bloco-no-campus-de-dourados\\\/\"},\"wordCount\":378,\"publisher\":{\"@id\":\"https:\\\/\\\/vanderloubet.com.br\\\/deputado\\\/#organization\"},\"image\":{\"@id\":\"https:\\\/\\\/vanderloubet.com.br\\\/deputado\\\/com-apoio-de-vander-ifms-inaugura-novo-bloco-no-campus-de-dourados\\\/#primaryimage\"},\"thumbnailUrl\":\"https:\\\/\\\/vanderloubet.com.br\\\/deputado\\\/wp-content\\\/uploads\\\/2024\\\/03\\\/foto-2024-03-08-novo-bloco-ifms-dourados-03.jpg\",\"keywords\":[\"dourados\",\"educa\u00e7\u00e3o\",\"emenda parlamentar\",\"governo federal\"],\"articleSection\":[\"Munic\u00edpios\",\"Not\u00edcias\"],\"inLanguage\":\"pt-BR\"},{\"@type\":\"WebPage\",\"@id\":\"https:\\\/\\\/vanderloubet.com.br\\\/deputado\\\/com-apoio-de-vander-ifms-inaugura-novo-bloco-no-campus-de-dourados\\\/\",\"url\":\"https:\\\/\\\/vanderloubet.com.br\\\/deputado\\\/com-apoio-de-vander-ifms-inaugura-novo-bloco-no-campus-de-dourados\\\/\",\"name\":\"Com apoio de Vander, IFMS inaugura novo bloco no campus de Dourados\",\"isPartOf\":{\"@id\":\"https:\\\/\\\/vanderloubet.com.br\\\/deputado\\\/#website\"},\"primaryImageOfPage\":{\"@id\":\"https:\\\/\\\/vanderloubet.com.br\\\/deputado\\\/com-apoio-de-vander-ifms-inaugura-novo-bloco-no-campus-de-dourados\\\/#primaryimage\"},\"image\":{\"@id\":\"https:\\\/\\\/vanderloubet.com.br\\\/deputado\\\/com-apoio-de-vander-ifms-inaugura-novo-bloco-no-campus-de-dourados\\\/#primaryimage\"},\"thumbnailUrl\":\"https:\\\/\\\/vanderloubet.com.br\\\/deputado\\\/wp-content\\\/uploads\\\/2024\\\/03\\\/foto-2024-03-08-novo-bloco-ifms-dourados-03.jpg\",\"datePublished\":\"2024-03-11T14:00:39+00:00\",\"dateModified\":\"2024-03-14T19:29:08+00:00\",\"description\":\"Bloco C abriga 10 salas de aula, que permitir\u00e3o que o campus atenda mais 490 novos estudantes por per\u00edodo.\",\"breadcrumb\":{\"@id\":\"https:\\\/\\\/vanderloubet.com.br\\\/deputado\\\/com-apoio-de-vander-ifms-inaugura-novo-bloco-no-campus-de-dourados\\\/#breadcrumb\"},\"inLanguage\":\"pt-BR\",\"potentialAction\":[{\"@type\":\"ReadAction\",\"target\":[\"https:\\\/\\\/vanderloubet.com.br\\\/deputado\\\/com-apoio-de-vander-ifms-inaugura-novo-bloco-no-campus-de-dourados\\\/\"]}]},{\"@type\":\"ImageObject\",\"inLanguage\":\"pt-BR\",\"@id\":\"https:\\\/\\\/vanderloubet.com.br\\\/deputado\\\/com-apoio-de-vander-ifms-inaugura-novo-bloco-no-campus-de-dourados\\\/#primaryimage\",\"url\":\"https:\\\/\\\/vanderloubet.com.br\\\/deputado\\\/wp-content\\\/uploads\\\/2024\\\/03\\\/foto-2024-03-08-novo-bloco-ifms-dourados-03.jpg\",\"contentUrl\":\"https:\\\/\\\/vanderloubet.com.br\\\/deputado\\\/wp-content\\\/uploads\\\/2024\\\/03\\\/foto-2024-03-08-novo-bloco-ifms-dourados-03.jpg\",\"width\":900,\"height\":600,\"caption\":\"Com apoio de Vander, IFMS inaugura novo bloco no campus de Dourados\"},{\"@type\":\"BreadcrumbList\",\"@id\":\"https:\\\/\\\/vanderloubet.com.br\\\/deputado\\\/com-apoio-de-vander-ifms-inaugura-novo-bloco-no-campus-de-dourados\\\/#breadcrumb\",\"itemListElement\":[{\"@type\":\"ListItem\",\"position\":1,\"name\":\"In\u00edcio\",\"item\":\"https:\\\/\\\/vanderloubet.com.br\\\/deputado\\\/\"},{\"@type\":\"ListItem\",\"position\":2,\"name\":\"Com apoio de Vander, IFMS inaugura novo bloco no campus de Dourados\"}]},{\"@type\":\"WebSite\",\"@id\":\"https:\\\/\\\/vanderloubet.com.br\\\/deputado\\\/#website\",\"url\":\"https:\\\/\\\/vanderloubet.com.br\\\/deputado\\\/\",\"name\":\"Deputado Federal Vander Loubet\",\"description\":\"O Federal de MS\",\"publisher\":{\"@id\":\"https:\\\/\\\/vanderloubet.com.br\\\/deputado\\\/#organization\"},\"alternateName\":\"Deputado Vander\",\"potentialAction\":[{\"@type\":\"SearchAction\",\"target\":{\"@type\":\"EntryPoint\",\"urlTemplate\":\"https:\\\/\\\/vanderloubet.com.br\\\/deputado\\\/?s={search_term_string}\"},\"query-input\":{\"@type\":\"PropertyValueSpecification\",\"valueRequired\":true,\"valueName\":\"search_term_string\"}}],\"inLanguage\":\"pt-BR\"},{\"@type\":\"Organization\",\"@id\":\"https:\\\/\\\/vanderloubet.com.br\\\/deputado\\\/#organization\",\"name\":\"Deputado Federal Vander Loubet\",\"alternateName\":\"Deputado Vander\",\"url\":\"https:\\\/\\\/vanderloubet.com.br\\\/deputado\\\/\",\"logo\":{\"@type\":\"ImageObject\",\"inLanguage\":\"pt-BR\",\"@id\":\"https:\\\/\\\/vanderloubet.com.br\\\/deputado\\\/#\\\/schema\\\/logo\\\/image\\\/\",\"url\":\"https:\\\/\\\/vanderloubet.com.br\\\/deputado\\\/wp-content\\\/uploads\\\/2023\\\/06\\\/foto-2023-06-19-mandato-deputado-vander.jpg\",\"contentUrl\":\"https:\\\/\\\/vanderloubet.com.br\\\/deputado\\\/wp-content\\\/uploads\\\/2023\\\/06\\\/foto-2023-06-19-mandato-deputado-vander.jpg\",\"width\":1080,\"height\":1080,\"caption\":\"Deputado Federal Vander Loubet\"},\"image\":{\"@id\":\"https:\\\/\\\/vanderloubet.com.br\\\/deputado\\\/#\\\/schema\\\/logo\\\/image\\\/\"},\"sameAs\":[\"https:\\\/\\\/facebook.com\\\/deputadovander\",\"https:\\\/\\\/x.com\\\/vanderloubet\",\"https:\\\/\\\/instagram.com\\\/vanderloubet\",\"https:\\\/\\\/youtube.com\\\/vanderloubet\",\"https:\\\/\\\/tiktok.com\\\/@vanderloubetms\"]},{\"@type\":\"Person\",\"@id\":\"https:\\\/\\\/vanderloubet.com.br\\\/deputado\\\/#\\\/schema\\\/person\\\/15b51bd564532a8a68d9dec1b8eb890e\",\"name\":\"\u00c9der\",\"image\":{\"@type\":\"ImageObject\",\"inLanguage\":\"pt-BR\",\"@id\":\"https:\\\/\\\/vanderloubet.com.br\\\/deputado\\\/wp-content\\\/litespeed\\\/avatar\\\/88ca4090d9d5ab1c9495f6ca03b68efa.jpg?ver=1777058957\",\"url\":\"https:\\\/\\\/vanderloubet.com.br\\\/deputado\\\/wp-content\\\/litespeed\\\/avatar\\\/88ca4090d9d5ab1c9495f6ca03b68efa.jpg?ver=1777058957\",\"contentUrl\":\"https:\\\/\\\/vanderloubet.com.br\\\/deputado\\\/wp-content\\\/litespeed\\\/avatar\\\/88ca4090d9d5ab1c9495f6ca03b68efa.jpg?ver=1777058957\",\"caption\":\"\u00c9der\"}}]}<\/script>\n<!-- \/ Yoast SEO plugin. -->","yoast_head_json":{"title":"Com apoio de Vander, IFMS inaugura novo bloco no campus de Dourados","description":"Bloco C abriga 10 salas de aula, que permitir\u00e3o que o campus atenda mais 490 novos estudantes por per\u00edodo.","robots":{"index":"index","follow":"follow","max-snippet":"max-snippet:-1","max-image-preview":"max-image-preview:large","max-video-preview":"max-video-preview:-1"},"canonical":"https:\/\/vanderloubet.com.br\/deputado\/com-apoio-de-vander-ifms-inaugura-novo-bloco-no-campus-de-dourados\/","og_locale":"pt_BR","og_type":"article","og_title":"Com apoio de Vander, IFMS inaugura novo bloco no campus de Dourados","og_description":"Bloco C abriga 10 salas de aula, que permitir\u00e3o que o campus atenda mais 490 novos estudantes por per\u00edodo.","og_url":"https:\/\/vanderloubet.com.br\/deputado\/com-apoio-de-vander-ifms-inaugura-novo-bloco-no-campus-de-dourados\/","og_site_name":"Deputado Federal Vander Loubet","article_publisher":"https:\/\/facebook.com\/deputadovander","article_published_time":"2024-03-11T14:00:39+00:00","article_modified_time":"2024-03-14T19:29:08+00:00","og_image":[{"width":900,"height":600,"url":"https:\/\/vanderloubet.com.br\/deputado\/wp-content\/uploads\/2024\/03\/foto-2024-03-08-novo-bloco-ifms-dourados-03.jpg","type":"image\/jpeg"}],"author":"\u00c9der","twitter_card":"summary_large_image","twitter_creator":"@vanderloubet","twitter_site":"@vanderloubet","schema":{"@context":"https:\/\/schema.org","@graph":[{"@type":"Article","@id":"https:\/\/vanderloubet.com.br\/deputado\/com-apoio-de-vander-ifms-inaugura-novo-bloco-no-campus-de-dourados\/#article","isPartOf":{"@id":"https:\/\/vanderloubet.com.br\/deputado\/com-apoio-de-vander-ifms-inaugura-novo-bloco-no-campus-de-dourados\/"},"author":{"name":"\u00c9der","@id":"https:\/\/vanderloubet.com.br\/deputado\/#\/schema\/person\/15b51bd564532a8a68d9dec1b8eb890e"},"headline":"Com apoio de Vander, IFMS inaugura novo bloco no campus de Dourados","datePublished":"2024-03-11T14:00:39+00:00","dateModified":"2024-03-14T19:29:08+00:00","mainEntityOfPage":{"@id":"https:\/\/vanderloubet.com.br\/deputado\/com-apoio-de-vander-ifms-inaugura-novo-bloco-no-campus-de-dourados\/"},"wordCount":378,"publisher":{"@id":"https:\/\/vanderloubet.com.br\/deputado\/#organization"},"image":{"@id":"https:\/\/vanderloubet.com.br\/deputado\/com-apoio-de-vander-ifms-inaugura-novo-bloco-no-campus-de-dourados\/#primaryimage"},"thumbnailUrl":"https:\/\/vanderloubet.com.br\/deputado\/wp-content\/uploads\/2024\/03\/foto-2024-03-08-novo-bloco-ifms-dourados-03.jpg","keywords":["dourados","educa\u00e7\u00e3o","emenda parlamentar","governo federal"],"articleSection":["Munic\u00edpios","Not\u00edcias"],"inLanguage":"pt-BR"},{"@type":"WebPage","@id":"https:\/\/vanderloubet.com.br\/deputado\/com-apoio-de-vander-ifms-inaugura-novo-bloco-no-campus-de-dourados\/","url":"https:\/\/vanderloubet.com.br\/deputado\/com-apoio-de-vander-ifms-inaugura-novo-bloco-no-campus-de-dourados\/","name":"Com apoio de Vander, IFMS inaugura novo bloco no campus de Dourados","isPartOf":{"@id":"https:\/\/vanderloubet.com.br\/deputado\/#website"},"primaryImageOfPage":{"@id":"https:\/\/vanderloubet.com.br\/deputado\/com-apoio-de-vander-ifms-inaugura-novo-bloco-no-campus-de-dourados\/#primaryimage"},"image":{"@id":"https:\/\/vanderloubet.com.br\/deputado\/com-apoio-de-vander-ifms-inaugura-novo-bloco-no-campus-de-dourados\/#primaryimage"},"thumbnailUrl":"https:\/\/vanderloubet.com.br\/deputado\/wp-content\/uploads\/2024\/03\/foto-2024-03-08-novo-bloco-ifms-dourados-03.jpg","datePublished":"2024-03-11T14:00:39+00:00","dateModified":"2024-03-14T19:29:08+00:00","description":"Bloco C abriga 10 salas de aula, que permitir\u00e3o que o campus atenda mais 490 novos estudantes por per\u00edodo.","breadcrumb":{"@id":"https:\/\/vanderloubet.com.br\/deputado\/com-apoio-de-vander-ifms-inaugura-novo-bloco-no-campus-de-dourados\/#breadcrumb"},"inLanguage":"pt-BR","potentialAction":[{"@type":"ReadAction","target":["https:\/\/vanderloubet.com.br\/deputado\/com-apoio-de-vander-ifms-inaugura-novo-bloco-no-campus-de-dourados\/"]}]},{"@type":"ImageObject","inLanguage":"pt-BR","@id":"https:\/\/vanderloubet.com.br\/deputado\/com-apoio-de-vander-ifms-inaugura-novo-bloco-no-campus-de-dourados\/#primaryimage","url":"https:\/\/vanderloubet.com.br\/deputado\/wp-content\/uploads\/2024\/03\/foto-2024-03-08-novo-bloco-ifms-dourados-03.jpg","contentUrl":"https:\/\/vanderloubet.com.br\/deputado\/wp-content\/uploads\/2024\/03\/foto-2024-03-08-novo-bloco-ifms-dourados-03.jpg","width":900,"height":600,"caption":"Com apoio de Vander, IFMS inaugura novo bloco no campus de Dourados"},{"@type":"BreadcrumbList","@id":"https:\/\/vanderloubet.com.br\/deputado\/com-apoio-de-vander-ifms-inaugura-novo-bloco-no-campus-de-dourados\/#breadcrumb","itemListElement":[{"@type":"ListItem","position":1,"name":"In\u00edcio","item":"https:\/\/vanderloubet.com.br\/deputado\/"},{"@type":"ListItem","position":2,"name":"Com apoio de Vander, IFMS inaugura novo bloco no campus de Dourados"}]},{"@type":"WebSite","@id":"https:\/\/vanderloubet.com.br\/deputado\/#website","url":"https:\/\/vanderloubet.com.br\/deputado\/","name":"Deputado Federal Vander Loubet","description":"O Federal de MS","publisher":{"@id":"https:\/\/vanderloubet.com.br\/deputado\/#organization"},"alternateName":"Deputado Vander","potentialAction":[{"@type":"SearchAction","target":{"@type":"EntryPoint","urlTemplate":"https:\/\/vanderloubet.com.br\/deputado\/?s={search_term_string}"},"query-input":{"@type":"PropertyValueSpecification","valueRequired":true,"valueName":"search_term_string"}}],"inLanguage":"pt-BR"},{"@type":"Organization","@id":"https:\/\/vanderloubet.com.br\/deputado\/#organization","name":"Deputado Federal Vander Loubet","alternateName":"Deputado Vander","url":"https:\/\/vanderloubet.com.br\/deputado\/","logo":{"@type":"ImageObject","inLanguage":"pt-BR","@id":"https:\/\/vanderloubet.com.br\/deputado\/#\/schema\/logo\/image\/","url":"https:\/\/vanderloubet.com.br\/deputado\/wp-content\/uploads\/2023\/06\/foto-2023-06-19-mandato-deputado-vander.jpg","contentUrl":"https:\/\/vanderloubet.com.br\/deputado\/wp-content\/uploads\/2023\/06\/foto-2023-06-19-mandato-deputado-vander.jpg","width":1080,"height":1080,"caption":"Deputado Federal Vander Loubet"},"image":{"@id":"https:\/\/vanderloubet.com.br\/deputado\/#\/schema\/logo\/image\/"},"sameAs":["https:\/\/facebook.com\/deputadovander","https:\/\/x.com\/vanderloubet","https:\/\/instagram.com\/vanderloubet","https:\/\/youtube.com\/vanderloubet","https:\/\/tiktok.com\/@vanderloubetms"]},{"@type":"Person","@id":"https:\/\/vanderloubet.com.br\/deputado\/#\/schema\/person\/15b51bd564532a8a68d9dec1b8eb890e","name":"\u00c9der","image":{"@type":"ImageObject","inLanguage":"pt-BR","@id":"https:\/\/vanderloubet.com.br\/deputado\/wp-content\/litespeed\/avatar\/88ca4090d9d5ab1c9495f6ca03b68efa.jpg?ver=1777058957","url":"https:\/\/vanderloubet.com.br\/deputado\/wp-content\/litespeed\/avatar\/88ca4090d9d5ab1c9495f6ca03b68efa.jpg?ver=1777058957","contentUrl":"https:\/\/vanderloubet.com.br\/deputado\/wp-content\/litespeed\/avatar\/88ca4090d9d5ab1c9495f6ca03b68efa.jpg?ver=1777058957","caption":"\u00c9der"}}]}},"jetpack_featured_media_url":"https:\/\/vanderloubet.com.br\/deputado\/wp-content\/uploads\/2024\/03\/foto-2024-03-08-novo-bloco-ifms-dourados-03.jpg","jetpack_sharing_enabled":true,"_links":{"self":[{"href":"https:\/\/vanderloubet.com.br\/deputado\/wp-json\/wp\/v2\/posts\/19507","targetHints":{"allow":["GET"]}}],"collection":[{"href":"https:\/\/vanderloubet.com.br\/deputado\/wp-json\/wp\/v2\/posts"}],"about":[{"href":"https:\/\/vanderloubet.com.br\/deputado\/wp-json\/wp\/v2\/types\/post"}],"author":[{"embeddable":true,"href":"https:\/\/vanderloubet.com.br\/deputado\/wp-json\/wp\/v2\/users\/2"}],"replies":[{"embeddable":true,"href":"https:\/\/vanderloubet.com.br\/deputado\/wp-json\/wp\/v2\/comments?post=19507"}],"version-history":[{"count":0,"href":"https:\/\/vanderloubet.com.br\/deputado\/wp-json\/wp\/v2\/posts\/19507\/revisions"}],"wp:featuredmedia":[{"embeddable":true,"href":"https:\/\/vanderloubet.com.br\/deputado\/wp-json\/wp\/v2\/media\/19510"}],"wp:attachment":[{"href":"https:\/\/vanderloubet.com.br\/deputado\/wp-json\/wp\/v2\/media?parent=19507"}],"wp:term":[{"taxonomy":"category","embeddable":true,"href":"https:\/\/vanderloubet.com.br\/deputado\/wp-json\/wp\/v2\/categories?post=19507"},{"taxonomy":"post_tag","embeddable":true,"href":"https:\/\/vanderloubet.com.br\/deputado\/wp-json\/wp\/v2\/tags?post=19507"}],"curies":[{"name":"wp","href":"https:\/\/api.w.org\/{rel}","templated":true}]}}