{"id":19485,"date":"2024-02-23T12:30:06","date_gmt":"2024-02-23T16:30:06","guid":{"rendered":"https:\/\/vanderloubet.com.br\/deputado\/?p=19485"},"modified":"2024-02-23T12:30:34","modified_gmt":"2024-02-23T16:30:34","slug":"camila-vander-e-zeca-acertam-juntos-estrategia-para-o-pt-na-capital-e-em-todo-o-ms","status":"publish","type":"post","link":"https:\/\/vanderloubet.com.br\/deputado\/camila-vander-e-zeca-acertam-juntos-estrategia-para-o-pt-na-capital-e-em-todo-o-ms\/","title":{"rendered":"Camila, Vander e Zeca acertam juntos estrat\u00e9gia para o PT na Capital e em todo o MS"},"content":{"rendered":"<p>No final da manh\u00e3 desta sexta-feira (23), os deputados petistas Camila Jara, Vander Loubet e Zeca do PT se reuniram para dialogar e acertar uma estrat\u00e9gia eleitoral para o partido que possa ser aplicada tanto em Campo Grande quanto no interior do estado.<\/p>\n<p>Durante a conversa, os parlamentares acertaram a combina\u00e7\u00e3o das duas ideias que vinham sendo trabalhadas nos debates internos do PT na Capital, ou seja, a manuten\u00e7\u00e3o da pr\u00e9-candidatura de Camila \u00e0 Prefeitura e a abertura para propostas de alian\u00e7as de partidos que estejam na base de apoio do governo Lula.<\/p>\n<p>&#8220;Eu acho que n\u00f3s fizemos aqui um entendimento importante, juntando as duas ideias a partir de algumas constata\u00e7\u00f5es. A primeira: n\u00f3s temos que ter uma pr\u00e9-candidatura aqui [em Campo Grande], como nos principais munic\u00edpios do interior, para marcar uma presen\u00e7a forte, montar uma chapa de vereador e vereadora competitiva. Segundo: se eventualmente n\u00f3s precisarmos fazer alian\u00e7a, significa que n\u00f3s queremos sentar \u00e0 mesa no mesmo n\u00edvel e dialogar em torno de um programa, um projeto administrativo alinhado a nossa identidade, alinhado aos princ\u00edpios que n\u00f3s do PT cultivamos&#8221;, relatou Zeca.<\/p>\n<p>Sobre a pol\u00eamica envolvendo o nome de Rose Modesto, os parlamentares destacaram que a pr\u00e9-candidatura da superintendente da Sudeco n\u00e3o inviabiliza neste momento uma pr\u00e9-candidatura pr\u00f3pria do PT.<\/p>\n<p>&#8220;At\u00e9 agora [a Rose] n\u00e3o afirmou isso. Esperamos que afirme, pois a pr\u00e9-candidatura dela \u00e9 bem-vinda. N\u00f3s temos a nossa pr\u00e9-candidata e vamos trabalhar no nosso projeto, assim como a Rose vai trabalhar no projeto dela. Eventualmente, alguma coisa pode acontecer de um lado ou de outro l\u00e1 na frente. Estaremos abertos para conversar, dentro desses pontos que o Zeca abordou, da linha program\u00e1tica&#8221;, ponderou Vander.<\/p>\n<p>O deputado federal enfatizou, ainda, que as possibilidades de alian\u00e7a n\u00e3o podem nem v\u00e3o ficar restritas \u00e0 Rose Modesto.<\/p>\n<p>&#8220;A partir de agora, n\u00f3s &#8211; Zeca, Camila e eu &#8211; vamos fazer, assim que poss\u00edvel, uma reuni\u00e3o com os presidentes do PT, do PV e do PCdoB, que representam a nossa federa\u00e7\u00e3o, para fortalecer essa quest\u00e3o da chapa de vereadores. E o segundo passo \u00e9 dialogar com os partidos que est\u00e3o mais identificados com o Lula, como o PSB. Queremos conversar com o Paulo Duarte e o Carl\u00e3o. Assim como tamb\u00e9m vamos procurar o Psol e a Rede, que t\u00eam a federa\u00e7\u00e3o deles&#8221;, completou Vander.<\/p>\n<p>Camila Jara, por sua vez, refor\u00e7ou a quest\u00e3o program\u00e1tica do PT como foco tanto para sua pr\u00e9-candidatura como para qualquer di\u00e1logo em torno de alian\u00e7as.<\/p>\n<p>&#8220;A gente tem um projeto de pa\u00eds, um projeto de estado, um projeto de munic\u00edpio. Esse projeto, como o Zeca pontuou, passa pelo desenvolvimento econ\u00f4mico, por gera\u00e7\u00e3o de emprego e renda e por redu\u00e7\u00e3o da desigualdade. A gente n\u00e3o abre m\u00e3o desse programa. \u00c9 isso que a gente vai fazer nesse momento. Vamos sair para conversar, para ampliar o arco de alian\u00e7as, discutir um plano municipal e fortalecer as a\u00e7\u00f5es do governo federal&#8221;, concluiu a deputada.<\/p>\n<pre><em>Texto e foto: \u00c9der F. Yanaguita<\/em><\/pre>\n","protected":false},"excerpt":{"rendered":"<p>Ficou acertada combina\u00e7\u00e3o das duas ideias que vinham sendo trabalhadas: pr\u00e9-candidatura de Camila e abertura para propostas de alian\u00e7as.<\/p>\n","protected":false},"author":2,"featured_media":19486,"comment_status":"closed","ping_status":"closed","sticky":false,"template":"","format":"standard","meta":{"jetpack_post_was_ever_published":false,"_jetpack_newsletter_access":"","_jetpack_dont_email_post_to_subs":false,"_jetpack_newsletter_tier_id":0,"_jetpack_memberships_contains_paywalled_content":false,"_jetpack_memberships_contains_paid_content":false,"footnotes":""},"categories":[2099,10],"tags":[342,2278],"class_list":{"0":"post-19485","1":"post","2":"type-post","3":"status-publish","4":"format-standard","5":"has-post-thumbnail","7":"category-ms-noticias","8":"category-noticias","9":"tag-campo-grande","10":"tag-partido-dos-trabalhadores"},"yoast_head":"<!-- This site is optimized with the Yoast SEO plugin v27.4 - https:\/\/yoast.com\/product\/yoast-seo-wordpress\/ -->\n<title>Camila, Vander e Zeca acertam juntos estrat\u00e9gia para o PT na Capital e em todo o MS<\/title>\n<meta name=\"description\" content=\"Ficou acertada combina\u00e7\u00e3o das duas ideias que vinham sendo trabalhadas: pr\u00e9-candidatura de Camila e abertura para propostas de alian\u00e7as.\" \/>\n<meta name=\"robots\" content=\"index, follow, max-snippet:-1, max-image-preview:large, max-video-preview:-1\" \/>\n<link rel=\"canonical\" href=\"https:\/\/vanderloubet.com.br\/deputado\/camila-vander-e-zeca-acertam-juntos-estrategia-para-o-pt-na-capital-e-em-todo-o-ms\/\" \/>\n<meta property=\"og:locale\" content=\"pt_BR\" \/>\n<meta property=\"og:type\" content=\"article\" \/>\n<meta property=\"og:title\" content=\"Camila, Vander e Zeca acertam juntos estrat\u00e9gia para o PT na Capital e em todo o MS\" \/>\n<meta property=\"og:description\" content=\"Ficou acertada combina\u00e7\u00e3o das duas ideias que vinham sendo trabalhadas: pr\u00e9-candidatura de Camila e abertura para propostas de alian\u00e7as.\" \/>\n<meta property=\"og:url\" content=\"https:\/\/vanderloubet.com.br\/deputado\/camila-vander-e-zeca-acertam-juntos-estrategia-para-o-pt-na-capital-e-em-todo-o-ms\/\" \/>\n<meta property=\"og:site_name\" content=\"Deputado Federal Vander Loubet\" \/>\n<meta property=\"article:publisher\" content=\"https:\/\/facebook.com\/deputadovander\" \/>\n<meta property=\"article:published_time\" content=\"2024-02-23T16:30:06+00:00\" \/>\n<meta property=\"article:modified_time\" content=\"2024-02-23T16:30:34+00:00\" \/>\n<meta property=\"og:image\" content=\"https:\/\/vanderloubet.com.br\/deputado\/wp-content\/uploads\/2024\/02\/foto-2024-02-23-vander-camila-zeca.jpg\" \/>\n\t<meta property=\"og:image:width\" content=\"900\" \/>\n\t<meta property=\"og:image:height\" content=\"675\" \/>\n\t<meta property=\"og:image:type\" content=\"image\/jpeg\" \/>\n<meta name=\"author\" content=\"\u00c9der\" \/>\n<meta name=\"twitter:card\" content=\"summary_large_image\" \/>\n<meta name=\"twitter:creator\" content=\"@vanderloubet\" \/>\n<meta name=\"twitter:site\" content=\"@vanderloubet\" \/>\n<script type=\"application\/ld+json\" class=\"yoast-schema-graph\">{\"@context\":\"https:\\\/\\\/schema.org\",\"@graph\":[{\"@type\":\"Article\",\"@id\":\"https:\\\/\\\/vanderloubet.com.br\\\/deputado\\\/camila-vander-e-zeca-acertam-juntos-estrategia-para-o-pt-na-capital-e-em-todo-o-ms\\\/#article\",\"isPartOf\":{\"@id\":\"https:\\\/\\\/vanderloubet.com.br\\\/deputado\\\/camila-vander-e-zeca-acertam-juntos-estrategia-para-o-pt-na-capital-e-em-todo-o-ms\\\/\"},\"author\":{\"name\":\"\u00c9der\",\"@id\":\"https:\\\/\\\/vanderloubet.com.br\\\/deputado\\\/#\\\/schema\\\/person\\\/15b51bd564532a8a68d9dec1b8eb890e\"},\"headline\":\"Camila, Vander e Zeca acertam juntos estrat\u00e9gia para o PT na Capital e em todo o MS\",\"datePublished\":\"2024-02-23T16:30:06+00:00\",\"dateModified\":\"2024-02-23T16:30:34+00:00\",\"mainEntityOfPage\":{\"@id\":\"https:\\\/\\\/vanderloubet.com.br\\\/deputado\\\/camila-vander-e-zeca-acertam-juntos-estrategia-para-o-pt-na-capital-e-em-todo-o-ms\\\/\"},\"wordCount\":549,\"publisher\":{\"@id\":\"https:\\\/\\\/vanderloubet.com.br\\\/deputado\\\/#organization\"},\"image\":{\"@id\":\"https:\\\/\\\/vanderloubet.com.br\\\/deputado\\\/camila-vander-e-zeca-acertam-juntos-estrategia-para-o-pt-na-capital-e-em-todo-o-ms\\\/#primaryimage\"},\"thumbnailUrl\":\"https:\\\/\\\/vanderloubet.com.br\\\/deputado\\\/wp-content\\\/uploads\\\/2024\\\/02\\\/foto-2024-02-23-vander-camila-zeca.jpg\",\"keywords\":[\"campo grande\",\"partido dos trabalhadores\"],\"articleSection\":[\"Mato Grosso do Sul\",\"Not\u00edcias\"],\"inLanguage\":\"pt-BR\"},{\"@type\":\"WebPage\",\"@id\":\"https:\\\/\\\/vanderloubet.com.br\\\/deputado\\\/camila-vander-e-zeca-acertam-juntos-estrategia-para-o-pt-na-capital-e-em-todo-o-ms\\\/\",\"url\":\"https:\\\/\\\/vanderloubet.com.br\\\/deputado\\\/camila-vander-e-zeca-acertam-juntos-estrategia-para-o-pt-na-capital-e-em-todo-o-ms\\\/\",\"name\":\"Camila, Vander e Zeca acertam juntos estrat\u00e9gia para o PT na Capital e em todo o MS\",\"isPartOf\":{\"@id\":\"https:\\\/\\\/vanderloubet.com.br\\\/deputado\\\/#website\"},\"primaryImageOfPage\":{\"@id\":\"https:\\\/\\\/vanderloubet.com.br\\\/deputado\\\/camila-vander-e-zeca-acertam-juntos-estrategia-para-o-pt-na-capital-e-em-todo-o-ms\\\/#primaryimage\"},\"image\":{\"@id\":\"https:\\\/\\\/vanderloubet.com.br\\\/deputado\\\/camila-vander-e-zeca-acertam-juntos-estrategia-para-o-pt-na-capital-e-em-todo-o-ms\\\/#primaryimage\"},\"thumbnailUrl\":\"https:\\\/\\\/vanderloubet.com.br\\\/deputado\\\/wp-content\\\/uploads\\\/2024\\\/02\\\/foto-2024-02-23-vander-camila-zeca.jpg\",\"datePublished\":\"2024-02-23T16:30:06+00:00\",\"dateModified\":\"2024-02-23T16:30:34+00:00\",\"description\":\"Ficou acertada combina\u00e7\u00e3o das duas ideias que vinham sendo trabalhadas: pr\u00e9-candidatura de Camila e abertura para propostas de alian\u00e7as.\",\"breadcrumb\":{\"@id\":\"https:\\\/\\\/vanderloubet.com.br\\\/deputado\\\/camila-vander-e-zeca-acertam-juntos-estrategia-para-o-pt-na-capital-e-em-todo-o-ms\\\/#breadcrumb\"},\"inLanguage\":\"pt-BR\",\"potentialAction\":[{\"@type\":\"ReadAction\",\"target\":[\"https:\\\/\\\/vanderloubet.com.br\\\/deputado\\\/camila-vander-e-zeca-acertam-juntos-estrategia-para-o-pt-na-capital-e-em-todo-o-ms\\\/\"]}]},{\"@type\":\"ImageObject\",\"inLanguage\":\"pt-BR\",\"@id\":\"https:\\\/\\\/vanderloubet.com.br\\\/deputado\\\/camila-vander-e-zeca-acertam-juntos-estrategia-para-o-pt-na-capital-e-em-todo-o-ms\\\/#primaryimage\",\"url\":\"https:\\\/\\\/vanderloubet.com.br\\\/deputado\\\/wp-content\\\/uploads\\\/2024\\\/02\\\/foto-2024-02-23-vander-camila-zeca.jpg\",\"contentUrl\":\"https:\\\/\\\/vanderloubet.com.br\\\/deputado\\\/wp-content\\\/uploads\\\/2024\\\/02\\\/foto-2024-02-23-vander-camila-zeca.jpg\",\"width\":900,\"height\":675,\"caption\":\"Camila, Vander e Zeca acertam juntos estrat\u00e9gia para o PT na Capital e em todo o MS\"},{\"@type\":\"BreadcrumbList\",\"@id\":\"https:\\\/\\\/vanderloubet.com.br\\\/deputado\\\/camila-vander-e-zeca-acertam-juntos-estrategia-para-o-pt-na-capital-e-em-todo-o-ms\\\/#breadcrumb\",\"itemListElement\":[{\"@type\":\"ListItem\",\"position\":1,\"name\":\"In\u00edcio\",\"item\":\"https:\\\/\\\/vanderloubet.com.br\\\/deputado\\\/\"},{\"@type\":\"ListItem\",\"position\":2,\"name\":\"Camila, Vander e Zeca acertam juntos estrat\u00e9gia para o PT na Capital e em todo o MS\"}]},{\"@type\":\"WebSite\",\"@id\":\"https:\\\/\\\/vanderloubet.com.br\\\/deputado\\\/#website\",\"url\":\"https:\\\/\\\/vanderloubet.com.br\\\/deputado\\\/\",\"name\":\"Deputado Federal Vander Loubet\",\"description\":\"O Federal de MS\",\"publisher\":{\"@id\":\"https:\\\/\\\/vanderloubet.com.br\\\/deputado\\\/#organization\"},\"alternateName\":\"Deputado Vander\",\"potentialAction\":[{\"@type\":\"SearchAction\",\"target\":{\"@type\":\"EntryPoint\",\"urlTemplate\":\"https:\\\/\\\/vanderloubet.com.br\\\/deputado\\\/?s={search_term_string}\"},\"query-input\":{\"@type\":\"PropertyValueSpecification\",\"valueRequired\":true,\"valueName\":\"search_term_string\"}}],\"inLanguage\":\"pt-BR\"},{\"@type\":\"Organization\",\"@id\":\"https:\\\/\\\/vanderloubet.com.br\\\/deputado\\\/#organization\",\"name\":\"Deputado Federal Vander Loubet\",\"alternateName\":\"Deputado Vander\",\"url\":\"https:\\\/\\\/vanderloubet.com.br\\\/deputado\\\/\",\"logo\":{\"@type\":\"ImageObject\",\"inLanguage\":\"pt-BR\",\"@id\":\"https:\\\/\\\/vanderloubet.com.br\\\/deputado\\\/#\\\/schema\\\/logo\\\/image\\\/\",\"url\":\"https:\\\/\\\/vanderloubet.com.br\\\/deputado\\\/wp-content\\\/uploads\\\/2023\\\/06\\\/foto-2023-06-19-mandato-deputado-vander.jpg\",\"contentUrl\":\"https:\\\/\\\/vanderloubet.com.br\\\/deputado\\\/wp-content\\\/uploads\\\/2023\\\/06\\\/foto-2023-06-19-mandato-deputado-vander.jpg\",\"width\":1080,\"height\":1080,\"caption\":\"Deputado Federal Vander Loubet\"},\"image\":{\"@id\":\"https:\\\/\\\/vanderloubet.com.br\\\/deputado\\\/#\\\/schema\\\/logo\\\/image\\\/\"},\"sameAs\":[\"https:\\\/\\\/facebook.com\\\/deputadovander\",\"https:\\\/\\\/x.com\\\/vanderloubet\",\"https:\\\/\\\/instagram.com\\\/vanderloubet\",\"https:\\\/\\\/youtube.com\\\/vanderloubet\",\"https:\\\/\\\/tiktok.com\\\/@vanderloubetms\"]},{\"@type\":\"Person\",\"@id\":\"https:\\\/\\\/vanderloubet.com.br\\\/deputado\\\/#\\\/schema\\\/person\\\/15b51bd564532a8a68d9dec1b8eb890e\",\"name\":\"\u00c9der\",\"image\":{\"@type\":\"ImageObject\",\"inLanguage\":\"pt-BR\",\"@id\":\"https:\\\/\\\/vanderloubet.com.br\\\/deputado\\\/wp-content\\\/litespeed\\\/avatar\\\/88ca4090d9d5ab1c9495f6ca03b68efa.jpg?ver=1777058957\",\"url\":\"https:\\\/\\\/vanderloubet.com.br\\\/deputado\\\/wp-content\\\/litespeed\\\/avatar\\\/88ca4090d9d5ab1c9495f6ca03b68efa.jpg?ver=1777058957\",\"contentUrl\":\"https:\\\/\\\/vanderloubet.com.br\\\/deputado\\\/wp-content\\\/litespeed\\\/avatar\\\/88ca4090d9d5ab1c9495f6ca03b68efa.jpg?ver=1777058957\",\"caption\":\"\u00c9der\"}}]}<\/script>\n<!-- \/ Yoast SEO plugin. -->","yoast_head_json":{"title":"Camila, Vander e Zeca acertam juntos estrat\u00e9gia para o PT na Capital e em todo o MS","description":"Ficou acertada combina\u00e7\u00e3o das duas ideias que vinham sendo trabalhadas: pr\u00e9-candidatura de Camila e abertura para propostas de alian\u00e7as.","robots":{"index":"index","follow":"follow","max-snippet":"max-snippet:-1","max-image-preview":"max-image-preview:large","max-video-preview":"max-video-preview:-1"},"canonical":"https:\/\/vanderloubet.com.br\/deputado\/camila-vander-e-zeca-acertam-juntos-estrategia-para-o-pt-na-capital-e-em-todo-o-ms\/","og_locale":"pt_BR","og_type":"article","og_title":"Camila, Vander e Zeca acertam juntos estrat\u00e9gia para o PT na Capital e em todo o MS","og_description":"Ficou acertada combina\u00e7\u00e3o das duas ideias que vinham sendo trabalhadas: pr\u00e9-candidatura de Camila e abertura para propostas de alian\u00e7as.","og_url":"https:\/\/vanderloubet.com.br\/deputado\/camila-vander-e-zeca-acertam-juntos-estrategia-para-o-pt-na-capital-e-em-todo-o-ms\/","og_site_name":"Deputado Federal Vander Loubet","article_publisher":"https:\/\/facebook.com\/deputadovander","article_published_time":"2024-02-23T16:30:06+00:00","article_modified_time":"2024-02-23T16:30:34+00:00","og_image":[{"width":900,"height":675,"url":"https:\/\/vanderloubet.com.br\/deputado\/wp-content\/uploads\/2024\/02\/foto-2024-02-23-vander-camila-zeca.jpg","type":"image\/jpeg"}],"author":"\u00c9der","twitter_card":"summary_large_image","twitter_creator":"@vanderloubet","twitter_site":"@vanderloubet","schema":{"@context":"https:\/\/schema.org","@graph":[{"@type":"Article","@id":"https:\/\/vanderloubet.com.br\/deputado\/camila-vander-e-zeca-acertam-juntos-estrategia-para-o-pt-na-capital-e-em-todo-o-ms\/#article","isPartOf":{"@id":"https:\/\/vanderloubet.com.br\/deputado\/camila-vander-e-zeca-acertam-juntos-estrategia-para-o-pt-na-capital-e-em-todo-o-ms\/"},"author":{"name":"\u00c9der","@id":"https:\/\/vanderloubet.com.br\/deputado\/#\/schema\/person\/15b51bd564532a8a68d9dec1b8eb890e"},"headline":"Camila, Vander e Zeca acertam juntos estrat\u00e9gia para o PT na Capital e em todo o MS","datePublished":"2024-02-23T16:30:06+00:00","dateModified":"2024-02-23T16:30:34+00:00","mainEntityOfPage":{"@id":"https:\/\/vanderloubet.com.br\/deputado\/camila-vander-e-zeca-acertam-juntos-estrategia-para-o-pt-na-capital-e-em-todo-o-ms\/"},"wordCount":549,"publisher":{"@id":"https:\/\/vanderloubet.com.br\/deputado\/#organization"},"image":{"@id":"https:\/\/vanderloubet.com.br\/deputado\/camila-vander-e-zeca-acertam-juntos-estrategia-para-o-pt-na-capital-e-em-todo-o-ms\/#primaryimage"},"thumbnailUrl":"https:\/\/vanderloubet.com.br\/deputado\/wp-content\/uploads\/2024\/02\/foto-2024-02-23-vander-camila-zeca.jpg","keywords":["campo grande","partido dos trabalhadores"],"articleSection":["Mato Grosso do Sul","Not\u00edcias"],"inLanguage":"pt-BR"},{"@type":"WebPage","@id":"https:\/\/vanderloubet.com.br\/deputado\/camila-vander-e-zeca-acertam-juntos-estrategia-para-o-pt-na-capital-e-em-todo-o-ms\/","url":"https:\/\/vanderloubet.com.br\/deputado\/camila-vander-e-zeca-acertam-juntos-estrategia-para-o-pt-na-capital-e-em-todo-o-ms\/","name":"Camila, Vander e Zeca acertam juntos estrat\u00e9gia para o PT na Capital e em todo o MS","isPartOf":{"@id":"https:\/\/vanderloubet.com.br\/deputado\/#website"},"primaryImageOfPage":{"@id":"https:\/\/vanderloubet.com.br\/deputado\/camila-vander-e-zeca-acertam-juntos-estrategia-para-o-pt-na-capital-e-em-todo-o-ms\/#primaryimage"},"image":{"@id":"https:\/\/vanderloubet.com.br\/deputado\/camila-vander-e-zeca-acertam-juntos-estrategia-para-o-pt-na-capital-e-em-todo-o-ms\/#primaryimage"},"thumbnailUrl":"https:\/\/vanderloubet.com.br\/deputado\/wp-content\/uploads\/2024\/02\/foto-2024-02-23-vander-camila-zeca.jpg","datePublished":"2024-02-23T16:30:06+00:00","dateModified":"2024-02-23T16:30:34+00:00","description":"Ficou acertada combina\u00e7\u00e3o das duas ideias que vinham sendo trabalhadas: pr\u00e9-candidatura de Camila e abertura para propostas de alian\u00e7as.","breadcrumb":{"@id":"https:\/\/vanderloubet.com.br\/deputado\/camila-vander-e-zeca-acertam-juntos-estrategia-para-o-pt-na-capital-e-em-todo-o-ms\/#breadcrumb"},"inLanguage":"pt-BR","potentialAction":[{"@type":"ReadAction","target":["https:\/\/vanderloubet.com.br\/deputado\/camila-vander-e-zeca-acertam-juntos-estrategia-para-o-pt-na-capital-e-em-todo-o-ms\/"]}]},{"@type":"ImageObject","inLanguage":"pt-BR","@id":"https:\/\/vanderloubet.com.br\/deputado\/camila-vander-e-zeca-acertam-juntos-estrategia-para-o-pt-na-capital-e-em-todo-o-ms\/#primaryimage","url":"https:\/\/vanderloubet.com.br\/deputado\/wp-content\/uploads\/2024\/02\/foto-2024-02-23-vander-camila-zeca.jpg","contentUrl":"https:\/\/vanderloubet.com.br\/deputado\/wp-content\/uploads\/2024\/02\/foto-2024-02-23-vander-camila-zeca.jpg","width":900,"height":675,"caption":"Camila, Vander e Zeca acertam juntos estrat\u00e9gia para o PT na Capital e em todo o MS"},{"@type":"BreadcrumbList","@id":"https:\/\/vanderloubet.com.br\/deputado\/camila-vander-e-zeca-acertam-juntos-estrategia-para-o-pt-na-capital-e-em-todo-o-ms\/#breadcrumb","itemListElement":[{"@type":"ListItem","position":1,"name":"In\u00edcio","item":"https:\/\/vanderloubet.com.br\/deputado\/"},{"@type":"ListItem","position":2,"name":"Camila, Vander e Zeca acertam juntos estrat\u00e9gia para o PT na Capital e em todo o MS"}]},{"@type":"WebSite","@id":"https:\/\/vanderloubet.com.br\/deputado\/#website","url":"https:\/\/vanderloubet.com.br\/deputado\/","name":"Deputado Federal Vander Loubet","description":"O Federal de MS","publisher":{"@id":"https:\/\/vanderloubet.com.br\/deputado\/#organization"},"alternateName":"Deputado Vander","potentialAction":[{"@type":"SearchAction","target":{"@type":"EntryPoint","urlTemplate":"https:\/\/vanderloubet.com.br\/deputado\/?s={search_term_string}"},"query-input":{"@type":"PropertyValueSpecification","valueRequired":true,"valueName":"search_term_string"}}],"inLanguage":"pt-BR"},{"@type":"Organization","@id":"https:\/\/vanderloubet.com.br\/deputado\/#organization","name":"Deputado Federal Vander Loubet","alternateName":"Deputado Vander","url":"https:\/\/vanderloubet.com.br\/deputado\/","logo":{"@type":"ImageObject","inLanguage":"pt-BR","@id":"https:\/\/vanderloubet.com.br\/deputado\/#\/schema\/logo\/image\/","url":"https:\/\/vanderloubet.com.br\/deputado\/wp-content\/uploads\/2023\/06\/foto-2023-06-19-mandato-deputado-vander.jpg","contentUrl":"https:\/\/vanderloubet.com.br\/deputado\/wp-content\/uploads\/2023\/06\/foto-2023-06-19-mandato-deputado-vander.jpg","width":1080,"height":1080,"caption":"Deputado Federal Vander Loubet"},"image":{"@id":"https:\/\/vanderloubet.com.br\/deputado\/#\/schema\/logo\/image\/"},"sameAs":["https:\/\/facebook.com\/deputadovander","https:\/\/x.com\/vanderloubet","https:\/\/instagram.com\/vanderloubet","https:\/\/youtube.com\/vanderloubet","https:\/\/tiktok.com\/@vanderloubetms"]},{"@type":"Person","@id":"https:\/\/vanderloubet.com.br\/deputado\/#\/schema\/person\/15b51bd564532a8a68d9dec1b8eb890e","name":"\u00c9der","image":{"@type":"ImageObject","inLanguage":"pt-BR","@id":"https:\/\/vanderloubet.com.br\/deputado\/wp-content\/litespeed\/avatar\/88ca4090d9d5ab1c9495f6ca03b68efa.jpg?ver=1777058957","url":"https:\/\/vanderloubet.com.br\/deputado\/wp-content\/litespeed\/avatar\/88ca4090d9d5ab1c9495f6ca03b68efa.jpg?ver=1777058957","contentUrl":"https:\/\/vanderloubet.com.br\/deputado\/wp-content\/litespeed\/avatar\/88ca4090d9d5ab1c9495f6ca03b68efa.jpg?ver=1777058957","caption":"\u00c9der"}}]}},"jetpack_featured_media_url":"https:\/\/vanderloubet.com.br\/deputado\/wp-content\/uploads\/2024\/02\/foto-2024-02-23-vander-camila-zeca.jpg","jetpack_sharing_enabled":true,"_links":{"self":[{"href":"https:\/\/vanderloubet.com.br\/deputado\/wp-json\/wp\/v2\/posts\/19485","targetHints":{"allow":["GET"]}}],"collection":[{"href":"https:\/\/vanderloubet.com.br\/deputado\/wp-json\/wp\/v2\/posts"}],"about":[{"href":"https:\/\/vanderloubet.com.br\/deputado\/wp-json\/wp\/v2\/types\/post"}],"author":[{"embeddable":true,"href":"https:\/\/vanderloubet.com.br\/deputado\/wp-json\/wp\/v2\/users\/2"}],"replies":[{"embeddable":true,"href":"https:\/\/vanderloubet.com.br\/deputado\/wp-json\/wp\/v2\/comments?post=19485"}],"version-history":[{"count":0,"href":"https:\/\/vanderloubet.com.br\/deputado\/wp-json\/wp\/v2\/posts\/19485\/revisions"}],"wp:featuredmedia":[{"embeddable":true,"href":"https:\/\/vanderloubet.com.br\/deputado\/wp-json\/wp\/v2\/media\/19486"}],"wp:attachment":[{"href":"https:\/\/vanderloubet.com.br\/deputado\/wp-json\/wp\/v2\/media?parent=19485"}],"wp:term":[{"taxonomy":"category","embeddable":true,"href":"https:\/\/vanderloubet.com.br\/deputado\/wp-json\/wp\/v2\/categories?post=19485"},{"taxonomy":"post_tag","embeddable":true,"href":"https:\/\/vanderloubet.com.br\/deputado\/wp-json\/wp\/v2\/tags?post=19485"}],"curies":[{"name":"wp","href":"https:\/\/api.w.org\/{rel}","templated":true}]}}