{"id":19444,"date":"2024-02-12T12:48:53","date_gmt":"2024-02-12T16:48:53","guid":{"rendered":"https:\/\/vanderloubet.com.br\/deputado\/?p=19444"},"modified":"2024-02-12T12:48:53","modified_gmt":"2024-02-12T16:48:53","slug":"com-apoio-de-vander-concurso-literario-vai-movimentar-jovens-de-ms","status":"publish","type":"post","link":"https:\/\/vanderloubet.com.br\/deputado\/com-apoio-de-vander-concurso-literario-vai-movimentar-jovens-de-ms\/","title":{"rendered":"Com apoio de Vander, concurso liter\u00e1rio vai movimentar jovens de MS"},"content":{"rendered":"<p>Durante quatro dias (25, 26, 27 e 28 de abril), o campus da Universidade Federal de Mato Grosso do Sul (UFMS) em Campo Grande ser\u00e1 o grande palco do Festival da Juventude (FestJuv), encontro que vai reunir diversas vertentes da cultura, como literatura, m\u00fasica, teatro e batalha de rima.<\/p>\n<p>O Festival j\u00e1 lan\u00e7ou a primeira etapa do evento. Trata-se de um concurso liter\u00e1rio exclusivo para a faixa et\u00e1ria de 15 a 24 anos de idade em tr\u00eas categorias: &#8220;Cr\u00f4nica, conto e poesia&#8221;, &#8220;Batalha de rima&#8221; e &#8220;Reportagem&#8221;. As inscri\u00e7\u00f5es j\u00e1 est\u00e3o abertas e o regulamento detalhado dos concursos est\u00e1 dispon\u00edvel no site <a href=\"https:\/\/festjuv.com.br\" target=\"_blank\" rel=\"noopener\">festjuv.com.br<\/a>.<\/p>\n<p>Como incentivo \u00e0 cria\u00e7\u00e3o, os vencedores receber\u00e3o pr\u00eamio em dinheiro e um livro editado com os respectivos trabalhos. Os primeiros colocados de cada categoria v\u00e3o receber R$ 2.500,00.<\/p>\n<p>\u201cO concurso nos dar\u00e1 uma mostra do que est\u00e1 sendo produzido pelos jovens do MS e sobre a perspectiva de como eles leem o mundo\u201d, diz a coordenadora do Festival, Andr\u00e9a Freire, explicando tamb\u00e9m que o projeto come\u00e7ou com a literatura, mas se expandiu para outras vertentes culturais, incluindo oficinas com temas variados.<\/p>\n<p>Diante de um mundo flexibilizado, complexo e heterog\u00eaneo, o adolescente e\/ou o jovem vivem um momento marcado pela transi\u00e7\u00e3o de modelos, no qual velhas f\u00f3rmulas ainda existem e novos modelos ainda n\u00e3o se consolidaram. Neste sentido, \u00e9 sempre bom lembrar o papel da literatura, fundamental para o desenvolvimento emocional, cr\u00edtico, intelectual e social do indiv\u00edduo, portanto, imprescind\u00edvel aos jovens.<\/p>\n<p>Escritor e professor, sul-mato-grossense, Febraro de Oliveira, de 25 anos, afirma que nunca foi t\u00e3o dif\u00edcil ser jovem neste pa\u00eds. Segundo ele, s\u00e3o muitos desafios para enfrentar em um mundo t\u00e3o globalizado, focado na tecnologia e ref\u00e9m das redes sociais. No entanto, e baseado na pr\u00f3pria viv\u00eancia, Febraro diz que existe algo em movimento em rela\u00e7\u00e3o \u00e0 literatura. \u201cO jovem, ao contr\u00e1rio do que se imagina, est\u00e1 se interessando cada vez mais pelos livros e pela leitura\u201d, ressalta.<\/p>\n<p>O esfor\u00e7o na realiza\u00e7\u00e3o do FestJuv s\u00f3 \u00e9 poss\u00edvel gra\u00e7as a uma emenda parlamentar do deputado federal Vander Loubet, um dos congressistas que mais destina verbas para a cultura e a educa\u00e7\u00e3o no estado e o maior apoiador de projetos da UFMS. \u201cA juventude merece espa\u00e7os para expressar sua criatividade e a UFMS \u00e9 o lugar adequado para a realiza\u00e7\u00e3o do Festival, pois isso reafirma esse espa\u00e7o como refer\u00eancia da educa\u00e7\u00e3o p\u00fablica e da cultura sul-mato-grossense\u201d, afirma Vander.<\/p>\n<p>O Festival \u00e9 uma realiza\u00e7\u00e3o da Associa\u00e7\u00e3o Amigos do Cinema e da Cultura (AACIC) e da UFMS e conta com o patroc\u00ednio do Minist\u00e9rio da Cultura e a parceria do Governo do Estado de Mato Grosso do Sul, por meio das secretarias de Cultura (Setesc), de Educa\u00e7\u00e3o (SED) e de Cidadania (SEC), al\u00e9m do apoio da Federa\u00e7\u00e3o do Com\u00e9rcio (Fecom\u00e9rcio-MS) e do Servi\u00e7o Social do Com\u00e9rcio (Sesc-MS).<\/p>\n<pre><em>Texto: Theresa Hilcar\r\nEdi\u00e7\u00e3o: \u00c9der F. Yanaguita\r\nArte: Mauro Forasteiro<\/em><\/pre>\n","protected":false},"excerpt":{"rendered":"<p>De 25 a 28 de abril), a UFMS em Campo Grande ser\u00e1 o grande palco do Festival da Juventude, que vai reunir diversas vertentes da cultura.<\/p>\n","protected":false},"author":2,"featured_media":19445,"comment_status":"closed","ping_status":"closed","sticky":false,"template":"","format":"standard","meta":{"jetpack_post_was_ever_published":false,"_jetpack_newsletter_access":"","_jetpack_dont_email_post_to_subs":false,"_jetpack_newsletter_tier_id":0,"_jetpack_memberships_contains_paywalled_content":false,"_jetpack_memberships_contains_paid_content":false,"footnotes":""},"categories":[2099,10],"tags":[562,2127,1109],"class_list":{"0":"post-19444","1":"post","2":"type-post","3":"status-publish","4":"format-standard","5":"has-post-thumbnail","7":"category-ms-noticias","8":"category-noticias","9":"tag-cultura","10":"tag-emenda-parlamentar","11":"tag-juventude"},"yoast_head":"<!-- This site is optimized with the Yoast SEO plugin v27.4 - https:\/\/yoast.com\/product\/yoast-seo-wordpress\/ -->\n<title>Com apoio de Vander, concurso liter\u00e1rio vai movimentar jovens de MS<\/title>\n<meta name=\"description\" content=\"De 25 a 28 de abril), a UFMS em Campo Grande ser\u00e1 o grande palco do Festival da Juventude, que vai reunir diversas vertentes da cultura.\" \/>\n<meta name=\"robots\" content=\"index, follow, max-snippet:-1, max-image-preview:large, max-video-preview:-1\" \/>\n<link rel=\"canonical\" href=\"https:\/\/vanderloubet.com.br\/deputado\/com-apoio-de-vander-concurso-literario-vai-movimentar-jovens-de-ms\/\" \/>\n<meta property=\"og:locale\" content=\"pt_BR\" \/>\n<meta property=\"og:type\" content=\"article\" \/>\n<meta property=\"og:title\" content=\"Com apoio de Vander, concurso liter\u00e1rio vai movimentar jovens de MS\" \/>\n<meta property=\"og:description\" content=\"De 25 a 28 de abril), a UFMS em Campo Grande ser\u00e1 o grande palco do Festival da Juventude, que vai reunir diversas vertentes da cultura.\" \/>\n<meta property=\"og:url\" content=\"https:\/\/vanderloubet.com.br\/deputado\/com-apoio-de-vander-concurso-literario-vai-movimentar-jovens-de-ms\/\" \/>\n<meta property=\"og:site_name\" content=\"Deputado Federal Vander Loubet\" \/>\n<meta property=\"article:publisher\" content=\"https:\/\/facebook.com\/deputadovander\" \/>\n<meta property=\"article:published_time\" content=\"2024-02-12T16:48:53+00:00\" \/>\n<meta property=\"og:image\" content=\"https:\/\/vanderloubet.com.br\/deputado\/wp-content\/uploads\/2024\/02\/foto-2024-02-09-festival-juventude-ufms.jpg\" \/>\n\t<meta property=\"og:image:width\" content=\"900\" \/>\n\t<meta property=\"og:image:height\" content=\"600\" \/>\n\t<meta property=\"og:image:type\" content=\"image\/jpeg\" \/>\n<meta name=\"author\" content=\"\u00c9der\" \/>\n<meta name=\"twitter:card\" content=\"summary_large_image\" \/>\n<meta name=\"twitter:creator\" content=\"@vanderloubet\" \/>\n<meta name=\"twitter:site\" content=\"@vanderloubet\" \/>\n<script type=\"application\/ld+json\" class=\"yoast-schema-graph\">{\"@context\":\"https:\\\/\\\/schema.org\",\"@graph\":[{\"@type\":\"Article\",\"@id\":\"https:\\\/\\\/vanderloubet.com.br\\\/deputado\\\/com-apoio-de-vander-concurso-literario-vai-movimentar-jovens-de-ms\\\/#article\",\"isPartOf\":{\"@id\":\"https:\\\/\\\/vanderloubet.com.br\\\/deputado\\\/com-apoio-de-vander-concurso-literario-vai-movimentar-jovens-de-ms\\\/\"},\"author\":{\"name\":\"\u00c9der\",\"@id\":\"https:\\\/\\\/vanderloubet.com.br\\\/deputado\\\/#\\\/schema\\\/person\\\/15b51bd564532a8a68d9dec1b8eb890e\"},\"headline\":\"Com apoio de Vander, concurso liter\u00e1rio vai movimentar jovens de MS\",\"datePublished\":\"2024-02-12T16:48:53+00:00\",\"mainEntityOfPage\":{\"@id\":\"https:\\\/\\\/vanderloubet.com.br\\\/deputado\\\/com-apoio-de-vander-concurso-literario-vai-movimentar-jovens-de-ms\\\/\"},\"wordCount\":522,\"publisher\":{\"@id\":\"https:\\\/\\\/vanderloubet.com.br\\\/deputado\\\/#organization\"},\"image\":{\"@id\":\"https:\\\/\\\/vanderloubet.com.br\\\/deputado\\\/com-apoio-de-vander-concurso-literario-vai-movimentar-jovens-de-ms\\\/#primaryimage\"},\"thumbnailUrl\":\"https:\\\/\\\/vanderloubet.com.br\\\/deputado\\\/wp-content\\\/uploads\\\/2024\\\/02\\\/foto-2024-02-09-festival-juventude-ufms.jpg\",\"keywords\":[\"cultura\",\"emenda parlamentar\",\"juventude\"],\"articleSection\":[\"Mato Grosso do Sul\",\"Not\u00edcias\"],\"inLanguage\":\"pt-BR\"},{\"@type\":\"WebPage\",\"@id\":\"https:\\\/\\\/vanderloubet.com.br\\\/deputado\\\/com-apoio-de-vander-concurso-literario-vai-movimentar-jovens-de-ms\\\/\",\"url\":\"https:\\\/\\\/vanderloubet.com.br\\\/deputado\\\/com-apoio-de-vander-concurso-literario-vai-movimentar-jovens-de-ms\\\/\",\"name\":\"Com apoio de Vander, concurso liter\u00e1rio vai movimentar jovens de MS\",\"isPartOf\":{\"@id\":\"https:\\\/\\\/vanderloubet.com.br\\\/deputado\\\/#website\"},\"primaryImageOfPage\":{\"@id\":\"https:\\\/\\\/vanderloubet.com.br\\\/deputado\\\/com-apoio-de-vander-concurso-literario-vai-movimentar-jovens-de-ms\\\/#primaryimage\"},\"image\":{\"@id\":\"https:\\\/\\\/vanderloubet.com.br\\\/deputado\\\/com-apoio-de-vander-concurso-literario-vai-movimentar-jovens-de-ms\\\/#primaryimage\"},\"thumbnailUrl\":\"https:\\\/\\\/vanderloubet.com.br\\\/deputado\\\/wp-content\\\/uploads\\\/2024\\\/02\\\/foto-2024-02-09-festival-juventude-ufms.jpg\",\"datePublished\":\"2024-02-12T16:48:53+00:00\",\"description\":\"De 25 a 28 de abril), a UFMS em Campo Grande ser\u00e1 o grande palco do Festival da Juventude, que vai reunir diversas vertentes da cultura.\",\"breadcrumb\":{\"@id\":\"https:\\\/\\\/vanderloubet.com.br\\\/deputado\\\/com-apoio-de-vander-concurso-literario-vai-movimentar-jovens-de-ms\\\/#breadcrumb\"},\"inLanguage\":\"pt-BR\",\"potentialAction\":[{\"@type\":\"ReadAction\",\"target\":[\"https:\\\/\\\/vanderloubet.com.br\\\/deputado\\\/com-apoio-de-vander-concurso-literario-vai-movimentar-jovens-de-ms\\\/\"]}]},{\"@type\":\"ImageObject\",\"inLanguage\":\"pt-BR\",\"@id\":\"https:\\\/\\\/vanderloubet.com.br\\\/deputado\\\/com-apoio-de-vander-concurso-literario-vai-movimentar-jovens-de-ms\\\/#primaryimage\",\"url\":\"https:\\\/\\\/vanderloubet.com.br\\\/deputado\\\/wp-content\\\/uploads\\\/2024\\\/02\\\/foto-2024-02-09-festival-juventude-ufms.jpg\",\"contentUrl\":\"https:\\\/\\\/vanderloubet.com.br\\\/deputado\\\/wp-content\\\/uploads\\\/2024\\\/02\\\/foto-2024-02-09-festival-juventude-ufms.jpg\",\"width\":900,\"height\":600,\"caption\":\"Com apoio de Vander, concurso liter\u00e1rio vai movimentar jovens de MS\"},{\"@type\":\"BreadcrumbList\",\"@id\":\"https:\\\/\\\/vanderloubet.com.br\\\/deputado\\\/com-apoio-de-vander-concurso-literario-vai-movimentar-jovens-de-ms\\\/#breadcrumb\",\"itemListElement\":[{\"@type\":\"ListItem\",\"position\":1,\"name\":\"In\u00edcio\",\"item\":\"https:\\\/\\\/vanderloubet.com.br\\\/deputado\\\/\"},{\"@type\":\"ListItem\",\"position\":2,\"name\":\"Com apoio de Vander, concurso liter\u00e1rio vai movimentar jovens de MS\"}]},{\"@type\":\"WebSite\",\"@id\":\"https:\\\/\\\/vanderloubet.com.br\\\/deputado\\\/#website\",\"url\":\"https:\\\/\\\/vanderloubet.com.br\\\/deputado\\\/\",\"name\":\"Deputado Federal Vander Loubet\",\"description\":\"O Federal de MS\",\"publisher\":{\"@id\":\"https:\\\/\\\/vanderloubet.com.br\\\/deputado\\\/#organization\"},\"alternateName\":\"Deputado Vander\",\"potentialAction\":[{\"@type\":\"SearchAction\",\"target\":{\"@type\":\"EntryPoint\",\"urlTemplate\":\"https:\\\/\\\/vanderloubet.com.br\\\/deputado\\\/?s={search_term_string}\"},\"query-input\":{\"@type\":\"PropertyValueSpecification\",\"valueRequired\":true,\"valueName\":\"search_term_string\"}}],\"inLanguage\":\"pt-BR\"},{\"@type\":\"Organization\",\"@id\":\"https:\\\/\\\/vanderloubet.com.br\\\/deputado\\\/#organization\",\"name\":\"Deputado Federal Vander Loubet\",\"alternateName\":\"Deputado Vander\",\"url\":\"https:\\\/\\\/vanderloubet.com.br\\\/deputado\\\/\",\"logo\":{\"@type\":\"ImageObject\",\"inLanguage\":\"pt-BR\",\"@id\":\"https:\\\/\\\/vanderloubet.com.br\\\/deputado\\\/#\\\/schema\\\/logo\\\/image\\\/\",\"url\":\"https:\\\/\\\/vanderloubet.com.br\\\/deputado\\\/wp-content\\\/uploads\\\/2023\\\/06\\\/foto-2023-06-19-mandato-deputado-vander.jpg\",\"contentUrl\":\"https:\\\/\\\/vanderloubet.com.br\\\/deputado\\\/wp-content\\\/uploads\\\/2023\\\/06\\\/foto-2023-06-19-mandato-deputado-vander.jpg\",\"width\":1080,\"height\":1080,\"caption\":\"Deputado Federal Vander Loubet\"},\"image\":{\"@id\":\"https:\\\/\\\/vanderloubet.com.br\\\/deputado\\\/#\\\/schema\\\/logo\\\/image\\\/\"},\"sameAs\":[\"https:\\\/\\\/facebook.com\\\/deputadovander\",\"https:\\\/\\\/x.com\\\/vanderloubet\",\"https:\\\/\\\/instagram.com\\\/vanderloubet\",\"https:\\\/\\\/youtube.com\\\/vanderloubet\",\"https:\\\/\\\/tiktok.com\\\/@vanderloubetms\"]},{\"@type\":\"Person\",\"@id\":\"https:\\\/\\\/vanderloubet.com.br\\\/deputado\\\/#\\\/schema\\\/person\\\/15b51bd564532a8a68d9dec1b8eb890e\",\"name\":\"\u00c9der\",\"image\":{\"@type\":\"ImageObject\",\"inLanguage\":\"pt-BR\",\"@id\":\"https:\\\/\\\/vanderloubet.com.br\\\/deputado\\\/wp-content\\\/litespeed\\\/avatar\\\/88ca4090d9d5ab1c9495f6ca03b68efa.jpg?ver=1777058957\",\"url\":\"https:\\\/\\\/vanderloubet.com.br\\\/deputado\\\/wp-content\\\/litespeed\\\/avatar\\\/88ca4090d9d5ab1c9495f6ca03b68efa.jpg?ver=1777058957\",\"contentUrl\":\"https:\\\/\\\/vanderloubet.com.br\\\/deputado\\\/wp-content\\\/litespeed\\\/avatar\\\/88ca4090d9d5ab1c9495f6ca03b68efa.jpg?ver=1777058957\",\"caption\":\"\u00c9der\"}}]}<\/script>\n<!-- \/ Yoast SEO plugin. -->","yoast_head_json":{"title":"Com apoio de Vander, concurso liter\u00e1rio vai movimentar jovens de MS","description":"De 25 a 28 de abril), a UFMS em Campo Grande ser\u00e1 o grande palco do Festival da Juventude, que vai reunir diversas vertentes da cultura.","robots":{"index":"index","follow":"follow","max-snippet":"max-snippet:-1","max-image-preview":"max-image-preview:large","max-video-preview":"max-video-preview:-1"},"canonical":"https:\/\/vanderloubet.com.br\/deputado\/com-apoio-de-vander-concurso-literario-vai-movimentar-jovens-de-ms\/","og_locale":"pt_BR","og_type":"article","og_title":"Com apoio de Vander, concurso liter\u00e1rio vai movimentar jovens de MS","og_description":"De 25 a 28 de abril), a UFMS em Campo Grande ser\u00e1 o grande palco do Festival da Juventude, que vai reunir diversas vertentes da cultura.","og_url":"https:\/\/vanderloubet.com.br\/deputado\/com-apoio-de-vander-concurso-literario-vai-movimentar-jovens-de-ms\/","og_site_name":"Deputado Federal Vander Loubet","article_publisher":"https:\/\/facebook.com\/deputadovander","article_published_time":"2024-02-12T16:48:53+00:00","og_image":[{"width":900,"height":600,"url":"https:\/\/vanderloubet.com.br\/deputado\/wp-content\/uploads\/2024\/02\/foto-2024-02-09-festival-juventude-ufms.jpg","type":"image\/jpeg"}],"author":"\u00c9der","twitter_card":"summary_large_image","twitter_creator":"@vanderloubet","twitter_site":"@vanderloubet","schema":{"@context":"https:\/\/schema.org","@graph":[{"@type":"Article","@id":"https:\/\/vanderloubet.com.br\/deputado\/com-apoio-de-vander-concurso-literario-vai-movimentar-jovens-de-ms\/#article","isPartOf":{"@id":"https:\/\/vanderloubet.com.br\/deputado\/com-apoio-de-vander-concurso-literario-vai-movimentar-jovens-de-ms\/"},"author":{"name":"\u00c9der","@id":"https:\/\/vanderloubet.com.br\/deputado\/#\/schema\/person\/15b51bd564532a8a68d9dec1b8eb890e"},"headline":"Com apoio de Vander, concurso liter\u00e1rio vai movimentar jovens de MS","datePublished":"2024-02-12T16:48:53+00:00","mainEntityOfPage":{"@id":"https:\/\/vanderloubet.com.br\/deputado\/com-apoio-de-vander-concurso-literario-vai-movimentar-jovens-de-ms\/"},"wordCount":522,"publisher":{"@id":"https:\/\/vanderloubet.com.br\/deputado\/#organization"},"image":{"@id":"https:\/\/vanderloubet.com.br\/deputado\/com-apoio-de-vander-concurso-literario-vai-movimentar-jovens-de-ms\/#primaryimage"},"thumbnailUrl":"https:\/\/vanderloubet.com.br\/deputado\/wp-content\/uploads\/2024\/02\/foto-2024-02-09-festival-juventude-ufms.jpg","keywords":["cultura","emenda parlamentar","juventude"],"articleSection":["Mato Grosso do Sul","Not\u00edcias"],"inLanguage":"pt-BR"},{"@type":"WebPage","@id":"https:\/\/vanderloubet.com.br\/deputado\/com-apoio-de-vander-concurso-literario-vai-movimentar-jovens-de-ms\/","url":"https:\/\/vanderloubet.com.br\/deputado\/com-apoio-de-vander-concurso-literario-vai-movimentar-jovens-de-ms\/","name":"Com apoio de Vander, concurso liter\u00e1rio vai movimentar jovens de MS","isPartOf":{"@id":"https:\/\/vanderloubet.com.br\/deputado\/#website"},"primaryImageOfPage":{"@id":"https:\/\/vanderloubet.com.br\/deputado\/com-apoio-de-vander-concurso-literario-vai-movimentar-jovens-de-ms\/#primaryimage"},"image":{"@id":"https:\/\/vanderloubet.com.br\/deputado\/com-apoio-de-vander-concurso-literario-vai-movimentar-jovens-de-ms\/#primaryimage"},"thumbnailUrl":"https:\/\/vanderloubet.com.br\/deputado\/wp-content\/uploads\/2024\/02\/foto-2024-02-09-festival-juventude-ufms.jpg","datePublished":"2024-02-12T16:48:53+00:00","description":"De 25 a 28 de abril), a UFMS em Campo Grande ser\u00e1 o grande palco do Festival da Juventude, que vai reunir diversas vertentes da cultura.","breadcrumb":{"@id":"https:\/\/vanderloubet.com.br\/deputado\/com-apoio-de-vander-concurso-literario-vai-movimentar-jovens-de-ms\/#breadcrumb"},"inLanguage":"pt-BR","potentialAction":[{"@type":"ReadAction","target":["https:\/\/vanderloubet.com.br\/deputado\/com-apoio-de-vander-concurso-literario-vai-movimentar-jovens-de-ms\/"]}]},{"@type":"ImageObject","inLanguage":"pt-BR","@id":"https:\/\/vanderloubet.com.br\/deputado\/com-apoio-de-vander-concurso-literario-vai-movimentar-jovens-de-ms\/#primaryimage","url":"https:\/\/vanderloubet.com.br\/deputado\/wp-content\/uploads\/2024\/02\/foto-2024-02-09-festival-juventude-ufms.jpg","contentUrl":"https:\/\/vanderloubet.com.br\/deputado\/wp-content\/uploads\/2024\/02\/foto-2024-02-09-festival-juventude-ufms.jpg","width":900,"height":600,"caption":"Com apoio de Vander, concurso liter\u00e1rio vai movimentar jovens de MS"},{"@type":"BreadcrumbList","@id":"https:\/\/vanderloubet.com.br\/deputado\/com-apoio-de-vander-concurso-literario-vai-movimentar-jovens-de-ms\/#breadcrumb","itemListElement":[{"@type":"ListItem","position":1,"name":"In\u00edcio","item":"https:\/\/vanderloubet.com.br\/deputado\/"},{"@type":"ListItem","position":2,"name":"Com apoio de Vander, concurso liter\u00e1rio vai movimentar jovens de MS"}]},{"@type":"WebSite","@id":"https:\/\/vanderloubet.com.br\/deputado\/#website","url":"https:\/\/vanderloubet.com.br\/deputado\/","name":"Deputado Federal Vander Loubet","description":"O Federal de MS","publisher":{"@id":"https:\/\/vanderloubet.com.br\/deputado\/#organization"},"alternateName":"Deputado Vander","potentialAction":[{"@type":"SearchAction","target":{"@type":"EntryPoint","urlTemplate":"https:\/\/vanderloubet.com.br\/deputado\/?s={search_term_string}"},"query-input":{"@type":"PropertyValueSpecification","valueRequired":true,"valueName":"search_term_string"}}],"inLanguage":"pt-BR"},{"@type":"Organization","@id":"https:\/\/vanderloubet.com.br\/deputado\/#organization","name":"Deputado Federal Vander Loubet","alternateName":"Deputado Vander","url":"https:\/\/vanderloubet.com.br\/deputado\/","logo":{"@type":"ImageObject","inLanguage":"pt-BR","@id":"https:\/\/vanderloubet.com.br\/deputado\/#\/schema\/logo\/image\/","url":"https:\/\/vanderloubet.com.br\/deputado\/wp-content\/uploads\/2023\/06\/foto-2023-06-19-mandato-deputado-vander.jpg","contentUrl":"https:\/\/vanderloubet.com.br\/deputado\/wp-content\/uploads\/2023\/06\/foto-2023-06-19-mandato-deputado-vander.jpg","width":1080,"height":1080,"caption":"Deputado Federal Vander Loubet"},"image":{"@id":"https:\/\/vanderloubet.com.br\/deputado\/#\/schema\/logo\/image\/"},"sameAs":["https:\/\/facebook.com\/deputadovander","https:\/\/x.com\/vanderloubet","https:\/\/instagram.com\/vanderloubet","https:\/\/youtube.com\/vanderloubet","https:\/\/tiktok.com\/@vanderloubetms"]},{"@type":"Person","@id":"https:\/\/vanderloubet.com.br\/deputado\/#\/schema\/person\/15b51bd564532a8a68d9dec1b8eb890e","name":"\u00c9der","image":{"@type":"ImageObject","inLanguage":"pt-BR","@id":"https:\/\/vanderloubet.com.br\/deputado\/wp-content\/litespeed\/avatar\/88ca4090d9d5ab1c9495f6ca03b68efa.jpg?ver=1777058957","url":"https:\/\/vanderloubet.com.br\/deputado\/wp-content\/litespeed\/avatar\/88ca4090d9d5ab1c9495f6ca03b68efa.jpg?ver=1777058957","contentUrl":"https:\/\/vanderloubet.com.br\/deputado\/wp-content\/litespeed\/avatar\/88ca4090d9d5ab1c9495f6ca03b68efa.jpg?ver=1777058957","caption":"\u00c9der"}}]}},"jetpack_featured_media_url":"https:\/\/vanderloubet.com.br\/deputado\/wp-content\/uploads\/2024\/02\/foto-2024-02-09-festival-juventude-ufms.jpg","jetpack_sharing_enabled":true,"_links":{"self":[{"href":"https:\/\/vanderloubet.com.br\/deputado\/wp-json\/wp\/v2\/posts\/19444","targetHints":{"allow":["GET"]}}],"collection":[{"href":"https:\/\/vanderloubet.com.br\/deputado\/wp-json\/wp\/v2\/posts"}],"about":[{"href":"https:\/\/vanderloubet.com.br\/deputado\/wp-json\/wp\/v2\/types\/post"}],"author":[{"embeddable":true,"href":"https:\/\/vanderloubet.com.br\/deputado\/wp-json\/wp\/v2\/users\/2"}],"replies":[{"embeddable":true,"href":"https:\/\/vanderloubet.com.br\/deputado\/wp-json\/wp\/v2\/comments?post=19444"}],"version-history":[{"count":0,"href":"https:\/\/vanderloubet.com.br\/deputado\/wp-json\/wp\/v2\/posts\/19444\/revisions"}],"wp:featuredmedia":[{"embeddable":true,"href":"https:\/\/vanderloubet.com.br\/deputado\/wp-json\/wp\/v2\/media\/19445"}],"wp:attachment":[{"href":"https:\/\/vanderloubet.com.br\/deputado\/wp-json\/wp\/v2\/media?parent=19444"}],"wp:term":[{"taxonomy":"category","embeddable":true,"href":"https:\/\/vanderloubet.com.br\/deputado\/wp-json\/wp\/v2\/categories?post=19444"},{"taxonomy":"post_tag","embeddable":true,"href":"https:\/\/vanderloubet.com.br\/deputado\/wp-json\/wp\/v2\/tags?post=19444"}],"curies":[{"name":"wp","href":"https:\/\/api.w.org\/{rel}","templated":true}]}}