{"id":19423,"date":"2024-02-01T10:00:48","date_gmt":"2024-02-01T14:00:48","guid":{"rendered":"https:\/\/vanderloubet.com.br\/deputado\/?p=19423"},"modified":"2024-02-01T22:23:02","modified_gmt":"2024-02-02T02:23:02","slug":"governo-federal-inaugura-polo-base-do-dsei-em-dois-irmaos-do-buriti","status":"publish","type":"post","link":"https:\/\/vanderloubet.com.br\/deputado\/governo-federal-inaugura-polo-base-do-dsei-em-dois-irmaos-do-buriti\/","title":{"rendered":"Governo Federal inaugura Polo Base do Dsei em Dois Irm\u00e3os do Buriti"},"content":{"rendered":"<p>Nesta quarta-feira (31), o Governo Federal inaugurou em Dois Irm\u00e3os do Buriti o primeiro Polo Base do Distrito Sanit\u00e1rio Especial Ind\u00edgena (Dsei) do munic\u00edpio. Marcado por manifesta\u00e7\u00f5es de agradecimento e de reivindica\u00e7\u00e3o, o evento contou com a presen\u00e7a do secret\u00e1rio nacional de Sa\u00fade Ind\u00edgena do Minist\u00e9rio da Sa\u00fade, Ricardo Weibe Tapeba, e do deputado federal Vander Loubet, coordenador da bancada de Mato Grosso do Sul no Congresso Nacional.<\/p>\n<p>Durante seus discursos, a maior parte dos caciques e lideran\u00e7as lembraram da luta pela conquista de espa\u00e7os e oportunidades, principalmente no \u00e2mbito pol\u00edtico.<\/p>\n<p>Vander destacou que o governo do presidente Luiz In\u00e1cio Lula da Silva foi o primeiro a dar espa\u00e7os de governo para os povos ind\u00edgenas, criando o Minist\u00e9rio dos Povos Origin\u00e1rios, sob comando da ministra S\u00f4nia Guajajara.<\/p>\n<p>\u201cO que est\u00e1 acontecendo hoje aqui \u00e9 fruto da luta dos nossos irm\u00e3os ind\u00edgenas, mas tamb\u00e9m \u00e9 fruto da grande vit\u00f3ria que tivemos com a elei\u00e7\u00e3o do presidente Lula. O que queremos \u00e9 recuperar o tempo perdido e construir pol\u00edticas p\u00fablicas que atendam nossos parentes ind\u00edgenas, al\u00e9m dos quilombolas e agricultores familiares\u201d, disse o parlamentar.<\/p>\n<p>O Polo Base \u00e9 uma estrutura f\u00edsica de apoio t\u00e9cnico e administrativo \u00e0 equipe do Dsei no munic\u00edpio. Entre suas fun\u00e7\u00f5es, est\u00e3o a de armazenamento de medicamentos; armazenamento de material de deslocamento para outras \u00e1reas ind\u00edgenas; comunica\u00e7\u00e3o via r\u00e1dio; investiga\u00e7\u00e3o epidemiol\u00f3gica; elabora\u00e7\u00e3o de relat\u00f3rios de campo e sistema de informa\u00e7\u00e3o; coleta, an\u00e1lise e sistematiza\u00e7\u00e3o de dados; planejamento das a\u00e7\u00f5es das equipes multidisciplinares na \u00e1rea de abrang\u00eancia; organiza\u00e7\u00e3o do processo de vacina\u00e7\u00e3o na \u00e1rea de abrang\u00eancia, entre outras.<\/p>\n<p>Dois Irm\u00e3os do Buriti abriga atualmente sete aldeias da etnia Terena: Aldeia \u00c1gua Azul, Aldeia Barreirinho, Aldeia Buriti, Aldeia Nova Buriti, Aldeia Olho D&#8217;\u00c1gua, Aldeia Oliveira e Aldeia Recanto. A estimativa \u00e9 que nessas comunidades vivem cerca de 2.500 ind\u00edgenas, o que representa quase 23% da popula\u00e7\u00e3o do munic\u00edpio.<\/p>\n<p>A atividade contou com a presen\u00e7a do prefeito Wlademir de Souza Volk (o Jap\u00e3o), do coordenador do Dsei-MS, Lindomar Terena, do superintendente do Minist\u00e9rio da Sa\u00fade em Mato Grosso do Sul, Ronaldo de Souza Costa, e de lideran\u00e7as das aldeias ind\u00edgenas do munic\u00edpio.<\/p>\n<pre><em>Texto: Alex Nantes<\/em>\r\n<em>Edi\u00e7\u00e3o: \u00c9der F. Yanaguita<\/em>\r\n<em>Fotos: Buriti News<\/em><\/pre>\n\r\n                <style type=\"text\/css\">\r\n                    \r\n                    #tdi_1  .td-doubleSlider-2 .td-item1 {\r\n                        background: url(https:\/\/vanderloubet.com.br\/deputado\/wp-content\/uploads\/2024\/02\/foto-2024-01-31-dois-irmaos-buriti-01-80x60.jpg) 0 0 no-repeat;\r\n                    }\r\n                    #tdi_1  .td-doubleSlider-2 .td-item2 {\r\n                        background: url(https:\/\/vanderloubet.com.br\/deputado\/wp-content\/uploads\/2024\/02\/foto-2024-01-31-dois-irmaos-buriti-02-80x60.jpg) 0 0 no-repeat;\r\n                    }\r\n                    #tdi_1  .td-doubleSlider-2 .td-item3 {\r\n                        background: url(https:\/\/vanderloubet.com.br\/deputado\/wp-content\/uploads\/2024\/02\/foto-2024-01-31-dois-irmaos-buriti-03-80x60.jpg) 0 0 no-repeat;\r\n                    }\r\n                    #tdi_1  .td-doubleSlider-2 .td-item4 {\r\n                        background: url(https:\/\/vanderloubet.com.br\/deputado\/wp-content\/uploads\/2024\/02\/foto-2024-01-31-dois-irmaos-buriti-04-80x60.jpg) 0 0 no-repeat;\r\n                    }\r\n                    #tdi_1  .td-doubleSlider-2 .td-item5 {\r\n                        background: url(https:\/\/vanderloubet.com.br\/deputado\/wp-content\/uploads\/2024\/02\/foto-2024-01-31-dois-irmaos-buriti-05-80x60.jpg) 0 0 no-repeat;\r\n                    }\r\n                    #tdi_1  .td-doubleSlider-2 .td-item6 {\r\n                        background: url(https:\/\/vanderloubet.com.br\/deputado\/wp-content\/uploads\/2024\/02\/foto-2024-01-31-dois-irmaos-buriti-06-80x60.jpg) 0 0 no-repeat;\r\n                    }\r\n                <\/style>\r\n\r\n                <div id=\"tdi_1\" class=\"td-gallery td-slide-on-2-columns\">\r\n                    <div class=\"post_td_gallery\">\r\n                        <div class=\"td-gallery-slide-top\">\r\n                           <div class=\"td-gallery-title\"><\/div>\r\n\r\n                            <div class=\"td-gallery-controls-wrapper\">\r\n                                <div class=\"td-gallery-slide-count\"><span class=\"td-gallery-slide-item-focus\">1<\/span> de 6<\/div>\r\n                                <div class=\"td-gallery-slide-prev-next-but\">\r\n                                    <i class = \"td-icon-left doubleSliderPrevButton\"><\/i>\r\n                                    <i class = \"td-icon-right doubleSliderNextButton\"><\/i>\r\n                                <\/div>\r\n                            <\/div>\r\n                        <\/div>\r\n\r\n                        <div class = \"td-doubleSlider-1 \">\r\n                            <div class = \"td-slider\">\r\n                                \r\n                    <div class = \"td-slide-item td-item1\">\r\n                        <figure class=\"td-slide-galery-figure td-slide-popup-gallery\">\r\n                            <a class=\"slide-gallery-image-link\" href=\"https:\/\/vanderloubet.com.br\/deputado\/wp-content\/uploads\/2024\/02\/foto-2024-01-31-dois-irmaos-buriti-01.jpg\" title=\"Governo Federal inaugura Polo Base do Dsei em Dois Irm\u00e3os do Buriti\"  data-caption=\"\"  data-description=\"Governo Federal inaugura Polo Base do Dsei em Dois Irm&atilde;os do Buriti\">\r\n                                <img decoding=\"async\" src=\"https:\/\/vanderloubet.com.br\/deputado\/wp-content\/uploads\/2024\/02\/foto-2024-01-31-dois-irmaos-buriti-01-633x420.jpg\" srcset=\"https:\/\/vanderloubet.com.br\/deputado\/wp-content\/uploads\/2024\/02\/foto-2024-01-31-dois-irmaos-buriti-01-633x420.jpg 633w, https:\/\/vanderloubet.com.br\/deputado\/wp-content\/uploads\/2024\/02\/foto-2024-01-31-dois-irmaos-buriti-01-350x232.jpg 350w, https:\/\/vanderloubet.com.br\/deputado\/wp-content\/uploads\/2024\/02\/foto-2024-01-31-dois-irmaos-buriti-01-768x510.jpg 768w, https:\/\/vanderloubet.com.br\/deputado\/wp-content\/uploads\/2024\/02\/foto-2024-01-31-dois-irmaos-buriti-01-700x465.jpg 700w, https:\/\/vanderloubet.com.br\/deputado\/wp-content\/uploads\/2024\/02\/foto-2024-01-31-dois-irmaos-buriti-01-696x462.jpg 696w, https:\/\/vanderloubet.com.br\/deputado\/wp-content\/uploads\/2024\/02\/foto-2024-01-31-dois-irmaos-buriti-01.jpg 904w\" sizes=\"(max-width: 633px) 100vw, 633px\" alt=\"Governo Federal inaugura Polo Base do Dsei em Dois Irm&atilde;os do Buriti\">\r\n                            <\/a>\r\n                            <figcaption class = \"td-slide-caption td-gallery-slide-content\"><span>Governo Federal inaugura Polo Base do Dsei em Dois Irm\u00e3os do Buriti<\/span><\/figcaption>\r\n                        <\/figure>\r\n                    <\/div>\r\n                    <div class = \"td-slide-item td-item2\">\r\n                        <figure class=\"td-slide-galery-figure td-slide-popup-gallery\">\r\n                            <a class=\"slide-gallery-image-link\" href=\"https:\/\/vanderloubet.com.br\/deputado\/wp-content\/uploads\/2024\/02\/foto-2024-01-31-dois-irmaos-buriti-02.jpg\" title=\"Governo Federal inaugura Polo Base do Dsei em Dois Irm\u00e3os do Buriti\"  data-caption=\"\"  data-description=\"Governo Federal inaugura Polo Base do Dsei em Dois Irm&atilde;os do Buriti\">\r\n                                <img decoding=\"async\" src=\"https:\/\/vanderloubet.com.br\/deputado\/wp-content\/uploads\/2024\/02\/foto-2024-01-31-dois-irmaos-buriti-02-633x420.jpg\" srcset=\"https:\/\/vanderloubet.com.br\/deputado\/wp-content\/uploads\/2024\/02\/foto-2024-01-31-dois-irmaos-buriti-02-633x420.jpg 633w, https:\/\/vanderloubet.com.br\/deputado\/wp-content\/uploads\/2024\/02\/foto-2024-01-31-dois-irmaos-buriti-02-350x232.jpg 350w, https:\/\/vanderloubet.com.br\/deputado\/wp-content\/uploads\/2024\/02\/foto-2024-01-31-dois-irmaos-buriti-02-768x510.jpg 768w, https:\/\/vanderloubet.com.br\/deputado\/wp-content\/uploads\/2024\/02\/foto-2024-01-31-dois-irmaos-buriti-02-700x465.jpg 700w, https:\/\/vanderloubet.com.br\/deputado\/wp-content\/uploads\/2024\/02\/foto-2024-01-31-dois-irmaos-buriti-02-696x462.jpg 696w, https:\/\/vanderloubet.com.br\/deputado\/wp-content\/uploads\/2024\/02\/foto-2024-01-31-dois-irmaos-buriti-02.jpg 904w\" sizes=\"(max-width: 633px) 100vw, 633px\" alt=\"Governo Federal inaugura Polo Base do Dsei em Dois Irm&atilde;os do Buriti\">\r\n                            <\/a>\r\n                            <figcaption class = \"td-slide-caption td-gallery-slide-content\"><span>Governo Federal inaugura Polo Base do Dsei em Dois Irm\u00e3os do Buriti<\/span><\/figcaption>\r\n                        <\/figure>\r\n                    <\/div>\r\n                    <div class = \"td-slide-item td-item3\">\r\n                        <figure class=\"td-slide-galery-figure td-slide-popup-gallery\">\r\n                            <a class=\"slide-gallery-image-link\" href=\"https:\/\/vanderloubet.com.br\/deputado\/wp-content\/uploads\/2024\/02\/foto-2024-01-31-dois-irmaos-buriti-03.jpg\" title=\"Governo Federal inaugura Polo Base do Dsei em Dois Irm\u00e3os do Buriti\"  data-caption=\"\"  data-description=\"Governo Federal inaugura Polo Base do Dsei em Dois Irm&atilde;os do Buriti\">\r\n                                <img decoding=\"async\" src=\"https:\/\/vanderloubet.com.br\/deputado\/wp-content\/uploads\/2024\/02\/foto-2024-01-31-dois-irmaos-buriti-03-633x420.jpg\" srcset=\"https:\/\/vanderloubet.com.br\/deputado\/wp-content\/uploads\/2024\/02\/foto-2024-01-31-dois-irmaos-buriti-03-633x420.jpg 633w, https:\/\/vanderloubet.com.br\/deputado\/wp-content\/uploads\/2024\/02\/foto-2024-01-31-dois-irmaos-buriti-03-350x232.jpg 350w, https:\/\/vanderloubet.com.br\/deputado\/wp-content\/uploads\/2024\/02\/foto-2024-01-31-dois-irmaos-buriti-03-768x510.jpg 768w, https:\/\/vanderloubet.com.br\/deputado\/wp-content\/uploads\/2024\/02\/foto-2024-01-31-dois-irmaos-buriti-03-700x465.jpg 700w, https:\/\/vanderloubet.com.br\/deputado\/wp-content\/uploads\/2024\/02\/foto-2024-01-31-dois-irmaos-buriti-03-696x462.jpg 696w, https:\/\/vanderloubet.com.br\/deputado\/wp-content\/uploads\/2024\/02\/foto-2024-01-31-dois-irmaos-buriti-03.jpg 904w\" sizes=\"(max-width: 633px) 100vw, 633px\" alt=\"Governo Federal inaugura Polo Base do Dsei em Dois Irm&atilde;os do Buriti\">\r\n                            <\/a>\r\n                            <figcaption class = \"td-slide-caption td-gallery-slide-content\"><span>Governo Federal inaugura Polo Base do Dsei em Dois Irm\u00e3os do Buriti<\/span><\/figcaption>\r\n                        <\/figure>\r\n                    <\/div>\r\n                    <div class = \"td-slide-item td-item4\">\r\n                        <figure class=\"td-slide-galery-figure td-slide-popup-gallery\">\r\n                            <a class=\"slide-gallery-image-link\" href=\"https:\/\/vanderloubet.com.br\/deputado\/wp-content\/uploads\/2024\/02\/foto-2024-01-31-dois-irmaos-buriti-04.jpg\" title=\"Governo Federal inaugura Polo Base do Dsei em Dois Irm\u00e3os do Buriti\"  data-caption=\"\"  data-description=\"Governo Federal inaugura Polo Base do Dsei em Dois Irm&atilde;os do Buriti\">\r\n                                <img decoding=\"async\" src=\"https:\/\/vanderloubet.com.br\/deputado\/wp-content\/uploads\/2024\/02\/foto-2024-01-31-dois-irmaos-buriti-04-633x420.jpg\" srcset=\"https:\/\/vanderloubet.com.br\/deputado\/wp-content\/uploads\/2024\/02\/foto-2024-01-31-dois-irmaos-buriti-04-633x420.jpg 633w, https:\/\/vanderloubet.com.br\/deputado\/wp-content\/uploads\/2024\/02\/foto-2024-01-31-dois-irmaos-buriti-04-350x232.jpg 350w, https:\/\/vanderloubet.com.br\/deputado\/wp-content\/uploads\/2024\/02\/foto-2024-01-31-dois-irmaos-buriti-04-768x510.jpg 768w, https:\/\/vanderloubet.com.br\/deputado\/wp-content\/uploads\/2024\/02\/foto-2024-01-31-dois-irmaos-buriti-04-700x465.jpg 700w, https:\/\/vanderloubet.com.br\/deputado\/wp-content\/uploads\/2024\/02\/foto-2024-01-31-dois-irmaos-buriti-04-696x462.jpg 696w, https:\/\/vanderloubet.com.br\/deputado\/wp-content\/uploads\/2024\/02\/foto-2024-01-31-dois-irmaos-buriti-04.jpg 904w\" sizes=\"(max-width: 633px) 100vw, 633px\" alt=\"Governo Federal inaugura Polo Base do Dsei em Dois Irm&atilde;os do Buriti\">\r\n                            <\/a>\r\n                            <figcaption class = \"td-slide-caption td-gallery-slide-content\"><span>Governo Federal inaugura Polo Base do Dsei em Dois Irm\u00e3os do Buriti<\/span><\/figcaption>\r\n                        <\/figure>\r\n                    <\/div>\r\n                    <div class = \"td-slide-item td-item5\">\r\n                        <figure class=\"td-slide-galery-figure td-slide-popup-gallery\">\r\n                            <a class=\"slide-gallery-image-link\" href=\"https:\/\/vanderloubet.com.br\/deputado\/wp-content\/uploads\/2024\/02\/foto-2024-01-31-dois-irmaos-buriti-05.jpg\" title=\"Governo Federal inaugura Polo Base do Dsei em Dois Irm\u00e3os do Buriti\"  data-caption=\"\"  data-description=\"Governo Federal inaugura Polo Base do Dsei em Dois Irm&atilde;os do Buriti\">\r\n                                <img decoding=\"async\" src=\"https:\/\/vanderloubet.com.br\/deputado\/wp-content\/uploads\/2024\/02\/foto-2024-01-31-dois-irmaos-buriti-05-633x420.jpg\" srcset=\"https:\/\/vanderloubet.com.br\/deputado\/wp-content\/uploads\/2024\/02\/foto-2024-01-31-dois-irmaos-buriti-05-633x420.jpg 633w, https:\/\/vanderloubet.com.br\/deputado\/wp-content\/uploads\/2024\/02\/foto-2024-01-31-dois-irmaos-buriti-05-350x232.jpg 350w, https:\/\/vanderloubet.com.br\/deputado\/wp-content\/uploads\/2024\/02\/foto-2024-01-31-dois-irmaos-buriti-05-768x510.jpg 768w, https:\/\/vanderloubet.com.br\/deputado\/wp-content\/uploads\/2024\/02\/foto-2024-01-31-dois-irmaos-buriti-05-700x465.jpg 700w, https:\/\/vanderloubet.com.br\/deputado\/wp-content\/uploads\/2024\/02\/foto-2024-01-31-dois-irmaos-buriti-05-696x462.jpg 696w, https:\/\/vanderloubet.com.br\/deputado\/wp-content\/uploads\/2024\/02\/foto-2024-01-31-dois-irmaos-buriti-05.jpg 904w\" sizes=\"(max-width: 633px) 100vw, 633px\" alt=\"Governo Federal inaugura Polo Base do Dsei em Dois Irm&atilde;os do Buriti\">\r\n                            <\/a>\r\n                            <figcaption class = \"td-slide-caption td-gallery-slide-content\"><span>Governo Federal inaugura Polo Base do Dsei em Dois Irm\u00e3os do Buriti<\/span><\/figcaption>\r\n                        <\/figure>\r\n                    <\/div>\r\n                    <div class = \"td-slide-item td-item6\">\r\n                        <figure class=\"td-slide-galery-figure td-slide-popup-gallery\">\r\n                            <a class=\"slide-gallery-image-link\" href=\"https:\/\/vanderloubet.com.br\/deputado\/wp-content\/uploads\/2024\/02\/foto-2024-01-31-dois-irmaos-buriti-06.jpg\" title=\"Governo Federal inaugura Polo Base do Dsei em Dois Irm\u00e3os do Buriti\"  data-caption=\"\"  data-description=\"Governo Federal inaugura Polo Base do Dsei em Dois Irm&atilde;os do Buriti\">\r\n                                <img decoding=\"async\" src=\"https:\/\/vanderloubet.com.br\/deputado\/wp-content\/uploads\/2024\/02\/foto-2024-01-31-dois-irmaos-buriti-06-633x420.jpg\" srcset=\"https:\/\/vanderloubet.com.br\/deputado\/wp-content\/uploads\/2024\/02\/foto-2024-01-31-dois-irmaos-buriti-06-633x420.jpg 633w, https:\/\/vanderloubet.com.br\/deputado\/wp-content\/uploads\/2024\/02\/foto-2024-01-31-dois-irmaos-buriti-06-350x232.jpg 350w, https:\/\/vanderloubet.com.br\/deputado\/wp-content\/uploads\/2024\/02\/foto-2024-01-31-dois-irmaos-buriti-06-768x510.jpg 768w, https:\/\/vanderloubet.com.br\/deputado\/wp-content\/uploads\/2024\/02\/foto-2024-01-31-dois-irmaos-buriti-06-700x465.jpg 700w, https:\/\/vanderloubet.com.br\/deputado\/wp-content\/uploads\/2024\/02\/foto-2024-01-31-dois-irmaos-buriti-06-696x462.jpg 696w, https:\/\/vanderloubet.com.br\/deputado\/wp-content\/uploads\/2024\/02\/foto-2024-01-31-dois-irmaos-buriti-06.jpg 904w\" sizes=\"(max-width: 633px) 100vw, 633px\" alt=\"Governo Federal inaugura Polo Base do Dsei em Dois Irm&atilde;os do Buriti\">\r\n                            <\/a>\r\n                            <figcaption class = \"td-slide-caption td-gallery-slide-content\"><span>Governo Federal inaugura Polo Base do Dsei em Dois Irm\u00e3os do Buriti<\/span><\/figcaption>\r\n                        <\/figure>\r\n                    <\/div>\r\n                            <\/div>\r\n                        <\/div>\r\n\r\n                        <div class = \"td-doubleSlider-2\">\r\n                            <div class = \"td-slider\">\r\n                                \r\n                    <div class = \"td-button td-item1\">\r\n                        <div class = \"td-border\"><\/div>\r\n                    <\/div>\r\n                    <div class = \"td-button td-item2\">\r\n                        <div class = \"td-border\"><\/div>\r\n                    <\/div>\r\n                    <div class = \"td-button td-item3\">\r\n                        <div class = \"td-border\"><\/div>\r\n                    <\/div>\r\n                    <div class = \"td-button td-item4\">\r\n                        <div class = \"td-border\"><\/div>\r\n                    <\/div>\r\n                    <div class = \"td-button td-item5\">\r\n                        <div class = \"td-border\"><\/div>\r\n                    <\/div>\r\n                    <div class = \"td-button td-item6\">\r\n                        <div class = \"td-border\"><\/div>\r\n                    <\/div>\r\n                            <\/div>\r\n                        <\/div>\r\n\r\n                    <\/div>\r\n\r\n                <\/div>\r\n                \n","protected":false},"excerpt":{"rendered":"<p>Presente \u00e0 inaugura\u00e7\u00e3o, o deputado Vander Loubet destacou a aten\u00e7\u00e3o dada pelo presidente Lula aos povos ind\u00edgenas.<\/p>\n","protected":false},"author":2,"featured_media":19435,"comment_status":"closed","ping_status":"closed","sticky":false,"template":"","format":"standard","meta":{"jetpack_post_was_ever_published":false,"_jetpack_newsletter_access":"","_jetpack_dont_email_post_to_subs":false,"_jetpack_newsletter_tier_id":0,"_jetpack_memberships_contains_paywalled_content":false,"_jetpack_memberships_contains_paid_content":false,"footnotes":""},"categories":[2097,10],"tags":[2525,1017,1803],"class_list":{"0":"post-19423","1":"post","2":"type-post","3":"status-publish","4":"format-standard","5":"has-post-thumbnail","7":"category-municipios-noticias","8":"category-noticias","9":"tag-governo-federal","10":"tag-indigenas","11":"tag-saude"},"yoast_head":"<!-- This site is optimized with the Yoast SEO plugin v27.4 - https:\/\/yoast.com\/product\/yoast-seo-wordpress\/ -->\n<title>Governo Federal inaugura Polo Base do Dsei em Dois Irm\u00e3os do Buriti<\/title>\n<meta name=\"description\" content=\"Presente \u00e0 inaugura\u00e7\u00e3o, o deputado Vander Loubet destacou a aten\u00e7\u00e3o dada pelo presidente Lula aos povos ind\u00edgenas.\" \/>\n<meta name=\"robots\" content=\"index, follow, max-snippet:-1, max-image-preview:large, max-video-preview:-1\" \/>\n<link rel=\"canonical\" href=\"https:\/\/vanderloubet.com.br\/deputado\/governo-federal-inaugura-polo-base-do-dsei-em-dois-irmaos-do-buriti\/\" \/>\n<meta property=\"og:locale\" content=\"pt_BR\" \/>\n<meta property=\"og:type\" content=\"article\" \/>\n<meta property=\"og:title\" content=\"Governo Federal inaugura Polo Base do Dsei em Dois Irm\u00e3os do Buriti\" \/>\n<meta property=\"og:description\" content=\"Presente \u00e0 inaugura\u00e7\u00e3o, o deputado Vander Loubet destacou a aten\u00e7\u00e3o dada pelo presidente Lula aos povos ind\u00edgenas.\" \/>\n<meta property=\"og:url\" content=\"https:\/\/vanderloubet.com.br\/deputado\/governo-federal-inaugura-polo-base-do-dsei-em-dois-irmaos-do-buriti\/\" \/>\n<meta property=\"og:site_name\" content=\"Deputado Federal Vander Loubet\" \/>\n<meta property=\"article:publisher\" content=\"https:\/\/facebook.com\/deputadovander\" \/>\n<meta property=\"article:published_time\" content=\"2024-02-01T14:00:48+00:00\" \/>\n<meta property=\"article:modified_time\" content=\"2024-02-02T02:23:02+00:00\" \/>\n<meta property=\"og:image\" content=\"https:\/\/vanderloubet.com.br\/deputado\/wp-content\/uploads\/2024\/02\/foto-2024-01-31-dois-irmaos-buriti-06.jpg\" \/>\n\t<meta property=\"og:image:width\" content=\"904\" \/>\n\t<meta property=\"og:image:height\" content=\"600\" \/>\n\t<meta property=\"og:image:type\" content=\"image\/jpeg\" \/>\n<meta name=\"author\" content=\"\u00c9der\" \/>\n<meta name=\"twitter:card\" content=\"summary_large_image\" \/>\n<meta name=\"twitter:creator\" content=\"@vanderloubet\" \/>\n<meta name=\"twitter:site\" content=\"@vanderloubet\" \/>\n<script type=\"application\/ld+json\" class=\"yoast-schema-graph\">{\"@context\":\"https:\\\/\\\/schema.org\",\"@graph\":[{\"@type\":\"Article\",\"@id\":\"https:\\\/\\\/vanderloubet.com.br\\\/deputado\\\/governo-federal-inaugura-polo-base-do-dsei-em-dois-irmaos-do-buriti\\\/#article\",\"isPartOf\":{\"@id\":\"https:\\\/\\\/vanderloubet.com.br\\\/deputado\\\/governo-federal-inaugura-polo-base-do-dsei-em-dois-irmaos-do-buriti\\\/\"},\"author\":{\"name\":\"\u00c9der\",\"@id\":\"https:\\\/\\\/vanderloubet.com.br\\\/deputado\\\/#\\\/schema\\\/person\\\/15b51bd564532a8a68d9dec1b8eb890e\"},\"headline\":\"Governo Federal inaugura Polo Base do Dsei em Dois Irm\u00e3os do Buriti\",\"datePublished\":\"2024-02-01T14:00:48+00:00\",\"dateModified\":\"2024-02-02T02:23:02+00:00\",\"mainEntityOfPage\":{\"@id\":\"https:\\\/\\\/vanderloubet.com.br\\\/deputado\\\/governo-federal-inaugura-polo-base-do-dsei-em-dois-irmaos-do-buriti\\\/\"},\"wordCount\":426,\"publisher\":{\"@id\":\"https:\\\/\\\/vanderloubet.com.br\\\/deputado\\\/#organization\"},\"image\":{\"@id\":\"https:\\\/\\\/vanderloubet.com.br\\\/deputado\\\/governo-federal-inaugura-polo-base-do-dsei-em-dois-irmaos-do-buriti\\\/#primaryimage\"},\"thumbnailUrl\":\"https:\\\/\\\/vanderloubet.com.br\\\/deputado\\\/wp-content\\\/uploads\\\/2024\\\/02\\\/foto-2024-01-31-dois-irmaos-buriti-06.jpg\",\"keywords\":[\"governo federal\",\"ind\u00edgenas\",\"sa\u00fade\"],\"articleSection\":[\"Munic\u00edpios\",\"Not\u00edcias\"],\"inLanguage\":\"pt-BR\"},{\"@type\":\"WebPage\",\"@id\":\"https:\\\/\\\/vanderloubet.com.br\\\/deputado\\\/governo-federal-inaugura-polo-base-do-dsei-em-dois-irmaos-do-buriti\\\/\",\"url\":\"https:\\\/\\\/vanderloubet.com.br\\\/deputado\\\/governo-federal-inaugura-polo-base-do-dsei-em-dois-irmaos-do-buriti\\\/\",\"name\":\"Governo Federal inaugura Polo Base do Dsei em Dois Irm\u00e3os do Buriti\",\"isPartOf\":{\"@id\":\"https:\\\/\\\/vanderloubet.com.br\\\/deputado\\\/#website\"},\"primaryImageOfPage\":{\"@id\":\"https:\\\/\\\/vanderloubet.com.br\\\/deputado\\\/governo-federal-inaugura-polo-base-do-dsei-em-dois-irmaos-do-buriti\\\/#primaryimage\"},\"image\":{\"@id\":\"https:\\\/\\\/vanderloubet.com.br\\\/deputado\\\/governo-federal-inaugura-polo-base-do-dsei-em-dois-irmaos-do-buriti\\\/#primaryimage\"},\"thumbnailUrl\":\"https:\\\/\\\/vanderloubet.com.br\\\/deputado\\\/wp-content\\\/uploads\\\/2024\\\/02\\\/foto-2024-01-31-dois-irmaos-buriti-06.jpg\",\"datePublished\":\"2024-02-01T14:00:48+00:00\",\"dateModified\":\"2024-02-02T02:23:02+00:00\",\"description\":\"Presente \u00e0 inaugura\u00e7\u00e3o, o deputado Vander Loubet destacou a aten\u00e7\u00e3o dada pelo presidente Lula aos povos ind\u00edgenas.\",\"breadcrumb\":{\"@id\":\"https:\\\/\\\/vanderloubet.com.br\\\/deputado\\\/governo-federal-inaugura-polo-base-do-dsei-em-dois-irmaos-do-buriti\\\/#breadcrumb\"},\"inLanguage\":\"pt-BR\",\"potentialAction\":[{\"@type\":\"ReadAction\",\"target\":[\"https:\\\/\\\/vanderloubet.com.br\\\/deputado\\\/governo-federal-inaugura-polo-base-do-dsei-em-dois-irmaos-do-buriti\\\/\"]}]},{\"@type\":\"ImageObject\",\"inLanguage\":\"pt-BR\",\"@id\":\"https:\\\/\\\/vanderloubet.com.br\\\/deputado\\\/governo-federal-inaugura-polo-base-do-dsei-em-dois-irmaos-do-buriti\\\/#primaryimage\",\"url\":\"https:\\\/\\\/vanderloubet.com.br\\\/deputado\\\/wp-content\\\/uploads\\\/2024\\\/02\\\/foto-2024-01-31-dois-irmaos-buriti-06.jpg\",\"contentUrl\":\"https:\\\/\\\/vanderloubet.com.br\\\/deputado\\\/wp-content\\\/uploads\\\/2024\\\/02\\\/foto-2024-01-31-dois-irmaos-buriti-06.jpg\",\"width\":904,\"height\":600,\"caption\":\"Governo Federal inaugura Polo Base do Dsei em Dois Irm\u00e3os do Buriti\"},{\"@type\":\"BreadcrumbList\",\"@id\":\"https:\\\/\\\/vanderloubet.com.br\\\/deputado\\\/governo-federal-inaugura-polo-base-do-dsei-em-dois-irmaos-do-buriti\\\/#breadcrumb\",\"itemListElement\":[{\"@type\":\"ListItem\",\"position\":1,\"name\":\"In\u00edcio\",\"item\":\"https:\\\/\\\/vanderloubet.com.br\\\/deputado\\\/\"},{\"@type\":\"ListItem\",\"position\":2,\"name\":\"Governo Federal inaugura Polo Base do Dsei em Dois Irm\u00e3os do Buriti\"}]},{\"@type\":\"WebSite\",\"@id\":\"https:\\\/\\\/vanderloubet.com.br\\\/deputado\\\/#website\",\"url\":\"https:\\\/\\\/vanderloubet.com.br\\\/deputado\\\/\",\"name\":\"Deputado Federal Vander Loubet\",\"description\":\"O Federal de MS\",\"publisher\":{\"@id\":\"https:\\\/\\\/vanderloubet.com.br\\\/deputado\\\/#organization\"},\"alternateName\":\"Deputado Vander\",\"potentialAction\":[{\"@type\":\"SearchAction\",\"target\":{\"@type\":\"EntryPoint\",\"urlTemplate\":\"https:\\\/\\\/vanderloubet.com.br\\\/deputado\\\/?s={search_term_string}\"},\"query-input\":{\"@type\":\"PropertyValueSpecification\",\"valueRequired\":true,\"valueName\":\"search_term_string\"}}],\"inLanguage\":\"pt-BR\"},{\"@type\":\"Organization\",\"@id\":\"https:\\\/\\\/vanderloubet.com.br\\\/deputado\\\/#organization\",\"name\":\"Deputado Federal Vander Loubet\",\"alternateName\":\"Deputado Vander\",\"url\":\"https:\\\/\\\/vanderloubet.com.br\\\/deputado\\\/\",\"logo\":{\"@type\":\"ImageObject\",\"inLanguage\":\"pt-BR\",\"@id\":\"https:\\\/\\\/vanderloubet.com.br\\\/deputado\\\/#\\\/schema\\\/logo\\\/image\\\/\",\"url\":\"https:\\\/\\\/vanderloubet.com.br\\\/deputado\\\/wp-content\\\/uploads\\\/2023\\\/06\\\/foto-2023-06-19-mandato-deputado-vander.jpg\",\"contentUrl\":\"https:\\\/\\\/vanderloubet.com.br\\\/deputado\\\/wp-content\\\/uploads\\\/2023\\\/06\\\/foto-2023-06-19-mandato-deputado-vander.jpg\",\"width\":1080,\"height\":1080,\"caption\":\"Deputado Federal Vander Loubet\"},\"image\":{\"@id\":\"https:\\\/\\\/vanderloubet.com.br\\\/deputado\\\/#\\\/schema\\\/logo\\\/image\\\/\"},\"sameAs\":[\"https:\\\/\\\/facebook.com\\\/deputadovander\",\"https:\\\/\\\/x.com\\\/vanderloubet\",\"https:\\\/\\\/instagram.com\\\/vanderloubet\",\"https:\\\/\\\/youtube.com\\\/vanderloubet\",\"https:\\\/\\\/tiktok.com\\\/@vanderloubetms\"]},{\"@type\":\"Person\",\"@id\":\"https:\\\/\\\/vanderloubet.com.br\\\/deputado\\\/#\\\/schema\\\/person\\\/15b51bd564532a8a68d9dec1b8eb890e\",\"name\":\"\u00c9der\",\"image\":{\"@type\":\"ImageObject\",\"inLanguage\":\"pt-BR\",\"@id\":\"https:\\\/\\\/vanderloubet.com.br\\\/deputado\\\/wp-content\\\/litespeed\\\/avatar\\\/88ca4090d9d5ab1c9495f6ca03b68efa.jpg?ver=1777058957\",\"url\":\"https:\\\/\\\/vanderloubet.com.br\\\/deputado\\\/wp-content\\\/litespeed\\\/avatar\\\/88ca4090d9d5ab1c9495f6ca03b68efa.jpg?ver=1777058957\",\"contentUrl\":\"https:\\\/\\\/vanderloubet.com.br\\\/deputado\\\/wp-content\\\/litespeed\\\/avatar\\\/88ca4090d9d5ab1c9495f6ca03b68efa.jpg?ver=1777058957\",\"caption\":\"\u00c9der\"}}]}<\/script>\n<!-- \/ Yoast SEO plugin. -->","yoast_head_json":{"title":"Governo Federal inaugura Polo Base do Dsei em Dois Irm\u00e3os do Buriti","description":"Presente \u00e0 inaugura\u00e7\u00e3o, o deputado Vander Loubet destacou a aten\u00e7\u00e3o dada pelo presidente Lula aos povos ind\u00edgenas.","robots":{"index":"index","follow":"follow","max-snippet":"max-snippet:-1","max-image-preview":"max-image-preview:large","max-video-preview":"max-video-preview:-1"},"canonical":"https:\/\/vanderloubet.com.br\/deputado\/governo-federal-inaugura-polo-base-do-dsei-em-dois-irmaos-do-buriti\/","og_locale":"pt_BR","og_type":"article","og_title":"Governo Federal inaugura Polo Base do Dsei em Dois Irm\u00e3os do Buriti","og_description":"Presente \u00e0 inaugura\u00e7\u00e3o, o deputado Vander Loubet destacou a aten\u00e7\u00e3o dada pelo presidente Lula aos povos ind\u00edgenas.","og_url":"https:\/\/vanderloubet.com.br\/deputado\/governo-federal-inaugura-polo-base-do-dsei-em-dois-irmaos-do-buriti\/","og_site_name":"Deputado Federal Vander Loubet","article_publisher":"https:\/\/facebook.com\/deputadovander","article_published_time":"2024-02-01T14:00:48+00:00","article_modified_time":"2024-02-02T02:23:02+00:00","og_image":[{"width":904,"height":600,"url":"https:\/\/vanderloubet.com.br\/deputado\/wp-content\/uploads\/2024\/02\/foto-2024-01-31-dois-irmaos-buriti-06.jpg","type":"image\/jpeg"}],"author":"\u00c9der","twitter_card":"summary_large_image","twitter_creator":"@vanderloubet","twitter_site":"@vanderloubet","schema":{"@context":"https:\/\/schema.org","@graph":[{"@type":"Article","@id":"https:\/\/vanderloubet.com.br\/deputado\/governo-federal-inaugura-polo-base-do-dsei-em-dois-irmaos-do-buriti\/#article","isPartOf":{"@id":"https:\/\/vanderloubet.com.br\/deputado\/governo-federal-inaugura-polo-base-do-dsei-em-dois-irmaos-do-buriti\/"},"author":{"name":"\u00c9der","@id":"https:\/\/vanderloubet.com.br\/deputado\/#\/schema\/person\/15b51bd564532a8a68d9dec1b8eb890e"},"headline":"Governo Federal inaugura Polo Base do Dsei em Dois Irm\u00e3os do Buriti","datePublished":"2024-02-01T14:00:48+00:00","dateModified":"2024-02-02T02:23:02+00:00","mainEntityOfPage":{"@id":"https:\/\/vanderloubet.com.br\/deputado\/governo-federal-inaugura-polo-base-do-dsei-em-dois-irmaos-do-buriti\/"},"wordCount":426,"publisher":{"@id":"https:\/\/vanderloubet.com.br\/deputado\/#organization"},"image":{"@id":"https:\/\/vanderloubet.com.br\/deputado\/governo-federal-inaugura-polo-base-do-dsei-em-dois-irmaos-do-buriti\/#primaryimage"},"thumbnailUrl":"https:\/\/vanderloubet.com.br\/deputado\/wp-content\/uploads\/2024\/02\/foto-2024-01-31-dois-irmaos-buriti-06.jpg","keywords":["governo federal","ind\u00edgenas","sa\u00fade"],"articleSection":["Munic\u00edpios","Not\u00edcias"],"inLanguage":"pt-BR"},{"@type":"WebPage","@id":"https:\/\/vanderloubet.com.br\/deputado\/governo-federal-inaugura-polo-base-do-dsei-em-dois-irmaos-do-buriti\/","url":"https:\/\/vanderloubet.com.br\/deputado\/governo-federal-inaugura-polo-base-do-dsei-em-dois-irmaos-do-buriti\/","name":"Governo Federal inaugura Polo Base do Dsei em Dois Irm\u00e3os do Buriti","isPartOf":{"@id":"https:\/\/vanderloubet.com.br\/deputado\/#website"},"primaryImageOfPage":{"@id":"https:\/\/vanderloubet.com.br\/deputado\/governo-federal-inaugura-polo-base-do-dsei-em-dois-irmaos-do-buriti\/#primaryimage"},"image":{"@id":"https:\/\/vanderloubet.com.br\/deputado\/governo-federal-inaugura-polo-base-do-dsei-em-dois-irmaos-do-buriti\/#primaryimage"},"thumbnailUrl":"https:\/\/vanderloubet.com.br\/deputado\/wp-content\/uploads\/2024\/02\/foto-2024-01-31-dois-irmaos-buriti-06.jpg","datePublished":"2024-02-01T14:00:48+00:00","dateModified":"2024-02-02T02:23:02+00:00","description":"Presente \u00e0 inaugura\u00e7\u00e3o, o deputado Vander Loubet destacou a aten\u00e7\u00e3o dada pelo presidente Lula aos povos ind\u00edgenas.","breadcrumb":{"@id":"https:\/\/vanderloubet.com.br\/deputado\/governo-federal-inaugura-polo-base-do-dsei-em-dois-irmaos-do-buriti\/#breadcrumb"},"inLanguage":"pt-BR","potentialAction":[{"@type":"ReadAction","target":["https:\/\/vanderloubet.com.br\/deputado\/governo-federal-inaugura-polo-base-do-dsei-em-dois-irmaos-do-buriti\/"]}]},{"@type":"ImageObject","inLanguage":"pt-BR","@id":"https:\/\/vanderloubet.com.br\/deputado\/governo-federal-inaugura-polo-base-do-dsei-em-dois-irmaos-do-buriti\/#primaryimage","url":"https:\/\/vanderloubet.com.br\/deputado\/wp-content\/uploads\/2024\/02\/foto-2024-01-31-dois-irmaos-buriti-06.jpg","contentUrl":"https:\/\/vanderloubet.com.br\/deputado\/wp-content\/uploads\/2024\/02\/foto-2024-01-31-dois-irmaos-buriti-06.jpg","width":904,"height":600,"caption":"Governo Federal inaugura Polo Base do Dsei em Dois Irm\u00e3os do Buriti"},{"@type":"BreadcrumbList","@id":"https:\/\/vanderloubet.com.br\/deputado\/governo-federal-inaugura-polo-base-do-dsei-em-dois-irmaos-do-buriti\/#breadcrumb","itemListElement":[{"@type":"ListItem","position":1,"name":"In\u00edcio","item":"https:\/\/vanderloubet.com.br\/deputado\/"},{"@type":"ListItem","position":2,"name":"Governo Federal inaugura Polo Base do Dsei em Dois Irm\u00e3os do Buriti"}]},{"@type":"WebSite","@id":"https:\/\/vanderloubet.com.br\/deputado\/#website","url":"https:\/\/vanderloubet.com.br\/deputado\/","name":"Deputado Federal Vander Loubet","description":"O Federal de MS","publisher":{"@id":"https:\/\/vanderloubet.com.br\/deputado\/#organization"},"alternateName":"Deputado Vander","potentialAction":[{"@type":"SearchAction","target":{"@type":"EntryPoint","urlTemplate":"https:\/\/vanderloubet.com.br\/deputado\/?s={search_term_string}"},"query-input":{"@type":"PropertyValueSpecification","valueRequired":true,"valueName":"search_term_string"}}],"inLanguage":"pt-BR"},{"@type":"Organization","@id":"https:\/\/vanderloubet.com.br\/deputado\/#organization","name":"Deputado Federal Vander Loubet","alternateName":"Deputado Vander","url":"https:\/\/vanderloubet.com.br\/deputado\/","logo":{"@type":"ImageObject","inLanguage":"pt-BR","@id":"https:\/\/vanderloubet.com.br\/deputado\/#\/schema\/logo\/image\/","url":"https:\/\/vanderloubet.com.br\/deputado\/wp-content\/uploads\/2023\/06\/foto-2023-06-19-mandato-deputado-vander.jpg","contentUrl":"https:\/\/vanderloubet.com.br\/deputado\/wp-content\/uploads\/2023\/06\/foto-2023-06-19-mandato-deputado-vander.jpg","width":1080,"height":1080,"caption":"Deputado Federal Vander Loubet"},"image":{"@id":"https:\/\/vanderloubet.com.br\/deputado\/#\/schema\/logo\/image\/"},"sameAs":["https:\/\/facebook.com\/deputadovander","https:\/\/x.com\/vanderloubet","https:\/\/instagram.com\/vanderloubet","https:\/\/youtube.com\/vanderloubet","https:\/\/tiktok.com\/@vanderloubetms"]},{"@type":"Person","@id":"https:\/\/vanderloubet.com.br\/deputado\/#\/schema\/person\/15b51bd564532a8a68d9dec1b8eb890e","name":"\u00c9der","image":{"@type":"ImageObject","inLanguage":"pt-BR","@id":"https:\/\/vanderloubet.com.br\/deputado\/wp-content\/litespeed\/avatar\/88ca4090d9d5ab1c9495f6ca03b68efa.jpg?ver=1777058957","url":"https:\/\/vanderloubet.com.br\/deputado\/wp-content\/litespeed\/avatar\/88ca4090d9d5ab1c9495f6ca03b68efa.jpg?ver=1777058957","contentUrl":"https:\/\/vanderloubet.com.br\/deputado\/wp-content\/litespeed\/avatar\/88ca4090d9d5ab1c9495f6ca03b68efa.jpg?ver=1777058957","caption":"\u00c9der"}}]}},"jetpack_featured_media_url":"https:\/\/vanderloubet.com.br\/deputado\/wp-content\/uploads\/2024\/02\/foto-2024-01-31-dois-irmaos-buriti-06.jpg","jetpack_sharing_enabled":true,"_links":{"self":[{"href":"https:\/\/vanderloubet.com.br\/deputado\/wp-json\/wp\/v2\/posts\/19423","targetHints":{"allow":["GET"]}}],"collection":[{"href":"https:\/\/vanderloubet.com.br\/deputado\/wp-json\/wp\/v2\/posts"}],"about":[{"href":"https:\/\/vanderloubet.com.br\/deputado\/wp-json\/wp\/v2\/types\/post"}],"author":[{"embeddable":true,"href":"https:\/\/vanderloubet.com.br\/deputado\/wp-json\/wp\/v2\/users\/2"}],"replies":[{"embeddable":true,"href":"https:\/\/vanderloubet.com.br\/deputado\/wp-json\/wp\/v2\/comments?post=19423"}],"version-history":[{"count":0,"href":"https:\/\/vanderloubet.com.br\/deputado\/wp-json\/wp\/v2\/posts\/19423\/revisions"}],"wp:featuredmedia":[{"embeddable":true,"href":"https:\/\/vanderloubet.com.br\/deputado\/wp-json\/wp\/v2\/media\/19435"}],"wp:attachment":[{"href":"https:\/\/vanderloubet.com.br\/deputado\/wp-json\/wp\/v2\/media?parent=19423"}],"wp:term":[{"taxonomy":"category","embeddable":true,"href":"https:\/\/vanderloubet.com.br\/deputado\/wp-json\/wp\/v2\/categories?post=19423"},{"taxonomy":"post_tag","embeddable":true,"href":"https:\/\/vanderloubet.com.br\/deputado\/wp-json\/wp\/v2\/tags?post=19423"}],"curies":[{"name":"wp","href":"https:\/\/api.w.org\/{rel}","templated":true}]}}