{"id":19384,"date":"2024-01-03T10:44:26","date_gmt":"2024-01-03T14:44:26","guid":{"rendered":"https:\/\/vanderloubet.com.br\/deputado\/?p=19384"},"modified":"2024-01-03T11:22:30","modified_gmt":"2024-01-03T15:22:30","slug":"ceinf-de-camapua-vai-ganhar-reforma-e-ampliacao-com-emenda-do-deputado-vander","status":"publish","type":"post","link":"https:\/\/vanderloubet.com.br\/deputado\/ceinf-de-camapua-vai-ganhar-reforma-e-ampliacao-com-emenda-do-deputado-vander\/","title":{"rendered":"Creche de Camapu\u00e3 vai ganhar reforma e amplia\u00e7\u00e3o com emenda do deputado Vander"},"content":{"rendered":"<p>Foi liberada no m\u00eas de novembro de 2023 a emenda parlamentar do deputado federal Vander Loubet no valor R$ 315 mil que vai permitir a reforma e amplia\u00e7\u00e3o do Centro de Educa\u00e7\u00e3o Infantil (Cei) Maria Rufina de Jesus Madruga, na Vila Industrial, em Camapu\u00e3.<\/p>\n<p>A creche oferece atualmente 54 vagas para crian\u00e7as que moram nas redondezas ou cujos pais trabalham na regi\u00e3o. Com a reforma, o espa\u00e7o poder\u00e1 receber mais 10 alunos.<\/p>\n<p>De acordo com Marcia Mendes Costas, mais conhecida como &#8220;Marcia do Leite&#8221;, colaboradora do mandato de Vander em Camapu\u00e3, a reforma da creche \u00e9 uma reivindica\u00e7\u00e3o antiga da comunidade.<\/p>\n<p>&#8220;Devido a sua antiguidade, o pr\u00e9dio foi constru\u00eddo fora dos padr\u00f5es exigidos por lei referentes \u00e0s unidades escolares e nunca passou por nenhuma modifica\u00e7\u00e3o. Diante isso, recorri ao deputado Vander para que nos ajudasse em rela\u00e7\u00e3o \u00e0 restrutura\u00e7\u00e3o desse espa\u00e7o&#8221;, explicou Marcia.<\/p>\n<p>Ainda de acordo com ela, o Ceinf tem limita\u00e7\u00f5es e n\u00e3o disp\u00f5e de um sal\u00e3o para a realiza\u00e7\u00e3o de apresenta\u00e7\u00f5es de datas comemorativas, como Dia das M\u00e3es, Dia dos Pais e Natal, por exemplo.<\/p>\n<p>&#8220;N\u00e3o tem um espa\u00e7o adequado que forne\u00e7a esse contato entre os pais e a institui\u00e7\u00e3o. Al\u00e9m disso, quando chove, as crian\u00e7as precisam ficar dentro das salas de aula, pois o \u00fanico lugar de divers\u00e3o, que \u00e9 o parquinho, \u00e9 descoberto. Ent\u00e3o, precisamos deste sal\u00e3o, que vai servir para as apresenta\u00e7\u00f5es e para a recrea\u00e7\u00e3o dos alunos&#8221;, pontuou Marcia.<\/p>\n<p>O deputado Vander espera que a reforma traga mais conforto para as crian\u00e7as, melhorando, assim, o processo de aprendizagem.<\/p>\n<p>&#8220;Sabemos como \u00e9 dif\u00edcil para uma m\u00e3e e um pai deixar seu filho pequeno na escola enquanto trabalha. Ent\u00e3o, \u00e9 fundamental que o ambiente escolar promova qualidade de vida para seus alunos. Nosso mandato prioriza esse tipo de iniciativa justamente por compreender que \u00e9 uma \u00e1rea essencial para a sociedade. Esperamos que essa obra fa\u00e7a a diferen\u00e7a na vida das crian\u00e7as e dos profissionais que atuam no Ceinf&#8221;, finalizou o parlamentar.<\/p>\n<pre><em>Texto: Alex Nantes<\/em>\r\n<em>Edi\u00e7\u00e3o: \u00c9der F. Yanaguita<\/em>\r\n<em>Foto: Google<\/em><\/pre>\n","protected":false},"excerpt":{"rendered":"<p>Obras permitir\u00e3o que creche aumente de 54 para 64 o n\u00famero de vagas para crian\u00e7as das redondezas ou cujos pais trabalham na regi\u00e3o.<\/p>\n","protected":false},"author":2,"featured_media":19385,"comment_status":"closed","ping_status":"closed","sticky":false,"template":"","format":"standard","meta":{"jetpack_post_was_ever_published":false,"_jetpack_newsletter_access":"","_jetpack_dont_email_post_to_subs":false,"_jetpack_newsletter_tier_id":0,"_jetpack_memberships_contains_paywalled_content":false,"_jetpack_memberships_contains_paid_content":false,"footnotes":""},"categories":[2097,10],"tags":[331,697,2127],"class_list":{"0":"post-19384","1":"post","2":"type-post","3":"status-publish","4":"format-standard","5":"has-post-thumbnail","7":"category-municipios-noticias","8":"category-noticias","9":"tag-camapua","10":"tag-educacao","11":"tag-emenda-parlamentar"},"yoast_head":"<!-- This site is optimized with the Yoast SEO plugin v27.4 - https:\/\/yoast.com\/product\/yoast-seo-wordpress\/ -->\n<title>Creche de Camapu\u00e3 vai ganhar reforma e amplia\u00e7\u00e3o com emenda do deputado Vander<\/title>\n<meta name=\"description\" content=\"Obras permitir\u00e3o que creche aumente de 54 para 64 o n\u00famero de vagas para crian\u00e7as das redondezas ou cujos pais trabalham na regi\u00e3o.\" \/>\n<meta name=\"robots\" content=\"index, follow, max-snippet:-1, max-image-preview:large, max-video-preview:-1\" \/>\n<link rel=\"canonical\" href=\"https:\/\/vanderloubet.com.br\/deputado\/ceinf-de-camapua-vai-ganhar-reforma-e-ampliacao-com-emenda-do-deputado-vander\/\" \/>\n<meta property=\"og:locale\" content=\"pt_BR\" \/>\n<meta property=\"og:type\" content=\"article\" \/>\n<meta property=\"og:title\" content=\"Creche de Camapu\u00e3 vai ganhar reforma e amplia\u00e7\u00e3o com emenda do deputado Vander\" \/>\n<meta property=\"og:description\" content=\"Obras permitir\u00e3o que creche aumente de 54 para 64 o n\u00famero de vagas para crian\u00e7as das redondezas ou cujos pais trabalham na regi\u00e3o.\" \/>\n<meta property=\"og:url\" content=\"https:\/\/vanderloubet.com.br\/deputado\/ceinf-de-camapua-vai-ganhar-reforma-e-ampliacao-com-emenda-do-deputado-vander\/\" \/>\n<meta property=\"og:site_name\" content=\"Deputado Federal Vander Loubet\" \/>\n<meta property=\"article:publisher\" content=\"https:\/\/facebook.com\/deputadovander\" \/>\n<meta property=\"article:published_time\" content=\"2024-01-03T14:44:26+00:00\" \/>\n<meta property=\"article:modified_time\" content=\"2024-01-03T15:22:30+00:00\" \/>\n<meta property=\"og:image\" content=\"https:\/\/vanderloubet.com.br\/deputado\/wp-content\/uploads\/2024\/01\/foto-2024-01-03-creche-camapua.jpg\" \/>\n\t<meta property=\"og:image:width\" content=\"900\" \/>\n\t<meta property=\"og:image:height\" content=\"600\" \/>\n\t<meta property=\"og:image:type\" content=\"image\/jpeg\" \/>\n<meta name=\"author\" content=\"\u00c9der\" \/>\n<meta name=\"twitter:card\" content=\"summary_large_image\" \/>\n<meta name=\"twitter:creator\" content=\"@vanderloubet\" \/>\n<meta name=\"twitter:site\" content=\"@vanderloubet\" \/>\n<script type=\"application\/ld+json\" class=\"yoast-schema-graph\">{\"@context\":\"https:\\\/\\\/schema.org\",\"@graph\":[{\"@type\":\"Article\",\"@id\":\"https:\\\/\\\/vanderloubet.com.br\\\/deputado\\\/ceinf-de-camapua-vai-ganhar-reforma-e-ampliacao-com-emenda-do-deputado-vander\\\/#article\",\"isPartOf\":{\"@id\":\"https:\\\/\\\/vanderloubet.com.br\\\/deputado\\\/ceinf-de-camapua-vai-ganhar-reforma-e-ampliacao-com-emenda-do-deputado-vander\\\/\"},\"author\":{\"name\":\"\u00c9der\",\"@id\":\"https:\\\/\\\/vanderloubet.com.br\\\/deputado\\\/#\\\/schema\\\/person\\\/15b51bd564532a8a68d9dec1b8eb890e\"},\"headline\":\"Creche de Camapu\u00e3 vai ganhar reforma e amplia\u00e7\u00e3o com emenda do deputado Vander\",\"datePublished\":\"2024-01-03T14:44:26+00:00\",\"dateModified\":\"2024-01-03T15:22:30+00:00\",\"mainEntityOfPage\":{\"@id\":\"https:\\\/\\\/vanderloubet.com.br\\\/deputado\\\/ceinf-de-camapua-vai-ganhar-reforma-e-ampliacao-com-emenda-do-deputado-vander\\\/\"},\"wordCount\":367,\"publisher\":{\"@id\":\"https:\\\/\\\/vanderloubet.com.br\\\/deputado\\\/#organization\"},\"image\":{\"@id\":\"https:\\\/\\\/vanderloubet.com.br\\\/deputado\\\/ceinf-de-camapua-vai-ganhar-reforma-e-ampliacao-com-emenda-do-deputado-vander\\\/#primaryimage\"},\"thumbnailUrl\":\"https:\\\/\\\/vanderloubet.com.br\\\/deputado\\\/wp-content\\\/uploads\\\/2024\\\/01\\\/foto-2024-01-03-creche-camapua.jpg\",\"keywords\":[\"camapu\u00e3\",\"educa\u00e7\u00e3o\",\"emenda parlamentar\"],\"articleSection\":[\"Munic\u00edpios\",\"Not\u00edcias\"],\"inLanguage\":\"pt-BR\"},{\"@type\":\"WebPage\",\"@id\":\"https:\\\/\\\/vanderloubet.com.br\\\/deputado\\\/ceinf-de-camapua-vai-ganhar-reforma-e-ampliacao-com-emenda-do-deputado-vander\\\/\",\"url\":\"https:\\\/\\\/vanderloubet.com.br\\\/deputado\\\/ceinf-de-camapua-vai-ganhar-reforma-e-ampliacao-com-emenda-do-deputado-vander\\\/\",\"name\":\"Creche de Camapu\u00e3 vai ganhar reforma e amplia\u00e7\u00e3o com emenda do deputado Vander\",\"isPartOf\":{\"@id\":\"https:\\\/\\\/vanderloubet.com.br\\\/deputado\\\/#website\"},\"primaryImageOfPage\":{\"@id\":\"https:\\\/\\\/vanderloubet.com.br\\\/deputado\\\/ceinf-de-camapua-vai-ganhar-reforma-e-ampliacao-com-emenda-do-deputado-vander\\\/#primaryimage\"},\"image\":{\"@id\":\"https:\\\/\\\/vanderloubet.com.br\\\/deputado\\\/ceinf-de-camapua-vai-ganhar-reforma-e-ampliacao-com-emenda-do-deputado-vander\\\/#primaryimage\"},\"thumbnailUrl\":\"https:\\\/\\\/vanderloubet.com.br\\\/deputado\\\/wp-content\\\/uploads\\\/2024\\\/01\\\/foto-2024-01-03-creche-camapua.jpg\",\"datePublished\":\"2024-01-03T14:44:26+00:00\",\"dateModified\":\"2024-01-03T15:22:30+00:00\",\"description\":\"Obras permitir\u00e3o que creche aumente de 54 para 64 o n\u00famero de vagas para crian\u00e7as das redondezas ou cujos pais trabalham na regi\u00e3o.\",\"breadcrumb\":{\"@id\":\"https:\\\/\\\/vanderloubet.com.br\\\/deputado\\\/ceinf-de-camapua-vai-ganhar-reforma-e-ampliacao-com-emenda-do-deputado-vander\\\/#breadcrumb\"},\"inLanguage\":\"pt-BR\",\"potentialAction\":[{\"@type\":\"ReadAction\",\"target\":[\"https:\\\/\\\/vanderloubet.com.br\\\/deputado\\\/ceinf-de-camapua-vai-ganhar-reforma-e-ampliacao-com-emenda-do-deputado-vander\\\/\"]}]},{\"@type\":\"ImageObject\",\"inLanguage\":\"pt-BR\",\"@id\":\"https:\\\/\\\/vanderloubet.com.br\\\/deputado\\\/ceinf-de-camapua-vai-ganhar-reforma-e-ampliacao-com-emenda-do-deputado-vander\\\/#primaryimage\",\"url\":\"https:\\\/\\\/vanderloubet.com.br\\\/deputado\\\/wp-content\\\/uploads\\\/2024\\\/01\\\/foto-2024-01-03-creche-camapua.jpg\",\"contentUrl\":\"https:\\\/\\\/vanderloubet.com.br\\\/deputado\\\/wp-content\\\/uploads\\\/2024\\\/01\\\/foto-2024-01-03-creche-camapua.jpg\",\"width\":900,\"height\":600,\"caption\":\"Ceinf de Camapu\u00e3 vai ganhar reforma e amplia\u00e7\u00e3o com emenda do deputado Vander\"},{\"@type\":\"BreadcrumbList\",\"@id\":\"https:\\\/\\\/vanderloubet.com.br\\\/deputado\\\/ceinf-de-camapua-vai-ganhar-reforma-e-ampliacao-com-emenda-do-deputado-vander\\\/#breadcrumb\",\"itemListElement\":[{\"@type\":\"ListItem\",\"position\":1,\"name\":\"In\u00edcio\",\"item\":\"https:\\\/\\\/vanderloubet.com.br\\\/deputado\\\/\"},{\"@type\":\"ListItem\",\"position\":2,\"name\":\"Creche de Camapu\u00e3 vai ganhar reforma e amplia\u00e7\u00e3o com emenda do deputado Vander\"}]},{\"@type\":\"WebSite\",\"@id\":\"https:\\\/\\\/vanderloubet.com.br\\\/deputado\\\/#website\",\"url\":\"https:\\\/\\\/vanderloubet.com.br\\\/deputado\\\/\",\"name\":\"Deputado Federal Vander Loubet\",\"description\":\"O Federal de MS\",\"publisher\":{\"@id\":\"https:\\\/\\\/vanderloubet.com.br\\\/deputado\\\/#organization\"},\"alternateName\":\"Deputado Vander\",\"potentialAction\":[{\"@type\":\"SearchAction\",\"target\":{\"@type\":\"EntryPoint\",\"urlTemplate\":\"https:\\\/\\\/vanderloubet.com.br\\\/deputado\\\/?s={search_term_string}\"},\"query-input\":{\"@type\":\"PropertyValueSpecification\",\"valueRequired\":true,\"valueName\":\"search_term_string\"}}],\"inLanguage\":\"pt-BR\"},{\"@type\":\"Organization\",\"@id\":\"https:\\\/\\\/vanderloubet.com.br\\\/deputado\\\/#organization\",\"name\":\"Deputado Federal Vander Loubet\",\"alternateName\":\"Deputado Vander\",\"url\":\"https:\\\/\\\/vanderloubet.com.br\\\/deputado\\\/\",\"logo\":{\"@type\":\"ImageObject\",\"inLanguage\":\"pt-BR\",\"@id\":\"https:\\\/\\\/vanderloubet.com.br\\\/deputado\\\/#\\\/schema\\\/logo\\\/image\\\/\",\"url\":\"https:\\\/\\\/vanderloubet.com.br\\\/deputado\\\/wp-content\\\/uploads\\\/2023\\\/06\\\/foto-2023-06-19-mandato-deputado-vander.jpg\",\"contentUrl\":\"https:\\\/\\\/vanderloubet.com.br\\\/deputado\\\/wp-content\\\/uploads\\\/2023\\\/06\\\/foto-2023-06-19-mandato-deputado-vander.jpg\",\"width\":1080,\"height\":1080,\"caption\":\"Deputado Federal Vander Loubet\"},\"image\":{\"@id\":\"https:\\\/\\\/vanderloubet.com.br\\\/deputado\\\/#\\\/schema\\\/logo\\\/image\\\/\"},\"sameAs\":[\"https:\\\/\\\/facebook.com\\\/deputadovander\",\"https:\\\/\\\/x.com\\\/vanderloubet\",\"https:\\\/\\\/instagram.com\\\/vanderloubet\",\"https:\\\/\\\/youtube.com\\\/vanderloubet\",\"https:\\\/\\\/tiktok.com\\\/@vanderloubetms\"]},{\"@type\":\"Person\",\"@id\":\"https:\\\/\\\/vanderloubet.com.br\\\/deputado\\\/#\\\/schema\\\/person\\\/15b51bd564532a8a68d9dec1b8eb890e\",\"name\":\"\u00c9der\",\"image\":{\"@type\":\"ImageObject\",\"inLanguage\":\"pt-BR\",\"@id\":\"https:\\\/\\\/vanderloubet.com.br\\\/deputado\\\/wp-content\\\/litespeed\\\/avatar\\\/88ca4090d9d5ab1c9495f6ca03b68efa.jpg?ver=1777058957\",\"url\":\"https:\\\/\\\/vanderloubet.com.br\\\/deputado\\\/wp-content\\\/litespeed\\\/avatar\\\/88ca4090d9d5ab1c9495f6ca03b68efa.jpg?ver=1777058957\",\"contentUrl\":\"https:\\\/\\\/vanderloubet.com.br\\\/deputado\\\/wp-content\\\/litespeed\\\/avatar\\\/88ca4090d9d5ab1c9495f6ca03b68efa.jpg?ver=1777058957\",\"caption\":\"\u00c9der\"}}]}<\/script>\n<!-- \/ Yoast SEO plugin. -->","yoast_head_json":{"title":"Creche de Camapu\u00e3 vai ganhar reforma e amplia\u00e7\u00e3o com emenda do deputado Vander","description":"Obras permitir\u00e3o que creche aumente de 54 para 64 o n\u00famero de vagas para crian\u00e7as das redondezas ou cujos pais trabalham na regi\u00e3o.","robots":{"index":"index","follow":"follow","max-snippet":"max-snippet:-1","max-image-preview":"max-image-preview:large","max-video-preview":"max-video-preview:-1"},"canonical":"https:\/\/vanderloubet.com.br\/deputado\/ceinf-de-camapua-vai-ganhar-reforma-e-ampliacao-com-emenda-do-deputado-vander\/","og_locale":"pt_BR","og_type":"article","og_title":"Creche de Camapu\u00e3 vai ganhar reforma e amplia\u00e7\u00e3o com emenda do deputado Vander","og_description":"Obras permitir\u00e3o que creche aumente de 54 para 64 o n\u00famero de vagas para crian\u00e7as das redondezas ou cujos pais trabalham na regi\u00e3o.","og_url":"https:\/\/vanderloubet.com.br\/deputado\/ceinf-de-camapua-vai-ganhar-reforma-e-ampliacao-com-emenda-do-deputado-vander\/","og_site_name":"Deputado Federal Vander Loubet","article_publisher":"https:\/\/facebook.com\/deputadovander","article_published_time":"2024-01-03T14:44:26+00:00","article_modified_time":"2024-01-03T15:22:30+00:00","og_image":[{"width":900,"height":600,"url":"https:\/\/vanderloubet.com.br\/deputado\/wp-content\/uploads\/2024\/01\/foto-2024-01-03-creche-camapua.jpg","type":"image\/jpeg"}],"author":"\u00c9der","twitter_card":"summary_large_image","twitter_creator":"@vanderloubet","twitter_site":"@vanderloubet","schema":{"@context":"https:\/\/schema.org","@graph":[{"@type":"Article","@id":"https:\/\/vanderloubet.com.br\/deputado\/ceinf-de-camapua-vai-ganhar-reforma-e-ampliacao-com-emenda-do-deputado-vander\/#article","isPartOf":{"@id":"https:\/\/vanderloubet.com.br\/deputado\/ceinf-de-camapua-vai-ganhar-reforma-e-ampliacao-com-emenda-do-deputado-vander\/"},"author":{"name":"\u00c9der","@id":"https:\/\/vanderloubet.com.br\/deputado\/#\/schema\/person\/15b51bd564532a8a68d9dec1b8eb890e"},"headline":"Creche de Camapu\u00e3 vai ganhar reforma e amplia\u00e7\u00e3o com emenda do deputado Vander","datePublished":"2024-01-03T14:44:26+00:00","dateModified":"2024-01-03T15:22:30+00:00","mainEntityOfPage":{"@id":"https:\/\/vanderloubet.com.br\/deputado\/ceinf-de-camapua-vai-ganhar-reforma-e-ampliacao-com-emenda-do-deputado-vander\/"},"wordCount":367,"publisher":{"@id":"https:\/\/vanderloubet.com.br\/deputado\/#organization"},"image":{"@id":"https:\/\/vanderloubet.com.br\/deputado\/ceinf-de-camapua-vai-ganhar-reforma-e-ampliacao-com-emenda-do-deputado-vander\/#primaryimage"},"thumbnailUrl":"https:\/\/vanderloubet.com.br\/deputado\/wp-content\/uploads\/2024\/01\/foto-2024-01-03-creche-camapua.jpg","keywords":["camapu\u00e3","educa\u00e7\u00e3o","emenda parlamentar"],"articleSection":["Munic\u00edpios","Not\u00edcias"],"inLanguage":"pt-BR"},{"@type":"WebPage","@id":"https:\/\/vanderloubet.com.br\/deputado\/ceinf-de-camapua-vai-ganhar-reforma-e-ampliacao-com-emenda-do-deputado-vander\/","url":"https:\/\/vanderloubet.com.br\/deputado\/ceinf-de-camapua-vai-ganhar-reforma-e-ampliacao-com-emenda-do-deputado-vander\/","name":"Creche de Camapu\u00e3 vai ganhar reforma e amplia\u00e7\u00e3o com emenda do deputado Vander","isPartOf":{"@id":"https:\/\/vanderloubet.com.br\/deputado\/#website"},"primaryImageOfPage":{"@id":"https:\/\/vanderloubet.com.br\/deputado\/ceinf-de-camapua-vai-ganhar-reforma-e-ampliacao-com-emenda-do-deputado-vander\/#primaryimage"},"image":{"@id":"https:\/\/vanderloubet.com.br\/deputado\/ceinf-de-camapua-vai-ganhar-reforma-e-ampliacao-com-emenda-do-deputado-vander\/#primaryimage"},"thumbnailUrl":"https:\/\/vanderloubet.com.br\/deputado\/wp-content\/uploads\/2024\/01\/foto-2024-01-03-creche-camapua.jpg","datePublished":"2024-01-03T14:44:26+00:00","dateModified":"2024-01-03T15:22:30+00:00","description":"Obras permitir\u00e3o que creche aumente de 54 para 64 o n\u00famero de vagas para crian\u00e7as das redondezas ou cujos pais trabalham na regi\u00e3o.","breadcrumb":{"@id":"https:\/\/vanderloubet.com.br\/deputado\/ceinf-de-camapua-vai-ganhar-reforma-e-ampliacao-com-emenda-do-deputado-vander\/#breadcrumb"},"inLanguage":"pt-BR","potentialAction":[{"@type":"ReadAction","target":["https:\/\/vanderloubet.com.br\/deputado\/ceinf-de-camapua-vai-ganhar-reforma-e-ampliacao-com-emenda-do-deputado-vander\/"]}]},{"@type":"ImageObject","inLanguage":"pt-BR","@id":"https:\/\/vanderloubet.com.br\/deputado\/ceinf-de-camapua-vai-ganhar-reforma-e-ampliacao-com-emenda-do-deputado-vander\/#primaryimage","url":"https:\/\/vanderloubet.com.br\/deputado\/wp-content\/uploads\/2024\/01\/foto-2024-01-03-creche-camapua.jpg","contentUrl":"https:\/\/vanderloubet.com.br\/deputado\/wp-content\/uploads\/2024\/01\/foto-2024-01-03-creche-camapua.jpg","width":900,"height":600,"caption":"Ceinf de Camapu\u00e3 vai ganhar reforma e amplia\u00e7\u00e3o com emenda do deputado Vander"},{"@type":"BreadcrumbList","@id":"https:\/\/vanderloubet.com.br\/deputado\/ceinf-de-camapua-vai-ganhar-reforma-e-ampliacao-com-emenda-do-deputado-vander\/#breadcrumb","itemListElement":[{"@type":"ListItem","position":1,"name":"In\u00edcio","item":"https:\/\/vanderloubet.com.br\/deputado\/"},{"@type":"ListItem","position":2,"name":"Creche de Camapu\u00e3 vai ganhar reforma e amplia\u00e7\u00e3o com emenda do deputado Vander"}]},{"@type":"WebSite","@id":"https:\/\/vanderloubet.com.br\/deputado\/#website","url":"https:\/\/vanderloubet.com.br\/deputado\/","name":"Deputado Federal Vander Loubet","description":"O Federal de MS","publisher":{"@id":"https:\/\/vanderloubet.com.br\/deputado\/#organization"},"alternateName":"Deputado Vander","potentialAction":[{"@type":"SearchAction","target":{"@type":"EntryPoint","urlTemplate":"https:\/\/vanderloubet.com.br\/deputado\/?s={search_term_string}"},"query-input":{"@type":"PropertyValueSpecification","valueRequired":true,"valueName":"search_term_string"}}],"inLanguage":"pt-BR"},{"@type":"Organization","@id":"https:\/\/vanderloubet.com.br\/deputado\/#organization","name":"Deputado Federal Vander Loubet","alternateName":"Deputado Vander","url":"https:\/\/vanderloubet.com.br\/deputado\/","logo":{"@type":"ImageObject","inLanguage":"pt-BR","@id":"https:\/\/vanderloubet.com.br\/deputado\/#\/schema\/logo\/image\/","url":"https:\/\/vanderloubet.com.br\/deputado\/wp-content\/uploads\/2023\/06\/foto-2023-06-19-mandato-deputado-vander.jpg","contentUrl":"https:\/\/vanderloubet.com.br\/deputado\/wp-content\/uploads\/2023\/06\/foto-2023-06-19-mandato-deputado-vander.jpg","width":1080,"height":1080,"caption":"Deputado Federal Vander Loubet"},"image":{"@id":"https:\/\/vanderloubet.com.br\/deputado\/#\/schema\/logo\/image\/"},"sameAs":["https:\/\/facebook.com\/deputadovander","https:\/\/x.com\/vanderloubet","https:\/\/instagram.com\/vanderloubet","https:\/\/youtube.com\/vanderloubet","https:\/\/tiktok.com\/@vanderloubetms"]},{"@type":"Person","@id":"https:\/\/vanderloubet.com.br\/deputado\/#\/schema\/person\/15b51bd564532a8a68d9dec1b8eb890e","name":"\u00c9der","image":{"@type":"ImageObject","inLanguage":"pt-BR","@id":"https:\/\/vanderloubet.com.br\/deputado\/wp-content\/litespeed\/avatar\/88ca4090d9d5ab1c9495f6ca03b68efa.jpg?ver=1777058957","url":"https:\/\/vanderloubet.com.br\/deputado\/wp-content\/litespeed\/avatar\/88ca4090d9d5ab1c9495f6ca03b68efa.jpg?ver=1777058957","contentUrl":"https:\/\/vanderloubet.com.br\/deputado\/wp-content\/litespeed\/avatar\/88ca4090d9d5ab1c9495f6ca03b68efa.jpg?ver=1777058957","caption":"\u00c9der"}}]}},"jetpack_featured_media_url":"https:\/\/vanderloubet.com.br\/deputado\/wp-content\/uploads\/2024\/01\/foto-2024-01-03-creche-camapua.jpg","jetpack_sharing_enabled":true,"_links":{"self":[{"href":"https:\/\/vanderloubet.com.br\/deputado\/wp-json\/wp\/v2\/posts\/19384","targetHints":{"allow":["GET"]}}],"collection":[{"href":"https:\/\/vanderloubet.com.br\/deputado\/wp-json\/wp\/v2\/posts"}],"about":[{"href":"https:\/\/vanderloubet.com.br\/deputado\/wp-json\/wp\/v2\/types\/post"}],"author":[{"embeddable":true,"href":"https:\/\/vanderloubet.com.br\/deputado\/wp-json\/wp\/v2\/users\/2"}],"replies":[{"embeddable":true,"href":"https:\/\/vanderloubet.com.br\/deputado\/wp-json\/wp\/v2\/comments?post=19384"}],"version-history":[{"count":0,"href":"https:\/\/vanderloubet.com.br\/deputado\/wp-json\/wp\/v2\/posts\/19384\/revisions"}],"wp:featuredmedia":[{"embeddable":true,"href":"https:\/\/vanderloubet.com.br\/deputado\/wp-json\/wp\/v2\/media\/19385"}],"wp:attachment":[{"href":"https:\/\/vanderloubet.com.br\/deputado\/wp-json\/wp\/v2\/media?parent=19384"}],"wp:term":[{"taxonomy":"category","embeddable":true,"href":"https:\/\/vanderloubet.com.br\/deputado\/wp-json\/wp\/v2\/categories?post=19384"},{"taxonomy":"post_tag","embeddable":true,"href":"https:\/\/vanderloubet.com.br\/deputado\/wp-json\/wp\/v2\/tags?post=19384"}],"curies":[{"name":"wp","href":"https:\/\/api.w.org\/{rel}","templated":true}]}}