{"id":19379,"date":"2023-12-27T17:46:41","date_gmt":"2023-12-27T21:46:41","guid":{"rendered":"https:\/\/vanderloubet.com.br\/deputado\/?p=19379"},"modified":"2023-12-27T17:46:41","modified_gmt":"2023-12-27T21:46:41","slug":"ccjc-aprova-projeto-de-vander-que-traz-transparencia-para-reajuste-de-tarifas-de-servicos-publicos","status":"publish","type":"post","link":"https:\/\/vanderloubet.com.br\/deputado\/ccjc-aprova-projeto-de-vander-que-traz-transparencia-para-reajuste-de-tarifas-de-servicos-publicos\/","title":{"rendered":"CCJC aprova projeto de Vander que traz transpar\u00eancia para reajuste de tarifas de servi\u00e7os p\u00fablicos"},"content":{"rendered":"<p>A Comiss\u00e3o de Constitui\u00e7\u00e3o e Justi\u00e7a e de Cidadania (CCJC) da C\u00e2mara dos Deputados aprovou este m\u00eas o <a href=\"https:\/\/www.camara.leg.br\/propostas-legislativas\/584569\" target=\"_blank\" rel=\"noopener\">Projeto de Lei (PL) 5929\/2013<\/a>, de autoria do deputado federal Vander Loubet (PT-MS), que obriga as concession\u00e1rias de servi\u00e7os p\u00fablicos &#8211; como \u00e1gua, luz e transporte coletivo &#8211; a divulgarem na internet as informa\u00e7\u00f5es que justifiquem o aumento nas tarifas.<\/p>\n<p>&#8220;Temos uma parte consider\u00e1vel da sociedade que n\u00e3o est\u00e1 disposta a aceitar passivamente reajustes tarif\u00e1rios sem que haja um pr\u00e9vio processo de discuss\u00e3o, aberto \u00e0 participa\u00e7\u00e3o dos usu\u00e1rios. Por isso, defendemos que haja transpar\u00eancia com a divulga\u00e7\u00e3o dos dados operacionais e de custos levados em conta no processo de reajuste&#8221;, afirmou Vander.<\/p>\n<p>As altera\u00e7\u00f5es s\u00e3o feitas na Lei das Concess\u00f5es de Servi\u00e7os P\u00fablicos (<a href=\"http:\/\/www.planalto.gov.br\/ccivil_03\/leis\/l8987cons.htm\" target=\"_blank\" rel=\"noopener\">Lei n\u00ba 8.987\/1995<\/a>) e na Lei Geral de Telecomunica\u00e7\u00f5es (<a href=\"https:\/\/www.planalto.gov.br\/ccivil_03\/leis\/l9472.htm\" target=\"_blank\" rel=\"noopener\">Lei n\u00ba 9.472\/1997<\/a>).<\/p>\n<p>A legisla\u00e7\u00e3o atual estabelece que a concession\u00e1ria dever\u00e1 divulgar em seu site, de forma clara e de f\u00e1cil compreens\u00e3o pelos usu\u00e1rios, tabela com o valor das tarifas praticadas e a evolu\u00e7\u00e3o das revis\u00f5es ou reajustes realizados nos \u00faltimos cinco anos.<\/p>\n<p>De acordo com a vers\u00e3o aprovada, a concession\u00e1ria dever\u00e1 divulgar no site e de maneira facultativa em outros meios, de forma clara e de f\u00e1cil compreens\u00e3o pelos usu\u00e1rios, tabela com o valor das tarifas praticadas, a evolu\u00e7\u00e3o e as informa\u00e7\u00f5es que instruam a an\u00e1lise das revis\u00f5es ou reajustes realizados nos \u00faltimos cinco anos, previamente \u00e0 decis\u00e3o sobre a mat\u00e9ria. Tamb\u00e9m dever\u00e3o ser divulgados, posteriormente, os fundamentos que tenham embasado a decis\u00e3o do poder concedente<\/p>\n<p>&#8220;O estabelecimento de publicidade \u00e0s informa\u00e7\u00f5es que instruam an\u00e1lise de reajuste ou de revis\u00e3o de tarifas de servi\u00e7o p\u00fablico indubitavelmente prestigia os princ\u00edpios da boa administra\u00e7\u00e3o p\u00fablica, da transpar\u00eancia, do interesse p\u00fablico&#8221;, afirmou o relator da proposta, deputado federal Tarc\u00edsio Motta (Psol-RJ).<\/p>\n<p>A proposta tamb\u00e9m foi aprovada nas comiss\u00f5es de Defesa do Consumidor (CDC) e de Trabalho, de Administra\u00e7\u00e3o e Servi\u00e7o P\u00fablico (CTASP) e est\u00e1 sujeita \u00e0 aprecia\u00e7\u00e3o do Plen\u00e1rio da C\u00e2mara dos Deputados.<\/p>\n<pre><em>Fonte: Ag\u00eancia C\u00e2mara de Not\u00edcias<\/em>\r\n<em>Edi\u00e7\u00e3o: \u00c9der F. Yanaguita<\/em><\/pre>\n","protected":false},"excerpt":{"rendered":"<p>Proposta do deputado passou por tr\u00eas comiss\u00f5es e precisa ainda ser aprovada pelo plen\u00e1rio da C\u00e2mara dos Deputados.<\/p>\n","protected":false},"author":2,"featured_media":13659,"comment_status":"closed","ping_status":"closed","sticky":false,"template":"","format":"standard","meta":{"jetpack_post_was_ever_published":false,"_jetpack_newsletter_access":"","_jetpack_dont_email_post_to_subs":false,"_jetpack_newsletter_tier_id":0,"_jetpack_memberships_contains_paywalled_content":false,"_jetpack_memberships_contains_paid_content":false,"footnotes":""},"categories":[2098,10],"tags":[2252,1635,2238,1971],"class_list":{"0":"post-19379","1":"post","2":"type-post","3":"status-publish","4":"format-standard","5":"has-post-thumbnail","7":"category-brasil-noticias","8":"category-noticias","9":"tag-direito-do-consumidor","10":"tag-projeto-de-lei","11":"tag-servico-publico","12":"tag-transparencia"},"yoast_head":"<!-- This site is optimized with the Yoast SEO plugin v27.4 - https:\/\/yoast.com\/product\/yoast-seo-wordpress\/ -->\n<title>CCJC aprova projeto de Vander que traz transpar\u00eancia para reajuste de tarifas de servi\u00e7os p\u00fablicos<\/title>\n<meta name=\"description\" content=\"Proposta do deputado passou por tr\u00eas comiss\u00f5es e precisa ainda ser aprovada pelo plen\u00e1rio da C\u00e2mara dos Deputados.\" \/>\n<meta name=\"robots\" content=\"index, follow, max-snippet:-1, max-image-preview:large, max-video-preview:-1\" \/>\n<link rel=\"canonical\" href=\"https:\/\/vanderloubet.com.br\/deputado\/ccjc-aprova-projeto-de-vander-que-traz-transparencia-para-reajuste-de-tarifas-de-servicos-publicos\/\" \/>\n<meta property=\"og:locale\" content=\"pt_BR\" \/>\n<meta property=\"og:type\" content=\"article\" \/>\n<meta property=\"og:title\" content=\"CCJC aprova projeto de Vander que traz transpar\u00eancia para reajuste de tarifas de servi\u00e7os p\u00fablicos\" \/>\n<meta property=\"og:description\" content=\"Proposta do deputado passou por tr\u00eas comiss\u00f5es e precisa ainda ser aprovada pelo plen\u00e1rio da C\u00e2mara dos Deputados.\" \/>\n<meta property=\"og:url\" content=\"https:\/\/vanderloubet.com.br\/deputado\/ccjc-aprova-projeto-de-vander-que-traz-transparencia-para-reajuste-de-tarifas-de-servicos-publicos\/\" \/>\n<meta property=\"og:site_name\" content=\"Deputado Federal Vander Loubet\" \/>\n<meta property=\"article:publisher\" content=\"https:\/\/facebook.com\/deputadovander\" \/>\n<meta property=\"article:published_time\" content=\"2023-12-27T21:46:41+00:00\" \/>\n<meta property=\"og:image\" content=\"https:\/\/vanderloubet.com.br\/deputado\/wp-content\/uploads\/2018\/02\/foto-2018-02-22-deputado-vander-loubet.jpg\" \/>\n\t<meta property=\"og:image:width\" content=\"1080\" \/>\n\t<meta property=\"og:image:height\" content=\"720\" \/>\n\t<meta property=\"og:image:type\" content=\"image\/jpeg\" \/>\n<meta name=\"author\" content=\"\u00c9der\" \/>\n<meta name=\"twitter:card\" content=\"summary_large_image\" \/>\n<meta name=\"twitter:creator\" content=\"@vanderloubet\" \/>\n<meta name=\"twitter:site\" content=\"@vanderloubet\" \/>\n<script type=\"application\/ld+json\" class=\"yoast-schema-graph\">{\"@context\":\"https:\\\/\\\/schema.org\",\"@graph\":[{\"@type\":\"Article\",\"@id\":\"https:\\\/\\\/vanderloubet.com.br\\\/deputado\\\/ccjc-aprova-projeto-de-vander-que-traz-transparencia-para-reajuste-de-tarifas-de-servicos-publicos\\\/#article\",\"isPartOf\":{\"@id\":\"https:\\\/\\\/vanderloubet.com.br\\\/deputado\\\/ccjc-aprova-projeto-de-vander-que-traz-transparencia-para-reajuste-de-tarifas-de-servicos-publicos\\\/\"},\"author\":{\"name\":\"\u00c9der\",\"@id\":\"https:\\\/\\\/vanderloubet.com.br\\\/deputado\\\/#\\\/schema\\\/person\\\/15b51bd564532a8a68d9dec1b8eb890e\"},\"headline\":\"CCJC aprova projeto de Vander que traz transpar\u00eancia para reajuste de tarifas de servi\u00e7os p\u00fablicos\",\"datePublished\":\"2023-12-27T21:46:41+00:00\",\"mainEntityOfPage\":{\"@id\":\"https:\\\/\\\/vanderloubet.com.br\\\/deputado\\\/ccjc-aprova-projeto-de-vander-que-traz-transparencia-para-reajuste-de-tarifas-de-servicos-publicos\\\/\"},\"wordCount\":397,\"publisher\":{\"@id\":\"https:\\\/\\\/vanderloubet.com.br\\\/deputado\\\/#organization\"},\"image\":{\"@id\":\"https:\\\/\\\/vanderloubet.com.br\\\/deputado\\\/ccjc-aprova-projeto-de-vander-que-traz-transparencia-para-reajuste-de-tarifas-de-servicos-publicos\\\/#primaryimage\"},\"thumbnailUrl\":\"https:\\\/\\\/vanderloubet.com.br\\\/deputado\\\/wp-content\\\/uploads\\\/2018\\\/02\\\/foto-2018-02-22-deputado-vander-loubet.jpg\",\"keywords\":[\"direito do consumidor\",\"projeto de lei\",\"servi\u00e7o p\u00fablico\",\"transpar\u00eancia\"],\"articleSection\":[\"Brasil\",\"Not\u00edcias\"],\"inLanguage\":\"pt-BR\"},{\"@type\":\"WebPage\",\"@id\":\"https:\\\/\\\/vanderloubet.com.br\\\/deputado\\\/ccjc-aprova-projeto-de-vander-que-traz-transparencia-para-reajuste-de-tarifas-de-servicos-publicos\\\/\",\"url\":\"https:\\\/\\\/vanderloubet.com.br\\\/deputado\\\/ccjc-aprova-projeto-de-vander-que-traz-transparencia-para-reajuste-de-tarifas-de-servicos-publicos\\\/\",\"name\":\"CCJC aprova projeto de Vander que traz transpar\u00eancia para reajuste de tarifas de servi\u00e7os p\u00fablicos\",\"isPartOf\":{\"@id\":\"https:\\\/\\\/vanderloubet.com.br\\\/deputado\\\/#website\"},\"primaryImageOfPage\":{\"@id\":\"https:\\\/\\\/vanderloubet.com.br\\\/deputado\\\/ccjc-aprova-projeto-de-vander-que-traz-transparencia-para-reajuste-de-tarifas-de-servicos-publicos\\\/#primaryimage\"},\"image\":{\"@id\":\"https:\\\/\\\/vanderloubet.com.br\\\/deputado\\\/ccjc-aprova-projeto-de-vander-que-traz-transparencia-para-reajuste-de-tarifas-de-servicos-publicos\\\/#primaryimage\"},\"thumbnailUrl\":\"https:\\\/\\\/vanderloubet.com.br\\\/deputado\\\/wp-content\\\/uploads\\\/2018\\\/02\\\/foto-2018-02-22-deputado-vander-loubet.jpg\",\"datePublished\":\"2023-12-27T21:46:41+00:00\",\"description\":\"Proposta do deputado passou por tr\u00eas comiss\u00f5es e precisa ainda ser aprovada pelo plen\u00e1rio da C\u00e2mara dos Deputados.\",\"breadcrumb\":{\"@id\":\"https:\\\/\\\/vanderloubet.com.br\\\/deputado\\\/ccjc-aprova-projeto-de-vander-que-traz-transparencia-para-reajuste-de-tarifas-de-servicos-publicos\\\/#breadcrumb\"},\"inLanguage\":\"pt-BR\",\"potentialAction\":[{\"@type\":\"ReadAction\",\"target\":[\"https:\\\/\\\/vanderloubet.com.br\\\/deputado\\\/ccjc-aprova-projeto-de-vander-que-traz-transparencia-para-reajuste-de-tarifas-de-servicos-publicos\\\/\"]}]},{\"@type\":\"ImageObject\",\"inLanguage\":\"pt-BR\",\"@id\":\"https:\\\/\\\/vanderloubet.com.br\\\/deputado\\\/ccjc-aprova-projeto-de-vander-que-traz-transparencia-para-reajuste-de-tarifas-de-servicos-publicos\\\/#primaryimage\",\"url\":\"https:\\\/\\\/vanderloubet.com.br\\\/deputado\\\/wp-content\\\/uploads\\\/2018\\\/02\\\/foto-2018-02-22-deputado-vander-loubet.jpg\",\"contentUrl\":\"https:\\\/\\\/vanderloubet.com.br\\\/deputado\\\/wp-content\\\/uploads\\\/2018\\\/02\\\/foto-2018-02-22-deputado-vander-loubet.jpg\",\"width\":1080,\"height\":720,\"caption\":\"Deputado Vander Loubet (Foto: Jo\u00e3o Cirilo)\"},{\"@type\":\"BreadcrumbList\",\"@id\":\"https:\\\/\\\/vanderloubet.com.br\\\/deputado\\\/ccjc-aprova-projeto-de-vander-que-traz-transparencia-para-reajuste-de-tarifas-de-servicos-publicos\\\/#breadcrumb\",\"itemListElement\":[{\"@type\":\"ListItem\",\"position\":1,\"name\":\"In\u00edcio\",\"item\":\"https:\\\/\\\/vanderloubet.com.br\\\/deputado\\\/\"},{\"@type\":\"ListItem\",\"position\":2,\"name\":\"CCJC aprova projeto de Vander que traz transpar\u00eancia para reajuste de tarifas de servi\u00e7os p\u00fablicos\"}]},{\"@type\":\"WebSite\",\"@id\":\"https:\\\/\\\/vanderloubet.com.br\\\/deputado\\\/#website\",\"url\":\"https:\\\/\\\/vanderloubet.com.br\\\/deputado\\\/\",\"name\":\"Deputado Federal Vander Loubet\",\"description\":\"O Federal de MS\",\"publisher\":{\"@id\":\"https:\\\/\\\/vanderloubet.com.br\\\/deputado\\\/#organization\"},\"alternateName\":\"Deputado Vander\",\"potentialAction\":[{\"@type\":\"SearchAction\",\"target\":{\"@type\":\"EntryPoint\",\"urlTemplate\":\"https:\\\/\\\/vanderloubet.com.br\\\/deputado\\\/?s={search_term_string}\"},\"query-input\":{\"@type\":\"PropertyValueSpecification\",\"valueRequired\":true,\"valueName\":\"search_term_string\"}}],\"inLanguage\":\"pt-BR\"},{\"@type\":\"Organization\",\"@id\":\"https:\\\/\\\/vanderloubet.com.br\\\/deputado\\\/#organization\",\"name\":\"Deputado Federal Vander Loubet\",\"alternateName\":\"Deputado Vander\",\"url\":\"https:\\\/\\\/vanderloubet.com.br\\\/deputado\\\/\",\"logo\":{\"@type\":\"ImageObject\",\"inLanguage\":\"pt-BR\",\"@id\":\"https:\\\/\\\/vanderloubet.com.br\\\/deputado\\\/#\\\/schema\\\/logo\\\/image\\\/\",\"url\":\"https:\\\/\\\/vanderloubet.com.br\\\/deputado\\\/wp-content\\\/uploads\\\/2023\\\/06\\\/foto-2023-06-19-mandato-deputado-vander.jpg\",\"contentUrl\":\"https:\\\/\\\/vanderloubet.com.br\\\/deputado\\\/wp-content\\\/uploads\\\/2023\\\/06\\\/foto-2023-06-19-mandato-deputado-vander.jpg\",\"width\":1080,\"height\":1080,\"caption\":\"Deputado Federal Vander Loubet\"},\"image\":{\"@id\":\"https:\\\/\\\/vanderloubet.com.br\\\/deputado\\\/#\\\/schema\\\/logo\\\/image\\\/\"},\"sameAs\":[\"https:\\\/\\\/facebook.com\\\/deputadovander\",\"https:\\\/\\\/x.com\\\/vanderloubet\",\"https:\\\/\\\/instagram.com\\\/vanderloubet\",\"https:\\\/\\\/youtube.com\\\/vanderloubet\",\"https:\\\/\\\/tiktok.com\\\/@vanderloubetms\"]},{\"@type\":\"Person\",\"@id\":\"https:\\\/\\\/vanderloubet.com.br\\\/deputado\\\/#\\\/schema\\\/person\\\/15b51bd564532a8a68d9dec1b8eb890e\",\"name\":\"\u00c9der\",\"image\":{\"@type\":\"ImageObject\",\"inLanguage\":\"pt-BR\",\"@id\":\"https:\\\/\\\/vanderloubet.com.br\\\/deputado\\\/wp-content\\\/litespeed\\\/avatar\\\/88ca4090d9d5ab1c9495f6ca03b68efa.jpg?ver=1777058957\",\"url\":\"https:\\\/\\\/vanderloubet.com.br\\\/deputado\\\/wp-content\\\/litespeed\\\/avatar\\\/88ca4090d9d5ab1c9495f6ca03b68efa.jpg?ver=1777058957\",\"contentUrl\":\"https:\\\/\\\/vanderloubet.com.br\\\/deputado\\\/wp-content\\\/litespeed\\\/avatar\\\/88ca4090d9d5ab1c9495f6ca03b68efa.jpg?ver=1777058957\",\"caption\":\"\u00c9der\"}}]}<\/script>\n<!-- \/ Yoast SEO plugin. -->","yoast_head_json":{"title":"CCJC aprova projeto de Vander que traz transpar\u00eancia para reajuste de tarifas de servi\u00e7os p\u00fablicos","description":"Proposta do deputado passou por tr\u00eas comiss\u00f5es e precisa ainda ser aprovada pelo plen\u00e1rio da C\u00e2mara dos Deputados.","robots":{"index":"index","follow":"follow","max-snippet":"max-snippet:-1","max-image-preview":"max-image-preview:large","max-video-preview":"max-video-preview:-1"},"canonical":"https:\/\/vanderloubet.com.br\/deputado\/ccjc-aprova-projeto-de-vander-que-traz-transparencia-para-reajuste-de-tarifas-de-servicos-publicos\/","og_locale":"pt_BR","og_type":"article","og_title":"CCJC aprova projeto de Vander que traz transpar\u00eancia para reajuste de tarifas de servi\u00e7os p\u00fablicos","og_description":"Proposta do deputado passou por tr\u00eas comiss\u00f5es e precisa ainda ser aprovada pelo plen\u00e1rio da C\u00e2mara dos Deputados.","og_url":"https:\/\/vanderloubet.com.br\/deputado\/ccjc-aprova-projeto-de-vander-que-traz-transparencia-para-reajuste-de-tarifas-de-servicos-publicos\/","og_site_name":"Deputado Federal Vander Loubet","article_publisher":"https:\/\/facebook.com\/deputadovander","article_published_time":"2023-12-27T21:46:41+00:00","og_image":[{"width":1080,"height":720,"url":"https:\/\/vanderloubet.com.br\/deputado\/wp-content\/uploads\/2018\/02\/foto-2018-02-22-deputado-vander-loubet.jpg","type":"image\/jpeg"}],"author":"\u00c9der","twitter_card":"summary_large_image","twitter_creator":"@vanderloubet","twitter_site":"@vanderloubet","schema":{"@context":"https:\/\/schema.org","@graph":[{"@type":"Article","@id":"https:\/\/vanderloubet.com.br\/deputado\/ccjc-aprova-projeto-de-vander-que-traz-transparencia-para-reajuste-de-tarifas-de-servicos-publicos\/#article","isPartOf":{"@id":"https:\/\/vanderloubet.com.br\/deputado\/ccjc-aprova-projeto-de-vander-que-traz-transparencia-para-reajuste-de-tarifas-de-servicos-publicos\/"},"author":{"name":"\u00c9der","@id":"https:\/\/vanderloubet.com.br\/deputado\/#\/schema\/person\/15b51bd564532a8a68d9dec1b8eb890e"},"headline":"CCJC aprova projeto de Vander que traz transpar\u00eancia para reajuste de tarifas de servi\u00e7os p\u00fablicos","datePublished":"2023-12-27T21:46:41+00:00","mainEntityOfPage":{"@id":"https:\/\/vanderloubet.com.br\/deputado\/ccjc-aprova-projeto-de-vander-que-traz-transparencia-para-reajuste-de-tarifas-de-servicos-publicos\/"},"wordCount":397,"publisher":{"@id":"https:\/\/vanderloubet.com.br\/deputado\/#organization"},"image":{"@id":"https:\/\/vanderloubet.com.br\/deputado\/ccjc-aprova-projeto-de-vander-que-traz-transparencia-para-reajuste-de-tarifas-de-servicos-publicos\/#primaryimage"},"thumbnailUrl":"https:\/\/vanderloubet.com.br\/deputado\/wp-content\/uploads\/2018\/02\/foto-2018-02-22-deputado-vander-loubet.jpg","keywords":["direito do consumidor","projeto de lei","servi\u00e7o p\u00fablico","transpar\u00eancia"],"articleSection":["Brasil","Not\u00edcias"],"inLanguage":"pt-BR"},{"@type":"WebPage","@id":"https:\/\/vanderloubet.com.br\/deputado\/ccjc-aprova-projeto-de-vander-que-traz-transparencia-para-reajuste-de-tarifas-de-servicos-publicos\/","url":"https:\/\/vanderloubet.com.br\/deputado\/ccjc-aprova-projeto-de-vander-que-traz-transparencia-para-reajuste-de-tarifas-de-servicos-publicos\/","name":"CCJC aprova projeto de Vander que traz transpar\u00eancia para reajuste de tarifas de servi\u00e7os p\u00fablicos","isPartOf":{"@id":"https:\/\/vanderloubet.com.br\/deputado\/#website"},"primaryImageOfPage":{"@id":"https:\/\/vanderloubet.com.br\/deputado\/ccjc-aprova-projeto-de-vander-que-traz-transparencia-para-reajuste-de-tarifas-de-servicos-publicos\/#primaryimage"},"image":{"@id":"https:\/\/vanderloubet.com.br\/deputado\/ccjc-aprova-projeto-de-vander-que-traz-transparencia-para-reajuste-de-tarifas-de-servicos-publicos\/#primaryimage"},"thumbnailUrl":"https:\/\/vanderloubet.com.br\/deputado\/wp-content\/uploads\/2018\/02\/foto-2018-02-22-deputado-vander-loubet.jpg","datePublished":"2023-12-27T21:46:41+00:00","description":"Proposta do deputado passou por tr\u00eas comiss\u00f5es e precisa ainda ser aprovada pelo plen\u00e1rio da C\u00e2mara dos Deputados.","breadcrumb":{"@id":"https:\/\/vanderloubet.com.br\/deputado\/ccjc-aprova-projeto-de-vander-que-traz-transparencia-para-reajuste-de-tarifas-de-servicos-publicos\/#breadcrumb"},"inLanguage":"pt-BR","potentialAction":[{"@type":"ReadAction","target":["https:\/\/vanderloubet.com.br\/deputado\/ccjc-aprova-projeto-de-vander-que-traz-transparencia-para-reajuste-de-tarifas-de-servicos-publicos\/"]}]},{"@type":"ImageObject","inLanguage":"pt-BR","@id":"https:\/\/vanderloubet.com.br\/deputado\/ccjc-aprova-projeto-de-vander-que-traz-transparencia-para-reajuste-de-tarifas-de-servicos-publicos\/#primaryimage","url":"https:\/\/vanderloubet.com.br\/deputado\/wp-content\/uploads\/2018\/02\/foto-2018-02-22-deputado-vander-loubet.jpg","contentUrl":"https:\/\/vanderloubet.com.br\/deputado\/wp-content\/uploads\/2018\/02\/foto-2018-02-22-deputado-vander-loubet.jpg","width":1080,"height":720,"caption":"Deputado Vander Loubet (Foto: Jo\u00e3o Cirilo)"},{"@type":"BreadcrumbList","@id":"https:\/\/vanderloubet.com.br\/deputado\/ccjc-aprova-projeto-de-vander-que-traz-transparencia-para-reajuste-de-tarifas-de-servicos-publicos\/#breadcrumb","itemListElement":[{"@type":"ListItem","position":1,"name":"In\u00edcio","item":"https:\/\/vanderloubet.com.br\/deputado\/"},{"@type":"ListItem","position":2,"name":"CCJC aprova projeto de Vander que traz transpar\u00eancia para reajuste de tarifas de servi\u00e7os p\u00fablicos"}]},{"@type":"WebSite","@id":"https:\/\/vanderloubet.com.br\/deputado\/#website","url":"https:\/\/vanderloubet.com.br\/deputado\/","name":"Deputado Federal Vander Loubet","description":"O Federal de MS","publisher":{"@id":"https:\/\/vanderloubet.com.br\/deputado\/#organization"},"alternateName":"Deputado Vander","potentialAction":[{"@type":"SearchAction","target":{"@type":"EntryPoint","urlTemplate":"https:\/\/vanderloubet.com.br\/deputado\/?s={search_term_string}"},"query-input":{"@type":"PropertyValueSpecification","valueRequired":true,"valueName":"search_term_string"}}],"inLanguage":"pt-BR"},{"@type":"Organization","@id":"https:\/\/vanderloubet.com.br\/deputado\/#organization","name":"Deputado Federal Vander Loubet","alternateName":"Deputado Vander","url":"https:\/\/vanderloubet.com.br\/deputado\/","logo":{"@type":"ImageObject","inLanguage":"pt-BR","@id":"https:\/\/vanderloubet.com.br\/deputado\/#\/schema\/logo\/image\/","url":"https:\/\/vanderloubet.com.br\/deputado\/wp-content\/uploads\/2023\/06\/foto-2023-06-19-mandato-deputado-vander.jpg","contentUrl":"https:\/\/vanderloubet.com.br\/deputado\/wp-content\/uploads\/2023\/06\/foto-2023-06-19-mandato-deputado-vander.jpg","width":1080,"height":1080,"caption":"Deputado Federal Vander Loubet"},"image":{"@id":"https:\/\/vanderloubet.com.br\/deputado\/#\/schema\/logo\/image\/"},"sameAs":["https:\/\/facebook.com\/deputadovander","https:\/\/x.com\/vanderloubet","https:\/\/instagram.com\/vanderloubet","https:\/\/youtube.com\/vanderloubet","https:\/\/tiktok.com\/@vanderloubetms"]},{"@type":"Person","@id":"https:\/\/vanderloubet.com.br\/deputado\/#\/schema\/person\/15b51bd564532a8a68d9dec1b8eb890e","name":"\u00c9der","image":{"@type":"ImageObject","inLanguage":"pt-BR","@id":"https:\/\/vanderloubet.com.br\/deputado\/wp-content\/litespeed\/avatar\/88ca4090d9d5ab1c9495f6ca03b68efa.jpg?ver=1777058957","url":"https:\/\/vanderloubet.com.br\/deputado\/wp-content\/litespeed\/avatar\/88ca4090d9d5ab1c9495f6ca03b68efa.jpg?ver=1777058957","contentUrl":"https:\/\/vanderloubet.com.br\/deputado\/wp-content\/litespeed\/avatar\/88ca4090d9d5ab1c9495f6ca03b68efa.jpg?ver=1777058957","caption":"\u00c9der"}}]}},"jetpack_featured_media_url":"https:\/\/vanderloubet.com.br\/deputado\/wp-content\/uploads\/2018\/02\/foto-2018-02-22-deputado-vander-loubet.jpg","jetpack_sharing_enabled":true,"_links":{"self":[{"href":"https:\/\/vanderloubet.com.br\/deputado\/wp-json\/wp\/v2\/posts\/19379","targetHints":{"allow":["GET"]}}],"collection":[{"href":"https:\/\/vanderloubet.com.br\/deputado\/wp-json\/wp\/v2\/posts"}],"about":[{"href":"https:\/\/vanderloubet.com.br\/deputado\/wp-json\/wp\/v2\/types\/post"}],"author":[{"embeddable":true,"href":"https:\/\/vanderloubet.com.br\/deputado\/wp-json\/wp\/v2\/users\/2"}],"replies":[{"embeddable":true,"href":"https:\/\/vanderloubet.com.br\/deputado\/wp-json\/wp\/v2\/comments?post=19379"}],"version-history":[{"count":0,"href":"https:\/\/vanderloubet.com.br\/deputado\/wp-json\/wp\/v2\/posts\/19379\/revisions"}],"wp:featuredmedia":[{"embeddable":true,"href":"https:\/\/vanderloubet.com.br\/deputado\/wp-json\/wp\/v2\/media\/13659"}],"wp:attachment":[{"href":"https:\/\/vanderloubet.com.br\/deputado\/wp-json\/wp\/v2\/media?parent=19379"}],"wp:term":[{"taxonomy":"category","embeddable":true,"href":"https:\/\/vanderloubet.com.br\/deputado\/wp-json\/wp\/v2\/categories?post=19379"},{"taxonomy":"post_tag","embeddable":true,"href":"https:\/\/vanderloubet.com.br\/deputado\/wp-json\/wp\/v2\/tags?post=19379"}],"curies":[{"name":"wp","href":"https:\/\/api.w.org\/{rel}","templated":true}]}}